{"id":34781,"date":"2025-05-29T17:12:43","date_gmt":"2025-05-29T17:12:43","guid":{"rendered":"https:\/\/tabernaculoprensadedios.com\/web\/?p=34781"},"modified":"2025-05-29T17:12:43","modified_gmt":"2025-05-29T17:12:43","slug":"tiempo-de-reedificar-el-altar-de-adoracion","status":"publish","type":"post","link":"https:\/\/tabernaculoprensadedios.com\/web\/tiempo-de-reedificar-el-altar-de-adoracion\/","title":{"rendered":"Tiempo de reedificar el altar de adoraci\u00f3n"},"content":{"rendered":"<p><em><strong>David construy\u00f3 all\u00ed un altar al Se\u00f1or y ofreci\u00f3 holocaustos y sacrificios de comuni\u00f3n. \u00c9l invoc\u00f3 al Se\u00f1or, y el Se\u00f1or le respondi\u00f3 con fuego desde el cielo sobre el altar del holocausto. 1 Cr\u00f3nicas 21:26 (NVI)<\/strong><\/em><\/p>\n<p>En este tiempo crucial, el Se\u00f1or nos llama a cada uno de nosotros a un acto de restauraci\u00f3n profunda: reedificar el altar de adoraci\u00f3n en nuestras vidas. Es tiempo de reconstruir con oraci\u00f3n ferviente, rendici\u00f3n total y una b\u00fasqueda sincera de la presencia de Dios. \u00c9l anhela manifestarse a trav\u00e9s de nuestras vidas, pero necesita un altar preparado donde pueda descender con todo su poder y gloria. Esta palabra es para aquellos que han estado diciendo: \u201cSe\u00f1or, ya no puedo quedarme aqu\u00ed. Quema en m\u00ed todo lo que no se parezca a Ti. Quiero m\u00e1s de tu gloria. M\u00e1s de tu fuego. M\u00e1s de tu presencia. Consume en m\u00ed la apat\u00eda, la tibieza y el cansancio espiritual.\u00bb Que esta palabra de los esposos Aquino sea para nosotros un llamado a volver a \u00c9l con todo nuestro coraz\u00f3n, rindiendo nuestras vidas en adoraci\u00f3n y obediencia absoluta.<\/p>\n<p><strong>El Se\u00f1or dice:<br \/>\n<\/strong>\u00abEste es un tiempo en el que llamo a Mi pueblo a reedificar el altar de adoraci\u00f3n, dice el Se\u00f1or. Muchos han dejado que su altar se derrumbe, que el fuego se apague, que la intimidad conmigo se enfr\u00ede. Pero hoy te digo: vuelve a levantar tu altar. Vuelve a buscarme con pasi\u00f3n, vuelve a encender el fuego de la adoraci\u00f3n genuina.\u00bb<\/p>\n<p>\u00abAs\u00ed como El\u00edas restaur\u00f3 el altar que estaba en ruinas antes de que descendiera mi fuego, as\u00ed quiero que restaures tu tiempo conmigo, tu entrega, tu devoci\u00f3n. Sin altar no hay fuego, sin adoraci\u00f3n no hay presencia, sin entrega no hay gloria. Levanta nuevamente ese lugar sagrado en tu vida y ver\u00e1s c\u00f3mo mi fuego desciende sobre ti.\u00bb<\/p>\n<p>\u201cEntonces El\u00edas dijo a todo el pueblo: Ac\u00e9rquense a m\u00ed. Y todo el pueblo se le acerc\u00f3. Y \u00e9l arregl\u00f3 el altar del Se\u00f1or que estaba derribado\u201d <strong>(1 Reyes 18:30, NVI).<\/strong> \u00abEs tiempo de volver a M\u00ed con todo tu coraz\u00f3n, de rendir tu vida en alabanza y obediencia, de hacerme el centro de todo.\u00bb<\/p>\n<p><em>\u00abNo permitas que el altar siga en ruinas. Es tiempo de reconstruirlo con oraci\u00f3n, con entrega, con b\u00fasqueda sincera. Yo quiero manifestarme a trav\u00e9s de tu vida, pero necesito un altar donde descender. Levanta el altar, consagrado para M\u00ed, y ver\u00e1s c\u00f3mo mi gloria se derrama sobre ti, dice el Se\u00f1or.\u00bb<\/em> (Luis y Mercedes Aquino &#8211; Ministerios El\u00edas)<\/p>\n<p><strong>Hageo 1:7-9 NVI<\/strong> As\u00ed dice el Se\u00f1or de los Ej\u00e9rcitos: \u00ab\u00a1Reflexionen sobre su proceder! Vayan ustedes al monte, traigan madera y reconstruyan mi casa. Yo ver\u00e9 su reconstrucci\u00f3n con gusto, y manifestar\u00e9 mi gloria \u2014dice el Se\u00f1or. Ustedes esperan mucho, pero cosechan poco; lo que almacenan en su casa, yo lo disipo de un soplo. \u00bfPor qu\u00e9? \u00a1Porque mi casa est\u00e1 en ruinas, mientras ustedes solo se ocupan de la suya!\u00bb, afirma el Se\u00f1or de los Ej\u00e9rcitos.<\/p>\n<p>Con amor y oraciones,<\/p>\n<p>&nbsp;<\/p>\n","protected":false},"excerpt":{"rendered":"<p>David construy\u00f3 all\u00ed un altar al Se\u00f1or y ofreci\u00f3 holocaustos y sacrificios de comuni\u00f3n. \u00c9l invoc\u00f3 al Se\u00f1or, y el Se\u00f1or le respondi\u00f3 con fuego desde el cielo sobre el altar del holocausto. 1 Cr\u00f3nicas 21:26 (NVI) En este tiempo crucial, el Se\u00f1or nos llama a cada uno de nosotros a un acto de restauraci\u00f3n &hellip;<\/p>\n","protected":false},"author":1,"featured_media":34782,"comment_status":"open","ping_status":"open","sticky":false,"template":"","format":"standard","meta":{"footnotes":""},"categories":[34],"tags":[],"class_list":["post-34781","post","type-post","status-publish","format-standard","has-post-thumbnail","hentry","category-articulos"],"yoast_head":"<!-- This site is optimized with the Yoast SEO Premium plugin v24.2 (Yoast SEO v27.1.1) - https:\/\/yoast.com\/product\/yoast-seo-premium-wordpress\/ -->\n<title>Tiempo de reedificar el altar de adoraci\u00f3n - Tabernaculo Prensa de Dios<\/title>\n<meta name=\"robots\" content=\"index, follow, max-snippet:-1, max-image-preview:large, max-video-preview:-1\" \/>\n<link rel=\"canonical\" href=\"https:\/\/tabernaculoprensadedios.com\/web\/tiempo-de-reedificar-el-altar-de-adoracion\/\" class=\"yoast-seo-meta-tag\" \/>\n<meta property=\"og:locale\" content=\"es_ES\" class=\"yoast-seo-meta-tag\" \/>\n<meta property=\"og:type\" content=\"article\" class=\"yoast-seo-meta-tag\" \/>\n<meta property=\"og:title\" content=\"Tiempo de reedificar el altar de adoraci\u00f3n\" class=\"yoast-seo-meta-tag\" \/>\n<meta property=\"og:description\" content=\"David construy\u00f3 all\u00ed un altar al Se\u00f1or y ofreci\u00f3 holocaustos y sacrificios de comuni\u00f3n. \u00c9l invoc\u00f3 al Se\u00f1or, y el Se\u00f1or le respondi\u00f3 con fuego desde el cielo sobre el altar del holocausto. 1 Cr\u00f3nicas 21:26 (NVI) En este tiempo crucial, el Se\u00f1or nos llama a cada uno de nosotros a un acto de restauraci\u00f3n &hellip;\" class=\"yoast-seo-meta-tag\" \/>\n<meta property=\"og:url\" content=\"https:\/\/tabernaculoprensadedios.com\/web\/tiempo-de-reedificar-el-altar-de-adoracion\/\" class=\"yoast-seo-meta-tag\" \/>\n<meta property=\"og:site_name\" content=\"Tabernaculo Prensa de Dios\" class=\"yoast-seo-meta-tag\" \/>\n<meta property=\"article:published_time\" content=\"2025-05-29T17:12:43+00:00\" class=\"yoast-seo-meta-tag\" \/>\n<meta property=\"og:image\" content=\"https:\/\/tabernaculoprensadedios.com\/web\/wp-content\/uploads\/2025\/05\/p7rctafl2bg.avif\" class=\"yoast-seo-meta-tag\" \/>\n\t<meta property=\"og:image:width\" content=\"1600\" class=\"yoast-seo-meta-tag\" \/>\n\t<meta property=\"og:image:height\" content=\"1067\" class=\"yoast-seo-meta-tag\" \/>\n\t<meta property=\"og:image:type\" content=\"image\/jpeg\" class=\"yoast-seo-meta-tag\" \/>\n<meta name=\"author\" content=\"tabernaculo\" class=\"yoast-seo-meta-tag\" \/>\n<meta name=\"twitter:card\" content=\"summary_large_image\" class=\"yoast-seo-meta-tag\" \/>\n<meta name=\"twitter:creator\" content=\"@PrensadeDios\" class=\"yoast-seo-meta-tag\" \/>\n<meta name=\"twitter:site\" content=\"@PrensadeDios\" class=\"yoast-seo-meta-tag\" \/>\n<meta name=\"twitter:label1\" content=\"Escrito por\" class=\"yoast-seo-meta-tag\" \/>\n\t<meta name=\"twitter:data1\" content=\"tabernaculo\" class=\"yoast-seo-meta-tag\" \/>\n\t<meta name=\"twitter:label2\" content=\"Tiempo de lectura\" class=\"yoast-seo-meta-tag\" \/>\n\t<meta name=\"twitter:data2\" content=\"3 minutos\" class=\"yoast-seo-meta-tag\" \/>\n<script type=\"application\/ld+json\" class=\"yoast-schema-graph\">{\"@context\":\"https:\/\/schema.org\",\"@graph\":[{\"@type\":\"Article\",\"@id\":\"https:\/\/tabernaculoprensadedios.com\/web\/tiempo-de-reedificar-el-altar-de-adoracion\/#article\",\"isPartOf\":{\"@id\":\"https:\/\/tabernaculoprensadedios.com\/web\/tiempo-de-reedificar-el-altar-de-adoracion\/\"},\"author\":{\"name\":\"tabernaculo\",\"@id\":\"https:\/\/tabernaculoprensadedios.com\/web\/#\/schema\/person\/bc0e069fef56b38e177db6f098ae0b6e\"},\"headline\":\"Tiempo de reedificar el altar de adoraci\u00f3n\",\"datePublished\":\"2025-05-29T17:12:43+00:00\",\"mainEntityOfPage\":{\"@id\":\"https:\/\/tabernaculoprensadedios.com\/web\/tiempo-de-reedificar-el-altar-de-adoracion\/\"},\"wordCount\":551,\"commentCount\":0,\"publisher\":{\"@id\":\"https:\/\/tabernaculoprensadedios.com\/web\/#\/schema\/person\/bc0e069fef56b38e177db6f098ae0b6e\"},\"image\":{\"@id\":\"https:\/\/tabernaculoprensadedios.com\/web\/tiempo-de-reedificar-el-altar-de-adoracion\/#primaryimage\"},\"thumbnailUrl\":\"https:\/\/tabernaculoprensadedios.com\/web\/wp-content\/uploads\/2025\/05\/p7rctafl2bg.avif\",\"articleSection\":[\"Articulos\"],\"inLanguage\":\"es\",\"potentialAction\":[{\"@type\":\"CommentAction\",\"name\":\"Comment\",\"target\":[\"https:\/\/tabernaculoprensadedios.com\/web\/tiempo-de-reedificar-el-altar-de-adoracion\/#respond\"]}]},{\"@type\":\"WebPage\",\"@id\":\"https:\/\/tabernaculoprensadedios.com\/web\/tiempo-de-reedificar-el-altar-de-adoracion\/\",\"url\":\"https:\/\/tabernaculoprensadedios.com\/web\/tiempo-de-reedificar-el-altar-de-adoracion\/\",\"name\":\"Tiempo de reedificar el altar de adoraci\u00f3n - Tabernaculo Prensa de Dios\",\"isPartOf\":{\"@id\":\"https:\/\/tabernaculoprensadedios.com\/web\/#website\"},\"primaryImageOfPage\":{\"@id\":\"https:\/\/tabernaculoprensadedios.com\/web\/tiempo-de-reedificar-el-altar-de-adoracion\/#primaryimage\"},\"image\":{\"@id\":\"https:\/\/tabernaculoprensadedios.com\/web\/tiempo-de-reedificar-el-altar-de-adoracion\/#primaryimage\"},\"thumbnailUrl\":\"https:\/\/tabernaculoprensadedios.com\/web\/wp-content\/uploads\/2025\/05\/p7rctafl2bg.avif\",\"datePublished\":\"2025-05-29T17:12:43+00:00\",\"breadcrumb\":{\"@id\":\"https:\/\/tabernaculoprensadedios.com\/web\/tiempo-de-reedificar-el-altar-de-adoracion\/#breadcrumb\"},\"inLanguage\":\"es\",\"potentialAction\":[{\"@type\":\"ReadAction\",\"target\":[\"https:\/\/tabernaculoprensadedios.com\/web\/tiempo-de-reedificar-el-altar-de-adoracion\/\"]}]},{\"@type\":\"ImageObject\",\"inLanguage\":\"es\",\"@id\":\"https:\/\/tabernaculoprensadedios.com\/web\/tiempo-de-reedificar-el-altar-de-adoracion\/#primaryimage\",\"url\":\"https:\/\/tabernaculoprensadedios.com\/web\/wp-content\/uploads\/2025\/05\/p7rctafl2bg.avif\",\"contentUrl\":\"https:\/\/tabernaculoprensadedios.com\/web\/wp-content\/uploads\/2025\/05\/p7rctafl2bg.avif\",\"width\":1600,\"height\":1067,\"caption\":\"white building beside tower during sunset\"},{\"@type\":\"BreadcrumbList\",\"@id\":\"https:\/\/tabernaculoprensadedios.com\/web\/tiempo-de-reedificar-el-altar-de-adoracion\/#breadcrumb\",\"itemListElement\":[{\"@type\":\"ListItem\",\"position\":1,\"name\":\"Portada\",\"item\":\"https:\/\/tabernaculoprensadedios.com\/web\/\"},{\"@type\":\"ListItem\",\"position\":2,\"name\":\"Tiempo de reedificar el altar de adoraci\u00f3n\"}]},{\"@type\":\"WebSite\",\"@id\":\"https:\/\/tabernaculoprensadedios.com\/web\/#website\",\"url\":\"https:\/\/tabernaculoprensadedios.com\/web\/\",\"name\":\"Tabernaculo Prensa de Dios\",\"description\":\"Un medio a la manera de Dios\",\"publisher\":{\"@id\":\"https:\/\/tabernaculoprensadedios.com\/web\/#\/schema\/person\/bc0e069fef56b38e177db6f098ae0b6e\"},\"potentialAction\":[{\"@type\":\"SearchAction\",\"target\":{\"@type\":\"EntryPoint\",\"urlTemplate\":\"https:\/\/tabernaculoprensadedios.com\/web\/?s={search_term_string}\"},\"query-input\":{\"@type\":\"PropertyValueSpecification\",\"valueRequired\":true,\"valueName\":\"search_term_string\"}}],\"inLanguage\":\"es\"},{\"@type\":[\"Person\",\"Organization\"],\"@id\":\"https:\/\/tabernaculoprensadedios.com\/web\/#\/schema\/person\/bc0e069fef56b38e177db6f098ae0b6e\",\"name\":\"tabernaculo\",\"image\":{\"@type\":\"ImageObject\",\"inLanguage\":\"es\",\"@id\":\"https:\/\/tabernaculoprensadedios.com\/web\/#\/schema\/person\/image\/\",\"url\":\"https:\/\/tabernaculoprensadedios.com\/web\/wp-content\/uploads\/2015\/06\/login-logo1.png\",\"contentUrl\":\"https:\/\/tabernaculoprensadedios.com\/web\/wp-content\/uploads\/2015\/06\/login-logo1.png\",\"width\":300,\"height\":118,\"caption\":\"tabernaculo\"},\"logo\":{\"@id\":\"https:\/\/tabernaculoprensadedios.com\/web\/#\/schema\/person\/image\/\"},\"url\":\"https:\/\/tabernaculoprensadedios.com\/web\/author\/tabernaculo\/\"}]}<\/script>\n<!-- \/ Yoast SEO Premium plugin. -->","yoast_head_json":{"title":"Tiempo de reedificar el altar de adoraci\u00f3n - Tabernaculo Prensa de Dios","robots":{"index":"index","follow":"follow","max-snippet":"max-snippet:-1","max-image-preview":"max-image-preview:large","max-video-preview":"max-video-preview:-1"},"canonical":"https:\/\/tabernaculoprensadedios.com\/web\/tiempo-de-reedificar-el-altar-de-adoracion\/","og_locale":"es_ES","og_type":"article","og_title":"Tiempo de reedificar el altar de adoraci\u00f3n","og_description":"David construy\u00f3 all\u00ed un altar al Se\u00f1or y ofreci\u00f3 holocaustos y sacrificios de comuni\u00f3n. \u00c9l invoc\u00f3 al Se\u00f1or, y el Se\u00f1or le respondi\u00f3 con fuego desde el cielo sobre el altar del holocausto. 1 Cr\u00f3nicas 21:26 (NVI) En este tiempo crucial, el Se\u00f1or nos llama a cada uno de nosotros a un acto de restauraci\u00f3n &hellip;","og_url":"https:\/\/tabernaculoprensadedios.com\/web\/tiempo-de-reedificar-el-altar-de-adoracion\/","og_site_name":"Tabernaculo Prensa de Dios","article_published_time":"2025-05-29T17:12:43+00:00","og_image":[{"width":1600,"height":1067,"url":"https:\/\/tabernaculoprensadedios.com\/web\/wp-content\/uploads\/2025\/05\/p7rctafl2bg.avif","type":"image\/jpeg"}],"author":"tabernaculo","twitter_card":"summary_large_image","twitter_creator":"@PrensadeDios","twitter_site":"@PrensadeDios","twitter_misc":{"Escrito por":"tabernaculo","Tiempo de lectura":"3 minutos"},"schema":{"@context":"https:\/\/schema.org","@graph":[{"@type":"Article","@id":"https:\/\/tabernaculoprensadedios.com\/web\/tiempo-de-reedificar-el-altar-de-adoracion\/#article","isPartOf":{"@id":"https:\/\/tabernaculoprensadedios.com\/web\/tiempo-de-reedificar-el-altar-de-adoracion\/"},"author":{"name":"tabernaculo","@id":"https:\/\/tabernaculoprensadedios.com\/web\/#\/schema\/person\/bc0e069fef56b38e177db6f098ae0b6e"},"headline":"Tiempo de reedificar el altar de adoraci\u00f3n","datePublished":"2025-05-29T17:12:43+00:00","mainEntityOfPage":{"@id":"https:\/\/tabernaculoprensadedios.com\/web\/tiempo-de-reedificar-el-altar-de-adoracion\/"},"wordCount":551,"commentCount":0,"publisher":{"@id":"https:\/\/tabernaculoprensadedios.com\/web\/#\/schema\/person\/bc0e069fef56b38e177db6f098ae0b6e"},"image":{"@id":"https:\/\/tabernaculoprensadedios.com\/web\/tiempo-de-reedificar-el-altar-de-adoracion\/#primaryimage"},"thumbnailUrl":"https:\/\/tabernaculoprensadedios.com\/web\/wp-content\/uploads\/2025\/05\/p7rctafl2bg.avif","articleSection":["Articulos"],"inLanguage":"es","potentialAction":[{"@type":"CommentAction","name":"Comment","target":["https:\/\/tabernaculoprensadedios.com\/web\/tiempo-de-reedificar-el-altar-de-adoracion\/#respond"]}]},{"@type":"WebPage","@id":"https:\/\/tabernaculoprensadedios.com\/web\/tiempo-de-reedificar-el-altar-de-adoracion\/","url":"https:\/\/tabernaculoprensadedios.com\/web\/tiempo-de-reedificar-el-altar-de-adoracion\/","name":"Tiempo de reedificar el altar de adoraci\u00f3n - Tabernaculo Prensa de Dios","isPartOf":{"@id":"https:\/\/tabernaculoprensadedios.com\/web\/#website"},"primaryImageOfPage":{"@id":"https:\/\/tabernaculoprensadedios.com\/web\/tiempo-de-reedificar-el-altar-de-adoracion\/#primaryimage"},"image":{"@id":"https:\/\/tabernaculoprensadedios.com\/web\/tiempo-de-reedificar-el-altar-de-adoracion\/#primaryimage"},"thumbnailUrl":"https:\/\/tabernaculoprensadedios.com\/web\/wp-content\/uploads\/2025\/05\/p7rctafl2bg.avif","datePublished":"2025-05-29T17:12:43+00:00","breadcrumb":{"@id":"https:\/\/tabernaculoprensadedios.com\/web\/tiempo-de-reedificar-el-altar-de-adoracion\/#breadcrumb"},"inLanguage":"es","potentialAction":[{"@type":"ReadAction","target":["https:\/\/tabernaculoprensadedios.com\/web\/tiempo-de-reedificar-el-altar-de-adoracion\/"]}]},{"@type":"ImageObject","inLanguage":"es","@id":"https:\/\/tabernaculoprensadedios.com\/web\/tiempo-de-reedificar-el-altar-de-adoracion\/#primaryimage","url":"https:\/\/tabernaculoprensadedios.com\/web\/wp-content\/uploads\/2025\/05\/p7rctafl2bg.avif","contentUrl":"https:\/\/tabernaculoprensadedios.com\/web\/wp-content\/uploads\/2025\/05\/p7rctafl2bg.avif","width":1600,"height":1067,"caption":"white building beside tower during sunset"},{"@type":"BreadcrumbList","@id":"https:\/\/tabernaculoprensadedios.com\/web\/tiempo-de-reedificar-el-altar-de-adoracion\/#breadcrumb","itemListElement":[{"@type":"ListItem","position":1,"name":"Portada","item":"https:\/\/tabernaculoprensadedios.com\/web\/"},{"@type":"ListItem","position":2,"name":"Tiempo de reedificar el altar de adoraci\u00f3n"}]},{"@type":"WebSite","@id":"https:\/\/tabernaculoprensadedios.com\/web\/#website","url":"https:\/\/tabernaculoprensadedios.com\/web\/","name":"Tabernaculo Prensa de Dios","description":"Un medio a la manera de Dios","publisher":{"@id":"https:\/\/tabernaculoprensadedios.com\/web\/#\/schema\/person\/bc0e069fef56b38e177db6f098ae0b6e"},"potentialAction":[{"@type":"SearchAction","target":{"@type":"EntryPoint","urlTemplate":"https:\/\/tabernaculoprensadedios.com\/web\/?s={search_term_string}"},"query-input":{"@type":"PropertyValueSpecification","valueRequired":true,"valueName":"search_term_string"}}],"inLanguage":"es"},{"@type":["Person","Organization"],"@id":"https:\/\/tabernaculoprensadedios.com\/web\/#\/schema\/person\/bc0e069fef56b38e177db6f098ae0b6e","name":"tabernaculo","image":{"@type":"ImageObject","inLanguage":"es","@id":"https:\/\/tabernaculoprensadedios.com\/web\/#\/schema\/person\/image\/","url":"https:\/\/tabernaculoprensadedios.com\/web\/wp-content\/uploads\/2015\/06\/login-logo1.png","contentUrl":"https:\/\/tabernaculoprensadedios.com\/web\/wp-content\/uploads\/2015\/06\/login-logo1.png","width":300,"height":118,"caption":"tabernaculo"},"logo":{"@id":"https:\/\/tabernaculoprensadedios.com\/web\/#\/schema\/person\/image\/"},"url":"https:\/\/tabernaculoprensadedios.com\/web\/author\/tabernaculo\/"}]}},"_links":{"self":[{"href":"https:\/\/tabernaculoprensadedios.com\/web\/wp-json\/wp\/v2\/posts\/34781","targetHints":{"allow":["GET"]}}],"collection":[{"href":"https:\/\/tabernaculoprensadedios.com\/web\/wp-json\/wp\/v2\/posts"}],"about":[{"href":"https:\/\/tabernaculoprensadedios.com\/web\/wp-json\/wp\/v2\/types\/post"}],"author":[{"embeddable":true,"href":"https:\/\/tabernaculoprensadedios.com\/web\/wp-json\/wp\/v2\/users\/1"}],"replies":[{"embeddable":true,"href":"https:\/\/tabernaculoprensadedios.com\/web\/wp-json\/wp\/v2\/comments?post=34781"}],"version-history":[{"count":1,"href":"https:\/\/tabernaculoprensadedios.com\/web\/wp-json\/wp\/v2\/posts\/34781\/revisions"}],"predecessor-version":[{"id":34783,"href":"https:\/\/tabernaculoprensadedios.com\/web\/wp-json\/wp\/v2\/posts\/34781\/revisions\/34783"}],"wp:featuredmedia":[{"embeddable":true,"href":"https:\/\/tabernaculoprensadedios.com\/web\/wp-json\/wp\/v2\/media\/34782"}],"wp:attachment":[{"href":"https:\/\/tabernaculoprensadedios.com\/web\/wp-json\/wp\/v2\/media?parent=34781"}],"wp:term":[{"taxonomy":"category","embeddable":true,"href":"https:\/\/tabernaculoprensadedios.com\/web\/wp-json\/wp\/v2\/categories?post=34781"},{"taxonomy":"post_tag","embeddable":true,"href":"https:\/\/tabernaculoprensadedios.com\/web\/wp-json\/wp\/v2\/tags?post=34781"}],"curies":[{"name":"wp","href":"https:\/\/api.w.org\/{rel}","templated":true}]}}