{"id":34772,"date":"2025-05-29T16:24:44","date_gmt":"2025-05-29T16:24:44","guid":{"rendered":"https:\/\/tabernaculoprensadedios.com\/web\/?p=34772"},"modified":"2025-05-29T16:43:27","modified_gmt":"2025-05-29T16:43:27","slug":"orar-sin-cesar-una-llamada-a-la-perseverancia","status":"publish","type":"post","link":"https:\/\/tabernaculoprensadedios.com\/web\/orar-sin-cesar-una-llamada-a-la-perseverancia\/","title":{"rendered":"Orar sin Cesar. Una Llamada a la Perseverancia"},"content":{"rendered":"<p>La oraci\u00f3n no es una tarea opcional en la vida cristiana, es el ox\u00edgeno del alma. <strong>A trav\u00e9s de ella nos conectamos con el Padre, encontramos direcci\u00f3n, descanso, fuerza y victoria espiritual.<\/strong> Sin embargo, la Palabra no solo nos invita a orar, sino a perseverar en la oraci\u00f3n. (Efesios 6-18)<\/p>\n<p><strong>En Colosenses 4-2,<\/strong> se nos exhorta a orar con acci\u00f3n de gracias, una actitud que transforma incluso los momentos m\u00e1s oscuros en altares de fe. Aun cuando la respuesta parezca tardar, nuestro coraz\u00f3n puede mantenerse firme en gratitud por lo que Dios ya ha hecho y por lo que har\u00e1.<\/p>\n<p><strong>Pablo, en Romanos 12-12,<\/strong> nos recuerda que debemos gozarnos en la esperanza, incluso en medio del sufrimiento, sin dejar de estar dedicados a la oraci\u00f3n. Esto no es simplemente orar cuando todo est\u00e1 bien, sino orar con m\u00e1s fervor cuando todo parece desmoronarse.<\/p>\n<p><strong>Jes\u00fas mismo, en Lucas 18-1,<\/strong> anim\u00f3 a sus disc\u00edpulos a orar en todo tiempo y sin desfallecer. \u00c9l sab\u00eda cu\u00e1n f\u00e1cil es cansarse, distraerse o perder la fe en medio de la espera. Por eso nos dej\u00f3 historias como la de la viuda persistente, que no se rindi\u00f3 hasta obtener justicia.<\/p>\n<p><strong>Finalmente, en Efesios 6-18,<\/strong> Pablo vincula la oraci\u00f3n con la batalla espiritual. No se trata de oraciones repetitivas o autom\u00e1ticas, sino de una comunicaci\u00f3n viva, en el Esp\u00edritu, que nos mantiene alertas, firmes, e intercediendo por los dem\u00e1s.<\/p>\n<p><strong>\u00bfTe sientes cansado en tu vida de oraci\u00f3n?<\/strong> \u00bfHa disminuido tu fervor por los desaf\u00edos del d\u00eda a d\u00eda? Hoy el Esp\u00edritu Santo te recuerda que no est\u00e1s solo. \u00c9l te ayuda a orar, aun cuando las palabras faltan. Sigue orando. Vela. Persevera. Y hazlo con gratitud. Porque en la perseverancia nace la victoria, y en la oraci\u00f3n se forma la comuni\u00f3n con el coraz\u00f3n de Dios.<\/p>\n\n\t\t<div class=\"clearfix\"><\/div>\n\t\t<div class=\"about-author about-author-box container-wrapper\">\n\t\t\t<div class=\"author-avatar\">\n\t\t\t\t<img loading=\"lazy\" decoding=\"async\" src=\"https:\/\/tabernaculoprensadedios.com\/web\/wp-content\/uploads\/2023\/06\/country-3880741_1280.jpg\" alt=\"Margarita Garc\u00eda\" class=\"author-avatar-img\" width=\"111\" height=\"111\" \/>\n\t\t\t<\/div>\n\t\t\t<div class=\"author-info\">\n\t\t\t\t<h4>Margarita Garc\u00eda<\/h4>Directora del Tabern\u00e1culo Prensa de Dios\n\t\t\t<\/div>\n\t\t<\/div>\n\t\n","protected":false},"excerpt":{"rendered":"<p>La oraci\u00f3n no es una tarea opcional en la vida cristiana, es el ox\u00edgeno del alma. A trav\u00e9s de ella nos conectamos con el Padre, encontramos direcci\u00f3n, descanso, fuerza y victoria espiritual. Sin embargo, la Palabra no solo nos invita a orar, sino a perseverar en la oraci\u00f3n. (Efesios 6-18) En Colosenses 4-2, se nos &hellip;<\/p>\n","protected":false},"author":1,"featured_media":28361,"comment_status":"open","ping_status":"open","sticky":false,"template":"","format":"standard","meta":{"footnotes":""},"categories":[790],"tags":[],"class_list":["post-34772","post","type-post","status-publish","format-standard","has-post-thumbnail","hentry","category-voz-del-tabernaculo"],"yoast_head":"<!-- This site is optimized with the Yoast SEO Premium plugin v24.2 (Yoast SEO v27.1.1) - https:\/\/yoast.com\/product\/yoast-seo-premium-wordpress\/ -->\n<title>Orar sin Cesar. Una Llamada a la Perseverancia - Tabernaculo Prensa de Dios<\/title>\n<meta name=\"robots\" content=\"index, follow, max-snippet:-1, max-image-preview:large, max-video-preview:-1\" \/>\n<link rel=\"canonical\" href=\"https:\/\/tabernaculoprensadedios.com\/web\/orar-sin-cesar-una-llamada-a-la-perseverancia\/\" class=\"yoast-seo-meta-tag\" \/>\n<meta property=\"og:locale\" content=\"es_ES\" class=\"yoast-seo-meta-tag\" \/>\n<meta property=\"og:type\" content=\"article\" class=\"yoast-seo-meta-tag\" \/>\n<meta property=\"og:title\" content=\"Orar sin Cesar. Una Llamada a la Perseverancia\" class=\"yoast-seo-meta-tag\" \/>\n<meta property=\"og:description\" content=\"La oraci\u00f3n no es una tarea opcional en la vida cristiana, es el ox\u00edgeno del alma. A trav\u00e9s de ella nos conectamos con el Padre, encontramos direcci\u00f3n, descanso, fuerza y victoria espiritual. Sin embargo, la Palabra no solo nos invita a orar, sino a perseverar en la oraci\u00f3n. (Efesios 6-18) En Colosenses 4-2, se nos &hellip;\" class=\"yoast-seo-meta-tag\" \/>\n<meta property=\"og:url\" content=\"https:\/\/tabernaculoprensadedios.com\/web\/orar-sin-cesar-una-llamada-a-la-perseverancia\/\" class=\"yoast-seo-meta-tag\" \/>\n<meta property=\"og:site_name\" content=\"Tabernaculo Prensa de Dios\" class=\"yoast-seo-meta-tag\" \/>\n<meta property=\"article:published_time\" content=\"2025-05-29T16:24:44+00:00\" class=\"yoast-seo-meta-tag\" \/>\n<meta property=\"article:modified_time\" content=\"2025-05-29T16:43:27+00:00\" class=\"yoast-seo-meta-tag\" \/>\n<meta property=\"og:image\" content=\"https:\/\/tabernaculoprensadedios.com\/web\/wp-content\/uploads\/2023\/06\/country-3880741_1280.jpg\" class=\"yoast-seo-meta-tag\" \/>\n\t<meta property=\"og:image:width\" content=\"1280\" class=\"yoast-seo-meta-tag\" \/>\n\t<meta property=\"og:image:height\" content=\"853\" class=\"yoast-seo-meta-tag\" \/>\n\t<meta property=\"og:image:type\" content=\"image\/jpeg\" class=\"yoast-seo-meta-tag\" \/>\n<meta name=\"author\" content=\"tabernaculo\" class=\"yoast-seo-meta-tag\" \/>\n<meta name=\"twitter:card\" content=\"summary_large_image\" class=\"yoast-seo-meta-tag\" \/>\n<meta name=\"twitter:creator\" content=\"@PrensadeDios\" class=\"yoast-seo-meta-tag\" \/>\n<meta name=\"twitter:site\" content=\"@PrensadeDios\" class=\"yoast-seo-meta-tag\" \/>\n<meta name=\"twitter:label1\" content=\"Escrito por\" class=\"yoast-seo-meta-tag\" \/>\n\t<meta name=\"twitter:data1\" content=\"tabernaculo\" class=\"yoast-seo-meta-tag\" \/>\n\t<meta name=\"twitter:label2\" content=\"Tiempo de lectura\" class=\"yoast-seo-meta-tag\" \/>\n\t<meta name=\"twitter:data2\" content=\"2 minutos\" class=\"yoast-seo-meta-tag\" \/>\n<script type=\"application\/ld+json\" class=\"yoast-schema-graph\">{\"@context\":\"https:\/\/schema.org\",\"@graph\":[{\"@type\":\"Article\",\"@id\":\"https:\/\/tabernaculoprensadedios.com\/web\/orar-sin-cesar-una-llamada-a-la-perseverancia\/#article\",\"isPartOf\":{\"@id\":\"https:\/\/tabernaculoprensadedios.com\/web\/orar-sin-cesar-una-llamada-a-la-perseverancia\/\"},\"author\":{\"name\":\"tabernaculo\",\"@id\":\"https:\/\/tabernaculoprensadedios.com\/web\/#\/schema\/person\/bc0e069fef56b38e177db6f098ae0b6e\"},\"headline\":\"Orar sin Cesar. Una Llamada a la Perseverancia\",\"datePublished\":\"2025-05-29T16:24:44+00:00\",\"dateModified\":\"2025-05-29T16:43:27+00:00\",\"mainEntityOfPage\":{\"@id\":\"https:\/\/tabernaculoprensadedios.com\/web\/orar-sin-cesar-una-llamada-a-la-perseverancia\/\"},\"wordCount\":358,\"commentCount\":0,\"publisher\":{\"@id\":\"https:\/\/tabernaculoprensadedios.com\/web\/#\/schema\/person\/bc0e069fef56b38e177db6f098ae0b6e\"},\"image\":{\"@id\":\"https:\/\/tabernaculoprensadedios.com\/web\/orar-sin-cesar-una-llamada-a-la-perseverancia\/#primaryimage\"},\"thumbnailUrl\":\"https:\/\/tabernaculoprensadedios.com\/web\/wp-content\/uploads\/2023\/06\/country-3880741_1280.jpg\",\"articleSection\":[\"Voz del Tabern\u00e1culo\"],\"inLanguage\":\"es\",\"potentialAction\":[{\"@type\":\"CommentAction\",\"name\":\"Comment\",\"target\":[\"https:\/\/tabernaculoprensadedios.com\/web\/orar-sin-cesar-una-llamada-a-la-perseverancia\/#respond\"]}]},{\"@type\":\"WebPage\",\"@id\":\"https:\/\/tabernaculoprensadedios.com\/web\/orar-sin-cesar-una-llamada-a-la-perseverancia\/\",\"url\":\"https:\/\/tabernaculoprensadedios.com\/web\/orar-sin-cesar-una-llamada-a-la-perseverancia\/\",\"name\":\"Orar sin Cesar. Una Llamada a la Perseverancia - Tabernaculo Prensa de Dios\",\"isPartOf\":{\"@id\":\"https:\/\/tabernaculoprensadedios.com\/web\/#website\"},\"primaryImageOfPage\":{\"@id\":\"https:\/\/tabernaculoprensadedios.com\/web\/orar-sin-cesar-una-llamada-a-la-perseverancia\/#primaryimage\"},\"image\":{\"@id\":\"https:\/\/tabernaculoprensadedios.com\/web\/orar-sin-cesar-una-llamada-a-la-perseverancia\/#primaryimage\"},\"thumbnailUrl\":\"https:\/\/tabernaculoprensadedios.com\/web\/wp-content\/uploads\/2023\/06\/country-3880741_1280.jpg\",\"datePublished\":\"2025-05-29T16:24:44+00:00\",\"dateModified\":\"2025-05-29T16:43:27+00:00\",\"breadcrumb\":{\"@id\":\"https:\/\/tabernaculoprensadedios.com\/web\/orar-sin-cesar-una-llamada-a-la-perseverancia\/#breadcrumb\"},\"inLanguage\":\"es\",\"potentialAction\":[{\"@type\":\"ReadAction\",\"target\":[\"https:\/\/tabernaculoprensadedios.com\/web\/orar-sin-cesar-una-llamada-a-la-perseverancia\/\"]}]},{\"@type\":\"ImageObject\",\"inLanguage\":\"es\",\"@id\":\"https:\/\/tabernaculoprensadedios.com\/web\/orar-sin-cesar-una-llamada-a-la-perseverancia\/#primaryimage\",\"url\":\"https:\/\/tabernaculoprensadedios.com\/web\/wp-content\/uploads\/2023\/06\/country-3880741_1280.jpg\",\"contentUrl\":\"https:\/\/tabernaculoprensadedios.com\/web\/wp-content\/uploads\/2023\/06\/country-3880741_1280.jpg\",\"width\":1280,\"height\":853},{\"@type\":\"BreadcrumbList\",\"@id\":\"https:\/\/tabernaculoprensadedios.com\/web\/orar-sin-cesar-una-llamada-a-la-perseverancia\/#breadcrumb\",\"itemListElement\":[{\"@type\":\"ListItem\",\"position\":1,\"name\":\"Portada\",\"item\":\"https:\/\/tabernaculoprensadedios.com\/web\/\"},{\"@type\":\"ListItem\",\"position\":2,\"name\":\"Orar sin Cesar. Una Llamada a la Perseverancia\"}]},{\"@type\":\"WebSite\",\"@id\":\"https:\/\/tabernaculoprensadedios.com\/web\/#website\",\"url\":\"https:\/\/tabernaculoprensadedios.com\/web\/\",\"name\":\"Tabernaculo Prensa de Dios\",\"description\":\"Un medio a la manera de Dios\",\"publisher\":{\"@id\":\"https:\/\/tabernaculoprensadedios.com\/web\/#\/schema\/person\/bc0e069fef56b38e177db6f098ae0b6e\"},\"potentialAction\":[{\"@type\":\"SearchAction\",\"target\":{\"@type\":\"EntryPoint\",\"urlTemplate\":\"https:\/\/tabernaculoprensadedios.com\/web\/?s={search_term_string}\"},\"query-input\":{\"@type\":\"PropertyValueSpecification\",\"valueRequired\":true,\"valueName\":\"search_term_string\"}}],\"inLanguage\":\"es\"},{\"@type\":[\"Person\",\"Organization\"],\"@id\":\"https:\/\/tabernaculoprensadedios.com\/web\/#\/schema\/person\/bc0e069fef56b38e177db6f098ae0b6e\",\"name\":\"tabernaculo\",\"image\":{\"@type\":\"ImageObject\",\"inLanguage\":\"es\",\"@id\":\"https:\/\/tabernaculoprensadedios.com\/web\/#\/schema\/person\/image\/\",\"url\":\"https:\/\/tabernaculoprensadedios.com\/web\/wp-content\/uploads\/2015\/06\/login-logo1.png\",\"contentUrl\":\"https:\/\/tabernaculoprensadedios.com\/web\/wp-content\/uploads\/2015\/06\/login-logo1.png\",\"width\":300,\"height\":118,\"caption\":\"tabernaculo\"},\"logo\":{\"@id\":\"https:\/\/tabernaculoprensadedios.com\/web\/#\/schema\/person\/image\/\"},\"url\":\"https:\/\/tabernaculoprensadedios.com\/web\/author\/tabernaculo\/\"}]}<\/script>\n<!-- \/ Yoast SEO Premium plugin. -->","yoast_head_json":{"title":"Orar sin Cesar. Una Llamada a la Perseverancia - Tabernaculo Prensa de Dios","robots":{"index":"index","follow":"follow","max-snippet":"max-snippet:-1","max-image-preview":"max-image-preview:large","max-video-preview":"max-video-preview:-1"},"canonical":"https:\/\/tabernaculoprensadedios.com\/web\/orar-sin-cesar-una-llamada-a-la-perseverancia\/","og_locale":"es_ES","og_type":"article","og_title":"Orar sin Cesar. Una Llamada a la Perseverancia","og_description":"La oraci\u00f3n no es una tarea opcional en la vida cristiana, es el ox\u00edgeno del alma. A trav\u00e9s de ella nos conectamos con el Padre, encontramos direcci\u00f3n, descanso, fuerza y victoria espiritual. Sin embargo, la Palabra no solo nos invita a orar, sino a perseverar en la oraci\u00f3n. (Efesios 6-18) En Colosenses 4-2, se nos &hellip;","og_url":"https:\/\/tabernaculoprensadedios.com\/web\/orar-sin-cesar-una-llamada-a-la-perseverancia\/","og_site_name":"Tabernaculo Prensa de Dios","article_published_time":"2025-05-29T16:24:44+00:00","article_modified_time":"2025-05-29T16:43:27+00:00","og_image":[{"width":1280,"height":853,"url":"https:\/\/tabernaculoprensadedios.com\/web\/wp-content\/uploads\/2023\/06\/country-3880741_1280.jpg","type":"image\/jpeg"}],"author":"tabernaculo","twitter_card":"summary_large_image","twitter_creator":"@PrensadeDios","twitter_site":"@PrensadeDios","twitter_misc":{"Escrito por":"tabernaculo","Tiempo de lectura":"2 minutos"},"schema":{"@context":"https:\/\/schema.org","@graph":[{"@type":"Article","@id":"https:\/\/tabernaculoprensadedios.com\/web\/orar-sin-cesar-una-llamada-a-la-perseverancia\/#article","isPartOf":{"@id":"https:\/\/tabernaculoprensadedios.com\/web\/orar-sin-cesar-una-llamada-a-la-perseverancia\/"},"author":{"name":"tabernaculo","@id":"https:\/\/tabernaculoprensadedios.com\/web\/#\/schema\/person\/bc0e069fef56b38e177db6f098ae0b6e"},"headline":"Orar sin Cesar. Una Llamada a la Perseverancia","datePublished":"2025-05-29T16:24:44+00:00","dateModified":"2025-05-29T16:43:27+00:00","mainEntityOfPage":{"@id":"https:\/\/tabernaculoprensadedios.com\/web\/orar-sin-cesar-una-llamada-a-la-perseverancia\/"},"wordCount":358,"commentCount":0,"publisher":{"@id":"https:\/\/tabernaculoprensadedios.com\/web\/#\/schema\/person\/bc0e069fef56b38e177db6f098ae0b6e"},"image":{"@id":"https:\/\/tabernaculoprensadedios.com\/web\/orar-sin-cesar-una-llamada-a-la-perseverancia\/#primaryimage"},"thumbnailUrl":"https:\/\/tabernaculoprensadedios.com\/web\/wp-content\/uploads\/2023\/06\/country-3880741_1280.jpg","articleSection":["Voz del Tabern\u00e1culo"],"inLanguage":"es","potentialAction":[{"@type":"CommentAction","name":"Comment","target":["https:\/\/tabernaculoprensadedios.com\/web\/orar-sin-cesar-una-llamada-a-la-perseverancia\/#respond"]}]},{"@type":"WebPage","@id":"https:\/\/tabernaculoprensadedios.com\/web\/orar-sin-cesar-una-llamada-a-la-perseverancia\/","url":"https:\/\/tabernaculoprensadedios.com\/web\/orar-sin-cesar-una-llamada-a-la-perseverancia\/","name":"Orar sin Cesar. Una Llamada a la Perseverancia - Tabernaculo Prensa de Dios","isPartOf":{"@id":"https:\/\/tabernaculoprensadedios.com\/web\/#website"},"primaryImageOfPage":{"@id":"https:\/\/tabernaculoprensadedios.com\/web\/orar-sin-cesar-una-llamada-a-la-perseverancia\/#primaryimage"},"image":{"@id":"https:\/\/tabernaculoprensadedios.com\/web\/orar-sin-cesar-una-llamada-a-la-perseverancia\/#primaryimage"},"thumbnailUrl":"https:\/\/tabernaculoprensadedios.com\/web\/wp-content\/uploads\/2023\/06\/country-3880741_1280.jpg","datePublished":"2025-05-29T16:24:44+00:00","dateModified":"2025-05-29T16:43:27+00:00","breadcrumb":{"@id":"https:\/\/tabernaculoprensadedios.com\/web\/orar-sin-cesar-una-llamada-a-la-perseverancia\/#breadcrumb"},"inLanguage":"es","potentialAction":[{"@type":"ReadAction","target":["https:\/\/tabernaculoprensadedios.com\/web\/orar-sin-cesar-una-llamada-a-la-perseverancia\/"]}]},{"@type":"ImageObject","inLanguage":"es","@id":"https:\/\/tabernaculoprensadedios.com\/web\/orar-sin-cesar-una-llamada-a-la-perseverancia\/#primaryimage","url":"https:\/\/tabernaculoprensadedios.com\/web\/wp-content\/uploads\/2023\/06\/country-3880741_1280.jpg","contentUrl":"https:\/\/tabernaculoprensadedios.com\/web\/wp-content\/uploads\/2023\/06\/country-3880741_1280.jpg","width":1280,"height":853},{"@type":"BreadcrumbList","@id":"https:\/\/tabernaculoprensadedios.com\/web\/orar-sin-cesar-una-llamada-a-la-perseverancia\/#breadcrumb","itemListElement":[{"@type":"ListItem","position":1,"name":"Portada","item":"https:\/\/tabernaculoprensadedios.com\/web\/"},{"@type":"ListItem","position":2,"name":"Orar sin Cesar. Una Llamada a la Perseverancia"}]},{"@type":"WebSite","@id":"https:\/\/tabernaculoprensadedios.com\/web\/#website","url":"https:\/\/tabernaculoprensadedios.com\/web\/","name":"Tabernaculo Prensa de Dios","description":"Un medio a la manera de Dios","publisher":{"@id":"https:\/\/tabernaculoprensadedios.com\/web\/#\/schema\/person\/bc0e069fef56b38e177db6f098ae0b6e"},"potentialAction":[{"@type":"SearchAction","target":{"@type":"EntryPoint","urlTemplate":"https:\/\/tabernaculoprensadedios.com\/web\/?s={search_term_string}"},"query-input":{"@type":"PropertyValueSpecification","valueRequired":true,"valueName":"search_term_string"}}],"inLanguage":"es"},{"@type":["Person","Organization"],"@id":"https:\/\/tabernaculoprensadedios.com\/web\/#\/schema\/person\/bc0e069fef56b38e177db6f098ae0b6e","name":"tabernaculo","image":{"@type":"ImageObject","inLanguage":"es","@id":"https:\/\/tabernaculoprensadedios.com\/web\/#\/schema\/person\/image\/","url":"https:\/\/tabernaculoprensadedios.com\/web\/wp-content\/uploads\/2015\/06\/login-logo1.png","contentUrl":"https:\/\/tabernaculoprensadedios.com\/web\/wp-content\/uploads\/2015\/06\/login-logo1.png","width":300,"height":118,"caption":"tabernaculo"},"logo":{"@id":"https:\/\/tabernaculoprensadedios.com\/web\/#\/schema\/person\/image\/"},"url":"https:\/\/tabernaculoprensadedios.com\/web\/author\/tabernaculo\/"}]}},"_links":{"self":[{"href":"https:\/\/tabernaculoprensadedios.com\/web\/wp-json\/wp\/v2\/posts\/34772","targetHints":{"allow":["GET"]}}],"collection":[{"href":"https:\/\/tabernaculoprensadedios.com\/web\/wp-json\/wp\/v2\/posts"}],"about":[{"href":"https:\/\/tabernaculoprensadedios.com\/web\/wp-json\/wp\/v2\/types\/post"}],"author":[{"embeddable":true,"href":"https:\/\/tabernaculoprensadedios.com\/web\/wp-json\/wp\/v2\/users\/1"}],"replies":[{"embeddable":true,"href":"https:\/\/tabernaculoprensadedios.com\/web\/wp-json\/wp\/v2\/comments?post=34772"}],"version-history":[{"count":2,"href":"https:\/\/tabernaculoprensadedios.com\/web\/wp-json\/wp\/v2\/posts\/34772\/revisions"}],"predecessor-version":[{"id":34774,"href":"https:\/\/tabernaculoprensadedios.com\/web\/wp-json\/wp\/v2\/posts\/34772\/revisions\/34774"}],"wp:featuredmedia":[{"embeddable":true,"href":"https:\/\/tabernaculoprensadedios.com\/web\/wp-json\/wp\/v2\/media\/28361"}],"wp:attachment":[{"href":"https:\/\/tabernaculoprensadedios.com\/web\/wp-json\/wp\/v2\/media?parent=34772"}],"wp:term":[{"taxonomy":"category","embeddable":true,"href":"https:\/\/tabernaculoprensadedios.com\/web\/wp-json\/wp\/v2\/categories?post=34772"},{"taxonomy":"post_tag","embeddable":true,"href":"https:\/\/tabernaculoprensadedios.com\/web\/wp-json\/wp\/v2\/tags?post=34772"}],"curies":[{"name":"wp","href":"https:\/\/api.w.org\/{rel}","templated":true}]}}