{"id":34683,"date":"2025-05-19T16:34:23","date_gmt":"2025-05-19T16:34:23","guid":{"rendered":"https:\/\/tabernaculoprensadedios.com\/web\/?p=34683"},"modified":"2025-05-19T16:34:23","modified_gmt":"2025-05-19T16:34:23","slug":"el-desafio-de-crecer-en-el-espiritu","status":"publish","type":"post","link":"https:\/\/tabernaculoprensadedios.com\/web\/el-desafio-de-crecer-en-el-espiritu\/","title":{"rendered":"El desaf\u00edo de crecer en el Esp\u00edritu"},"content":{"rendered":"<p>Nada ni nadie pueden crecer sin antes haber nacido. Es el ciclo natural de la vida: uno nace, crece, se desarrolla y finalmente muere. En el contexto espiritual sucede de igual manera, s\u00f3lo que el desarrollo del cristiano depende del Esp\u00edritu.<\/p>\n<p>y ese Esp\u00edritu nos da vida, porque al dar testimonio de Jes\u00fas, pasamos de muerte a vida. El crecimiento espiritual puede suceder cuando la experiencia de conversi\u00f3n est\u00e1 anclada en el nuevo nacimiento en Cristo y comenzamos a caminar por sendas que hasta entonces nos eran desconocidas. El camino es Cristo y las sendas son esas peque\u00f1as arterias y derroteros del creyente, que indefectiblemente y a pesar de tropiezos y obst\u00e1culos, convergen en aquel que es el Camino. Crecer en Cristo no es una opci\u00f3n. El cristiano que decide permanecer en Cristo y anhela acercarse a su estatura, debe ce\u00f1ir su vida con el cintur\u00f3n de la santidad. A la santidad nadie puede aspirar sin el deseo de cada d\u00eda parecerse m\u00e1s a Cristo. No hay m\u00e9todos, ni principios, ni normas que rijan el crecimiento del cristiano, sino la obediencia a la palabra de Dios. En la Biblia abundan los ejemplos de hombres y mujeres que se convirtieron en gigantes espirituales por la obra de Dios en sus vidas. Pero nuestro modelo es Jes\u00fas.<\/p>\n<p>Para comenzar a crecer, lo primero es tener una profunda convicci\u00f3n y seguridad de tu salvaci\u00f3n, tener la certeza de que tu conversi\u00f3n no ha sido una mera experiencia emocional, sino un paso de fe en Cristo, un nacimiento en el Esp\u00edritu. <strong>\u201cLo que nace del cuerpo es cuerpo; lo que nace del Esp\u00edritu es esp\u00edritu\u201d.<\/strong> (Juan 3:6). Jes\u00fas fue el Verbo encarnado, nacido de mujer, pero por obra del Esp\u00edritu Santo. Nosotros somos nacidos de mujer, pero nuestro nuevo nacimiento proviene del Esp\u00edritu. Somos espirituales no por causa de un car\u00e1cter sensible y una calidad moral y subjetiva, sino porque hemos nacido en el Esp\u00edritu. Sin un nuevo nacimiento espiritual genuino, el crecimiento en la vida cristiana podr\u00eda atravesar por fuertes tormentas, pues por mucho esfuerzo, empe\u00f1o y deseo de consagraci\u00f3n, el crecimiento, en toda la acepci\u00f3n espiritual de la palabra, s\u00f3lo lo da el Esp\u00edritu de Dios.<\/p>\n<p>La conversi\u00f3n y el nuevo nacimiento en el Esp\u00edritu dan por hecho que Cristo nos regala una nueva identidad sellada con su nombre que produce en el creyente el deseo de agradarle en todo. Esta nueva identidad nos permite vivir en la Verdad. El ap\u00f3stol Pablo llamaba a un crecimiento con la mirada puesta en Cristo.<strong> \u201cM\u00e1s bien, al vivir la verdad con amor, creceremos hasta ser en todo como aquel que es la cabeza, es decir, Cristo\u201d (Efe 4.15).<\/strong> El crecimiento espiritual en la vida cristiana fluye de manera espont\u00e1nea y natural al adquirir esa nueva identidad. Cuando no sucede esto, somos inconsistentes y obramos contrario a lo que nuestra identidad nos indica que hagamos. Un pez s\u00f3lo puede vivir en el agua. Si trata de vivir en otro medio natural, por mucho que lo intente, muere. Como pez, su identidad tiene caracter\u00edsticas espec\u00edficas que no le permiten vivir en otro h\u00e1bitat natural. As\u00ed sucede tambi\u00e9n con los hijos de Dios. Nuestro h\u00e1bitat es Cristo. En Cristo nacemos y crecemos. Nuestra nueva identidad cristiana es suelo f\u00e9rtil y es Cristo quien aporta los nutrientes necesarios para crecer en toda direcci\u00f3n espiritual y vivir una vida como a Dios le agrada.<\/p>\n<blockquote><p><strong><em>El crecimiento se hace manifiesto en la manera que el fruto del Esp\u00edritu se hace visible en la vida del creyente. \u201cAs\u00ed que por sus frutos los conocer\u00e1n\u201d (Mateo 7:20).<\/em><\/strong><\/p><\/blockquote>\n<p>Si eres consciente de tu nuevo nacimiento espiritual y de tu nueva identidad no te ser\u00e1 dif\u00edcil comprender los beneficios que produce el descansar y permanecer en el Se\u00f1or para crecer cada d\u00eda en santidad. Jes\u00fas permanec\u00eda en el Padre, hablaba lo que el Padre le indicaba, hac\u00eda lo que el Padre hac\u00eda, daba testimonio de aqu\u00e9l que lo envi\u00f3. Su vida estaba condicionada por el conocimiento del Padre, su devoci\u00f3n por \u00c9l, su amor a \u00c9l. El estilo de vida del creyente debe estar fundado en la permanencia en Cristo as\u00ed como Cristo permanec\u00eda en su Padre. Jes\u00fas le dijo una vez a su disc\u00edpulo Felipe: \u00bfAcaso no crees que yo estoy en el Padre, y que el Padre est\u00e1 en m\u00ed? Las palabras que yo les comunico, no las hablo como cosa m\u00eda, sino que es el Padre, que est\u00e1 en m\u00ed, el que realiza sus obras. (Juan 14.10). En otra ocasi\u00f3n les dec\u00eda a sus seguidores: En aquel d\u00eda ustedes se dar\u00e1n cuenta de que yo estoy en mi Padre, y ustedes en m\u00ed, y yo en ustedes. <strong>(Juan 14.20).<\/strong><\/p>\n<p>Jes\u00fas creci\u00f3 en sabidur\u00eda y estatura porque permanec\u00eda en su Padre. As\u00ed tambi\u00e9n Cristo nos llama a permanecer en \u00c9l para crecer y dar frutos. \u201cPermanezcan en m\u00ed, y yo permanecer\u00e9 en ustedes. As\u00ed como ninguna rama puede dar fruto por s\u00ed misma, sino que tiene que permanecer en la vid, as\u00ed tampoco ustedes pueden dar fruto si no permanecen en m\u00ed. Yo soy la vid y ustedes son las ramas. El que permanece en m\u00ed, como yo en \u00e9l, dar\u00e1 mucho fruto; separados de m\u00ed no pueden ustedes hacer nada. <strong>(Juan 15:4-5).<\/strong><\/p>\n<p>La vida cristiana se vive en Cristo, no hay otra forma de vivirla. Que el Se\u00f1or los haga crecer para que se amen m\u00e1s y m\u00e1s unos a otros, y a todos, tal como nosotros los amamos a ustedes.<strong> (1 Ts 3.12)<\/strong><\/p>\n<p>\u00a1Dios te bendiga!<\/p>\n","protected":false},"excerpt":{"rendered":"<p>Nada ni nadie pueden crecer sin antes haber nacido. Es el ciclo natural de la vida: uno nace, crece, se desarrolla y finalmente muere. En el contexto espiritual sucede de igual manera, s\u00f3lo que el desarrollo del cristiano depende del Esp\u00edritu. y ese Esp\u00edritu nos da vida, porque al dar testimonio de Jes\u00fas, pasamos de &hellip;<\/p>\n","protected":false},"author":1,"featured_media":34684,"comment_status":"open","ping_status":"open","sticky":false,"template":"","format":"standard","meta":{"footnotes":""},"categories":[34],"tags":[],"class_list":["post-34683","post","type-post","status-publish","format-standard","has-post-thumbnail","hentry","category-articulos"],"yoast_head":"<!-- This site is optimized with the Yoast SEO Premium plugin v24.2 (Yoast SEO v27.1.1) - https:\/\/yoast.com\/product\/yoast-seo-premium-wordpress\/ -->\n<title>El desaf\u00edo de crecer en el Esp\u00edritu - Tabernaculo Prensa de Dios<\/title>\n<meta name=\"robots\" content=\"index, follow, max-snippet:-1, max-image-preview:large, max-video-preview:-1\" \/>\n<link rel=\"canonical\" href=\"https:\/\/tabernaculoprensadedios.com\/web\/el-desafio-de-crecer-en-el-espiritu\/\" class=\"yoast-seo-meta-tag\" \/>\n<meta property=\"og:locale\" content=\"es_ES\" class=\"yoast-seo-meta-tag\" \/>\n<meta property=\"og:type\" content=\"article\" class=\"yoast-seo-meta-tag\" \/>\n<meta property=\"og:title\" content=\"El desaf\u00edo de crecer en el Esp\u00edritu\" class=\"yoast-seo-meta-tag\" \/>\n<meta property=\"og:description\" content=\"Nada ni nadie pueden crecer sin antes haber nacido. Es el ciclo natural de la vida: uno nace, crece, se desarrolla y finalmente muere. En el contexto espiritual sucede de igual manera, s\u00f3lo que el desarrollo del cristiano depende del Esp\u00edritu. y ese Esp\u00edritu nos da vida, porque al dar testimonio de Jes\u00fas, pasamos de &hellip;\" class=\"yoast-seo-meta-tag\" \/>\n<meta property=\"og:url\" content=\"https:\/\/tabernaculoprensadedios.com\/web\/el-desafio-de-crecer-en-el-espiritu\/\" class=\"yoast-seo-meta-tag\" \/>\n<meta property=\"og:site_name\" content=\"Tabernaculo Prensa de Dios\" class=\"yoast-seo-meta-tag\" \/>\n<meta property=\"article:published_time\" content=\"2025-05-19T16:34:23+00:00\" class=\"yoast-seo-meta-tag\" \/>\n<meta property=\"og:image\" content=\"https:\/\/tabernaculoprensadedios.com\/web\/wp-content\/uploads\/2025\/05\/9598067.avif\" class=\"yoast-seo-meta-tag\" \/>\n\t<meta property=\"og:image:width\" content=\"1280\" class=\"yoast-seo-meta-tag\" \/>\n\t<meta property=\"og:image:height\" content=\"853\" class=\"yoast-seo-meta-tag\" \/>\n\t<meta property=\"og:image:type\" content=\"image\/jpeg\" class=\"yoast-seo-meta-tag\" \/>\n<meta name=\"author\" content=\"tabernaculo\" class=\"yoast-seo-meta-tag\" \/>\n<meta name=\"twitter:card\" content=\"summary_large_image\" class=\"yoast-seo-meta-tag\" \/>\n<meta name=\"twitter:creator\" content=\"@PrensadeDios\" class=\"yoast-seo-meta-tag\" \/>\n<meta name=\"twitter:site\" content=\"@PrensadeDios\" class=\"yoast-seo-meta-tag\" \/>\n<meta name=\"twitter:label1\" content=\"Escrito por\" class=\"yoast-seo-meta-tag\" \/>\n\t<meta name=\"twitter:data1\" content=\"tabernaculo\" class=\"yoast-seo-meta-tag\" \/>\n\t<meta name=\"twitter:label2\" content=\"Tiempo de lectura\" class=\"yoast-seo-meta-tag\" \/>\n\t<meta name=\"twitter:data2\" content=\"5 minutos\" class=\"yoast-seo-meta-tag\" \/>\n<script type=\"application\/ld+json\" class=\"yoast-schema-graph\">{\"@context\":\"https:\/\/schema.org\",\"@graph\":[{\"@type\":\"Article\",\"@id\":\"https:\/\/tabernaculoprensadedios.com\/web\/el-desafio-de-crecer-en-el-espiritu\/#article\",\"isPartOf\":{\"@id\":\"https:\/\/tabernaculoprensadedios.com\/web\/el-desafio-de-crecer-en-el-espiritu\/\"},\"author\":{\"name\":\"tabernaculo\",\"@id\":\"https:\/\/tabernaculoprensadedios.com\/web\/#\/schema\/person\/bc0e069fef56b38e177db6f098ae0b6e\"},\"headline\":\"El desaf\u00edo de crecer en el Esp\u00edritu\",\"datePublished\":\"2025-05-19T16:34:23+00:00\",\"mainEntityOfPage\":{\"@id\":\"https:\/\/tabernaculoprensadedios.com\/web\/el-desafio-de-crecer-en-el-espiritu\/\"},\"wordCount\":988,\"commentCount\":0,\"publisher\":{\"@id\":\"https:\/\/tabernaculoprensadedios.com\/web\/#\/schema\/person\/bc0e069fef56b38e177db6f098ae0b6e\"},\"image\":{\"@id\":\"https:\/\/tabernaculoprensadedios.com\/web\/el-desafio-de-crecer-en-el-espiritu\/#primaryimage\"},\"thumbnailUrl\":\"https:\/\/tabernaculoprensadedios.com\/web\/wp-content\/uploads\/2025\/05\/9598067.avif\",\"articleSection\":[\"Articulos\"],\"inLanguage\":\"es\",\"potentialAction\":[{\"@type\":\"CommentAction\",\"name\":\"Comment\",\"target\":[\"https:\/\/tabernaculoprensadedios.com\/web\/el-desafio-de-crecer-en-el-espiritu\/#respond\"]}]},{\"@type\":\"WebPage\",\"@id\":\"https:\/\/tabernaculoprensadedios.com\/web\/el-desafio-de-crecer-en-el-espiritu\/\",\"url\":\"https:\/\/tabernaculoprensadedios.com\/web\/el-desafio-de-crecer-en-el-espiritu\/\",\"name\":\"El desaf\u00edo de crecer en el Esp\u00edritu - Tabernaculo Prensa de Dios\",\"isPartOf\":{\"@id\":\"https:\/\/tabernaculoprensadedios.com\/web\/#website\"},\"primaryImageOfPage\":{\"@id\":\"https:\/\/tabernaculoprensadedios.com\/web\/el-desafio-de-crecer-en-el-espiritu\/#primaryimage\"},\"image\":{\"@id\":\"https:\/\/tabernaculoprensadedios.com\/web\/el-desafio-de-crecer-en-el-espiritu\/#primaryimage\"},\"thumbnailUrl\":\"https:\/\/tabernaculoprensadedios.com\/web\/wp-content\/uploads\/2025\/05\/9598067.avif\",\"datePublished\":\"2025-05-19T16:34:23+00:00\",\"breadcrumb\":{\"@id\":\"https:\/\/tabernaculoprensadedios.com\/web\/el-desafio-de-crecer-en-el-espiritu\/#breadcrumb\"},\"inLanguage\":\"es\",\"potentialAction\":[{\"@type\":\"ReadAction\",\"target\":[\"https:\/\/tabernaculoprensadedios.com\/web\/el-desafio-de-crecer-en-el-espiritu\/\"]}]},{\"@type\":\"ImageObject\",\"inLanguage\":\"es\",\"@id\":\"https:\/\/tabernaculoprensadedios.com\/web\/el-desafio-de-crecer-en-el-espiritu\/#primaryimage\",\"url\":\"https:\/\/tabernaculoprensadedios.com\/web\/wp-content\/uploads\/2025\/05\/9598067.avif\",\"contentUrl\":\"https:\/\/tabernaculoprensadedios.com\/web\/wp-content\/uploads\/2025\/05\/9598067.avif\",\"width\":1280,\"height\":853,\"caption\":\"background, nature, sunset, water, open sea, ocean, seascape, horizon, landscape, clouds, travel, boat, ship, scenery, twilight\"},{\"@type\":\"BreadcrumbList\",\"@id\":\"https:\/\/tabernaculoprensadedios.com\/web\/el-desafio-de-crecer-en-el-espiritu\/#breadcrumb\",\"itemListElement\":[{\"@type\":\"ListItem\",\"position\":1,\"name\":\"Portada\",\"item\":\"https:\/\/tabernaculoprensadedios.com\/web\/\"},{\"@type\":\"ListItem\",\"position\":2,\"name\":\"El desaf\u00edo de crecer en el Esp\u00edritu\"}]},{\"@type\":\"WebSite\",\"@id\":\"https:\/\/tabernaculoprensadedios.com\/web\/#website\",\"url\":\"https:\/\/tabernaculoprensadedios.com\/web\/\",\"name\":\"Tabernaculo Prensa de Dios\",\"description\":\"Un medio a la manera de Dios\",\"publisher\":{\"@id\":\"https:\/\/tabernaculoprensadedios.com\/web\/#\/schema\/person\/bc0e069fef56b38e177db6f098ae0b6e\"},\"potentialAction\":[{\"@type\":\"SearchAction\",\"target\":{\"@type\":\"EntryPoint\",\"urlTemplate\":\"https:\/\/tabernaculoprensadedios.com\/web\/?s={search_term_string}\"},\"query-input\":{\"@type\":\"PropertyValueSpecification\",\"valueRequired\":true,\"valueName\":\"search_term_string\"}}],\"inLanguage\":\"es\"},{\"@type\":[\"Person\",\"Organization\"],\"@id\":\"https:\/\/tabernaculoprensadedios.com\/web\/#\/schema\/person\/bc0e069fef56b38e177db6f098ae0b6e\",\"name\":\"tabernaculo\",\"image\":{\"@type\":\"ImageObject\",\"inLanguage\":\"es\",\"@id\":\"https:\/\/tabernaculoprensadedios.com\/web\/#\/schema\/person\/image\/\",\"url\":\"https:\/\/tabernaculoprensadedios.com\/web\/wp-content\/uploads\/2015\/06\/login-logo1.png\",\"contentUrl\":\"https:\/\/tabernaculoprensadedios.com\/web\/wp-content\/uploads\/2015\/06\/login-logo1.png\",\"width\":300,\"height\":118,\"caption\":\"tabernaculo\"},\"logo\":{\"@id\":\"https:\/\/tabernaculoprensadedios.com\/web\/#\/schema\/person\/image\/\"},\"url\":\"https:\/\/tabernaculoprensadedios.com\/web\/author\/tabernaculo\/\"}]}<\/script>\n<!-- \/ Yoast SEO Premium plugin. -->","yoast_head_json":{"title":"El desaf\u00edo de crecer en el Esp\u00edritu - Tabernaculo Prensa de Dios","robots":{"index":"index","follow":"follow","max-snippet":"max-snippet:-1","max-image-preview":"max-image-preview:large","max-video-preview":"max-video-preview:-1"},"canonical":"https:\/\/tabernaculoprensadedios.com\/web\/el-desafio-de-crecer-en-el-espiritu\/","og_locale":"es_ES","og_type":"article","og_title":"El desaf\u00edo de crecer en el Esp\u00edritu","og_description":"Nada ni nadie pueden crecer sin antes haber nacido. Es el ciclo natural de la vida: uno nace, crece, se desarrolla y finalmente muere. En el contexto espiritual sucede de igual manera, s\u00f3lo que el desarrollo del cristiano depende del Esp\u00edritu. y ese Esp\u00edritu nos da vida, porque al dar testimonio de Jes\u00fas, pasamos de &hellip;","og_url":"https:\/\/tabernaculoprensadedios.com\/web\/el-desafio-de-crecer-en-el-espiritu\/","og_site_name":"Tabernaculo Prensa de Dios","article_published_time":"2025-05-19T16:34:23+00:00","og_image":[{"width":1280,"height":853,"url":"https:\/\/tabernaculoprensadedios.com\/web\/wp-content\/uploads\/2025\/05\/9598067.avif","type":"image\/jpeg"}],"author":"tabernaculo","twitter_card":"summary_large_image","twitter_creator":"@PrensadeDios","twitter_site":"@PrensadeDios","twitter_misc":{"Escrito por":"tabernaculo","Tiempo de lectura":"5 minutos"},"schema":{"@context":"https:\/\/schema.org","@graph":[{"@type":"Article","@id":"https:\/\/tabernaculoprensadedios.com\/web\/el-desafio-de-crecer-en-el-espiritu\/#article","isPartOf":{"@id":"https:\/\/tabernaculoprensadedios.com\/web\/el-desafio-de-crecer-en-el-espiritu\/"},"author":{"name":"tabernaculo","@id":"https:\/\/tabernaculoprensadedios.com\/web\/#\/schema\/person\/bc0e069fef56b38e177db6f098ae0b6e"},"headline":"El desaf\u00edo de crecer en el Esp\u00edritu","datePublished":"2025-05-19T16:34:23+00:00","mainEntityOfPage":{"@id":"https:\/\/tabernaculoprensadedios.com\/web\/el-desafio-de-crecer-en-el-espiritu\/"},"wordCount":988,"commentCount":0,"publisher":{"@id":"https:\/\/tabernaculoprensadedios.com\/web\/#\/schema\/person\/bc0e069fef56b38e177db6f098ae0b6e"},"image":{"@id":"https:\/\/tabernaculoprensadedios.com\/web\/el-desafio-de-crecer-en-el-espiritu\/#primaryimage"},"thumbnailUrl":"https:\/\/tabernaculoprensadedios.com\/web\/wp-content\/uploads\/2025\/05\/9598067.avif","articleSection":["Articulos"],"inLanguage":"es","potentialAction":[{"@type":"CommentAction","name":"Comment","target":["https:\/\/tabernaculoprensadedios.com\/web\/el-desafio-de-crecer-en-el-espiritu\/#respond"]}]},{"@type":"WebPage","@id":"https:\/\/tabernaculoprensadedios.com\/web\/el-desafio-de-crecer-en-el-espiritu\/","url":"https:\/\/tabernaculoprensadedios.com\/web\/el-desafio-de-crecer-en-el-espiritu\/","name":"El desaf\u00edo de crecer en el Esp\u00edritu - Tabernaculo Prensa de Dios","isPartOf":{"@id":"https:\/\/tabernaculoprensadedios.com\/web\/#website"},"primaryImageOfPage":{"@id":"https:\/\/tabernaculoprensadedios.com\/web\/el-desafio-de-crecer-en-el-espiritu\/#primaryimage"},"image":{"@id":"https:\/\/tabernaculoprensadedios.com\/web\/el-desafio-de-crecer-en-el-espiritu\/#primaryimage"},"thumbnailUrl":"https:\/\/tabernaculoprensadedios.com\/web\/wp-content\/uploads\/2025\/05\/9598067.avif","datePublished":"2025-05-19T16:34:23+00:00","breadcrumb":{"@id":"https:\/\/tabernaculoprensadedios.com\/web\/el-desafio-de-crecer-en-el-espiritu\/#breadcrumb"},"inLanguage":"es","potentialAction":[{"@type":"ReadAction","target":["https:\/\/tabernaculoprensadedios.com\/web\/el-desafio-de-crecer-en-el-espiritu\/"]}]},{"@type":"ImageObject","inLanguage":"es","@id":"https:\/\/tabernaculoprensadedios.com\/web\/el-desafio-de-crecer-en-el-espiritu\/#primaryimage","url":"https:\/\/tabernaculoprensadedios.com\/web\/wp-content\/uploads\/2025\/05\/9598067.avif","contentUrl":"https:\/\/tabernaculoprensadedios.com\/web\/wp-content\/uploads\/2025\/05\/9598067.avif","width":1280,"height":853,"caption":"background, nature, sunset, water, open sea, ocean, seascape, horizon, landscape, clouds, travel, boat, ship, scenery, twilight"},{"@type":"BreadcrumbList","@id":"https:\/\/tabernaculoprensadedios.com\/web\/el-desafio-de-crecer-en-el-espiritu\/#breadcrumb","itemListElement":[{"@type":"ListItem","position":1,"name":"Portada","item":"https:\/\/tabernaculoprensadedios.com\/web\/"},{"@type":"ListItem","position":2,"name":"El desaf\u00edo de crecer en el Esp\u00edritu"}]},{"@type":"WebSite","@id":"https:\/\/tabernaculoprensadedios.com\/web\/#website","url":"https:\/\/tabernaculoprensadedios.com\/web\/","name":"Tabernaculo Prensa de Dios","description":"Un medio a la manera de Dios","publisher":{"@id":"https:\/\/tabernaculoprensadedios.com\/web\/#\/schema\/person\/bc0e069fef56b38e177db6f098ae0b6e"},"potentialAction":[{"@type":"SearchAction","target":{"@type":"EntryPoint","urlTemplate":"https:\/\/tabernaculoprensadedios.com\/web\/?s={search_term_string}"},"query-input":{"@type":"PropertyValueSpecification","valueRequired":true,"valueName":"search_term_string"}}],"inLanguage":"es"},{"@type":["Person","Organization"],"@id":"https:\/\/tabernaculoprensadedios.com\/web\/#\/schema\/person\/bc0e069fef56b38e177db6f098ae0b6e","name":"tabernaculo","image":{"@type":"ImageObject","inLanguage":"es","@id":"https:\/\/tabernaculoprensadedios.com\/web\/#\/schema\/person\/image\/","url":"https:\/\/tabernaculoprensadedios.com\/web\/wp-content\/uploads\/2015\/06\/login-logo1.png","contentUrl":"https:\/\/tabernaculoprensadedios.com\/web\/wp-content\/uploads\/2015\/06\/login-logo1.png","width":300,"height":118,"caption":"tabernaculo"},"logo":{"@id":"https:\/\/tabernaculoprensadedios.com\/web\/#\/schema\/person\/image\/"},"url":"https:\/\/tabernaculoprensadedios.com\/web\/author\/tabernaculo\/"}]}},"_links":{"self":[{"href":"https:\/\/tabernaculoprensadedios.com\/web\/wp-json\/wp\/v2\/posts\/34683","targetHints":{"allow":["GET"]}}],"collection":[{"href":"https:\/\/tabernaculoprensadedios.com\/web\/wp-json\/wp\/v2\/posts"}],"about":[{"href":"https:\/\/tabernaculoprensadedios.com\/web\/wp-json\/wp\/v2\/types\/post"}],"author":[{"embeddable":true,"href":"https:\/\/tabernaculoprensadedios.com\/web\/wp-json\/wp\/v2\/users\/1"}],"replies":[{"embeddable":true,"href":"https:\/\/tabernaculoprensadedios.com\/web\/wp-json\/wp\/v2\/comments?post=34683"}],"version-history":[{"count":2,"href":"https:\/\/tabernaculoprensadedios.com\/web\/wp-json\/wp\/v2\/posts\/34683\/revisions"}],"predecessor-version":[{"id":34686,"href":"https:\/\/tabernaculoprensadedios.com\/web\/wp-json\/wp\/v2\/posts\/34683\/revisions\/34686"}],"wp:featuredmedia":[{"embeddable":true,"href":"https:\/\/tabernaculoprensadedios.com\/web\/wp-json\/wp\/v2\/media\/34684"}],"wp:attachment":[{"href":"https:\/\/tabernaculoprensadedios.com\/web\/wp-json\/wp\/v2\/media?parent=34683"}],"wp:term":[{"taxonomy":"category","embeddable":true,"href":"https:\/\/tabernaculoprensadedios.com\/web\/wp-json\/wp\/v2\/categories?post=34683"},{"taxonomy":"post_tag","embeddable":true,"href":"https:\/\/tabernaculoprensadedios.com\/web\/wp-json\/wp\/v2\/tags?post=34683"}],"curies":[{"name":"wp","href":"https:\/\/api.w.org\/{rel}","templated":true}]}}