{"id":34676,"date":"2025-05-19T12:32:42","date_gmt":"2025-05-19T12:32:42","guid":{"rendered":"https:\/\/tabernaculoprensadedios.com\/web\/?p=34676"},"modified":"2025-05-19T17:26:31","modified_gmt":"2025-05-19T17:26:31","slug":"victoria-anulan-prohibicion-de-predicar-en-las-calles-tras-descontento-de-la-poblacion-en-reino-unido","status":"publish","type":"post","link":"https:\/\/tabernaculoprensadedios.com\/web\/victoria-anulan-prohibicion-de-predicar-en-las-calles-tras-descontento-de-la-poblacion-en-reino-unido\/","title":{"rendered":"\u00a1VICTORIA! Anulan prohibici\u00f3n de predicar en las calles tras descontento de la poblaci\u00f3n en Reino Unido"},"content":{"rendered":"<p>Rushmoor Borough Council, en Hampshire, ha decidido pausar su intento de imponer una orden judicial que restringir\u00eda la predicaci\u00f3n cristiana, la oraci\u00f3n y la evangelizaci\u00f3n en los centros de Aldershot y Farnborough.<\/p>\n<p>Esta medida se tom\u00f3 despu\u00e9s de una ola de objeciones de l\u00edderes religiosos y activistas locales, quienes consideraron la propuesta como una amenaza a la libertad religiosa y de expresi\u00f3n.<\/p>\n<p>El consejo hab\u00eda iniciado el proceso el 7 de marzo de 2025, citando preocupaciones por la \u201calarma y la angustia\u201d que supuestamente causaron algunas actividades religiosas p\u00fablicas. El borrador de la orden, basado en la Ley de Comportamiento Antisocial de 2014, buscaba prohibir oraciones p\u00fablicas, cantos y la distribuci\u00f3n de literatura cristiana. Romper la orden podr\u00eda haber resultado en multas o hasta dos a\u00f1os de prisi\u00f3n.<\/p>\n<p>La propuesta gener\u00f3 una reacci\u00f3n inmediata de predicadores y congregaciones, respaldados por el Christian Legal Centre y concejales conservadores. Durante una reuni\u00f3n el 23 de abril, l\u00edderes cristianos locales expresaron su preocupaci\u00f3n por el impacto de las restricciones y la falta de consulta previa.<\/p>\n<p>Sally McGuiness, evangelista con 15 a\u00f1os predicando en la zona, relat\u00f3 la carga emocional de enfrentar posibles cargos penales y la falta de respuesta del consejo a sus intentos de di\u00e1logo.<\/p>\n<p>Cr\u00edticos argumentaron que la medida era demasiado amplia y podr\u00eda criminalizar pr\u00e1cticas tradicionales como los villancicos y la entrega de folletos cristianos. Los abogados del Christian Legal Centre calificaron la propuesta de \u201csin precedentes\u201d, mientras que miembros de la comunidad destacaron el papel positivo de la labor cristiana con personas vulnerables.<\/p>\n<p>El consejo defendi\u00f3 que la intenci\u00f3n era \u201cequilibrar los derechos de todos los involucrados\u201d y prevenir conductas que generaran malestar, pero los representantes de fe y activistas cuestionaron la falta de di\u00e1logo con los predicadores y la comunidad en general.<\/p>\n<p>Entre las quejas citadas estaban el uso de altavoces port\u00e1tiles y denuncias de que algunas predicaciones creaban un ambiente \u201cno inclusivo\u201d. Los predicadores reconocieron que, en ocasiones, algunos nuevos evangelistas pod\u00edan ser demasiado entusiastas, pero insistieron en que causar ofensa no deber\u00eda ser considerado delito.<\/p>\n<p>Tras la reuni\u00f3n y el respaldo legal recibido, el consejo anunci\u00f3 que \u201cpausar\u00eda\u201d la solicitud de la orden judicial y revisar\u00eda su enfoque. El tribunal a\u00fan no ha fijado nueva fecha para la audiencia, y el consejo planea reescribir la propuesta tras consultar m\u00e1s ampliamente.<\/p>\n<p>La Biblia anima a los creyentes a ser luz y sal en la sociedad, actuando con amor y firmeza, aun ante la oposici\u00f3n. Que este caso motive a la iglesia a perseverar en su misi\u00f3n, confiando en que Dios abre puertas para el testimonio y la esperanza en medio de los desaf\u00edos.<\/p>\n","protected":false},"excerpt":{"rendered":"<p>Rushmoor Borough Council, en Hampshire, ha decidido pausar su intento de imponer una orden judicial que restringir\u00eda la predicaci\u00f3n cristiana, la oraci\u00f3n y la evangelizaci\u00f3n en los centros de Aldershot y Farnborough. Esta medida se tom\u00f3 despu\u00e9s de una ola de objeciones de l\u00edderes religiosos y activistas locales, quienes consideraron la propuesta como una amenaza &hellip;<\/p>\n","protected":false},"author":1,"featured_media":34677,"comment_status":"open","ping_status":"open","sticky":false,"template":"","format":"standard","meta":{"footnotes":""},"categories":[24],"tags":[],"class_list":["post-34676","post","type-post","status-publish","format-standard","has-post-thumbnail","hentry","category-internacional"],"yoast_head":"<!-- This site is optimized with the Yoast SEO Premium plugin v24.2 (Yoast SEO v27.1.1) - https:\/\/yoast.com\/product\/yoast-seo-premium-wordpress\/ -->\n<title>\u00a1VICTORIA! Anulan prohibici\u00f3n de predicar en las calles tras descontento de la poblaci\u00f3n en Reino Unido - Tabernaculo Prensa de Dios<\/title>\n<meta name=\"robots\" content=\"index, follow, max-snippet:-1, max-image-preview:large, max-video-preview:-1\" \/>\n<link rel=\"canonical\" href=\"https:\/\/tabernaculoprensadedios.com\/web\/victoria-anulan-prohibicion-de-predicar-en-las-calles-tras-descontento-de-la-poblacion-en-reino-unido\/\" class=\"yoast-seo-meta-tag\" \/>\n<meta property=\"og:locale\" content=\"es_ES\" class=\"yoast-seo-meta-tag\" \/>\n<meta property=\"og:type\" content=\"article\" class=\"yoast-seo-meta-tag\" \/>\n<meta property=\"og:title\" content=\"\u00a1VICTORIA! Anulan prohibici\u00f3n de predicar en las calles tras descontento de la poblaci\u00f3n en Reino Unido\" class=\"yoast-seo-meta-tag\" \/>\n<meta property=\"og:description\" content=\"Rushmoor Borough Council, en Hampshire, ha decidido pausar su intento de imponer una orden judicial que restringir\u00eda la predicaci\u00f3n cristiana, la oraci\u00f3n y la evangelizaci\u00f3n en los centros de Aldershot y Farnborough. Esta medida se tom\u00f3 despu\u00e9s de una ola de objeciones de l\u00edderes religiosos y activistas locales, quienes consideraron la propuesta como una amenaza &hellip;\" class=\"yoast-seo-meta-tag\" \/>\n<meta property=\"og:url\" content=\"https:\/\/tabernaculoprensadedios.com\/web\/victoria-anulan-prohibicion-de-predicar-en-las-calles-tras-descontento-de-la-poblacion-en-reino-unido\/\" class=\"yoast-seo-meta-tag\" \/>\n<meta property=\"og:site_name\" content=\"Tabernaculo Prensa de Dios\" class=\"yoast-seo-meta-tag\" \/>\n<meta property=\"article:published_time\" content=\"2025-05-19T12:32:42+00:00\" class=\"yoast-seo-meta-tag\" \/>\n<meta property=\"article:modified_time\" content=\"2025-05-19T17:26:31+00:00\" class=\"yoast-seo-meta-tag\" \/>\n<meta property=\"og:image\" content=\"https:\/\/tabernaculoprensadedios.com\/web\/wp-content\/uploads\/2025\/05\/496940902_1294861458975680_1736041466346077447_n.avif\" class=\"yoast-seo-meta-tag\" \/>\n\t<meta property=\"og:image:width\" content=\"707\" class=\"yoast-seo-meta-tag\" \/>\n\t<meta property=\"og:image:height\" content=\"707\" class=\"yoast-seo-meta-tag\" \/>\n\t<meta property=\"og:image:type\" content=\"image\/jpeg\" class=\"yoast-seo-meta-tag\" \/>\n<meta name=\"author\" content=\"tabernaculo\" class=\"yoast-seo-meta-tag\" \/>\n<meta name=\"twitter:card\" content=\"summary_large_image\" class=\"yoast-seo-meta-tag\" \/>\n<meta name=\"twitter:creator\" content=\"@PrensadeDios\" class=\"yoast-seo-meta-tag\" \/>\n<meta name=\"twitter:site\" content=\"@PrensadeDios\" class=\"yoast-seo-meta-tag\" \/>\n<meta name=\"twitter:label1\" content=\"Escrito por\" class=\"yoast-seo-meta-tag\" \/>\n\t<meta name=\"twitter:data1\" content=\"tabernaculo\" class=\"yoast-seo-meta-tag\" \/>\n\t<meta name=\"twitter:label2\" content=\"Tiempo de lectura\" class=\"yoast-seo-meta-tag\" \/>\n\t<meta name=\"twitter:data2\" content=\"3 minutos\" class=\"yoast-seo-meta-tag\" \/>\n<script type=\"application\/ld+json\" class=\"yoast-schema-graph\">{\"@context\":\"https:\/\/schema.org\",\"@graph\":[{\"@type\":\"Article\",\"@id\":\"https:\/\/tabernaculoprensadedios.com\/web\/victoria-anulan-prohibicion-de-predicar-en-las-calles-tras-descontento-de-la-poblacion-en-reino-unido\/#article\",\"isPartOf\":{\"@id\":\"https:\/\/tabernaculoprensadedios.com\/web\/victoria-anulan-prohibicion-de-predicar-en-las-calles-tras-descontento-de-la-poblacion-en-reino-unido\/\"},\"author\":{\"name\":\"tabernaculo\",\"@id\":\"https:\/\/tabernaculoprensadedios.com\/web\/#\/schema\/person\/bc0e069fef56b38e177db6f098ae0b6e\"},\"headline\":\"\u00a1VICTORIA! Anulan prohibici\u00f3n de predicar en las calles tras descontento de la poblaci\u00f3n en Reino Unido\",\"datePublished\":\"2025-05-19T12:32:42+00:00\",\"dateModified\":\"2025-05-19T17:26:31+00:00\",\"mainEntityOfPage\":{\"@id\":\"https:\/\/tabernaculoprensadedios.com\/web\/victoria-anulan-prohibicion-de-predicar-en-las-calles-tras-descontento-de-la-poblacion-en-reino-unido\/\"},\"wordCount\":485,\"commentCount\":0,\"publisher\":{\"@id\":\"https:\/\/tabernaculoprensadedios.com\/web\/#\/schema\/person\/bc0e069fef56b38e177db6f098ae0b6e\"},\"image\":{\"@id\":\"https:\/\/tabernaculoprensadedios.com\/web\/victoria-anulan-prohibicion-de-predicar-en-las-calles-tras-descontento-de-la-poblacion-en-reino-unido\/#primaryimage\"},\"thumbnailUrl\":\"https:\/\/tabernaculoprensadedios.com\/web\/wp-content\/uploads\/2025\/05\/496940902_1294861458975680_1736041466346077447_n.avif\",\"articleSection\":[\"Internacionales\"],\"inLanguage\":\"es\",\"potentialAction\":[{\"@type\":\"CommentAction\",\"name\":\"Comment\",\"target\":[\"https:\/\/tabernaculoprensadedios.com\/web\/victoria-anulan-prohibicion-de-predicar-en-las-calles-tras-descontento-de-la-poblacion-en-reino-unido\/#respond\"]}]},{\"@type\":\"WebPage\",\"@id\":\"https:\/\/tabernaculoprensadedios.com\/web\/victoria-anulan-prohibicion-de-predicar-en-las-calles-tras-descontento-de-la-poblacion-en-reino-unido\/\",\"url\":\"https:\/\/tabernaculoprensadedios.com\/web\/victoria-anulan-prohibicion-de-predicar-en-las-calles-tras-descontento-de-la-poblacion-en-reino-unido\/\",\"name\":\"\u00a1VICTORIA! Anulan prohibici\u00f3n de predicar en las calles tras descontento de la poblaci\u00f3n en Reino Unido - Tabernaculo Prensa de Dios\",\"isPartOf\":{\"@id\":\"https:\/\/tabernaculoprensadedios.com\/web\/#website\"},\"primaryImageOfPage\":{\"@id\":\"https:\/\/tabernaculoprensadedios.com\/web\/victoria-anulan-prohibicion-de-predicar-en-las-calles-tras-descontento-de-la-poblacion-en-reino-unido\/#primaryimage\"},\"image\":{\"@id\":\"https:\/\/tabernaculoprensadedios.com\/web\/victoria-anulan-prohibicion-de-predicar-en-las-calles-tras-descontento-de-la-poblacion-en-reino-unido\/#primaryimage\"},\"thumbnailUrl\":\"https:\/\/tabernaculoprensadedios.com\/web\/wp-content\/uploads\/2025\/05\/496940902_1294861458975680_1736041466346077447_n.avif\",\"datePublished\":\"2025-05-19T12:32:42+00:00\",\"dateModified\":\"2025-05-19T17:26:31+00:00\",\"breadcrumb\":{\"@id\":\"https:\/\/tabernaculoprensadedios.com\/web\/victoria-anulan-prohibicion-de-predicar-en-las-calles-tras-descontento-de-la-poblacion-en-reino-unido\/#breadcrumb\"},\"inLanguage\":\"es\",\"potentialAction\":[{\"@type\":\"ReadAction\",\"target\":[\"https:\/\/tabernaculoprensadedios.com\/web\/victoria-anulan-prohibicion-de-predicar-en-las-calles-tras-descontento-de-la-poblacion-en-reino-unido\/\"]}]},{\"@type\":\"ImageObject\",\"inLanguage\":\"es\",\"@id\":\"https:\/\/tabernaculoprensadedios.com\/web\/victoria-anulan-prohibicion-de-predicar-en-las-calles-tras-descontento-de-la-poblacion-en-reino-unido\/#primaryimage\",\"url\":\"https:\/\/tabernaculoprensadedios.com\/web\/wp-content\/uploads\/2025\/05\/496940902_1294861458975680_1736041466346077447_n.avif\",\"contentUrl\":\"https:\/\/tabernaculoprensadedios.com\/web\/wp-content\/uploads\/2025\/05\/496940902_1294861458975680_1736041466346077447_n.avif\",\"width\":707,\"height\":707},{\"@type\":\"BreadcrumbList\",\"@id\":\"https:\/\/tabernaculoprensadedios.com\/web\/victoria-anulan-prohibicion-de-predicar-en-las-calles-tras-descontento-de-la-poblacion-en-reino-unido\/#breadcrumb\",\"itemListElement\":[{\"@type\":\"ListItem\",\"position\":1,\"name\":\"Portada\",\"item\":\"https:\/\/tabernaculoprensadedios.com\/web\/\"},{\"@type\":\"ListItem\",\"position\":2,\"name\":\"\u00a1VICTORIA! Anulan prohibici\u00f3n de predicar en las calles tras descontento de la poblaci\u00f3n en Reino Unido\"}]},{\"@type\":\"WebSite\",\"@id\":\"https:\/\/tabernaculoprensadedios.com\/web\/#website\",\"url\":\"https:\/\/tabernaculoprensadedios.com\/web\/\",\"name\":\"Tabernaculo Prensa de Dios\",\"description\":\"Un medio a la manera de Dios\",\"publisher\":{\"@id\":\"https:\/\/tabernaculoprensadedios.com\/web\/#\/schema\/person\/bc0e069fef56b38e177db6f098ae0b6e\"},\"potentialAction\":[{\"@type\":\"SearchAction\",\"target\":{\"@type\":\"EntryPoint\",\"urlTemplate\":\"https:\/\/tabernaculoprensadedios.com\/web\/?s={search_term_string}\"},\"query-input\":{\"@type\":\"PropertyValueSpecification\",\"valueRequired\":true,\"valueName\":\"search_term_string\"}}],\"inLanguage\":\"es\"},{\"@type\":[\"Person\",\"Organization\"],\"@id\":\"https:\/\/tabernaculoprensadedios.com\/web\/#\/schema\/person\/bc0e069fef56b38e177db6f098ae0b6e\",\"name\":\"tabernaculo\",\"image\":{\"@type\":\"ImageObject\",\"inLanguage\":\"es\",\"@id\":\"https:\/\/tabernaculoprensadedios.com\/web\/#\/schema\/person\/image\/\",\"url\":\"https:\/\/tabernaculoprensadedios.com\/web\/wp-content\/uploads\/2015\/06\/login-logo1.png\",\"contentUrl\":\"https:\/\/tabernaculoprensadedios.com\/web\/wp-content\/uploads\/2015\/06\/login-logo1.png\",\"width\":300,\"height\":118,\"caption\":\"tabernaculo\"},\"logo\":{\"@id\":\"https:\/\/tabernaculoprensadedios.com\/web\/#\/schema\/person\/image\/\"},\"url\":\"https:\/\/tabernaculoprensadedios.com\/web\/author\/tabernaculo\/\"}]}<\/script>\n<!-- \/ Yoast SEO Premium plugin. -->","yoast_head_json":{"title":"\u00a1VICTORIA! Anulan prohibici\u00f3n de predicar en las calles tras descontento de la poblaci\u00f3n en Reino Unido - Tabernaculo Prensa de Dios","robots":{"index":"index","follow":"follow","max-snippet":"max-snippet:-1","max-image-preview":"max-image-preview:large","max-video-preview":"max-video-preview:-1"},"canonical":"https:\/\/tabernaculoprensadedios.com\/web\/victoria-anulan-prohibicion-de-predicar-en-las-calles-tras-descontento-de-la-poblacion-en-reino-unido\/","og_locale":"es_ES","og_type":"article","og_title":"\u00a1VICTORIA! Anulan prohibici\u00f3n de predicar en las calles tras descontento de la poblaci\u00f3n en Reino Unido","og_description":"Rushmoor Borough Council, en Hampshire, ha decidido pausar su intento de imponer una orden judicial que restringir\u00eda la predicaci\u00f3n cristiana, la oraci\u00f3n y la evangelizaci\u00f3n en los centros de Aldershot y Farnborough. Esta medida se tom\u00f3 despu\u00e9s de una ola de objeciones de l\u00edderes religiosos y activistas locales, quienes consideraron la propuesta como una amenaza &hellip;","og_url":"https:\/\/tabernaculoprensadedios.com\/web\/victoria-anulan-prohibicion-de-predicar-en-las-calles-tras-descontento-de-la-poblacion-en-reino-unido\/","og_site_name":"Tabernaculo Prensa de Dios","article_published_time":"2025-05-19T12:32:42+00:00","article_modified_time":"2025-05-19T17:26:31+00:00","og_image":[{"width":707,"height":707,"url":"https:\/\/tabernaculoprensadedios.com\/web\/wp-content\/uploads\/2025\/05\/496940902_1294861458975680_1736041466346077447_n.avif","type":"image\/jpeg"}],"author":"tabernaculo","twitter_card":"summary_large_image","twitter_creator":"@PrensadeDios","twitter_site":"@PrensadeDios","twitter_misc":{"Escrito por":"tabernaculo","Tiempo de lectura":"3 minutos"},"schema":{"@context":"https:\/\/schema.org","@graph":[{"@type":"Article","@id":"https:\/\/tabernaculoprensadedios.com\/web\/victoria-anulan-prohibicion-de-predicar-en-las-calles-tras-descontento-de-la-poblacion-en-reino-unido\/#article","isPartOf":{"@id":"https:\/\/tabernaculoprensadedios.com\/web\/victoria-anulan-prohibicion-de-predicar-en-las-calles-tras-descontento-de-la-poblacion-en-reino-unido\/"},"author":{"name":"tabernaculo","@id":"https:\/\/tabernaculoprensadedios.com\/web\/#\/schema\/person\/bc0e069fef56b38e177db6f098ae0b6e"},"headline":"\u00a1VICTORIA! Anulan prohibici\u00f3n de predicar en las calles tras descontento de la poblaci\u00f3n en Reino Unido","datePublished":"2025-05-19T12:32:42+00:00","dateModified":"2025-05-19T17:26:31+00:00","mainEntityOfPage":{"@id":"https:\/\/tabernaculoprensadedios.com\/web\/victoria-anulan-prohibicion-de-predicar-en-las-calles-tras-descontento-de-la-poblacion-en-reino-unido\/"},"wordCount":485,"commentCount":0,"publisher":{"@id":"https:\/\/tabernaculoprensadedios.com\/web\/#\/schema\/person\/bc0e069fef56b38e177db6f098ae0b6e"},"image":{"@id":"https:\/\/tabernaculoprensadedios.com\/web\/victoria-anulan-prohibicion-de-predicar-en-las-calles-tras-descontento-de-la-poblacion-en-reino-unido\/#primaryimage"},"thumbnailUrl":"https:\/\/tabernaculoprensadedios.com\/web\/wp-content\/uploads\/2025\/05\/496940902_1294861458975680_1736041466346077447_n.avif","articleSection":["Internacionales"],"inLanguage":"es","potentialAction":[{"@type":"CommentAction","name":"Comment","target":["https:\/\/tabernaculoprensadedios.com\/web\/victoria-anulan-prohibicion-de-predicar-en-las-calles-tras-descontento-de-la-poblacion-en-reino-unido\/#respond"]}]},{"@type":"WebPage","@id":"https:\/\/tabernaculoprensadedios.com\/web\/victoria-anulan-prohibicion-de-predicar-en-las-calles-tras-descontento-de-la-poblacion-en-reino-unido\/","url":"https:\/\/tabernaculoprensadedios.com\/web\/victoria-anulan-prohibicion-de-predicar-en-las-calles-tras-descontento-de-la-poblacion-en-reino-unido\/","name":"\u00a1VICTORIA! Anulan prohibici\u00f3n de predicar en las calles tras descontento de la poblaci\u00f3n en Reino Unido - Tabernaculo Prensa de Dios","isPartOf":{"@id":"https:\/\/tabernaculoprensadedios.com\/web\/#website"},"primaryImageOfPage":{"@id":"https:\/\/tabernaculoprensadedios.com\/web\/victoria-anulan-prohibicion-de-predicar-en-las-calles-tras-descontento-de-la-poblacion-en-reino-unido\/#primaryimage"},"image":{"@id":"https:\/\/tabernaculoprensadedios.com\/web\/victoria-anulan-prohibicion-de-predicar-en-las-calles-tras-descontento-de-la-poblacion-en-reino-unido\/#primaryimage"},"thumbnailUrl":"https:\/\/tabernaculoprensadedios.com\/web\/wp-content\/uploads\/2025\/05\/496940902_1294861458975680_1736041466346077447_n.avif","datePublished":"2025-05-19T12:32:42+00:00","dateModified":"2025-05-19T17:26:31+00:00","breadcrumb":{"@id":"https:\/\/tabernaculoprensadedios.com\/web\/victoria-anulan-prohibicion-de-predicar-en-las-calles-tras-descontento-de-la-poblacion-en-reino-unido\/#breadcrumb"},"inLanguage":"es","potentialAction":[{"@type":"ReadAction","target":["https:\/\/tabernaculoprensadedios.com\/web\/victoria-anulan-prohibicion-de-predicar-en-las-calles-tras-descontento-de-la-poblacion-en-reino-unido\/"]}]},{"@type":"ImageObject","inLanguage":"es","@id":"https:\/\/tabernaculoprensadedios.com\/web\/victoria-anulan-prohibicion-de-predicar-en-las-calles-tras-descontento-de-la-poblacion-en-reino-unido\/#primaryimage","url":"https:\/\/tabernaculoprensadedios.com\/web\/wp-content\/uploads\/2025\/05\/496940902_1294861458975680_1736041466346077447_n.avif","contentUrl":"https:\/\/tabernaculoprensadedios.com\/web\/wp-content\/uploads\/2025\/05\/496940902_1294861458975680_1736041466346077447_n.avif","width":707,"height":707},{"@type":"BreadcrumbList","@id":"https:\/\/tabernaculoprensadedios.com\/web\/victoria-anulan-prohibicion-de-predicar-en-las-calles-tras-descontento-de-la-poblacion-en-reino-unido\/#breadcrumb","itemListElement":[{"@type":"ListItem","position":1,"name":"Portada","item":"https:\/\/tabernaculoprensadedios.com\/web\/"},{"@type":"ListItem","position":2,"name":"\u00a1VICTORIA! Anulan prohibici\u00f3n de predicar en las calles tras descontento de la poblaci\u00f3n en Reino Unido"}]},{"@type":"WebSite","@id":"https:\/\/tabernaculoprensadedios.com\/web\/#website","url":"https:\/\/tabernaculoprensadedios.com\/web\/","name":"Tabernaculo Prensa de Dios","description":"Un medio a la manera de Dios","publisher":{"@id":"https:\/\/tabernaculoprensadedios.com\/web\/#\/schema\/person\/bc0e069fef56b38e177db6f098ae0b6e"},"potentialAction":[{"@type":"SearchAction","target":{"@type":"EntryPoint","urlTemplate":"https:\/\/tabernaculoprensadedios.com\/web\/?s={search_term_string}"},"query-input":{"@type":"PropertyValueSpecification","valueRequired":true,"valueName":"search_term_string"}}],"inLanguage":"es"},{"@type":["Person","Organization"],"@id":"https:\/\/tabernaculoprensadedios.com\/web\/#\/schema\/person\/bc0e069fef56b38e177db6f098ae0b6e","name":"tabernaculo","image":{"@type":"ImageObject","inLanguage":"es","@id":"https:\/\/tabernaculoprensadedios.com\/web\/#\/schema\/person\/image\/","url":"https:\/\/tabernaculoprensadedios.com\/web\/wp-content\/uploads\/2015\/06\/login-logo1.png","contentUrl":"https:\/\/tabernaculoprensadedios.com\/web\/wp-content\/uploads\/2015\/06\/login-logo1.png","width":300,"height":118,"caption":"tabernaculo"},"logo":{"@id":"https:\/\/tabernaculoprensadedios.com\/web\/#\/schema\/person\/image\/"},"url":"https:\/\/tabernaculoprensadedios.com\/web\/author\/tabernaculo\/"}]}},"_links":{"self":[{"href":"https:\/\/tabernaculoprensadedios.com\/web\/wp-json\/wp\/v2\/posts\/34676","targetHints":{"allow":["GET"]}}],"collection":[{"href":"https:\/\/tabernaculoprensadedios.com\/web\/wp-json\/wp\/v2\/posts"}],"about":[{"href":"https:\/\/tabernaculoprensadedios.com\/web\/wp-json\/wp\/v2\/types\/post"}],"author":[{"embeddable":true,"href":"https:\/\/tabernaculoprensadedios.com\/web\/wp-json\/wp\/v2\/users\/1"}],"replies":[{"embeddable":true,"href":"https:\/\/tabernaculoprensadedios.com\/web\/wp-json\/wp\/v2\/comments?post=34676"}],"version-history":[{"count":2,"href":"https:\/\/tabernaculoprensadedios.com\/web\/wp-json\/wp\/v2\/posts\/34676\/revisions"}],"predecessor-version":[{"id":34679,"href":"https:\/\/tabernaculoprensadedios.com\/web\/wp-json\/wp\/v2\/posts\/34676\/revisions\/34679"}],"wp:featuredmedia":[{"embeddable":true,"href":"https:\/\/tabernaculoprensadedios.com\/web\/wp-json\/wp\/v2\/media\/34677"}],"wp:attachment":[{"href":"https:\/\/tabernaculoprensadedios.com\/web\/wp-json\/wp\/v2\/media?parent=34676"}],"wp:term":[{"taxonomy":"category","embeddable":true,"href":"https:\/\/tabernaculoprensadedios.com\/web\/wp-json\/wp\/v2\/categories?post=34676"},{"taxonomy":"post_tag","embeddable":true,"href":"https:\/\/tabernaculoprensadedios.com\/web\/wp-json\/wp\/v2\/tags?post=34676"}],"curies":[{"name":"wp","href":"https:\/\/api.w.org\/{rel}","templated":true}]}}