{"id":34658,"date":"2025-05-15T23:26:21","date_gmt":"2025-05-15T23:26:21","guid":{"rendered":"https:\/\/tabernaculoprensadedios.com\/web\/?p=34658"},"modified":"2025-05-15T23:45:53","modified_gmt":"2025-05-15T23:45:53","slug":"unev-celebra-su-70a-graduacion-resaltando-el-rol-de-la-familia-como-propuestas-para-fortalecer-la-educacion-desde-el-hogar","status":"publish","type":"post","link":"https:\/\/tabernaculoprensadedios.com\/web\/unev-celebra-su-70a-graduacion-resaltando-el-rol-de-la-familia-como-propuestas-para-fortalecer-la-educacion-desde-el-hogar\/","title":{"rendered":"UNEV celebra su 70\u00aa graduaci\u00f3n resaltando el rol de la familia como propuestas para fortalecer la educaci\u00f3n desde el hogar"},"content":{"rendered":"<p>El Dr. Reyes tambi\u00e9n manifest\u00f3 su preocupaci\u00f3n ante la creciente p\u00e9rdida de principios en el pa\u00eds, lamentando la exclusi\u00f3n de materias como\u00a0<strong>Moral y C\u00edvica<\/strong>\u00a0del sistema educativo formal. En respuesta, present\u00f3\u00a0<strong>tres iniciativas estrat\u00e9gicas<\/strong> impulsadas desde la UNEV:1. Comisi\u00f3n Nacional de Educaci\u00f3n Familiar 2* Una red de actores sociales comprometidos con la formaci\u00f3n ciudadana,presente en todo el territorio nacional t 3- Formaci\u00f3n especializada desde la UNEV.<\/p>\n<p>Programas acad\u00e9micos dise\u00f1ados para capacitar a estos promotores en el desarrollo de habilidades educativas con enfoque \u00e9tico y espiritual.<\/p>\n<p>El rector concluy\u00f3 su mensaje con una cita de\u00a0<strong>Albert Einstein<\/strong>:<\/p>\n<blockquote><p><em>\u201cLocura es hacer lo mismo una y otra vez esperando obtener resultados diferentes\u201d<\/em>, invitando a los presentes a comprometerse con una verdadera transformaci\u00f3n educativa\u00a0<strong>desde la ra\u00edz: la familia<\/strong>.<\/p><\/blockquote>\n<p><strong>\u00a0Autoridades e invitados presentes<br \/>\n<\/strong>El acto cont\u00f3 con la participaci\u00f3n de distinguidas personalidades del \u00e1mbito acad\u00e9mico y gubernamental, entre ellas:<\/p>\n<ul>\n<li><strong>Ing. Bernab\u00e9 Ma\u00f1\u00f3n Rossi<\/strong>, presidente de la Fundaci\u00f3n Evang\u00e9lica Universitaria (FEU)<\/li>\n<li><strong>Dra. C\u00e1ndida J\u00e1quez<\/strong>, Vicerrectora Acad\u00e9mica<\/li>\n<li><strong>Ing. Epifanio Gonz\u00e1lez Minaya<\/strong>, Vicerrector Administrativo<\/li>\n<li><strong>Dr. Franklin Garc\u00eda Ferm\u00edn<\/strong>, Ministro de Educaci\u00f3n Superior, Ciencia y Tecnolog\u00eda (MESCyT)<\/li>\n<\/ul>\n<p><strong>\u00a0Un compromiso con la excelencia integral<br \/>\n<\/strong>La UNEV reafirma con este acto su visi\u00f3n de\u00a0<strong>formar profesionales competentes y ciudadanos comprometidos<\/strong>, promoviendo una educaci\u00f3n que combine la excelencia acad\u00e9mica con los valores que solo pueden cultivarse desde el hogar.<\/p>\n<blockquote><p>\u00a0<em>\u201cDonde hay familia, hay futuro. Donde hay valores, hay transformaci\u00f3n.\u201d<\/em><\/p><\/blockquote>\n<p><img loading=\"lazy\" decoding=\"async\" class=\"alignnone size-full wp-image-34667\" src=\"https:\/\/tabernaculoprensadedios.com\/web\/wp-content\/uploads\/2025\/05\/IMG-20250515-WA0009.avif\" alt=\"\" width=\"1600\" height=\"900\" srcset=\"https:\/\/tabernaculoprensadedios.com\/web\/wp-content\/uploads\/2025\/05\/IMG-20250515-WA0009.avif 1600w, https:\/\/tabernaculoprensadedios.com\/web\/wp-content\/uploads\/2025\/05\/IMG-20250515-WA0009-390x220.avif 390w\" sizes=\"auto, (max-width: 1600px) 100vw, 1600px\" \/> \u00a0<img loading=\"lazy\" decoding=\"async\" class=\"alignnone size-full wp-image-34665\" src=\"https:\/\/tabernaculoprensadedios.com\/web\/wp-content\/uploads\/2025\/05\/IMG-20250515-WA0007.avif\" alt=\"\" width=\"1600\" height=\"900\" srcset=\"https:\/\/tabernaculoprensadedios.com\/web\/wp-content\/uploads\/2025\/05\/IMG-20250515-WA0007.avif 1600w, https:\/\/tabernaculoprensadedios.com\/web\/wp-content\/uploads\/2025\/05\/IMG-20250515-WA0007-390x220.avif 390w\" sizes=\"auto, (max-width: 1600px) 100vw, 1600px\" \/> <img loading=\"lazy\" decoding=\"async\" class=\"alignnone size-full wp-image-34664\" src=\"https:\/\/tabernaculoprensadedios.com\/web\/wp-content\/uploads\/2025\/05\/IMG-20250515-WA0006.avif\" alt=\"\" width=\"1600\" height=\"900\" srcset=\"https:\/\/tabernaculoprensadedios.com\/web\/wp-content\/uploads\/2025\/05\/IMG-20250515-WA0006.avif 1600w, https:\/\/tabernaculoprensadedios.com\/web\/wp-content\/uploads\/2025\/05\/IMG-20250515-WA0006-390x220.avif 390w\" sizes=\"auto, (max-width: 1600px) 100vw, 1600px\" \/> <img loading=\"lazy\" decoding=\"async\" class=\"alignnone size-full wp-image-34663\" src=\"https:\/\/tabernaculoprensadedios.com\/web\/wp-content\/uploads\/2025\/05\/IMG-20250515-WA0005.avif\" alt=\"\" width=\"1600\" height=\"900\" srcset=\"https:\/\/tabernaculoprensadedios.com\/web\/wp-content\/uploads\/2025\/05\/IMG-20250515-WA0005.avif 1600w, https:\/\/tabernaculoprensadedios.com\/web\/wp-content\/uploads\/2025\/05\/IMG-20250515-WA0005-390x220.avif 390w\" sizes=\"auto, (max-width: 1600px) 100vw, 1600px\" \/> <img loading=\"lazy\" decoding=\"async\" class=\"alignnone size-full wp-image-34662\" src=\"https:\/\/tabernaculoprensadedios.com\/web\/wp-content\/uploads\/2025\/05\/IMG-20250515-WA0004.avif\" alt=\"\" width=\"1600\" height=\"900\" srcset=\"https:\/\/tabernaculoprensadedios.com\/web\/wp-content\/uploads\/2025\/05\/IMG-20250515-WA0004.avif 1600w, https:\/\/tabernaculoprensadedios.com\/web\/wp-content\/uploads\/2025\/05\/IMG-20250515-WA0004-390x220.avif 390w\" sizes=\"auto, (max-width: 1600px) 100vw, 1600px\" \/> <img loading=\"lazy\" decoding=\"async\" class=\"alignnone size-full wp-image-34661\" src=\"https:\/\/tabernaculoprensadedios.com\/web\/wp-content\/uploads\/2025\/05\/IMG-20250515-WA0003.avif\" alt=\"\" width=\"1600\" height=\"900\" srcset=\"https:\/\/tabernaculoprensadedios.com\/web\/wp-content\/uploads\/2025\/05\/IMG-20250515-WA0003.avif 1600w, https:\/\/tabernaculoprensadedios.com\/web\/wp-content\/uploads\/2025\/05\/IMG-20250515-WA0003-390x220.avif 390w\" sizes=\"auto, (max-width: 1600px) 100vw, 1600px\" \/> <img loading=\"lazy\" decoding=\"async\" class=\"alignnone size-full wp-image-34660\" src=\"https:\/\/tabernaculoprensadedios.com\/web\/wp-content\/uploads\/2025\/05\/IMG-20250515-WA0002.avif\" alt=\"\" width=\"1600\" height=\"900\" srcset=\"https:\/\/tabernaculoprensadedios.com\/web\/wp-content\/uploads\/2025\/05\/IMG-20250515-WA0002.avif 1600w, https:\/\/tabernaculoprensadedios.com\/web\/wp-content\/uploads\/2025\/05\/IMG-20250515-WA0002-390x220.avif 390w\" sizes=\"auto, (max-width: 1600px) 100vw, 1600px\" \/><\/p>\n","protected":false},"excerpt":{"rendered":"<p>El Dr. Reyes tambi\u00e9n manifest\u00f3 su preocupaci\u00f3n ante la creciente p\u00e9rdida de principios en el pa\u00eds, lamentando la exclusi\u00f3n de materias como\u00a0Moral y C\u00edvica\u00a0del sistema educativo formal. En respuesta, present\u00f3\u00a0tres iniciativas estrat\u00e9gicas impulsadas desde la UNEV:1. Comisi\u00f3n Nacional de Educaci\u00f3n Familiar 2* Una red de actores sociales comprometidos con la formaci\u00f3n ciudadana,presente en todo el &hellip;<\/p>\n","protected":false},"author":1,"featured_media":34673,"comment_status":"open","ping_status":"open","sticky":false,"template":"","format":"standard","meta":{"footnotes":""},"categories":[19],"tags":[],"class_list":["post-34658","post","type-post","status-publish","format-standard","has-post-thumbnail","hentry","category-educacion"],"yoast_head":"<!-- This site is optimized with the Yoast SEO Premium plugin v24.2 (Yoast SEO v27.1.1) - https:\/\/yoast.com\/product\/yoast-seo-premium-wordpress\/ -->\n<title>UNEV celebra su 70\u00aa graduaci\u00f3n resaltando el rol de la familia como propuestas para fortalecer la educaci\u00f3n desde el hogar - Tabernaculo Prensa de Dios<\/title>\n<meta name=\"robots\" content=\"index, follow, max-snippet:-1, max-image-preview:large, max-video-preview:-1\" \/>\n<link rel=\"canonical\" href=\"https:\/\/tabernaculoprensadedios.com\/web\/unev-celebra-su-70a-graduacion-resaltando-el-rol-de-la-familia-como-propuestas-para-fortalecer-la-educacion-desde-el-hogar\/\" class=\"yoast-seo-meta-tag\" \/>\n<meta property=\"og:locale\" content=\"es_ES\" class=\"yoast-seo-meta-tag\" \/>\n<meta property=\"og:type\" content=\"article\" class=\"yoast-seo-meta-tag\" \/>\n<meta property=\"og:title\" content=\"UNEV celebra su 70\u00aa graduaci\u00f3n resaltando el rol de la familia como propuestas para fortalecer la educaci\u00f3n desde el hogar\" class=\"yoast-seo-meta-tag\" \/>\n<meta property=\"og:description\" content=\"El Dr. Reyes tambi\u00e9n manifest\u00f3 su preocupaci\u00f3n ante la creciente p\u00e9rdida de principios en el pa\u00eds, lamentando la exclusi\u00f3n de materias como\u00a0Moral y C\u00edvica\u00a0del sistema educativo formal. En respuesta, present\u00f3\u00a0tres iniciativas estrat\u00e9gicas impulsadas desde la UNEV:1. Comisi\u00f3n Nacional de Educaci\u00f3n Familiar 2* Una red de actores sociales comprometidos con la formaci\u00f3n ciudadana,presente en todo el &hellip;\" class=\"yoast-seo-meta-tag\" \/>\n<meta property=\"og:url\" content=\"https:\/\/tabernaculoprensadedios.com\/web\/unev-celebra-su-70a-graduacion-resaltando-el-rol-de-la-familia-como-propuestas-para-fortalecer-la-educacion-desde-el-hogar\/\" class=\"yoast-seo-meta-tag\" \/>\n<meta property=\"og:site_name\" content=\"Tabernaculo Prensa de Dios\" class=\"yoast-seo-meta-tag\" \/>\n<meta property=\"article:published_time\" content=\"2025-05-15T23:26:21+00:00\" class=\"yoast-seo-meta-tag\" \/>\n<meta property=\"article:modified_time\" content=\"2025-05-15T23:45:53+00:00\" class=\"yoast-seo-meta-tag\" \/>\n<meta property=\"og:image\" content=\"https:\/\/tabernaculoprensadedios.com\/web\/wp-content\/uploads\/2025\/05\/rector-graduacion-1.avif\" class=\"yoast-seo-meta-tag\" \/>\n\t<meta property=\"og:image:width\" content=\"681\" class=\"yoast-seo-meta-tag\" \/>\n\t<meta property=\"og:image:height\" content=\"474\" class=\"yoast-seo-meta-tag\" \/>\n\t<meta property=\"og:image:type\" content=\"image\/jpeg\" class=\"yoast-seo-meta-tag\" \/>\n<meta name=\"author\" content=\"tabernaculo\" class=\"yoast-seo-meta-tag\" \/>\n<meta name=\"twitter:card\" content=\"summary_large_image\" class=\"yoast-seo-meta-tag\" \/>\n<meta name=\"twitter:creator\" content=\"@PrensadeDios\" class=\"yoast-seo-meta-tag\" \/>\n<meta name=\"twitter:site\" content=\"@PrensadeDios\" class=\"yoast-seo-meta-tag\" \/>\n<meta name=\"twitter:label1\" content=\"Escrito por\" class=\"yoast-seo-meta-tag\" \/>\n\t<meta name=\"twitter:data1\" content=\"tabernaculo\" class=\"yoast-seo-meta-tag\" \/>\n\t<meta name=\"twitter:label2\" content=\"Tiempo de lectura\" class=\"yoast-seo-meta-tag\" \/>\n\t<meta name=\"twitter:data2\" content=\"3 minutos\" class=\"yoast-seo-meta-tag\" \/>\n<script type=\"application\/ld+json\" class=\"yoast-schema-graph\">{\"@context\":\"https:\/\/schema.org\",\"@graph\":[{\"@type\":\"Article\",\"@id\":\"https:\/\/tabernaculoprensadedios.com\/web\/unev-celebra-su-70a-graduacion-resaltando-el-rol-de-la-familia-como-propuestas-para-fortalecer-la-educacion-desde-el-hogar\/#article\",\"isPartOf\":{\"@id\":\"https:\/\/tabernaculoprensadedios.com\/web\/unev-celebra-su-70a-graduacion-resaltando-el-rol-de-la-familia-como-propuestas-para-fortalecer-la-educacion-desde-el-hogar\/\"},\"author\":{\"name\":\"tabernaculo\",\"@id\":\"https:\/\/tabernaculoprensadedios.com\/web\/#\/schema\/person\/bc0e069fef56b38e177db6f098ae0b6e\"},\"headline\":\"UNEV celebra su 70\u00aa graduaci\u00f3n resaltando el rol de la familia como propuestas para fortalecer la educaci\u00f3n desde el hogar\",\"datePublished\":\"2025-05-15T23:26:21+00:00\",\"dateModified\":\"2025-05-15T23:45:53+00:00\",\"mainEntityOfPage\":{\"@id\":\"https:\/\/tabernaculoprensadedios.com\/web\/unev-celebra-su-70a-graduacion-resaltando-el-rol-de-la-familia-como-propuestas-para-fortalecer-la-educacion-desde-el-hogar\/\"},\"wordCount\":282,\"commentCount\":0,\"publisher\":{\"@id\":\"https:\/\/tabernaculoprensadedios.com\/web\/#\/schema\/person\/bc0e069fef56b38e177db6f098ae0b6e\"},\"image\":{\"@id\":\"https:\/\/tabernaculoprensadedios.com\/web\/unev-celebra-su-70a-graduacion-resaltando-el-rol-de-la-familia-como-propuestas-para-fortalecer-la-educacion-desde-el-hogar\/#primaryimage\"},\"thumbnailUrl\":\"https:\/\/tabernaculoprensadedios.com\/web\/wp-content\/uploads\/2025\/05\/rector-graduacion-1.avif\",\"articleSection\":[\"Educaci\u00f3n\"],\"inLanguage\":\"es\",\"potentialAction\":[{\"@type\":\"CommentAction\",\"name\":\"Comment\",\"target\":[\"https:\/\/tabernaculoprensadedios.com\/web\/unev-celebra-su-70a-graduacion-resaltando-el-rol-de-la-familia-como-propuestas-para-fortalecer-la-educacion-desde-el-hogar\/#respond\"]}]},{\"@type\":\"WebPage\",\"@id\":\"https:\/\/tabernaculoprensadedios.com\/web\/unev-celebra-su-70a-graduacion-resaltando-el-rol-de-la-familia-como-propuestas-para-fortalecer-la-educacion-desde-el-hogar\/\",\"url\":\"https:\/\/tabernaculoprensadedios.com\/web\/unev-celebra-su-70a-graduacion-resaltando-el-rol-de-la-familia-como-propuestas-para-fortalecer-la-educacion-desde-el-hogar\/\",\"name\":\"UNEV celebra su 70\u00aa graduaci\u00f3n resaltando el rol de la familia como propuestas para fortalecer la educaci\u00f3n desde el hogar - Tabernaculo Prensa de Dios\",\"isPartOf\":{\"@id\":\"https:\/\/tabernaculoprensadedios.com\/web\/#website\"},\"primaryImageOfPage\":{\"@id\":\"https:\/\/tabernaculoprensadedios.com\/web\/unev-celebra-su-70a-graduacion-resaltando-el-rol-de-la-familia-como-propuestas-para-fortalecer-la-educacion-desde-el-hogar\/#primaryimage\"},\"image\":{\"@id\":\"https:\/\/tabernaculoprensadedios.com\/web\/unev-celebra-su-70a-graduacion-resaltando-el-rol-de-la-familia-como-propuestas-para-fortalecer-la-educacion-desde-el-hogar\/#primaryimage\"},\"thumbnailUrl\":\"https:\/\/tabernaculoprensadedios.com\/web\/wp-content\/uploads\/2025\/05\/rector-graduacion-1.avif\",\"datePublished\":\"2025-05-15T23:26:21+00:00\",\"dateModified\":\"2025-05-15T23:45:53+00:00\",\"breadcrumb\":{\"@id\":\"https:\/\/tabernaculoprensadedios.com\/web\/unev-celebra-su-70a-graduacion-resaltando-el-rol-de-la-familia-como-propuestas-para-fortalecer-la-educacion-desde-el-hogar\/#breadcrumb\"},\"inLanguage\":\"es\",\"potentialAction\":[{\"@type\":\"ReadAction\",\"target\":[\"https:\/\/tabernaculoprensadedios.com\/web\/unev-celebra-su-70a-graduacion-resaltando-el-rol-de-la-familia-como-propuestas-para-fortalecer-la-educacion-desde-el-hogar\/\"]}]},{\"@type\":\"ImageObject\",\"inLanguage\":\"es\",\"@id\":\"https:\/\/tabernaculoprensadedios.com\/web\/unev-celebra-su-70a-graduacion-resaltando-el-rol-de-la-familia-como-propuestas-para-fortalecer-la-educacion-desde-el-hogar\/#primaryimage\",\"url\":\"https:\/\/tabernaculoprensadedios.com\/web\/wp-content\/uploads\/2025\/05\/rector-graduacion-1.avif\",\"contentUrl\":\"https:\/\/tabernaculoprensadedios.com\/web\/wp-content\/uploads\/2025\/05\/rector-graduacion-1.avif\",\"width\":681,\"height\":474},{\"@type\":\"BreadcrumbList\",\"@id\":\"https:\/\/tabernaculoprensadedios.com\/web\/unev-celebra-su-70a-graduacion-resaltando-el-rol-de-la-familia-como-propuestas-para-fortalecer-la-educacion-desde-el-hogar\/#breadcrumb\",\"itemListElement\":[{\"@type\":\"ListItem\",\"position\":1,\"name\":\"Portada\",\"item\":\"https:\/\/tabernaculoprensadedios.com\/web\/\"},{\"@type\":\"ListItem\",\"position\":2,\"name\":\"UNEV celebra su 70\u00aa graduaci\u00f3n resaltando el rol de la familia como propuestas para fortalecer la educaci\u00f3n desde el hogar\"}]},{\"@type\":\"WebSite\",\"@id\":\"https:\/\/tabernaculoprensadedios.com\/web\/#website\",\"url\":\"https:\/\/tabernaculoprensadedios.com\/web\/\",\"name\":\"Tabernaculo Prensa de Dios\",\"description\":\"Un medio a la manera de Dios\",\"publisher\":{\"@id\":\"https:\/\/tabernaculoprensadedios.com\/web\/#\/schema\/person\/bc0e069fef56b38e177db6f098ae0b6e\"},\"potentialAction\":[{\"@type\":\"SearchAction\",\"target\":{\"@type\":\"EntryPoint\",\"urlTemplate\":\"https:\/\/tabernaculoprensadedios.com\/web\/?s={search_term_string}\"},\"query-input\":{\"@type\":\"PropertyValueSpecification\",\"valueRequired\":true,\"valueName\":\"search_term_string\"}}],\"inLanguage\":\"es\"},{\"@type\":[\"Person\",\"Organization\"],\"@id\":\"https:\/\/tabernaculoprensadedios.com\/web\/#\/schema\/person\/bc0e069fef56b38e177db6f098ae0b6e\",\"name\":\"tabernaculo\",\"image\":{\"@type\":\"ImageObject\",\"inLanguage\":\"es\",\"@id\":\"https:\/\/tabernaculoprensadedios.com\/web\/#\/schema\/person\/image\/\",\"url\":\"https:\/\/tabernaculoprensadedios.com\/web\/wp-content\/uploads\/2015\/06\/login-logo1.png\",\"contentUrl\":\"https:\/\/tabernaculoprensadedios.com\/web\/wp-content\/uploads\/2015\/06\/login-logo1.png\",\"width\":300,\"height\":118,\"caption\":\"tabernaculo\"},\"logo\":{\"@id\":\"https:\/\/tabernaculoprensadedios.com\/web\/#\/schema\/person\/image\/\"},\"url\":\"https:\/\/tabernaculoprensadedios.com\/web\/author\/tabernaculo\/\"}]}<\/script>\n<!-- \/ Yoast SEO Premium plugin. -->","yoast_head_json":{"title":"UNEV celebra su 70\u00aa graduaci\u00f3n resaltando el rol de la familia como propuestas para fortalecer la educaci\u00f3n desde el hogar - Tabernaculo Prensa de Dios","robots":{"index":"index","follow":"follow","max-snippet":"max-snippet:-1","max-image-preview":"max-image-preview:large","max-video-preview":"max-video-preview:-1"},"canonical":"https:\/\/tabernaculoprensadedios.com\/web\/unev-celebra-su-70a-graduacion-resaltando-el-rol-de-la-familia-como-propuestas-para-fortalecer-la-educacion-desde-el-hogar\/","og_locale":"es_ES","og_type":"article","og_title":"UNEV celebra su 70\u00aa graduaci\u00f3n resaltando el rol de la familia como propuestas para fortalecer la educaci\u00f3n desde el hogar","og_description":"El Dr. Reyes tambi\u00e9n manifest\u00f3 su preocupaci\u00f3n ante la creciente p\u00e9rdida de principios en el pa\u00eds, lamentando la exclusi\u00f3n de materias como\u00a0Moral y C\u00edvica\u00a0del sistema educativo formal. En respuesta, present\u00f3\u00a0tres iniciativas estrat\u00e9gicas impulsadas desde la UNEV:1. Comisi\u00f3n Nacional de Educaci\u00f3n Familiar 2* Una red de actores sociales comprometidos con la formaci\u00f3n ciudadana,presente en todo el &hellip;","og_url":"https:\/\/tabernaculoprensadedios.com\/web\/unev-celebra-su-70a-graduacion-resaltando-el-rol-de-la-familia-como-propuestas-para-fortalecer-la-educacion-desde-el-hogar\/","og_site_name":"Tabernaculo Prensa de Dios","article_published_time":"2025-05-15T23:26:21+00:00","article_modified_time":"2025-05-15T23:45:53+00:00","og_image":[{"width":681,"height":474,"url":"https:\/\/tabernaculoprensadedios.com\/web\/wp-content\/uploads\/2025\/05\/rector-graduacion-1.avif","type":"image\/jpeg"}],"author":"tabernaculo","twitter_card":"summary_large_image","twitter_creator":"@PrensadeDios","twitter_site":"@PrensadeDios","twitter_misc":{"Escrito por":"tabernaculo","Tiempo de lectura":"3 minutos"},"schema":{"@context":"https:\/\/schema.org","@graph":[{"@type":"Article","@id":"https:\/\/tabernaculoprensadedios.com\/web\/unev-celebra-su-70a-graduacion-resaltando-el-rol-de-la-familia-como-propuestas-para-fortalecer-la-educacion-desde-el-hogar\/#article","isPartOf":{"@id":"https:\/\/tabernaculoprensadedios.com\/web\/unev-celebra-su-70a-graduacion-resaltando-el-rol-de-la-familia-como-propuestas-para-fortalecer-la-educacion-desde-el-hogar\/"},"author":{"name":"tabernaculo","@id":"https:\/\/tabernaculoprensadedios.com\/web\/#\/schema\/person\/bc0e069fef56b38e177db6f098ae0b6e"},"headline":"UNEV celebra su 70\u00aa graduaci\u00f3n resaltando el rol de la familia como propuestas para fortalecer la educaci\u00f3n desde el hogar","datePublished":"2025-05-15T23:26:21+00:00","dateModified":"2025-05-15T23:45:53+00:00","mainEntityOfPage":{"@id":"https:\/\/tabernaculoprensadedios.com\/web\/unev-celebra-su-70a-graduacion-resaltando-el-rol-de-la-familia-como-propuestas-para-fortalecer-la-educacion-desde-el-hogar\/"},"wordCount":282,"commentCount":0,"publisher":{"@id":"https:\/\/tabernaculoprensadedios.com\/web\/#\/schema\/person\/bc0e069fef56b38e177db6f098ae0b6e"},"image":{"@id":"https:\/\/tabernaculoprensadedios.com\/web\/unev-celebra-su-70a-graduacion-resaltando-el-rol-de-la-familia-como-propuestas-para-fortalecer-la-educacion-desde-el-hogar\/#primaryimage"},"thumbnailUrl":"https:\/\/tabernaculoprensadedios.com\/web\/wp-content\/uploads\/2025\/05\/rector-graduacion-1.avif","articleSection":["Educaci\u00f3n"],"inLanguage":"es","potentialAction":[{"@type":"CommentAction","name":"Comment","target":["https:\/\/tabernaculoprensadedios.com\/web\/unev-celebra-su-70a-graduacion-resaltando-el-rol-de-la-familia-como-propuestas-para-fortalecer-la-educacion-desde-el-hogar\/#respond"]}]},{"@type":"WebPage","@id":"https:\/\/tabernaculoprensadedios.com\/web\/unev-celebra-su-70a-graduacion-resaltando-el-rol-de-la-familia-como-propuestas-para-fortalecer-la-educacion-desde-el-hogar\/","url":"https:\/\/tabernaculoprensadedios.com\/web\/unev-celebra-su-70a-graduacion-resaltando-el-rol-de-la-familia-como-propuestas-para-fortalecer-la-educacion-desde-el-hogar\/","name":"UNEV celebra su 70\u00aa graduaci\u00f3n resaltando el rol de la familia como propuestas para fortalecer la educaci\u00f3n desde el hogar - Tabernaculo Prensa de Dios","isPartOf":{"@id":"https:\/\/tabernaculoprensadedios.com\/web\/#website"},"primaryImageOfPage":{"@id":"https:\/\/tabernaculoprensadedios.com\/web\/unev-celebra-su-70a-graduacion-resaltando-el-rol-de-la-familia-como-propuestas-para-fortalecer-la-educacion-desde-el-hogar\/#primaryimage"},"image":{"@id":"https:\/\/tabernaculoprensadedios.com\/web\/unev-celebra-su-70a-graduacion-resaltando-el-rol-de-la-familia-como-propuestas-para-fortalecer-la-educacion-desde-el-hogar\/#primaryimage"},"thumbnailUrl":"https:\/\/tabernaculoprensadedios.com\/web\/wp-content\/uploads\/2025\/05\/rector-graduacion-1.avif","datePublished":"2025-05-15T23:26:21+00:00","dateModified":"2025-05-15T23:45:53+00:00","breadcrumb":{"@id":"https:\/\/tabernaculoprensadedios.com\/web\/unev-celebra-su-70a-graduacion-resaltando-el-rol-de-la-familia-como-propuestas-para-fortalecer-la-educacion-desde-el-hogar\/#breadcrumb"},"inLanguage":"es","potentialAction":[{"@type":"ReadAction","target":["https:\/\/tabernaculoprensadedios.com\/web\/unev-celebra-su-70a-graduacion-resaltando-el-rol-de-la-familia-como-propuestas-para-fortalecer-la-educacion-desde-el-hogar\/"]}]},{"@type":"ImageObject","inLanguage":"es","@id":"https:\/\/tabernaculoprensadedios.com\/web\/unev-celebra-su-70a-graduacion-resaltando-el-rol-de-la-familia-como-propuestas-para-fortalecer-la-educacion-desde-el-hogar\/#primaryimage","url":"https:\/\/tabernaculoprensadedios.com\/web\/wp-content\/uploads\/2025\/05\/rector-graduacion-1.avif","contentUrl":"https:\/\/tabernaculoprensadedios.com\/web\/wp-content\/uploads\/2025\/05\/rector-graduacion-1.avif","width":681,"height":474},{"@type":"BreadcrumbList","@id":"https:\/\/tabernaculoprensadedios.com\/web\/unev-celebra-su-70a-graduacion-resaltando-el-rol-de-la-familia-como-propuestas-para-fortalecer-la-educacion-desde-el-hogar\/#breadcrumb","itemListElement":[{"@type":"ListItem","position":1,"name":"Portada","item":"https:\/\/tabernaculoprensadedios.com\/web\/"},{"@type":"ListItem","position":2,"name":"UNEV celebra su 70\u00aa graduaci\u00f3n resaltando el rol de la familia como propuestas para fortalecer la educaci\u00f3n desde el hogar"}]},{"@type":"WebSite","@id":"https:\/\/tabernaculoprensadedios.com\/web\/#website","url":"https:\/\/tabernaculoprensadedios.com\/web\/","name":"Tabernaculo Prensa de Dios","description":"Un medio a la manera de Dios","publisher":{"@id":"https:\/\/tabernaculoprensadedios.com\/web\/#\/schema\/person\/bc0e069fef56b38e177db6f098ae0b6e"},"potentialAction":[{"@type":"SearchAction","target":{"@type":"EntryPoint","urlTemplate":"https:\/\/tabernaculoprensadedios.com\/web\/?s={search_term_string}"},"query-input":{"@type":"PropertyValueSpecification","valueRequired":true,"valueName":"search_term_string"}}],"inLanguage":"es"},{"@type":["Person","Organization"],"@id":"https:\/\/tabernaculoprensadedios.com\/web\/#\/schema\/person\/bc0e069fef56b38e177db6f098ae0b6e","name":"tabernaculo","image":{"@type":"ImageObject","inLanguage":"es","@id":"https:\/\/tabernaculoprensadedios.com\/web\/#\/schema\/person\/image\/","url":"https:\/\/tabernaculoprensadedios.com\/web\/wp-content\/uploads\/2015\/06\/login-logo1.png","contentUrl":"https:\/\/tabernaculoprensadedios.com\/web\/wp-content\/uploads\/2015\/06\/login-logo1.png","width":300,"height":118,"caption":"tabernaculo"},"logo":{"@id":"https:\/\/tabernaculoprensadedios.com\/web\/#\/schema\/person\/image\/"},"url":"https:\/\/tabernaculoprensadedios.com\/web\/author\/tabernaculo\/"}]}},"_links":{"self":[{"href":"https:\/\/tabernaculoprensadedios.com\/web\/wp-json\/wp\/v2\/posts\/34658","targetHints":{"allow":["GET"]}}],"collection":[{"href":"https:\/\/tabernaculoprensadedios.com\/web\/wp-json\/wp\/v2\/posts"}],"about":[{"href":"https:\/\/tabernaculoprensadedios.com\/web\/wp-json\/wp\/v2\/types\/post"}],"author":[{"embeddable":true,"href":"https:\/\/tabernaculoprensadedios.com\/web\/wp-json\/wp\/v2\/users\/1"}],"replies":[{"embeddable":true,"href":"https:\/\/tabernaculoprensadedios.com\/web\/wp-json\/wp\/v2\/comments?post=34658"}],"version-history":[{"count":4,"href":"https:\/\/tabernaculoprensadedios.com\/web\/wp-json\/wp\/v2\/posts\/34658\/revisions"}],"predecessor-version":[{"id":34672,"href":"https:\/\/tabernaculoprensadedios.com\/web\/wp-json\/wp\/v2\/posts\/34658\/revisions\/34672"}],"wp:featuredmedia":[{"embeddable":true,"href":"https:\/\/tabernaculoprensadedios.com\/web\/wp-json\/wp\/v2\/media\/34673"}],"wp:attachment":[{"href":"https:\/\/tabernaculoprensadedios.com\/web\/wp-json\/wp\/v2\/media?parent=34658"}],"wp:term":[{"taxonomy":"category","embeddable":true,"href":"https:\/\/tabernaculoprensadedios.com\/web\/wp-json\/wp\/v2\/categories?post=34658"},{"taxonomy":"post_tag","embeddable":true,"href":"https:\/\/tabernaculoprensadedios.com\/web\/wp-json\/wp\/v2\/tags?post=34658"}],"curies":[{"name":"wp","href":"https:\/\/api.w.org\/{rel}","templated":true}]}}