{"id":34638,"date":"2025-05-15T13:41:32","date_gmt":"2025-05-15T13:41:32","guid":{"rendered":"https:\/\/tabernaculoprensadedios.com\/web\/?p=34638"},"modified":"2025-05-15T13:41:32","modified_gmt":"2025-05-15T13:41:32","slug":"tiempo-de-ser-cuidado-por-el-pastor","status":"publish","type":"post","link":"https:\/\/tabernaculoprensadedios.com\/web\/tiempo-de-ser-cuidado-por-el-pastor\/","title":{"rendered":"Tiempo de ser cuidado por el Pastor"},"content":{"rendered":"<p>Qu\u00e9 consuelo tan profundo saber que Jes\u00fas no es solo un gu\u00eda, sino el Buen Pastor que da su vida por nosotros. En un mundo lleno de incertidumbre, Su amor permanece constante y sacrificial. No somos una multitud m\u00e1s; somos Sus ovejas amadas, por quienes \u00c9l estuvo dispuesto a entregarlo todo. Hoy, descansa en Su cuidado, escucha Su voz y camina con confianza, sabiendo que est\u00e1s en las manos del Pastor que jam\u00e1s te abandonar\u00e1. Descansa hoy no solo en sus amorosos brazos sino en el consuelo de esta palabra.<\/p>\n<p>\u00abEste es un tiempo en el que quiero que experimentes mi cuidado de una manera especial, dice el Se\u00f1or. Yo soy tu buen pastor, el que te gu\u00eda, te protege y te sustenta. No est\u00e1s solo, no est\u00e1s a la deriva. Mi vara y mi cayado te infunden aliento. Te llevar\u00e9 a delicados pastos, me har\u00e1 descansar junto a aguas de reposo.\u00bb<\/p>\n<p>\u00abQuiz\u00e1s en otros tiempos has sentido que caminaban sin rumbo, que nadie te guiaba ni te proteg\u00eda. Pero hoy te digo: Yo estoy aqu\u00ed. Mi cuidado sobre ti es perfecto, mi amor es constante, mi provisi\u00f3n es segura. No temas por lo que vendr\u00e1, porque Yo estoy delante de ti, allanando el camino y prepar\u00e1ndolo todo para tu bienestar.\u00bb<\/p>\n<p>\u201cYo soy el buen pastor; el buen pastor su vida da por las ovejas\u201d (Juan 10:11, RVR1960). Yo di mi vida por ti, y si entregu\u00e9 mi vida, \u00bfc\u00f3mo no te dar\u00e9 tambi\u00e9n todo lo que necesitas? Descansa en m\u00ed, deja que Yo lleve tus cargas y conf\u00eda en que cada paso que das est\u00e1 bajo mi direcci\u00f3n.\u00bb<\/p>\n<p>\u00abEste es un tiempo para descansar en mi amor, para confiar en mi protecci\u00f3n y para caminar con la seguridad de que nunca te dejar\u00e9. Yo soy tu pastor, y nada te faltar\u00e1. Vive en esa certeza, porque estoy cuidando de ti en todo momento, dice el Se\u00f1or.\u00bb (Una palabra de Luis y Mercedes Aquino &#8211; Ministerios El\u00edas)<\/p>\n<p>Ezequiel 34:11-12 Porque as\u00ed dice el Se\u00f1or Dios: He aqu\u00ed, yo mismo buscar\u00e9 mis ovejas y velar\u00e9 por ellas. Como un pastor vela por su reba\u00f1o el d\u00eda que est\u00e1 en medio de sus ovejas dispersas, as\u00ed yo velar\u00e9 por mis ovejas y las librar\u00e9 de todos los lugares adonde fueron dispersadas un d\u00eda nublado y sombr\u00edo.<\/p>\n<p>Con amor y oraciones,<\/p>\n","protected":false},"excerpt":{"rendered":"<p>Qu\u00e9 consuelo tan profundo saber que Jes\u00fas no es solo un gu\u00eda, sino el Buen Pastor que da su vida por nosotros. En un mundo lleno de incertidumbre, Su amor permanece constante y sacrificial. No somos una multitud m\u00e1s; somos Sus ovejas amadas, por quienes \u00c9l estuvo dispuesto a entregarlo todo. Hoy, descansa en Su &hellip;<\/p>\n","protected":false},"author":1,"featured_media":34640,"comment_status":"open","ping_status":"open","sticky":false,"template":"","format":"standard","meta":{"footnotes":""},"categories":[34],"tags":[],"class_list":["post-34638","post","type-post","status-publish","format-standard","has-post-thumbnail","hentry","category-articulos"],"yoast_head":"<!-- This site is optimized with the Yoast SEO Premium plugin v24.2 (Yoast SEO v27.1.1) - https:\/\/yoast.com\/product\/yoast-seo-premium-wordpress\/ -->\n<title>Tiempo de ser cuidado por el Pastor - Tabernaculo Prensa de Dios<\/title>\n<meta name=\"robots\" content=\"index, follow, max-snippet:-1, max-image-preview:large, max-video-preview:-1\" \/>\n<link rel=\"canonical\" href=\"https:\/\/tabernaculoprensadedios.com\/web\/tiempo-de-ser-cuidado-por-el-pastor\/\" class=\"yoast-seo-meta-tag\" \/>\n<meta property=\"og:locale\" content=\"es_ES\" class=\"yoast-seo-meta-tag\" \/>\n<meta property=\"og:type\" content=\"article\" class=\"yoast-seo-meta-tag\" \/>\n<meta property=\"og:title\" content=\"Tiempo de ser cuidado por el Pastor\" class=\"yoast-seo-meta-tag\" \/>\n<meta property=\"og:description\" content=\"Qu\u00e9 consuelo tan profundo saber que Jes\u00fas no es solo un gu\u00eda, sino el Buen Pastor que da su vida por nosotros. En un mundo lleno de incertidumbre, Su amor permanece constante y sacrificial. No somos una multitud m\u00e1s; somos Sus ovejas amadas, por quienes \u00c9l estuvo dispuesto a entregarlo todo. Hoy, descansa en Su &hellip;\" class=\"yoast-seo-meta-tag\" \/>\n<meta property=\"og:url\" content=\"https:\/\/tabernaculoprensadedios.com\/web\/tiempo-de-ser-cuidado-por-el-pastor\/\" class=\"yoast-seo-meta-tag\" \/>\n<meta property=\"og:site_name\" content=\"Tabernaculo Prensa de Dios\" class=\"yoast-seo-meta-tag\" \/>\n<meta property=\"article:published_time\" content=\"2025-05-15T13:41:32+00:00\" class=\"yoast-seo-meta-tag\" \/>\n<meta property=\"og:image\" content=\"https:\/\/tabernaculoprensadedios.com\/web\/wp-content\/uploads\/2025\/05\/amkihixpqgm.avif\" class=\"yoast-seo-meta-tag\" \/>\n\t<meta property=\"og:image:width\" content=\"1600\" class=\"yoast-seo-meta-tag\" \/>\n\t<meta property=\"og:image:height\" content=\"1068\" class=\"yoast-seo-meta-tag\" \/>\n\t<meta property=\"og:image:type\" content=\"image\/jpeg\" class=\"yoast-seo-meta-tag\" \/>\n<meta name=\"author\" content=\"tabernaculo\" class=\"yoast-seo-meta-tag\" \/>\n<meta name=\"twitter:card\" content=\"summary_large_image\" class=\"yoast-seo-meta-tag\" \/>\n<meta name=\"twitter:creator\" content=\"@PrensadeDios\" class=\"yoast-seo-meta-tag\" \/>\n<meta name=\"twitter:site\" content=\"@PrensadeDios\" class=\"yoast-seo-meta-tag\" \/>\n<meta name=\"twitter:label1\" content=\"Escrito por\" class=\"yoast-seo-meta-tag\" \/>\n\t<meta name=\"twitter:data1\" content=\"tabernaculo\" class=\"yoast-seo-meta-tag\" \/>\n\t<meta name=\"twitter:label2\" content=\"Tiempo de lectura\" class=\"yoast-seo-meta-tag\" \/>\n\t<meta name=\"twitter:data2\" content=\"2 minutos\" class=\"yoast-seo-meta-tag\" \/>\n<script type=\"application\/ld+json\" class=\"yoast-schema-graph\">{\"@context\":\"https:\/\/schema.org\",\"@graph\":[{\"@type\":\"Article\",\"@id\":\"https:\/\/tabernaculoprensadedios.com\/web\/tiempo-de-ser-cuidado-por-el-pastor\/#article\",\"isPartOf\":{\"@id\":\"https:\/\/tabernaculoprensadedios.com\/web\/tiempo-de-ser-cuidado-por-el-pastor\/\"},\"author\":{\"name\":\"tabernaculo\",\"@id\":\"https:\/\/tabernaculoprensadedios.com\/web\/#\/schema\/person\/bc0e069fef56b38e177db6f098ae0b6e\"},\"headline\":\"Tiempo de ser cuidado por el Pastor\",\"datePublished\":\"2025-05-15T13:41:32+00:00\",\"mainEntityOfPage\":{\"@id\":\"https:\/\/tabernaculoprensadedios.com\/web\/tiempo-de-ser-cuidado-por-el-pastor\/\"},\"wordCount\":419,\"commentCount\":0,\"publisher\":{\"@id\":\"https:\/\/tabernaculoprensadedios.com\/web\/#\/schema\/person\/bc0e069fef56b38e177db6f098ae0b6e\"},\"image\":{\"@id\":\"https:\/\/tabernaculoprensadedios.com\/web\/tiempo-de-ser-cuidado-por-el-pastor\/#primaryimage\"},\"thumbnailUrl\":\"https:\/\/tabernaculoprensadedios.com\/web\/wp-content\/uploads\/2025\/05\/amkihixpqgm.avif\",\"articleSection\":[\"Articulos\"],\"inLanguage\":\"es\",\"potentialAction\":[{\"@type\":\"CommentAction\",\"name\":\"Comment\",\"target\":[\"https:\/\/tabernaculoprensadedios.com\/web\/tiempo-de-ser-cuidado-por-el-pastor\/#respond\"]}]},{\"@type\":\"WebPage\",\"@id\":\"https:\/\/tabernaculoprensadedios.com\/web\/tiempo-de-ser-cuidado-por-el-pastor\/\",\"url\":\"https:\/\/tabernaculoprensadedios.com\/web\/tiempo-de-ser-cuidado-por-el-pastor\/\",\"name\":\"Tiempo de ser cuidado por el Pastor - Tabernaculo Prensa de Dios\",\"isPartOf\":{\"@id\":\"https:\/\/tabernaculoprensadedios.com\/web\/#website\"},\"primaryImageOfPage\":{\"@id\":\"https:\/\/tabernaculoprensadedios.com\/web\/tiempo-de-ser-cuidado-por-el-pastor\/#primaryimage\"},\"image\":{\"@id\":\"https:\/\/tabernaculoprensadedios.com\/web\/tiempo-de-ser-cuidado-por-el-pastor\/#primaryimage\"},\"thumbnailUrl\":\"https:\/\/tabernaculoprensadedios.com\/web\/wp-content\/uploads\/2025\/05\/amkihixpqgm.avif\",\"datePublished\":\"2025-05-15T13:41:32+00:00\",\"breadcrumb\":{\"@id\":\"https:\/\/tabernaculoprensadedios.com\/web\/tiempo-de-ser-cuidado-por-el-pastor\/#breadcrumb\"},\"inLanguage\":\"es\",\"potentialAction\":[{\"@type\":\"ReadAction\",\"target\":[\"https:\/\/tabernaculoprensadedios.com\/web\/tiempo-de-ser-cuidado-por-el-pastor\/\"]}]},{\"@type\":\"ImageObject\",\"inLanguage\":\"es\",\"@id\":\"https:\/\/tabernaculoprensadedios.com\/web\/tiempo-de-ser-cuidado-por-el-pastor\/#primaryimage\",\"url\":\"https:\/\/tabernaculoprensadedios.com\/web\/wp-content\/uploads\/2025\/05\/amkihixpqgm.avif\",\"contentUrl\":\"https:\/\/tabernaculoprensadedios.com\/web\/wp-content\/uploads\/2025\/05\/amkihixpqgm.avif\",\"width\":1600,\"height\":1068,\"caption\":\"herd of sheep on field during daytime\"},{\"@type\":\"BreadcrumbList\",\"@id\":\"https:\/\/tabernaculoprensadedios.com\/web\/tiempo-de-ser-cuidado-por-el-pastor\/#breadcrumb\",\"itemListElement\":[{\"@type\":\"ListItem\",\"position\":1,\"name\":\"Portada\",\"item\":\"https:\/\/tabernaculoprensadedios.com\/web\/\"},{\"@type\":\"ListItem\",\"position\":2,\"name\":\"Tiempo de ser cuidado por el Pastor\"}]},{\"@type\":\"WebSite\",\"@id\":\"https:\/\/tabernaculoprensadedios.com\/web\/#website\",\"url\":\"https:\/\/tabernaculoprensadedios.com\/web\/\",\"name\":\"Tabernaculo Prensa de Dios\",\"description\":\"Un medio a la manera de Dios\",\"publisher\":{\"@id\":\"https:\/\/tabernaculoprensadedios.com\/web\/#\/schema\/person\/bc0e069fef56b38e177db6f098ae0b6e\"},\"potentialAction\":[{\"@type\":\"SearchAction\",\"target\":{\"@type\":\"EntryPoint\",\"urlTemplate\":\"https:\/\/tabernaculoprensadedios.com\/web\/?s={search_term_string}\"},\"query-input\":{\"@type\":\"PropertyValueSpecification\",\"valueRequired\":true,\"valueName\":\"search_term_string\"}}],\"inLanguage\":\"es\"},{\"@type\":[\"Person\",\"Organization\"],\"@id\":\"https:\/\/tabernaculoprensadedios.com\/web\/#\/schema\/person\/bc0e069fef56b38e177db6f098ae0b6e\",\"name\":\"tabernaculo\",\"image\":{\"@type\":\"ImageObject\",\"inLanguage\":\"es\",\"@id\":\"https:\/\/tabernaculoprensadedios.com\/web\/#\/schema\/person\/image\/\",\"url\":\"https:\/\/tabernaculoprensadedios.com\/web\/wp-content\/uploads\/2015\/06\/login-logo1.png\",\"contentUrl\":\"https:\/\/tabernaculoprensadedios.com\/web\/wp-content\/uploads\/2015\/06\/login-logo1.png\",\"width\":300,\"height\":118,\"caption\":\"tabernaculo\"},\"logo\":{\"@id\":\"https:\/\/tabernaculoprensadedios.com\/web\/#\/schema\/person\/image\/\"},\"url\":\"https:\/\/tabernaculoprensadedios.com\/web\/author\/tabernaculo\/\"}]}<\/script>\n<!-- \/ Yoast SEO Premium plugin. -->","yoast_head_json":{"title":"Tiempo de ser cuidado por el Pastor - Tabernaculo Prensa de Dios","robots":{"index":"index","follow":"follow","max-snippet":"max-snippet:-1","max-image-preview":"max-image-preview:large","max-video-preview":"max-video-preview:-1"},"canonical":"https:\/\/tabernaculoprensadedios.com\/web\/tiempo-de-ser-cuidado-por-el-pastor\/","og_locale":"es_ES","og_type":"article","og_title":"Tiempo de ser cuidado por el Pastor","og_description":"Qu\u00e9 consuelo tan profundo saber que Jes\u00fas no es solo un gu\u00eda, sino el Buen Pastor que da su vida por nosotros. En un mundo lleno de incertidumbre, Su amor permanece constante y sacrificial. No somos una multitud m\u00e1s; somos Sus ovejas amadas, por quienes \u00c9l estuvo dispuesto a entregarlo todo. Hoy, descansa en Su &hellip;","og_url":"https:\/\/tabernaculoprensadedios.com\/web\/tiempo-de-ser-cuidado-por-el-pastor\/","og_site_name":"Tabernaculo Prensa de Dios","article_published_time":"2025-05-15T13:41:32+00:00","og_image":[{"width":1600,"height":1068,"url":"https:\/\/tabernaculoprensadedios.com\/web\/wp-content\/uploads\/2025\/05\/amkihixpqgm.avif","type":"image\/jpeg"}],"author":"tabernaculo","twitter_card":"summary_large_image","twitter_creator":"@PrensadeDios","twitter_site":"@PrensadeDios","twitter_misc":{"Escrito por":"tabernaculo","Tiempo de lectura":"2 minutos"},"schema":{"@context":"https:\/\/schema.org","@graph":[{"@type":"Article","@id":"https:\/\/tabernaculoprensadedios.com\/web\/tiempo-de-ser-cuidado-por-el-pastor\/#article","isPartOf":{"@id":"https:\/\/tabernaculoprensadedios.com\/web\/tiempo-de-ser-cuidado-por-el-pastor\/"},"author":{"name":"tabernaculo","@id":"https:\/\/tabernaculoprensadedios.com\/web\/#\/schema\/person\/bc0e069fef56b38e177db6f098ae0b6e"},"headline":"Tiempo de ser cuidado por el Pastor","datePublished":"2025-05-15T13:41:32+00:00","mainEntityOfPage":{"@id":"https:\/\/tabernaculoprensadedios.com\/web\/tiempo-de-ser-cuidado-por-el-pastor\/"},"wordCount":419,"commentCount":0,"publisher":{"@id":"https:\/\/tabernaculoprensadedios.com\/web\/#\/schema\/person\/bc0e069fef56b38e177db6f098ae0b6e"},"image":{"@id":"https:\/\/tabernaculoprensadedios.com\/web\/tiempo-de-ser-cuidado-por-el-pastor\/#primaryimage"},"thumbnailUrl":"https:\/\/tabernaculoprensadedios.com\/web\/wp-content\/uploads\/2025\/05\/amkihixpqgm.avif","articleSection":["Articulos"],"inLanguage":"es","potentialAction":[{"@type":"CommentAction","name":"Comment","target":["https:\/\/tabernaculoprensadedios.com\/web\/tiempo-de-ser-cuidado-por-el-pastor\/#respond"]}]},{"@type":"WebPage","@id":"https:\/\/tabernaculoprensadedios.com\/web\/tiempo-de-ser-cuidado-por-el-pastor\/","url":"https:\/\/tabernaculoprensadedios.com\/web\/tiempo-de-ser-cuidado-por-el-pastor\/","name":"Tiempo de ser cuidado por el Pastor - Tabernaculo Prensa de Dios","isPartOf":{"@id":"https:\/\/tabernaculoprensadedios.com\/web\/#website"},"primaryImageOfPage":{"@id":"https:\/\/tabernaculoprensadedios.com\/web\/tiempo-de-ser-cuidado-por-el-pastor\/#primaryimage"},"image":{"@id":"https:\/\/tabernaculoprensadedios.com\/web\/tiempo-de-ser-cuidado-por-el-pastor\/#primaryimage"},"thumbnailUrl":"https:\/\/tabernaculoprensadedios.com\/web\/wp-content\/uploads\/2025\/05\/amkihixpqgm.avif","datePublished":"2025-05-15T13:41:32+00:00","breadcrumb":{"@id":"https:\/\/tabernaculoprensadedios.com\/web\/tiempo-de-ser-cuidado-por-el-pastor\/#breadcrumb"},"inLanguage":"es","potentialAction":[{"@type":"ReadAction","target":["https:\/\/tabernaculoprensadedios.com\/web\/tiempo-de-ser-cuidado-por-el-pastor\/"]}]},{"@type":"ImageObject","inLanguage":"es","@id":"https:\/\/tabernaculoprensadedios.com\/web\/tiempo-de-ser-cuidado-por-el-pastor\/#primaryimage","url":"https:\/\/tabernaculoprensadedios.com\/web\/wp-content\/uploads\/2025\/05\/amkihixpqgm.avif","contentUrl":"https:\/\/tabernaculoprensadedios.com\/web\/wp-content\/uploads\/2025\/05\/amkihixpqgm.avif","width":1600,"height":1068,"caption":"herd of sheep on field during daytime"},{"@type":"BreadcrumbList","@id":"https:\/\/tabernaculoprensadedios.com\/web\/tiempo-de-ser-cuidado-por-el-pastor\/#breadcrumb","itemListElement":[{"@type":"ListItem","position":1,"name":"Portada","item":"https:\/\/tabernaculoprensadedios.com\/web\/"},{"@type":"ListItem","position":2,"name":"Tiempo de ser cuidado por el Pastor"}]},{"@type":"WebSite","@id":"https:\/\/tabernaculoprensadedios.com\/web\/#website","url":"https:\/\/tabernaculoprensadedios.com\/web\/","name":"Tabernaculo Prensa de Dios","description":"Un medio a la manera de Dios","publisher":{"@id":"https:\/\/tabernaculoprensadedios.com\/web\/#\/schema\/person\/bc0e069fef56b38e177db6f098ae0b6e"},"potentialAction":[{"@type":"SearchAction","target":{"@type":"EntryPoint","urlTemplate":"https:\/\/tabernaculoprensadedios.com\/web\/?s={search_term_string}"},"query-input":{"@type":"PropertyValueSpecification","valueRequired":true,"valueName":"search_term_string"}}],"inLanguage":"es"},{"@type":["Person","Organization"],"@id":"https:\/\/tabernaculoprensadedios.com\/web\/#\/schema\/person\/bc0e069fef56b38e177db6f098ae0b6e","name":"tabernaculo","image":{"@type":"ImageObject","inLanguage":"es","@id":"https:\/\/tabernaculoprensadedios.com\/web\/#\/schema\/person\/image\/","url":"https:\/\/tabernaculoprensadedios.com\/web\/wp-content\/uploads\/2015\/06\/login-logo1.png","contentUrl":"https:\/\/tabernaculoprensadedios.com\/web\/wp-content\/uploads\/2015\/06\/login-logo1.png","width":300,"height":118,"caption":"tabernaculo"},"logo":{"@id":"https:\/\/tabernaculoprensadedios.com\/web\/#\/schema\/person\/image\/"},"url":"https:\/\/tabernaculoprensadedios.com\/web\/author\/tabernaculo\/"}]}},"_links":{"self":[{"href":"https:\/\/tabernaculoprensadedios.com\/web\/wp-json\/wp\/v2\/posts\/34638","targetHints":{"allow":["GET"]}}],"collection":[{"href":"https:\/\/tabernaculoprensadedios.com\/web\/wp-json\/wp\/v2\/posts"}],"about":[{"href":"https:\/\/tabernaculoprensadedios.com\/web\/wp-json\/wp\/v2\/types\/post"}],"author":[{"embeddable":true,"href":"https:\/\/tabernaculoprensadedios.com\/web\/wp-json\/wp\/v2\/users\/1"}],"replies":[{"embeddable":true,"href":"https:\/\/tabernaculoprensadedios.com\/web\/wp-json\/wp\/v2\/comments?post=34638"}],"version-history":[{"count":1,"href":"https:\/\/tabernaculoprensadedios.com\/web\/wp-json\/wp\/v2\/posts\/34638\/revisions"}],"predecessor-version":[{"id":34641,"href":"https:\/\/tabernaculoprensadedios.com\/web\/wp-json\/wp\/v2\/posts\/34638\/revisions\/34641"}],"wp:featuredmedia":[{"embeddable":true,"href":"https:\/\/tabernaculoprensadedios.com\/web\/wp-json\/wp\/v2\/media\/34640"}],"wp:attachment":[{"href":"https:\/\/tabernaculoprensadedios.com\/web\/wp-json\/wp\/v2\/media?parent=34638"}],"wp:term":[{"taxonomy":"category","embeddable":true,"href":"https:\/\/tabernaculoprensadedios.com\/web\/wp-json\/wp\/v2\/categories?post=34638"},{"taxonomy":"post_tag","embeddable":true,"href":"https:\/\/tabernaculoprensadedios.com\/web\/wp-json\/wp\/v2\/tags?post=34638"}],"curies":[{"name":"wp","href":"https:\/\/api.w.org\/{rel}","templated":true}]}}