{"id":3451,"date":"2015-10-17T15:58:13","date_gmt":"2015-10-17T15:58:13","guid":{"rendered":"http:\/\/tabernaculoprensadedios.com\/web\/?p=3451"},"modified":"2015-10-18T19:55:23","modified_gmt":"2015-10-18T19:55:23","slug":"aunque-admiramos-a-israel-por-ser-el-pueblo-escogido-por-dios-los-cristianos-formamos-parte-por-gracia-del-israel-espiritual-que-es-la-iglesia-2","status":"publish","type":"post","link":"https:\/\/tabernaculoprensadedios.com\/web\/aunque-admiramos-a-israel-por-ser-el-pueblo-escogido-por-dios-los-cristianos-formamos-parte-por-gracia-del-israel-espiritual-que-es-la-iglesia-2\/","title":{"rendered":"Aunque admiramos a Israel por ser el pueblo escogido por Dios, los cristianos formamos parte, por gracia, del Israel Espiritual, que es la Iglesia"},"content":{"rendered":"<p style=\"text-align: left;\" align=\"center\"><b><\/b><span lang=\"ES-DO\">Refiri\u00e9ndose a su pueblo Israel en primer lugar, Yahoshua dijo: \u00abBienaventurados (felices, dichosos, dignos de ser envidiados, etc.) son los que lloran porque ellos recibir\u00e1n consolaci\u00f3n\u00bb&#8230;<\/span><\/p>\n<p style=\"text-align: left;\"><span lang=\"ES-DO\">Aqu\u00ed tienes unos datos que te har\u00e1n pensar \u00abdos veces\u00bb&#8230;. Es posible que, como a m\u00ed me pasara, t\u00fa tampoco sepas lo que le ha ocurrido a Israel (en donde estamos injertados todos los que hayamos nacido del Esp\u00edritu Santo, ver Rom.13:17) en este fat\u00eddico 9 deAv (este a\u00f1o el 24\/25 de julio en el calendario Juliano) &#8230; Te invito, pues, a que le eches una miradita a los apuntes que te mando y act\u00faes consecuentemente&#8230;<\/span><\/p>\n<p style=\"text-align: left;\"><span lang=\"ES-DO\">Tal vez, a ti, a tu familia, amigos y a tu Iglesia os gustar\u00eda a\u00f1adiros al Ayuno que har\u00e1 Israel este a\u00f1o est\u00e9 donde est\u00e9 &#8230;Es m\u00e1s, \u00bfhas pensado en \u00abconsolarles\u00bb de una manera pr\u00e1ctica tal y como se nos ordena? (Isa\u00edas 40:1).<\/span><\/p>\n<p style=\"text-align: left;\"><span lang=\"ES-DO\">Ver\u00e1s, El s\u00e1bado d\u00eda 4 de julio fue el d\u00eda 17 de Tamuz en el calendario del Cielo (el que usa oficialmente Israel). En esa ocasi\u00f3n\u00a0 mand\u00e9 un art\u00edculo hablando del Ayuno que se llevaba a cabo en ese d\u00eda para recordar que Nabucodonosor primero (a\u00f1o 586 a.C) y Tito despu\u00e9s (a\u00f1o 69 d.C), destruyeron las murallas de Yerushalayim para para entrar en la ciudad tres semanas despu\u00e9s (el 9 de Av), destruirla y con ella el Templo, \u00bfcasualidad? No pues estaba profetizado (ver Deut. 4:23-31) &#8230;<\/span><\/p>\n<p style=\"text-align: left;\"><span lang=\"ES-DO\">Como pr\u00e1cticamente todo lo que me gustar\u00eda compartirte lo puedes encontrar en Google, en esta ocasi\u00f3n apenas te voy a \u00abcansar\u00bb&#8230; Te recomiendo, pues, que hagas \u00abtus deberes\u00bb y veas por ti mismo lo que pas\u00f3 el 9 de Av (24\/25 de julio) a trav\u00e9s de los a\u00f1os. \u00bfNo te lo pierdas! Aparta este a\u00f1o algunas horas para leer y ver c\u00f3mo se est\u00e1n cumpliendo las profec\u00edas delante de nuestros ojos.<\/span><\/p>\n<p style=\"text-align: left;\"><span lang=\"ES-DO\">Aqu\u00ed tienes una lista de algunos de aquellos acontecimientos:<\/span><\/p>\n<p style=\"text-align: left;\"><span lang=\"ES-DO\">1. (a\u00f1o 1300 aC): En el desierto, los jud\u00edos aceptaron el informe calumnioso de los diez exploradores. Lloraron y se quejaron a Dios por haberlos sacado de Egipto. Tambi\u00e9n sugirieron que el Todopoderoso no ser\u00eda capaz de ayudarlos en la conquista de la Tierra de Israel y derrotar a tantos enemigos. HaShem decret\u00f3 que todos los que ten\u00edan 20 a\u00f1os o m\u00e1s no entrar\u00edan a la Tierra Prometida. Por el contrario, iban a estar en el desierto durante cuarenta a\u00f1os, hasta que toda esa generaci\u00f3n desapareciera. La noche en la que los Yehudim lloraron y fueron condenados a morir en el desierto era Tish&#8217;a beAb.<\/span><\/p>\n<p style=\"text-align: left;\"><span lang=\"ES-DO\">2. (a\u00f1o 586 aC): En los tiempos del rey Tsidqiahu, el 10 de Tebet, los Babilonios capturaron la ciudad de Jerusal\u00e9n. El asedio se mantuvo durante dos a\u00f1os y medio. Los Yehudim no ten\u00edan provisiones, alimentos o madera. Miles de personas murieron de hambre o de brotes epid\u00e9micos. El 9 de Tamuz los babilonios destruyeron el muro que proteg\u00eda la cuidad y saquearon, mataron y destruyeron. Aun as\u00ed, el Bet haMiqdash se mantuvo en funcionamiento hasta el d\u00eda 17 de Tamuz, cuando por primera vez desde los d\u00edas del \u00c9xodo, se suspendi\u00f3 el sacrificio diario (Qorb\u00e1n haTamid). El 7 de Ab, los babilonios entraron en el Bet haMiqdash y lo profanaron. El 9 de Ab, cerca de la puesta del sol, los babilonios encendieron el fuego que incendio nuestro Bet haMiaqdash durante esa noche y durante todo el d\u00eda siguiente. Miles de jud\u00edos fueron asesinados, esclavizados o exiliados al imperio Babil\u00f3nico. La historia de la destrucci\u00f3n de Jerusal\u00e9n y su desolaci\u00f3n se narra en Meguilat Ej\u00e1.<\/span><\/p>\n<p style=\"text-align: left;\"><span lang=\"ES-DO\">3. (a\u00f1o 68): el 17 de Tamuz los romanos rompieron los muros que proteg\u00edan Jerusal\u00e9n e invadieron la ciudad santa. Durante las siguientes tres semanas saquearon la ciudad y destruyeron todo lo que vieron. En el noveno de Ab, despu\u00e9s de profanar el santuario, Tito HaRasha destruy\u00f3 y quem\u00f3 nuestro Segundo Bet HaMiqdash. Cientos de miles de Yehudim fueron asesinados, vendidos como esclavos o exiliados. Los rabinos explicaron que los Yehudim estaban divididos y se peleaban entre ellos mismos (Sinat Jinam). Los Jajamim afirmaron que los romanos destruyeron un Bet haMiqdash que \u00abya estaba destruido por dentro\u00bb, ya que cuando los Yehudim no estamos unidos, la Presencia de HaShem no est\u00e1 con nosotros.<\/span><\/p>\n<p style=\"text-align: left;\"><span lang=\"ES-DO\">4. (a\u00f1o 135): los jud\u00edos se rebelaron contra el imperio romano. Esta vez con la aprobaci\u00f3n de grandes rabinos y l\u00edderes jud\u00edos, entre ellos, Rabb\u00ed Aqib\u00e1.\u00a0 La rebeli\u00f3n de Bar Kojba fue aplastada por el emperador romano Adriano. La ciudad de Betar (los Sefaradim la llamamos \u00abBiter\u00bb), la \u00faltima resistencia de los jud\u00edos contra los romanos, fue capturada por el enemigo en Tisha be-Ab. M\u00e1s de 100.000 jud\u00edos fueron asesinados y sus cuerpos fueron dejados sin enterrar&#8230;.<\/span><\/p>\n<p style=\"text-align: left;\"><span lang=\"ES-DO\">5. Alrededor del mismo per\u00edodo, tambi\u00e9n en un 9 de Ab, el \u00e1rea m\u00e1s sagrada del Templo y sus alrededores fue arada por el general romano Turno Rufo. Jerusalem se convirti\u00f3 en una ciudad pagana, y pas\u00f3 a llamarse Aelia Capitolina. El acceso a Jerusal\u00e9n fue prohibido para los jud\u00edos.<\/span><\/p>\n<p style=\"text-align: left;\"><span lang=\"ES-DO\">6. (a\u00f1o 1096): Comenz\u00f3 la 1\u00aa Cruzada, matando a 10.000 jud\u00edos en su primer mes y llevando a la destrucci\u00f3n de las comunidades jud\u00edas de Francia y la costa del Rhin. Aproximadamente 1.2 millones de jud\u00edos fueron asesinados en las cruzadas.<\/span><\/p>\n<p style=\"text-align: left;\"><span lang=\"ES-DO\">7. (a\u00f1o 1290): Los jud\u00edos fueron expulsados de Inglaterra el 18 de julio.<\/span><\/p>\n<p style=\"text-align: left;\"><span lang=\"ES-DO\">8. (a\u00f1o 1492): los jud\u00edos fueron expulsados de Espa\u00f1a despu\u00e9s de haber vivido all\u00ed por m\u00e1s de 6 siglos. El edicto de expulsi\u00f3n obligaba a los jud\u00edos a abandonar el pa\u00eds a finales de julio. Tisha beAb ca\u00eda ese a\u00f1o el 1ro de agosto. Hay diferentes versiones acerca del n\u00famero de jud\u00edos que viv\u00edan en Espa\u00f1a antes de la expulsi\u00f3n. Hay quienes mencionan que hab\u00eda al menos\u00a0 250.000 jud\u00edos en Espa\u00f1a. Aunque el historiador espa\u00f1ol Juan de Mariana menciona que hab\u00edan 800.000 jud\u00edos en Espa\u00f1a. Otras fuentes afirmaron que los jud\u00edos en Espa\u00f1a sumaban 600.000 almas. De acuerdo a esta \u00faltima opini\u00f3n, 200.000 jud\u00edos permanecieron all\u00ed como \u00abconversos\u00bb. 200.000 fueron asesinados o murieron mientras hu\u00edan de Espa\u00f1a y Portugal y 200.000 lograron escapar y establecerse en Marruecos, Argel, T\u00fanez, Turqu\u00eda (Turqu\u00eda fue la mayor colonia de refugiados espa\u00f1oles en los tiempos de la expulsi\u00f3n), Grecia, Egipto, Siria, Erets Israel (Safed y Jerusal\u00e9n), etc.<\/span><\/p>\n<p style=\"text-align: left;\"><span lang=\"ES-DO\">9. (a\u00f1o 1914): La Primera Guerra Mundial estall\u00f3 en la tarde de Tish\u00e1 B\u2019Av, cuando Alemania le declar\u00f3 la guerra a Rusia. El resentimiento alem\u00e1n por la guerra prepar\u00f3 el terreno para el Holocausto en 3l.01.39.<\/span><\/p>\n<p style=\"text-align: left;\"><span lang=\"ES-DO\">\u00a010. (a\u00f1o 1941): En el 2 de agosto de ese a\u00f1o, el comandante de la SS Heinrich Himmler recibi\u00f3 formalmente la aprobaci\u00f3n del partido nazi para \u00abLa Soluci\u00f3n Final\u00bb. Como resultado, el Holocausto comenz\u00f3 durante el cual pereci\u00f3 casi un tercio de la poblaci\u00f3n jud\u00eda del mundo.<\/span><\/p>\n<p style=\"text-align: left;\"><span lang=\"ES-DO\">11. (a\u00f1o 1942): En el 23 de julio\u00a0 comenz\u00f3 la deportaci\u00f3n en masa de Judios del gueto de Varsovia haia Treblinka.<\/span><\/p>\n<p style=\"text-align: left;\"><span lang=\"ES-DO\">12. (a\u00f1o 1994): En el\u00a0 d\u00eda 18 de julio,\u00a0 el centro comunitario jud\u00edo AMIA en Buenos Aires fue destruido con un coche bomba matando a 85 personas e hiriendo a 300.<\/span><\/p>\n<p style=\"text-align: left;\"><span lang=\"ES-DO\">\u00a013. (a\u00f1o 2005): El plan de retirada unilateral de Israel, tambi\u00e9n conocido como el \u00abPlan de Desconexi\u00f3n de Gush Qatif\u00bb, o el \u00abplan de expulsi\u00f3n de Gaza\u00bb, o haHitnatkut, comenz\u00f3 el 9\/10 Ab, 15 de agosto de 2005. 8000 Yehudim fueron desterrados de sus casas y la tierra fue entregada a la autoridad Palestina.\u00a0 Se dice que este evento precipit\u00f3 la elecci\u00f3n del Hamas en el 2006, y conllev\u00f3 a los ataques con misiles desde Gaza, que ya causaron 2 guerras.<\/span><\/p>\n<p style=\"text-align: left;\"><span lang=\"ES-DO\">14. (a\u00f1o \u00bf?) Viendo como est\u00e1n las cosas, mi pregunta es: \u00bfhabr\u00e1 o viviremos otro 9 de Av pronto? Todo apunta\u00a0 a que \u00abs\u00ed\u00bb&#8230;<\/span><\/p>\n<p style=\"text-align: left;\"><span lang=\"ES-DO\">Aunque la cosa ya tra\u00eda cola pues en el a\u00f1o 1391 se hizo una \u00abescabechina\u00bb (matanza) horrible, el 31 de marzo del 1492 lleg\u00f3 y el decreto de expulsi\u00f3n (*) elaborado por Torquemada (**) entr\u00f3 en vigor y con \u00e9l, la expulsi\u00f3n tres meses despu\u00e9s (el 2 de Agosto) de todos aquellos jud\u00edos que no se quisieron hacer cristianos de esa manera (la que se sol\u00eda hacer\u00a0 espada en mano (o cruz al reve\u015b)&#8230;.<\/span><\/p>\n<p style=\"text-align: left;\"><span lang=\"ES-DO\">De nada vali\u00f3 la respuesta de Abravanel (***), porque el 2 de Agosto todos ten\u00edan que haber salido, (incluyendo al mism\u00edsimo Col\u00f3n), \u00abpara nunca m\u00e1s volver a estos reinos\u00bb &#8211; dec\u00eda el edicto, comenzando as\u00ed el drama o noche obscura de Espa\u00f1a (la que todav\u00eda se deja sentir)&#8230;<\/span><\/p>\n<p style=\"text-align: left;\"><span lang=\"ES-DO\">Esperando ese d\u00eda cuando las l\u00e1grimas se conviertan en gritos de gozo, te invito a que ayunes este a\u00f1o con el pueblo en el que est\u00e1s \u00abinjertado\u00bb (Seg\u00fan Sha\u00fal o S. Pablo, ver Rom. 11:17)&#8230;<\/span><\/p>\n<p style=\"text-align: left;\"><span lang=\"ES-DO\">El pr\u00f3ximo ayuno ser\u00e1 el d\u00eda de Yom Kipur (o Expiaci\u00f3n) Este a\u00f1o, el 23 de sept.<\/span><\/p>\n<p style=\"text-align: left;\"><span lang=\"ES-DO\">Esto es todo por ahora querido\/a amigo\/a&#8230;..<\/span>Abrazos de los de siempre y shalom, shalom&#8230;. (La PAZ del Eterno y no la de la ONU &#8211; N\u00fameros 6:24-26; Juan14:27; G\u00e1latas 5:22; etc.)<\/p>\n<p style=\"text-align: left;\"><span lang=\"ES-DO\">Fuente: Samuel del Coso Rom\u00e1n (Fundador y director de: TOLEDO Centro Mundial de los Anusim \/Cripto &#8211; Jud\u00edos o Marranos sefarditas.)<\/span><\/p>\n","protected":false},"excerpt":{"rendered":"<p>Refiri\u00e9ndose a su pueblo Israel en primer lugar, Yahoshua dijo: \u00abBienaventurados (felices, dichosos, dignos de ser envidiados, etc.) son los que lloran porque ellos recibir\u00e1n consolaci\u00f3n\u00bb&#8230; Aqu\u00ed tienes unos datos que te har\u00e1n pensar \u00abdos veces\u00bb&#8230;. Es posible que, como a m\u00ed me pasara, t\u00fa tampoco sepas lo que le ha ocurrido a Israel (en &hellip;<\/p>\n","protected":false},"author":1,"featured_media":3452,"comment_status":"open","ping_status":"open","sticky":false,"template":"","format":"standard","meta":{"footnotes":""},"categories":[34],"tags":[],"class_list":["post-3451","post","type-post","status-publish","format-standard","has-post-thumbnail","hentry","category-articulos"],"yoast_head":"<!-- This site is optimized with the Yoast SEO Premium plugin v24.2 (Yoast SEO v27.1.1) - https:\/\/yoast.com\/product\/yoast-seo-premium-wordpress\/ -->\n<title>Aunque admiramos a Israel por ser el pueblo escogido por Dios, los cristianos formamos parte, por gracia, del Israel Espiritual, que es la Iglesia - Tabernaculo Prensa de Dios<\/title>\n<meta name=\"robots\" content=\"index, follow, max-snippet:-1, max-image-preview:large, max-video-preview:-1\" \/>\n<link rel=\"canonical\" href=\"https:\/\/tabernaculoprensadedios.com\/web\/aunque-admiramos-a-israel-por-ser-el-pueblo-escogido-por-dios-los-cristianos-formamos-parte-por-gracia-del-israel-espiritual-que-es-la-iglesia-2\/\" class=\"yoast-seo-meta-tag\" \/>\n<meta property=\"og:locale\" content=\"es_ES\" class=\"yoast-seo-meta-tag\" \/>\n<meta property=\"og:type\" content=\"article\" class=\"yoast-seo-meta-tag\" \/>\n<meta property=\"og:title\" content=\"Aunque admiramos a Israel por ser el pueblo escogido por Dios, los cristianos formamos parte, por gracia, del Israel Espiritual, que es la Iglesia\" class=\"yoast-seo-meta-tag\" \/>\n<meta property=\"og:description\" content=\"Refiri\u00e9ndose a su pueblo Israel en primer lugar, Yahoshua dijo: \u00abBienaventurados (felices, dichosos, dignos de ser envidiados, etc.) son los que lloran porque ellos recibir\u00e1n consolaci\u00f3n\u00bb&#8230; Aqu\u00ed tienes unos datos que te har\u00e1n pensar \u00abdos veces\u00bb&#8230;. Es posible que, como a m\u00ed me pasara, t\u00fa tampoco sepas lo que le ha ocurrido a Israel (en &hellip;\" class=\"yoast-seo-meta-tag\" \/>\n<meta property=\"og:url\" content=\"https:\/\/tabernaculoprensadedios.com\/web\/aunque-admiramos-a-israel-por-ser-el-pueblo-escogido-por-dios-los-cristianos-formamos-parte-por-gracia-del-israel-espiritual-que-es-la-iglesia-2\/\" class=\"yoast-seo-meta-tag\" \/>\n<meta property=\"og:site_name\" content=\"Tabernaculo Prensa de Dios\" class=\"yoast-seo-meta-tag\" \/>\n<meta property=\"article:published_time\" content=\"2015-10-17T15:58:13+00:00\" class=\"yoast-seo-meta-tag\" \/>\n<meta property=\"article:modified_time\" content=\"2015-10-18T19:55:23+00:00\" class=\"yoast-seo-meta-tag\" \/>\n<meta property=\"og:image\" content=\"https:\/\/tabernaculoprensadedios.com\/web\/wp-content\/uploads\/2015\/10\/israel-bandera5.jpg\" class=\"yoast-seo-meta-tag\" \/>\n\t<meta property=\"og:image:width\" content=\"1600\" class=\"yoast-seo-meta-tag\" \/>\n\t<meta property=\"og:image:height\" content=\"1071\" class=\"yoast-seo-meta-tag\" \/>\n\t<meta property=\"og:image:type\" content=\"image\/jpeg\" class=\"yoast-seo-meta-tag\" \/>\n<meta name=\"author\" content=\"tabernaculo\" class=\"yoast-seo-meta-tag\" \/>\n<meta name=\"twitter:card\" content=\"summary_large_image\" class=\"yoast-seo-meta-tag\" \/>\n<meta name=\"twitter:creator\" content=\"@PrensadeDios\" class=\"yoast-seo-meta-tag\" \/>\n<meta name=\"twitter:site\" content=\"@PrensadeDios\" class=\"yoast-seo-meta-tag\" \/>\n<meta name=\"twitter:label1\" content=\"Escrito por\" class=\"yoast-seo-meta-tag\" \/>\n\t<meta name=\"twitter:data1\" content=\"tabernaculo\" class=\"yoast-seo-meta-tag\" \/>\n\t<meta name=\"twitter:label2\" content=\"Tiempo de lectura\" class=\"yoast-seo-meta-tag\" \/>\n\t<meta name=\"twitter:data2\" content=\"8 minutos\" class=\"yoast-seo-meta-tag\" \/>\n<script type=\"application\/ld+json\" class=\"yoast-schema-graph\">{\"@context\":\"https:\/\/schema.org\",\"@graph\":[{\"@type\":\"Article\",\"@id\":\"https:\/\/tabernaculoprensadedios.com\/web\/aunque-admiramos-a-israel-por-ser-el-pueblo-escogido-por-dios-los-cristianos-formamos-parte-por-gracia-del-israel-espiritual-que-es-la-iglesia-2\/#article\",\"isPartOf\":{\"@id\":\"https:\/\/tabernaculoprensadedios.com\/web\/aunque-admiramos-a-israel-por-ser-el-pueblo-escogido-por-dios-los-cristianos-formamos-parte-por-gracia-del-israel-espiritual-que-es-la-iglesia-2\/\"},\"author\":{\"name\":\"tabernaculo\",\"@id\":\"https:\/\/tabernaculoprensadedios.com\/web\/#\/schema\/person\/bc0e069fef56b38e177db6f098ae0b6e\"},\"headline\":\"Aunque admiramos a Israel por ser el pueblo escogido por Dios, los cristianos formamos parte, por gracia, del Israel Espiritual, que es la Iglesia\",\"datePublished\":\"2015-10-17T15:58:13+00:00\",\"dateModified\":\"2015-10-18T19:55:23+00:00\",\"mainEntityOfPage\":{\"@id\":\"https:\/\/tabernaculoprensadedios.com\/web\/aunque-admiramos-a-israel-por-ser-el-pueblo-escogido-por-dios-los-cristianos-formamos-parte-por-gracia-del-israel-espiritual-que-es-la-iglesia-2\/\"},\"wordCount\":1611,\"commentCount\":0,\"publisher\":{\"@id\":\"https:\/\/tabernaculoprensadedios.com\/web\/#\/schema\/person\/bc0e069fef56b38e177db6f098ae0b6e\"},\"image\":{\"@id\":\"https:\/\/tabernaculoprensadedios.com\/web\/aunque-admiramos-a-israel-por-ser-el-pueblo-escogido-por-dios-los-cristianos-formamos-parte-por-gracia-del-israel-espiritual-que-es-la-iglesia-2\/#primaryimage\"},\"thumbnailUrl\":\"https:\/\/tabernaculoprensadedios.com\/web\/wp-content\/uploads\/2015\/10\/israel-bandera5.jpg\",\"articleSection\":[\"Articulos\"],\"inLanguage\":\"es\",\"potentialAction\":[{\"@type\":\"CommentAction\",\"name\":\"Comment\",\"target\":[\"https:\/\/tabernaculoprensadedios.com\/web\/aunque-admiramos-a-israel-por-ser-el-pueblo-escogido-por-dios-los-cristianos-formamos-parte-por-gracia-del-israel-espiritual-que-es-la-iglesia-2\/#respond\"]}]},{\"@type\":\"WebPage\",\"@id\":\"https:\/\/tabernaculoprensadedios.com\/web\/aunque-admiramos-a-israel-por-ser-el-pueblo-escogido-por-dios-los-cristianos-formamos-parte-por-gracia-del-israel-espiritual-que-es-la-iglesia-2\/\",\"url\":\"https:\/\/tabernaculoprensadedios.com\/web\/aunque-admiramos-a-israel-por-ser-el-pueblo-escogido-por-dios-los-cristianos-formamos-parte-por-gracia-del-israel-espiritual-que-es-la-iglesia-2\/\",\"name\":\"Aunque admiramos a Israel por ser el pueblo escogido por Dios, los cristianos formamos parte, por gracia, del Israel Espiritual, que es la Iglesia - Tabernaculo Prensa de Dios\",\"isPartOf\":{\"@id\":\"https:\/\/tabernaculoprensadedios.com\/web\/#website\"},\"primaryImageOfPage\":{\"@id\":\"https:\/\/tabernaculoprensadedios.com\/web\/aunque-admiramos-a-israel-por-ser-el-pueblo-escogido-por-dios-los-cristianos-formamos-parte-por-gracia-del-israel-espiritual-que-es-la-iglesia-2\/#primaryimage\"},\"image\":{\"@id\":\"https:\/\/tabernaculoprensadedios.com\/web\/aunque-admiramos-a-israel-por-ser-el-pueblo-escogido-por-dios-los-cristianos-formamos-parte-por-gracia-del-israel-espiritual-que-es-la-iglesia-2\/#primaryimage\"},\"thumbnailUrl\":\"https:\/\/tabernaculoprensadedios.com\/web\/wp-content\/uploads\/2015\/10\/israel-bandera5.jpg\",\"datePublished\":\"2015-10-17T15:58:13+00:00\",\"dateModified\":\"2015-10-18T19:55:23+00:00\",\"breadcrumb\":{\"@id\":\"https:\/\/tabernaculoprensadedios.com\/web\/aunque-admiramos-a-israel-por-ser-el-pueblo-escogido-por-dios-los-cristianos-formamos-parte-por-gracia-del-israel-espiritual-que-es-la-iglesia-2\/#breadcrumb\"},\"inLanguage\":\"es\",\"potentialAction\":[{\"@type\":\"ReadAction\",\"target\":[\"https:\/\/tabernaculoprensadedios.com\/web\/aunque-admiramos-a-israel-por-ser-el-pueblo-escogido-por-dios-los-cristianos-formamos-parte-por-gracia-del-israel-espiritual-que-es-la-iglesia-2\/\"]}]},{\"@type\":\"ImageObject\",\"inLanguage\":\"es\",\"@id\":\"https:\/\/tabernaculoprensadedios.com\/web\/aunque-admiramos-a-israel-por-ser-el-pueblo-escogido-por-dios-los-cristianos-formamos-parte-por-gracia-del-israel-espiritual-que-es-la-iglesia-2\/#primaryimage\",\"url\":\"https:\/\/tabernaculoprensadedios.com\/web\/wp-content\/uploads\/2015\/10\/israel-bandera5.jpg\",\"contentUrl\":\"https:\/\/tabernaculoprensadedios.com\/web\/wp-content\/uploads\/2015\/10\/israel-bandera5.jpg\",\"width\":1600,\"height\":1071},{\"@type\":\"BreadcrumbList\",\"@id\":\"https:\/\/tabernaculoprensadedios.com\/web\/aunque-admiramos-a-israel-por-ser-el-pueblo-escogido-por-dios-los-cristianos-formamos-parte-por-gracia-del-israel-espiritual-que-es-la-iglesia-2\/#breadcrumb\",\"itemListElement\":[{\"@type\":\"ListItem\",\"position\":1,\"name\":\"Portada\",\"item\":\"https:\/\/tabernaculoprensadedios.com\/web\/\"},{\"@type\":\"ListItem\",\"position\":2,\"name\":\"Aunque admiramos a Israel por ser el pueblo escogido por Dios, los cristianos formamos parte, por gracia, del Israel Espiritual, que es la Iglesia\"}]},{\"@type\":\"WebSite\",\"@id\":\"https:\/\/tabernaculoprensadedios.com\/web\/#website\",\"url\":\"https:\/\/tabernaculoprensadedios.com\/web\/\",\"name\":\"Tabernaculo Prensa de Dios\",\"description\":\"Un medio a la manera de Dios\",\"publisher\":{\"@id\":\"https:\/\/tabernaculoprensadedios.com\/web\/#\/schema\/person\/bc0e069fef56b38e177db6f098ae0b6e\"},\"potentialAction\":[{\"@type\":\"SearchAction\",\"target\":{\"@type\":\"EntryPoint\",\"urlTemplate\":\"https:\/\/tabernaculoprensadedios.com\/web\/?s={search_term_string}\"},\"query-input\":{\"@type\":\"PropertyValueSpecification\",\"valueRequired\":true,\"valueName\":\"search_term_string\"}}],\"inLanguage\":\"es\"},{\"@type\":[\"Person\",\"Organization\"],\"@id\":\"https:\/\/tabernaculoprensadedios.com\/web\/#\/schema\/person\/bc0e069fef56b38e177db6f098ae0b6e\",\"name\":\"tabernaculo\",\"image\":{\"@type\":\"ImageObject\",\"inLanguage\":\"es\",\"@id\":\"https:\/\/tabernaculoprensadedios.com\/web\/#\/schema\/person\/image\/\",\"url\":\"https:\/\/tabernaculoprensadedios.com\/web\/wp-content\/uploads\/2015\/06\/login-logo1.png\",\"contentUrl\":\"https:\/\/tabernaculoprensadedios.com\/web\/wp-content\/uploads\/2015\/06\/login-logo1.png\",\"width\":300,\"height\":118,\"caption\":\"tabernaculo\"},\"logo\":{\"@id\":\"https:\/\/tabernaculoprensadedios.com\/web\/#\/schema\/person\/image\/\"},\"url\":\"https:\/\/tabernaculoprensadedios.com\/web\/author\/tabernaculo\/\"}]}<\/script>\n<!-- \/ Yoast SEO Premium plugin. -->","yoast_head_json":{"title":"Aunque admiramos a Israel por ser el pueblo escogido por Dios, los cristianos formamos parte, por gracia, del Israel Espiritual, que es la Iglesia - Tabernaculo Prensa de Dios","robots":{"index":"index","follow":"follow","max-snippet":"max-snippet:-1","max-image-preview":"max-image-preview:large","max-video-preview":"max-video-preview:-1"},"canonical":"https:\/\/tabernaculoprensadedios.com\/web\/aunque-admiramos-a-israel-por-ser-el-pueblo-escogido-por-dios-los-cristianos-formamos-parte-por-gracia-del-israel-espiritual-que-es-la-iglesia-2\/","og_locale":"es_ES","og_type":"article","og_title":"Aunque admiramos a Israel por ser el pueblo escogido por Dios, los cristianos formamos parte, por gracia, del Israel Espiritual, que es la Iglesia","og_description":"Refiri\u00e9ndose a su pueblo Israel en primer lugar, Yahoshua dijo: \u00abBienaventurados (felices, dichosos, dignos de ser envidiados, etc.) son los que lloran porque ellos recibir\u00e1n consolaci\u00f3n\u00bb&#8230; Aqu\u00ed tienes unos datos que te har\u00e1n pensar \u00abdos veces\u00bb&#8230;. Es posible que, como a m\u00ed me pasara, t\u00fa tampoco sepas lo que le ha ocurrido a Israel (en &hellip;","og_url":"https:\/\/tabernaculoprensadedios.com\/web\/aunque-admiramos-a-israel-por-ser-el-pueblo-escogido-por-dios-los-cristianos-formamos-parte-por-gracia-del-israel-espiritual-que-es-la-iglesia-2\/","og_site_name":"Tabernaculo Prensa de Dios","article_published_time":"2015-10-17T15:58:13+00:00","article_modified_time":"2015-10-18T19:55:23+00:00","og_image":[{"width":1600,"height":1071,"url":"https:\/\/tabernaculoprensadedios.com\/web\/wp-content\/uploads\/2015\/10\/israel-bandera5.jpg","type":"image\/jpeg"}],"author":"tabernaculo","twitter_card":"summary_large_image","twitter_creator":"@PrensadeDios","twitter_site":"@PrensadeDios","twitter_misc":{"Escrito por":"tabernaculo","Tiempo de lectura":"8 minutos"},"schema":{"@context":"https:\/\/schema.org","@graph":[{"@type":"Article","@id":"https:\/\/tabernaculoprensadedios.com\/web\/aunque-admiramos-a-israel-por-ser-el-pueblo-escogido-por-dios-los-cristianos-formamos-parte-por-gracia-del-israel-espiritual-que-es-la-iglesia-2\/#article","isPartOf":{"@id":"https:\/\/tabernaculoprensadedios.com\/web\/aunque-admiramos-a-israel-por-ser-el-pueblo-escogido-por-dios-los-cristianos-formamos-parte-por-gracia-del-israel-espiritual-que-es-la-iglesia-2\/"},"author":{"name":"tabernaculo","@id":"https:\/\/tabernaculoprensadedios.com\/web\/#\/schema\/person\/bc0e069fef56b38e177db6f098ae0b6e"},"headline":"Aunque admiramos a Israel por ser el pueblo escogido por Dios, los cristianos formamos parte, por gracia, del Israel Espiritual, que es la Iglesia","datePublished":"2015-10-17T15:58:13+00:00","dateModified":"2015-10-18T19:55:23+00:00","mainEntityOfPage":{"@id":"https:\/\/tabernaculoprensadedios.com\/web\/aunque-admiramos-a-israel-por-ser-el-pueblo-escogido-por-dios-los-cristianos-formamos-parte-por-gracia-del-israel-espiritual-que-es-la-iglesia-2\/"},"wordCount":1611,"commentCount":0,"publisher":{"@id":"https:\/\/tabernaculoprensadedios.com\/web\/#\/schema\/person\/bc0e069fef56b38e177db6f098ae0b6e"},"image":{"@id":"https:\/\/tabernaculoprensadedios.com\/web\/aunque-admiramos-a-israel-por-ser-el-pueblo-escogido-por-dios-los-cristianos-formamos-parte-por-gracia-del-israel-espiritual-que-es-la-iglesia-2\/#primaryimage"},"thumbnailUrl":"https:\/\/tabernaculoprensadedios.com\/web\/wp-content\/uploads\/2015\/10\/israel-bandera5.jpg","articleSection":["Articulos"],"inLanguage":"es","potentialAction":[{"@type":"CommentAction","name":"Comment","target":["https:\/\/tabernaculoprensadedios.com\/web\/aunque-admiramos-a-israel-por-ser-el-pueblo-escogido-por-dios-los-cristianos-formamos-parte-por-gracia-del-israel-espiritual-que-es-la-iglesia-2\/#respond"]}]},{"@type":"WebPage","@id":"https:\/\/tabernaculoprensadedios.com\/web\/aunque-admiramos-a-israel-por-ser-el-pueblo-escogido-por-dios-los-cristianos-formamos-parte-por-gracia-del-israel-espiritual-que-es-la-iglesia-2\/","url":"https:\/\/tabernaculoprensadedios.com\/web\/aunque-admiramos-a-israel-por-ser-el-pueblo-escogido-por-dios-los-cristianos-formamos-parte-por-gracia-del-israel-espiritual-que-es-la-iglesia-2\/","name":"Aunque admiramos a Israel por ser el pueblo escogido por Dios, los cristianos formamos parte, por gracia, del Israel Espiritual, que es la Iglesia - Tabernaculo Prensa de Dios","isPartOf":{"@id":"https:\/\/tabernaculoprensadedios.com\/web\/#website"},"primaryImageOfPage":{"@id":"https:\/\/tabernaculoprensadedios.com\/web\/aunque-admiramos-a-israel-por-ser-el-pueblo-escogido-por-dios-los-cristianos-formamos-parte-por-gracia-del-israel-espiritual-que-es-la-iglesia-2\/#primaryimage"},"image":{"@id":"https:\/\/tabernaculoprensadedios.com\/web\/aunque-admiramos-a-israel-por-ser-el-pueblo-escogido-por-dios-los-cristianos-formamos-parte-por-gracia-del-israel-espiritual-que-es-la-iglesia-2\/#primaryimage"},"thumbnailUrl":"https:\/\/tabernaculoprensadedios.com\/web\/wp-content\/uploads\/2015\/10\/israel-bandera5.jpg","datePublished":"2015-10-17T15:58:13+00:00","dateModified":"2015-10-18T19:55:23+00:00","breadcrumb":{"@id":"https:\/\/tabernaculoprensadedios.com\/web\/aunque-admiramos-a-israel-por-ser-el-pueblo-escogido-por-dios-los-cristianos-formamos-parte-por-gracia-del-israel-espiritual-que-es-la-iglesia-2\/#breadcrumb"},"inLanguage":"es","potentialAction":[{"@type":"ReadAction","target":["https:\/\/tabernaculoprensadedios.com\/web\/aunque-admiramos-a-israel-por-ser-el-pueblo-escogido-por-dios-los-cristianos-formamos-parte-por-gracia-del-israel-espiritual-que-es-la-iglesia-2\/"]}]},{"@type":"ImageObject","inLanguage":"es","@id":"https:\/\/tabernaculoprensadedios.com\/web\/aunque-admiramos-a-israel-por-ser-el-pueblo-escogido-por-dios-los-cristianos-formamos-parte-por-gracia-del-israel-espiritual-que-es-la-iglesia-2\/#primaryimage","url":"https:\/\/tabernaculoprensadedios.com\/web\/wp-content\/uploads\/2015\/10\/israel-bandera5.jpg","contentUrl":"https:\/\/tabernaculoprensadedios.com\/web\/wp-content\/uploads\/2015\/10\/israel-bandera5.jpg","width":1600,"height":1071},{"@type":"BreadcrumbList","@id":"https:\/\/tabernaculoprensadedios.com\/web\/aunque-admiramos-a-israel-por-ser-el-pueblo-escogido-por-dios-los-cristianos-formamos-parte-por-gracia-del-israel-espiritual-que-es-la-iglesia-2\/#breadcrumb","itemListElement":[{"@type":"ListItem","position":1,"name":"Portada","item":"https:\/\/tabernaculoprensadedios.com\/web\/"},{"@type":"ListItem","position":2,"name":"Aunque admiramos a Israel por ser el pueblo escogido por Dios, los cristianos formamos parte, por gracia, del Israel Espiritual, que es la Iglesia"}]},{"@type":"WebSite","@id":"https:\/\/tabernaculoprensadedios.com\/web\/#website","url":"https:\/\/tabernaculoprensadedios.com\/web\/","name":"Tabernaculo Prensa de Dios","description":"Un medio a la manera de Dios","publisher":{"@id":"https:\/\/tabernaculoprensadedios.com\/web\/#\/schema\/person\/bc0e069fef56b38e177db6f098ae0b6e"},"potentialAction":[{"@type":"SearchAction","target":{"@type":"EntryPoint","urlTemplate":"https:\/\/tabernaculoprensadedios.com\/web\/?s={search_term_string}"},"query-input":{"@type":"PropertyValueSpecification","valueRequired":true,"valueName":"search_term_string"}}],"inLanguage":"es"},{"@type":["Person","Organization"],"@id":"https:\/\/tabernaculoprensadedios.com\/web\/#\/schema\/person\/bc0e069fef56b38e177db6f098ae0b6e","name":"tabernaculo","image":{"@type":"ImageObject","inLanguage":"es","@id":"https:\/\/tabernaculoprensadedios.com\/web\/#\/schema\/person\/image\/","url":"https:\/\/tabernaculoprensadedios.com\/web\/wp-content\/uploads\/2015\/06\/login-logo1.png","contentUrl":"https:\/\/tabernaculoprensadedios.com\/web\/wp-content\/uploads\/2015\/06\/login-logo1.png","width":300,"height":118,"caption":"tabernaculo"},"logo":{"@id":"https:\/\/tabernaculoprensadedios.com\/web\/#\/schema\/person\/image\/"},"url":"https:\/\/tabernaculoprensadedios.com\/web\/author\/tabernaculo\/"}]}},"_links":{"self":[{"href":"https:\/\/tabernaculoprensadedios.com\/web\/wp-json\/wp\/v2\/posts\/3451","targetHints":{"allow":["GET"]}}],"collection":[{"href":"https:\/\/tabernaculoprensadedios.com\/web\/wp-json\/wp\/v2\/posts"}],"about":[{"href":"https:\/\/tabernaculoprensadedios.com\/web\/wp-json\/wp\/v2\/types\/post"}],"author":[{"embeddable":true,"href":"https:\/\/tabernaculoprensadedios.com\/web\/wp-json\/wp\/v2\/users\/1"}],"replies":[{"embeddable":true,"href":"https:\/\/tabernaculoprensadedios.com\/web\/wp-json\/wp\/v2\/comments?post=3451"}],"version-history":[{"count":1,"href":"https:\/\/tabernaculoprensadedios.com\/web\/wp-json\/wp\/v2\/posts\/3451\/revisions"}],"predecessor-version":[{"id":3453,"href":"https:\/\/tabernaculoprensadedios.com\/web\/wp-json\/wp\/v2\/posts\/3451\/revisions\/3453"}],"wp:featuredmedia":[{"embeddable":true,"href":"https:\/\/tabernaculoprensadedios.com\/web\/wp-json\/wp\/v2\/media\/3452"}],"wp:attachment":[{"href":"https:\/\/tabernaculoprensadedios.com\/web\/wp-json\/wp\/v2\/media?parent=3451"}],"wp:term":[{"taxonomy":"category","embeddable":true,"href":"https:\/\/tabernaculoprensadedios.com\/web\/wp-json\/wp\/v2\/categories?post=3451"},{"taxonomy":"post_tag","embeddable":true,"href":"https:\/\/tabernaculoprensadedios.com\/web\/wp-json\/wp\/v2\/tags?post=3451"}],"curies":[{"name":"wp","href":"https:\/\/api.w.org\/{rel}","templated":true}]}}