{"id":34387,"date":"2025-04-17T01:38:33","date_gmt":"2025-04-17T01:38:33","guid":{"rendered":"https:\/\/tabernaculoprensadedios.com\/web\/?p=34387"},"modified":"2025-04-17T01:38:33","modified_gmt":"2025-04-17T01:38:33","slug":"the-chosen-logra-un-debut-record-con-el-estreno-de-la-quinta-temporada-en-los-cines","status":"publish","type":"post","link":"https:\/\/tabernaculoprensadedios.com\/web\/the-chosen-logra-un-debut-record-con-el-estreno-de-la-quinta-temporada-en-los-cines\/","title":{"rendered":"&#8216;The Chosen&#8217; logra un debut r\u00e9cord con el estreno de la quinta temporada en los cines"},"content":{"rendered":"<p>Millones de personas acudieron a la mesa proverbial para el debut en taquilla de \u201cEl Elegido: La \u00daltima Cena\u201d.<\/p>\n<p>El estreno de la quinta temporada de la serie basada en la vida de Jes\u00fas logr\u00f3 un desempe\u00f1o sorprendente en su primer fin de semana, recaudando $11.5 millones en 2,478 cines en todo el pa\u00eds, seg\u00fan Box Office Mojo .<\/p>\n<p>Despu\u00e9s de tres d\u00edas de exhibici\u00f3n, \u201cThe Chosen: Last Supper\u201d, la primera parte de un estreno en tres partes, obtuvo el tercer puesto, detr\u00e1s de su nuevo competidor, \u201cA Working Man\u201d, una pel\u00edcula de acci\u00f3n protagonizada por Jason Statham, y la pel\u00edcula de acci\u00f3n real de Disney \u201cSnow White\u201d, un remanente de la semana anterior.<\/p>\n<p>El estreno de \u00abEl Elegido\u00bb eclips\u00f3 con creces a la pel\u00edcula religiosa \u00abLa \u00daltima Cena\u00bb, con la que no guarda ninguna relaci\u00f3n. Esta \u00faltima fue distribuida por Pinnacle Peak Pictures, estudio fundado por David AR White, conocido por Pure Flix, y promocionada por el l\u00edder de alabanza y artista discogr\u00e1fico Chris Tomlin .<\/p>\n<p>En cuanto a \u00abThe Chosen\u00bb, el estreno en cines del fin de semana pasado marca el mejor estreno de la serie desde su estreno en cines. \u00abThe Chosen: Last Supper\u00bb super\u00f3 a su anterior poseedor del r\u00e9cord, el estreno en cines de los episodios uno y dos de la tercera temporada de \u00abThe Chosen\u00bb en 2022.<\/p>\n<p>La quinta temporada de \u00abLos Elegidos\u00bb se centra en los acontecimientos de la Semana Santa, representando dram\u00e1ticamente los \u00faltimos d\u00edas de la vida de Jes\u00fas, que culminaron en su crucifixi\u00f3n. Abarca eventos significativos como la traici\u00f3n de Judas, el arresto del Salvador y las preguntas que rondan la mente de los seguidores de Jes\u00fas mientras su vida terrenal pende de un hilo.<\/p>\n<p>El creador de la serie y showrunner Dallas Jenkins dijo a CBN News en el estreno de \u201cThe Chosen: Last Supper\u201d que el tema central de esta nueva temporada es si los seguidores de Jes\u00fas conf\u00edan en \u00c9l, incluso cuando no entienden exactamente qu\u00e9 significa eso.<\/p>\n<p>\u00ab\u00bfPuedes confiar, tener fe, seguir, incluso cuando no entiendes?\u00bb, pregunt\u00f3 Jenkins. \u00abIncluso en mi vida personal, hay momentos en que no entiendo lo que est\u00e1 pasando: no entiendo qu\u00e9 les pasa a mis hijos cuando tienen dificultades, muchas veces no entiendo el futuro de este programa, y este programa surge de la nada; constantemente reinventamos la rueda y le pedimos a Dios favor y consejo\u00bb.<\/p>\n<p>\u00ab\u00bfPuedo seguir siguiendo y confiar, incluso cuando no entiendo?\u00bb, continu\u00f3. \u00abLos disc\u00edpulos se enfrentaron a eso en la quinta temporada de Semana Santa, y ahora nosotros lo enfrentamos\u00bb.<\/p>\n<p>Jenkins, de 49 a\u00f1os, se\u00f1al\u00f3 que ha visto a Dios usar cada temporada para ense\u00f1arle a \u00e9l y a su esposa, Amanda, lecciones aplicables a sus propias vidas personales.<\/p>\n<p>\u201cCada temporada, mi esposa Amanda dice: &#8216;No nos libramos de las lecciones del contenido en s\u00ed&#8217;\u201d, dijo. \u201cLa cuarta temporada se centr\u00f3 mucho en el sufrimiento; bueno, pasamos por mucho de eso durante el rodaje de la cuarta temporada, y creo que nos hizo mejores cineastas, mejores narradores y, con suerte, m\u00e1s cristianos\u201d.<\/p>\n","protected":false},"excerpt":{"rendered":"<p>Millones de personas acudieron a la mesa proverbial para el debut en taquilla de \u201cEl Elegido: La \u00daltima Cena\u201d. El estreno de la quinta temporada de la serie basada en la vida de Jes\u00fas logr\u00f3 un desempe\u00f1o sorprendente en su primer fin de semana, recaudando $11.5 millones en 2,478 cines en todo el pa\u00eds, seg\u00fan &hellip;<\/p>\n","protected":false},"author":1,"featured_media":34388,"comment_status":"open","ping_status":"open","sticky":false,"template":"","format":"standard","meta":{"footnotes":""},"categories":[13],"tags":[],"class_list":["post-34387","post","type-post","status-publish","format-standard","has-post-thumbnail","hentry","category-arte"],"yoast_head":"<!-- This site is optimized with the Yoast SEO Premium plugin v24.2 (Yoast SEO v27.1.1) - https:\/\/yoast.com\/product\/yoast-seo-premium-wordpress\/ -->\n<title>&#039;The Chosen&#039; logra un debut r\u00e9cord con el estreno de la quinta temporada en los cines - Tabernaculo Prensa de Dios<\/title>\n<meta name=\"robots\" content=\"index, follow, max-snippet:-1, max-image-preview:large, max-video-preview:-1\" \/>\n<link rel=\"canonical\" href=\"https:\/\/tabernaculoprensadedios.com\/web\/the-chosen-logra-un-debut-record-con-el-estreno-de-la-quinta-temporada-en-los-cines\/\" class=\"yoast-seo-meta-tag\" \/>\n<meta property=\"og:locale\" content=\"es_ES\" class=\"yoast-seo-meta-tag\" \/>\n<meta property=\"og:type\" content=\"article\" class=\"yoast-seo-meta-tag\" \/>\n<meta property=\"og:title\" content=\"&#039;The Chosen&#039; logra un debut r\u00e9cord con el estreno de la quinta temporada en los cines\" class=\"yoast-seo-meta-tag\" \/>\n<meta property=\"og:description\" content=\"Millones de personas acudieron a la mesa proverbial para el debut en taquilla de \u201cEl Elegido: La \u00daltima Cena\u201d. El estreno de la quinta temporada de la serie basada en la vida de Jes\u00fas logr\u00f3 un desempe\u00f1o sorprendente en su primer fin de semana, recaudando $11.5 millones en 2,478 cines en todo el pa\u00eds, seg\u00fan &hellip;\" class=\"yoast-seo-meta-tag\" \/>\n<meta property=\"og:url\" content=\"https:\/\/tabernaculoprensadedios.com\/web\/the-chosen-logra-un-debut-record-con-el-estreno-de-la-quinta-temporada-en-los-cines\/\" class=\"yoast-seo-meta-tag\" \/>\n<meta property=\"og:site_name\" content=\"Tabernaculo Prensa de Dios\" class=\"yoast-seo-meta-tag\" \/>\n<meta property=\"article:published_time\" content=\"2025-04-17T01:38:33+00:00\" class=\"yoast-seo-meta-tag\" \/>\n<meta property=\"og:image\" content=\"https:\/\/tabernaculoprensadedios.com\/web\/wp-content\/uploads\/2025\/04\/chosen5_0.avif\" class=\"yoast-seo-meta-tag\" \/>\n\t<meta property=\"og:image:width\" content=\"1000\" class=\"yoast-seo-meta-tag\" \/>\n\t<meta property=\"og:image:height\" content=\"563\" class=\"yoast-seo-meta-tag\" \/>\n\t<meta property=\"og:image:type\" content=\"image\/jpeg\" class=\"yoast-seo-meta-tag\" \/>\n<meta name=\"author\" content=\"tabernaculo\" class=\"yoast-seo-meta-tag\" \/>\n<meta name=\"twitter:card\" content=\"summary_large_image\" class=\"yoast-seo-meta-tag\" \/>\n<meta name=\"twitter:creator\" content=\"@PrensadeDios\" class=\"yoast-seo-meta-tag\" \/>\n<meta name=\"twitter:site\" content=\"@PrensadeDios\" class=\"yoast-seo-meta-tag\" \/>\n<meta name=\"twitter:label1\" content=\"Escrito por\" class=\"yoast-seo-meta-tag\" \/>\n\t<meta name=\"twitter:data1\" content=\"tabernaculo\" class=\"yoast-seo-meta-tag\" \/>\n\t<meta name=\"twitter:label2\" content=\"Tiempo de lectura\" class=\"yoast-seo-meta-tag\" \/>\n\t<meta name=\"twitter:data2\" content=\"3 minutos\" class=\"yoast-seo-meta-tag\" \/>\n<script type=\"application\/ld+json\" class=\"yoast-schema-graph\">{\"@context\":\"https:\/\/schema.org\",\"@graph\":[{\"@type\":\"Article\",\"@id\":\"https:\/\/tabernaculoprensadedios.com\/web\/the-chosen-logra-un-debut-record-con-el-estreno-de-la-quinta-temporada-en-los-cines\/#article\",\"isPartOf\":{\"@id\":\"https:\/\/tabernaculoprensadedios.com\/web\/the-chosen-logra-un-debut-record-con-el-estreno-de-la-quinta-temporada-en-los-cines\/\"},\"author\":{\"name\":\"tabernaculo\",\"@id\":\"https:\/\/tabernaculoprensadedios.com\/web\/#\/schema\/person\/bc0e069fef56b38e177db6f098ae0b6e\"},\"headline\":\"&#8216;The Chosen&#8217; logra un debut r\u00e9cord con el estreno de la quinta temporada en los cines\",\"datePublished\":\"2025-04-17T01:38:33+00:00\",\"mainEntityOfPage\":{\"@id\":\"https:\/\/tabernaculoprensadedios.com\/web\/the-chosen-logra-un-debut-record-con-el-estreno-de-la-quinta-temporada-en-los-cines\/\"},\"wordCount\":547,\"commentCount\":0,\"publisher\":{\"@id\":\"https:\/\/tabernaculoprensadedios.com\/web\/#\/schema\/person\/bc0e069fef56b38e177db6f098ae0b6e\"},\"image\":{\"@id\":\"https:\/\/tabernaculoprensadedios.com\/web\/the-chosen-logra-un-debut-record-con-el-estreno-de-la-quinta-temporada-en-los-cines\/#primaryimage\"},\"thumbnailUrl\":\"https:\/\/tabernaculoprensadedios.com\/web\/wp-content\/uploads\/2025\/04\/chosen5_0.avif\",\"articleSection\":[\"Arte\"],\"inLanguage\":\"es\",\"potentialAction\":[{\"@type\":\"CommentAction\",\"name\":\"Comment\",\"target\":[\"https:\/\/tabernaculoprensadedios.com\/web\/the-chosen-logra-un-debut-record-con-el-estreno-de-la-quinta-temporada-en-los-cines\/#respond\"]}]},{\"@type\":\"WebPage\",\"@id\":\"https:\/\/tabernaculoprensadedios.com\/web\/the-chosen-logra-un-debut-record-con-el-estreno-de-la-quinta-temporada-en-los-cines\/\",\"url\":\"https:\/\/tabernaculoprensadedios.com\/web\/the-chosen-logra-un-debut-record-con-el-estreno-de-la-quinta-temporada-en-los-cines\/\",\"name\":\"'The Chosen' logra un debut r\u00e9cord con el estreno de la quinta temporada en los cines - Tabernaculo Prensa de Dios\",\"isPartOf\":{\"@id\":\"https:\/\/tabernaculoprensadedios.com\/web\/#website\"},\"primaryImageOfPage\":{\"@id\":\"https:\/\/tabernaculoprensadedios.com\/web\/the-chosen-logra-un-debut-record-con-el-estreno-de-la-quinta-temporada-en-los-cines\/#primaryimage\"},\"image\":{\"@id\":\"https:\/\/tabernaculoprensadedios.com\/web\/the-chosen-logra-un-debut-record-con-el-estreno-de-la-quinta-temporada-en-los-cines\/#primaryimage\"},\"thumbnailUrl\":\"https:\/\/tabernaculoprensadedios.com\/web\/wp-content\/uploads\/2025\/04\/chosen5_0.avif\",\"datePublished\":\"2025-04-17T01:38:33+00:00\",\"breadcrumb\":{\"@id\":\"https:\/\/tabernaculoprensadedios.com\/web\/the-chosen-logra-un-debut-record-con-el-estreno-de-la-quinta-temporada-en-los-cines\/#breadcrumb\"},\"inLanguage\":\"es\",\"potentialAction\":[{\"@type\":\"ReadAction\",\"target\":[\"https:\/\/tabernaculoprensadedios.com\/web\/the-chosen-logra-un-debut-record-con-el-estreno-de-la-quinta-temporada-en-los-cines\/\"]}]},{\"@type\":\"ImageObject\",\"inLanguage\":\"es\",\"@id\":\"https:\/\/tabernaculoprensadedios.com\/web\/the-chosen-logra-un-debut-record-con-el-estreno-de-la-quinta-temporada-en-los-cines\/#primaryimage\",\"url\":\"https:\/\/tabernaculoprensadedios.com\/web\/wp-content\/uploads\/2025\/04\/chosen5_0.avif\",\"contentUrl\":\"https:\/\/tabernaculoprensadedios.com\/web\/wp-content\/uploads\/2025\/04\/chosen5_0.avif\",\"width\":1000,\"height\":563,\"caption\":\"Fotograf\u00eda proporcionada por \\\"The Chosen\\\"\"},{\"@type\":\"BreadcrumbList\",\"@id\":\"https:\/\/tabernaculoprensadedios.com\/web\/the-chosen-logra-un-debut-record-con-el-estreno-de-la-quinta-temporada-en-los-cines\/#breadcrumb\",\"itemListElement\":[{\"@type\":\"ListItem\",\"position\":1,\"name\":\"Portada\",\"item\":\"https:\/\/tabernaculoprensadedios.com\/web\/\"},{\"@type\":\"ListItem\",\"position\":2,\"name\":\"&#8216;The Chosen&#8217; logra un debut r\u00e9cord con el estreno de la quinta temporada en los cines\"}]},{\"@type\":\"WebSite\",\"@id\":\"https:\/\/tabernaculoprensadedios.com\/web\/#website\",\"url\":\"https:\/\/tabernaculoprensadedios.com\/web\/\",\"name\":\"Tabernaculo Prensa de Dios\",\"description\":\"Un medio a la manera de Dios\",\"publisher\":{\"@id\":\"https:\/\/tabernaculoprensadedios.com\/web\/#\/schema\/person\/bc0e069fef56b38e177db6f098ae0b6e\"},\"potentialAction\":[{\"@type\":\"SearchAction\",\"target\":{\"@type\":\"EntryPoint\",\"urlTemplate\":\"https:\/\/tabernaculoprensadedios.com\/web\/?s={search_term_string}\"},\"query-input\":{\"@type\":\"PropertyValueSpecification\",\"valueRequired\":true,\"valueName\":\"search_term_string\"}}],\"inLanguage\":\"es\"},{\"@type\":[\"Person\",\"Organization\"],\"@id\":\"https:\/\/tabernaculoprensadedios.com\/web\/#\/schema\/person\/bc0e069fef56b38e177db6f098ae0b6e\",\"name\":\"tabernaculo\",\"image\":{\"@type\":\"ImageObject\",\"inLanguage\":\"es\",\"@id\":\"https:\/\/tabernaculoprensadedios.com\/web\/#\/schema\/person\/image\/\",\"url\":\"https:\/\/tabernaculoprensadedios.com\/web\/wp-content\/uploads\/2015\/06\/login-logo1.png\",\"contentUrl\":\"https:\/\/tabernaculoprensadedios.com\/web\/wp-content\/uploads\/2015\/06\/login-logo1.png\",\"width\":300,\"height\":118,\"caption\":\"tabernaculo\"},\"logo\":{\"@id\":\"https:\/\/tabernaculoprensadedios.com\/web\/#\/schema\/person\/image\/\"},\"url\":\"https:\/\/tabernaculoprensadedios.com\/web\/author\/tabernaculo\/\"}]}<\/script>\n<!-- \/ Yoast SEO Premium plugin. -->","yoast_head_json":{"title":"'The Chosen' logra un debut r\u00e9cord con el estreno de la quinta temporada en los cines - Tabernaculo Prensa de Dios","robots":{"index":"index","follow":"follow","max-snippet":"max-snippet:-1","max-image-preview":"max-image-preview:large","max-video-preview":"max-video-preview:-1"},"canonical":"https:\/\/tabernaculoprensadedios.com\/web\/the-chosen-logra-un-debut-record-con-el-estreno-de-la-quinta-temporada-en-los-cines\/","og_locale":"es_ES","og_type":"article","og_title":"'The Chosen' logra un debut r\u00e9cord con el estreno de la quinta temporada en los cines","og_description":"Millones de personas acudieron a la mesa proverbial para el debut en taquilla de \u201cEl Elegido: La \u00daltima Cena\u201d. El estreno de la quinta temporada de la serie basada en la vida de Jes\u00fas logr\u00f3 un desempe\u00f1o sorprendente en su primer fin de semana, recaudando $11.5 millones en 2,478 cines en todo el pa\u00eds, seg\u00fan &hellip;","og_url":"https:\/\/tabernaculoprensadedios.com\/web\/the-chosen-logra-un-debut-record-con-el-estreno-de-la-quinta-temporada-en-los-cines\/","og_site_name":"Tabernaculo Prensa de Dios","article_published_time":"2025-04-17T01:38:33+00:00","og_image":[{"width":1000,"height":563,"url":"https:\/\/tabernaculoprensadedios.com\/web\/wp-content\/uploads\/2025\/04\/chosen5_0.avif","type":"image\/jpeg"}],"author":"tabernaculo","twitter_card":"summary_large_image","twitter_creator":"@PrensadeDios","twitter_site":"@PrensadeDios","twitter_misc":{"Escrito por":"tabernaculo","Tiempo de lectura":"3 minutos"},"schema":{"@context":"https:\/\/schema.org","@graph":[{"@type":"Article","@id":"https:\/\/tabernaculoprensadedios.com\/web\/the-chosen-logra-un-debut-record-con-el-estreno-de-la-quinta-temporada-en-los-cines\/#article","isPartOf":{"@id":"https:\/\/tabernaculoprensadedios.com\/web\/the-chosen-logra-un-debut-record-con-el-estreno-de-la-quinta-temporada-en-los-cines\/"},"author":{"name":"tabernaculo","@id":"https:\/\/tabernaculoprensadedios.com\/web\/#\/schema\/person\/bc0e069fef56b38e177db6f098ae0b6e"},"headline":"&#8216;The Chosen&#8217; logra un debut r\u00e9cord con el estreno de la quinta temporada en los cines","datePublished":"2025-04-17T01:38:33+00:00","mainEntityOfPage":{"@id":"https:\/\/tabernaculoprensadedios.com\/web\/the-chosen-logra-un-debut-record-con-el-estreno-de-la-quinta-temporada-en-los-cines\/"},"wordCount":547,"commentCount":0,"publisher":{"@id":"https:\/\/tabernaculoprensadedios.com\/web\/#\/schema\/person\/bc0e069fef56b38e177db6f098ae0b6e"},"image":{"@id":"https:\/\/tabernaculoprensadedios.com\/web\/the-chosen-logra-un-debut-record-con-el-estreno-de-la-quinta-temporada-en-los-cines\/#primaryimage"},"thumbnailUrl":"https:\/\/tabernaculoprensadedios.com\/web\/wp-content\/uploads\/2025\/04\/chosen5_0.avif","articleSection":["Arte"],"inLanguage":"es","potentialAction":[{"@type":"CommentAction","name":"Comment","target":["https:\/\/tabernaculoprensadedios.com\/web\/the-chosen-logra-un-debut-record-con-el-estreno-de-la-quinta-temporada-en-los-cines\/#respond"]}]},{"@type":"WebPage","@id":"https:\/\/tabernaculoprensadedios.com\/web\/the-chosen-logra-un-debut-record-con-el-estreno-de-la-quinta-temporada-en-los-cines\/","url":"https:\/\/tabernaculoprensadedios.com\/web\/the-chosen-logra-un-debut-record-con-el-estreno-de-la-quinta-temporada-en-los-cines\/","name":"'The Chosen' logra un debut r\u00e9cord con el estreno de la quinta temporada en los cines - Tabernaculo Prensa de Dios","isPartOf":{"@id":"https:\/\/tabernaculoprensadedios.com\/web\/#website"},"primaryImageOfPage":{"@id":"https:\/\/tabernaculoprensadedios.com\/web\/the-chosen-logra-un-debut-record-con-el-estreno-de-la-quinta-temporada-en-los-cines\/#primaryimage"},"image":{"@id":"https:\/\/tabernaculoprensadedios.com\/web\/the-chosen-logra-un-debut-record-con-el-estreno-de-la-quinta-temporada-en-los-cines\/#primaryimage"},"thumbnailUrl":"https:\/\/tabernaculoprensadedios.com\/web\/wp-content\/uploads\/2025\/04\/chosen5_0.avif","datePublished":"2025-04-17T01:38:33+00:00","breadcrumb":{"@id":"https:\/\/tabernaculoprensadedios.com\/web\/the-chosen-logra-un-debut-record-con-el-estreno-de-la-quinta-temporada-en-los-cines\/#breadcrumb"},"inLanguage":"es","potentialAction":[{"@type":"ReadAction","target":["https:\/\/tabernaculoprensadedios.com\/web\/the-chosen-logra-un-debut-record-con-el-estreno-de-la-quinta-temporada-en-los-cines\/"]}]},{"@type":"ImageObject","inLanguage":"es","@id":"https:\/\/tabernaculoprensadedios.com\/web\/the-chosen-logra-un-debut-record-con-el-estreno-de-la-quinta-temporada-en-los-cines\/#primaryimage","url":"https:\/\/tabernaculoprensadedios.com\/web\/wp-content\/uploads\/2025\/04\/chosen5_0.avif","contentUrl":"https:\/\/tabernaculoprensadedios.com\/web\/wp-content\/uploads\/2025\/04\/chosen5_0.avif","width":1000,"height":563,"caption":"Fotograf\u00eda proporcionada por \"The Chosen\""},{"@type":"BreadcrumbList","@id":"https:\/\/tabernaculoprensadedios.com\/web\/the-chosen-logra-un-debut-record-con-el-estreno-de-la-quinta-temporada-en-los-cines\/#breadcrumb","itemListElement":[{"@type":"ListItem","position":1,"name":"Portada","item":"https:\/\/tabernaculoprensadedios.com\/web\/"},{"@type":"ListItem","position":2,"name":"&#8216;The Chosen&#8217; logra un debut r\u00e9cord con el estreno de la quinta temporada en los cines"}]},{"@type":"WebSite","@id":"https:\/\/tabernaculoprensadedios.com\/web\/#website","url":"https:\/\/tabernaculoprensadedios.com\/web\/","name":"Tabernaculo Prensa de Dios","description":"Un medio a la manera de Dios","publisher":{"@id":"https:\/\/tabernaculoprensadedios.com\/web\/#\/schema\/person\/bc0e069fef56b38e177db6f098ae0b6e"},"potentialAction":[{"@type":"SearchAction","target":{"@type":"EntryPoint","urlTemplate":"https:\/\/tabernaculoprensadedios.com\/web\/?s={search_term_string}"},"query-input":{"@type":"PropertyValueSpecification","valueRequired":true,"valueName":"search_term_string"}}],"inLanguage":"es"},{"@type":["Person","Organization"],"@id":"https:\/\/tabernaculoprensadedios.com\/web\/#\/schema\/person\/bc0e069fef56b38e177db6f098ae0b6e","name":"tabernaculo","image":{"@type":"ImageObject","inLanguage":"es","@id":"https:\/\/tabernaculoprensadedios.com\/web\/#\/schema\/person\/image\/","url":"https:\/\/tabernaculoprensadedios.com\/web\/wp-content\/uploads\/2015\/06\/login-logo1.png","contentUrl":"https:\/\/tabernaculoprensadedios.com\/web\/wp-content\/uploads\/2015\/06\/login-logo1.png","width":300,"height":118,"caption":"tabernaculo"},"logo":{"@id":"https:\/\/tabernaculoprensadedios.com\/web\/#\/schema\/person\/image\/"},"url":"https:\/\/tabernaculoprensadedios.com\/web\/author\/tabernaculo\/"}]}},"_links":{"self":[{"href":"https:\/\/tabernaculoprensadedios.com\/web\/wp-json\/wp\/v2\/posts\/34387","targetHints":{"allow":["GET"]}}],"collection":[{"href":"https:\/\/tabernaculoprensadedios.com\/web\/wp-json\/wp\/v2\/posts"}],"about":[{"href":"https:\/\/tabernaculoprensadedios.com\/web\/wp-json\/wp\/v2\/types\/post"}],"author":[{"embeddable":true,"href":"https:\/\/tabernaculoprensadedios.com\/web\/wp-json\/wp\/v2\/users\/1"}],"replies":[{"embeddable":true,"href":"https:\/\/tabernaculoprensadedios.com\/web\/wp-json\/wp\/v2\/comments?post=34387"}],"version-history":[{"count":1,"href":"https:\/\/tabernaculoprensadedios.com\/web\/wp-json\/wp\/v2\/posts\/34387\/revisions"}],"predecessor-version":[{"id":34389,"href":"https:\/\/tabernaculoprensadedios.com\/web\/wp-json\/wp\/v2\/posts\/34387\/revisions\/34389"}],"wp:featuredmedia":[{"embeddable":true,"href":"https:\/\/tabernaculoprensadedios.com\/web\/wp-json\/wp\/v2\/media\/34388"}],"wp:attachment":[{"href":"https:\/\/tabernaculoprensadedios.com\/web\/wp-json\/wp\/v2\/media?parent=34387"}],"wp:term":[{"taxonomy":"category","embeddable":true,"href":"https:\/\/tabernaculoprensadedios.com\/web\/wp-json\/wp\/v2\/categories?post=34387"},{"taxonomy":"post_tag","embeddable":true,"href":"https:\/\/tabernaculoprensadedios.com\/web\/wp-json\/wp\/v2\/tags?post=34387"}],"curies":[{"name":"wp","href":"https:\/\/api.w.org\/{rel}","templated":true}]}}