{"id":34101,"date":"2025-03-18T14:17:46","date_gmt":"2025-03-18T14:17:46","guid":{"rendered":"https:\/\/tabernaculoprensadedios.com\/web\/?p=34101"},"modified":"2025-03-18T14:44:11","modified_gmt":"2025-03-18T14:44:11","slug":"rompiendo-las-cadenas-de-la-decepcion","status":"publish","type":"post","link":"https:\/\/tabernaculoprensadedios.com\/web\/rompiendo-las-cadenas-de-la-decepcion\/","title":{"rendered":"Rompiendo las cadenas de la decepci\u00f3n"},"content":{"rendered":"<p><strong><em>Sac\u00fadete el polvo, ponte de pie, si\u00e9ntate en tu trono, Jerusal\u00e9n. Desata las cadenas de tu cuello, Sion, hija encarcelada. Isa\u00edas 52:2 PDT<\/em><\/strong><\/p>\n<p>Vi al Se\u00f1or caminando de la mano con Su Novia mientras se preparaban para salir de una cueva oscura. Esta cueva representa la decepci\u00f3n, el trauma, las heridas y la confianza sacudida. Sin siquiera darse cuenta completamente de su condici\u00f3n, la Novia se ha acostumbrado a habitar en ese lugar. El Se\u00f1or se volvi\u00f3 hacia Su Novia y le dijo: \u00abEs tiempo de salir de este lugar.\u00bb Juntos, avanzaron desde la entrada de la cueva y caminaron por el camino abierto delante de ellos. Unos pasos m\u00e1s adelante, ambos se volvieron hacia la cueva y el Se\u00f1or levant\u00f3 su poderosa espada. Hablando con poder y gran autoridad dijo: \u00ab\u00a1Rompo el poder que esta cueva ha tenido sobre mi gloriosa Novia!\u00bb<\/p>\n<p>Como se ha dicho antes, MARZO ser\u00e1 tiempo de salir del barco y caminar sobre las aguas. \u00a1Al hacerlo, ver\u00e1s lo milagroso! Al salir de la cueva de la decepci\u00f3n y la confianza sacudida, verdaderamente entrar\u00e1s en un nuevo y glorioso d\u00eda de libertad. \u00a1El poder de la cueva ha sido roto y ahora caminar\u00e1s en la plenitud de quien el Se\u00f1or te ha destinado a ser!<\/p>\n<p><strong>\u00a1CONFIANZA SACUDIDA Y RESTAURADA!<br \/>\n<\/strong>Proverbios 3:5-6 Conf\u00eda en el Se\u00f1or con todo tu coraz\u00f3n, y no te apoyes en tu propio entendimiento. Recon\u00f3celo en todos tus caminos y \u00c9l enderezar\u00e1 tus sendas.<\/p>\n<p>Escuch\u00f3 al Se\u00f1or decir: \u00ab\u00a1Mi mano est\u00e1 sobre ti! Estoy so\u00f1\u00e1ndote de la decepci\u00f3n del pasado y de la confianza sacudida. El enemigo ha atado a muchos con un manto de desilusi\u00f3n y decepci\u00f3n. Tambi\u00e9n ha encontrado un punto de apoyo para sembrar semillas de duda y temor, pero estoy rompiendo eso sobre Mi Novia en esta hora. Has permanecido fiel a pesar de muchas circunstancias adversas. Sin embargo, tambi\u00e9n has permanecido firme en que Yo siempre soy bueno y deseo mostrarte Mi bondad.\u00bb<\/p>\n<p>El Se\u00f1or dice: \u00ab\u00a1Lev\u00e1ntate, oh poderoso guerrero, y regresa a tu fortaleza de esperanza! Sac\u00fadete las mentiras del enemigo y rompe todo acuerdo con la narrativa falsa con la que ha intentado detenerte.\u00bb<\/p>\n<p>Zacar\u00edas 9:12 Vuelvan a su fortaleza, cautivos de la esperanza, pues hoy mismo anuncio que les devolver\u00e9 el doble.<\/p>\n<p>\u00abS\u00e9 que ha habido muchas cosas dolorosas que no has entendido. Sin embargo, Yo soy bueno y sigo obrando Mis planes y prop\u00f3sitos para tu vida. Verdaderamente, Yo soy el autor de tu historia. Tus tiempos est\u00e1n en Mis manos y tengo buenos planes para ti. \u00a1Aun en los retrasos aparentes, estoy justo a tiempo! Ver\u00e1s el amanecer sobre lo que ha parecido ser la temporada m\u00e1s oscura. Yo soy capaz de cambiar belleza por tus cenizas. \u00a1Que la esperanza se levante! \u00a1Que la confianza sacudida sea quebrantada ahora! Atr\u00e9vete a esperar en M\u00ed nuevamente y deja que Mi bondad y misericordia te inunden con frescura.\u00bb<\/p>\n<p>\u00abTe he llamado a ser un faro de esperanza, luz y fortaleza para otros. Por eso el enemigo ha intentado incansablemente hacerte abandonar tu confianza y caer en el des\u00e1nimo. \u00a1Mantente firme, porque estoy rompiendo la postergaci\u00f3n de la esperanza! Yo soy el Dios que puede y har\u00e1 much\u00edsimo m\u00e1s de lo que puedas pedir o imaginar. Verdaderamente, \u00a1tus mejores d\u00edas est\u00e1n por delante! \u00a1La trayectoria de tu vida est\u00e1 a punto de cambiar para bien! \u00a1Canta una nueva canci\u00f3n para M\u00ed! \u00a1Regoc\u00edjate y al\u00e9grate en gran manera, porque este es un nuevo d\u00eda!\u00bb, dice el Se\u00f1or de los Ej\u00e9rcitos. (Una palabra de Angie Stolba)<\/p>\n<p><strong>Ponle acci\u00f3n a tu fe<br \/>\n<\/strong>Lee hoy Mateo 14:22-33 y Zacar\u00edas 9:9-17 . La cueva representa mentiras y desilusi\u00f3n que han afectado tu confianza. Es crucial alinear tu pensamiento con la verdad de la Palabra de Dios. Dios te est\u00e1 diciendo: \u00abEs tiempo de salir de este lugar.\u00bb No te aferres al pasado, al dolor o a la decepci\u00f3n. Decide en tu coraz\u00f3n que vas a confiar en \u00c9l y dar el primer paso hacia la libertad. Pedro tuvo que salir del bote para caminar sobre las aguas. De la misma manera, Dios te est\u00e1 llamando a dar pasos de fe aunque no tengas todas las respuestas.<\/p>\n<p>Con amor y oraciones,<\/p>\n","protected":false},"excerpt":{"rendered":"<p>Sac\u00fadete el polvo, ponte de pie, si\u00e9ntate en tu trono, Jerusal\u00e9n. Desata las cadenas de tu cuello, Sion, hija encarcelada. Isa\u00edas 52:2 PDT Vi al Se\u00f1or caminando de la mano con Su Novia mientras se preparaban para salir de una cueva oscura. Esta cueva representa la decepci\u00f3n, el trauma, las heridas y la confianza sacudida. &hellip;<\/p>\n","protected":false},"author":1,"featured_media":34103,"comment_status":"open","ping_status":"open","sticky":false,"template":"","format":"standard","meta":{"footnotes":""},"categories":[34],"tags":[],"class_list":["post-34101","post","type-post","status-publish","format-standard","has-post-thumbnail","hentry","category-articulos"],"yoast_head":"<!-- This site is optimized with the Yoast SEO Premium plugin v24.2 (Yoast SEO v27.1.1) - https:\/\/yoast.com\/product\/yoast-seo-premium-wordpress\/ -->\n<title>Rompiendo las cadenas de la decepci\u00f3n - Tabernaculo Prensa de Dios<\/title>\n<meta name=\"robots\" content=\"index, follow, max-snippet:-1, max-image-preview:large, max-video-preview:-1\" \/>\n<link rel=\"canonical\" href=\"https:\/\/tabernaculoprensadedios.com\/web\/rompiendo-las-cadenas-de-la-decepcion\/\" class=\"yoast-seo-meta-tag\" \/>\n<meta property=\"og:locale\" content=\"es_ES\" class=\"yoast-seo-meta-tag\" \/>\n<meta property=\"og:type\" content=\"article\" class=\"yoast-seo-meta-tag\" \/>\n<meta property=\"og:title\" content=\"Rompiendo las cadenas de la decepci\u00f3n\" class=\"yoast-seo-meta-tag\" \/>\n<meta property=\"og:description\" content=\"Sac\u00fadete el polvo, ponte de pie, si\u00e9ntate en tu trono, Jerusal\u00e9n. Desata las cadenas de tu cuello, Sion, hija encarcelada. Isa\u00edas 52:2 PDT Vi al Se\u00f1or caminando de la mano con Su Novia mientras se preparaban para salir de una cueva oscura. Esta cueva representa la decepci\u00f3n, el trauma, las heridas y la confianza sacudida. &hellip;\" class=\"yoast-seo-meta-tag\" \/>\n<meta property=\"og:url\" content=\"https:\/\/tabernaculoprensadedios.com\/web\/rompiendo-las-cadenas-de-la-decepcion\/\" class=\"yoast-seo-meta-tag\" \/>\n<meta property=\"og:site_name\" content=\"Tabernaculo Prensa de Dios\" class=\"yoast-seo-meta-tag\" \/>\n<meta property=\"article:published_time\" content=\"2025-03-18T14:17:46+00:00\" class=\"yoast-seo-meta-tag\" \/>\n<meta property=\"article:modified_time\" content=\"2025-03-18T14:44:11+00:00\" class=\"yoast-seo-meta-tag\" \/>\n<meta property=\"og:image\" content=\"https:\/\/tabernaculoprensadedios.com\/web\/wp-content\/uploads\/2025\/03\/400811.avif\" class=\"yoast-seo-meta-tag\" \/>\n\t<meta property=\"og:image:width\" content=\"1280\" class=\"yoast-seo-meta-tag\" \/>\n\t<meta property=\"og:image:height\" content=\"848\" class=\"yoast-seo-meta-tag\" \/>\n\t<meta property=\"og:image:type\" content=\"image\/jpeg\" class=\"yoast-seo-meta-tag\" \/>\n<meta name=\"author\" content=\"tabernaculo\" class=\"yoast-seo-meta-tag\" \/>\n<meta name=\"twitter:card\" content=\"summary_large_image\" class=\"yoast-seo-meta-tag\" \/>\n<meta name=\"twitter:creator\" content=\"@PrensadeDios\" class=\"yoast-seo-meta-tag\" \/>\n<meta name=\"twitter:site\" content=\"@PrensadeDios\" class=\"yoast-seo-meta-tag\" \/>\n<meta name=\"twitter:label1\" content=\"Escrito por\" class=\"yoast-seo-meta-tag\" \/>\n\t<meta name=\"twitter:data1\" content=\"tabernaculo\" class=\"yoast-seo-meta-tag\" \/>\n\t<meta name=\"twitter:label2\" content=\"Tiempo de lectura\" class=\"yoast-seo-meta-tag\" \/>\n\t<meta name=\"twitter:data2\" content=\"4 minutos\" class=\"yoast-seo-meta-tag\" \/>\n<script type=\"application\/ld+json\" class=\"yoast-schema-graph\">{\"@context\":\"https:\/\/schema.org\",\"@graph\":[{\"@type\":\"Article\",\"@id\":\"https:\/\/tabernaculoprensadedios.com\/web\/rompiendo-las-cadenas-de-la-decepcion\/#article\",\"isPartOf\":{\"@id\":\"https:\/\/tabernaculoprensadedios.com\/web\/rompiendo-las-cadenas-de-la-decepcion\/\"},\"author\":{\"name\":\"tabernaculo\",\"@id\":\"https:\/\/tabernaculoprensadedios.com\/web\/#\/schema\/person\/bc0e069fef56b38e177db6f098ae0b6e\"},\"headline\":\"Rompiendo las cadenas de la decepci\u00f3n\",\"datePublished\":\"2025-03-18T14:17:46+00:00\",\"dateModified\":\"2025-03-18T14:44:11+00:00\",\"mainEntityOfPage\":{\"@id\":\"https:\/\/tabernaculoprensadedios.com\/web\/rompiendo-las-cadenas-de-la-decepcion\/\"},\"wordCount\":757,\"commentCount\":0,\"publisher\":{\"@id\":\"https:\/\/tabernaculoprensadedios.com\/web\/#\/schema\/person\/bc0e069fef56b38e177db6f098ae0b6e\"},\"image\":{\"@id\":\"https:\/\/tabernaculoprensadedios.com\/web\/rompiendo-las-cadenas-de-la-decepcion\/#primaryimage\"},\"thumbnailUrl\":\"https:\/\/tabernaculoprensadedios.com\/web\/wp-content\/uploads\/2025\/03\/400811.avif\",\"articleSection\":[\"Articulos\"],\"inLanguage\":\"es\",\"potentialAction\":[{\"@type\":\"CommentAction\",\"name\":\"Comment\",\"target\":[\"https:\/\/tabernaculoprensadedios.com\/web\/rompiendo-las-cadenas-de-la-decepcion\/#respond\"]}]},{\"@type\":\"WebPage\",\"@id\":\"https:\/\/tabernaculoprensadedios.com\/web\/rompiendo-las-cadenas-de-la-decepcion\/\",\"url\":\"https:\/\/tabernaculoprensadedios.com\/web\/rompiendo-las-cadenas-de-la-decepcion\/\",\"name\":\"Rompiendo las cadenas de la decepci\u00f3n - Tabernaculo Prensa de Dios\",\"isPartOf\":{\"@id\":\"https:\/\/tabernaculoprensadedios.com\/web\/#website\"},\"primaryImageOfPage\":{\"@id\":\"https:\/\/tabernaculoprensadedios.com\/web\/rompiendo-las-cadenas-de-la-decepcion\/#primaryimage\"},\"image\":{\"@id\":\"https:\/\/tabernaculoprensadedios.com\/web\/rompiendo-las-cadenas-de-la-decepcion\/#primaryimage\"},\"thumbnailUrl\":\"https:\/\/tabernaculoprensadedios.com\/web\/wp-content\/uploads\/2025\/03\/400811.avif\",\"datePublished\":\"2025-03-18T14:17:46+00:00\",\"dateModified\":\"2025-03-18T14:44:11+00:00\",\"breadcrumb\":{\"@id\":\"https:\/\/tabernaculoprensadedios.com\/web\/rompiendo-las-cadenas-de-la-decepcion\/#breadcrumb\"},\"inLanguage\":\"es\",\"potentialAction\":[{\"@type\":\"ReadAction\",\"target\":[\"https:\/\/tabernaculoprensadedios.com\/web\/rompiendo-las-cadenas-de-la-decepcion\/\"]}]},{\"@type\":\"ImageObject\",\"inLanguage\":\"es\",\"@id\":\"https:\/\/tabernaculoprensadedios.com\/web\/rompiendo-las-cadenas-de-la-decepcion\/#primaryimage\",\"url\":\"https:\/\/tabernaculoprensadedios.com\/web\/wp-content\/uploads\/2025\/03\/400811.avif\",\"contentUrl\":\"https:\/\/tabernaculoprensadedios.com\/web\/wp-content\/uploads\/2025\/03\/400811.avif\",\"width\":1280,\"height\":848,\"caption\":\"pedestrians, people, busy, movement, hectic, osaka, city, japan, street, asia, crowded, crossing, walking, people, people, people, people, people\"},{\"@type\":\"BreadcrumbList\",\"@id\":\"https:\/\/tabernaculoprensadedios.com\/web\/rompiendo-las-cadenas-de-la-decepcion\/#breadcrumb\",\"itemListElement\":[{\"@type\":\"ListItem\",\"position\":1,\"name\":\"Portada\",\"item\":\"https:\/\/tabernaculoprensadedios.com\/web\/\"},{\"@type\":\"ListItem\",\"position\":2,\"name\":\"Rompiendo las cadenas de la decepci\u00f3n\"}]},{\"@type\":\"WebSite\",\"@id\":\"https:\/\/tabernaculoprensadedios.com\/web\/#website\",\"url\":\"https:\/\/tabernaculoprensadedios.com\/web\/\",\"name\":\"Tabernaculo Prensa de Dios\",\"description\":\"Un medio a la manera de Dios\",\"publisher\":{\"@id\":\"https:\/\/tabernaculoprensadedios.com\/web\/#\/schema\/person\/bc0e069fef56b38e177db6f098ae0b6e\"},\"potentialAction\":[{\"@type\":\"SearchAction\",\"target\":{\"@type\":\"EntryPoint\",\"urlTemplate\":\"https:\/\/tabernaculoprensadedios.com\/web\/?s={search_term_string}\"},\"query-input\":{\"@type\":\"PropertyValueSpecification\",\"valueRequired\":true,\"valueName\":\"search_term_string\"}}],\"inLanguage\":\"es\"},{\"@type\":[\"Person\",\"Organization\"],\"@id\":\"https:\/\/tabernaculoprensadedios.com\/web\/#\/schema\/person\/bc0e069fef56b38e177db6f098ae0b6e\",\"name\":\"tabernaculo\",\"image\":{\"@type\":\"ImageObject\",\"inLanguage\":\"es\",\"@id\":\"https:\/\/tabernaculoprensadedios.com\/web\/#\/schema\/person\/image\/\",\"url\":\"https:\/\/tabernaculoprensadedios.com\/web\/wp-content\/uploads\/2015\/06\/login-logo1.png\",\"contentUrl\":\"https:\/\/tabernaculoprensadedios.com\/web\/wp-content\/uploads\/2015\/06\/login-logo1.png\",\"width\":300,\"height\":118,\"caption\":\"tabernaculo\"},\"logo\":{\"@id\":\"https:\/\/tabernaculoprensadedios.com\/web\/#\/schema\/person\/image\/\"},\"url\":\"https:\/\/tabernaculoprensadedios.com\/web\/author\/tabernaculo\/\"}]}<\/script>\n<!-- \/ Yoast SEO Premium plugin. -->","yoast_head_json":{"title":"Rompiendo las cadenas de la decepci\u00f3n - Tabernaculo Prensa de Dios","robots":{"index":"index","follow":"follow","max-snippet":"max-snippet:-1","max-image-preview":"max-image-preview:large","max-video-preview":"max-video-preview:-1"},"canonical":"https:\/\/tabernaculoprensadedios.com\/web\/rompiendo-las-cadenas-de-la-decepcion\/","og_locale":"es_ES","og_type":"article","og_title":"Rompiendo las cadenas de la decepci\u00f3n","og_description":"Sac\u00fadete el polvo, ponte de pie, si\u00e9ntate en tu trono, Jerusal\u00e9n. Desata las cadenas de tu cuello, Sion, hija encarcelada. Isa\u00edas 52:2 PDT Vi al Se\u00f1or caminando de la mano con Su Novia mientras se preparaban para salir de una cueva oscura. Esta cueva representa la decepci\u00f3n, el trauma, las heridas y la confianza sacudida. &hellip;","og_url":"https:\/\/tabernaculoprensadedios.com\/web\/rompiendo-las-cadenas-de-la-decepcion\/","og_site_name":"Tabernaculo Prensa de Dios","article_published_time":"2025-03-18T14:17:46+00:00","article_modified_time":"2025-03-18T14:44:11+00:00","og_image":[{"width":1280,"height":848,"url":"https:\/\/tabernaculoprensadedios.com\/web\/wp-content\/uploads\/2025\/03\/400811.avif","type":"image\/jpeg"}],"author":"tabernaculo","twitter_card":"summary_large_image","twitter_creator":"@PrensadeDios","twitter_site":"@PrensadeDios","twitter_misc":{"Escrito por":"tabernaculo","Tiempo de lectura":"4 minutos"},"schema":{"@context":"https:\/\/schema.org","@graph":[{"@type":"Article","@id":"https:\/\/tabernaculoprensadedios.com\/web\/rompiendo-las-cadenas-de-la-decepcion\/#article","isPartOf":{"@id":"https:\/\/tabernaculoprensadedios.com\/web\/rompiendo-las-cadenas-de-la-decepcion\/"},"author":{"name":"tabernaculo","@id":"https:\/\/tabernaculoprensadedios.com\/web\/#\/schema\/person\/bc0e069fef56b38e177db6f098ae0b6e"},"headline":"Rompiendo las cadenas de la decepci\u00f3n","datePublished":"2025-03-18T14:17:46+00:00","dateModified":"2025-03-18T14:44:11+00:00","mainEntityOfPage":{"@id":"https:\/\/tabernaculoprensadedios.com\/web\/rompiendo-las-cadenas-de-la-decepcion\/"},"wordCount":757,"commentCount":0,"publisher":{"@id":"https:\/\/tabernaculoprensadedios.com\/web\/#\/schema\/person\/bc0e069fef56b38e177db6f098ae0b6e"},"image":{"@id":"https:\/\/tabernaculoprensadedios.com\/web\/rompiendo-las-cadenas-de-la-decepcion\/#primaryimage"},"thumbnailUrl":"https:\/\/tabernaculoprensadedios.com\/web\/wp-content\/uploads\/2025\/03\/400811.avif","articleSection":["Articulos"],"inLanguage":"es","potentialAction":[{"@type":"CommentAction","name":"Comment","target":["https:\/\/tabernaculoprensadedios.com\/web\/rompiendo-las-cadenas-de-la-decepcion\/#respond"]}]},{"@type":"WebPage","@id":"https:\/\/tabernaculoprensadedios.com\/web\/rompiendo-las-cadenas-de-la-decepcion\/","url":"https:\/\/tabernaculoprensadedios.com\/web\/rompiendo-las-cadenas-de-la-decepcion\/","name":"Rompiendo las cadenas de la decepci\u00f3n - Tabernaculo Prensa de Dios","isPartOf":{"@id":"https:\/\/tabernaculoprensadedios.com\/web\/#website"},"primaryImageOfPage":{"@id":"https:\/\/tabernaculoprensadedios.com\/web\/rompiendo-las-cadenas-de-la-decepcion\/#primaryimage"},"image":{"@id":"https:\/\/tabernaculoprensadedios.com\/web\/rompiendo-las-cadenas-de-la-decepcion\/#primaryimage"},"thumbnailUrl":"https:\/\/tabernaculoprensadedios.com\/web\/wp-content\/uploads\/2025\/03\/400811.avif","datePublished":"2025-03-18T14:17:46+00:00","dateModified":"2025-03-18T14:44:11+00:00","breadcrumb":{"@id":"https:\/\/tabernaculoprensadedios.com\/web\/rompiendo-las-cadenas-de-la-decepcion\/#breadcrumb"},"inLanguage":"es","potentialAction":[{"@type":"ReadAction","target":["https:\/\/tabernaculoprensadedios.com\/web\/rompiendo-las-cadenas-de-la-decepcion\/"]}]},{"@type":"ImageObject","inLanguage":"es","@id":"https:\/\/tabernaculoprensadedios.com\/web\/rompiendo-las-cadenas-de-la-decepcion\/#primaryimage","url":"https:\/\/tabernaculoprensadedios.com\/web\/wp-content\/uploads\/2025\/03\/400811.avif","contentUrl":"https:\/\/tabernaculoprensadedios.com\/web\/wp-content\/uploads\/2025\/03\/400811.avif","width":1280,"height":848,"caption":"pedestrians, people, busy, movement, hectic, osaka, city, japan, street, asia, crowded, crossing, walking, people, people, people, people, people"},{"@type":"BreadcrumbList","@id":"https:\/\/tabernaculoprensadedios.com\/web\/rompiendo-las-cadenas-de-la-decepcion\/#breadcrumb","itemListElement":[{"@type":"ListItem","position":1,"name":"Portada","item":"https:\/\/tabernaculoprensadedios.com\/web\/"},{"@type":"ListItem","position":2,"name":"Rompiendo las cadenas de la decepci\u00f3n"}]},{"@type":"WebSite","@id":"https:\/\/tabernaculoprensadedios.com\/web\/#website","url":"https:\/\/tabernaculoprensadedios.com\/web\/","name":"Tabernaculo Prensa de Dios","description":"Un medio a la manera de Dios","publisher":{"@id":"https:\/\/tabernaculoprensadedios.com\/web\/#\/schema\/person\/bc0e069fef56b38e177db6f098ae0b6e"},"potentialAction":[{"@type":"SearchAction","target":{"@type":"EntryPoint","urlTemplate":"https:\/\/tabernaculoprensadedios.com\/web\/?s={search_term_string}"},"query-input":{"@type":"PropertyValueSpecification","valueRequired":true,"valueName":"search_term_string"}}],"inLanguage":"es"},{"@type":["Person","Organization"],"@id":"https:\/\/tabernaculoprensadedios.com\/web\/#\/schema\/person\/bc0e069fef56b38e177db6f098ae0b6e","name":"tabernaculo","image":{"@type":"ImageObject","inLanguage":"es","@id":"https:\/\/tabernaculoprensadedios.com\/web\/#\/schema\/person\/image\/","url":"https:\/\/tabernaculoprensadedios.com\/web\/wp-content\/uploads\/2015\/06\/login-logo1.png","contentUrl":"https:\/\/tabernaculoprensadedios.com\/web\/wp-content\/uploads\/2015\/06\/login-logo1.png","width":300,"height":118,"caption":"tabernaculo"},"logo":{"@id":"https:\/\/tabernaculoprensadedios.com\/web\/#\/schema\/person\/image\/"},"url":"https:\/\/tabernaculoprensadedios.com\/web\/author\/tabernaculo\/"}]}},"_links":{"self":[{"href":"https:\/\/tabernaculoprensadedios.com\/web\/wp-json\/wp\/v2\/posts\/34101","targetHints":{"allow":["GET"]}}],"collection":[{"href":"https:\/\/tabernaculoprensadedios.com\/web\/wp-json\/wp\/v2\/posts"}],"about":[{"href":"https:\/\/tabernaculoprensadedios.com\/web\/wp-json\/wp\/v2\/types\/post"}],"author":[{"embeddable":true,"href":"https:\/\/tabernaculoprensadedios.com\/web\/wp-json\/wp\/v2\/users\/1"}],"replies":[{"embeddable":true,"href":"https:\/\/tabernaculoprensadedios.com\/web\/wp-json\/wp\/v2\/comments?post=34101"}],"version-history":[{"count":1,"href":"https:\/\/tabernaculoprensadedios.com\/web\/wp-json\/wp\/v2\/posts\/34101\/revisions"}],"predecessor-version":[{"id":34104,"href":"https:\/\/tabernaculoprensadedios.com\/web\/wp-json\/wp\/v2\/posts\/34101\/revisions\/34104"}],"wp:featuredmedia":[{"embeddable":true,"href":"https:\/\/tabernaculoprensadedios.com\/web\/wp-json\/wp\/v2\/media\/34103"}],"wp:attachment":[{"href":"https:\/\/tabernaculoprensadedios.com\/web\/wp-json\/wp\/v2\/media?parent=34101"}],"wp:term":[{"taxonomy":"category","embeddable":true,"href":"https:\/\/tabernaculoprensadedios.com\/web\/wp-json\/wp\/v2\/categories?post=34101"},{"taxonomy":"post_tag","embeddable":true,"href":"https:\/\/tabernaculoprensadedios.com\/web\/wp-json\/wp\/v2\/tags?post=34101"}],"curies":[{"name":"wp","href":"https:\/\/api.w.org\/{rel}","templated":true}]}}