{"id":34079,"date":"2025-03-18T02:27:41","date_gmt":"2025-03-18T02:27:41","guid":{"rendered":"https:\/\/tabernaculoprensadedios.com\/web\/?p=34079"},"modified":"2025-03-18T02:27:41","modified_gmt":"2025-03-18T02:27:41","slug":"concilio-de-las-iglesias-espiritu-de-hermandad-celebro-su-trigesima-sexta-convencion-con-el-lema-renovando-la-vision","status":"publish","type":"post","link":"https:\/\/tabernaculoprensadedios.com\/web\/concilio-de-las-iglesias-espiritu-de-hermandad-celebro-su-trigesima-sexta-convencion-con-el-lema-renovando-la-vision\/","title":{"rendered":"Concilio de las Iglesias Esp\u00edritu de Hermandad celebr\u00f3 su trig\u00e9sima sexta Convenci\u00f3n con el lema \u00abRenovando la Visi\u00f3n\u00bb"},"content":{"rendered":"<p>Consolid\u00e1ndose cada d\u00eda m\u00e1s en Jesucristo, la Roca Eterna, el Concilio de las Iglesias Esp\u00edritu de Hermandad, celebr\u00f3 su trig\u00e9sima sexta Convenci\u00f3n Mundial con el lema \u00abRenovando la Visi\u00f3n\u00bb, el pasado 16 de marzo, en las instalaciones del Club de los Militares en la Ciudad Coraz\u00f3n, con la presencia de todos sus pastores, l\u00edderes e invitados especiales.<\/p>\n<p>Desde Estados Unidos, su fundador Obispo Tony Torres acompa\u00f1ado de otros consiervos estuvieron presentes en la gran celebraci\u00f3n de 36 a\u00f1os de existencia del Concilio de las Iglesias Esp\u00edritu de Hermandad, agradeciendo al Todopoderoso Dios la victoria experimentada cada a\u00f1o, de gloria en gloria y de triunfo en triunfo.<\/p>\n<p>Acompa\u00f1aron al Obispo Torres, desde Estados Unidos, su amada esposa Luisa Torres, los pastores Franklin Vargas y su distinguida esposa Maria Vargas, Domingo Pereyra (Hijo) y el misionero F\u00e9lix Mora.<\/p>\n<p>El pastor Rub\u00e9n Rodr\u00edguez, vice- presidente del Concilio a nivel nacional, quien pastorea en el municipio de Villa Bison\u00f3 (Navarrete) comparti\u00f3 el poderoso mensaje de la Palabra de Dios con el tema \u00abRenovando la Visi\u00f3n\u00bb basado en Habacuc 2: 2-4 que dice: \u00abAunque la visi\u00f3n tardar\u00e1 a\u00fan por un tiempo, mas se apresura hacia el fin, y no mentir\u00e1; aunque tardare, esp\u00e9ralo, porque sin duda vendr\u00e1, no tardar\u00e1. He aqu\u00ed que aquel cuya alma no es recta, se enorgullece; mas el justo por su fe vivir\u00e1\u00bb, orador invitado para la gran ocasi\u00f3n del significativo aniversario.<\/p>\n<p>\u00abPara que una visi\u00f3n pueda avanzar y tener resultados positivos, esa visi\u00f3n tiene que nacer en una \u00edntima comuni\u00f3n con el Se\u00f1or. Debemos de volver a la senda antigua y hacer lo que hac\u00edamos para que la vosi\u00f3n contin\u00fae hasta alcanzar la meta final. La fe puesta en Jes\u00fas sostiene nuestra visi\u00f3n y la renueva de d\u00eda en d\u00eda hasta el regreso glorioso de nuestro Se\u00f1or y Salvador, porque el justo por la fe viviv\u00e1\u00bb, precis\u00f3 el predicador.<\/p>\n<p>La Iglesia Esp\u00edritu de Hermandad inici\u00f3 en 1989 cuando Tony Torres con algunos hermanos salieron de la iglesia tradicional y comenzaron a estudiar la Biblia y procurar vivir conforme a sus ense\u00f1anzas dando lugar a una congregaci\u00f3n en Los Ciruelitos, Santiago, conocida en ese momento como \u00abIglesia Carism\u00e1tica Esp\u00edritu de Hermandad\u00bb. Hoy, 36 a\u00f1os despu\u00e9s, por la gracia y la misericordia de Dios, cuentan con 21 congregaciones en Rep\u00fablica Dominicana y 3 congregaciones en Estados Unidos.<\/p>\n<p>En la actualidad, el pastor Roberto Cabral es el Obispo Nacional, el pastor Denny Franco es Obispo de la Regi\u00f3n del Cibao, donde tienen la mayor\u00eda de sus congregaciones en Santiago, Hato del Yaque, Navarrete, Licey al Medio, Cienfuegos, Jacagua, Altamira (Puerto Plata), La Vega, Constanza, Moca, San Francisco de Macor\u00eds, Los Alm\u00e1cigos, Esperanza y S\u00e1nchez Ram\u00edrez. Adem\u00e1s, en Santo Domingo y San Pedro de Macor\u00eds.<\/p>\n<p>La agrupaci\u00f3n de alabanza y adoraci\u00f3n de las iglesias de Rep\u00fablica Dominicana, conect\u00f3 a todos los presentes a la presencia de Dios, con una unci\u00f3n fresca propicia para preparar el camino hacia la renovaci\u00f3n de la visi\u00f3n, en la convenci\u00f3n n\u00famero 36, que fue moderada por Rut Cueto\u00a0y\u00a0Enoc\u00a0Nu\u00f1ez.<\/p>\n","protected":false},"excerpt":{"rendered":"<p>Consolid\u00e1ndose cada d\u00eda m\u00e1s en Jesucristo, la Roca Eterna, el Concilio de las Iglesias Esp\u00edritu de Hermandad, celebr\u00f3 su trig\u00e9sima sexta Convenci\u00f3n Mundial con el lema \u00abRenovando la Visi\u00f3n\u00bb, el pasado 16 de marzo, en las instalaciones del Club de los Militares en la Ciudad Coraz\u00f3n, con la presencia de todos sus pastores, l\u00edderes e &hellip;<\/p>\n","protected":false},"author":1,"featured_media":34083,"comment_status":"open","ping_status":"open","sticky":false,"template":"","format":"standard","meta":{"footnotes":""},"categories":[794],"tags":[],"class_list":["post-34079","post","type-post","status-publish","format-standard","has-post-thumbnail","hentry","category-mas-alla-del-monumento"],"yoast_head":"<!-- This site is optimized with the Yoast SEO Premium plugin v24.2 (Yoast SEO v27.1.1) - https:\/\/yoast.com\/product\/yoast-seo-premium-wordpress\/ -->\n<title>Concilio de las Iglesias Esp\u00edritu de Hermandad celebr\u00f3 su trig\u00e9sima sexta Convenci\u00f3n con el lema &quot;Renovando la Visi\u00f3n&quot; - Tabernaculo Prensa de Dios<\/title>\n<meta name=\"robots\" content=\"index, follow, max-snippet:-1, max-image-preview:large, max-video-preview:-1\" \/>\n<link rel=\"canonical\" href=\"https:\/\/tabernaculoprensadedios.com\/web\/concilio-de-las-iglesias-espiritu-de-hermandad-celebro-su-trigesima-sexta-convencion-con-el-lema-renovando-la-vision\/\" class=\"yoast-seo-meta-tag\" \/>\n<meta property=\"og:locale\" content=\"es_ES\" class=\"yoast-seo-meta-tag\" \/>\n<meta property=\"og:type\" content=\"article\" class=\"yoast-seo-meta-tag\" \/>\n<meta property=\"og:title\" content=\"Concilio de las Iglesias Esp\u00edritu de Hermandad celebr\u00f3 su trig\u00e9sima sexta Convenci\u00f3n con el lema &quot;Renovando la Visi\u00f3n&quot;\" class=\"yoast-seo-meta-tag\" \/>\n<meta property=\"og:description\" content=\"Consolid\u00e1ndose cada d\u00eda m\u00e1s en Jesucristo, la Roca Eterna, el Concilio de las Iglesias Esp\u00edritu de Hermandad, celebr\u00f3 su trig\u00e9sima sexta Convenci\u00f3n Mundial con el lema \u00abRenovando la Visi\u00f3n\u00bb, el pasado 16 de marzo, en las instalaciones del Club de los Militares en la Ciudad Coraz\u00f3n, con la presencia de todos sus pastores, l\u00edderes e &hellip;\" class=\"yoast-seo-meta-tag\" \/>\n<meta property=\"og:url\" content=\"https:\/\/tabernaculoprensadedios.com\/web\/concilio-de-las-iglesias-espiritu-de-hermandad-celebro-su-trigesima-sexta-convencion-con-el-lema-renovando-la-vision\/\" class=\"yoast-seo-meta-tag\" \/>\n<meta property=\"og:site_name\" content=\"Tabernaculo Prensa de Dios\" class=\"yoast-seo-meta-tag\" \/>\n<meta property=\"article:published_time\" content=\"2025-03-18T02:27:41+00:00\" class=\"yoast-seo-meta-tag\" \/>\n<meta property=\"og:image\" content=\"https:\/\/tabernaculoprensadedios.com\/web\/wp-content\/uploads\/2025\/03\/Imagen-de-WhatsApp-2025-03-17-a-las-12.17.43_2221998c.avif\" class=\"yoast-seo-meta-tag\" \/>\n\t<meta property=\"og:image:width\" content=\"1060\" class=\"yoast-seo-meta-tag\" \/>\n\t<meta property=\"og:image:height\" content=\"506\" class=\"yoast-seo-meta-tag\" \/>\n\t<meta property=\"og:image:type\" content=\"image\/jpeg\" class=\"yoast-seo-meta-tag\" \/>\n<meta name=\"author\" content=\"tabernaculo\" class=\"yoast-seo-meta-tag\" \/>\n<meta name=\"twitter:card\" content=\"summary_large_image\" class=\"yoast-seo-meta-tag\" \/>\n<meta name=\"twitter:creator\" content=\"@PrensadeDios\" class=\"yoast-seo-meta-tag\" \/>\n<meta name=\"twitter:site\" content=\"@PrensadeDios\" class=\"yoast-seo-meta-tag\" \/>\n<meta name=\"twitter:label1\" content=\"Escrito por\" class=\"yoast-seo-meta-tag\" \/>\n\t<meta name=\"twitter:data1\" content=\"tabernaculo\" class=\"yoast-seo-meta-tag\" \/>\n\t<meta name=\"twitter:label2\" content=\"Tiempo de lectura\" class=\"yoast-seo-meta-tag\" \/>\n\t<meta name=\"twitter:data2\" content=\"3 minutos\" class=\"yoast-seo-meta-tag\" \/>\n<script type=\"application\/ld+json\" class=\"yoast-schema-graph\">{\"@context\":\"https:\/\/schema.org\",\"@graph\":[{\"@type\":\"Article\",\"@id\":\"https:\/\/tabernaculoprensadedios.com\/web\/concilio-de-las-iglesias-espiritu-de-hermandad-celebro-su-trigesima-sexta-convencion-con-el-lema-renovando-la-vision\/#article\",\"isPartOf\":{\"@id\":\"https:\/\/tabernaculoprensadedios.com\/web\/concilio-de-las-iglesias-espiritu-de-hermandad-celebro-su-trigesima-sexta-convencion-con-el-lema-renovando-la-vision\/\"},\"author\":{\"name\":\"tabernaculo\",\"@id\":\"https:\/\/tabernaculoprensadedios.com\/web\/#\/schema\/person\/bc0e069fef56b38e177db6f098ae0b6e\"},\"headline\":\"Concilio de las Iglesias Esp\u00edritu de Hermandad celebr\u00f3 su trig\u00e9sima sexta Convenci\u00f3n con el lema \u00abRenovando la Visi\u00f3n\u00bb\",\"datePublished\":\"2025-03-18T02:27:41+00:00\",\"mainEntityOfPage\":{\"@id\":\"https:\/\/tabernaculoprensadedios.com\/web\/concilio-de-las-iglesias-espiritu-de-hermandad-celebro-su-trigesima-sexta-convencion-con-el-lema-renovando-la-vision\/\"},\"wordCount\":576,\"commentCount\":0,\"publisher\":{\"@id\":\"https:\/\/tabernaculoprensadedios.com\/web\/#\/schema\/person\/bc0e069fef56b38e177db6f098ae0b6e\"},\"image\":{\"@id\":\"https:\/\/tabernaculoprensadedios.com\/web\/concilio-de-las-iglesias-espiritu-de-hermandad-celebro-su-trigesima-sexta-convencion-con-el-lema-renovando-la-vision\/#primaryimage\"},\"thumbnailUrl\":\"https:\/\/tabernaculoprensadedios.com\/web\/wp-content\/uploads\/2025\/03\/Imagen-de-WhatsApp-2025-03-17-a-las-12.17.43_2221998c.avif\",\"articleSection\":[\"M\u00e1s all\u00e1 del Monumento\"],\"inLanguage\":\"es\",\"potentialAction\":[{\"@type\":\"CommentAction\",\"name\":\"Comment\",\"target\":[\"https:\/\/tabernaculoprensadedios.com\/web\/concilio-de-las-iglesias-espiritu-de-hermandad-celebro-su-trigesima-sexta-convencion-con-el-lema-renovando-la-vision\/#respond\"]}]},{\"@type\":\"WebPage\",\"@id\":\"https:\/\/tabernaculoprensadedios.com\/web\/concilio-de-las-iglesias-espiritu-de-hermandad-celebro-su-trigesima-sexta-convencion-con-el-lema-renovando-la-vision\/\",\"url\":\"https:\/\/tabernaculoprensadedios.com\/web\/concilio-de-las-iglesias-espiritu-de-hermandad-celebro-su-trigesima-sexta-convencion-con-el-lema-renovando-la-vision\/\",\"name\":\"Concilio de las Iglesias Esp\u00edritu de Hermandad celebr\u00f3 su trig\u00e9sima sexta Convenci\u00f3n con el lema \\\"Renovando la Visi\u00f3n\\\" - Tabernaculo Prensa de Dios\",\"isPartOf\":{\"@id\":\"https:\/\/tabernaculoprensadedios.com\/web\/#website\"},\"primaryImageOfPage\":{\"@id\":\"https:\/\/tabernaculoprensadedios.com\/web\/concilio-de-las-iglesias-espiritu-de-hermandad-celebro-su-trigesima-sexta-convencion-con-el-lema-renovando-la-vision\/#primaryimage\"},\"image\":{\"@id\":\"https:\/\/tabernaculoprensadedios.com\/web\/concilio-de-las-iglesias-espiritu-de-hermandad-celebro-su-trigesima-sexta-convencion-con-el-lema-renovando-la-vision\/#primaryimage\"},\"thumbnailUrl\":\"https:\/\/tabernaculoprensadedios.com\/web\/wp-content\/uploads\/2025\/03\/Imagen-de-WhatsApp-2025-03-17-a-las-12.17.43_2221998c.avif\",\"datePublished\":\"2025-03-18T02:27:41+00:00\",\"breadcrumb\":{\"@id\":\"https:\/\/tabernaculoprensadedios.com\/web\/concilio-de-las-iglesias-espiritu-de-hermandad-celebro-su-trigesima-sexta-convencion-con-el-lema-renovando-la-vision\/#breadcrumb\"},\"inLanguage\":\"es\",\"potentialAction\":[{\"@type\":\"ReadAction\",\"target\":[\"https:\/\/tabernaculoprensadedios.com\/web\/concilio-de-las-iglesias-espiritu-de-hermandad-celebro-su-trigesima-sexta-convencion-con-el-lema-renovando-la-vision\/\"]}]},{\"@type\":\"ImageObject\",\"inLanguage\":\"es\",\"@id\":\"https:\/\/tabernaculoprensadedios.com\/web\/concilio-de-las-iglesias-espiritu-de-hermandad-celebro-su-trigesima-sexta-convencion-con-el-lema-renovando-la-vision\/#primaryimage\",\"url\":\"https:\/\/tabernaculoprensadedios.com\/web\/wp-content\/uploads\/2025\/03\/Imagen-de-WhatsApp-2025-03-17-a-las-12.17.43_2221998c.avif\",\"contentUrl\":\"https:\/\/tabernaculoprensadedios.com\/web\/wp-content\/uploads\/2025\/03\/Imagen-de-WhatsApp-2025-03-17-a-las-12.17.43_2221998c.avif\",\"width\":1060,\"height\":506},{\"@type\":\"BreadcrumbList\",\"@id\":\"https:\/\/tabernaculoprensadedios.com\/web\/concilio-de-las-iglesias-espiritu-de-hermandad-celebro-su-trigesima-sexta-convencion-con-el-lema-renovando-la-vision\/#breadcrumb\",\"itemListElement\":[{\"@type\":\"ListItem\",\"position\":1,\"name\":\"Portada\",\"item\":\"https:\/\/tabernaculoprensadedios.com\/web\/\"},{\"@type\":\"ListItem\",\"position\":2,\"name\":\"Concilio de las Iglesias Esp\u00edritu de Hermandad celebr\u00f3 su trig\u00e9sima sexta Convenci\u00f3n con el lema \u00abRenovando la Visi\u00f3n\u00bb\"}]},{\"@type\":\"WebSite\",\"@id\":\"https:\/\/tabernaculoprensadedios.com\/web\/#website\",\"url\":\"https:\/\/tabernaculoprensadedios.com\/web\/\",\"name\":\"Tabernaculo Prensa de Dios\",\"description\":\"Un medio a la manera de Dios\",\"publisher\":{\"@id\":\"https:\/\/tabernaculoprensadedios.com\/web\/#\/schema\/person\/bc0e069fef56b38e177db6f098ae0b6e\"},\"potentialAction\":[{\"@type\":\"SearchAction\",\"target\":{\"@type\":\"EntryPoint\",\"urlTemplate\":\"https:\/\/tabernaculoprensadedios.com\/web\/?s={search_term_string}\"},\"query-input\":{\"@type\":\"PropertyValueSpecification\",\"valueRequired\":true,\"valueName\":\"search_term_string\"}}],\"inLanguage\":\"es\"},{\"@type\":[\"Person\",\"Organization\"],\"@id\":\"https:\/\/tabernaculoprensadedios.com\/web\/#\/schema\/person\/bc0e069fef56b38e177db6f098ae0b6e\",\"name\":\"tabernaculo\",\"image\":{\"@type\":\"ImageObject\",\"inLanguage\":\"es\",\"@id\":\"https:\/\/tabernaculoprensadedios.com\/web\/#\/schema\/person\/image\/\",\"url\":\"https:\/\/tabernaculoprensadedios.com\/web\/wp-content\/uploads\/2015\/06\/login-logo1.png\",\"contentUrl\":\"https:\/\/tabernaculoprensadedios.com\/web\/wp-content\/uploads\/2015\/06\/login-logo1.png\",\"width\":300,\"height\":118,\"caption\":\"tabernaculo\"},\"logo\":{\"@id\":\"https:\/\/tabernaculoprensadedios.com\/web\/#\/schema\/person\/image\/\"},\"url\":\"https:\/\/tabernaculoprensadedios.com\/web\/author\/tabernaculo\/\"}]}<\/script>\n<!-- \/ Yoast SEO Premium plugin. -->","yoast_head_json":{"title":"Concilio de las Iglesias Esp\u00edritu de Hermandad celebr\u00f3 su trig\u00e9sima sexta Convenci\u00f3n con el lema \"Renovando la Visi\u00f3n\" - Tabernaculo Prensa de Dios","robots":{"index":"index","follow":"follow","max-snippet":"max-snippet:-1","max-image-preview":"max-image-preview:large","max-video-preview":"max-video-preview:-1"},"canonical":"https:\/\/tabernaculoprensadedios.com\/web\/concilio-de-las-iglesias-espiritu-de-hermandad-celebro-su-trigesima-sexta-convencion-con-el-lema-renovando-la-vision\/","og_locale":"es_ES","og_type":"article","og_title":"Concilio de las Iglesias Esp\u00edritu de Hermandad celebr\u00f3 su trig\u00e9sima sexta Convenci\u00f3n con el lema \"Renovando la Visi\u00f3n\"","og_description":"Consolid\u00e1ndose cada d\u00eda m\u00e1s en Jesucristo, la Roca Eterna, el Concilio de las Iglesias Esp\u00edritu de Hermandad, celebr\u00f3 su trig\u00e9sima sexta Convenci\u00f3n Mundial con el lema \u00abRenovando la Visi\u00f3n\u00bb, el pasado 16 de marzo, en las instalaciones del Club de los Militares en la Ciudad Coraz\u00f3n, con la presencia de todos sus pastores, l\u00edderes e &hellip;","og_url":"https:\/\/tabernaculoprensadedios.com\/web\/concilio-de-las-iglesias-espiritu-de-hermandad-celebro-su-trigesima-sexta-convencion-con-el-lema-renovando-la-vision\/","og_site_name":"Tabernaculo Prensa de Dios","article_published_time":"2025-03-18T02:27:41+00:00","og_image":[{"width":1060,"height":506,"url":"https:\/\/tabernaculoprensadedios.com\/web\/wp-content\/uploads\/2025\/03\/Imagen-de-WhatsApp-2025-03-17-a-las-12.17.43_2221998c.avif","type":"image\/jpeg"}],"author":"tabernaculo","twitter_card":"summary_large_image","twitter_creator":"@PrensadeDios","twitter_site":"@PrensadeDios","twitter_misc":{"Escrito por":"tabernaculo","Tiempo de lectura":"3 minutos"},"schema":{"@context":"https:\/\/schema.org","@graph":[{"@type":"Article","@id":"https:\/\/tabernaculoprensadedios.com\/web\/concilio-de-las-iglesias-espiritu-de-hermandad-celebro-su-trigesima-sexta-convencion-con-el-lema-renovando-la-vision\/#article","isPartOf":{"@id":"https:\/\/tabernaculoprensadedios.com\/web\/concilio-de-las-iglesias-espiritu-de-hermandad-celebro-su-trigesima-sexta-convencion-con-el-lema-renovando-la-vision\/"},"author":{"name":"tabernaculo","@id":"https:\/\/tabernaculoprensadedios.com\/web\/#\/schema\/person\/bc0e069fef56b38e177db6f098ae0b6e"},"headline":"Concilio de las Iglesias Esp\u00edritu de Hermandad celebr\u00f3 su trig\u00e9sima sexta Convenci\u00f3n con el lema \u00abRenovando la Visi\u00f3n\u00bb","datePublished":"2025-03-18T02:27:41+00:00","mainEntityOfPage":{"@id":"https:\/\/tabernaculoprensadedios.com\/web\/concilio-de-las-iglesias-espiritu-de-hermandad-celebro-su-trigesima-sexta-convencion-con-el-lema-renovando-la-vision\/"},"wordCount":576,"commentCount":0,"publisher":{"@id":"https:\/\/tabernaculoprensadedios.com\/web\/#\/schema\/person\/bc0e069fef56b38e177db6f098ae0b6e"},"image":{"@id":"https:\/\/tabernaculoprensadedios.com\/web\/concilio-de-las-iglesias-espiritu-de-hermandad-celebro-su-trigesima-sexta-convencion-con-el-lema-renovando-la-vision\/#primaryimage"},"thumbnailUrl":"https:\/\/tabernaculoprensadedios.com\/web\/wp-content\/uploads\/2025\/03\/Imagen-de-WhatsApp-2025-03-17-a-las-12.17.43_2221998c.avif","articleSection":["M\u00e1s all\u00e1 del Monumento"],"inLanguage":"es","potentialAction":[{"@type":"CommentAction","name":"Comment","target":["https:\/\/tabernaculoprensadedios.com\/web\/concilio-de-las-iglesias-espiritu-de-hermandad-celebro-su-trigesima-sexta-convencion-con-el-lema-renovando-la-vision\/#respond"]}]},{"@type":"WebPage","@id":"https:\/\/tabernaculoprensadedios.com\/web\/concilio-de-las-iglesias-espiritu-de-hermandad-celebro-su-trigesima-sexta-convencion-con-el-lema-renovando-la-vision\/","url":"https:\/\/tabernaculoprensadedios.com\/web\/concilio-de-las-iglesias-espiritu-de-hermandad-celebro-su-trigesima-sexta-convencion-con-el-lema-renovando-la-vision\/","name":"Concilio de las Iglesias Esp\u00edritu de Hermandad celebr\u00f3 su trig\u00e9sima sexta Convenci\u00f3n con el lema \"Renovando la Visi\u00f3n\" - Tabernaculo Prensa de Dios","isPartOf":{"@id":"https:\/\/tabernaculoprensadedios.com\/web\/#website"},"primaryImageOfPage":{"@id":"https:\/\/tabernaculoprensadedios.com\/web\/concilio-de-las-iglesias-espiritu-de-hermandad-celebro-su-trigesima-sexta-convencion-con-el-lema-renovando-la-vision\/#primaryimage"},"image":{"@id":"https:\/\/tabernaculoprensadedios.com\/web\/concilio-de-las-iglesias-espiritu-de-hermandad-celebro-su-trigesima-sexta-convencion-con-el-lema-renovando-la-vision\/#primaryimage"},"thumbnailUrl":"https:\/\/tabernaculoprensadedios.com\/web\/wp-content\/uploads\/2025\/03\/Imagen-de-WhatsApp-2025-03-17-a-las-12.17.43_2221998c.avif","datePublished":"2025-03-18T02:27:41+00:00","breadcrumb":{"@id":"https:\/\/tabernaculoprensadedios.com\/web\/concilio-de-las-iglesias-espiritu-de-hermandad-celebro-su-trigesima-sexta-convencion-con-el-lema-renovando-la-vision\/#breadcrumb"},"inLanguage":"es","potentialAction":[{"@type":"ReadAction","target":["https:\/\/tabernaculoprensadedios.com\/web\/concilio-de-las-iglesias-espiritu-de-hermandad-celebro-su-trigesima-sexta-convencion-con-el-lema-renovando-la-vision\/"]}]},{"@type":"ImageObject","inLanguage":"es","@id":"https:\/\/tabernaculoprensadedios.com\/web\/concilio-de-las-iglesias-espiritu-de-hermandad-celebro-su-trigesima-sexta-convencion-con-el-lema-renovando-la-vision\/#primaryimage","url":"https:\/\/tabernaculoprensadedios.com\/web\/wp-content\/uploads\/2025\/03\/Imagen-de-WhatsApp-2025-03-17-a-las-12.17.43_2221998c.avif","contentUrl":"https:\/\/tabernaculoprensadedios.com\/web\/wp-content\/uploads\/2025\/03\/Imagen-de-WhatsApp-2025-03-17-a-las-12.17.43_2221998c.avif","width":1060,"height":506},{"@type":"BreadcrumbList","@id":"https:\/\/tabernaculoprensadedios.com\/web\/concilio-de-las-iglesias-espiritu-de-hermandad-celebro-su-trigesima-sexta-convencion-con-el-lema-renovando-la-vision\/#breadcrumb","itemListElement":[{"@type":"ListItem","position":1,"name":"Portada","item":"https:\/\/tabernaculoprensadedios.com\/web\/"},{"@type":"ListItem","position":2,"name":"Concilio de las Iglesias Esp\u00edritu de Hermandad celebr\u00f3 su trig\u00e9sima sexta Convenci\u00f3n con el lema \u00abRenovando la Visi\u00f3n\u00bb"}]},{"@type":"WebSite","@id":"https:\/\/tabernaculoprensadedios.com\/web\/#website","url":"https:\/\/tabernaculoprensadedios.com\/web\/","name":"Tabernaculo Prensa de Dios","description":"Un medio a la manera de Dios","publisher":{"@id":"https:\/\/tabernaculoprensadedios.com\/web\/#\/schema\/person\/bc0e069fef56b38e177db6f098ae0b6e"},"potentialAction":[{"@type":"SearchAction","target":{"@type":"EntryPoint","urlTemplate":"https:\/\/tabernaculoprensadedios.com\/web\/?s={search_term_string}"},"query-input":{"@type":"PropertyValueSpecification","valueRequired":true,"valueName":"search_term_string"}}],"inLanguage":"es"},{"@type":["Person","Organization"],"@id":"https:\/\/tabernaculoprensadedios.com\/web\/#\/schema\/person\/bc0e069fef56b38e177db6f098ae0b6e","name":"tabernaculo","image":{"@type":"ImageObject","inLanguage":"es","@id":"https:\/\/tabernaculoprensadedios.com\/web\/#\/schema\/person\/image\/","url":"https:\/\/tabernaculoprensadedios.com\/web\/wp-content\/uploads\/2015\/06\/login-logo1.png","contentUrl":"https:\/\/tabernaculoprensadedios.com\/web\/wp-content\/uploads\/2015\/06\/login-logo1.png","width":300,"height":118,"caption":"tabernaculo"},"logo":{"@id":"https:\/\/tabernaculoprensadedios.com\/web\/#\/schema\/person\/image\/"},"url":"https:\/\/tabernaculoprensadedios.com\/web\/author\/tabernaculo\/"}]}},"_links":{"self":[{"href":"https:\/\/tabernaculoprensadedios.com\/web\/wp-json\/wp\/v2\/posts\/34079","targetHints":{"allow":["GET"]}}],"collection":[{"href":"https:\/\/tabernaculoprensadedios.com\/web\/wp-json\/wp\/v2\/posts"}],"about":[{"href":"https:\/\/tabernaculoprensadedios.com\/web\/wp-json\/wp\/v2\/types\/post"}],"author":[{"embeddable":true,"href":"https:\/\/tabernaculoprensadedios.com\/web\/wp-json\/wp\/v2\/users\/1"}],"replies":[{"embeddable":true,"href":"https:\/\/tabernaculoprensadedios.com\/web\/wp-json\/wp\/v2\/comments?post=34079"}],"version-history":[{"count":1,"href":"https:\/\/tabernaculoprensadedios.com\/web\/wp-json\/wp\/v2\/posts\/34079\/revisions"}],"predecessor-version":[{"id":34095,"href":"https:\/\/tabernaculoprensadedios.com\/web\/wp-json\/wp\/v2\/posts\/34079\/revisions\/34095"}],"wp:featuredmedia":[{"embeddable":true,"href":"https:\/\/tabernaculoprensadedios.com\/web\/wp-json\/wp\/v2\/media\/34083"}],"wp:attachment":[{"href":"https:\/\/tabernaculoprensadedios.com\/web\/wp-json\/wp\/v2\/media?parent=34079"}],"wp:term":[{"taxonomy":"category","embeddable":true,"href":"https:\/\/tabernaculoprensadedios.com\/web\/wp-json\/wp\/v2\/categories?post=34079"},{"taxonomy":"post_tag","embeddable":true,"href":"https:\/\/tabernaculoprensadedios.com\/web\/wp-json\/wp\/v2\/tags?post=34079"}],"curies":[{"name":"wp","href":"https:\/\/api.w.org\/{rel}","templated":true}]}}