{"id":33966,"date":"2025-03-05T00:55:56","date_gmt":"2025-03-05T00:55:56","guid":{"rendered":"https:\/\/tabernaculoprensadedios.com\/web\/?p=33966"},"modified":"2025-03-05T00:55:56","modified_gmt":"2025-03-05T00:55:56","slug":"lleva-tu-ansiedad-a-la-iglesia","status":"publish","type":"post","link":"https:\/\/tabernaculoprensadedios.com\/web\/lleva-tu-ansiedad-a-la-iglesia\/","title":{"rendered":"Lleva tu ansiedad a la iglesia"},"content":{"rendered":"<p>No nos gusta admitir que tenemos miedo. Nadie quiere ser considerado cobarde. Admitir el temor o la ansiedad se siente como reconocer una debilidad, y constantemente nos enfrentamos al poderoso mensaje de que las debilidades deben camuflarse y compensarse. La cultura que nos rodea nos insta a ser autosuficientes, confiados en nosotros mismos e independientes.<\/p>\n<p>Incluso en la iglesia, podemos ser reacios a compartir aquello que podr\u00eda hacernos parecer d\u00e9biles en la fe o, de alguna manera, menos espirituales de lo que esperamos que otros piensen de nosotros. Tal vez solo confiemos en consejeros o terapeutas porque resulta m\u00e1s seguro ser vulnerables con alguien que no nos conoce y est\u00e1 obligado a mantener la confidencialidad.<\/p>\n<p>La ayuda profesional puede ser buena e incluso necesaria. Sin embargo, si compartimos nuestros temores y ansiedades \u00fanicamente en la sala de terapia, nos perdemos de muchas bendiciones y est\u00edmulos que Dios desea que recibamos en comunidad con otros creyentes.<\/p>\n<p><strong>Sin verg\u00fcenza al compartir<br \/>\n<\/strong>Durante diez a\u00f1os, mi c\u00f3nyuge y yo hemos vivido en el Sudeste Asi\u00e1tico, donde nuestros valores culturales arraigados de independencia e individualidad han sido constantemente desafiados por valores de interdependencia y conformidad. Vivir en una cultura comunal oriental ha influido profundamente en la forma en que leo la Biblia. Me he dado cuenta de cu\u00e1ntas exhortaciones b\u00edblicas est\u00e1n dirigidas a los cristianos, no de manera individual, sino como comunidad.<\/p>\n<p>Eclesiast\u00e9s 4:9-10 declara directamente los beneficios de la comunidad:<\/p>\n<p>M\u00e1s valen dos que uno solo, pues tienen mejor pago por su trabajo. Porque si uno de ellos cae, el otro levantar\u00e1 a su compa\u00f1ero; pero \u00a1ay del que cae cuando no hay otro que lo levante!<\/p>\n<p>Adem\u00e1s, encontramos exhortaciones comunitarias relacionadas espec\u00edficamente con el temor. En la Biblia, luchar con el miedo y la ansiedad no es motivo de verg\u00fcenza; se da por sentado. Es una experiencia humana compartida que Jes\u00fas anticip\u00f3 entre Sus disc\u00edpulos. Con amor, los anim\u00f3 como grupo, diciendo, \u00abNo temas, reba\u00f1o peque\u00f1o, porque el Padre de ustedes ha decidido darles el reino\u00bb (Lc 12:32). Y hablaba en plural cuando dijo: \u00abNo se turbe su coraz\u00f3n ni tenga miedo\u00bb (Jn 14:27).<\/p>\n<p>Pablo escribi\u00f3 a Timoteo que \u00abDios no nos ha dado esp\u00edritu de cobard\u00eda, sino de poder, de amor y de dominio propio\u00bb (2 Ti 1:7, \u00e9nfasis a\u00f1adido). El autor de Hebreos explica que \u00abnosotros\u00bb somos quienes \u00abdecimos confiadamente\u00bb: \u00abEl Se\u00f1or es el que me ayuda; no temer\u00e9. \u00bfQu\u00e9 podr\u00e1 hacerme el hombre?\u00bb (He 13:6). Nosotros, la familia de creyentes, nos exhortamos unos a otros a esta fe confiada. Si tu lucha con el temor y la ansiedad se ha vuelto demasiado pesada para llevarla solo, es momento de exponerla a la fortaleza plena de tu comunidad cristiana.<\/p>\n<p><strong>Comparte la lucha<br \/>\n<\/strong>Entonces, \u00bfc\u00f3mo nos ayuda la comunidad cristiana cuando luchamos? Proverbios 12:25 explica: \u00abLa ansiedad en el coraz\u00f3n del hombre lo deprime, \/ Pero la buena palabra lo alegra\u00bb. No podemos recibir \u00abla buena palabra\u00bb de otro que alivie la carga de la ansiedad a menos que primero compartamos nuestra lucha. Necesitamos compartir nuestros temores y ansiedades para enfrentarlos juntos. Al compartir nuestras cargas y animarnos unos a otros con la Palabra vivificadora de Dios, la carga de llevarlas solos se aligera.<\/p>\n<p>El ap\u00f3stol Santiago tambi\u00e9n se\u00f1ala la ayuda que recibimos de otros creyentes cuando nos exhorta: \u00abConfi\u00e9sense sus pecados unos a otros, y oren unos por otros para que sean sanados. La oraci\u00f3n eficaz del justo puede lograr mucho\u00bb (Stg 5:16). El avance espiritual sucede cuando una lucha contra el pecado se trae a la comunidad, porque nuestra intercesi\u00f3n mutua es poderosa y eficaz. El temor y la ansiedad no son necesariamente pecaminosos, pero podemos asumir razonablemente que la oraci\u00f3n es igualmente efectiva. Cuando compartimos nuestras luchas en comunidad, tenemos acceso a la fuerza colectiva de las oraciones de nuestros hermanos en la fe.<\/p>\n<p><strong>Comparte el \u00e1nimo<br \/>\n<\/strong>Admitir nuestros temores no es solo para nuestro beneficio. A medida que Dios nos ayuda y nuestra fe y valent\u00eda crecen, tambi\u00e9n lo hacen las de los dem\u00e1s. \u00bfPor qu\u00e9 el relato de David sobre su experiencia al caminar por el valle m\u00e1s oscuro sin temer mal alguno, en el Salmo 23, est\u00e1 incluido en una antolog\u00eda de cantos de adoraci\u00f3n comunitaria? Porque todos nos beneficiamos de su testimonio, el cual anima a toda la comunidad de fe.<\/p>\n<p>Como escribe David Gibson en The Lord of Psalm 23 [El Se\u00f1or del Salmo 23]: \u00abLo que Dios ya ha hecho por Su pueblo\u2026 me muestra que hay m\u00e1s que suficientes razones para creer que \u00c9l puede hacer lo mismo por m\u00ed: Dios tiene un historial en el que puedo confiar porque ya lo ha hecho por mi familia en la fe\u00bb. Esta es tambi\u00e9n la raz\u00f3n por la que seguimos contando historias de m\u00e1rtires, misioneros y h\u00e9roes de la fe de tiempos pasados.<\/p>\n<p>Necesitamos a toda la comunidad de creyentes, vivos y muertos, dando testimonio de la fidelidad de Dios en medio de nuestras luchas. Cuando compartimos nuestras luchas en la comunidad cristiana, no solo encontramos \u00e1nimo para nosotros mismos, sino que tambi\u00e9n somos un est\u00edmulo para otros.<\/p>\n<p>As\u00ed que no escondas ni entierres tu miedo y ansiedad. No los reserves exclusivamente para la oficina del consejero. Aunque la ayuda profesional puede ser valiosa, no es un sustituto de la fortaleza colectiva y el \u00e1nimo que encontramos en la comunidad de creyentes. Espera que Dios obre en medio de tus luchas con el miedo y la ansiedad. Espera que Dios obre a trav\u00e9s de Su pueblo mientras compartes tus luchas en comunidad.<\/p>\n","protected":false},"excerpt":{"rendered":"<p>No nos gusta admitir que tenemos miedo. Nadie quiere ser considerado cobarde. Admitir el temor o la ansiedad se siente como reconocer una debilidad, y constantemente nos enfrentamos al poderoso mensaje de que las debilidades deben camuflarse y compensarse. La cultura que nos rodea nos insta a ser autosuficientes, confiados en nosotros mismos e independientes. &hellip;<\/p>\n","protected":false},"author":1,"featured_media":33967,"comment_status":"open","ping_status":"open","sticky":false,"template":"","format":"standard","meta":{"footnotes":""},"categories":[11],"tags":[],"class_list":["post-33966","post","type-post","status-publish","format-standard","has-post-thumbnail","hentry","category-testimonios"],"yoast_head":"<!-- This site is optimized with the Yoast SEO Premium plugin v24.2 (Yoast SEO v27.1.1) - https:\/\/yoast.com\/product\/yoast-seo-premium-wordpress\/ -->\n<title>Lleva tu ansiedad a la iglesia - Tabernaculo Prensa de Dios<\/title>\n<meta name=\"robots\" content=\"index, follow, max-snippet:-1, max-image-preview:large, max-video-preview:-1\" \/>\n<link rel=\"canonical\" href=\"https:\/\/tabernaculoprensadedios.com\/web\/lleva-tu-ansiedad-a-la-iglesia\/\" class=\"yoast-seo-meta-tag\" \/>\n<meta property=\"og:locale\" content=\"es_ES\" class=\"yoast-seo-meta-tag\" \/>\n<meta property=\"og:type\" content=\"article\" class=\"yoast-seo-meta-tag\" \/>\n<meta property=\"og:title\" content=\"Lleva tu ansiedad a la iglesia\" class=\"yoast-seo-meta-tag\" \/>\n<meta property=\"og:description\" content=\"No nos gusta admitir que tenemos miedo. Nadie quiere ser considerado cobarde. Admitir el temor o la ansiedad se siente como reconocer una debilidad, y constantemente nos enfrentamos al poderoso mensaje de que las debilidades deben camuflarse y compensarse. La cultura que nos rodea nos insta a ser autosuficientes, confiados en nosotros mismos e independientes. &hellip;\" class=\"yoast-seo-meta-tag\" \/>\n<meta property=\"og:url\" content=\"https:\/\/tabernaculoprensadedios.com\/web\/lleva-tu-ansiedad-a-la-iglesia\/\" class=\"yoast-seo-meta-tag\" \/>\n<meta property=\"og:site_name\" content=\"Tabernaculo Prensa de Dios\" class=\"yoast-seo-meta-tag\" \/>\n<meta property=\"article:published_time\" content=\"2025-03-05T00:55:56+00:00\" class=\"yoast-seo-meta-tag\" \/>\n<meta property=\"og:image\" content=\"https:\/\/tabernaculoprensadedios.com\/web\/wp-content\/uploads\/2025\/03\/htwsbbclbos.avif\" class=\"yoast-seo-meta-tag\" \/>\n\t<meta property=\"og:image:width\" content=\"1600\" class=\"yoast-seo-meta-tag\" \/>\n\t<meta property=\"og:image:height\" content=\"1067\" class=\"yoast-seo-meta-tag\" \/>\n\t<meta property=\"og:image:type\" content=\"image\/jpeg\" class=\"yoast-seo-meta-tag\" \/>\n<meta name=\"author\" content=\"tabernaculo\" class=\"yoast-seo-meta-tag\" \/>\n<meta name=\"twitter:card\" content=\"summary_large_image\" class=\"yoast-seo-meta-tag\" \/>\n<meta name=\"twitter:creator\" content=\"@PrensadeDios\" class=\"yoast-seo-meta-tag\" \/>\n<meta name=\"twitter:site\" content=\"@PrensadeDios\" class=\"yoast-seo-meta-tag\" \/>\n<meta name=\"twitter:label1\" content=\"Escrito por\" class=\"yoast-seo-meta-tag\" \/>\n\t<meta name=\"twitter:data1\" content=\"tabernaculo\" class=\"yoast-seo-meta-tag\" \/>\n\t<meta name=\"twitter:label2\" content=\"Tiempo de lectura\" class=\"yoast-seo-meta-tag\" \/>\n\t<meta name=\"twitter:data2\" content=\"5 minutos\" class=\"yoast-seo-meta-tag\" \/>\n<script type=\"application\/ld+json\" class=\"yoast-schema-graph\">{\"@context\":\"https:\/\/schema.org\",\"@graph\":[{\"@type\":\"Article\",\"@id\":\"https:\/\/tabernaculoprensadedios.com\/web\/lleva-tu-ansiedad-a-la-iglesia\/#article\",\"isPartOf\":{\"@id\":\"https:\/\/tabernaculoprensadedios.com\/web\/lleva-tu-ansiedad-a-la-iglesia\/\"},\"author\":{\"name\":\"tabernaculo\",\"@id\":\"https:\/\/tabernaculoprensadedios.com\/web\/#\/schema\/person\/bc0e069fef56b38e177db6f098ae0b6e\"},\"headline\":\"Lleva tu ansiedad a la iglesia\",\"datePublished\":\"2025-03-05T00:55:56+00:00\",\"mainEntityOfPage\":{\"@id\":\"https:\/\/tabernaculoprensadedios.com\/web\/lleva-tu-ansiedad-a-la-iglesia\/\"},\"wordCount\":965,\"commentCount\":0,\"publisher\":{\"@id\":\"https:\/\/tabernaculoprensadedios.com\/web\/#\/schema\/person\/bc0e069fef56b38e177db6f098ae0b6e\"},\"image\":{\"@id\":\"https:\/\/tabernaculoprensadedios.com\/web\/lleva-tu-ansiedad-a-la-iglesia\/#primaryimage\"},\"thumbnailUrl\":\"https:\/\/tabernaculoprensadedios.com\/web\/wp-content\/uploads\/2025\/03\/htwsbbclbos.avif\",\"articleSection\":[\"Testimonios\"],\"inLanguage\":\"es\",\"potentialAction\":[{\"@type\":\"CommentAction\",\"name\":\"Comment\",\"target\":[\"https:\/\/tabernaculoprensadedios.com\/web\/lleva-tu-ansiedad-a-la-iglesia\/#respond\"]}]},{\"@type\":\"WebPage\",\"@id\":\"https:\/\/tabernaculoprensadedios.com\/web\/lleva-tu-ansiedad-a-la-iglesia\/\",\"url\":\"https:\/\/tabernaculoprensadedios.com\/web\/lleva-tu-ansiedad-a-la-iglesia\/\",\"name\":\"Lleva tu ansiedad a la iglesia - Tabernaculo Prensa de Dios\",\"isPartOf\":{\"@id\":\"https:\/\/tabernaculoprensadedios.com\/web\/#website\"},\"primaryImageOfPage\":{\"@id\":\"https:\/\/tabernaculoprensadedios.com\/web\/lleva-tu-ansiedad-a-la-iglesia\/#primaryimage\"},\"image\":{\"@id\":\"https:\/\/tabernaculoprensadedios.com\/web\/lleva-tu-ansiedad-a-la-iglesia\/#primaryimage\"},\"thumbnailUrl\":\"https:\/\/tabernaculoprensadedios.com\/web\/wp-content\/uploads\/2025\/03\/htwsbbclbos.avif\",\"datePublished\":\"2025-03-05T00:55:56+00:00\",\"breadcrumb\":{\"@id\":\"https:\/\/tabernaculoprensadedios.com\/web\/lleva-tu-ansiedad-a-la-iglesia\/#breadcrumb\"},\"inLanguage\":\"es\",\"potentialAction\":[{\"@type\":\"ReadAction\",\"target\":[\"https:\/\/tabernaculoprensadedios.com\/web\/lleva-tu-ansiedad-a-la-iglesia\/\"]}]},{\"@type\":\"ImageObject\",\"inLanguage\":\"es\",\"@id\":\"https:\/\/tabernaculoprensadedios.com\/web\/lleva-tu-ansiedad-a-la-iglesia\/#primaryimage\",\"url\":\"https:\/\/tabernaculoprensadedios.com\/web\/wp-content\/uploads\/2025\/03\/htwsbbclbos.avif\",\"contentUrl\":\"https:\/\/tabernaculoprensadedios.com\/web\/wp-content\/uploads\/2025\/03\/htwsbbclbos.avif\",\"width\":1600,\"height\":1067,\"caption\":\"people inside room\"},{\"@type\":\"BreadcrumbList\",\"@id\":\"https:\/\/tabernaculoprensadedios.com\/web\/lleva-tu-ansiedad-a-la-iglesia\/#breadcrumb\",\"itemListElement\":[{\"@type\":\"ListItem\",\"position\":1,\"name\":\"Portada\",\"item\":\"https:\/\/tabernaculoprensadedios.com\/web\/\"},{\"@type\":\"ListItem\",\"position\":2,\"name\":\"Lleva tu ansiedad a la iglesia\"}]},{\"@type\":\"WebSite\",\"@id\":\"https:\/\/tabernaculoprensadedios.com\/web\/#website\",\"url\":\"https:\/\/tabernaculoprensadedios.com\/web\/\",\"name\":\"Tabernaculo Prensa de Dios\",\"description\":\"Un medio a la manera de Dios\",\"publisher\":{\"@id\":\"https:\/\/tabernaculoprensadedios.com\/web\/#\/schema\/person\/bc0e069fef56b38e177db6f098ae0b6e\"},\"potentialAction\":[{\"@type\":\"SearchAction\",\"target\":{\"@type\":\"EntryPoint\",\"urlTemplate\":\"https:\/\/tabernaculoprensadedios.com\/web\/?s={search_term_string}\"},\"query-input\":{\"@type\":\"PropertyValueSpecification\",\"valueRequired\":true,\"valueName\":\"search_term_string\"}}],\"inLanguage\":\"es\"},{\"@type\":[\"Person\",\"Organization\"],\"@id\":\"https:\/\/tabernaculoprensadedios.com\/web\/#\/schema\/person\/bc0e069fef56b38e177db6f098ae0b6e\",\"name\":\"tabernaculo\",\"image\":{\"@type\":\"ImageObject\",\"inLanguage\":\"es\",\"@id\":\"https:\/\/tabernaculoprensadedios.com\/web\/#\/schema\/person\/image\/\",\"url\":\"https:\/\/tabernaculoprensadedios.com\/web\/wp-content\/uploads\/2015\/06\/login-logo1.png\",\"contentUrl\":\"https:\/\/tabernaculoprensadedios.com\/web\/wp-content\/uploads\/2015\/06\/login-logo1.png\",\"width\":300,\"height\":118,\"caption\":\"tabernaculo\"},\"logo\":{\"@id\":\"https:\/\/tabernaculoprensadedios.com\/web\/#\/schema\/person\/image\/\"},\"url\":\"https:\/\/tabernaculoprensadedios.com\/web\/author\/tabernaculo\/\"}]}<\/script>\n<!-- \/ Yoast SEO Premium plugin. -->","yoast_head_json":{"title":"Lleva tu ansiedad a la iglesia - Tabernaculo Prensa de Dios","robots":{"index":"index","follow":"follow","max-snippet":"max-snippet:-1","max-image-preview":"max-image-preview:large","max-video-preview":"max-video-preview:-1"},"canonical":"https:\/\/tabernaculoprensadedios.com\/web\/lleva-tu-ansiedad-a-la-iglesia\/","og_locale":"es_ES","og_type":"article","og_title":"Lleva tu ansiedad a la iglesia","og_description":"No nos gusta admitir que tenemos miedo. Nadie quiere ser considerado cobarde. Admitir el temor o la ansiedad se siente como reconocer una debilidad, y constantemente nos enfrentamos al poderoso mensaje de que las debilidades deben camuflarse y compensarse. La cultura que nos rodea nos insta a ser autosuficientes, confiados en nosotros mismos e independientes. &hellip;","og_url":"https:\/\/tabernaculoprensadedios.com\/web\/lleva-tu-ansiedad-a-la-iglesia\/","og_site_name":"Tabernaculo Prensa de Dios","article_published_time":"2025-03-05T00:55:56+00:00","og_image":[{"width":1600,"height":1067,"url":"https:\/\/tabernaculoprensadedios.com\/web\/wp-content\/uploads\/2025\/03\/htwsbbclbos.avif","type":"image\/jpeg"}],"author":"tabernaculo","twitter_card":"summary_large_image","twitter_creator":"@PrensadeDios","twitter_site":"@PrensadeDios","twitter_misc":{"Escrito por":"tabernaculo","Tiempo de lectura":"5 minutos"},"schema":{"@context":"https:\/\/schema.org","@graph":[{"@type":"Article","@id":"https:\/\/tabernaculoprensadedios.com\/web\/lleva-tu-ansiedad-a-la-iglesia\/#article","isPartOf":{"@id":"https:\/\/tabernaculoprensadedios.com\/web\/lleva-tu-ansiedad-a-la-iglesia\/"},"author":{"name":"tabernaculo","@id":"https:\/\/tabernaculoprensadedios.com\/web\/#\/schema\/person\/bc0e069fef56b38e177db6f098ae0b6e"},"headline":"Lleva tu ansiedad a la iglesia","datePublished":"2025-03-05T00:55:56+00:00","mainEntityOfPage":{"@id":"https:\/\/tabernaculoprensadedios.com\/web\/lleva-tu-ansiedad-a-la-iglesia\/"},"wordCount":965,"commentCount":0,"publisher":{"@id":"https:\/\/tabernaculoprensadedios.com\/web\/#\/schema\/person\/bc0e069fef56b38e177db6f098ae0b6e"},"image":{"@id":"https:\/\/tabernaculoprensadedios.com\/web\/lleva-tu-ansiedad-a-la-iglesia\/#primaryimage"},"thumbnailUrl":"https:\/\/tabernaculoprensadedios.com\/web\/wp-content\/uploads\/2025\/03\/htwsbbclbos.avif","articleSection":["Testimonios"],"inLanguage":"es","potentialAction":[{"@type":"CommentAction","name":"Comment","target":["https:\/\/tabernaculoprensadedios.com\/web\/lleva-tu-ansiedad-a-la-iglesia\/#respond"]}]},{"@type":"WebPage","@id":"https:\/\/tabernaculoprensadedios.com\/web\/lleva-tu-ansiedad-a-la-iglesia\/","url":"https:\/\/tabernaculoprensadedios.com\/web\/lleva-tu-ansiedad-a-la-iglesia\/","name":"Lleva tu ansiedad a la iglesia - Tabernaculo Prensa de Dios","isPartOf":{"@id":"https:\/\/tabernaculoprensadedios.com\/web\/#website"},"primaryImageOfPage":{"@id":"https:\/\/tabernaculoprensadedios.com\/web\/lleva-tu-ansiedad-a-la-iglesia\/#primaryimage"},"image":{"@id":"https:\/\/tabernaculoprensadedios.com\/web\/lleva-tu-ansiedad-a-la-iglesia\/#primaryimage"},"thumbnailUrl":"https:\/\/tabernaculoprensadedios.com\/web\/wp-content\/uploads\/2025\/03\/htwsbbclbos.avif","datePublished":"2025-03-05T00:55:56+00:00","breadcrumb":{"@id":"https:\/\/tabernaculoprensadedios.com\/web\/lleva-tu-ansiedad-a-la-iglesia\/#breadcrumb"},"inLanguage":"es","potentialAction":[{"@type":"ReadAction","target":["https:\/\/tabernaculoprensadedios.com\/web\/lleva-tu-ansiedad-a-la-iglesia\/"]}]},{"@type":"ImageObject","inLanguage":"es","@id":"https:\/\/tabernaculoprensadedios.com\/web\/lleva-tu-ansiedad-a-la-iglesia\/#primaryimage","url":"https:\/\/tabernaculoprensadedios.com\/web\/wp-content\/uploads\/2025\/03\/htwsbbclbos.avif","contentUrl":"https:\/\/tabernaculoprensadedios.com\/web\/wp-content\/uploads\/2025\/03\/htwsbbclbos.avif","width":1600,"height":1067,"caption":"people inside room"},{"@type":"BreadcrumbList","@id":"https:\/\/tabernaculoprensadedios.com\/web\/lleva-tu-ansiedad-a-la-iglesia\/#breadcrumb","itemListElement":[{"@type":"ListItem","position":1,"name":"Portada","item":"https:\/\/tabernaculoprensadedios.com\/web\/"},{"@type":"ListItem","position":2,"name":"Lleva tu ansiedad a la iglesia"}]},{"@type":"WebSite","@id":"https:\/\/tabernaculoprensadedios.com\/web\/#website","url":"https:\/\/tabernaculoprensadedios.com\/web\/","name":"Tabernaculo Prensa de Dios","description":"Un medio a la manera de Dios","publisher":{"@id":"https:\/\/tabernaculoprensadedios.com\/web\/#\/schema\/person\/bc0e069fef56b38e177db6f098ae0b6e"},"potentialAction":[{"@type":"SearchAction","target":{"@type":"EntryPoint","urlTemplate":"https:\/\/tabernaculoprensadedios.com\/web\/?s={search_term_string}"},"query-input":{"@type":"PropertyValueSpecification","valueRequired":true,"valueName":"search_term_string"}}],"inLanguage":"es"},{"@type":["Person","Organization"],"@id":"https:\/\/tabernaculoprensadedios.com\/web\/#\/schema\/person\/bc0e069fef56b38e177db6f098ae0b6e","name":"tabernaculo","image":{"@type":"ImageObject","inLanguage":"es","@id":"https:\/\/tabernaculoprensadedios.com\/web\/#\/schema\/person\/image\/","url":"https:\/\/tabernaculoprensadedios.com\/web\/wp-content\/uploads\/2015\/06\/login-logo1.png","contentUrl":"https:\/\/tabernaculoprensadedios.com\/web\/wp-content\/uploads\/2015\/06\/login-logo1.png","width":300,"height":118,"caption":"tabernaculo"},"logo":{"@id":"https:\/\/tabernaculoprensadedios.com\/web\/#\/schema\/person\/image\/"},"url":"https:\/\/tabernaculoprensadedios.com\/web\/author\/tabernaculo\/"}]}},"_links":{"self":[{"href":"https:\/\/tabernaculoprensadedios.com\/web\/wp-json\/wp\/v2\/posts\/33966","targetHints":{"allow":["GET"]}}],"collection":[{"href":"https:\/\/tabernaculoprensadedios.com\/web\/wp-json\/wp\/v2\/posts"}],"about":[{"href":"https:\/\/tabernaculoprensadedios.com\/web\/wp-json\/wp\/v2\/types\/post"}],"author":[{"embeddable":true,"href":"https:\/\/tabernaculoprensadedios.com\/web\/wp-json\/wp\/v2\/users\/1"}],"replies":[{"embeddable":true,"href":"https:\/\/tabernaculoprensadedios.com\/web\/wp-json\/wp\/v2\/comments?post=33966"}],"version-history":[{"count":1,"href":"https:\/\/tabernaculoprensadedios.com\/web\/wp-json\/wp\/v2\/posts\/33966\/revisions"}],"predecessor-version":[{"id":33968,"href":"https:\/\/tabernaculoprensadedios.com\/web\/wp-json\/wp\/v2\/posts\/33966\/revisions\/33968"}],"wp:featuredmedia":[{"embeddable":true,"href":"https:\/\/tabernaculoprensadedios.com\/web\/wp-json\/wp\/v2\/media\/33967"}],"wp:attachment":[{"href":"https:\/\/tabernaculoprensadedios.com\/web\/wp-json\/wp\/v2\/media?parent=33966"}],"wp:term":[{"taxonomy":"category","embeddable":true,"href":"https:\/\/tabernaculoprensadedios.com\/web\/wp-json\/wp\/v2\/categories?post=33966"},{"taxonomy":"post_tag","embeddable":true,"href":"https:\/\/tabernaculoprensadedios.com\/web\/wp-json\/wp\/v2\/tags?post=33966"}],"curies":[{"name":"wp","href":"https:\/\/api.w.org\/{rel}","templated":true}]}}