{"id":33577,"date":"2025-01-22T23:56:27","date_gmt":"2025-01-22T23:56:27","guid":{"rendered":"https:\/\/tabernaculoprensadedios.com\/web\/?p=33577"},"modified":"2025-01-22T23:56:27","modified_gmt":"2025-01-22T23:56:27","slug":"actor-jamie-foxx-reconoce-que-el-poder-de-dios-le-salvo","status":"publish","type":"post","link":"https:\/\/tabernaculoprensadedios.com\/web\/actor-jamie-foxx-reconoce-que-el-poder-de-dios-le-salvo\/","title":{"rendered":"Actor Jamie Foxx reconoce que el poder de Dios le salv\u00f3"},"content":{"rendered":"<p>El actor Jamie Foxx agradeci\u00f3 a Dios y al poder de la oraci\u00f3n por haberle salvado la vida tras ser hospitalizado el a\u00f1o pasado debido a una hemorragia cerebral y un derrame cerebral, que le hicieron olvidar un per\u00edodo de 20 d\u00edas entre abril y mayo de 2023.<\/p>\n<p>En su especial de Netflix, \u201cJamie Foxx: What Had Happened Was\u2026\u201d, lanzado el 10 de diciembre, el actor comparti\u00f3 por primera vez que padeci\u00f3 estos graves problemas de salud. Foxx destac\u00f3 que su familia, especialmente sus hijas Corinne Foxx y Anelise Bishop, as\u00ed como su hermana Deidra Dixon, jugaron un papel crucial en su recuperaci\u00f3n y supervivencia.<\/p>\n<p>\u201cEs un misterio. Todav\u00eda no sabemos exactamente qu\u00e9 me pas\u00f3. Lo \u00fanico que puedo decirles es que agradezco cada oraci\u00f3n porque necesitaba cada oraci\u00f3n\u201d, dijo.<\/p>\n<p>Foxx record\u00f3 que el 11 de abril de 2023 comenz\u00f3 a sentir un intenso dolor de cabeza mientras trabajaba en la pel\u00edcula \u201cBack in Action\u201d. Pidi\u00f3 una aspirina a un amigo, pero antes de poder tomarla, perdi\u00f3 la conciencia y no recuerda nada de los 20 d\u00edas siguientes.<\/p>\n<p>Agradeci\u00f3 a su hermana por su apoyo en ese momento cr\u00edtico, revelando que ella, a pesar de su peque\u00f1a estatura, llen\u00f3 de amor, lo llev\u00f3 a un hospital en Atlanta guiada por una intuici\u00f3n especial.<\/p>\n<p>Foxx destac\u00f3 que un m\u00e9dico, que llevaba una camiseta de Los Angeles Lakers, le inform\u00f3 a su hermana que estaba experimentando una hemorragia cerebral que caus\u00f3 un derrame cerebral, advirti\u00e9ndole que necesitaba tratamiento inmediato para salvar su vida.<\/p>\n<p>\u201cY Dixon respondi\u00f3 y dijo: \u2018Puedes entrar en su cabeza, pero no encontrar\u00e1s nada, porque ya habl\u00e9 con Dios&#8217;\u201d, cont\u00f3.<\/p>\n<p>Conto adem\u00e1s, que mientras estaba en el quir\u00f3fano, su hermana y sus hijas lo apoyaron incondicionalmente. Su hermana oraba de rodillas, y su hija Corinne se neg\u00f3 a permitir que otras personas lo visitaran en el hospital para protegerlo. Foxx describi\u00f3 una experiencia cercana a la muerte donde sinti\u00f3 una paz extra\u00f1a, aunque no vio la luz al final del t\u00fanel.<\/p>\n<p>A pesar de los medicamentos que le administraron, no mostraban efecto, y sus signos vitales eran cr\u00edticos. Sin embargo, un milagro ocurri\u00f3 cuando su hija Anelise, de 14 a\u00f1os, entr\u00f3 en su habitaci\u00f3n y comenz\u00f3 a tocarle la guitarra, lo que result\u00f3 en una mejora notable en su condici\u00f3n.<\/p>\n<p>\u201cCuando ella tocaba, mis signos vitales\u2026 bajaron\u2026 Era Dios en esa guitarra. Un desfibrilador espiritual\u201d, asegur\u00f3.<\/p>\n<p>El actor comparti\u00f3 su primera actualizaci\u00f3n sobre su estado de salud en julio de 2023 a trav\u00e9s de un emotivo video de Instagram, donde expres\u00f3 c\u00f3mo su experiencia m\u00e9dica lo transform\u00f3 y c\u00f3mo hab\u00eda regresado de una situaci\u00f3n que nunca imagin\u00f3 vivir. En este video, mencion\u00f3 que no quer\u00eda que lo viesen en su estado hospitalizado, pero agradeci\u00f3 a todos por su apoyo y por estar pendientes de \u00e9l.<\/p>\n<p>Un mes despu\u00e9s, Foxx public\u00f3 otra actualizaci\u00f3n, se\u00f1alando que finalmente comenzaba a sentirse como \u00e9l mismo tras un \u201cviaje oscuro e inesperado\u201d y que estaba empezando a ver la luz. Reflexion\u00f3 sobre su rehabilitaci\u00f3n en Chicago, recordando que al despertar estaba en silla de ruedas y no pod\u00eda caminar.<\/p>\n<p>Agradeci\u00f3 a la comunidad de Atlanta y a su familia por su apoyo, y en una entrevista anterior, destac\u00f3 la influencia de su abuela en su vida espiritual, quien le ense\u00f1\u00f3 sobre la fe cristiana y la importancia de ser compasivo con el estudio constante de la Biblia.<\/p>\n","protected":false},"excerpt":{"rendered":"<p>El actor Jamie Foxx agradeci\u00f3 a Dios y al poder de la oraci\u00f3n por haberle salvado la vida tras ser hospitalizado el a\u00f1o pasado debido a una hemorragia cerebral y un derrame cerebral, que le hicieron olvidar un per\u00edodo de 20 d\u00edas entre abril y mayo de 2023. En su especial de Netflix, \u201cJamie Foxx: &hellip;<\/p>\n","protected":false},"author":1,"featured_media":33578,"comment_status":"open","ping_status":"open","sticky":false,"template":"","format":"standard","meta":{"footnotes":""},"categories":[13,24],"tags":[],"class_list":["post-33577","post","type-post","status-publish","format-standard","has-post-thumbnail","hentry","category-arte","category-internacional"],"yoast_head":"<!-- This site is optimized with the Yoast SEO Premium plugin v24.2 (Yoast SEO v27.1.1) - https:\/\/yoast.com\/product\/yoast-seo-premium-wordpress\/ -->\n<title>Actor Jamie Foxx reconoce que el poder de Dios le salv\u00f3 - Tabernaculo Prensa de Dios<\/title>\n<meta name=\"robots\" content=\"index, follow, max-snippet:-1, max-image-preview:large, max-video-preview:-1\" \/>\n<link rel=\"canonical\" href=\"https:\/\/tabernaculoprensadedios.com\/web\/actor-jamie-foxx-reconoce-que-el-poder-de-dios-le-salvo\/\" class=\"yoast-seo-meta-tag\" \/>\n<meta property=\"og:locale\" content=\"es_ES\" class=\"yoast-seo-meta-tag\" \/>\n<meta property=\"og:type\" content=\"article\" class=\"yoast-seo-meta-tag\" \/>\n<meta property=\"og:title\" content=\"Actor Jamie Foxx reconoce que el poder de Dios le salv\u00f3\" class=\"yoast-seo-meta-tag\" \/>\n<meta property=\"og:description\" content=\"El actor Jamie Foxx agradeci\u00f3 a Dios y al poder de la oraci\u00f3n por haberle salvado la vida tras ser hospitalizado el a\u00f1o pasado debido a una hemorragia cerebral y un derrame cerebral, que le hicieron olvidar un per\u00edodo de 20 d\u00edas entre abril y mayo de 2023. En su especial de Netflix, \u201cJamie Foxx: &hellip;\" class=\"yoast-seo-meta-tag\" \/>\n<meta property=\"og:url\" content=\"https:\/\/tabernaculoprensadedios.com\/web\/actor-jamie-foxx-reconoce-que-el-poder-de-dios-le-salvo\/\" class=\"yoast-seo-meta-tag\" \/>\n<meta property=\"og:site_name\" content=\"Tabernaculo Prensa de Dios\" class=\"yoast-seo-meta-tag\" \/>\n<meta property=\"article:published_time\" content=\"2025-01-22T23:56:27+00:00\" class=\"yoast-seo-meta-tag\" \/>\n<meta property=\"og:image\" content=\"https:\/\/tabernaculoprensadedios.com\/web\/wp-content\/uploads\/2025\/01\/jamie.avif\" class=\"yoast-seo-meta-tag\" \/>\n\t<meta property=\"og:image:width\" content=\"720\" class=\"yoast-seo-meta-tag\" \/>\n\t<meta property=\"og:image:height\" content=\"405\" class=\"yoast-seo-meta-tag\" \/>\n\t<meta property=\"og:image:type\" content=\"image\/webp\" class=\"yoast-seo-meta-tag\" \/>\n<meta name=\"author\" content=\"tabernaculo\" class=\"yoast-seo-meta-tag\" \/>\n<meta name=\"twitter:card\" content=\"summary_large_image\" class=\"yoast-seo-meta-tag\" \/>\n<meta name=\"twitter:creator\" content=\"@PrensadeDios\" class=\"yoast-seo-meta-tag\" \/>\n<meta name=\"twitter:site\" content=\"@PrensadeDios\" class=\"yoast-seo-meta-tag\" \/>\n<meta name=\"twitter:label1\" content=\"Escrito por\" class=\"yoast-seo-meta-tag\" \/>\n\t<meta name=\"twitter:data1\" content=\"tabernaculo\" class=\"yoast-seo-meta-tag\" \/>\n\t<meta name=\"twitter:label2\" content=\"Tiempo de lectura\" class=\"yoast-seo-meta-tag\" \/>\n\t<meta name=\"twitter:data2\" content=\"3 minutos\" class=\"yoast-seo-meta-tag\" \/>\n<script type=\"application\/ld+json\" class=\"yoast-schema-graph\">{\"@context\":\"https:\/\/schema.org\",\"@graph\":[{\"@type\":\"Article\",\"@id\":\"https:\/\/tabernaculoprensadedios.com\/web\/actor-jamie-foxx-reconoce-que-el-poder-de-dios-le-salvo\/#article\",\"isPartOf\":{\"@id\":\"https:\/\/tabernaculoprensadedios.com\/web\/actor-jamie-foxx-reconoce-que-el-poder-de-dios-le-salvo\/\"},\"author\":{\"name\":\"tabernaculo\",\"@id\":\"https:\/\/tabernaculoprensadedios.com\/web\/#\/schema\/person\/bc0e069fef56b38e177db6f098ae0b6e\"},\"headline\":\"Actor Jamie Foxx reconoce que el poder de Dios le salv\u00f3\",\"datePublished\":\"2025-01-22T23:56:27+00:00\",\"mainEntityOfPage\":{\"@id\":\"https:\/\/tabernaculoprensadedios.com\/web\/actor-jamie-foxx-reconoce-que-el-poder-de-dios-le-salvo\/\"},\"wordCount\":603,\"commentCount\":0,\"publisher\":{\"@id\":\"https:\/\/tabernaculoprensadedios.com\/web\/#\/schema\/person\/bc0e069fef56b38e177db6f098ae0b6e\"},\"image\":{\"@id\":\"https:\/\/tabernaculoprensadedios.com\/web\/actor-jamie-foxx-reconoce-que-el-poder-de-dios-le-salvo\/#primaryimage\"},\"thumbnailUrl\":\"https:\/\/tabernaculoprensadedios.com\/web\/wp-content\/uploads\/2025\/01\/jamie.avif\",\"articleSection\":[\"Arte\",\"Internacionales\"],\"inLanguage\":\"es\",\"potentialAction\":[{\"@type\":\"CommentAction\",\"name\":\"Comment\",\"target\":[\"https:\/\/tabernaculoprensadedios.com\/web\/actor-jamie-foxx-reconoce-que-el-poder-de-dios-le-salvo\/#respond\"]}]},{\"@type\":\"WebPage\",\"@id\":\"https:\/\/tabernaculoprensadedios.com\/web\/actor-jamie-foxx-reconoce-que-el-poder-de-dios-le-salvo\/\",\"url\":\"https:\/\/tabernaculoprensadedios.com\/web\/actor-jamie-foxx-reconoce-que-el-poder-de-dios-le-salvo\/\",\"name\":\"Actor Jamie Foxx reconoce que el poder de Dios le salv\u00f3 - Tabernaculo Prensa de Dios\",\"isPartOf\":{\"@id\":\"https:\/\/tabernaculoprensadedios.com\/web\/#website\"},\"primaryImageOfPage\":{\"@id\":\"https:\/\/tabernaculoprensadedios.com\/web\/actor-jamie-foxx-reconoce-que-el-poder-de-dios-le-salvo\/#primaryimage\"},\"image\":{\"@id\":\"https:\/\/tabernaculoprensadedios.com\/web\/actor-jamie-foxx-reconoce-que-el-poder-de-dios-le-salvo\/#primaryimage\"},\"thumbnailUrl\":\"https:\/\/tabernaculoprensadedios.com\/web\/wp-content\/uploads\/2025\/01\/jamie.avif\",\"datePublished\":\"2025-01-22T23:56:27+00:00\",\"breadcrumb\":{\"@id\":\"https:\/\/tabernaculoprensadedios.com\/web\/actor-jamie-foxx-reconoce-que-el-poder-de-dios-le-salvo\/#breadcrumb\"},\"inLanguage\":\"es\",\"potentialAction\":[{\"@type\":\"ReadAction\",\"target\":[\"https:\/\/tabernaculoprensadedios.com\/web\/actor-jamie-foxx-reconoce-que-el-poder-de-dios-le-salvo\/\"]}]},{\"@type\":\"ImageObject\",\"inLanguage\":\"es\",\"@id\":\"https:\/\/tabernaculoprensadedios.com\/web\/actor-jamie-foxx-reconoce-que-el-poder-de-dios-le-salvo\/#primaryimage\",\"url\":\"https:\/\/tabernaculoprensadedios.com\/web\/wp-content\/uploads\/2025\/01\/jamie.avif\",\"contentUrl\":\"https:\/\/tabernaculoprensadedios.com\/web\/wp-content\/uploads\/2025\/01\/jamie.avif\",\"width\":720,\"height\":405,\"caption\":\"Jamie Foxx's \/Getty Images)\"},{\"@type\":\"BreadcrumbList\",\"@id\":\"https:\/\/tabernaculoprensadedios.com\/web\/actor-jamie-foxx-reconoce-que-el-poder-de-dios-le-salvo\/#breadcrumb\",\"itemListElement\":[{\"@type\":\"ListItem\",\"position\":1,\"name\":\"Portada\",\"item\":\"https:\/\/tabernaculoprensadedios.com\/web\/\"},{\"@type\":\"ListItem\",\"position\":2,\"name\":\"Actor Jamie Foxx reconoce que el poder de Dios le salv\u00f3\"}]},{\"@type\":\"WebSite\",\"@id\":\"https:\/\/tabernaculoprensadedios.com\/web\/#website\",\"url\":\"https:\/\/tabernaculoprensadedios.com\/web\/\",\"name\":\"Tabernaculo Prensa de Dios\",\"description\":\"Un medio a la manera de Dios\",\"publisher\":{\"@id\":\"https:\/\/tabernaculoprensadedios.com\/web\/#\/schema\/person\/bc0e069fef56b38e177db6f098ae0b6e\"},\"potentialAction\":[{\"@type\":\"SearchAction\",\"target\":{\"@type\":\"EntryPoint\",\"urlTemplate\":\"https:\/\/tabernaculoprensadedios.com\/web\/?s={search_term_string}\"},\"query-input\":{\"@type\":\"PropertyValueSpecification\",\"valueRequired\":true,\"valueName\":\"search_term_string\"}}],\"inLanguage\":\"es\"},{\"@type\":[\"Person\",\"Organization\"],\"@id\":\"https:\/\/tabernaculoprensadedios.com\/web\/#\/schema\/person\/bc0e069fef56b38e177db6f098ae0b6e\",\"name\":\"tabernaculo\",\"image\":{\"@type\":\"ImageObject\",\"inLanguage\":\"es\",\"@id\":\"https:\/\/tabernaculoprensadedios.com\/web\/#\/schema\/person\/image\/\",\"url\":\"https:\/\/tabernaculoprensadedios.com\/web\/wp-content\/uploads\/2015\/06\/login-logo1.png\",\"contentUrl\":\"https:\/\/tabernaculoprensadedios.com\/web\/wp-content\/uploads\/2015\/06\/login-logo1.png\",\"width\":300,\"height\":118,\"caption\":\"tabernaculo\"},\"logo\":{\"@id\":\"https:\/\/tabernaculoprensadedios.com\/web\/#\/schema\/person\/image\/\"},\"url\":\"https:\/\/tabernaculoprensadedios.com\/web\/author\/tabernaculo\/\"}]}<\/script>\n<!-- \/ Yoast SEO Premium plugin. -->","yoast_head_json":{"title":"Actor Jamie Foxx reconoce que el poder de Dios le salv\u00f3 - Tabernaculo Prensa de Dios","robots":{"index":"index","follow":"follow","max-snippet":"max-snippet:-1","max-image-preview":"max-image-preview:large","max-video-preview":"max-video-preview:-1"},"canonical":"https:\/\/tabernaculoprensadedios.com\/web\/actor-jamie-foxx-reconoce-que-el-poder-de-dios-le-salvo\/","og_locale":"es_ES","og_type":"article","og_title":"Actor Jamie Foxx reconoce que el poder de Dios le salv\u00f3","og_description":"El actor Jamie Foxx agradeci\u00f3 a Dios y al poder de la oraci\u00f3n por haberle salvado la vida tras ser hospitalizado el a\u00f1o pasado debido a una hemorragia cerebral y un derrame cerebral, que le hicieron olvidar un per\u00edodo de 20 d\u00edas entre abril y mayo de 2023. En su especial de Netflix, \u201cJamie Foxx: &hellip;","og_url":"https:\/\/tabernaculoprensadedios.com\/web\/actor-jamie-foxx-reconoce-que-el-poder-de-dios-le-salvo\/","og_site_name":"Tabernaculo Prensa de Dios","article_published_time":"2025-01-22T23:56:27+00:00","og_image":[{"width":720,"height":405,"url":"https:\/\/tabernaculoprensadedios.com\/web\/wp-content\/uploads\/2025\/01\/jamie.avif","type":"image\/webp"}],"author":"tabernaculo","twitter_card":"summary_large_image","twitter_creator":"@PrensadeDios","twitter_site":"@PrensadeDios","twitter_misc":{"Escrito por":"tabernaculo","Tiempo de lectura":"3 minutos"},"schema":{"@context":"https:\/\/schema.org","@graph":[{"@type":"Article","@id":"https:\/\/tabernaculoprensadedios.com\/web\/actor-jamie-foxx-reconoce-que-el-poder-de-dios-le-salvo\/#article","isPartOf":{"@id":"https:\/\/tabernaculoprensadedios.com\/web\/actor-jamie-foxx-reconoce-que-el-poder-de-dios-le-salvo\/"},"author":{"name":"tabernaculo","@id":"https:\/\/tabernaculoprensadedios.com\/web\/#\/schema\/person\/bc0e069fef56b38e177db6f098ae0b6e"},"headline":"Actor Jamie Foxx reconoce que el poder de Dios le salv\u00f3","datePublished":"2025-01-22T23:56:27+00:00","mainEntityOfPage":{"@id":"https:\/\/tabernaculoprensadedios.com\/web\/actor-jamie-foxx-reconoce-que-el-poder-de-dios-le-salvo\/"},"wordCount":603,"commentCount":0,"publisher":{"@id":"https:\/\/tabernaculoprensadedios.com\/web\/#\/schema\/person\/bc0e069fef56b38e177db6f098ae0b6e"},"image":{"@id":"https:\/\/tabernaculoprensadedios.com\/web\/actor-jamie-foxx-reconoce-que-el-poder-de-dios-le-salvo\/#primaryimage"},"thumbnailUrl":"https:\/\/tabernaculoprensadedios.com\/web\/wp-content\/uploads\/2025\/01\/jamie.avif","articleSection":["Arte","Internacionales"],"inLanguage":"es","potentialAction":[{"@type":"CommentAction","name":"Comment","target":["https:\/\/tabernaculoprensadedios.com\/web\/actor-jamie-foxx-reconoce-que-el-poder-de-dios-le-salvo\/#respond"]}]},{"@type":"WebPage","@id":"https:\/\/tabernaculoprensadedios.com\/web\/actor-jamie-foxx-reconoce-que-el-poder-de-dios-le-salvo\/","url":"https:\/\/tabernaculoprensadedios.com\/web\/actor-jamie-foxx-reconoce-que-el-poder-de-dios-le-salvo\/","name":"Actor Jamie Foxx reconoce que el poder de Dios le salv\u00f3 - Tabernaculo Prensa de Dios","isPartOf":{"@id":"https:\/\/tabernaculoprensadedios.com\/web\/#website"},"primaryImageOfPage":{"@id":"https:\/\/tabernaculoprensadedios.com\/web\/actor-jamie-foxx-reconoce-que-el-poder-de-dios-le-salvo\/#primaryimage"},"image":{"@id":"https:\/\/tabernaculoprensadedios.com\/web\/actor-jamie-foxx-reconoce-que-el-poder-de-dios-le-salvo\/#primaryimage"},"thumbnailUrl":"https:\/\/tabernaculoprensadedios.com\/web\/wp-content\/uploads\/2025\/01\/jamie.avif","datePublished":"2025-01-22T23:56:27+00:00","breadcrumb":{"@id":"https:\/\/tabernaculoprensadedios.com\/web\/actor-jamie-foxx-reconoce-que-el-poder-de-dios-le-salvo\/#breadcrumb"},"inLanguage":"es","potentialAction":[{"@type":"ReadAction","target":["https:\/\/tabernaculoprensadedios.com\/web\/actor-jamie-foxx-reconoce-que-el-poder-de-dios-le-salvo\/"]}]},{"@type":"ImageObject","inLanguage":"es","@id":"https:\/\/tabernaculoprensadedios.com\/web\/actor-jamie-foxx-reconoce-que-el-poder-de-dios-le-salvo\/#primaryimage","url":"https:\/\/tabernaculoprensadedios.com\/web\/wp-content\/uploads\/2025\/01\/jamie.avif","contentUrl":"https:\/\/tabernaculoprensadedios.com\/web\/wp-content\/uploads\/2025\/01\/jamie.avif","width":720,"height":405,"caption":"Jamie Foxx's \/Getty Images)"},{"@type":"BreadcrumbList","@id":"https:\/\/tabernaculoprensadedios.com\/web\/actor-jamie-foxx-reconoce-que-el-poder-de-dios-le-salvo\/#breadcrumb","itemListElement":[{"@type":"ListItem","position":1,"name":"Portada","item":"https:\/\/tabernaculoprensadedios.com\/web\/"},{"@type":"ListItem","position":2,"name":"Actor Jamie Foxx reconoce que el poder de Dios le salv\u00f3"}]},{"@type":"WebSite","@id":"https:\/\/tabernaculoprensadedios.com\/web\/#website","url":"https:\/\/tabernaculoprensadedios.com\/web\/","name":"Tabernaculo Prensa de Dios","description":"Un medio a la manera de Dios","publisher":{"@id":"https:\/\/tabernaculoprensadedios.com\/web\/#\/schema\/person\/bc0e069fef56b38e177db6f098ae0b6e"},"potentialAction":[{"@type":"SearchAction","target":{"@type":"EntryPoint","urlTemplate":"https:\/\/tabernaculoprensadedios.com\/web\/?s={search_term_string}"},"query-input":{"@type":"PropertyValueSpecification","valueRequired":true,"valueName":"search_term_string"}}],"inLanguage":"es"},{"@type":["Person","Organization"],"@id":"https:\/\/tabernaculoprensadedios.com\/web\/#\/schema\/person\/bc0e069fef56b38e177db6f098ae0b6e","name":"tabernaculo","image":{"@type":"ImageObject","inLanguage":"es","@id":"https:\/\/tabernaculoprensadedios.com\/web\/#\/schema\/person\/image\/","url":"https:\/\/tabernaculoprensadedios.com\/web\/wp-content\/uploads\/2015\/06\/login-logo1.png","contentUrl":"https:\/\/tabernaculoprensadedios.com\/web\/wp-content\/uploads\/2015\/06\/login-logo1.png","width":300,"height":118,"caption":"tabernaculo"},"logo":{"@id":"https:\/\/tabernaculoprensadedios.com\/web\/#\/schema\/person\/image\/"},"url":"https:\/\/tabernaculoprensadedios.com\/web\/author\/tabernaculo\/"}]}},"_links":{"self":[{"href":"https:\/\/tabernaculoprensadedios.com\/web\/wp-json\/wp\/v2\/posts\/33577","targetHints":{"allow":["GET"]}}],"collection":[{"href":"https:\/\/tabernaculoprensadedios.com\/web\/wp-json\/wp\/v2\/posts"}],"about":[{"href":"https:\/\/tabernaculoprensadedios.com\/web\/wp-json\/wp\/v2\/types\/post"}],"author":[{"embeddable":true,"href":"https:\/\/tabernaculoprensadedios.com\/web\/wp-json\/wp\/v2\/users\/1"}],"replies":[{"embeddable":true,"href":"https:\/\/tabernaculoprensadedios.com\/web\/wp-json\/wp\/v2\/comments?post=33577"}],"version-history":[{"count":1,"href":"https:\/\/tabernaculoprensadedios.com\/web\/wp-json\/wp\/v2\/posts\/33577\/revisions"}],"predecessor-version":[{"id":33579,"href":"https:\/\/tabernaculoprensadedios.com\/web\/wp-json\/wp\/v2\/posts\/33577\/revisions\/33579"}],"wp:featuredmedia":[{"embeddable":true,"href":"https:\/\/tabernaculoprensadedios.com\/web\/wp-json\/wp\/v2\/media\/33578"}],"wp:attachment":[{"href":"https:\/\/tabernaculoprensadedios.com\/web\/wp-json\/wp\/v2\/media?parent=33577"}],"wp:term":[{"taxonomy":"category","embeddable":true,"href":"https:\/\/tabernaculoprensadedios.com\/web\/wp-json\/wp\/v2\/categories?post=33577"},{"taxonomy":"post_tag","embeddable":true,"href":"https:\/\/tabernaculoprensadedios.com\/web\/wp-json\/wp\/v2\/tags?post=33577"}],"curies":[{"name":"wp","href":"https:\/\/api.w.org\/{rel}","templated":true}]}}