{"id":33542,"date":"2025-01-20T16:26:56","date_gmt":"2025-01-20T16:26:56","guid":{"rendered":"https:\/\/tabernaculoprensadedios.com\/web\/?p=33542"},"modified":"2025-01-20T16:26:56","modified_gmt":"2025-01-20T16:26:56","slug":"los-cristianos-hijos-de-la-sabiduria-celestial","status":"publish","type":"post","link":"https:\/\/tabernaculoprensadedios.com\/web\/los-cristianos-hijos-de-la-sabiduria-celestial\/","title":{"rendered":"Los Cristianos. Hijos de la Sabidur\u00eda Celestial"},"content":{"rendered":"<p>Los cristianos somos llamados a ser hijos de la sabidur\u00eda celestial, esa sabidur\u00eda que no proviene del mundo, sino del mismo Dios, fuente de toda verdad y justicia. Jes\u00fas dijo: <strong>\u00abLa sabidur\u00eda es justificada por sus hijos\u00bb<\/strong> (Mateo 11-19), lo que significa que quienes caminan en ella reflejan su pureza y prop\u00f3sito divino.<\/p>\n<p>La sabidur\u00eda celestial no se encuentra en el orgullo ni en los logros humanos, sino en la humildad de un coraz\u00f3n que busca a Dios. Como hijos de esa sabidur\u00eda, nuestra vida es el testimonio que la valida. A trav\u00e9s de nuestras acciones, demostramos al mundo el amor, la paz y la verdad de Dios. No es nuestra propia justicia la que habla, sino la obra del Esp\u00edritu Santo en nosotros.<\/p>\n<p>Proverbios 9-10 nos recuerda: <strong>\u201cEl temor de Jehov\u00e1 es el principio de la sabidur\u00eda, y el conocimiento del Sant\u00edsimo es la inteligencia\u00bb. <\/strong>Ser hijos de la sabidur\u00eda celestial significa vivir en reverencia a Dios, reconociendo que cada paso que damos est\u00e1 guiado por Su mano.<\/p>\n<p>Cuando reflejamos esa sabidur\u00eda, somos luz en medio de la oscuridad, agentes de paz en un mundo lleno de caos, y testigos de la justicia divina. Nuestra vida debe ser un eco constante de la sabidur\u00eda que hemos recibido: una vida que glorifique al Padre y muestre que somos justificados por Su verdad y amor.<\/p>\n<p>Como cristianos, recordemos que no solo llevamos el t\u00edtulo de hijos de Dios, sino que somos representantes vivos de Su sabidur\u00eda en la tierra. Caminemos con prop\u00f3sito, dejando que nuestra fe produzca frutos dignos que glorifiquen al Rey celestial. Gracia y Paz.<\/p>\n\n\t\t<div class=\"clearfix\"><\/div>\n\t\t<div class=\"about-author about-author-box container-wrapper\">\n\t\t\t<div class=\"author-avatar\">\n\t\t\t\t<img loading=\"lazy\" decoding=\"async\" src=\"https:\/\/tabernaculoprensadedios.com\/web\/wp-content\/uploads\/2024\/12\/Margarita-Garcia-directora-png.avif\" alt=\"Margarita Garc\u00eda\" class=\"author-avatar-img\" width=\"111\" height=\"111\" \/>\n\t\t\t<\/div>\n\t\t\t<div class=\"author-info\">\n\t\t\t\t<h4>Margarita Garc\u00eda<\/h4>Directora del Tabern\u00e1culo Prensa de Dios\n\t\t\t<\/div>\n\t\t<\/div>\n\t\n","protected":false},"excerpt":{"rendered":"<p>Los cristianos somos llamados a ser hijos de la sabidur\u00eda celestial, esa sabidur\u00eda que no proviene del mundo, sino del mismo Dios, fuente de toda verdad y justicia. Jes\u00fas dijo: \u00abLa sabidur\u00eda es justificada por sus hijos\u00bb (Mateo 11-19), lo que significa que quienes caminan en ella reflejan su pureza y prop\u00f3sito divino. La sabidur\u00eda &hellip;<\/p>\n","protected":false},"author":1,"featured_media":32511,"comment_status":"open","ping_status":"open","sticky":false,"template":"","format":"standard","meta":{"footnotes":""},"categories":[790],"tags":[],"class_list":["post-33542","post","type-post","status-publish","format-standard","has-post-thumbnail","hentry","category-voz-del-tabernaculo"],"yoast_head":"<!-- This site is optimized with the Yoast SEO Premium plugin v24.2 (Yoast SEO v27.1.1) - https:\/\/yoast.com\/product\/yoast-seo-premium-wordpress\/ -->\n<title>Los Cristianos. Hijos de la Sabidur\u00eda Celestial - Tabernaculo Prensa de Dios<\/title>\n<meta name=\"robots\" content=\"index, follow, max-snippet:-1, max-image-preview:large, max-video-preview:-1\" \/>\n<link rel=\"canonical\" href=\"https:\/\/tabernaculoprensadedios.com\/web\/los-cristianos-hijos-de-la-sabiduria-celestial\/\" class=\"yoast-seo-meta-tag\" \/>\n<meta property=\"og:locale\" content=\"es_ES\" class=\"yoast-seo-meta-tag\" \/>\n<meta property=\"og:type\" content=\"article\" class=\"yoast-seo-meta-tag\" \/>\n<meta property=\"og:title\" content=\"Los Cristianos. Hijos de la Sabidur\u00eda Celestial\" class=\"yoast-seo-meta-tag\" \/>\n<meta property=\"og:description\" content=\"Los cristianos somos llamados a ser hijos de la sabidur\u00eda celestial, esa sabidur\u00eda que no proviene del mundo, sino del mismo Dios, fuente de toda verdad y justicia. Jes\u00fas dijo: \u00abLa sabidur\u00eda es justificada por sus hijos\u00bb (Mateo 11-19), lo que significa que quienes caminan en ella reflejan su pureza y prop\u00f3sito divino. La sabidur\u00eda &hellip;\" class=\"yoast-seo-meta-tag\" \/>\n<meta property=\"og:url\" content=\"https:\/\/tabernaculoprensadedios.com\/web\/los-cristianos-hijos-de-la-sabiduria-celestial\/\" class=\"yoast-seo-meta-tag\" \/>\n<meta property=\"og:site_name\" content=\"Tabernaculo Prensa de Dios\" class=\"yoast-seo-meta-tag\" \/>\n<meta property=\"article:published_time\" content=\"2025-01-20T16:26:56+00:00\" class=\"yoast-seo-meta-tag\" \/>\n<meta property=\"og:image\" content=\"https:\/\/tabernaculoprensadedios.com\/web\/wp-content\/uploads\/2024\/10\/bandera-RD.jpg\" class=\"yoast-seo-meta-tag\" \/>\n\t<meta property=\"og:image:width\" content=\"2048\" class=\"yoast-seo-meta-tag\" \/>\n\t<meta property=\"og:image:height\" content=\"1161\" class=\"yoast-seo-meta-tag\" \/>\n\t<meta property=\"og:image:type\" content=\"image\/jpeg\" class=\"yoast-seo-meta-tag\" \/>\n<meta name=\"author\" content=\"tabernaculo\" class=\"yoast-seo-meta-tag\" \/>\n<meta name=\"twitter:card\" content=\"summary_large_image\" class=\"yoast-seo-meta-tag\" \/>\n<meta name=\"twitter:creator\" content=\"@PrensadeDios\" class=\"yoast-seo-meta-tag\" \/>\n<meta name=\"twitter:site\" content=\"@PrensadeDios\" class=\"yoast-seo-meta-tag\" \/>\n<meta name=\"twitter:label1\" content=\"Escrito por\" class=\"yoast-seo-meta-tag\" \/>\n\t<meta name=\"twitter:data1\" content=\"tabernaculo\" class=\"yoast-seo-meta-tag\" \/>\n\t<meta name=\"twitter:label2\" content=\"Tiempo de lectura\" class=\"yoast-seo-meta-tag\" \/>\n\t<meta name=\"twitter:data2\" content=\"2 minutos\" class=\"yoast-seo-meta-tag\" \/>\n<script type=\"application\/ld+json\" class=\"yoast-schema-graph\">{\"@context\":\"https:\/\/schema.org\",\"@graph\":[{\"@type\":\"Article\",\"@id\":\"https:\/\/tabernaculoprensadedios.com\/web\/los-cristianos-hijos-de-la-sabiduria-celestial\/#article\",\"isPartOf\":{\"@id\":\"https:\/\/tabernaculoprensadedios.com\/web\/los-cristianos-hijos-de-la-sabiduria-celestial\/\"},\"author\":{\"name\":\"tabernaculo\",\"@id\":\"https:\/\/tabernaculoprensadedios.com\/web\/#\/schema\/person\/bc0e069fef56b38e177db6f098ae0b6e\"},\"headline\":\"Los Cristianos. Hijos de la Sabidur\u00eda Celestial\",\"datePublished\":\"2025-01-20T16:26:56+00:00\",\"mainEntityOfPage\":{\"@id\":\"https:\/\/tabernaculoprensadedios.com\/web\/los-cristianos-hijos-de-la-sabiduria-celestial\/\"},\"wordCount\":314,\"commentCount\":0,\"publisher\":{\"@id\":\"https:\/\/tabernaculoprensadedios.com\/web\/#\/schema\/person\/bc0e069fef56b38e177db6f098ae0b6e\"},\"image\":{\"@id\":\"https:\/\/tabernaculoprensadedios.com\/web\/los-cristianos-hijos-de-la-sabiduria-celestial\/#primaryimage\"},\"thumbnailUrl\":\"https:\/\/tabernaculoprensadedios.com\/web\/wp-content\/uploads\/2024\/10\/bandera-RD.jpg\",\"articleSection\":[\"Voz del Tabern\u00e1culo\"],\"inLanguage\":\"es\",\"potentialAction\":[{\"@type\":\"CommentAction\",\"name\":\"Comment\",\"target\":[\"https:\/\/tabernaculoprensadedios.com\/web\/los-cristianos-hijos-de-la-sabiduria-celestial\/#respond\"]}]},{\"@type\":\"WebPage\",\"@id\":\"https:\/\/tabernaculoprensadedios.com\/web\/los-cristianos-hijos-de-la-sabiduria-celestial\/\",\"url\":\"https:\/\/tabernaculoprensadedios.com\/web\/los-cristianos-hijos-de-la-sabiduria-celestial\/\",\"name\":\"Los Cristianos. Hijos de la Sabidur\u00eda Celestial - Tabernaculo Prensa de Dios\",\"isPartOf\":{\"@id\":\"https:\/\/tabernaculoprensadedios.com\/web\/#website\"},\"primaryImageOfPage\":{\"@id\":\"https:\/\/tabernaculoprensadedios.com\/web\/los-cristianos-hijos-de-la-sabiduria-celestial\/#primaryimage\"},\"image\":{\"@id\":\"https:\/\/tabernaculoprensadedios.com\/web\/los-cristianos-hijos-de-la-sabiduria-celestial\/#primaryimage\"},\"thumbnailUrl\":\"https:\/\/tabernaculoprensadedios.com\/web\/wp-content\/uploads\/2024\/10\/bandera-RD.jpg\",\"datePublished\":\"2025-01-20T16:26:56+00:00\",\"breadcrumb\":{\"@id\":\"https:\/\/tabernaculoprensadedios.com\/web\/los-cristianos-hijos-de-la-sabiduria-celestial\/#breadcrumb\"},\"inLanguage\":\"es\",\"potentialAction\":[{\"@type\":\"ReadAction\",\"target\":[\"https:\/\/tabernaculoprensadedios.com\/web\/los-cristianos-hijos-de-la-sabiduria-celestial\/\"]}]},{\"@type\":\"ImageObject\",\"inLanguage\":\"es\",\"@id\":\"https:\/\/tabernaculoprensadedios.com\/web\/los-cristianos-hijos-de-la-sabiduria-celestial\/#primaryimage\",\"url\":\"https:\/\/tabernaculoprensadedios.com\/web\/wp-content\/uploads\/2024\/10\/bandera-RD.jpg\",\"contentUrl\":\"https:\/\/tabernaculoprensadedios.com\/web\/wp-content\/uploads\/2024\/10\/bandera-RD.jpg\",\"width\":2048,\"height\":1161},{\"@type\":\"BreadcrumbList\",\"@id\":\"https:\/\/tabernaculoprensadedios.com\/web\/los-cristianos-hijos-de-la-sabiduria-celestial\/#breadcrumb\",\"itemListElement\":[{\"@type\":\"ListItem\",\"position\":1,\"name\":\"Portada\",\"item\":\"https:\/\/tabernaculoprensadedios.com\/web\/\"},{\"@type\":\"ListItem\",\"position\":2,\"name\":\"Los Cristianos. Hijos de la Sabidur\u00eda Celestial\"}]},{\"@type\":\"WebSite\",\"@id\":\"https:\/\/tabernaculoprensadedios.com\/web\/#website\",\"url\":\"https:\/\/tabernaculoprensadedios.com\/web\/\",\"name\":\"Tabernaculo Prensa de Dios\",\"description\":\"Un medio a la manera de Dios\",\"publisher\":{\"@id\":\"https:\/\/tabernaculoprensadedios.com\/web\/#\/schema\/person\/bc0e069fef56b38e177db6f098ae0b6e\"},\"potentialAction\":[{\"@type\":\"SearchAction\",\"target\":{\"@type\":\"EntryPoint\",\"urlTemplate\":\"https:\/\/tabernaculoprensadedios.com\/web\/?s={search_term_string}\"},\"query-input\":{\"@type\":\"PropertyValueSpecification\",\"valueRequired\":true,\"valueName\":\"search_term_string\"}}],\"inLanguage\":\"es\"},{\"@type\":[\"Person\",\"Organization\"],\"@id\":\"https:\/\/tabernaculoprensadedios.com\/web\/#\/schema\/person\/bc0e069fef56b38e177db6f098ae0b6e\",\"name\":\"tabernaculo\",\"image\":{\"@type\":\"ImageObject\",\"inLanguage\":\"es\",\"@id\":\"https:\/\/tabernaculoprensadedios.com\/web\/#\/schema\/person\/image\/\",\"url\":\"https:\/\/tabernaculoprensadedios.com\/web\/wp-content\/uploads\/2015\/06\/login-logo1.png\",\"contentUrl\":\"https:\/\/tabernaculoprensadedios.com\/web\/wp-content\/uploads\/2015\/06\/login-logo1.png\",\"width\":300,\"height\":118,\"caption\":\"tabernaculo\"},\"logo\":{\"@id\":\"https:\/\/tabernaculoprensadedios.com\/web\/#\/schema\/person\/image\/\"},\"url\":\"https:\/\/tabernaculoprensadedios.com\/web\/author\/tabernaculo\/\"}]}<\/script>\n<!-- \/ Yoast SEO Premium plugin. -->","yoast_head_json":{"title":"Los Cristianos. Hijos de la Sabidur\u00eda Celestial - Tabernaculo Prensa de Dios","robots":{"index":"index","follow":"follow","max-snippet":"max-snippet:-1","max-image-preview":"max-image-preview:large","max-video-preview":"max-video-preview:-1"},"canonical":"https:\/\/tabernaculoprensadedios.com\/web\/los-cristianos-hijos-de-la-sabiduria-celestial\/","og_locale":"es_ES","og_type":"article","og_title":"Los Cristianos. Hijos de la Sabidur\u00eda Celestial","og_description":"Los cristianos somos llamados a ser hijos de la sabidur\u00eda celestial, esa sabidur\u00eda que no proviene del mundo, sino del mismo Dios, fuente de toda verdad y justicia. Jes\u00fas dijo: \u00abLa sabidur\u00eda es justificada por sus hijos\u00bb (Mateo 11-19), lo que significa que quienes caminan en ella reflejan su pureza y prop\u00f3sito divino. La sabidur\u00eda &hellip;","og_url":"https:\/\/tabernaculoprensadedios.com\/web\/los-cristianos-hijos-de-la-sabiduria-celestial\/","og_site_name":"Tabernaculo Prensa de Dios","article_published_time":"2025-01-20T16:26:56+00:00","og_image":[{"width":2048,"height":1161,"url":"https:\/\/tabernaculoprensadedios.com\/web\/wp-content\/uploads\/2024\/10\/bandera-RD.jpg","type":"image\/jpeg"}],"author":"tabernaculo","twitter_card":"summary_large_image","twitter_creator":"@PrensadeDios","twitter_site":"@PrensadeDios","twitter_misc":{"Escrito por":"tabernaculo","Tiempo de lectura":"2 minutos"},"schema":{"@context":"https:\/\/schema.org","@graph":[{"@type":"Article","@id":"https:\/\/tabernaculoprensadedios.com\/web\/los-cristianos-hijos-de-la-sabiduria-celestial\/#article","isPartOf":{"@id":"https:\/\/tabernaculoprensadedios.com\/web\/los-cristianos-hijos-de-la-sabiduria-celestial\/"},"author":{"name":"tabernaculo","@id":"https:\/\/tabernaculoprensadedios.com\/web\/#\/schema\/person\/bc0e069fef56b38e177db6f098ae0b6e"},"headline":"Los Cristianos. Hijos de la Sabidur\u00eda Celestial","datePublished":"2025-01-20T16:26:56+00:00","mainEntityOfPage":{"@id":"https:\/\/tabernaculoprensadedios.com\/web\/los-cristianos-hijos-de-la-sabiduria-celestial\/"},"wordCount":314,"commentCount":0,"publisher":{"@id":"https:\/\/tabernaculoprensadedios.com\/web\/#\/schema\/person\/bc0e069fef56b38e177db6f098ae0b6e"},"image":{"@id":"https:\/\/tabernaculoprensadedios.com\/web\/los-cristianos-hijos-de-la-sabiduria-celestial\/#primaryimage"},"thumbnailUrl":"https:\/\/tabernaculoprensadedios.com\/web\/wp-content\/uploads\/2024\/10\/bandera-RD.jpg","articleSection":["Voz del Tabern\u00e1culo"],"inLanguage":"es","potentialAction":[{"@type":"CommentAction","name":"Comment","target":["https:\/\/tabernaculoprensadedios.com\/web\/los-cristianos-hijos-de-la-sabiduria-celestial\/#respond"]}]},{"@type":"WebPage","@id":"https:\/\/tabernaculoprensadedios.com\/web\/los-cristianos-hijos-de-la-sabiduria-celestial\/","url":"https:\/\/tabernaculoprensadedios.com\/web\/los-cristianos-hijos-de-la-sabiduria-celestial\/","name":"Los Cristianos. Hijos de la Sabidur\u00eda Celestial - Tabernaculo Prensa de Dios","isPartOf":{"@id":"https:\/\/tabernaculoprensadedios.com\/web\/#website"},"primaryImageOfPage":{"@id":"https:\/\/tabernaculoprensadedios.com\/web\/los-cristianos-hijos-de-la-sabiduria-celestial\/#primaryimage"},"image":{"@id":"https:\/\/tabernaculoprensadedios.com\/web\/los-cristianos-hijos-de-la-sabiduria-celestial\/#primaryimage"},"thumbnailUrl":"https:\/\/tabernaculoprensadedios.com\/web\/wp-content\/uploads\/2024\/10\/bandera-RD.jpg","datePublished":"2025-01-20T16:26:56+00:00","breadcrumb":{"@id":"https:\/\/tabernaculoprensadedios.com\/web\/los-cristianos-hijos-de-la-sabiduria-celestial\/#breadcrumb"},"inLanguage":"es","potentialAction":[{"@type":"ReadAction","target":["https:\/\/tabernaculoprensadedios.com\/web\/los-cristianos-hijos-de-la-sabiduria-celestial\/"]}]},{"@type":"ImageObject","inLanguage":"es","@id":"https:\/\/tabernaculoprensadedios.com\/web\/los-cristianos-hijos-de-la-sabiduria-celestial\/#primaryimage","url":"https:\/\/tabernaculoprensadedios.com\/web\/wp-content\/uploads\/2024\/10\/bandera-RD.jpg","contentUrl":"https:\/\/tabernaculoprensadedios.com\/web\/wp-content\/uploads\/2024\/10\/bandera-RD.jpg","width":2048,"height":1161},{"@type":"BreadcrumbList","@id":"https:\/\/tabernaculoprensadedios.com\/web\/los-cristianos-hijos-de-la-sabiduria-celestial\/#breadcrumb","itemListElement":[{"@type":"ListItem","position":1,"name":"Portada","item":"https:\/\/tabernaculoprensadedios.com\/web\/"},{"@type":"ListItem","position":2,"name":"Los Cristianos. Hijos de la Sabidur\u00eda Celestial"}]},{"@type":"WebSite","@id":"https:\/\/tabernaculoprensadedios.com\/web\/#website","url":"https:\/\/tabernaculoprensadedios.com\/web\/","name":"Tabernaculo Prensa de Dios","description":"Un medio a la manera de Dios","publisher":{"@id":"https:\/\/tabernaculoprensadedios.com\/web\/#\/schema\/person\/bc0e069fef56b38e177db6f098ae0b6e"},"potentialAction":[{"@type":"SearchAction","target":{"@type":"EntryPoint","urlTemplate":"https:\/\/tabernaculoprensadedios.com\/web\/?s={search_term_string}"},"query-input":{"@type":"PropertyValueSpecification","valueRequired":true,"valueName":"search_term_string"}}],"inLanguage":"es"},{"@type":["Person","Organization"],"@id":"https:\/\/tabernaculoprensadedios.com\/web\/#\/schema\/person\/bc0e069fef56b38e177db6f098ae0b6e","name":"tabernaculo","image":{"@type":"ImageObject","inLanguage":"es","@id":"https:\/\/tabernaculoprensadedios.com\/web\/#\/schema\/person\/image\/","url":"https:\/\/tabernaculoprensadedios.com\/web\/wp-content\/uploads\/2015\/06\/login-logo1.png","contentUrl":"https:\/\/tabernaculoprensadedios.com\/web\/wp-content\/uploads\/2015\/06\/login-logo1.png","width":300,"height":118,"caption":"tabernaculo"},"logo":{"@id":"https:\/\/tabernaculoprensadedios.com\/web\/#\/schema\/person\/image\/"},"url":"https:\/\/tabernaculoprensadedios.com\/web\/author\/tabernaculo\/"}]}},"_links":{"self":[{"href":"https:\/\/tabernaculoprensadedios.com\/web\/wp-json\/wp\/v2\/posts\/33542","targetHints":{"allow":["GET"]}}],"collection":[{"href":"https:\/\/tabernaculoprensadedios.com\/web\/wp-json\/wp\/v2\/posts"}],"about":[{"href":"https:\/\/tabernaculoprensadedios.com\/web\/wp-json\/wp\/v2\/types\/post"}],"author":[{"embeddable":true,"href":"https:\/\/tabernaculoprensadedios.com\/web\/wp-json\/wp\/v2\/users\/1"}],"replies":[{"embeddable":true,"href":"https:\/\/tabernaculoprensadedios.com\/web\/wp-json\/wp\/v2\/comments?post=33542"}],"version-history":[{"count":1,"href":"https:\/\/tabernaculoprensadedios.com\/web\/wp-json\/wp\/v2\/posts\/33542\/revisions"}],"predecessor-version":[{"id":33543,"href":"https:\/\/tabernaculoprensadedios.com\/web\/wp-json\/wp\/v2\/posts\/33542\/revisions\/33543"}],"wp:featuredmedia":[{"embeddable":true,"href":"https:\/\/tabernaculoprensadedios.com\/web\/wp-json\/wp\/v2\/media\/32511"}],"wp:attachment":[{"href":"https:\/\/tabernaculoprensadedios.com\/web\/wp-json\/wp\/v2\/media?parent=33542"}],"wp:term":[{"taxonomy":"category","embeddable":true,"href":"https:\/\/tabernaculoprensadedios.com\/web\/wp-json\/wp\/v2\/categories?post=33542"},{"taxonomy":"post_tag","embeddable":true,"href":"https:\/\/tabernaculoprensadedios.com\/web\/wp-json\/wp\/v2\/tags?post=33542"}],"curies":[{"name":"wp","href":"https:\/\/api.w.org\/{rel}","templated":true}]}}