{"id":33531,"date":"2025-01-18T01:01:32","date_gmt":"2025-01-18T01:01:32","guid":{"rendered":"https:\/\/tabernaculoprensadedios.com\/web\/?p=33531"},"modified":"2025-01-18T01:01:32","modified_gmt":"2025-01-18T01:01:32","slug":"hay-que-pelear-para-poseer-la-tierra","status":"publish","type":"post","link":"https:\/\/tabernaculoprensadedios.com\/web\/hay-que-pelear-para-poseer-la-tierra\/","title":{"rendered":"Hay que pelear para poseer la tierra"},"content":{"rendered":"<p>Muchas veces, nosotros los cristianos creemos que simplemente porque Dios nos ha dicho que nos va a dar esto o lo otro, nos podemos sentar a esperar hasta que lo prometido llegue pasivamente a nosotros. Yo creo que hay que hacer esfuerzos; tenemos que hacer nuestra parte tambi\u00e9n.<\/p>\n<p>En el vers\u00edculo 17 de N\u00fameros 13 dice con respecto a los hebreos en el desierto: \u2018Los envi\u00f3 pues Mois\u00e9s a reconocer la tierra de Cana\u00e1n, dici\u00e9ndoles: \u2018Subid de aqu\u00ed al Neguev y subid al monte. Y observad la tierra c\u00f3mo es, y el pueblo que la habita, si es fuerte o d\u00e9bil, si poco o numeroso. C\u00f3mo es la tierra habitada, si es buena o mala y como son las ciudades habitadas, si son campamentos o plazas fortificadas y como es el terreno: si es f\u00e9rtil o est\u00e9ril, si en \u00e9l hay \u00e1rboles o no\u2019\u201d.<\/p>\n<p>En otras palabras Dios les est\u00e1 diciendo a los israelitas: \u201cVayan y exploren esa tierra que yo les he dicho que es de ustedes. Miren a ver c\u00f3mo es. Examinen las tribus que est\u00e1n all\u00e1 y vengan con un reporte de qu\u00e9 armas tienen, si son fuertes, si son altos, si son numerosos, si tienen ej\u00e9rcitos grandes. Examinen las condiciones de la tierra: si hay buenos \u00e1rboles, si hay buenas posibilidades de cultivo\u201d. Es decir, deb\u00eda hacerse un reconocimiento total de la tierra.<\/p>\n<p>Y entonces Mois\u00e9s les dice: \u201cRegresen con ese reporte a nosotros\u201d.<\/p>\n<p>Yo veo aqu\u00ed algo bien importante. Una se preguntar\u00eda \u00bfpara qu\u00e9 era necesario eso? Si ya Dios hab\u00eda dicho que iban a entrar a la tierra y ya ten\u00edan la tierra declarada por Dios como propiedad de ellos. \u00bfPor qu\u00e9 ten\u00edan que hacer este reconocimiento tan detallado, tan preciso, de la tierra?<\/p>\n<p>En primer lugar, yo creo que Dios quiere que nosotros seamos gente de orden, gente que se tome tiempo para analizar sus promesas, para analizar lo que Dios ha declarado sobre nuestras vidas. Yo creo que la fe no niega la inteligencia. No hay conflicto entre la fe y \u00e9l uno hacer exploraciones sanas de las promesas de Dios, conocer lo que Dios ha dicho, estudiar la Biblia. Es muy provechoso analizar nuestro entorno de vez en cuando, examinarnos a nosotros mismos a la luz de la Palabra de Dios, determinar cu\u00e1les son nuestros defectos y nuestras virtudes. Debemos usar la mente para entender mejor las cosas del Esp\u00edritu.<\/p>\n<p>Las promesas de Dios no anulan la responsabilidad del creyente. Antes que Jes\u00fas le diera de comer a toda una multitud, envi\u00f3 a sus disc\u00edpulos a indagar entre la gente y ver qu\u00e9 ten\u00edan para comer. S\u00f3lo cuando le trajeron cinco panes y dos peces, se dio el milagro de la multiplicaci\u00f3n.<\/p>\n<p>Dios quer\u00eda que estos hombres entraran a la tierra y que la poseyeran. Dios les hab\u00eda dicho: \u201c<a href=\"https:\/\/tabernaculoprensadedios.com\/web\/quedense-quietos-el-senor-esta-con-ustedes\/\">Esa tierra es de ustedes\u201d<\/a>. Estaba comprometido con ellos. Pero cuando ellos entraran iba a haber all\u00ed tribus enemigas que los estar\u00edan esperando. Iba a haber guerras; habr\u00eda luchas, y Dios quer\u00eda que ellos estuvieran preparados.<\/p>\n<p>Antes que se realicen las promesas de Dios, tendremos que vencer la oposici\u00f3n. Nuestros esfuerzos de fe, fundamentados en las promesas de Dios, honran al Se\u00f1or, pues muestran confianza en \u00c9l y en sus promesas. Dios se agrada cuando nos ve esforz\u00e1ndonos y desarrollando el car\u00e1cter de un guerrero espiritual, alguien que maneja diestramente los conceptos y las promesas de la palabra de Dios.<\/p>\n<p>Dios nos respeta demasiado para hacerlo todo por nosotros. Nos cre\u00f3 con libre albedr\u00edo. Infundi\u00f3 en nosotros su excelente esp\u00edritu. Nos ha dejado grandiosas promesas para que por medio de ellas alcancemos grandes victorias. No desperdiciemos la oportunidad de crecer y madurar espiritualmente siendo diligentes en poner por obra los hermosos retos que nos ofrece su Palabra.<\/p>\n","protected":false},"excerpt":{"rendered":"<p>Muchas veces, nosotros los cristianos creemos que simplemente porque Dios nos ha dicho que nos va a dar esto o lo otro, nos podemos sentar a esperar hasta que lo prometido llegue pasivamente a nosotros. Yo creo que hay que hacer esfuerzos; tenemos que hacer nuestra parte tambi\u00e9n. En el vers\u00edculo 17 de N\u00fameros 13 &hellip;<\/p>\n","protected":false},"author":1,"featured_media":33532,"comment_status":"open","ping_status":"open","sticky":false,"template":"","format":"standard","meta":{"footnotes":""},"categories":[34],"tags":[],"class_list":["post-33531","post","type-post","status-publish","format-standard","has-post-thumbnail","hentry","category-articulos"],"yoast_head":"<!-- This site is optimized with the Yoast SEO Premium plugin v24.2 (Yoast SEO v27.1.1) - https:\/\/yoast.com\/product\/yoast-seo-premium-wordpress\/ -->\n<title>Hay que pelear para poseer la tierra - Tabernaculo Prensa de Dios<\/title>\n<meta name=\"robots\" content=\"index, follow, max-snippet:-1, max-image-preview:large, max-video-preview:-1\" \/>\n<link rel=\"canonical\" href=\"https:\/\/tabernaculoprensadedios.com\/web\/hay-que-pelear-para-poseer-la-tierra\/\" class=\"yoast-seo-meta-tag\" \/>\n<meta property=\"og:locale\" content=\"es_ES\" class=\"yoast-seo-meta-tag\" \/>\n<meta property=\"og:type\" content=\"article\" class=\"yoast-seo-meta-tag\" \/>\n<meta property=\"og:title\" content=\"Hay que pelear para poseer la tierra\" class=\"yoast-seo-meta-tag\" \/>\n<meta property=\"og:description\" content=\"Muchas veces, nosotros los cristianos creemos que simplemente porque Dios nos ha dicho que nos va a dar esto o lo otro, nos podemos sentar a esperar hasta que lo prometido llegue pasivamente a nosotros. Yo creo que hay que hacer esfuerzos; tenemos que hacer nuestra parte tambi\u00e9n. En el vers\u00edculo 17 de N\u00fameros 13 &hellip;\" class=\"yoast-seo-meta-tag\" \/>\n<meta property=\"og:url\" content=\"https:\/\/tabernaculoprensadedios.com\/web\/hay-que-pelear-para-poseer-la-tierra\/\" class=\"yoast-seo-meta-tag\" \/>\n<meta property=\"og:site_name\" content=\"Tabernaculo Prensa de Dios\" class=\"yoast-seo-meta-tag\" \/>\n<meta property=\"article:published_time\" content=\"2025-01-18T01:01:32+00:00\" class=\"yoast-seo-meta-tag\" \/>\n<meta property=\"og:image\" content=\"https:\/\/tabernaculoprensadedios.com\/web\/wp-content\/uploads\/2025\/01\/jz34k6k_8-e.avif\" class=\"yoast-seo-meta-tag\" \/>\n\t<meta property=\"og:image:width\" content=\"800\" class=\"yoast-seo-meta-tag\" \/>\n\t<meta property=\"og:image:height\" content=\"1200\" class=\"yoast-seo-meta-tag\" \/>\n\t<meta property=\"og:image:type\" content=\"image\/jpeg\" class=\"yoast-seo-meta-tag\" \/>\n<meta name=\"author\" content=\"tabernaculo\" class=\"yoast-seo-meta-tag\" \/>\n<meta name=\"twitter:card\" content=\"summary_large_image\" class=\"yoast-seo-meta-tag\" \/>\n<meta name=\"twitter:creator\" content=\"@PrensadeDios\" class=\"yoast-seo-meta-tag\" \/>\n<meta name=\"twitter:site\" content=\"@PrensadeDios\" class=\"yoast-seo-meta-tag\" \/>\n<meta name=\"twitter:label1\" content=\"Escrito por\" class=\"yoast-seo-meta-tag\" \/>\n\t<meta name=\"twitter:data1\" content=\"tabernaculo\" class=\"yoast-seo-meta-tag\" \/>\n\t<meta name=\"twitter:label2\" content=\"Tiempo de lectura\" class=\"yoast-seo-meta-tag\" \/>\n\t<meta name=\"twitter:data2\" content=\"4 minutos\" class=\"yoast-seo-meta-tag\" \/>\n<script type=\"application\/ld+json\" class=\"yoast-schema-graph\">{\"@context\":\"https:\/\/schema.org\",\"@graph\":[{\"@type\":\"Article\",\"@id\":\"https:\/\/tabernaculoprensadedios.com\/web\/hay-que-pelear-para-poseer-la-tierra\/#article\",\"isPartOf\":{\"@id\":\"https:\/\/tabernaculoprensadedios.com\/web\/hay-que-pelear-para-poseer-la-tierra\/\"},\"author\":{\"name\":\"tabernaculo\",\"@id\":\"https:\/\/tabernaculoprensadedios.com\/web\/#\/schema\/person\/bc0e069fef56b38e177db6f098ae0b6e\"},\"headline\":\"Hay que pelear para poseer la tierra\",\"datePublished\":\"2025-01-18T01:01:32+00:00\",\"mainEntityOfPage\":{\"@id\":\"https:\/\/tabernaculoprensadedios.com\/web\/hay-que-pelear-para-poseer-la-tierra\/\"},\"wordCount\":668,\"commentCount\":0,\"publisher\":{\"@id\":\"https:\/\/tabernaculoprensadedios.com\/web\/#\/schema\/person\/bc0e069fef56b38e177db6f098ae0b6e\"},\"image\":{\"@id\":\"https:\/\/tabernaculoprensadedios.com\/web\/hay-que-pelear-para-poseer-la-tierra\/#primaryimage\"},\"thumbnailUrl\":\"https:\/\/tabernaculoprensadedios.com\/web\/wp-content\/uploads\/2025\/01\/jz34k6k_8-e.avif\",\"articleSection\":[\"Articulos\"],\"inLanguage\":\"es\",\"potentialAction\":[{\"@type\":\"CommentAction\",\"name\":\"Comment\",\"target\":[\"https:\/\/tabernaculoprensadedios.com\/web\/hay-que-pelear-para-poseer-la-tierra\/#respond\"]}]},{\"@type\":\"WebPage\",\"@id\":\"https:\/\/tabernaculoprensadedios.com\/web\/hay-que-pelear-para-poseer-la-tierra\/\",\"url\":\"https:\/\/tabernaculoprensadedios.com\/web\/hay-que-pelear-para-poseer-la-tierra\/\",\"name\":\"Hay que pelear para poseer la tierra - Tabernaculo Prensa de Dios\",\"isPartOf\":{\"@id\":\"https:\/\/tabernaculoprensadedios.com\/web\/#website\"},\"primaryImageOfPage\":{\"@id\":\"https:\/\/tabernaculoprensadedios.com\/web\/hay-que-pelear-para-poseer-la-tierra\/#primaryimage\"},\"image\":{\"@id\":\"https:\/\/tabernaculoprensadedios.com\/web\/hay-que-pelear-para-poseer-la-tierra\/#primaryimage\"},\"thumbnailUrl\":\"https:\/\/tabernaculoprensadedios.com\/web\/wp-content\/uploads\/2025\/01\/jz34k6k_8-e.avif\",\"datePublished\":\"2025-01-18T01:01:32+00:00\",\"breadcrumb\":{\"@id\":\"https:\/\/tabernaculoprensadedios.com\/web\/hay-que-pelear-para-poseer-la-tierra\/#breadcrumb\"},\"inLanguage\":\"es\",\"potentialAction\":[{\"@type\":\"ReadAction\",\"target\":[\"https:\/\/tabernaculoprensadedios.com\/web\/hay-que-pelear-para-poseer-la-tierra\/\"]}]},{\"@type\":\"ImageObject\",\"inLanguage\":\"es\",\"@id\":\"https:\/\/tabernaculoprensadedios.com\/web\/hay-que-pelear-para-poseer-la-tierra\/#primaryimage\",\"url\":\"https:\/\/tabernaculoprensadedios.com\/web\/wp-content\/uploads\/2025\/01\/jz34k6k_8-e.avif\",\"contentUrl\":\"https:\/\/tabernaculoprensadedios.com\/web\/wp-content\/uploads\/2025\/01\/jz34k6k_8-e.avif\",\"width\":800,\"height\":1200,\"caption\":\"poseer la tierra\"},{\"@type\":\"BreadcrumbList\",\"@id\":\"https:\/\/tabernaculoprensadedios.com\/web\/hay-que-pelear-para-poseer-la-tierra\/#breadcrumb\",\"itemListElement\":[{\"@type\":\"ListItem\",\"position\":1,\"name\":\"Portada\",\"item\":\"https:\/\/tabernaculoprensadedios.com\/web\/\"},{\"@type\":\"ListItem\",\"position\":2,\"name\":\"Hay que pelear para poseer la tierra\"}]},{\"@type\":\"WebSite\",\"@id\":\"https:\/\/tabernaculoprensadedios.com\/web\/#website\",\"url\":\"https:\/\/tabernaculoprensadedios.com\/web\/\",\"name\":\"Tabernaculo Prensa de Dios\",\"description\":\"Un medio a la manera de Dios\",\"publisher\":{\"@id\":\"https:\/\/tabernaculoprensadedios.com\/web\/#\/schema\/person\/bc0e069fef56b38e177db6f098ae0b6e\"},\"potentialAction\":[{\"@type\":\"SearchAction\",\"target\":{\"@type\":\"EntryPoint\",\"urlTemplate\":\"https:\/\/tabernaculoprensadedios.com\/web\/?s={search_term_string}\"},\"query-input\":{\"@type\":\"PropertyValueSpecification\",\"valueRequired\":true,\"valueName\":\"search_term_string\"}}],\"inLanguage\":\"es\"},{\"@type\":[\"Person\",\"Organization\"],\"@id\":\"https:\/\/tabernaculoprensadedios.com\/web\/#\/schema\/person\/bc0e069fef56b38e177db6f098ae0b6e\",\"name\":\"tabernaculo\",\"image\":{\"@type\":\"ImageObject\",\"inLanguage\":\"es\",\"@id\":\"https:\/\/tabernaculoprensadedios.com\/web\/#\/schema\/person\/image\/\",\"url\":\"https:\/\/tabernaculoprensadedios.com\/web\/wp-content\/uploads\/2015\/06\/login-logo1.png\",\"contentUrl\":\"https:\/\/tabernaculoprensadedios.com\/web\/wp-content\/uploads\/2015\/06\/login-logo1.png\",\"width\":300,\"height\":118,\"caption\":\"tabernaculo\"},\"logo\":{\"@id\":\"https:\/\/tabernaculoprensadedios.com\/web\/#\/schema\/person\/image\/\"},\"url\":\"https:\/\/tabernaculoprensadedios.com\/web\/author\/tabernaculo\/\"}]}<\/script>\n<!-- \/ Yoast SEO Premium plugin. -->","yoast_head_json":{"title":"Hay que pelear para poseer la tierra - Tabernaculo Prensa de Dios","robots":{"index":"index","follow":"follow","max-snippet":"max-snippet:-1","max-image-preview":"max-image-preview:large","max-video-preview":"max-video-preview:-1"},"canonical":"https:\/\/tabernaculoprensadedios.com\/web\/hay-que-pelear-para-poseer-la-tierra\/","og_locale":"es_ES","og_type":"article","og_title":"Hay que pelear para poseer la tierra","og_description":"Muchas veces, nosotros los cristianos creemos que simplemente porque Dios nos ha dicho que nos va a dar esto o lo otro, nos podemos sentar a esperar hasta que lo prometido llegue pasivamente a nosotros. Yo creo que hay que hacer esfuerzos; tenemos que hacer nuestra parte tambi\u00e9n. En el vers\u00edculo 17 de N\u00fameros 13 &hellip;","og_url":"https:\/\/tabernaculoprensadedios.com\/web\/hay-que-pelear-para-poseer-la-tierra\/","og_site_name":"Tabernaculo Prensa de Dios","article_published_time":"2025-01-18T01:01:32+00:00","og_image":[{"width":800,"height":1200,"url":"https:\/\/tabernaculoprensadedios.com\/web\/wp-content\/uploads\/2025\/01\/jz34k6k_8-e.avif","type":"image\/jpeg"}],"author":"tabernaculo","twitter_card":"summary_large_image","twitter_creator":"@PrensadeDios","twitter_site":"@PrensadeDios","twitter_misc":{"Escrito por":"tabernaculo","Tiempo de lectura":"4 minutos"},"schema":{"@context":"https:\/\/schema.org","@graph":[{"@type":"Article","@id":"https:\/\/tabernaculoprensadedios.com\/web\/hay-que-pelear-para-poseer-la-tierra\/#article","isPartOf":{"@id":"https:\/\/tabernaculoprensadedios.com\/web\/hay-que-pelear-para-poseer-la-tierra\/"},"author":{"name":"tabernaculo","@id":"https:\/\/tabernaculoprensadedios.com\/web\/#\/schema\/person\/bc0e069fef56b38e177db6f098ae0b6e"},"headline":"Hay que pelear para poseer la tierra","datePublished":"2025-01-18T01:01:32+00:00","mainEntityOfPage":{"@id":"https:\/\/tabernaculoprensadedios.com\/web\/hay-que-pelear-para-poseer-la-tierra\/"},"wordCount":668,"commentCount":0,"publisher":{"@id":"https:\/\/tabernaculoprensadedios.com\/web\/#\/schema\/person\/bc0e069fef56b38e177db6f098ae0b6e"},"image":{"@id":"https:\/\/tabernaculoprensadedios.com\/web\/hay-que-pelear-para-poseer-la-tierra\/#primaryimage"},"thumbnailUrl":"https:\/\/tabernaculoprensadedios.com\/web\/wp-content\/uploads\/2025\/01\/jz34k6k_8-e.avif","articleSection":["Articulos"],"inLanguage":"es","potentialAction":[{"@type":"CommentAction","name":"Comment","target":["https:\/\/tabernaculoprensadedios.com\/web\/hay-que-pelear-para-poseer-la-tierra\/#respond"]}]},{"@type":"WebPage","@id":"https:\/\/tabernaculoprensadedios.com\/web\/hay-que-pelear-para-poseer-la-tierra\/","url":"https:\/\/tabernaculoprensadedios.com\/web\/hay-que-pelear-para-poseer-la-tierra\/","name":"Hay que pelear para poseer la tierra - Tabernaculo Prensa de Dios","isPartOf":{"@id":"https:\/\/tabernaculoprensadedios.com\/web\/#website"},"primaryImageOfPage":{"@id":"https:\/\/tabernaculoprensadedios.com\/web\/hay-que-pelear-para-poseer-la-tierra\/#primaryimage"},"image":{"@id":"https:\/\/tabernaculoprensadedios.com\/web\/hay-que-pelear-para-poseer-la-tierra\/#primaryimage"},"thumbnailUrl":"https:\/\/tabernaculoprensadedios.com\/web\/wp-content\/uploads\/2025\/01\/jz34k6k_8-e.avif","datePublished":"2025-01-18T01:01:32+00:00","breadcrumb":{"@id":"https:\/\/tabernaculoprensadedios.com\/web\/hay-que-pelear-para-poseer-la-tierra\/#breadcrumb"},"inLanguage":"es","potentialAction":[{"@type":"ReadAction","target":["https:\/\/tabernaculoprensadedios.com\/web\/hay-que-pelear-para-poseer-la-tierra\/"]}]},{"@type":"ImageObject","inLanguage":"es","@id":"https:\/\/tabernaculoprensadedios.com\/web\/hay-que-pelear-para-poseer-la-tierra\/#primaryimage","url":"https:\/\/tabernaculoprensadedios.com\/web\/wp-content\/uploads\/2025\/01\/jz34k6k_8-e.avif","contentUrl":"https:\/\/tabernaculoprensadedios.com\/web\/wp-content\/uploads\/2025\/01\/jz34k6k_8-e.avif","width":800,"height":1200,"caption":"poseer la tierra"},{"@type":"BreadcrumbList","@id":"https:\/\/tabernaculoprensadedios.com\/web\/hay-que-pelear-para-poseer-la-tierra\/#breadcrumb","itemListElement":[{"@type":"ListItem","position":1,"name":"Portada","item":"https:\/\/tabernaculoprensadedios.com\/web\/"},{"@type":"ListItem","position":2,"name":"Hay que pelear para poseer la tierra"}]},{"@type":"WebSite","@id":"https:\/\/tabernaculoprensadedios.com\/web\/#website","url":"https:\/\/tabernaculoprensadedios.com\/web\/","name":"Tabernaculo Prensa de Dios","description":"Un medio a la manera de Dios","publisher":{"@id":"https:\/\/tabernaculoprensadedios.com\/web\/#\/schema\/person\/bc0e069fef56b38e177db6f098ae0b6e"},"potentialAction":[{"@type":"SearchAction","target":{"@type":"EntryPoint","urlTemplate":"https:\/\/tabernaculoprensadedios.com\/web\/?s={search_term_string}"},"query-input":{"@type":"PropertyValueSpecification","valueRequired":true,"valueName":"search_term_string"}}],"inLanguage":"es"},{"@type":["Person","Organization"],"@id":"https:\/\/tabernaculoprensadedios.com\/web\/#\/schema\/person\/bc0e069fef56b38e177db6f098ae0b6e","name":"tabernaculo","image":{"@type":"ImageObject","inLanguage":"es","@id":"https:\/\/tabernaculoprensadedios.com\/web\/#\/schema\/person\/image\/","url":"https:\/\/tabernaculoprensadedios.com\/web\/wp-content\/uploads\/2015\/06\/login-logo1.png","contentUrl":"https:\/\/tabernaculoprensadedios.com\/web\/wp-content\/uploads\/2015\/06\/login-logo1.png","width":300,"height":118,"caption":"tabernaculo"},"logo":{"@id":"https:\/\/tabernaculoprensadedios.com\/web\/#\/schema\/person\/image\/"},"url":"https:\/\/tabernaculoprensadedios.com\/web\/author\/tabernaculo\/"}]}},"_links":{"self":[{"href":"https:\/\/tabernaculoprensadedios.com\/web\/wp-json\/wp\/v2\/posts\/33531","targetHints":{"allow":["GET"]}}],"collection":[{"href":"https:\/\/tabernaculoprensadedios.com\/web\/wp-json\/wp\/v2\/posts"}],"about":[{"href":"https:\/\/tabernaculoprensadedios.com\/web\/wp-json\/wp\/v2\/types\/post"}],"author":[{"embeddable":true,"href":"https:\/\/tabernaculoprensadedios.com\/web\/wp-json\/wp\/v2\/users\/1"}],"replies":[{"embeddable":true,"href":"https:\/\/tabernaculoprensadedios.com\/web\/wp-json\/wp\/v2\/comments?post=33531"}],"version-history":[{"count":1,"href":"https:\/\/tabernaculoprensadedios.com\/web\/wp-json\/wp\/v2\/posts\/33531\/revisions"}],"predecessor-version":[{"id":33533,"href":"https:\/\/tabernaculoprensadedios.com\/web\/wp-json\/wp\/v2\/posts\/33531\/revisions\/33533"}],"wp:featuredmedia":[{"embeddable":true,"href":"https:\/\/tabernaculoprensadedios.com\/web\/wp-json\/wp\/v2\/media\/33532"}],"wp:attachment":[{"href":"https:\/\/tabernaculoprensadedios.com\/web\/wp-json\/wp\/v2\/media?parent=33531"}],"wp:term":[{"taxonomy":"category","embeddable":true,"href":"https:\/\/tabernaculoprensadedios.com\/web\/wp-json\/wp\/v2\/categories?post=33531"},{"taxonomy":"post_tag","embeddable":true,"href":"https:\/\/tabernaculoprensadedios.com\/web\/wp-json\/wp\/v2\/tags?post=33531"}],"curies":[{"name":"wp","href":"https:\/\/api.w.org\/{rel}","templated":true}]}}