{"id":33518,"date":"2025-01-17T15:23:52","date_gmt":"2025-01-17T15:23:52","guid":{"rendered":"https:\/\/tabernaculoprensadedios.com\/web\/?p=33518"},"modified":"2025-01-17T17:41:13","modified_gmt":"2025-01-17T17:41:13","slug":"dios-te-llama-a-vivir-con-valentia","status":"publish","type":"post","link":"https:\/\/tabernaculoprensadedios.com\/web\/dios-te-llama-a-vivir-con-valentia\/","title":{"rendered":"Dios te llama a vivir con valent\u00eda"},"content":{"rendered":"<p>Filipenses es la carta preferida de muchos cristianos porque uno de sus temas principales es el gozo en la vida del creyente. Sin embargo, pocas veces nos detenemos a estudiar en profundidad la naturaleza de las palabras del ap\u00f3stol Pablo, quien escribi\u00f3 esta carta desde la prisi\u00f3n, pero ten\u00eda la convicci\u00f3n de animar a los filipenses a propagar el evangelio con valor. \u00a1Nadie imaginar\u00eda cu\u00e1n contagiosa llegar\u00eda a ser la valent\u00eda con la que Dios dot\u00f3 a Pablo!<\/p>\n<p>Sobre este tema reflexiona el pastor y profesor de teolog\u00eda Joe Rigney en su libro Valent\u00eda: C\u00f3mo el evangelio crea fortaleza cristiana (Proyecto Nehem\u00edas, 2024). \u00c9l presenta a Pablo como un ejemplo vivo de valent\u00eda cristiana, junto a otros personajes de la Biblia que con sus vidas nos invitan a adoptar un coraz\u00f3n intr\u00e9pidamente sabio en medio de las pruebas. Rigney explica:<\/p>\n<p>Este es un peque\u00f1o libro sobre la valent\u00eda. Mi objetivo al escribirlo no es simplemente describir una virtud sino fomentarla. Y no una valent\u00eda cualquiera, sino una cristiana. Mi objetivo es que, al leer este libro, tu coraz\u00f3n sea fortalecido por la gracia para superar tus miedos y enfrentar los peligros que tienes ante ti con alegr\u00eda y gozo (p. 9).<\/p>\n<p>El pastor y profesor de teolog\u00eda Joe Rigney en su libro Valent\u00eda: C\u00f3mo el evangelio crea fortaleza cristiana (Proyecto Nehem\u00edas, 2024) presenta a Pablo como un ejemplo vivo de valent\u00eda cristiana, junto a otros personajes de la Biblia que con sus vidas nos invitan a adoptar un coraz\u00f3n intr\u00e9pidamente sabio en medio de las pruebas.<br \/>\nProyecto Nehem\u00edas. 94 p\u00e1ginas.<\/p>\n<p><strong>Un llamado a la intrepidez<br \/>\n<\/strong>La valent\u00eda b\u00edblica, como la presenta el autor, es una virtud que se enfrenta directamente al temor humano. Esta valent\u00eda no se da de manera natural en nosotros, sino que se trata de un fruto de nuestra relaci\u00f3n con Cristo (p. ej., 1 Jn 2:28).<\/p>\n<p>El autor de Valent\u00eda nos invita a considerar c\u00f3mo la valent\u00eda cristiana se basa en vivir con confianza plena en la obra de Cristo ante los desaf\u00edos de la vida, la cual nos equipa para no temer al hombre. El sacrificio de Jes\u00fas es el ejemplo m\u00e1ximo de obediencia y coraje, una obra que requer\u00eda no solo fortaleza f\u00edsica, sino una profunda confianza en hacer la voluntad del Padre.<\/p>\n<p>Esta perspectiva busca resonar profundamente en el lector, pues al apuntar hacia la cruz, presenta un inapelable llamado a imitar la valent\u00eda que Cristo mostr\u00f3.<\/p>\n<p><strong>Sombras que oscurecen la valent\u00eda<br \/>\n<\/strong>A pesar de tener estos ejemplos de valent\u00eda, la Biblia tambi\u00e9n habla de nuestras falencias. El autor se\u00f1ala con acierto que la valent\u00eda no siempre ha sido el sello caracter\u00edstico de la humanidad. De hecho, algunos de los momentos m\u00e1s sombr\u00edos en la narrativa b\u00edblica nos muestran c\u00f3mo el temor puede paralizar incluso a aquellos que han caminado con Dios.<\/p>\n<p>Ad\u00e1n, por ejemplo, eligi\u00f3 esconderse tras su pecado en lugar de enfrentarse a Dios con arrepentimiento y humildad. Aar\u00f3n, en el monte Sina\u00ed, cedi\u00f3 al miedo de los hombres al construir el becerro de oro, demostrando c\u00f3mo la presi\u00f3n externa puede socavar la obediencia a Dios. Con estos y otros ejemplos, Rigney nos invita a reflexionar sobre el peligro de dejar que el temor domine nuestras decisiones.<\/p>\n<p>El miedo y la cobard\u00eda no son pecados menores. La cobard\u00eda es una especie de rebeli\u00f3n, arraigada en la incredulidad y la dureza de coraz\u00f3n. Es contagiosa y, si no se controla, se propaga por toda una comunidad y derrite los corazones de todos sus miembros. Pero la valent\u00eda se propaga de la misma manera. Es contagiosa (p. 55).<\/p>\n<p>Estas historias nos sirven como advertencia y recordatorio de que la valent\u00eda es una virtud que debemos cultivar. Como bien ense\u00f1a Rigney, las fallas de la valent\u00eda subrayan la necesidad de depender plenamente de Dios (p. 46).<\/p>\n<p>No obstante, el autor no se limita a los ejemplos de hombres y mujeres en la Biblia, sino que tambi\u00e9n recurre a narrativas literarias y cinematogr\u00e1ficas populares, como la literatura de Las Cr\u00f3nicas de Narnia y pel\u00edculas como Gladiador. Estos relatos, usados a modo de ilustraci\u00f3n, enriquecen el mensaje de Valent\u00eda, ya que nos permiten ver c\u00f3mo la valent\u00eda y el coraje tambi\u00e9n se presentan en diferentes contextos culturales. Esto tambi\u00e9n nos ayuda a conectar con la cultura para mostrar que en Cristo vemos la verdadera valent\u00eda que debemos imitar.<br \/>\nNo temer\u00e9: mi confianza est\u00e1 en el Se\u00f1or.<\/p>\n<p>Rigney nos muestra de manera convincente que \u00abcualquiera que sea la forma que adopte, la verdadera valent\u00eda, cimentada en la esperanza en Dios, sometiendo los miedos internos y enfrentando los peligros externos, es algo extraordinario y hermoso\u00bb (p. 88).<\/p>\n<p>De hecho, \u00e9l culmina este libro evocando el c\u00e1ntico de David en el Salmo 27 y traza una correlaci\u00f3n entre David y Pablo. David pregunta: \u00ab\u00bfA qui\u00e9n temer\u00e9?\u00bb (v. 1) y Pablo responde: \u00abSi Dios est\u00e1 por nosotros, \u00bfqui\u00e9n estar\u00e1 contra nosotros?\u00bb (Ro 8:31). Esto nos recuerda que no debemos temer al ser humano. El mensaje central es claro: nuestra esperanza debe estar puesta en el Se\u00f1or, tal como concluye el Salmo 27.<\/p>\n<p>Recomiendo esta obra corta y edificante porque es una excelente herramienta para todo creyente que desee vivir la vida cristiana con coraje y audacia para la gloria del Se\u00f1or, en humildad y confianza ante \u00c9l. Sin duda, al leerla, nuestros corazones ser\u00e1n movidos a vivir con valent\u00eda la fe que profesamos.<\/p>\n","protected":false},"excerpt":{"rendered":"<p>Filipenses es la carta preferida de muchos cristianos porque uno de sus temas principales es el gozo en la vida del creyente. Sin embargo, pocas veces nos detenemos a estudiar en profundidad la naturaleza de las palabras del ap\u00f3stol Pablo, quien escribi\u00f3 esta carta desde la prisi\u00f3n, pero ten\u00eda la convicci\u00f3n de animar a los &hellip;<\/p>\n","protected":false},"author":1,"featured_media":33519,"comment_status":"open","ping_status":"open","sticky":false,"template":"","format":"standard","meta":{"footnotes":""},"categories":[34],"tags":[],"class_list":["post-33518","post","type-post","status-publish","format-standard","has-post-thumbnail","hentry","category-articulos"],"yoast_head":"<!-- This site is optimized with the Yoast SEO Premium plugin v24.2 (Yoast SEO v27.1.1) - https:\/\/yoast.com\/product\/yoast-seo-premium-wordpress\/ -->\n<title>Dios te llama a vivir con valent\u00eda - Tabernaculo Prensa de Dios<\/title>\n<meta name=\"description\" content=\"La valent\u00eda b\u00edblica, como la presenta el autor, es una virtud que se enfrenta directamente al temor humano. Esta valent\u00eda no se da de manera natural en nosotros, sino que se trata de un fruto de nuestra relaci\u00f3n con Cristo\" class=\"yoast-seo-meta-tag\" \/>\n<meta name=\"robots\" content=\"index, follow, max-snippet:-1, max-image-preview:large, max-video-preview:-1\" \/>\n<link rel=\"canonical\" href=\"https:\/\/tabernaculoprensadedios.com\/web\/dios-te-llama-a-vivir-con-valentia\/\" class=\"yoast-seo-meta-tag\" \/>\n<meta property=\"og:locale\" content=\"es_ES\" class=\"yoast-seo-meta-tag\" \/>\n<meta property=\"og:type\" content=\"article\" class=\"yoast-seo-meta-tag\" \/>\n<meta property=\"og:title\" content=\"Dios te llama a vivir con valent\u00eda\" class=\"yoast-seo-meta-tag\" \/>\n<meta property=\"og:description\" content=\"La valent\u00eda b\u00edblica, como la presenta el autor, es una virtud que se enfrenta directamente al temor humano. Esta valent\u00eda no se da de manera natural en nosotros, sino que se trata de un fruto de nuestra relaci\u00f3n con Cristo\" class=\"yoast-seo-meta-tag\" \/>\n<meta property=\"og:url\" content=\"https:\/\/tabernaculoprensadedios.com\/web\/dios-te-llama-a-vivir-con-valentia\/\" class=\"yoast-seo-meta-tag\" \/>\n<meta property=\"og:site_name\" content=\"Tabernaculo Prensa de Dios\" class=\"yoast-seo-meta-tag\" \/>\n<meta property=\"article:published_time\" content=\"2025-01-17T15:23:52+00:00\" class=\"yoast-seo-meta-tag\" \/>\n<meta property=\"article:modified_time\" content=\"2025-01-17T17:41:13+00:00\" class=\"yoast-seo-meta-tag\" \/>\n<meta property=\"og:image\" content=\"https:\/\/tabernaculoprensadedios.com\/web\/wp-content\/uploads\/2025\/01\/dsiyg_6406g.avif\" class=\"yoast-seo-meta-tag\" \/>\n\t<meta property=\"og:image:width\" content=\"1600\" class=\"yoast-seo-meta-tag\" \/>\n\t<meta property=\"og:image:height\" content=\"1067\" class=\"yoast-seo-meta-tag\" \/>\n\t<meta property=\"og:image:type\" content=\"image\/jpeg\" class=\"yoast-seo-meta-tag\" \/>\n<meta name=\"author\" content=\"tabernaculo\" class=\"yoast-seo-meta-tag\" \/>\n<meta name=\"twitter:card\" content=\"summary_large_image\" class=\"yoast-seo-meta-tag\" \/>\n<meta name=\"twitter:creator\" content=\"@PrensadeDios\" class=\"yoast-seo-meta-tag\" \/>\n<meta name=\"twitter:site\" content=\"@PrensadeDios\" class=\"yoast-seo-meta-tag\" \/>\n<meta name=\"twitter:label1\" content=\"Escrito por\" class=\"yoast-seo-meta-tag\" \/>\n\t<meta name=\"twitter:data1\" content=\"tabernaculo\" class=\"yoast-seo-meta-tag\" \/>\n\t<meta name=\"twitter:label2\" content=\"Tiempo de lectura\" class=\"yoast-seo-meta-tag\" \/>\n\t<meta name=\"twitter:data2\" content=\"5 minutos\" class=\"yoast-seo-meta-tag\" \/>\n<script type=\"application\/ld+json\" class=\"yoast-schema-graph\">{\"@context\":\"https:\/\/schema.org\",\"@graph\":[{\"@type\":\"Article\",\"@id\":\"https:\/\/tabernaculoprensadedios.com\/web\/dios-te-llama-a-vivir-con-valentia\/#article\",\"isPartOf\":{\"@id\":\"https:\/\/tabernaculoprensadedios.com\/web\/dios-te-llama-a-vivir-con-valentia\/\"},\"author\":{\"name\":\"tabernaculo\",\"@id\":\"https:\/\/tabernaculoprensadedios.com\/web\/#\/schema\/person\/bc0e069fef56b38e177db6f098ae0b6e\"},\"headline\":\"Dios te llama a vivir con valent\u00eda\",\"datePublished\":\"2025-01-17T15:23:52+00:00\",\"dateModified\":\"2025-01-17T17:41:13+00:00\",\"mainEntityOfPage\":{\"@id\":\"https:\/\/tabernaculoprensadedios.com\/web\/dios-te-llama-a-vivir-con-valentia\/\"},\"wordCount\":973,\"commentCount\":0,\"publisher\":{\"@id\":\"https:\/\/tabernaculoprensadedios.com\/web\/#\/schema\/person\/bc0e069fef56b38e177db6f098ae0b6e\"},\"image\":{\"@id\":\"https:\/\/tabernaculoprensadedios.com\/web\/dios-te-llama-a-vivir-con-valentia\/#primaryimage\"},\"thumbnailUrl\":\"https:\/\/tabernaculoprensadedios.com\/web\/wp-content\/uploads\/2025\/01\/dsiyg_6406g.avif\",\"articleSection\":[\"Articulos\"],\"inLanguage\":\"es\",\"potentialAction\":[{\"@type\":\"CommentAction\",\"name\":\"Comment\",\"target\":[\"https:\/\/tabernaculoprensadedios.com\/web\/dios-te-llama-a-vivir-con-valentia\/#respond\"]}]},{\"@type\":\"WebPage\",\"@id\":\"https:\/\/tabernaculoprensadedios.com\/web\/dios-te-llama-a-vivir-con-valentia\/\",\"url\":\"https:\/\/tabernaculoprensadedios.com\/web\/dios-te-llama-a-vivir-con-valentia\/\",\"name\":\"Dios te llama a vivir con valent\u00eda - Tabernaculo Prensa de Dios\",\"isPartOf\":{\"@id\":\"https:\/\/tabernaculoprensadedios.com\/web\/#website\"},\"primaryImageOfPage\":{\"@id\":\"https:\/\/tabernaculoprensadedios.com\/web\/dios-te-llama-a-vivir-con-valentia\/#primaryimage\"},\"image\":{\"@id\":\"https:\/\/tabernaculoprensadedios.com\/web\/dios-te-llama-a-vivir-con-valentia\/#primaryimage\"},\"thumbnailUrl\":\"https:\/\/tabernaculoprensadedios.com\/web\/wp-content\/uploads\/2025\/01\/dsiyg_6406g.avif\",\"datePublished\":\"2025-01-17T15:23:52+00:00\",\"dateModified\":\"2025-01-17T17:41:13+00:00\",\"description\":\"La valent\u00eda b\u00edblica, como la presenta el autor, es una virtud que se enfrenta directamente al temor humano. Esta valent\u00eda no se da de manera natural en nosotros, sino que se trata de un fruto de nuestra relaci\u00f3n con Cristo\",\"breadcrumb\":{\"@id\":\"https:\/\/tabernaculoprensadedios.com\/web\/dios-te-llama-a-vivir-con-valentia\/#breadcrumb\"},\"inLanguage\":\"es\",\"potentialAction\":[{\"@type\":\"ReadAction\",\"target\":[\"https:\/\/tabernaculoprensadedios.com\/web\/dios-te-llama-a-vivir-con-valentia\/\"]}]},{\"@type\":\"ImageObject\",\"inLanguage\":\"es\",\"@id\":\"https:\/\/tabernaculoprensadedios.com\/web\/dios-te-llama-a-vivir-con-valentia\/#primaryimage\",\"url\":\"https:\/\/tabernaculoprensadedios.com\/web\/wp-content\/uploads\/2025\/01\/dsiyg_6406g.avif\",\"contentUrl\":\"https:\/\/tabernaculoprensadedios.com\/web\/wp-content\/uploads\/2025\/01\/dsiyg_6406g.avif\",\"width\":1600,\"height\":1067},{\"@type\":\"BreadcrumbList\",\"@id\":\"https:\/\/tabernaculoprensadedios.com\/web\/dios-te-llama-a-vivir-con-valentia\/#breadcrumb\",\"itemListElement\":[{\"@type\":\"ListItem\",\"position\":1,\"name\":\"Portada\",\"item\":\"https:\/\/tabernaculoprensadedios.com\/web\/\"},{\"@type\":\"ListItem\",\"position\":2,\"name\":\"Dios te llama a vivir con valent\u00eda\"}]},{\"@type\":\"WebSite\",\"@id\":\"https:\/\/tabernaculoprensadedios.com\/web\/#website\",\"url\":\"https:\/\/tabernaculoprensadedios.com\/web\/\",\"name\":\"Tabernaculo Prensa de Dios\",\"description\":\"Un medio a la manera de Dios\",\"publisher\":{\"@id\":\"https:\/\/tabernaculoprensadedios.com\/web\/#\/schema\/person\/bc0e069fef56b38e177db6f098ae0b6e\"},\"potentialAction\":[{\"@type\":\"SearchAction\",\"target\":{\"@type\":\"EntryPoint\",\"urlTemplate\":\"https:\/\/tabernaculoprensadedios.com\/web\/?s={search_term_string}\"},\"query-input\":{\"@type\":\"PropertyValueSpecification\",\"valueRequired\":true,\"valueName\":\"search_term_string\"}}],\"inLanguage\":\"es\"},{\"@type\":[\"Person\",\"Organization\"],\"@id\":\"https:\/\/tabernaculoprensadedios.com\/web\/#\/schema\/person\/bc0e069fef56b38e177db6f098ae0b6e\",\"name\":\"tabernaculo\",\"image\":{\"@type\":\"ImageObject\",\"inLanguage\":\"es\",\"@id\":\"https:\/\/tabernaculoprensadedios.com\/web\/#\/schema\/person\/image\/\",\"url\":\"https:\/\/tabernaculoprensadedios.com\/web\/wp-content\/uploads\/2015\/06\/login-logo1.png\",\"contentUrl\":\"https:\/\/tabernaculoprensadedios.com\/web\/wp-content\/uploads\/2015\/06\/login-logo1.png\",\"width\":300,\"height\":118,\"caption\":\"tabernaculo\"},\"logo\":{\"@id\":\"https:\/\/tabernaculoprensadedios.com\/web\/#\/schema\/person\/image\/\"},\"url\":\"https:\/\/tabernaculoprensadedios.com\/web\/author\/tabernaculo\/\"}]}<\/script>\n<!-- \/ Yoast SEO Premium plugin. -->","yoast_head_json":{"title":"Dios te llama a vivir con valent\u00eda - Tabernaculo Prensa de Dios","description":"La valent\u00eda b\u00edblica, como la presenta el autor, es una virtud que se enfrenta directamente al temor humano. Esta valent\u00eda no se da de manera natural en nosotros, sino que se trata de un fruto de nuestra relaci\u00f3n con Cristo","robots":{"index":"index","follow":"follow","max-snippet":"max-snippet:-1","max-image-preview":"max-image-preview:large","max-video-preview":"max-video-preview:-1"},"canonical":"https:\/\/tabernaculoprensadedios.com\/web\/dios-te-llama-a-vivir-con-valentia\/","og_locale":"es_ES","og_type":"article","og_title":"Dios te llama a vivir con valent\u00eda","og_description":"La valent\u00eda b\u00edblica, como la presenta el autor, es una virtud que se enfrenta directamente al temor humano. Esta valent\u00eda no se da de manera natural en nosotros, sino que se trata de un fruto de nuestra relaci\u00f3n con Cristo","og_url":"https:\/\/tabernaculoprensadedios.com\/web\/dios-te-llama-a-vivir-con-valentia\/","og_site_name":"Tabernaculo Prensa de Dios","article_published_time":"2025-01-17T15:23:52+00:00","article_modified_time":"2025-01-17T17:41:13+00:00","og_image":[{"width":1600,"height":1067,"url":"https:\/\/tabernaculoprensadedios.com\/web\/wp-content\/uploads\/2025\/01\/dsiyg_6406g.avif","type":"image\/jpeg"}],"author":"tabernaculo","twitter_card":"summary_large_image","twitter_creator":"@PrensadeDios","twitter_site":"@PrensadeDios","twitter_misc":{"Escrito por":"tabernaculo","Tiempo de lectura":"5 minutos"},"schema":{"@context":"https:\/\/schema.org","@graph":[{"@type":"Article","@id":"https:\/\/tabernaculoprensadedios.com\/web\/dios-te-llama-a-vivir-con-valentia\/#article","isPartOf":{"@id":"https:\/\/tabernaculoprensadedios.com\/web\/dios-te-llama-a-vivir-con-valentia\/"},"author":{"name":"tabernaculo","@id":"https:\/\/tabernaculoprensadedios.com\/web\/#\/schema\/person\/bc0e069fef56b38e177db6f098ae0b6e"},"headline":"Dios te llama a vivir con valent\u00eda","datePublished":"2025-01-17T15:23:52+00:00","dateModified":"2025-01-17T17:41:13+00:00","mainEntityOfPage":{"@id":"https:\/\/tabernaculoprensadedios.com\/web\/dios-te-llama-a-vivir-con-valentia\/"},"wordCount":973,"commentCount":0,"publisher":{"@id":"https:\/\/tabernaculoprensadedios.com\/web\/#\/schema\/person\/bc0e069fef56b38e177db6f098ae0b6e"},"image":{"@id":"https:\/\/tabernaculoprensadedios.com\/web\/dios-te-llama-a-vivir-con-valentia\/#primaryimage"},"thumbnailUrl":"https:\/\/tabernaculoprensadedios.com\/web\/wp-content\/uploads\/2025\/01\/dsiyg_6406g.avif","articleSection":["Articulos"],"inLanguage":"es","potentialAction":[{"@type":"CommentAction","name":"Comment","target":["https:\/\/tabernaculoprensadedios.com\/web\/dios-te-llama-a-vivir-con-valentia\/#respond"]}]},{"@type":"WebPage","@id":"https:\/\/tabernaculoprensadedios.com\/web\/dios-te-llama-a-vivir-con-valentia\/","url":"https:\/\/tabernaculoprensadedios.com\/web\/dios-te-llama-a-vivir-con-valentia\/","name":"Dios te llama a vivir con valent\u00eda - Tabernaculo Prensa de Dios","isPartOf":{"@id":"https:\/\/tabernaculoprensadedios.com\/web\/#website"},"primaryImageOfPage":{"@id":"https:\/\/tabernaculoprensadedios.com\/web\/dios-te-llama-a-vivir-con-valentia\/#primaryimage"},"image":{"@id":"https:\/\/tabernaculoprensadedios.com\/web\/dios-te-llama-a-vivir-con-valentia\/#primaryimage"},"thumbnailUrl":"https:\/\/tabernaculoprensadedios.com\/web\/wp-content\/uploads\/2025\/01\/dsiyg_6406g.avif","datePublished":"2025-01-17T15:23:52+00:00","dateModified":"2025-01-17T17:41:13+00:00","description":"La valent\u00eda b\u00edblica, como la presenta el autor, es una virtud que se enfrenta directamente al temor humano. Esta valent\u00eda no se da de manera natural en nosotros, sino que se trata de un fruto de nuestra relaci\u00f3n con Cristo","breadcrumb":{"@id":"https:\/\/tabernaculoprensadedios.com\/web\/dios-te-llama-a-vivir-con-valentia\/#breadcrumb"},"inLanguage":"es","potentialAction":[{"@type":"ReadAction","target":["https:\/\/tabernaculoprensadedios.com\/web\/dios-te-llama-a-vivir-con-valentia\/"]}]},{"@type":"ImageObject","inLanguage":"es","@id":"https:\/\/tabernaculoprensadedios.com\/web\/dios-te-llama-a-vivir-con-valentia\/#primaryimage","url":"https:\/\/tabernaculoprensadedios.com\/web\/wp-content\/uploads\/2025\/01\/dsiyg_6406g.avif","contentUrl":"https:\/\/tabernaculoprensadedios.com\/web\/wp-content\/uploads\/2025\/01\/dsiyg_6406g.avif","width":1600,"height":1067},{"@type":"BreadcrumbList","@id":"https:\/\/tabernaculoprensadedios.com\/web\/dios-te-llama-a-vivir-con-valentia\/#breadcrumb","itemListElement":[{"@type":"ListItem","position":1,"name":"Portada","item":"https:\/\/tabernaculoprensadedios.com\/web\/"},{"@type":"ListItem","position":2,"name":"Dios te llama a vivir con valent\u00eda"}]},{"@type":"WebSite","@id":"https:\/\/tabernaculoprensadedios.com\/web\/#website","url":"https:\/\/tabernaculoprensadedios.com\/web\/","name":"Tabernaculo Prensa de Dios","description":"Un medio a la manera de Dios","publisher":{"@id":"https:\/\/tabernaculoprensadedios.com\/web\/#\/schema\/person\/bc0e069fef56b38e177db6f098ae0b6e"},"potentialAction":[{"@type":"SearchAction","target":{"@type":"EntryPoint","urlTemplate":"https:\/\/tabernaculoprensadedios.com\/web\/?s={search_term_string}"},"query-input":{"@type":"PropertyValueSpecification","valueRequired":true,"valueName":"search_term_string"}}],"inLanguage":"es"},{"@type":["Person","Organization"],"@id":"https:\/\/tabernaculoprensadedios.com\/web\/#\/schema\/person\/bc0e069fef56b38e177db6f098ae0b6e","name":"tabernaculo","image":{"@type":"ImageObject","inLanguage":"es","@id":"https:\/\/tabernaculoprensadedios.com\/web\/#\/schema\/person\/image\/","url":"https:\/\/tabernaculoprensadedios.com\/web\/wp-content\/uploads\/2015\/06\/login-logo1.png","contentUrl":"https:\/\/tabernaculoprensadedios.com\/web\/wp-content\/uploads\/2015\/06\/login-logo1.png","width":300,"height":118,"caption":"tabernaculo"},"logo":{"@id":"https:\/\/tabernaculoprensadedios.com\/web\/#\/schema\/person\/image\/"},"url":"https:\/\/tabernaculoprensadedios.com\/web\/author\/tabernaculo\/"}]}},"_links":{"self":[{"href":"https:\/\/tabernaculoprensadedios.com\/web\/wp-json\/wp\/v2\/posts\/33518","targetHints":{"allow":["GET"]}}],"collection":[{"href":"https:\/\/tabernaculoprensadedios.com\/web\/wp-json\/wp\/v2\/posts"}],"about":[{"href":"https:\/\/tabernaculoprensadedios.com\/web\/wp-json\/wp\/v2\/types\/post"}],"author":[{"embeddable":true,"href":"https:\/\/tabernaculoprensadedios.com\/web\/wp-json\/wp\/v2\/users\/1"}],"replies":[{"embeddable":true,"href":"https:\/\/tabernaculoprensadedios.com\/web\/wp-json\/wp\/v2\/comments?post=33518"}],"version-history":[{"count":2,"href":"https:\/\/tabernaculoprensadedios.com\/web\/wp-json\/wp\/v2\/posts\/33518\/revisions"}],"predecessor-version":[{"id":33521,"href":"https:\/\/tabernaculoprensadedios.com\/web\/wp-json\/wp\/v2\/posts\/33518\/revisions\/33521"}],"wp:featuredmedia":[{"embeddable":true,"href":"https:\/\/tabernaculoprensadedios.com\/web\/wp-json\/wp\/v2\/media\/33519"}],"wp:attachment":[{"href":"https:\/\/tabernaculoprensadedios.com\/web\/wp-json\/wp\/v2\/media?parent=33518"}],"wp:term":[{"taxonomy":"category","embeddable":true,"href":"https:\/\/tabernaculoprensadedios.com\/web\/wp-json\/wp\/v2\/categories?post=33518"},{"taxonomy":"post_tag","embeddable":true,"href":"https:\/\/tabernaculoprensadedios.com\/web\/wp-json\/wp\/v2\/tags?post=33518"}],"curies":[{"name":"wp","href":"https:\/\/api.w.org\/{rel}","templated":true}]}}