{"id":33500,"date":"2025-01-16T02:29:16","date_gmt":"2025-01-16T02:29:16","guid":{"rendered":"https:\/\/tabernaculoprensadedios.com\/web\/?p=33500"},"modified":"2025-01-16T02:29:16","modified_gmt":"2025-01-16T02:29:16","slug":"el-dios-de-la-verdad-y-el-olvido-del-pasado","status":"publish","type":"post","link":"https:\/\/tabernaculoprensadedios.com\/web\/el-dios-de-la-verdad-y-el-olvido-del-pasado\/","title":{"rendered":"El Dios de la Verdad y el Olvido del Pasado"},"content":{"rendered":"<p><em><strong>Cualquiera que en el pa\u00eds invoque una bendici\u00f3n, lo har\u00e1 por el Dios de la verdad; y cualquiera que jure en esta tierra, lo har\u00e1 por el Dios de la verdad. Las angustias del pasado quedar\u00e1n en el olvido, ocultas ante mis ojos. Isa\u00edas 65:16<\/strong><\/em><\/p>\n<p>La palabra<strong> \u00abinvocar\u00bb implica dos cosas: Hacer una petici\u00f3n ferviente o solicitar algo y poner en efecto u operaci\u00f3n, implementar. Es tambi\u00e9n la palabra hebrea \u201cqar\u00e1\u201d que significa llamar, clamar, recitar, leer, gritar, proclamar.<\/strong> Con esto en mente, lee esta escritura de nuevo:<\/p>\n<p>Isa\u00edas 65:16 NVI Cualquiera que en el pa\u00eds invoque una bendici\u00f3n, lo har\u00e1 por el Dios de la verdad; y cualquiera que jure en esta tierra, lo har\u00e1 por el Dios de la verdad. Las angustias del pasado quedar\u00e1n en el olvido, ocultas ante mis ojos.<\/p>\n<p>Cuando hablas de la bendici\u00f3n de Dios sobre tu vida, est\u00e1s haciendo una petici\u00f3n ferviente, una proclamaci\u00f3n y solicitando. Y tambi\u00e9n est\u00e1s poni\u00e9ndola por obra porque Su Palabra no regresa vac\u00eda (Isa\u00edas 55:11). Por eso Dios le dijo a Mois\u00e9s que bendijera a los israelitas con estas palabras: \u201cEl Se\u00f1or te bendiga y te guarde; el Se\u00f1or haga resplandecer Su rostro sobre ti, y tenga de ti misericordia; el Se\u00f1or alce Su rostro sobre ti, y ponga en ti paz\u201d (N\u00fameros 6:24-26). Luego, Dios a\u00f1adi\u00f3: \u201cY Yo los bendecir\u00e9\u201d<\/p>\n<p>Ahora puedes entender por qu\u00e9 hablar la Palabra de Dios sobre tu vida puede cambiar las cosas para bien y por qu\u00e9 la Biblia dice: \u201cLa muerte y la vida est\u00e1n en poder de la lengua\u201d (Proverbios 18:21). As\u00ed que la palabra para ti hoy es: \u00a1Invoca la bendici\u00f3n de Dios sobre tu vida! Estamos en nuestro d\u00eda 10 en Su Presencia, no importa qu\u00e9 tipo de ayuno escogiste o si solo has estado buscando su rostro en oraci\u00f3n. Dios no desprecia al coraz\u00f3n contrito y humillado.<\/p>\n<p><strong>DIA 10 EN SU PRESENCIA<br \/>\n<\/strong>LECTURAS B\u00cdBLICAS: Isa\u00edas 65:16-25, Romanos 10:5-12, Jerem\u00edas 1:9-12 &#8211; La promesa est\u00e1 hablando; es tuya para que la guardes, la declares y la proclames. \u00a1Sigue adelante! Declaro sobre ti que es tiempo de avanzar hacia lo que Dios te ha mostrado. Hay cielos abiertos sobre ti, y aun ahora hay un cambio en tu percepci\u00f3n y una nueva luz que ilumina tu camino para revelar los pr\u00f3ximos pasos.<\/p>\n<p><strong>PROCLAMEMOS JUNTOS<br \/>\n<\/strong>Entrar\u00e9 por la puerta del 2025 con acci\u00f3n de gracias y por sus atrios con alabanza. Se\u00f1or Dios, entramos en tus atrios celestiales con alabanza por los resultados victoriosos del 2025. (Salmos 100.4)<\/p>\n<p>Proclamamos que caminemos en fe mientras nos gu\u00edas por Tu Esp\u00edritu, confiando y obedeciendo Tu voz, declarando Tu autoridad sobre todas las obras del enemigo. Nos aferramos a Tu fe, porque T\u00fa eres el autor y consumador de la nuestra. (Hebreos 12:2)<\/p>\n<p>Te buscaremos con todo nuestro coraz\u00f3n y recibiremos revelaci\u00f3n divina y estrategias para los d\u00edas venideros. Llevaremos Tu luz y Tu voz a la tierra y veremos Tu Reino venir, as\u00ed como en el cielo. (Jerem\u00edas 29:13)<\/p>\n<p>Hablaremos la verdad en amor, nos moveremos en Tu voluntad y realizaremos las obras mayores que declaraste que har\u00edamos. Daremos honor a Tu Nombre. (Efesios 4:15-16)<\/p>\n<p>Reprendemos el temor y todo ataque del enemigo, y caminaremos en paz divina, porque T\u00fa eres Se\u00f1or de se\u00f1ores y Rey de reyes. Te daremos pleno dominio en nuestras vidas y veremos Tu gobierno crecer en nosotros y a trav\u00e9s de nosotros. Recibiremos todas las promesas que nos has dado por medio de Tu Pacto eterno y ya no nos conformamos con las cosas menores. (Santiago 4:7)<\/p>\n<p>Atesoraremos las preciosas vidas con las que nos has bendecido: nuestra familia, amigos y aquellos con quienes estamos en comuni\u00f3n divina como miembros de Tu Cuerpo, incluso aquellos que a\u00fan no se han dado cuenta de ello. Declaramos que los veremos como T\u00fa los has creado con prop\u00f3sito y llamaremos a existencia lo que a\u00fan no es, como si ya fuera. (Romanos 4:17)<\/p>\n<p>Proclamamos que diremos s\u00ed y caminemos en obediencia a Tu voz. Llevaremos cautivo todo pensamiento que no provenga de Ti, usando las armas de guerra que nos has dado. Estamos equipados para la batalla, pero descansaremos en Tu obra terminada. Pedimos discernimiento para estar alertas y listos; llenos y desbordando de Tu Esp\u00edritu, preparados para derramar lo que nos has dado. (2 Corintios 10:5)<\/p>\n<p>Proclamamos que somos Uno contigo en Tu gloria, y desde este lugar de unidad viviremos y nos moveremos, porque T\u00fa eres nuestro lugar de morada, y nosotros somos Tuyos. (Juan 17:21.23)<\/p>\n<p>Proclamamos y declaramos que esta tierra es Tuya y su plenitud, y caminaremos con valent\u00eda para poseer la tierra a donde nos env\u00edes. En el Nombre Poderoso de Jes\u00fas, oramos. AM\u00c9N. (Salmos 24:1-5) (Proclamaciones prof\u00e9ticas de Alane Haynes)<\/p>\n<p>Con amor y oraciones,<\/p>\n","protected":false},"excerpt":{"rendered":"<p>Cualquiera que en el pa\u00eds invoque una bendici\u00f3n, lo har\u00e1 por el Dios de la verdad; y cualquiera que jure en esta tierra, lo har\u00e1 por el Dios de la verdad. Las angustias del pasado quedar\u00e1n en el olvido, ocultas ante mis ojos. Isa\u00edas 65:16 La palabra \u00abinvocar\u00bb implica dos cosas: Hacer una petici\u00f3n ferviente &hellip;<\/p>\n","protected":false},"author":1,"featured_media":33501,"comment_status":"open","ping_status":"open","sticky":false,"template":"","format":"standard","meta":{"footnotes":""},"categories":[38],"tags":[],"class_list":["post-33500","post","type-post","status-publish","format-standard","has-post-thumbnail","hentry","category-principal"],"yoast_head":"<!-- This site is optimized with the Yoast SEO Premium plugin v24.2 (Yoast SEO v27.1.1) - https:\/\/yoast.com\/product\/yoast-seo-premium-wordpress\/ -->\n<title>El Dios de la Verdad y el Olvido del Pasado - Tabernaculo Prensa de Dios<\/title>\n<meta name=\"robots\" content=\"index, follow, max-snippet:-1, max-image-preview:large, max-video-preview:-1\" \/>\n<link rel=\"canonical\" href=\"https:\/\/tabernaculoprensadedios.com\/web\/el-dios-de-la-verdad-y-el-olvido-del-pasado\/\" class=\"yoast-seo-meta-tag\" \/>\n<meta property=\"og:locale\" content=\"es_ES\" class=\"yoast-seo-meta-tag\" \/>\n<meta property=\"og:type\" content=\"article\" class=\"yoast-seo-meta-tag\" \/>\n<meta property=\"og:title\" content=\"El Dios de la Verdad y el Olvido del Pasado\" class=\"yoast-seo-meta-tag\" \/>\n<meta property=\"og:description\" content=\"Cualquiera que en el pa\u00eds invoque una bendici\u00f3n, lo har\u00e1 por el Dios de la verdad; y cualquiera que jure en esta tierra, lo har\u00e1 por el Dios de la verdad. Las angustias del pasado quedar\u00e1n en el olvido, ocultas ante mis ojos. Isa\u00edas 65:16 La palabra \u00abinvocar\u00bb implica dos cosas: Hacer una petici\u00f3n ferviente &hellip;\" class=\"yoast-seo-meta-tag\" \/>\n<meta property=\"og:url\" content=\"https:\/\/tabernaculoprensadedios.com\/web\/el-dios-de-la-verdad-y-el-olvido-del-pasado\/\" class=\"yoast-seo-meta-tag\" \/>\n<meta property=\"og:site_name\" content=\"Tabernaculo Prensa de Dios\" class=\"yoast-seo-meta-tag\" \/>\n<meta property=\"article:published_time\" content=\"2025-01-16T02:29:16+00:00\" class=\"yoast-seo-meta-tag\" \/>\n<meta property=\"og:image\" content=\"https:\/\/tabernaculoprensadedios.com\/web\/wp-content\/uploads\/2025\/01\/2430572.avif\" class=\"yoast-seo-meta-tag\" \/>\n\t<meta property=\"og:image:width\" content=\"1280\" class=\"yoast-seo-meta-tag\" \/>\n\t<meta property=\"og:image:height\" content=\"842\" class=\"yoast-seo-meta-tag\" \/>\n\t<meta property=\"og:image:type\" content=\"image\/jpeg\" class=\"yoast-seo-meta-tag\" \/>\n<meta name=\"author\" content=\"tabernaculo\" class=\"yoast-seo-meta-tag\" \/>\n<meta name=\"twitter:card\" content=\"summary_large_image\" class=\"yoast-seo-meta-tag\" \/>\n<meta name=\"twitter:creator\" content=\"@PrensadeDios\" class=\"yoast-seo-meta-tag\" \/>\n<meta name=\"twitter:site\" content=\"@PrensadeDios\" class=\"yoast-seo-meta-tag\" \/>\n<meta name=\"twitter:label1\" content=\"Escrito por\" class=\"yoast-seo-meta-tag\" \/>\n\t<meta name=\"twitter:data1\" content=\"tabernaculo\" class=\"yoast-seo-meta-tag\" \/>\n\t<meta name=\"twitter:label2\" content=\"Tiempo de lectura\" class=\"yoast-seo-meta-tag\" \/>\n\t<meta name=\"twitter:data2\" content=\"4 minutos\" class=\"yoast-seo-meta-tag\" \/>\n<script type=\"application\/ld+json\" class=\"yoast-schema-graph\">{\"@context\":\"https:\/\/schema.org\",\"@graph\":[{\"@type\":\"Article\",\"@id\":\"https:\/\/tabernaculoprensadedios.com\/web\/el-dios-de-la-verdad-y-el-olvido-del-pasado\/#article\",\"isPartOf\":{\"@id\":\"https:\/\/tabernaculoprensadedios.com\/web\/el-dios-de-la-verdad-y-el-olvido-del-pasado\/\"},\"author\":{\"name\":\"tabernaculo\",\"@id\":\"https:\/\/tabernaculoprensadedios.com\/web\/#\/schema\/person\/bc0e069fef56b38e177db6f098ae0b6e\"},\"headline\":\"El Dios de la Verdad y el Olvido del Pasado\",\"datePublished\":\"2025-01-16T02:29:16+00:00\",\"mainEntityOfPage\":{\"@id\":\"https:\/\/tabernaculoprensadedios.com\/web\/el-dios-de-la-verdad-y-el-olvido-del-pasado\/\"},\"wordCount\":842,\"commentCount\":0,\"publisher\":{\"@id\":\"https:\/\/tabernaculoprensadedios.com\/web\/#\/schema\/person\/bc0e069fef56b38e177db6f098ae0b6e\"},\"image\":{\"@id\":\"https:\/\/tabernaculoprensadedios.com\/web\/el-dios-de-la-verdad-y-el-olvido-del-pasado\/#primaryimage\"},\"thumbnailUrl\":\"https:\/\/tabernaculoprensadedios.com\/web\/wp-content\/uploads\/2025\/01\/2430572.avif\",\"articleSection\":[\"Principal\"],\"inLanguage\":\"es\",\"potentialAction\":[{\"@type\":\"CommentAction\",\"name\":\"Comment\",\"target\":[\"https:\/\/tabernaculoprensadedios.com\/web\/el-dios-de-la-verdad-y-el-olvido-del-pasado\/#respond\"]}]},{\"@type\":\"WebPage\",\"@id\":\"https:\/\/tabernaculoprensadedios.com\/web\/el-dios-de-la-verdad-y-el-olvido-del-pasado\/\",\"url\":\"https:\/\/tabernaculoprensadedios.com\/web\/el-dios-de-la-verdad-y-el-olvido-del-pasado\/\",\"name\":\"El Dios de la Verdad y el Olvido del Pasado - Tabernaculo Prensa de Dios\",\"isPartOf\":{\"@id\":\"https:\/\/tabernaculoprensadedios.com\/web\/#website\"},\"primaryImageOfPage\":{\"@id\":\"https:\/\/tabernaculoprensadedios.com\/web\/el-dios-de-la-verdad-y-el-olvido-del-pasado\/#primaryimage\"},\"image\":{\"@id\":\"https:\/\/tabernaculoprensadedios.com\/web\/el-dios-de-la-verdad-y-el-olvido-del-pasado\/#primaryimage\"},\"thumbnailUrl\":\"https:\/\/tabernaculoprensadedios.com\/web\/wp-content\/uploads\/2025\/01\/2430572.avif\",\"datePublished\":\"2025-01-16T02:29:16+00:00\",\"breadcrumb\":{\"@id\":\"https:\/\/tabernaculoprensadedios.com\/web\/el-dios-de-la-verdad-y-el-olvido-del-pasado\/#breadcrumb\"},\"inLanguage\":\"es\",\"potentialAction\":[{\"@type\":\"ReadAction\",\"target\":[\"https:\/\/tabernaculoprensadedios.com\/web\/el-dios-de-la-verdad-y-el-olvido-del-pasado\/\"]}]},{\"@type\":\"ImageObject\",\"inLanguage\":\"es\",\"@id\":\"https:\/\/tabernaculoprensadedios.com\/web\/el-dios-de-la-verdad-y-el-olvido-del-pasado\/#primaryimage\",\"url\":\"https:\/\/tabernaculoprensadedios.com\/web\/wp-content\/uploads\/2025\/01\/2430572.avif\",\"contentUrl\":\"https:\/\/tabernaculoprensadedios.com\/web\/wp-content\/uploads\/2025\/01\/2430572.avif\",\"width\":1280,\"height\":842,\"caption\":\"El Dios de la Verdad y el Olvido del Pasado\"},{\"@type\":\"BreadcrumbList\",\"@id\":\"https:\/\/tabernaculoprensadedios.com\/web\/el-dios-de-la-verdad-y-el-olvido-del-pasado\/#breadcrumb\",\"itemListElement\":[{\"@type\":\"ListItem\",\"position\":1,\"name\":\"Portada\",\"item\":\"https:\/\/tabernaculoprensadedios.com\/web\/\"},{\"@type\":\"ListItem\",\"position\":2,\"name\":\"El Dios de la Verdad y el Olvido del Pasado\"}]},{\"@type\":\"WebSite\",\"@id\":\"https:\/\/tabernaculoprensadedios.com\/web\/#website\",\"url\":\"https:\/\/tabernaculoprensadedios.com\/web\/\",\"name\":\"Tabernaculo Prensa de Dios\",\"description\":\"Un medio a la manera de Dios\",\"publisher\":{\"@id\":\"https:\/\/tabernaculoprensadedios.com\/web\/#\/schema\/person\/bc0e069fef56b38e177db6f098ae0b6e\"},\"potentialAction\":[{\"@type\":\"SearchAction\",\"target\":{\"@type\":\"EntryPoint\",\"urlTemplate\":\"https:\/\/tabernaculoprensadedios.com\/web\/?s={search_term_string}\"},\"query-input\":{\"@type\":\"PropertyValueSpecification\",\"valueRequired\":true,\"valueName\":\"search_term_string\"}}],\"inLanguage\":\"es\"},{\"@type\":[\"Person\",\"Organization\"],\"@id\":\"https:\/\/tabernaculoprensadedios.com\/web\/#\/schema\/person\/bc0e069fef56b38e177db6f098ae0b6e\",\"name\":\"tabernaculo\",\"image\":{\"@type\":\"ImageObject\",\"inLanguage\":\"es\",\"@id\":\"https:\/\/tabernaculoprensadedios.com\/web\/#\/schema\/person\/image\/\",\"url\":\"https:\/\/tabernaculoprensadedios.com\/web\/wp-content\/uploads\/2015\/06\/login-logo1.png\",\"contentUrl\":\"https:\/\/tabernaculoprensadedios.com\/web\/wp-content\/uploads\/2015\/06\/login-logo1.png\",\"width\":300,\"height\":118,\"caption\":\"tabernaculo\"},\"logo\":{\"@id\":\"https:\/\/tabernaculoprensadedios.com\/web\/#\/schema\/person\/image\/\"},\"url\":\"https:\/\/tabernaculoprensadedios.com\/web\/author\/tabernaculo\/\"}]}<\/script>\n<!-- \/ Yoast SEO Premium plugin. -->","yoast_head_json":{"title":"El Dios de la Verdad y el Olvido del Pasado - Tabernaculo Prensa de Dios","robots":{"index":"index","follow":"follow","max-snippet":"max-snippet:-1","max-image-preview":"max-image-preview:large","max-video-preview":"max-video-preview:-1"},"canonical":"https:\/\/tabernaculoprensadedios.com\/web\/el-dios-de-la-verdad-y-el-olvido-del-pasado\/","og_locale":"es_ES","og_type":"article","og_title":"El Dios de la Verdad y el Olvido del Pasado","og_description":"Cualquiera que en el pa\u00eds invoque una bendici\u00f3n, lo har\u00e1 por el Dios de la verdad; y cualquiera que jure en esta tierra, lo har\u00e1 por el Dios de la verdad. Las angustias del pasado quedar\u00e1n en el olvido, ocultas ante mis ojos. Isa\u00edas 65:16 La palabra \u00abinvocar\u00bb implica dos cosas: Hacer una petici\u00f3n ferviente &hellip;","og_url":"https:\/\/tabernaculoprensadedios.com\/web\/el-dios-de-la-verdad-y-el-olvido-del-pasado\/","og_site_name":"Tabernaculo Prensa de Dios","article_published_time":"2025-01-16T02:29:16+00:00","og_image":[{"width":1280,"height":842,"url":"https:\/\/tabernaculoprensadedios.com\/web\/wp-content\/uploads\/2025\/01\/2430572.avif","type":"image\/jpeg"}],"author":"tabernaculo","twitter_card":"summary_large_image","twitter_creator":"@PrensadeDios","twitter_site":"@PrensadeDios","twitter_misc":{"Escrito por":"tabernaculo","Tiempo de lectura":"4 minutos"},"schema":{"@context":"https:\/\/schema.org","@graph":[{"@type":"Article","@id":"https:\/\/tabernaculoprensadedios.com\/web\/el-dios-de-la-verdad-y-el-olvido-del-pasado\/#article","isPartOf":{"@id":"https:\/\/tabernaculoprensadedios.com\/web\/el-dios-de-la-verdad-y-el-olvido-del-pasado\/"},"author":{"name":"tabernaculo","@id":"https:\/\/tabernaculoprensadedios.com\/web\/#\/schema\/person\/bc0e069fef56b38e177db6f098ae0b6e"},"headline":"El Dios de la Verdad y el Olvido del Pasado","datePublished":"2025-01-16T02:29:16+00:00","mainEntityOfPage":{"@id":"https:\/\/tabernaculoprensadedios.com\/web\/el-dios-de-la-verdad-y-el-olvido-del-pasado\/"},"wordCount":842,"commentCount":0,"publisher":{"@id":"https:\/\/tabernaculoprensadedios.com\/web\/#\/schema\/person\/bc0e069fef56b38e177db6f098ae0b6e"},"image":{"@id":"https:\/\/tabernaculoprensadedios.com\/web\/el-dios-de-la-verdad-y-el-olvido-del-pasado\/#primaryimage"},"thumbnailUrl":"https:\/\/tabernaculoprensadedios.com\/web\/wp-content\/uploads\/2025\/01\/2430572.avif","articleSection":["Principal"],"inLanguage":"es","potentialAction":[{"@type":"CommentAction","name":"Comment","target":["https:\/\/tabernaculoprensadedios.com\/web\/el-dios-de-la-verdad-y-el-olvido-del-pasado\/#respond"]}]},{"@type":"WebPage","@id":"https:\/\/tabernaculoprensadedios.com\/web\/el-dios-de-la-verdad-y-el-olvido-del-pasado\/","url":"https:\/\/tabernaculoprensadedios.com\/web\/el-dios-de-la-verdad-y-el-olvido-del-pasado\/","name":"El Dios de la Verdad y el Olvido del Pasado - Tabernaculo Prensa de Dios","isPartOf":{"@id":"https:\/\/tabernaculoprensadedios.com\/web\/#website"},"primaryImageOfPage":{"@id":"https:\/\/tabernaculoprensadedios.com\/web\/el-dios-de-la-verdad-y-el-olvido-del-pasado\/#primaryimage"},"image":{"@id":"https:\/\/tabernaculoprensadedios.com\/web\/el-dios-de-la-verdad-y-el-olvido-del-pasado\/#primaryimage"},"thumbnailUrl":"https:\/\/tabernaculoprensadedios.com\/web\/wp-content\/uploads\/2025\/01\/2430572.avif","datePublished":"2025-01-16T02:29:16+00:00","breadcrumb":{"@id":"https:\/\/tabernaculoprensadedios.com\/web\/el-dios-de-la-verdad-y-el-olvido-del-pasado\/#breadcrumb"},"inLanguage":"es","potentialAction":[{"@type":"ReadAction","target":["https:\/\/tabernaculoprensadedios.com\/web\/el-dios-de-la-verdad-y-el-olvido-del-pasado\/"]}]},{"@type":"ImageObject","inLanguage":"es","@id":"https:\/\/tabernaculoprensadedios.com\/web\/el-dios-de-la-verdad-y-el-olvido-del-pasado\/#primaryimage","url":"https:\/\/tabernaculoprensadedios.com\/web\/wp-content\/uploads\/2025\/01\/2430572.avif","contentUrl":"https:\/\/tabernaculoprensadedios.com\/web\/wp-content\/uploads\/2025\/01\/2430572.avif","width":1280,"height":842,"caption":"El Dios de la Verdad y el Olvido del Pasado"},{"@type":"BreadcrumbList","@id":"https:\/\/tabernaculoprensadedios.com\/web\/el-dios-de-la-verdad-y-el-olvido-del-pasado\/#breadcrumb","itemListElement":[{"@type":"ListItem","position":1,"name":"Portada","item":"https:\/\/tabernaculoprensadedios.com\/web\/"},{"@type":"ListItem","position":2,"name":"El Dios de la Verdad y el Olvido del Pasado"}]},{"@type":"WebSite","@id":"https:\/\/tabernaculoprensadedios.com\/web\/#website","url":"https:\/\/tabernaculoprensadedios.com\/web\/","name":"Tabernaculo Prensa de Dios","description":"Un medio a la manera de Dios","publisher":{"@id":"https:\/\/tabernaculoprensadedios.com\/web\/#\/schema\/person\/bc0e069fef56b38e177db6f098ae0b6e"},"potentialAction":[{"@type":"SearchAction","target":{"@type":"EntryPoint","urlTemplate":"https:\/\/tabernaculoprensadedios.com\/web\/?s={search_term_string}"},"query-input":{"@type":"PropertyValueSpecification","valueRequired":true,"valueName":"search_term_string"}}],"inLanguage":"es"},{"@type":["Person","Organization"],"@id":"https:\/\/tabernaculoprensadedios.com\/web\/#\/schema\/person\/bc0e069fef56b38e177db6f098ae0b6e","name":"tabernaculo","image":{"@type":"ImageObject","inLanguage":"es","@id":"https:\/\/tabernaculoprensadedios.com\/web\/#\/schema\/person\/image\/","url":"https:\/\/tabernaculoprensadedios.com\/web\/wp-content\/uploads\/2015\/06\/login-logo1.png","contentUrl":"https:\/\/tabernaculoprensadedios.com\/web\/wp-content\/uploads\/2015\/06\/login-logo1.png","width":300,"height":118,"caption":"tabernaculo"},"logo":{"@id":"https:\/\/tabernaculoprensadedios.com\/web\/#\/schema\/person\/image\/"},"url":"https:\/\/tabernaculoprensadedios.com\/web\/author\/tabernaculo\/"}]}},"_links":{"self":[{"href":"https:\/\/tabernaculoprensadedios.com\/web\/wp-json\/wp\/v2\/posts\/33500","targetHints":{"allow":["GET"]}}],"collection":[{"href":"https:\/\/tabernaculoprensadedios.com\/web\/wp-json\/wp\/v2\/posts"}],"about":[{"href":"https:\/\/tabernaculoprensadedios.com\/web\/wp-json\/wp\/v2\/types\/post"}],"author":[{"embeddable":true,"href":"https:\/\/tabernaculoprensadedios.com\/web\/wp-json\/wp\/v2\/users\/1"}],"replies":[{"embeddable":true,"href":"https:\/\/tabernaculoprensadedios.com\/web\/wp-json\/wp\/v2\/comments?post=33500"}],"version-history":[{"count":1,"href":"https:\/\/tabernaculoprensadedios.com\/web\/wp-json\/wp\/v2\/posts\/33500\/revisions"}],"predecessor-version":[{"id":33502,"href":"https:\/\/tabernaculoprensadedios.com\/web\/wp-json\/wp\/v2\/posts\/33500\/revisions\/33502"}],"wp:featuredmedia":[{"embeddable":true,"href":"https:\/\/tabernaculoprensadedios.com\/web\/wp-json\/wp\/v2\/media\/33501"}],"wp:attachment":[{"href":"https:\/\/tabernaculoprensadedios.com\/web\/wp-json\/wp\/v2\/media?parent=33500"}],"wp:term":[{"taxonomy":"category","embeddable":true,"href":"https:\/\/tabernaculoprensadedios.com\/web\/wp-json\/wp\/v2\/categories?post=33500"},{"taxonomy":"post_tag","embeddable":true,"href":"https:\/\/tabernaculoprensadedios.com\/web\/wp-json\/wp\/v2\/tags?post=33500"}],"curies":[{"name":"wp","href":"https:\/\/api.w.org\/{rel}","templated":true}]}}