{"id":33491,"date":"2025-01-14T23:50:48","date_gmt":"2025-01-14T23:50:48","guid":{"rendered":"https:\/\/tabernaculoprensadedios.com\/web\/?p=33491"},"modified":"2025-01-14T23:50:48","modified_gmt":"2025-01-14T23:50:48","slug":"la-paz-de-dios-gobernando-nuestros-corazones-y-siendo-luz-para-el-mundo","status":"publish","type":"post","link":"https:\/\/tabernaculoprensadedios.com\/web\/la-paz-de-dios-gobernando-nuestros-corazones-y-siendo-luz-para-el-mundo\/","title":{"rendered":"La Paz de Dios. Gobernando Nuestros Corazones y Siendo Luz para el Mundo"},"content":{"rendered":"<p>En Colosenses 3-12-17, Pablo nos exhorta a vivir como verdaderos escogidos de Dios, reflejando caracter\u00edsticas que nacen de una relaci\u00f3n profunda con Cristo. Nos anima a revestirnos de misericordia, benignidad, humildad, mansedumbre y paciencia, soport\u00e1ndoos y perdon\u00e1ndoos mutuamente, tal como Cristo nos ha perdonado. Sobre todo, nos insta a vestirnos de amor, que es el v\u00ednculo perfecto que une todas las virtudes.<\/p>\n<p>En este pasaje, la paz de Dios ocupa un lugar central, siendo presentada como el \u00e1rbitro de nuestros corazones. Esta paz, que trasciende el entendimiento humano, no es simplemente ausencia de conflicto, sino una quietud y confianza que emanan de saber que estamos reconciliados con Dios a trav\u00e9s de Cristo. Esa paz nos gu\u00eda a vivir en unidad, ya que hemos sido llamados a ser un solo cuerpo en Cristo.<\/p>\n<p>Adem\u00e1s, Pablo nos invita a dejar que la Palabra de Cristo habite abundantemente en nosotros. Es esa Palabra viva y eficaz la que nos da sabidur\u00eda para exhortar y ense\u00f1ar con gracia. Nos impulsa tambi\u00e9n a expresar nuestra gratitud a trav\u00e9s de c\u00e1nticos espirituales, himnos y salmos, alabando a Dios desde lo m\u00e1s profundo del coraz\u00f3n.<\/p>\n<p>Por \u00faltimo, se nos recuerda que todo lo que hagamos, ya sea en palabras o en acciones, debe ser para la gloria de Dios, siempre con un esp\u00edritu de agradecimiento en el nombre de Jesucristo.<\/p>\n<p>La paz que Pablo menciona no solo act\u00faa como un estado interno, sino como una fuerza que nos unifica como iglesia y como hijos de Dios. Es el fundamento sobre el cual se construyen las dem\u00e1s virtudes, fortaleciendo nuestras relaciones, promoviendo la reconciliaci\u00f3n y gui\u00e1ndonos a vivir vidas que reflejen la plenitud de Cristo.<\/p>\n<p>En un mundo lleno de discordia y af\u00e1n, este llamado es un recordatorio de que la paz de Dios no solo nos tranquiliza, sino que tambi\u00e9n nos equipa para vivir como testigos vivos de Su amor, promoviendo unidad y armon\u00eda en cada aspecto de nuestra vida. Que esta paz gobierne en nosotros y sea visible para el mundo como un testimonio de nuestra fe en el Pr\u00edncipe de Paz.<\/p>\n\n\t\t<div class=\"clearfix\"><\/div>\n\t\t<div class=\"about-author about-author-box container-wrapper\">\n\t\t\t<div class=\"author-avatar\">\n\t\t\t\t<img loading=\"lazy\" decoding=\"async\" src=\"https:\/\/tabernaculoprensadedios.com\/web\/wp-content\/uploads\/2024\/12\/Margarita-Garcia-directora-png.avif\" alt=\"Margarita Garc\u00eda\" class=\"author-avatar-img\" width=\"111\" height=\"111\" \/>\n\t\t\t<\/div>\n\t\t\t<div class=\"author-info\">\n\t\t\t\t<h4>Margarita Garc\u00eda<\/h4>Directora del Tabern\u00e1culo Prensa de Dios\n\t\t\t<\/div>\n\t\t<\/div>\n\t\n","protected":false},"excerpt":{"rendered":"<p>En Colosenses 3-12-17, Pablo nos exhorta a vivir como verdaderos escogidos de Dios, reflejando caracter\u00edsticas que nacen de una relaci\u00f3n profunda con Cristo. Nos anima a revestirnos de misericordia, benignidad, humildad, mansedumbre y paciencia, soport\u00e1ndoos y perdon\u00e1ndoos mutuamente, tal como Cristo nos ha perdonado. Sobre todo, nos insta a vestirnos de amor, que es el &hellip;<\/p>\n","protected":false},"author":1,"featured_media":32511,"comment_status":"open","ping_status":"open","sticky":false,"template":"","format":"standard","meta":{"footnotes":""},"categories":[790],"tags":[],"class_list":["post-33491","post","type-post","status-publish","format-standard","has-post-thumbnail","hentry","category-voz-del-tabernaculo"],"yoast_head":"<!-- This site is optimized with the Yoast SEO Premium plugin v24.2 (Yoast SEO v27.1.1) - https:\/\/yoast.com\/product\/yoast-seo-premium-wordpress\/ -->\n<title>La Paz de Dios. Gobernando Nuestros Corazones y Siendo Luz para el Mundo - Tabernaculo Prensa de Dios<\/title>\n<meta name=\"robots\" content=\"index, follow, max-snippet:-1, max-image-preview:large, max-video-preview:-1\" \/>\n<link rel=\"canonical\" href=\"https:\/\/tabernaculoprensadedios.com\/web\/la-paz-de-dios-gobernando-nuestros-corazones-y-siendo-luz-para-el-mundo\/\" class=\"yoast-seo-meta-tag\" \/>\n<meta property=\"og:locale\" content=\"es_ES\" class=\"yoast-seo-meta-tag\" \/>\n<meta property=\"og:type\" content=\"article\" class=\"yoast-seo-meta-tag\" \/>\n<meta property=\"og:title\" content=\"La Paz de Dios. Gobernando Nuestros Corazones y Siendo Luz para el Mundo\" class=\"yoast-seo-meta-tag\" \/>\n<meta property=\"og:description\" content=\"En Colosenses 3-12-17, Pablo nos exhorta a vivir como verdaderos escogidos de Dios, reflejando caracter\u00edsticas que nacen de una relaci\u00f3n profunda con Cristo. Nos anima a revestirnos de misericordia, benignidad, humildad, mansedumbre y paciencia, soport\u00e1ndoos y perdon\u00e1ndoos mutuamente, tal como Cristo nos ha perdonado. Sobre todo, nos insta a vestirnos de amor, que es el &hellip;\" class=\"yoast-seo-meta-tag\" \/>\n<meta property=\"og:url\" content=\"https:\/\/tabernaculoprensadedios.com\/web\/la-paz-de-dios-gobernando-nuestros-corazones-y-siendo-luz-para-el-mundo\/\" class=\"yoast-seo-meta-tag\" \/>\n<meta property=\"og:site_name\" content=\"Tabernaculo Prensa de Dios\" class=\"yoast-seo-meta-tag\" \/>\n<meta property=\"article:published_time\" content=\"2025-01-14T23:50:48+00:00\" class=\"yoast-seo-meta-tag\" \/>\n<meta property=\"og:image\" content=\"https:\/\/tabernaculoprensadedios.com\/web\/wp-content\/uploads\/2024\/10\/bandera-RD.jpg\" class=\"yoast-seo-meta-tag\" \/>\n\t<meta property=\"og:image:width\" content=\"2048\" class=\"yoast-seo-meta-tag\" \/>\n\t<meta property=\"og:image:height\" content=\"1161\" class=\"yoast-seo-meta-tag\" \/>\n\t<meta property=\"og:image:type\" content=\"image\/jpeg\" class=\"yoast-seo-meta-tag\" \/>\n<meta name=\"author\" content=\"tabernaculo\" class=\"yoast-seo-meta-tag\" \/>\n<meta name=\"twitter:card\" content=\"summary_large_image\" class=\"yoast-seo-meta-tag\" \/>\n<meta name=\"twitter:creator\" content=\"@PrensadeDios\" class=\"yoast-seo-meta-tag\" \/>\n<meta name=\"twitter:site\" content=\"@PrensadeDios\" class=\"yoast-seo-meta-tag\" \/>\n<meta name=\"twitter:label1\" content=\"Escrito por\" class=\"yoast-seo-meta-tag\" \/>\n\t<meta name=\"twitter:data1\" content=\"tabernaculo\" class=\"yoast-seo-meta-tag\" \/>\n\t<meta name=\"twitter:label2\" content=\"Tiempo de lectura\" class=\"yoast-seo-meta-tag\" \/>\n\t<meta name=\"twitter:data2\" content=\"2 minutos\" class=\"yoast-seo-meta-tag\" \/>\n<script type=\"application\/ld+json\" class=\"yoast-schema-graph\">{\"@context\":\"https:\/\/schema.org\",\"@graph\":[{\"@type\":\"Article\",\"@id\":\"https:\/\/tabernaculoprensadedios.com\/web\/la-paz-de-dios-gobernando-nuestros-corazones-y-siendo-luz-para-el-mundo\/#article\",\"isPartOf\":{\"@id\":\"https:\/\/tabernaculoprensadedios.com\/web\/la-paz-de-dios-gobernando-nuestros-corazones-y-siendo-luz-para-el-mundo\/\"},\"author\":{\"name\":\"tabernaculo\",\"@id\":\"https:\/\/tabernaculoprensadedios.com\/web\/#\/schema\/person\/bc0e069fef56b38e177db6f098ae0b6e\"},\"headline\":\"La Paz de Dios. Gobernando Nuestros Corazones y Siendo Luz para el Mundo\",\"datePublished\":\"2025-01-14T23:50:48+00:00\",\"mainEntityOfPage\":{\"@id\":\"https:\/\/tabernaculoprensadedios.com\/web\/la-paz-de-dios-gobernando-nuestros-corazones-y-siendo-luz-para-el-mundo\/\"},\"wordCount\":406,\"commentCount\":0,\"publisher\":{\"@id\":\"https:\/\/tabernaculoprensadedios.com\/web\/#\/schema\/person\/bc0e069fef56b38e177db6f098ae0b6e\"},\"image\":{\"@id\":\"https:\/\/tabernaculoprensadedios.com\/web\/la-paz-de-dios-gobernando-nuestros-corazones-y-siendo-luz-para-el-mundo\/#primaryimage\"},\"thumbnailUrl\":\"https:\/\/tabernaculoprensadedios.com\/web\/wp-content\/uploads\/2024\/10\/bandera-RD.jpg\",\"articleSection\":[\"Voz del Tabern\u00e1culo\"],\"inLanguage\":\"es\",\"potentialAction\":[{\"@type\":\"CommentAction\",\"name\":\"Comment\",\"target\":[\"https:\/\/tabernaculoprensadedios.com\/web\/la-paz-de-dios-gobernando-nuestros-corazones-y-siendo-luz-para-el-mundo\/#respond\"]}]},{\"@type\":\"WebPage\",\"@id\":\"https:\/\/tabernaculoprensadedios.com\/web\/la-paz-de-dios-gobernando-nuestros-corazones-y-siendo-luz-para-el-mundo\/\",\"url\":\"https:\/\/tabernaculoprensadedios.com\/web\/la-paz-de-dios-gobernando-nuestros-corazones-y-siendo-luz-para-el-mundo\/\",\"name\":\"La Paz de Dios. Gobernando Nuestros Corazones y Siendo Luz para el Mundo - Tabernaculo Prensa de Dios\",\"isPartOf\":{\"@id\":\"https:\/\/tabernaculoprensadedios.com\/web\/#website\"},\"primaryImageOfPage\":{\"@id\":\"https:\/\/tabernaculoprensadedios.com\/web\/la-paz-de-dios-gobernando-nuestros-corazones-y-siendo-luz-para-el-mundo\/#primaryimage\"},\"image\":{\"@id\":\"https:\/\/tabernaculoprensadedios.com\/web\/la-paz-de-dios-gobernando-nuestros-corazones-y-siendo-luz-para-el-mundo\/#primaryimage\"},\"thumbnailUrl\":\"https:\/\/tabernaculoprensadedios.com\/web\/wp-content\/uploads\/2024\/10\/bandera-RD.jpg\",\"datePublished\":\"2025-01-14T23:50:48+00:00\",\"breadcrumb\":{\"@id\":\"https:\/\/tabernaculoprensadedios.com\/web\/la-paz-de-dios-gobernando-nuestros-corazones-y-siendo-luz-para-el-mundo\/#breadcrumb\"},\"inLanguage\":\"es\",\"potentialAction\":[{\"@type\":\"ReadAction\",\"target\":[\"https:\/\/tabernaculoprensadedios.com\/web\/la-paz-de-dios-gobernando-nuestros-corazones-y-siendo-luz-para-el-mundo\/\"]}]},{\"@type\":\"ImageObject\",\"inLanguage\":\"es\",\"@id\":\"https:\/\/tabernaculoprensadedios.com\/web\/la-paz-de-dios-gobernando-nuestros-corazones-y-siendo-luz-para-el-mundo\/#primaryimage\",\"url\":\"https:\/\/tabernaculoprensadedios.com\/web\/wp-content\/uploads\/2024\/10\/bandera-RD.jpg\",\"contentUrl\":\"https:\/\/tabernaculoprensadedios.com\/web\/wp-content\/uploads\/2024\/10\/bandera-RD.jpg\",\"width\":2048,\"height\":1161},{\"@type\":\"BreadcrumbList\",\"@id\":\"https:\/\/tabernaculoprensadedios.com\/web\/la-paz-de-dios-gobernando-nuestros-corazones-y-siendo-luz-para-el-mundo\/#breadcrumb\",\"itemListElement\":[{\"@type\":\"ListItem\",\"position\":1,\"name\":\"Portada\",\"item\":\"https:\/\/tabernaculoprensadedios.com\/web\/\"},{\"@type\":\"ListItem\",\"position\":2,\"name\":\"La Paz de Dios. Gobernando Nuestros Corazones y Siendo Luz para el Mundo\"}]},{\"@type\":\"WebSite\",\"@id\":\"https:\/\/tabernaculoprensadedios.com\/web\/#website\",\"url\":\"https:\/\/tabernaculoprensadedios.com\/web\/\",\"name\":\"Tabernaculo Prensa de Dios\",\"description\":\"Un medio a la manera de Dios\",\"publisher\":{\"@id\":\"https:\/\/tabernaculoprensadedios.com\/web\/#\/schema\/person\/bc0e069fef56b38e177db6f098ae0b6e\"},\"potentialAction\":[{\"@type\":\"SearchAction\",\"target\":{\"@type\":\"EntryPoint\",\"urlTemplate\":\"https:\/\/tabernaculoprensadedios.com\/web\/?s={search_term_string}\"},\"query-input\":{\"@type\":\"PropertyValueSpecification\",\"valueRequired\":true,\"valueName\":\"search_term_string\"}}],\"inLanguage\":\"es\"},{\"@type\":[\"Person\",\"Organization\"],\"@id\":\"https:\/\/tabernaculoprensadedios.com\/web\/#\/schema\/person\/bc0e069fef56b38e177db6f098ae0b6e\",\"name\":\"tabernaculo\",\"image\":{\"@type\":\"ImageObject\",\"inLanguage\":\"es\",\"@id\":\"https:\/\/tabernaculoprensadedios.com\/web\/#\/schema\/person\/image\/\",\"url\":\"https:\/\/tabernaculoprensadedios.com\/web\/wp-content\/uploads\/2015\/06\/login-logo1.png\",\"contentUrl\":\"https:\/\/tabernaculoprensadedios.com\/web\/wp-content\/uploads\/2015\/06\/login-logo1.png\",\"width\":300,\"height\":118,\"caption\":\"tabernaculo\"},\"logo\":{\"@id\":\"https:\/\/tabernaculoprensadedios.com\/web\/#\/schema\/person\/image\/\"},\"url\":\"https:\/\/tabernaculoprensadedios.com\/web\/author\/tabernaculo\/\"}]}<\/script>\n<!-- \/ Yoast SEO Premium plugin. -->","yoast_head_json":{"title":"La Paz de Dios. Gobernando Nuestros Corazones y Siendo Luz para el Mundo - Tabernaculo Prensa de Dios","robots":{"index":"index","follow":"follow","max-snippet":"max-snippet:-1","max-image-preview":"max-image-preview:large","max-video-preview":"max-video-preview:-1"},"canonical":"https:\/\/tabernaculoprensadedios.com\/web\/la-paz-de-dios-gobernando-nuestros-corazones-y-siendo-luz-para-el-mundo\/","og_locale":"es_ES","og_type":"article","og_title":"La Paz de Dios. Gobernando Nuestros Corazones y Siendo Luz para el Mundo","og_description":"En Colosenses 3-12-17, Pablo nos exhorta a vivir como verdaderos escogidos de Dios, reflejando caracter\u00edsticas que nacen de una relaci\u00f3n profunda con Cristo. Nos anima a revestirnos de misericordia, benignidad, humildad, mansedumbre y paciencia, soport\u00e1ndoos y perdon\u00e1ndoos mutuamente, tal como Cristo nos ha perdonado. Sobre todo, nos insta a vestirnos de amor, que es el &hellip;","og_url":"https:\/\/tabernaculoprensadedios.com\/web\/la-paz-de-dios-gobernando-nuestros-corazones-y-siendo-luz-para-el-mundo\/","og_site_name":"Tabernaculo Prensa de Dios","article_published_time":"2025-01-14T23:50:48+00:00","og_image":[{"width":2048,"height":1161,"url":"https:\/\/tabernaculoprensadedios.com\/web\/wp-content\/uploads\/2024\/10\/bandera-RD.jpg","type":"image\/jpeg"}],"author":"tabernaculo","twitter_card":"summary_large_image","twitter_creator":"@PrensadeDios","twitter_site":"@PrensadeDios","twitter_misc":{"Escrito por":"tabernaculo","Tiempo de lectura":"2 minutos"},"schema":{"@context":"https:\/\/schema.org","@graph":[{"@type":"Article","@id":"https:\/\/tabernaculoprensadedios.com\/web\/la-paz-de-dios-gobernando-nuestros-corazones-y-siendo-luz-para-el-mundo\/#article","isPartOf":{"@id":"https:\/\/tabernaculoprensadedios.com\/web\/la-paz-de-dios-gobernando-nuestros-corazones-y-siendo-luz-para-el-mundo\/"},"author":{"name":"tabernaculo","@id":"https:\/\/tabernaculoprensadedios.com\/web\/#\/schema\/person\/bc0e069fef56b38e177db6f098ae0b6e"},"headline":"La Paz de Dios. Gobernando Nuestros Corazones y Siendo Luz para el Mundo","datePublished":"2025-01-14T23:50:48+00:00","mainEntityOfPage":{"@id":"https:\/\/tabernaculoprensadedios.com\/web\/la-paz-de-dios-gobernando-nuestros-corazones-y-siendo-luz-para-el-mundo\/"},"wordCount":406,"commentCount":0,"publisher":{"@id":"https:\/\/tabernaculoprensadedios.com\/web\/#\/schema\/person\/bc0e069fef56b38e177db6f098ae0b6e"},"image":{"@id":"https:\/\/tabernaculoprensadedios.com\/web\/la-paz-de-dios-gobernando-nuestros-corazones-y-siendo-luz-para-el-mundo\/#primaryimage"},"thumbnailUrl":"https:\/\/tabernaculoprensadedios.com\/web\/wp-content\/uploads\/2024\/10\/bandera-RD.jpg","articleSection":["Voz del Tabern\u00e1culo"],"inLanguage":"es","potentialAction":[{"@type":"CommentAction","name":"Comment","target":["https:\/\/tabernaculoprensadedios.com\/web\/la-paz-de-dios-gobernando-nuestros-corazones-y-siendo-luz-para-el-mundo\/#respond"]}]},{"@type":"WebPage","@id":"https:\/\/tabernaculoprensadedios.com\/web\/la-paz-de-dios-gobernando-nuestros-corazones-y-siendo-luz-para-el-mundo\/","url":"https:\/\/tabernaculoprensadedios.com\/web\/la-paz-de-dios-gobernando-nuestros-corazones-y-siendo-luz-para-el-mundo\/","name":"La Paz de Dios. Gobernando Nuestros Corazones y Siendo Luz para el Mundo - Tabernaculo Prensa de Dios","isPartOf":{"@id":"https:\/\/tabernaculoprensadedios.com\/web\/#website"},"primaryImageOfPage":{"@id":"https:\/\/tabernaculoprensadedios.com\/web\/la-paz-de-dios-gobernando-nuestros-corazones-y-siendo-luz-para-el-mundo\/#primaryimage"},"image":{"@id":"https:\/\/tabernaculoprensadedios.com\/web\/la-paz-de-dios-gobernando-nuestros-corazones-y-siendo-luz-para-el-mundo\/#primaryimage"},"thumbnailUrl":"https:\/\/tabernaculoprensadedios.com\/web\/wp-content\/uploads\/2024\/10\/bandera-RD.jpg","datePublished":"2025-01-14T23:50:48+00:00","breadcrumb":{"@id":"https:\/\/tabernaculoprensadedios.com\/web\/la-paz-de-dios-gobernando-nuestros-corazones-y-siendo-luz-para-el-mundo\/#breadcrumb"},"inLanguage":"es","potentialAction":[{"@type":"ReadAction","target":["https:\/\/tabernaculoprensadedios.com\/web\/la-paz-de-dios-gobernando-nuestros-corazones-y-siendo-luz-para-el-mundo\/"]}]},{"@type":"ImageObject","inLanguage":"es","@id":"https:\/\/tabernaculoprensadedios.com\/web\/la-paz-de-dios-gobernando-nuestros-corazones-y-siendo-luz-para-el-mundo\/#primaryimage","url":"https:\/\/tabernaculoprensadedios.com\/web\/wp-content\/uploads\/2024\/10\/bandera-RD.jpg","contentUrl":"https:\/\/tabernaculoprensadedios.com\/web\/wp-content\/uploads\/2024\/10\/bandera-RD.jpg","width":2048,"height":1161},{"@type":"BreadcrumbList","@id":"https:\/\/tabernaculoprensadedios.com\/web\/la-paz-de-dios-gobernando-nuestros-corazones-y-siendo-luz-para-el-mundo\/#breadcrumb","itemListElement":[{"@type":"ListItem","position":1,"name":"Portada","item":"https:\/\/tabernaculoprensadedios.com\/web\/"},{"@type":"ListItem","position":2,"name":"La Paz de Dios. Gobernando Nuestros Corazones y Siendo Luz para el Mundo"}]},{"@type":"WebSite","@id":"https:\/\/tabernaculoprensadedios.com\/web\/#website","url":"https:\/\/tabernaculoprensadedios.com\/web\/","name":"Tabernaculo Prensa de Dios","description":"Un medio a la manera de Dios","publisher":{"@id":"https:\/\/tabernaculoprensadedios.com\/web\/#\/schema\/person\/bc0e069fef56b38e177db6f098ae0b6e"},"potentialAction":[{"@type":"SearchAction","target":{"@type":"EntryPoint","urlTemplate":"https:\/\/tabernaculoprensadedios.com\/web\/?s={search_term_string}"},"query-input":{"@type":"PropertyValueSpecification","valueRequired":true,"valueName":"search_term_string"}}],"inLanguage":"es"},{"@type":["Person","Organization"],"@id":"https:\/\/tabernaculoprensadedios.com\/web\/#\/schema\/person\/bc0e069fef56b38e177db6f098ae0b6e","name":"tabernaculo","image":{"@type":"ImageObject","inLanguage":"es","@id":"https:\/\/tabernaculoprensadedios.com\/web\/#\/schema\/person\/image\/","url":"https:\/\/tabernaculoprensadedios.com\/web\/wp-content\/uploads\/2015\/06\/login-logo1.png","contentUrl":"https:\/\/tabernaculoprensadedios.com\/web\/wp-content\/uploads\/2015\/06\/login-logo1.png","width":300,"height":118,"caption":"tabernaculo"},"logo":{"@id":"https:\/\/tabernaculoprensadedios.com\/web\/#\/schema\/person\/image\/"},"url":"https:\/\/tabernaculoprensadedios.com\/web\/author\/tabernaculo\/"}]}},"_links":{"self":[{"href":"https:\/\/tabernaculoprensadedios.com\/web\/wp-json\/wp\/v2\/posts\/33491","targetHints":{"allow":["GET"]}}],"collection":[{"href":"https:\/\/tabernaculoprensadedios.com\/web\/wp-json\/wp\/v2\/posts"}],"about":[{"href":"https:\/\/tabernaculoprensadedios.com\/web\/wp-json\/wp\/v2\/types\/post"}],"author":[{"embeddable":true,"href":"https:\/\/tabernaculoprensadedios.com\/web\/wp-json\/wp\/v2\/users\/1"}],"replies":[{"embeddable":true,"href":"https:\/\/tabernaculoprensadedios.com\/web\/wp-json\/wp\/v2\/comments?post=33491"}],"version-history":[{"count":1,"href":"https:\/\/tabernaculoprensadedios.com\/web\/wp-json\/wp\/v2\/posts\/33491\/revisions"}],"predecessor-version":[{"id":33492,"href":"https:\/\/tabernaculoprensadedios.com\/web\/wp-json\/wp\/v2\/posts\/33491\/revisions\/33492"}],"wp:featuredmedia":[{"embeddable":true,"href":"https:\/\/tabernaculoprensadedios.com\/web\/wp-json\/wp\/v2\/media\/32511"}],"wp:attachment":[{"href":"https:\/\/tabernaculoprensadedios.com\/web\/wp-json\/wp\/v2\/media?parent=33491"}],"wp:term":[{"taxonomy":"category","embeddable":true,"href":"https:\/\/tabernaculoprensadedios.com\/web\/wp-json\/wp\/v2\/categories?post=33491"},{"taxonomy":"post_tag","embeddable":true,"href":"https:\/\/tabernaculoprensadedios.com\/web\/wp-json\/wp\/v2\/tags?post=33491"}],"curies":[{"name":"wp","href":"https:\/\/api.w.org\/{rel}","templated":true}]}}