{"id":33487,"date":"2025-01-14T23:38:40","date_gmt":"2025-01-14T23:38:40","guid":{"rendered":"https:\/\/tabernaculoprensadedios.com\/web\/?p=33487"},"modified":"2025-01-14T23:46:04","modified_gmt":"2025-01-14T23:46:04","slug":"pastor-surfista-construye-un-faro-de-fe-en-las-playas-de-portugal","status":"publish","type":"post","link":"https:\/\/tabernaculoprensadedios.com\/web\/pastor-surfista-construye-un-faro-de-fe-en-las-playas-de-portugal\/","title":{"rendered":"Pastor surfista construye un faro de fe en las playas de Portugal"},"content":{"rendered":"<p>Marielle Louw, con las manos en alto, y Andries Louw, misioneros de Sud\u00e1frica, rezan durante un servicio religioso en la iglesia Surf Church en la playa de Matosinhos, en los suburbios de Oporto, Portugal, el 18 de agosto de 2024. (Foto AP\/Luis Andres Henao)<\/p>\n<p>OPORTO, Portugal \u2013 El surf suele considerarse un deporte, pero para algunos es mucho m\u00e1s que eso. Para ellos, surfear sobre las olas es una forma de vida, una pr\u00e1ctica espiritual y un camino hacia una conexi\u00f3n m\u00e1s profunda.<\/p>\n<p>Un pastor brasile\u00f1o y surfista de toda la vida ha encontrado una forma \u00fanica de fusionar su pasi\u00f3n con su fe.<\/p>\n<p>Hable con cualquier surfista apasionado y le dir\u00e1 que no se trata solo de las olas, sino de comprender el ritmo del oc\u00e9ano y aprender a leer patrones: los movimientos sutiles de las olas, el momento de las rupturas y c\u00f3mo el viento da forma a las olas.<\/p>\n<p>\u00abEl agua es la conexi\u00f3n que tienes con la naturaleza. Cuando surfeas, simplemente te conectas con el agua\u00bb, afirm\u00f3 Samuel Cianelli dos Anjos.<\/p>\n<p>Dos Anjos, que se cri\u00f3 en S\u00e3o Paulo, Brasil, no es ajeno al oc\u00e9ano y aprendi\u00f3 a surfear antes de saber nadar: surfear las olas se convirti\u00f3 en una parte tan importante de su vida como su familia y sus amigos.<\/p>\n<p>\u00abDisfrutas del ambiente, de la naturaleza, del viento, miras las olas y eso te trae calma y paz\u00bb, dijo Dos Anjos a CBN News. \u00abEs a\u00fan m\u00e1s especial cuando vengo con mis hijos, por ejemplo, y mi hija peque\u00f1a y surfeamos juntas y ella simplemente disfruta del agua en su cara\u00bb.<\/p>\n<p>Dos Anjos dice que esta conexi\u00f3n con el agua va m\u00e1s all\u00e1 de lo f\u00edsico; para \u00e9l tambi\u00e9n es profundamente espiritual.<\/p>\n<p>\u00abCuando estoy surfeando y estoy en el oc\u00e9ano y veo una ola, puedo ver a Dios y puedo identificarme con Dios cuando estoy en el oc\u00e9ano y los surfistas piensan lo mismo. Tal vez no crean en Dios, no adoren algo, pero comprenden la naturaleza\u00bb, dijo Dos Anjos.<\/p>\n<p>Dice que la naturaleza impredecible de las olas refleja el flujo y reflujo de la vida: sus altibajos, desaf\u00edos y momentos de gracia.<\/p>\n<p>\u00abPodemos comparar al Esp\u00edritu Santo con una ola. No la controlas. La ves, la sientes. Y lo \u00fanico que puedes hacer es navegar a trav\u00e9s de ella o sobre ella, y en mi caso con una tabla de surf\u00bb, dijo Dos Anjos. \u00abAs\u00ed que ese es mi momento m\u00e1s profundo con Dios, mi conexi\u00f3n, mi momento de devoci\u00f3n con Dios. Ocurre en esta conexi\u00f3n con el agua\u00bb.<br \/>\nDos Anjos siempre hab\u00eda so\u00f1ado con unir sus dos pasiones: la fe y el surf. Por eso, hace unos a\u00f1os, dej\u00f3 atr\u00e1s las soleadas playas de Brasil y se mud\u00f3 8.000 kil\u00f3metros a la costa atl\u00e1ntica de Portugal.<\/p>\n<p>La ciudad de Oporto, famosa por sus calles adoquinadas, su arquitectura hist\u00f3rica y el aroma de los pasteles de nata reci\u00e9n hechos, se ha convertido en un popular destino tur\u00edstico.<\/p>\n<p>Sin embargo, lo que atrajo al pastor hasta aqu\u00ed fueron sus impresionantes costas y su vibrante cultura del surf.<\/p>\n<p>\u00abHoy en d\u00eda, cuando hablamos de surf, Portugal est\u00e1 muy, muy cerca de ser uno de los pa\u00edses m\u00e1s grandes en surf\u00bb, afirm\u00f3 Dos Anjos.<\/p>\n<p>Comenz\u00f3 a organizar reuniones informales en la playa. Empez\u00f3 con sencillas barbacoas y clases de surf, invitando a cualquiera que sintiera curiosidad a unirse.<\/p>\n<p>Pronto, la playa se convirti\u00f3 en su iglesia.<\/p>\n<p>\u00abEs mi iglesia, exactamente. Es mi oficina de todos los d\u00edas, todos los d\u00edas si pudiera, pero siempre que puedo, siempre que tengo la oportunidad, estoy aqu\u00ed. Estoy en mi iglesia, en mi lugar, donde me conecto con Dios, me conecto con la gente. Tengo un devocional con Dios y puedo compartir qui\u00e9n es Jes\u00fas a trav\u00e9s de mi vida diaria\u00bb, dijo Dos Anjos recientemente a CBN News.<\/p>\n<p>El pastor de la Iglesia Surf, el reverendo Samuel Cianelli, predica a su congregaci\u00f3n en la iglesia de Porto, Portugal. (Foto AP\/Luis Andres Henao)<\/p>\n<p>Poco a poco, personas de diferentes nacionalidades y or\u00edgenes se fueron uniendo, unidas por su amor por el oc\u00e9ano y la sed de conexiones m\u00e1s profundas.<\/p>\n<p>El pastor Samuel traslad\u00f3 a su familia desde Brasil hasta aqu\u00ed, a Oporto, Portugal, en 2014. Un a\u00f1o despu\u00e9s, se fund\u00f3 Surf Church con tres familias.<\/p>\n<p>Hoy en d\u00eda, est\u00e1n representadas unas 13 naciones y su objetivo es construir 50 iglesias en todo el pa\u00eds.<\/p>\n<p>\u00abLa iglesia no es cuesti\u00f3n de edificios, es cuesti\u00f3n de relaciones\u00bb, insisti\u00f3 Dos Anjos. \u00abPuedes ser iglesia en todas partes. Puedes ser iglesia incluso en tu casa, puedes ser una iglesia\u00bb.<\/p>\n<p>Los servicios del domingo comienzan en la playa.<\/p>\n<p>\u00abHace sol o llueve, hace fr\u00edo o hace calor, estamos aqu\u00ed todo el tiempo. Todos los domingos. Estamos aqu\u00ed. Servimos juntos. Reunimos a un grupo de personas, a veces m\u00e1s o a veces menos, para que sea un momento de compa\u00f1erismo. Un momento para volver a conectarnos unos con otros y con Dios\u00bb, dijo Dos Anjos.<\/p>\n<p>Un domingo por la ma\u00f1ana, los miembros de la iglesia presenciaron el bautismo de Uliana Yarova en el oc\u00e9ano Atl\u00e1ntico. Cuando sali\u00f3, su nueva familia estall\u00f3 en risas y v\u00edtores, reflejando su alegr\u00eda.<\/p>\n<p>\u00abEstoy muy emocionada. No puedo explicar lo que siento\u00bb, dijo Yarova.<\/p>\n<p>La adolescente ucraniana huy\u00f3 de su pa\u00eds devastado por la guerra con su familia y encontr\u00f3 refugio en Oporto y en la iglesia Surf Church.<\/p>\n<p>Su hermano Zakharii y su madre Nataliia, tambi\u00e9n bautizados, estuvieron all\u00ed para presenciar la ocasi\u00f3n especial.<\/p>\n<p>\u00abCreo que la mejor palabra para describir a Surf Church hoy es un faro\u00bb, dijo Dos Anjos. \u00abSomos un lugar seguro donde personas de todo el mundo pueden venir y encontrar una comunidad, una familia, encontrar la fe en Jes\u00fas\u00bb.<\/p>\n<p>Lo que comenz\u00f3 como una simple reuni\u00f3n en la playa aqu\u00ed se ha convertido en un faro de esperanza, ofreciendo pertenencia y prop\u00f3sito a personas de todos los \u00e1mbitos de la vida.<\/p>\n<p>Al final, Dos Anjos dice que ha ido mucho m\u00e1s all\u00e1 del surf para incluir navegar la vida juntos, con fe, amor y un compromiso compartido con algo m\u00e1s grande, todo entrelazado por el simple acto de surfear las olas y servir a Jes\u00fas.<\/p>\n","protected":false},"excerpt":{"rendered":"<p>Marielle Louw, con las manos en alto, y Andries Louw, misioneros de Sud\u00e1frica, rezan durante un servicio religioso en la iglesia Surf Church en la playa de Matosinhos, en los suburbios de Oporto, Portugal, el 18 de agosto de 2024. (Foto AP\/Luis Andres Henao) OPORTO, Portugal \u2013 El surf suele considerarse un deporte, pero para &hellip;<\/p>\n","protected":false},"author":1,"featured_media":33488,"comment_status":"open","ping_status":"open","sticky":false,"template":"","format":"standard","meta":{"footnotes":""},"categories":[20],"tags":[],"class_list":["post-33487","post","type-post","status-publish","format-standard","has-post-thumbnail","hentry","category-deporte"],"yoast_head":"<!-- This site is optimized with the Yoast SEO Premium plugin v24.2 (Yoast SEO v27.1.1) - https:\/\/yoast.com\/product\/yoast-seo-premium-wordpress\/ -->\n<title>Pastor surfista construye un faro de fe en las playas de Portugal - Tabernaculo Prensa de Dios<\/title>\n<meta name=\"robots\" content=\"index, follow, max-snippet:-1, max-image-preview:large, max-video-preview:-1\" \/>\n<link rel=\"canonical\" href=\"https:\/\/tabernaculoprensadedios.com\/web\/pastor-surfista-construye-un-faro-de-fe-en-las-playas-de-portugal\/\" class=\"yoast-seo-meta-tag\" \/>\n<meta property=\"og:locale\" content=\"es_ES\" class=\"yoast-seo-meta-tag\" \/>\n<meta property=\"og:type\" content=\"article\" class=\"yoast-seo-meta-tag\" \/>\n<meta property=\"og:title\" content=\"Pastor surfista construye un faro de fe en las playas de Portugal\" class=\"yoast-seo-meta-tag\" \/>\n<meta property=\"og:description\" content=\"Marielle Louw, con las manos en alto, y Andries Louw, misioneros de Sud\u00e1frica, rezan durante un servicio religioso en la iglesia Surf Church en la playa de Matosinhos, en los suburbios de Oporto, Portugal, el 18 de agosto de 2024. (Foto AP\/Luis Andres Henao) OPORTO, Portugal \u2013 El surf suele considerarse un deporte, pero para &hellip;\" class=\"yoast-seo-meta-tag\" \/>\n<meta property=\"og:url\" content=\"https:\/\/tabernaculoprensadedios.com\/web\/pastor-surfista-construye-un-faro-de-fe-en-las-playas-de-portugal\/\" class=\"yoast-seo-meta-tag\" \/>\n<meta property=\"og:site_name\" content=\"Tabernaculo Prensa de Dios\" class=\"yoast-seo-meta-tag\" \/>\n<meta property=\"article:published_time\" content=\"2025-01-14T23:38:40+00:00\" class=\"yoast-seo-meta-tag\" \/>\n<meta property=\"article:modified_time\" content=\"2025-01-14T23:46:04+00:00\" class=\"yoast-seo-meta-tag\" \/>\n<meta property=\"og:image\" content=\"https:\/\/tabernaculoprensadedios.com\/web\/wp-content\/uploads\/2025\/01\/fotos_ap_luis_andres_henao.avif\" class=\"yoast-seo-meta-tag\" \/>\n\t<meta property=\"og:image:width\" content=\"1000\" class=\"yoast-seo-meta-tag\" \/>\n\t<meta property=\"og:image:height\" content=\"563\" class=\"yoast-seo-meta-tag\" \/>\n\t<meta property=\"og:image:type\" content=\"image\/jpeg\" class=\"yoast-seo-meta-tag\" \/>\n<meta name=\"author\" content=\"tabernaculo\" class=\"yoast-seo-meta-tag\" \/>\n<meta name=\"twitter:card\" content=\"summary_large_image\" class=\"yoast-seo-meta-tag\" \/>\n<meta name=\"twitter:creator\" content=\"@PrensadeDios\" class=\"yoast-seo-meta-tag\" \/>\n<meta name=\"twitter:site\" content=\"@PrensadeDios\" class=\"yoast-seo-meta-tag\" \/>\n<meta name=\"twitter:label1\" content=\"Escrito por\" class=\"yoast-seo-meta-tag\" \/>\n\t<meta name=\"twitter:data1\" content=\"tabernaculo\" class=\"yoast-seo-meta-tag\" \/>\n\t<meta name=\"twitter:label2\" content=\"Tiempo de lectura\" class=\"yoast-seo-meta-tag\" \/>\n\t<meta name=\"twitter:data2\" content=\"5 minutos\" class=\"yoast-seo-meta-tag\" \/>\n<script type=\"application\/ld+json\" class=\"yoast-schema-graph\">{\"@context\":\"https:\/\/schema.org\",\"@graph\":[{\"@type\":\"Article\",\"@id\":\"https:\/\/tabernaculoprensadedios.com\/web\/pastor-surfista-construye-un-faro-de-fe-en-las-playas-de-portugal\/#article\",\"isPartOf\":{\"@id\":\"https:\/\/tabernaculoprensadedios.com\/web\/pastor-surfista-construye-un-faro-de-fe-en-las-playas-de-portugal\/\"},\"author\":{\"name\":\"tabernaculo\",\"@id\":\"https:\/\/tabernaculoprensadedios.com\/web\/#\/schema\/person\/bc0e069fef56b38e177db6f098ae0b6e\"},\"headline\":\"Pastor surfista construye un faro de fe en las playas de Portugal\",\"datePublished\":\"2025-01-14T23:38:40+00:00\",\"dateModified\":\"2025-01-14T23:46:04+00:00\",\"mainEntityOfPage\":{\"@id\":\"https:\/\/tabernaculoprensadedios.com\/web\/pastor-surfista-construye-un-faro-de-fe-en-las-playas-de-portugal\/\"},\"wordCount\":1109,\"commentCount\":0,\"publisher\":{\"@id\":\"https:\/\/tabernaculoprensadedios.com\/web\/#\/schema\/person\/bc0e069fef56b38e177db6f098ae0b6e\"},\"image\":{\"@id\":\"https:\/\/tabernaculoprensadedios.com\/web\/pastor-surfista-construye-un-faro-de-fe-en-las-playas-de-portugal\/#primaryimage\"},\"thumbnailUrl\":\"https:\/\/tabernaculoprensadedios.com\/web\/wp-content\/uploads\/2025\/01\/fotos_ap_luis_andres_henao.avif\",\"articleSection\":[\"Deporte\"],\"inLanguage\":\"es\",\"potentialAction\":[{\"@type\":\"CommentAction\",\"name\":\"Comment\",\"target\":[\"https:\/\/tabernaculoprensadedios.com\/web\/pastor-surfista-construye-un-faro-de-fe-en-las-playas-de-portugal\/#respond\"]}]},{\"@type\":\"WebPage\",\"@id\":\"https:\/\/tabernaculoprensadedios.com\/web\/pastor-surfista-construye-un-faro-de-fe-en-las-playas-de-portugal\/\",\"url\":\"https:\/\/tabernaculoprensadedios.com\/web\/pastor-surfista-construye-un-faro-de-fe-en-las-playas-de-portugal\/\",\"name\":\"Pastor surfista construye un faro de fe en las playas de Portugal - Tabernaculo Prensa de Dios\",\"isPartOf\":{\"@id\":\"https:\/\/tabernaculoprensadedios.com\/web\/#website\"},\"primaryImageOfPage\":{\"@id\":\"https:\/\/tabernaculoprensadedios.com\/web\/pastor-surfista-construye-un-faro-de-fe-en-las-playas-de-portugal\/#primaryimage\"},\"image\":{\"@id\":\"https:\/\/tabernaculoprensadedios.com\/web\/pastor-surfista-construye-un-faro-de-fe-en-las-playas-de-portugal\/#primaryimage\"},\"thumbnailUrl\":\"https:\/\/tabernaculoprensadedios.com\/web\/wp-content\/uploads\/2025\/01\/fotos_ap_luis_andres_henao.avif\",\"datePublished\":\"2025-01-14T23:38:40+00:00\",\"dateModified\":\"2025-01-14T23:46:04+00:00\",\"breadcrumb\":{\"@id\":\"https:\/\/tabernaculoprensadedios.com\/web\/pastor-surfista-construye-un-faro-de-fe-en-las-playas-de-portugal\/#breadcrumb\"},\"inLanguage\":\"es\",\"potentialAction\":[{\"@type\":\"ReadAction\",\"target\":[\"https:\/\/tabernaculoprensadedios.com\/web\/pastor-surfista-construye-un-faro-de-fe-en-las-playas-de-portugal\/\"]}]},{\"@type\":\"ImageObject\",\"inLanguage\":\"es\",\"@id\":\"https:\/\/tabernaculoprensadedios.com\/web\/pastor-surfista-construye-un-faro-de-fe-en-las-playas-de-portugal\/#primaryimage\",\"url\":\"https:\/\/tabernaculoprensadedios.com\/web\/wp-content\/uploads\/2025\/01\/fotos_ap_luis_andres_henao.avif\",\"contentUrl\":\"https:\/\/tabernaculoprensadedios.com\/web\/wp-content\/uploads\/2025\/01\/fotos_ap_luis_andres_henao.avif\",\"width\":1000,\"height\":563},{\"@type\":\"BreadcrumbList\",\"@id\":\"https:\/\/tabernaculoprensadedios.com\/web\/pastor-surfista-construye-un-faro-de-fe-en-las-playas-de-portugal\/#breadcrumb\",\"itemListElement\":[{\"@type\":\"ListItem\",\"position\":1,\"name\":\"Portada\",\"item\":\"https:\/\/tabernaculoprensadedios.com\/web\/\"},{\"@type\":\"ListItem\",\"position\":2,\"name\":\"Pastor surfista construye un faro de fe en las playas de Portugal\"}]},{\"@type\":\"WebSite\",\"@id\":\"https:\/\/tabernaculoprensadedios.com\/web\/#website\",\"url\":\"https:\/\/tabernaculoprensadedios.com\/web\/\",\"name\":\"Tabernaculo Prensa de Dios\",\"description\":\"Un medio a la manera de Dios\",\"publisher\":{\"@id\":\"https:\/\/tabernaculoprensadedios.com\/web\/#\/schema\/person\/bc0e069fef56b38e177db6f098ae0b6e\"},\"potentialAction\":[{\"@type\":\"SearchAction\",\"target\":{\"@type\":\"EntryPoint\",\"urlTemplate\":\"https:\/\/tabernaculoprensadedios.com\/web\/?s={search_term_string}\"},\"query-input\":{\"@type\":\"PropertyValueSpecification\",\"valueRequired\":true,\"valueName\":\"search_term_string\"}}],\"inLanguage\":\"es\"},{\"@type\":[\"Person\",\"Organization\"],\"@id\":\"https:\/\/tabernaculoprensadedios.com\/web\/#\/schema\/person\/bc0e069fef56b38e177db6f098ae0b6e\",\"name\":\"tabernaculo\",\"image\":{\"@type\":\"ImageObject\",\"inLanguage\":\"es\",\"@id\":\"https:\/\/tabernaculoprensadedios.com\/web\/#\/schema\/person\/image\/\",\"url\":\"https:\/\/tabernaculoprensadedios.com\/web\/wp-content\/uploads\/2015\/06\/login-logo1.png\",\"contentUrl\":\"https:\/\/tabernaculoprensadedios.com\/web\/wp-content\/uploads\/2015\/06\/login-logo1.png\",\"width\":300,\"height\":118,\"caption\":\"tabernaculo\"},\"logo\":{\"@id\":\"https:\/\/tabernaculoprensadedios.com\/web\/#\/schema\/person\/image\/\"},\"url\":\"https:\/\/tabernaculoprensadedios.com\/web\/author\/tabernaculo\/\"}]}<\/script>\n<!-- \/ Yoast SEO Premium plugin. -->","yoast_head_json":{"title":"Pastor surfista construye un faro de fe en las playas de Portugal - Tabernaculo Prensa de Dios","robots":{"index":"index","follow":"follow","max-snippet":"max-snippet:-1","max-image-preview":"max-image-preview:large","max-video-preview":"max-video-preview:-1"},"canonical":"https:\/\/tabernaculoprensadedios.com\/web\/pastor-surfista-construye-un-faro-de-fe-en-las-playas-de-portugal\/","og_locale":"es_ES","og_type":"article","og_title":"Pastor surfista construye un faro de fe en las playas de Portugal","og_description":"Marielle Louw, con las manos en alto, y Andries Louw, misioneros de Sud\u00e1frica, rezan durante un servicio religioso en la iglesia Surf Church en la playa de Matosinhos, en los suburbios de Oporto, Portugal, el 18 de agosto de 2024. (Foto AP\/Luis Andres Henao) OPORTO, Portugal \u2013 El surf suele considerarse un deporte, pero para &hellip;","og_url":"https:\/\/tabernaculoprensadedios.com\/web\/pastor-surfista-construye-un-faro-de-fe-en-las-playas-de-portugal\/","og_site_name":"Tabernaculo Prensa de Dios","article_published_time":"2025-01-14T23:38:40+00:00","article_modified_time":"2025-01-14T23:46:04+00:00","og_image":[{"width":1000,"height":563,"url":"https:\/\/tabernaculoprensadedios.com\/web\/wp-content\/uploads\/2025\/01\/fotos_ap_luis_andres_henao.avif","type":"image\/jpeg"}],"author":"tabernaculo","twitter_card":"summary_large_image","twitter_creator":"@PrensadeDios","twitter_site":"@PrensadeDios","twitter_misc":{"Escrito por":"tabernaculo","Tiempo de lectura":"5 minutos"},"schema":{"@context":"https:\/\/schema.org","@graph":[{"@type":"Article","@id":"https:\/\/tabernaculoprensadedios.com\/web\/pastor-surfista-construye-un-faro-de-fe-en-las-playas-de-portugal\/#article","isPartOf":{"@id":"https:\/\/tabernaculoprensadedios.com\/web\/pastor-surfista-construye-un-faro-de-fe-en-las-playas-de-portugal\/"},"author":{"name":"tabernaculo","@id":"https:\/\/tabernaculoprensadedios.com\/web\/#\/schema\/person\/bc0e069fef56b38e177db6f098ae0b6e"},"headline":"Pastor surfista construye un faro de fe en las playas de Portugal","datePublished":"2025-01-14T23:38:40+00:00","dateModified":"2025-01-14T23:46:04+00:00","mainEntityOfPage":{"@id":"https:\/\/tabernaculoprensadedios.com\/web\/pastor-surfista-construye-un-faro-de-fe-en-las-playas-de-portugal\/"},"wordCount":1109,"commentCount":0,"publisher":{"@id":"https:\/\/tabernaculoprensadedios.com\/web\/#\/schema\/person\/bc0e069fef56b38e177db6f098ae0b6e"},"image":{"@id":"https:\/\/tabernaculoprensadedios.com\/web\/pastor-surfista-construye-un-faro-de-fe-en-las-playas-de-portugal\/#primaryimage"},"thumbnailUrl":"https:\/\/tabernaculoprensadedios.com\/web\/wp-content\/uploads\/2025\/01\/fotos_ap_luis_andres_henao.avif","articleSection":["Deporte"],"inLanguage":"es","potentialAction":[{"@type":"CommentAction","name":"Comment","target":["https:\/\/tabernaculoprensadedios.com\/web\/pastor-surfista-construye-un-faro-de-fe-en-las-playas-de-portugal\/#respond"]}]},{"@type":"WebPage","@id":"https:\/\/tabernaculoprensadedios.com\/web\/pastor-surfista-construye-un-faro-de-fe-en-las-playas-de-portugal\/","url":"https:\/\/tabernaculoprensadedios.com\/web\/pastor-surfista-construye-un-faro-de-fe-en-las-playas-de-portugal\/","name":"Pastor surfista construye un faro de fe en las playas de Portugal - Tabernaculo Prensa de Dios","isPartOf":{"@id":"https:\/\/tabernaculoprensadedios.com\/web\/#website"},"primaryImageOfPage":{"@id":"https:\/\/tabernaculoprensadedios.com\/web\/pastor-surfista-construye-un-faro-de-fe-en-las-playas-de-portugal\/#primaryimage"},"image":{"@id":"https:\/\/tabernaculoprensadedios.com\/web\/pastor-surfista-construye-un-faro-de-fe-en-las-playas-de-portugal\/#primaryimage"},"thumbnailUrl":"https:\/\/tabernaculoprensadedios.com\/web\/wp-content\/uploads\/2025\/01\/fotos_ap_luis_andres_henao.avif","datePublished":"2025-01-14T23:38:40+00:00","dateModified":"2025-01-14T23:46:04+00:00","breadcrumb":{"@id":"https:\/\/tabernaculoprensadedios.com\/web\/pastor-surfista-construye-un-faro-de-fe-en-las-playas-de-portugal\/#breadcrumb"},"inLanguage":"es","potentialAction":[{"@type":"ReadAction","target":["https:\/\/tabernaculoprensadedios.com\/web\/pastor-surfista-construye-un-faro-de-fe-en-las-playas-de-portugal\/"]}]},{"@type":"ImageObject","inLanguage":"es","@id":"https:\/\/tabernaculoprensadedios.com\/web\/pastor-surfista-construye-un-faro-de-fe-en-las-playas-de-portugal\/#primaryimage","url":"https:\/\/tabernaculoprensadedios.com\/web\/wp-content\/uploads\/2025\/01\/fotos_ap_luis_andres_henao.avif","contentUrl":"https:\/\/tabernaculoprensadedios.com\/web\/wp-content\/uploads\/2025\/01\/fotos_ap_luis_andres_henao.avif","width":1000,"height":563},{"@type":"BreadcrumbList","@id":"https:\/\/tabernaculoprensadedios.com\/web\/pastor-surfista-construye-un-faro-de-fe-en-las-playas-de-portugal\/#breadcrumb","itemListElement":[{"@type":"ListItem","position":1,"name":"Portada","item":"https:\/\/tabernaculoprensadedios.com\/web\/"},{"@type":"ListItem","position":2,"name":"Pastor surfista construye un faro de fe en las playas de Portugal"}]},{"@type":"WebSite","@id":"https:\/\/tabernaculoprensadedios.com\/web\/#website","url":"https:\/\/tabernaculoprensadedios.com\/web\/","name":"Tabernaculo Prensa de Dios","description":"Un medio a la manera de Dios","publisher":{"@id":"https:\/\/tabernaculoprensadedios.com\/web\/#\/schema\/person\/bc0e069fef56b38e177db6f098ae0b6e"},"potentialAction":[{"@type":"SearchAction","target":{"@type":"EntryPoint","urlTemplate":"https:\/\/tabernaculoprensadedios.com\/web\/?s={search_term_string}"},"query-input":{"@type":"PropertyValueSpecification","valueRequired":true,"valueName":"search_term_string"}}],"inLanguage":"es"},{"@type":["Person","Organization"],"@id":"https:\/\/tabernaculoprensadedios.com\/web\/#\/schema\/person\/bc0e069fef56b38e177db6f098ae0b6e","name":"tabernaculo","image":{"@type":"ImageObject","inLanguage":"es","@id":"https:\/\/tabernaculoprensadedios.com\/web\/#\/schema\/person\/image\/","url":"https:\/\/tabernaculoprensadedios.com\/web\/wp-content\/uploads\/2015\/06\/login-logo1.png","contentUrl":"https:\/\/tabernaculoprensadedios.com\/web\/wp-content\/uploads\/2015\/06\/login-logo1.png","width":300,"height":118,"caption":"tabernaculo"},"logo":{"@id":"https:\/\/tabernaculoprensadedios.com\/web\/#\/schema\/person\/image\/"},"url":"https:\/\/tabernaculoprensadedios.com\/web\/author\/tabernaculo\/"}]}},"_links":{"self":[{"href":"https:\/\/tabernaculoprensadedios.com\/web\/wp-json\/wp\/v2\/posts\/33487","targetHints":{"allow":["GET"]}}],"collection":[{"href":"https:\/\/tabernaculoprensadedios.com\/web\/wp-json\/wp\/v2\/posts"}],"about":[{"href":"https:\/\/tabernaculoprensadedios.com\/web\/wp-json\/wp\/v2\/types\/post"}],"author":[{"embeddable":true,"href":"https:\/\/tabernaculoprensadedios.com\/web\/wp-json\/wp\/v2\/users\/1"}],"replies":[{"embeddable":true,"href":"https:\/\/tabernaculoprensadedios.com\/web\/wp-json\/wp\/v2\/comments?post=33487"}],"version-history":[{"count":1,"href":"https:\/\/tabernaculoprensadedios.com\/web\/wp-json\/wp\/v2\/posts\/33487\/revisions"}],"predecessor-version":[{"id":33489,"href":"https:\/\/tabernaculoprensadedios.com\/web\/wp-json\/wp\/v2\/posts\/33487\/revisions\/33489"}],"wp:featuredmedia":[{"embeddable":true,"href":"https:\/\/tabernaculoprensadedios.com\/web\/wp-json\/wp\/v2\/media\/33488"}],"wp:attachment":[{"href":"https:\/\/tabernaculoprensadedios.com\/web\/wp-json\/wp\/v2\/media?parent=33487"}],"wp:term":[{"taxonomy":"category","embeddable":true,"href":"https:\/\/tabernaculoprensadedios.com\/web\/wp-json\/wp\/v2\/categories?post=33487"},{"taxonomy":"post_tag","embeddable":true,"href":"https:\/\/tabernaculoprensadedios.com\/web\/wp-json\/wp\/v2\/tags?post=33487"}],"curies":[{"name":"wp","href":"https:\/\/api.w.org\/{rel}","templated":true}]}}