{"id":33465,"date":"2025-01-13T22:00:20","date_gmt":"2025-01-13T22:00:20","guid":{"rendered":"https:\/\/tabernaculoprensadedios.com\/web\/?p=33465"},"modified":"2025-01-13T22:01:03","modified_gmt":"2025-01-13T22:01:03","slug":"promover-la-paz-y-la-prosperidad-de-la-gente-entre-quienes-habitamos","status":"publish","type":"post","link":"https:\/\/tabernaculoprensadedios.com\/web\/promover-la-paz-y-la-prosperidad-de-la-gente-entre-quienes-habitamos\/","title":{"rendered":"Promover la paz y la prosperidad de la gente entre quienes habitamos"},"content":{"rendered":"<p>El principio involucrado en este texto nos sugiere a todos aquellos de nosotros que somos los peregrinos y extranjeros del Se\u00f1or, que hemos de estar deseosos de promover la paz y la prosperidad de la gente entre quienes habitamos. Nuestra naci\u00f3n y nuestra ciudad han de ser especialmente bendecidas por nuestra constante intercesi\u00f3n.<\/p>\n<p>Una sincera oraci\u00f3n por Gran Breta\u00f1a e Irlanda es muy conveniente en la boca de cada creyente ingl\u00e9s.<\/p>\n<p>Oremos con denuedo por la gran bendici\u00f3n de la paz, tanto en casa como en el extranjero. Si la refriega causara el derramamiento de sangre en nuestras calles, o si la batalla en el extranjero matara a nuestros valientes soldados, todos nosotros deber\u00edamos lamentar la calamidad; por tanto, oremos por la paz, y promovamos diligentemente aquellos principios por los que las clases sociales en casa y los pueblos extranjeros est\u00e9n ligados entre s\u00ed con lazos de amistad.<\/p>\n<p>A nosotros mismos se nos promete tranquilidad en conexi\u00f3n con la paz de la naci\u00f3n, y esto es sumamente deseable; pues as\u00ed podemos educar a nuestras familias en el temor del Se\u00f1or, y tambi\u00e9n predicar el Evangelio sin impedimentos y sin obst\u00e1culos. Hoy hemos de orar mucho por nuestro pa\u00eds, confesando los pecados nacionales, y pidiendo el perd\u00f3n y la bendici\u00f3n para la naci\u00f3n, por Jesucristo nuestro Se\u00f1or.<\/p>\n","protected":false},"excerpt":{"rendered":"<p>El principio involucrado en este texto nos sugiere a todos aquellos de nosotros que somos los peregrinos y extranjeros del Se\u00f1or, que hemos de estar deseosos de promover la paz y la prosperidad de la gente entre quienes habitamos. Nuestra naci\u00f3n y nuestra ciudad han de ser especialmente bendecidas por nuestra constante intercesi\u00f3n. Una sincera &hellip;<\/p>\n","protected":false},"author":1,"featured_media":33467,"comment_status":"open","ping_status":"open","sticky":false,"template":"","format":"standard","meta":{"footnotes":""},"categories":[34],"tags":[],"class_list":["post-33465","post","type-post","status-publish","format-standard","has-post-thumbnail","hentry","category-articulos"],"yoast_head":"<!-- This site is optimized with the Yoast SEO Premium plugin v24.2 (Yoast SEO v27.1.1) - https:\/\/yoast.com\/product\/yoast-seo-premium-wordpress\/ -->\n<title>Promover la paz y la prosperidad de la gente entre quienes habitamos - Tabernaculo Prensa de Dios<\/title>\n<meta name=\"robots\" content=\"index, follow, max-snippet:-1, max-image-preview:large, max-video-preview:-1\" \/>\n<link rel=\"canonical\" href=\"https:\/\/tabernaculoprensadedios.com\/web\/promover-la-paz-y-la-prosperidad-de-la-gente-entre-quienes-habitamos\/\" class=\"yoast-seo-meta-tag\" \/>\n<meta property=\"og:locale\" content=\"es_ES\" class=\"yoast-seo-meta-tag\" \/>\n<meta property=\"og:type\" content=\"article\" class=\"yoast-seo-meta-tag\" \/>\n<meta property=\"og:title\" content=\"Promover la paz y la prosperidad de la gente entre quienes habitamos\" class=\"yoast-seo-meta-tag\" \/>\n<meta property=\"og:description\" content=\"El principio involucrado en este texto nos sugiere a todos aquellos de nosotros que somos los peregrinos y extranjeros del Se\u00f1or, que hemos de estar deseosos de promover la paz y la prosperidad de la gente entre quienes habitamos. Nuestra naci\u00f3n y nuestra ciudad han de ser especialmente bendecidas por nuestra constante intercesi\u00f3n. Una sincera &hellip;\" class=\"yoast-seo-meta-tag\" \/>\n<meta property=\"og:url\" content=\"https:\/\/tabernaculoprensadedios.com\/web\/promover-la-paz-y-la-prosperidad-de-la-gente-entre-quienes-habitamos\/\" class=\"yoast-seo-meta-tag\" \/>\n<meta property=\"og:site_name\" content=\"Tabernaculo Prensa de Dios\" class=\"yoast-seo-meta-tag\" \/>\n<meta property=\"article:published_time\" content=\"2025-01-13T22:00:20+00:00\" class=\"yoast-seo-meta-tag\" \/>\n<meta property=\"article:modified_time\" content=\"2025-01-13T22:01:03+00:00\" class=\"yoast-seo-meta-tag\" \/>\n<meta property=\"og:image\" content=\"https:\/\/tabernaculoprensadedios.com\/web\/wp-content\/uploads\/2025\/01\/vxbiseol81e-e1736805494298.avif\" class=\"yoast-seo-meta-tag\" \/>\n\t<meta property=\"og:image:width\" content=\"800\" class=\"yoast-seo-meta-tag\" \/>\n\t<meta property=\"og:image:height\" content=\"558\" class=\"yoast-seo-meta-tag\" \/>\n\t<meta property=\"og:image:type\" content=\"image\/jpeg\" class=\"yoast-seo-meta-tag\" \/>\n<meta name=\"author\" content=\"tabernaculo\" class=\"yoast-seo-meta-tag\" \/>\n<meta name=\"twitter:card\" content=\"summary_large_image\" class=\"yoast-seo-meta-tag\" \/>\n<meta name=\"twitter:creator\" content=\"@PrensadeDios\" class=\"yoast-seo-meta-tag\" \/>\n<meta name=\"twitter:site\" content=\"@PrensadeDios\" class=\"yoast-seo-meta-tag\" \/>\n<meta name=\"twitter:label1\" content=\"Escrito por\" class=\"yoast-seo-meta-tag\" \/>\n\t<meta name=\"twitter:data1\" content=\"tabernaculo\" class=\"yoast-seo-meta-tag\" \/>\n\t<meta name=\"twitter:label2\" content=\"Tiempo de lectura\" class=\"yoast-seo-meta-tag\" \/>\n\t<meta name=\"twitter:data2\" content=\"2 minutos\" class=\"yoast-seo-meta-tag\" \/>\n<script type=\"application\/ld+json\" class=\"yoast-schema-graph\">{\"@context\":\"https:\/\/schema.org\",\"@graph\":[{\"@type\":\"Article\",\"@id\":\"https:\/\/tabernaculoprensadedios.com\/web\/promover-la-paz-y-la-prosperidad-de-la-gente-entre-quienes-habitamos\/#article\",\"isPartOf\":{\"@id\":\"https:\/\/tabernaculoprensadedios.com\/web\/promover-la-paz-y-la-prosperidad-de-la-gente-entre-quienes-habitamos\/\"},\"author\":{\"name\":\"tabernaculo\",\"@id\":\"https:\/\/tabernaculoprensadedios.com\/web\/#\/schema\/person\/bc0e069fef56b38e177db6f098ae0b6e\"},\"headline\":\"Promover la paz y la prosperidad de la gente entre quienes habitamos\",\"datePublished\":\"2025-01-13T22:00:20+00:00\",\"dateModified\":\"2025-01-13T22:01:03+00:00\",\"mainEntityOfPage\":{\"@id\":\"https:\/\/tabernaculoprensadedios.com\/web\/promover-la-paz-y-la-prosperidad-de-la-gente-entre-quienes-habitamos\/\"},\"wordCount\":247,\"commentCount\":0,\"publisher\":{\"@id\":\"https:\/\/tabernaculoprensadedios.com\/web\/#\/schema\/person\/bc0e069fef56b38e177db6f098ae0b6e\"},\"image\":{\"@id\":\"https:\/\/tabernaculoprensadedios.com\/web\/promover-la-paz-y-la-prosperidad-de-la-gente-entre-quienes-habitamos\/#primaryimage\"},\"thumbnailUrl\":\"https:\/\/tabernaculoprensadedios.com\/web\/wp-content\/uploads\/2025\/01\/vxbiseol81e-e1736805494298.avif\",\"articleSection\":[\"Articulos\"],\"inLanguage\":\"es\",\"potentialAction\":[{\"@type\":\"CommentAction\",\"name\":\"Comment\",\"target\":[\"https:\/\/tabernaculoprensadedios.com\/web\/promover-la-paz-y-la-prosperidad-de-la-gente-entre-quienes-habitamos\/#respond\"]}]},{\"@type\":\"WebPage\",\"@id\":\"https:\/\/tabernaculoprensadedios.com\/web\/promover-la-paz-y-la-prosperidad-de-la-gente-entre-quienes-habitamos\/\",\"url\":\"https:\/\/tabernaculoprensadedios.com\/web\/promover-la-paz-y-la-prosperidad-de-la-gente-entre-quienes-habitamos\/\",\"name\":\"Promover la paz y la prosperidad de la gente entre quienes habitamos - Tabernaculo Prensa de Dios\",\"isPartOf\":{\"@id\":\"https:\/\/tabernaculoprensadedios.com\/web\/#website\"},\"primaryImageOfPage\":{\"@id\":\"https:\/\/tabernaculoprensadedios.com\/web\/promover-la-paz-y-la-prosperidad-de-la-gente-entre-quienes-habitamos\/#primaryimage\"},\"image\":{\"@id\":\"https:\/\/tabernaculoprensadedios.com\/web\/promover-la-paz-y-la-prosperidad-de-la-gente-entre-quienes-habitamos\/#primaryimage\"},\"thumbnailUrl\":\"https:\/\/tabernaculoprensadedios.com\/web\/wp-content\/uploads\/2025\/01\/vxbiseol81e-e1736805494298.avif\",\"datePublished\":\"2025-01-13T22:00:20+00:00\",\"dateModified\":\"2025-01-13T22:01:03+00:00\",\"breadcrumb\":{\"@id\":\"https:\/\/tabernaculoprensadedios.com\/web\/promover-la-paz-y-la-prosperidad-de-la-gente-entre-quienes-habitamos\/#breadcrumb\"},\"inLanguage\":\"es\",\"potentialAction\":[{\"@type\":\"ReadAction\",\"target\":[\"https:\/\/tabernaculoprensadedios.com\/web\/promover-la-paz-y-la-prosperidad-de-la-gente-entre-quienes-habitamos\/\"]}]},{\"@type\":\"ImageObject\",\"inLanguage\":\"es\",\"@id\":\"https:\/\/tabernaculoprensadedios.com\/web\/promover-la-paz-y-la-prosperidad-de-la-gente-entre-quienes-habitamos\/#primaryimage\",\"url\":\"https:\/\/tabernaculoprensadedios.com\/web\/wp-content\/uploads\/2025\/01\/vxbiseol81e-e1736805494298.avif\",\"contentUrl\":\"https:\/\/tabernaculoprensadedios.com\/web\/wp-content\/uploads\/2025\/01\/vxbiseol81e-e1736805494298.avif\",\"width\":800,\"height\":558,\"caption\":\"A group of people sitting on top of a cement bench\"},{\"@type\":\"BreadcrumbList\",\"@id\":\"https:\/\/tabernaculoprensadedios.com\/web\/promover-la-paz-y-la-prosperidad-de-la-gente-entre-quienes-habitamos\/#breadcrumb\",\"itemListElement\":[{\"@type\":\"ListItem\",\"position\":1,\"name\":\"Portada\",\"item\":\"https:\/\/tabernaculoprensadedios.com\/web\/\"},{\"@type\":\"ListItem\",\"position\":2,\"name\":\"Promover la paz y la prosperidad de la gente entre quienes habitamos\"}]},{\"@type\":\"WebSite\",\"@id\":\"https:\/\/tabernaculoprensadedios.com\/web\/#website\",\"url\":\"https:\/\/tabernaculoprensadedios.com\/web\/\",\"name\":\"Tabernaculo Prensa de Dios\",\"description\":\"Un medio a la manera de Dios\",\"publisher\":{\"@id\":\"https:\/\/tabernaculoprensadedios.com\/web\/#\/schema\/person\/bc0e069fef56b38e177db6f098ae0b6e\"},\"potentialAction\":[{\"@type\":\"SearchAction\",\"target\":{\"@type\":\"EntryPoint\",\"urlTemplate\":\"https:\/\/tabernaculoprensadedios.com\/web\/?s={search_term_string}\"},\"query-input\":{\"@type\":\"PropertyValueSpecification\",\"valueRequired\":true,\"valueName\":\"search_term_string\"}}],\"inLanguage\":\"es\"},{\"@type\":[\"Person\",\"Organization\"],\"@id\":\"https:\/\/tabernaculoprensadedios.com\/web\/#\/schema\/person\/bc0e069fef56b38e177db6f098ae0b6e\",\"name\":\"tabernaculo\",\"image\":{\"@type\":\"ImageObject\",\"inLanguage\":\"es\",\"@id\":\"https:\/\/tabernaculoprensadedios.com\/web\/#\/schema\/person\/image\/\",\"url\":\"https:\/\/tabernaculoprensadedios.com\/web\/wp-content\/uploads\/2015\/06\/login-logo1.png\",\"contentUrl\":\"https:\/\/tabernaculoprensadedios.com\/web\/wp-content\/uploads\/2015\/06\/login-logo1.png\",\"width\":300,\"height\":118,\"caption\":\"tabernaculo\"},\"logo\":{\"@id\":\"https:\/\/tabernaculoprensadedios.com\/web\/#\/schema\/person\/image\/\"},\"url\":\"https:\/\/tabernaculoprensadedios.com\/web\/author\/tabernaculo\/\"}]}<\/script>\n<!-- \/ Yoast SEO Premium plugin. -->","yoast_head_json":{"title":"Promover la paz y la prosperidad de la gente entre quienes habitamos - Tabernaculo Prensa de Dios","robots":{"index":"index","follow":"follow","max-snippet":"max-snippet:-1","max-image-preview":"max-image-preview:large","max-video-preview":"max-video-preview:-1"},"canonical":"https:\/\/tabernaculoprensadedios.com\/web\/promover-la-paz-y-la-prosperidad-de-la-gente-entre-quienes-habitamos\/","og_locale":"es_ES","og_type":"article","og_title":"Promover la paz y la prosperidad de la gente entre quienes habitamos","og_description":"El principio involucrado en este texto nos sugiere a todos aquellos de nosotros que somos los peregrinos y extranjeros del Se\u00f1or, que hemos de estar deseosos de promover la paz y la prosperidad de la gente entre quienes habitamos. Nuestra naci\u00f3n y nuestra ciudad han de ser especialmente bendecidas por nuestra constante intercesi\u00f3n. Una sincera &hellip;","og_url":"https:\/\/tabernaculoprensadedios.com\/web\/promover-la-paz-y-la-prosperidad-de-la-gente-entre-quienes-habitamos\/","og_site_name":"Tabernaculo Prensa de Dios","article_published_time":"2025-01-13T22:00:20+00:00","article_modified_time":"2025-01-13T22:01:03+00:00","og_image":[{"width":800,"height":558,"url":"https:\/\/tabernaculoprensadedios.com\/web\/wp-content\/uploads\/2025\/01\/vxbiseol81e-e1736805494298.avif","type":"image\/jpeg"}],"author":"tabernaculo","twitter_card":"summary_large_image","twitter_creator":"@PrensadeDios","twitter_site":"@PrensadeDios","twitter_misc":{"Escrito por":"tabernaculo","Tiempo de lectura":"2 minutos"},"schema":{"@context":"https:\/\/schema.org","@graph":[{"@type":"Article","@id":"https:\/\/tabernaculoprensadedios.com\/web\/promover-la-paz-y-la-prosperidad-de-la-gente-entre-quienes-habitamos\/#article","isPartOf":{"@id":"https:\/\/tabernaculoprensadedios.com\/web\/promover-la-paz-y-la-prosperidad-de-la-gente-entre-quienes-habitamos\/"},"author":{"name":"tabernaculo","@id":"https:\/\/tabernaculoprensadedios.com\/web\/#\/schema\/person\/bc0e069fef56b38e177db6f098ae0b6e"},"headline":"Promover la paz y la prosperidad de la gente entre quienes habitamos","datePublished":"2025-01-13T22:00:20+00:00","dateModified":"2025-01-13T22:01:03+00:00","mainEntityOfPage":{"@id":"https:\/\/tabernaculoprensadedios.com\/web\/promover-la-paz-y-la-prosperidad-de-la-gente-entre-quienes-habitamos\/"},"wordCount":247,"commentCount":0,"publisher":{"@id":"https:\/\/tabernaculoprensadedios.com\/web\/#\/schema\/person\/bc0e069fef56b38e177db6f098ae0b6e"},"image":{"@id":"https:\/\/tabernaculoprensadedios.com\/web\/promover-la-paz-y-la-prosperidad-de-la-gente-entre-quienes-habitamos\/#primaryimage"},"thumbnailUrl":"https:\/\/tabernaculoprensadedios.com\/web\/wp-content\/uploads\/2025\/01\/vxbiseol81e-e1736805494298.avif","articleSection":["Articulos"],"inLanguage":"es","potentialAction":[{"@type":"CommentAction","name":"Comment","target":["https:\/\/tabernaculoprensadedios.com\/web\/promover-la-paz-y-la-prosperidad-de-la-gente-entre-quienes-habitamos\/#respond"]}]},{"@type":"WebPage","@id":"https:\/\/tabernaculoprensadedios.com\/web\/promover-la-paz-y-la-prosperidad-de-la-gente-entre-quienes-habitamos\/","url":"https:\/\/tabernaculoprensadedios.com\/web\/promover-la-paz-y-la-prosperidad-de-la-gente-entre-quienes-habitamos\/","name":"Promover la paz y la prosperidad de la gente entre quienes habitamos - Tabernaculo Prensa de Dios","isPartOf":{"@id":"https:\/\/tabernaculoprensadedios.com\/web\/#website"},"primaryImageOfPage":{"@id":"https:\/\/tabernaculoprensadedios.com\/web\/promover-la-paz-y-la-prosperidad-de-la-gente-entre-quienes-habitamos\/#primaryimage"},"image":{"@id":"https:\/\/tabernaculoprensadedios.com\/web\/promover-la-paz-y-la-prosperidad-de-la-gente-entre-quienes-habitamos\/#primaryimage"},"thumbnailUrl":"https:\/\/tabernaculoprensadedios.com\/web\/wp-content\/uploads\/2025\/01\/vxbiseol81e-e1736805494298.avif","datePublished":"2025-01-13T22:00:20+00:00","dateModified":"2025-01-13T22:01:03+00:00","breadcrumb":{"@id":"https:\/\/tabernaculoprensadedios.com\/web\/promover-la-paz-y-la-prosperidad-de-la-gente-entre-quienes-habitamos\/#breadcrumb"},"inLanguage":"es","potentialAction":[{"@type":"ReadAction","target":["https:\/\/tabernaculoprensadedios.com\/web\/promover-la-paz-y-la-prosperidad-de-la-gente-entre-quienes-habitamos\/"]}]},{"@type":"ImageObject","inLanguage":"es","@id":"https:\/\/tabernaculoprensadedios.com\/web\/promover-la-paz-y-la-prosperidad-de-la-gente-entre-quienes-habitamos\/#primaryimage","url":"https:\/\/tabernaculoprensadedios.com\/web\/wp-content\/uploads\/2025\/01\/vxbiseol81e-e1736805494298.avif","contentUrl":"https:\/\/tabernaculoprensadedios.com\/web\/wp-content\/uploads\/2025\/01\/vxbiseol81e-e1736805494298.avif","width":800,"height":558,"caption":"A group of people sitting on top of a cement bench"},{"@type":"BreadcrumbList","@id":"https:\/\/tabernaculoprensadedios.com\/web\/promover-la-paz-y-la-prosperidad-de-la-gente-entre-quienes-habitamos\/#breadcrumb","itemListElement":[{"@type":"ListItem","position":1,"name":"Portada","item":"https:\/\/tabernaculoprensadedios.com\/web\/"},{"@type":"ListItem","position":2,"name":"Promover la paz y la prosperidad de la gente entre quienes habitamos"}]},{"@type":"WebSite","@id":"https:\/\/tabernaculoprensadedios.com\/web\/#website","url":"https:\/\/tabernaculoprensadedios.com\/web\/","name":"Tabernaculo Prensa de Dios","description":"Un medio a la manera de Dios","publisher":{"@id":"https:\/\/tabernaculoprensadedios.com\/web\/#\/schema\/person\/bc0e069fef56b38e177db6f098ae0b6e"},"potentialAction":[{"@type":"SearchAction","target":{"@type":"EntryPoint","urlTemplate":"https:\/\/tabernaculoprensadedios.com\/web\/?s={search_term_string}"},"query-input":{"@type":"PropertyValueSpecification","valueRequired":true,"valueName":"search_term_string"}}],"inLanguage":"es"},{"@type":["Person","Organization"],"@id":"https:\/\/tabernaculoprensadedios.com\/web\/#\/schema\/person\/bc0e069fef56b38e177db6f098ae0b6e","name":"tabernaculo","image":{"@type":"ImageObject","inLanguage":"es","@id":"https:\/\/tabernaculoprensadedios.com\/web\/#\/schema\/person\/image\/","url":"https:\/\/tabernaculoprensadedios.com\/web\/wp-content\/uploads\/2015\/06\/login-logo1.png","contentUrl":"https:\/\/tabernaculoprensadedios.com\/web\/wp-content\/uploads\/2015\/06\/login-logo1.png","width":300,"height":118,"caption":"tabernaculo"},"logo":{"@id":"https:\/\/tabernaculoprensadedios.com\/web\/#\/schema\/person\/image\/"},"url":"https:\/\/tabernaculoprensadedios.com\/web\/author\/tabernaculo\/"}]}},"_links":{"self":[{"href":"https:\/\/tabernaculoprensadedios.com\/web\/wp-json\/wp\/v2\/posts\/33465","targetHints":{"allow":["GET"]}}],"collection":[{"href":"https:\/\/tabernaculoprensadedios.com\/web\/wp-json\/wp\/v2\/posts"}],"about":[{"href":"https:\/\/tabernaculoprensadedios.com\/web\/wp-json\/wp\/v2\/types\/post"}],"author":[{"embeddable":true,"href":"https:\/\/tabernaculoprensadedios.com\/web\/wp-json\/wp\/v2\/users\/1"}],"replies":[{"embeddable":true,"href":"https:\/\/tabernaculoprensadedios.com\/web\/wp-json\/wp\/v2\/comments?post=33465"}],"version-history":[{"count":2,"href":"https:\/\/tabernaculoprensadedios.com\/web\/wp-json\/wp\/v2\/posts\/33465\/revisions"}],"predecessor-version":[{"id":33468,"href":"https:\/\/tabernaculoprensadedios.com\/web\/wp-json\/wp\/v2\/posts\/33465\/revisions\/33468"}],"wp:featuredmedia":[{"embeddable":true,"href":"https:\/\/tabernaculoprensadedios.com\/web\/wp-json\/wp\/v2\/media\/33467"}],"wp:attachment":[{"href":"https:\/\/tabernaculoprensadedios.com\/web\/wp-json\/wp\/v2\/media?parent=33465"}],"wp:term":[{"taxonomy":"category","embeddable":true,"href":"https:\/\/tabernaculoprensadedios.com\/web\/wp-json\/wp\/v2\/categories?post=33465"},{"taxonomy":"post_tag","embeddable":true,"href":"https:\/\/tabernaculoprensadedios.com\/web\/wp-json\/wp\/v2\/tags?post=33465"}],"curies":[{"name":"wp","href":"https:\/\/api.w.org\/{rel}","templated":true}]}}