{"id":33362,"date":"2024-12-31T02:17:06","date_gmt":"2024-12-31T02:17:06","guid":{"rendered":"https:\/\/tabernaculoprensadedios.com\/web\/?p=33362"},"modified":"2024-12-31T02:17:06","modified_gmt":"2024-12-31T02:17:06","slug":"reflexion-de-fin-de-ano-unidos-en-el-llamado-mas-alla-de-la-competencia-ministerial","status":"publish","type":"post","link":"https:\/\/tabernaculoprensadedios.com\/web\/reflexion-de-fin-de-ano-unidos-en-el-llamado-mas-alla-de-la-competencia-ministerial\/","title":{"rendered":"Reflexi\u00f3n de Fin de A\u00f1o. Unidos en el Llamado M\u00e1s All\u00e1 de la Competencia Ministerial"},"content":{"rendered":"<p>Este a\u00f1o, marcado por desaf\u00edos y profundas reflexiones, recordamos con gratitud la vida y el legado del obispo, pastor y ministro<strong> Elvis Samuel Medina<\/strong>, quien durante dos d\u00e9cadas lider\u00f3 con excelencia en su rol en la oficina de Enlace de la Presidencia de la Rep\u00fablica. Su partida nos deja un mensaje urgente, una voz de alerta que resuena con fuerza: <strong>\u00abSe termin\u00f3 ya la competencia ministerial.\u00bb<\/strong><\/p>\n<p>El mensaje nos invita a abandonar toda rivalidad y comparaci\u00f3n dentro del cuerpo de Cristo. Como dice 1 Corintios 3-6-7: <strong>\u201cYo plant\u00e9, Apolos reg\u00f3; pero el crecimiento lo ha dado Dios. As\u00ed que ni el que planta es algo, ni el que riega, sino Dios, que da el crecimiento.\u201d<\/strong>La obra es de Dios, y cada uno tiene un papel \u00fanico y valioso en Su reino.<\/p>\n<p><strong>Reconociendo el prop\u00f3sito eterno:<\/strong> El pastor Elvis Medina siempre enfatiz\u00f3 la importancia de trabajar con integridad y humildad, record\u00e1ndonos que el ministerio no es una plataforma para la competencia, sino un servicio dedicado a exaltar el nombre de Cristo y edificar su iglesia.<\/p>\n<p><strong>El mensaje para el 2024. <\/strong>En este nuevo a\u00f1o, se nos llama a dejar atr\u00e1s toda competencia y enfocarnos en el prop\u00f3sito eterno de Dios: La reconciliaci\u00f3n del mundo con \u00c9l a trav\u00e9s de Cristo. Este es un tiempo para restaurar relaciones, edificar comunidades y vivir con el coraz\u00f3n alineado a la misi\u00f3n del Reino.<\/p>\n<p>La urgencia de <strong>\u00abYa\u00bb<\/strong>: La palabra \u00abya\u00bb no solo indica un momento decisivo, sino un llamado a actuar sin demora. No podemos esperar m\u00e1s para eliminar las divisiones y trabajar juntos en armon\u00eda, como una iglesia que refleja el amor y la gloria de Dios.<\/p>\n<p><strong>Conclusi\u00f3n<\/strong><br \/>\nEl legado del pastor<strong> Elvis Samuel Medina<\/strong> vive en cada uno de nosotros, y su mensaje es una gu\u00eda para entrar en este nuevo a\u00f1o con una visi\u00f3n renovada. Dejemos que este llamado transforme nuestras vidas, nuestros ministerios y nuestras comunidades, recordando siempre que la competencia no tiene lugar en el reino de Dios. Este mensaje estaba guardado para ahora,pues parti\u00f3 con el Se\u00f1or el 6 de agosto del 2024.<\/p>\n<p>Que este fin de a\u00f1o sea un tiempo de reflexi\u00f3n, unidad y preparaci\u00f3n para lo que <strong>Dios tiene preparado para el 2025.<\/strong><\/p>\n","protected":false},"excerpt":{"rendered":"<p>Este a\u00f1o, marcado por desaf\u00edos y profundas reflexiones, recordamos con gratitud la vida y el legado del obispo, pastor y ministro Elvis Samuel Medina, quien durante dos d\u00e9cadas lider\u00f3 con excelencia en su rol en la oficina de Enlace de la Presidencia de la Rep\u00fablica. Su partida nos deja un mensaje urgente, una voz de &hellip;<\/p>\n","protected":false},"author":1,"featured_media":12708,"comment_status":"open","ping_status":"open","sticky":false,"template":"","format":"standard","meta":{"footnotes":""},"categories":[49],"tags":[],"class_list":["post-33362","post","type-post","status-publish","format-standard","has-post-thumbnail","hentry","category-testimonios-de-margarita"],"yoast_head":"<!-- This site is optimized with the Yoast SEO Premium plugin v24.2 (Yoast SEO v27.1.1) - https:\/\/yoast.com\/product\/yoast-seo-premium-wordpress\/ -->\n<title>Reflexi\u00f3n de Fin de A\u00f1o. Unidos en el Llamado M\u00e1s All\u00e1 de la Competencia Ministerial - Tabernaculo Prensa de Dios<\/title>\n<meta name=\"robots\" content=\"index, follow, max-snippet:-1, max-image-preview:large, max-video-preview:-1\" \/>\n<link rel=\"canonical\" href=\"https:\/\/tabernaculoprensadedios.com\/web\/reflexion-de-fin-de-ano-unidos-en-el-llamado-mas-alla-de-la-competencia-ministerial\/\" class=\"yoast-seo-meta-tag\" \/>\n<meta property=\"og:locale\" content=\"es_ES\" class=\"yoast-seo-meta-tag\" \/>\n<meta property=\"og:type\" content=\"article\" class=\"yoast-seo-meta-tag\" \/>\n<meta property=\"og:title\" content=\"Reflexi\u00f3n de Fin de A\u00f1o. Unidos en el Llamado M\u00e1s All\u00e1 de la Competencia Ministerial\" class=\"yoast-seo-meta-tag\" \/>\n<meta property=\"og:description\" content=\"Este a\u00f1o, marcado por desaf\u00edos y profundas reflexiones, recordamos con gratitud la vida y el legado del obispo, pastor y ministro Elvis Samuel Medina, quien durante dos d\u00e9cadas lider\u00f3 con excelencia en su rol en la oficina de Enlace de la Presidencia de la Rep\u00fablica. Su partida nos deja un mensaje urgente, una voz de &hellip;\" class=\"yoast-seo-meta-tag\" \/>\n<meta property=\"og:url\" content=\"https:\/\/tabernaculoprensadedios.com\/web\/reflexion-de-fin-de-ano-unidos-en-el-llamado-mas-alla-de-la-competencia-ministerial\/\" class=\"yoast-seo-meta-tag\" \/>\n<meta property=\"og:site_name\" content=\"Tabernaculo Prensa de Dios\" class=\"yoast-seo-meta-tag\" \/>\n<meta property=\"article:published_time\" content=\"2024-12-31T02:17:06+00:00\" class=\"yoast-seo-meta-tag\" \/>\n<meta property=\"og:image\" content=\"https:\/\/tabernaculoprensadedios.com\/web\/wp-content\/uploads\/2019\/03\/Obispo-Elvis-Samuel-Medina.jpg\" class=\"yoast-seo-meta-tag\" \/>\n\t<meta property=\"og:image:width\" content=\"800\" class=\"yoast-seo-meta-tag\" \/>\n\t<meta property=\"og:image:height\" content=\"532\" class=\"yoast-seo-meta-tag\" \/>\n\t<meta property=\"og:image:type\" content=\"image\/jpeg\" class=\"yoast-seo-meta-tag\" \/>\n<meta name=\"author\" content=\"tabernaculo\" class=\"yoast-seo-meta-tag\" \/>\n<meta name=\"twitter:card\" content=\"summary_large_image\" class=\"yoast-seo-meta-tag\" \/>\n<meta name=\"twitter:creator\" content=\"@PrensadeDios\" class=\"yoast-seo-meta-tag\" \/>\n<meta name=\"twitter:site\" content=\"@PrensadeDios\" class=\"yoast-seo-meta-tag\" \/>\n<meta name=\"twitter:label1\" content=\"Escrito por\" class=\"yoast-seo-meta-tag\" \/>\n\t<meta name=\"twitter:data1\" content=\"tabernaculo\" class=\"yoast-seo-meta-tag\" \/>\n\t<meta name=\"twitter:label2\" content=\"Tiempo de lectura\" class=\"yoast-seo-meta-tag\" \/>\n\t<meta name=\"twitter:data2\" content=\"2 minutos\" class=\"yoast-seo-meta-tag\" \/>\n<script type=\"application\/ld+json\" class=\"yoast-schema-graph\">{\"@context\":\"https:\/\/schema.org\",\"@graph\":[{\"@type\":\"Article\",\"@id\":\"https:\/\/tabernaculoprensadedios.com\/web\/reflexion-de-fin-de-ano-unidos-en-el-llamado-mas-alla-de-la-competencia-ministerial\/#article\",\"isPartOf\":{\"@id\":\"https:\/\/tabernaculoprensadedios.com\/web\/reflexion-de-fin-de-ano-unidos-en-el-llamado-mas-alla-de-la-competencia-ministerial\/\"},\"author\":{\"name\":\"tabernaculo\",\"@id\":\"https:\/\/tabernaculoprensadedios.com\/web\/#\/schema\/person\/bc0e069fef56b38e177db6f098ae0b6e\"},\"headline\":\"Reflexi\u00f3n de Fin de A\u00f1o. Unidos en el Llamado M\u00e1s All\u00e1 de la Competencia Ministerial\",\"datePublished\":\"2024-12-31T02:17:06+00:00\",\"mainEntityOfPage\":{\"@id\":\"https:\/\/tabernaculoprensadedios.com\/web\/reflexion-de-fin-de-ano-unidos-en-el-llamado-mas-alla-de-la-competencia-ministerial\/\"},\"wordCount\":407,\"commentCount\":0,\"publisher\":{\"@id\":\"https:\/\/tabernaculoprensadedios.com\/web\/#\/schema\/person\/bc0e069fef56b38e177db6f098ae0b6e\"},\"image\":{\"@id\":\"https:\/\/tabernaculoprensadedios.com\/web\/reflexion-de-fin-de-ano-unidos-en-el-llamado-mas-alla-de-la-competencia-ministerial\/#primaryimage\"},\"thumbnailUrl\":\"https:\/\/tabernaculoprensadedios.com\/web\/wp-content\/uploads\/2019\/03\/Obispo-Elvis-Samuel-Medina.jpg\",\"articleSection\":[\"TESTIMONIOS DE MARGARITA\"],\"inLanguage\":\"es\",\"potentialAction\":[{\"@type\":\"CommentAction\",\"name\":\"Comment\",\"target\":[\"https:\/\/tabernaculoprensadedios.com\/web\/reflexion-de-fin-de-ano-unidos-en-el-llamado-mas-alla-de-la-competencia-ministerial\/#respond\"]}]},{\"@type\":\"WebPage\",\"@id\":\"https:\/\/tabernaculoprensadedios.com\/web\/reflexion-de-fin-de-ano-unidos-en-el-llamado-mas-alla-de-la-competencia-ministerial\/\",\"url\":\"https:\/\/tabernaculoprensadedios.com\/web\/reflexion-de-fin-de-ano-unidos-en-el-llamado-mas-alla-de-la-competencia-ministerial\/\",\"name\":\"Reflexi\u00f3n de Fin de A\u00f1o. Unidos en el Llamado M\u00e1s All\u00e1 de la Competencia Ministerial - Tabernaculo Prensa de Dios\",\"isPartOf\":{\"@id\":\"https:\/\/tabernaculoprensadedios.com\/web\/#website\"},\"primaryImageOfPage\":{\"@id\":\"https:\/\/tabernaculoprensadedios.com\/web\/reflexion-de-fin-de-ano-unidos-en-el-llamado-mas-alla-de-la-competencia-ministerial\/#primaryimage\"},\"image\":{\"@id\":\"https:\/\/tabernaculoprensadedios.com\/web\/reflexion-de-fin-de-ano-unidos-en-el-llamado-mas-alla-de-la-competencia-ministerial\/#primaryimage\"},\"thumbnailUrl\":\"https:\/\/tabernaculoprensadedios.com\/web\/wp-content\/uploads\/2019\/03\/Obispo-Elvis-Samuel-Medina.jpg\",\"datePublished\":\"2024-12-31T02:17:06+00:00\",\"breadcrumb\":{\"@id\":\"https:\/\/tabernaculoprensadedios.com\/web\/reflexion-de-fin-de-ano-unidos-en-el-llamado-mas-alla-de-la-competencia-ministerial\/#breadcrumb\"},\"inLanguage\":\"es\",\"potentialAction\":[{\"@type\":\"ReadAction\",\"target\":[\"https:\/\/tabernaculoprensadedios.com\/web\/reflexion-de-fin-de-ano-unidos-en-el-llamado-mas-alla-de-la-competencia-ministerial\/\"]}]},{\"@type\":\"ImageObject\",\"inLanguage\":\"es\",\"@id\":\"https:\/\/tabernaculoprensadedios.com\/web\/reflexion-de-fin-de-ano-unidos-en-el-llamado-mas-alla-de-la-competencia-ministerial\/#primaryimage\",\"url\":\"https:\/\/tabernaculoprensadedios.com\/web\/wp-content\/uploads\/2019\/03\/Obispo-Elvis-Samuel-Medina.jpg\",\"contentUrl\":\"https:\/\/tabernaculoprensadedios.com\/web\/wp-content\/uploads\/2019\/03\/Obispo-Elvis-Samuel-Medina.jpg\",\"width\":800,\"height\":532},{\"@type\":\"BreadcrumbList\",\"@id\":\"https:\/\/tabernaculoprensadedios.com\/web\/reflexion-de-fin-de-ano-unidos-en-el-llamado-mas-alla-de-la-competencia-ministerial\/#breadcrumb\",\"itemListElement\":[{\"@type\":\"ListItem\",\"position\":1,\"name\":\"Portada\",\"item\":\"https:\/\/tabernaculoprensadedios.com\/web\/\"},{\"@type\":\"ListItem\",\"position\":2,\"name\":\"Reflexi\u00f3n de Fin de A\u00f1o. Unidos en el Llamado M\u00e1s All\u00e1 de la Competencia Ministerial\"}]},{\"@type\":\"WebSite\",\"@id\":\"https:\/\/tabernaculoprensadedios.com\/web\/#website\",\"url\":\"https:\/\/tabernaculoprensadedios.com\/web\/\",\"name\":\"Tabernaculo Prensa de Dios\",\"description\":\"Un medio a la manera de Dios\",\"publisher\":{\"@id\":\"https:\/\/tabernaculoprensadedios.com\/web\/#\/schema\/person\/bc0e069fef56b38e177db6f098ae0b6e\"},\"potentialAction\":[{\"@type\":\"SearchAction\",\"target\":{\"@type\":\"EntryPoint\",\"urlTemplate\":\"https:\/\/tabernaculoprensadedios.com\/web\/?s={search_term_string}\"},\"query-input\":{\"@type\":\"PropertyValueSpecification\",\"valueRequired\":true,\"valueName\":\"search_term_string\"}}],\"inLanguage\":\"es\"},{\"@type\":[\"Person\",\"Organization\"],\"@id\":\"https:\/\/tabernaculoprensadedios.com\/web\/#\/schema\/person\/bc0e069fef56b38e177db6f098ae0b6e\",\"name\":\"tabernaculo\",\"image\":{\"@type\":\"ImageObject\",\"inLanguage\":\"es\",\"@id\":\"https:\/\/tabernaculoprensadedios.com\/web\/#\/schema\/person\/image\/\",\"url\":\"https:\/\/tabernaculoprensadedios.com\/web\/wp-content\/uploads\/2015\/06\/login-logo1.png\",\"contentUrl\":\"https:\/\/tabernaculoprensadedios.com\/web\/wp-content\/uploads\/2015\/06\/login-logo1.png\",\"width\":300,\"height\":118,\"caption\":\"tabernaculo\"},\"logo\":{\"@id\":\"https:\/\/tabernaculoprensadedios.com\/web\/#\/schema\/person\/image\/\"},\"url\":\"https:\/\/tabernaculoprensadedios.com\/web\/author\/tabernaculo\/\"}]}<\/script>\n<!-- \/ Yoast SEO Premium plugin. -->","yoast_head_json":{"title":"Reflexi\u00f3n de Fin de A\u00f1o. Unidos en el Llamado M\u00e1s All\u00e1 de la Competencia Ministerial - Tabernaculo Prensa de Dios","robots":{"index":"index","follow":"follow","max-snippet":"max-snippet:-1","max-image-preview":"max-image-preview:large","max-video-preview":"max-video-preview:-1"},"canonical":"https:\/\/tabernaculoprensadedios.com\/web\/reflexion-de-fin-de-ano-unidos-en-el-llamado-mas-alla-de-la-competencia-ministerial\/","og_locale":"es_ES","og_type":"article","og_title":"Reflexi\u00f3n de Fin de A\u00f1o. Unidos en el Llamado M\u00e1s All\u00e1 de la Competencia Ministerial","og_description":"Este a\u00f1o, marcado por desaf\u00edos y profundas reflexiones, recordamos con gratitud la vida y el legado del obispo, pastor y ministro Elvis Samuel Medina, quien durante dos d\u00e9cadas lider\u00f3 con excelencia en su rol en la oficina de Enlace de la Presidencia de la Rep\u00fablica. Su partida nos deja un mensaje urgente, una voz de &hellip;","og_url":"https:\/\/tabernaculoprensadedios.com\/web\/reflexion-de-fin-de-ano-unidos-en-el-llamado-mas-alla-de-la-competencia-ministerial\/","og_site_name":"Tabernaculo Prensa de Dios","article_published_time":"2024-12-31T02:17:06+00:00","og_image":[{"width":800,"height":532,"url":"https:\/\/tabernaculoprensadedios.com\/web\/wp-content\/uploads\/2019\/03\/Obispo-Elvis-Samuel-Medina.jpg","type":"image\/jpeg"}],"author":"tabernaculo","twitter_card":"summary_large_image","twitter_creator":"@PrensadeDios","twitter_site":"@PrensadeDios","twitter_misc":{"Escrito por":"tabernaculo","Tiempo de lectura":"2 minutos"},"schema":{"@context":"https:\/\/schema.org","@graph":[{"@type":"Article","@id":"https:\/\/tabernaculoprensadedios.com\/web\/reflexion-de-fin-de-ano-unidos-en-el-llamado-mas-alla-de-la-competencia-ministerial\/#article","isPartOf":{"@id":"https:\/\/tabernaculoprensadedios.com\/web\/reflexion-de-fin-de-ano-unidos-en-el-llamado-mas-alla-de-la-competencia-ministerial\/"},"author":{"name":"tabernaculo","@id":"https:\/\/tabernaculoprensadedios.com\/web\/#\/schema\/person\/bc0e069fef56b38e177db6f098ae0b6e"},"headline":"Reflexi\u00f3n de Fin de A\u00f1o. Unidos en el Llamado M\u00e1s All\u00e1 de la Competencia Ministerial","datePublished":"2024-12-31T02:17:06+00:00","mainEntityOfPage":{"@id":"https:\/\/tabernaculoprensadedios.com\/web\/reflexion-de-fin-de-ano-unidos-en-el-llamado-mas-alla-de-la-competencia-ministerial\/"},"wordCount":407,"commentCount":0,"publisher":{"@id":"https:\/\/tabernaculoprensadedios.com\/web\/#\/schema\/person\/bc0e069fef56b38e177db6f098ae0b6e"},"image":{"@id":"https:\/\/tabernaculoprensadedios.com\/web\/reflexion-de-fin-de-ano-unidos-en-el-llamado-mas-alla-de-la-competencia-ministerial\/#primaryimage"},"thumbnailUrl":"https:\/\/tabernaculoprensadedios.com\/web\/wp-content\/uploads\/2019\/03\/Obispo-Elvis-Samuel-Medina.jpg","articleSection":["TESTIMONIOS DE MARGARITA"],"inLanguage":"es","potentialAction":[{"@type":"CommentAction","name":"Comment","target":["https:\/\/tabernaculoprensadedios.com\/web\/reflexion-de-fin-de-ano-unidos-en-el-llamado-mas-alla-de-la-competencia-ministerial\/#respond"]}]},{"@type":"WebPage","@id":"https:\/\/tabernaculoprensadedios.com\/web\/reflexion-de-fin-de-ano-unidos-en-el-llamado-mas-alla-de-la-competencia-ministerial\/","url":"https:\/\/tabernaculoprensadedios.com\/web\/reflexion-de-fin-de-ano-unidos-en-el-llamado-mas-alla-de-la-competencia-ministerial\/","name":"Reflexi\u00f3n de Fin de A\u00f1o. Unidos en el Llamado M\u00e1s All\u00e1 de la Competencia Ministerial - Tabernaculo Prensa de Dios","isPartOf":{"@id":"https:\/\/tabernaculoprensadedios.com\/web\/#website"},"primaryImageOfPage":{"@id":"https:\/\/tabernaculoprensadedios.com\/web\/reflexion-de-fin-de-ano-unidos-en-el-llamado-mas-alla-de-la-competencia-ministerial\/#primaryimage"},"image":{"@id":"https:\/\/tabernaculoprensadedios.com\/web\/reflexion-de-fin-de-ano-unidos-en-el-llamado-mas-alla-de-la-competencia-ministerial\/#primaryimage"},"thumbnailUrl":"https:\/\/tabernaculoprensadedios.com\/web\/wp-content\/uploads\/2019\/03\/Obispo-Elvis-Samuel-Medina.jpg","datePublished":"2024-12-31T02:17:06+00:00","breadcrumb":{"@id":"https:\/\/tabernaculoprensadedios.com\/web\/reflexion-de-fin-de-ano-unidos-en-el-llamado-mas-alla-de-la-competencia-ministerial\/#breadcrumb"},"inLanguage":"es","potentialAction":[{"@type":"ReadAction","target":["https:\/\/tabernaculoprensadedios.com\/web\/reflexion-de-fin-de-ano-unidos-en-el-llamado-mas-alla-de-la-competencia-ministerial\/"]}]},{"@type":"ImageObject","inLanguage":"es","@id":"https:\/\/tabernaculoprensadedios.com\/web\/reflexion-de-fin-de-ano-unidos-en-el-llamado-mas-alla-de-la-competencia-ministerial\/#primaryimage","url":"https:\/\/tabernaculoprensadedios.com\/web\/wp-content\/uploads\/2019\/03\/Obispo-Elvis-Samuel-Medina.jpg","contentUrl":"https:\/\/tabernaculoprensadedios.com\/web\/wp-content\/uploads\/2019\/03\/Obispo-Elvis-Samuel-Medina.jpg","width":800,"height":532},{"@type":"BreadcrumbList","@id":"https:\/\/tabernaculoprensadedios.com\/web\/reflexion-de-fin-de-ano-unidos-en-el-llamado-mas-alla-de-la-competencia-ministerial\/#breadcrumb","itemListElement":[{"@type":"ListItem","position":1,"name":"Portada","item":"https:\/\/tabernaculoprensadedios.com\/web\/"},{"@type":"ListItem","position":2,"name":"Reflexi\u00f3n de Fin de A\u00f1o. Unidos en el Llamado M\u00e1s All\u00e1 de la Competencia Ministerial"}]},{"@type":"WebSite","@id":"https:\/\/tabernaculoprensadedios.com\/web\/#website","url":"https:\/\/tabernaculoprensadedios.com\/web\/","name":"Tabernaculo Prensa de Dios","description":"Un medio a la manera de Dios","publisher":{"@id":"https:\/\/tabernaculoprensadedios.com\/web\/#\/schema\/person\/bc0e069fef56b38e177db6f098ae0b6e"},"potentialAction":[{"@type":"SearchAction","target":{"@type":"EntryPoint","urlTemplate":"https:\/\/tabernaculoprensadedios.com\/web\/?s={search_term_string}"},"query-input":{"@type":"PropertyValueSpecification","valueRequired":true,"valueName":"search_term_string"}}],"inLanguage":"es"},{"@type":["Person","Organization"],"@id":"https:\/\/tabernaculoprensadedios.com\/web\/#\/schema\/person\/bc0e069fef56b38e177db6f098ae0b6e","name":"tabernaculo","image":{"@type":"ImageObject","inLanguage":"es","@id":"https:\/\/tabernaculoprensadedios.com\/web\/#\/schema\/person\/image\/","url":"https:\/\/tabernaculoprensadedios.com\/web\/wp-content\/uploads\/2015\/06\/login-logo1.png","contentUrl":"https:\/\/tabernaculoprensadedios.com\/web\/wp-content\/uploads\/2015\/06\/login-logo1.png","width":300,"height":118,"caption":"tabernaculo"},"logo":{"@id":"https:\/\/tabernaculoprensadedios.com\/web\/#\/schema\/person\/image\/"},"url":"https:\/\/tabernaculoprensadedios.com\/web\/author\/tabernaculo\/"}]}},"_links":{"self":[{"href":"https:\/\/tabernaculoprensadedios.com\/web\/wp-json\/wp\/v2\/posts\/33362","targetHints":{"allow":["GET"]}}],"collection":[{"href":"https:\/\/tabernaculoprensadedios.com\/web\/wp-json\/wp\/v2\/posts"}],"about":[{"href":"https:\/\/tabernaculoprensadedios.com\/web\/wp-json\/wp\/v2\/types\/post"}],"author":[{"embeddable":true,"href":"https:\/\/tabernaculoprensadedios.com\/web\/wp-json\/wp\/v2\/users\/1"}],"replies":[{"embeddable":true,"href":"https:\/\/tabernaculoprensadedios.com\/web\/wp-json\/wp\/v2\/comments?post=33362"}],"version-history":[{"count":1,"href":"https:\/\/tabernaculoprensadedios.com\/web\/wp-json\/wp\/v2\/posts\/33362\/revisions"}],"predecessor-version":[{"id":33363,"href":"https:\/\/tabernaculoprensadedios.com\/web\/wp-json\/wp\/v2\/posts\/33362\/revisions\/33363"}],"wp:featuredmedia":[{"embeddable":true,"href":"https:\/\/tabernaculoprensadedios.com\/web\/wp-json\/wp\/v2\/media\/12708"}],"wp:attachment":[{"href":"https:\/\/tabernaculoprensadedios.com\/web\/wp-json\/wp\/v2\/media?parent=33362"}],"wp:term":[{"taxonomy":"category","embeddable":true,"href":"https:\/\/tabernaculoprensadedios.com\/web\/wp-json\/wp\/v2\/categories?post=33362"},{"taxonomy":"post_tag","embeddable":true,"href":"https:\/\/tabernaculoprensadedios.com\/web\/wp-json\/wp\/v2\/tags?post=33362"}],"curies":[{"name":"wp","href":"https:\/\/api.w.org\/{rel}","templated":true}]}}