{"id":33230,"date":"2024-12-13T20:51:51","date_gmt":"2024-12-13T20:51:51","guid":{"rendered":"https:\/\/tabernaculoprensadedios.com\/web\/?p=33230"},"modified":"2024-12-13T20:51:51","modified_gmt":"2024-12-13T20:51:51","slug":"preparandonos-para-un-nuevo-comienzo-decidamos-cuidar-la-paz-en-nuestra-vida-y-familia","status":"publish","type":"post","link":"https:\/\/tabernaculoprensadedios.com\/web\/preparandonos-para-un-nuevo-comienzo-decidamos-cuidar-la-paz-en-nuestra-vida-y-familia\/","title":{"rendered":"Prepar\u00e1ndonos para un Nuevo Comienzo: Decidamos Cuidar la Paz en Nuestra Vida y Familia"},"content":{"rendered":"<p><em><strong>JUAN 14:27 La paz os dejo, mi paz os doy; yo no os la doy como el mundo la da. No se turbe vuestro coraz\u00f3n, ni tenga miedo.<\/strong><\/em><\/p>\n<p>Este d\u00eda continuamos con el estudio B\u00edblico en el cual estamos reflexionando sobre c\u00f3mo podemos prepararnos para tener un nuevo comienzo en el 2025, es decir, qu\u00e9 decisiones debemos tomar desde el inicio de este nuevo a\u00f1o para poderlo terminar en victoria y en bendici\u00f3n.<\/p>\n<p>Tenemos que reconocer que SI ALGO DEBEMOS VALORAR Y CUIDAR ES NUESTRA PAZ PERSONAL Y LA PAZ DE NUESTRA FAMILIA, pues como lo hemos le\u00eddo para comenzar esa paz es una bendici\u00f3n del Se\u00f1or que nada del mundo nos puede dar.<\/p>\n<p>Si no valoramos y cuidamos la paz por medio de nuestras acciones y decisiones seguramente tendremos un a\u00f1o lleno de conflictos, de angustias, de preocupaciones y de amargura.<\/p>\n<p>\u00bfQU\u00c9 DECISIONES TENEMOS QUE TOMAR DESDE EL INICIO DE ESTE NUEVO A\u00d1O PARA CUIDAR NUESTRA PAZ? VEAMOS LO QUE NOS ENSE\u00d1A LA PALABRA DE DIOS:<\/p>\n<p><strong>I) DECIDAMOS FORTALECER NUESTRA RELACI\u00d3N PERSONAL CON DIOS<\/strong><br \/>\n(JOB 22:21-23) Vuelve ahora en amistad con \u00e9l, y tendr\u00e1s paz; Y por ello te vendr\u00e1 bien. 22 Toma ahora la ley de su boca, Y pon sus palabras en tu coraz\u00f3n. 23 Si te volvieres al Omnipotente, ser\u00e1s edificado; Alejar\u00e1s de tu tienda la aflicci\u00f3n;<\/p>\n<p>Tenemos que comprender un principio espiritual muy importante: DIOS ES EL DADOR DE LA VERDADERA PAZ es por eso que solamente podemos experimentar y permanecer en esa paz cuando nos mantenemos cerca de Dios y en comuni\u00f3n con El.<\/p>\n<p>Cuando fortalecemos nuestra relaci\u00f3n con Dios y volvemos nuestro coraz\u00f3n en amistad con \u00c9l podemos tener paz a pesar de los problemas y dificultades, pues comprendemos que el Se\u00f1or es m\u00e1s grande y poderoso que cualquiera de los enemigos y dificultades que enfrentamos (Jerem\u00edas 1:19) Y pelear\u00e1n contra ti, pero no te vencer\u00e1n; porque yo estoy contigo, dice Jehov\u00e1, para librarte.<\/p>\n<p>Cuando desarrollamos nuestra comuni\u00f3n personal con Dios fortalecemos nuestra confianza y nuestra convicci\u00f3n y eso nos da seguridad y paz (Romanos 8:31) \u00bfQu\u00e9, pues, diremos a esto? Si Dios es por nosotros, \u00bfqui\u00e9n contra nosotros?.<\/p>\n<p>Desarrollar y fortalecer nuestra relaci\u00f3n con el Se\u00f1or nos permite poner nuestras cargas y angustias en sus manos y de esa manera podemos experimentar la paz de Dios que sobrepasa todo entendimiento (Filipenses 4:6-8) Por nada est\u00e9is afanosos, sino sean conocidas vuestras peticiones delante de Dios en toda oraci\u00f3n y ruego, con acci\u00f3n de gracias. 7 Y la paz de Dios, que sobrepasa todo entendimiento, guardar\u00e1 vuestros corazones y vuestros pensamientos en Cristo Jes\u00fas.<\/p>\n<p><strong>II) DECIDAMOS BUSCAR PRIMERAMENTE LA VOLUNTAD DE DIOS Y OBEDECERLA SOMETIENDO NUESTRA VOLUNTAD A LA DE \u00c9L<\/strong><br \/>\n(Romanos 12:2) No os conform\u00e9is a este siglo, sino transformaos por medio de la renovaci\u00f3n de vuestro entendimiento, para que comprob\u00e9is cu\u00e1l sea la buena voluntad de Dios, agradable y perfecta.<\/p>\n<p>Este texto nos muestra que la voluntad de Dios, es decir, lo que el Se\u00f1or tiene y quiere para nosotros es BUENO, AGRADABLE Y PERFECTO por lo tanto ES LO MEJOR PARA NUESTRA VIDA.<\/p>\n<p>Pero lastimosamente uno de los m\u00e1s grandes conflictos que tenemos en nuestra vida no est\u00e1 fuera de nosotros, sino en nuestro interior, en nuestro coraz\u00f3n, es EL CONFLICTO ENTRE NUESTRA VOLUNTAD Y LA VOLUNTAD DE DIOS, pues no queremos someter nuestros planes, proyectos y metas a la voluntad del Se\u00f1or.<\/p>\n<p>\u00bfQU\u00c9 NECESITAMOS PARA YA NO TENER ESE CONFLICTO? Tenemos que comprender y confiar que SIEMPRE los planes de Dios son MEJORES que los nuestros aunque no los comprendamos por completo (Isa\u00edas 55:8-9) Porque mis pensamientos no son vuestros pensamientos, ni vuestros caminos mis caminos, dijo Jehov\u00e1. 9 Como son m\u00e1s altos los cielos que la tierra, as\u00ed son mis caminos m\u00e1s altos que vuestros caminos, y mis pensamientos m\u00e1s que vuestros pensamientos.<\/p>\n<p>Tenemos que comprender que buscar la voluntad de Dios y obedecerla es GARANT\u00cdA DE BENDICI\u00d3N para nuestra vida (Jerem\u00edas 7:23) Mas esto les mand\u00e9, diciendo: Escuchad mi voz, y ser\u00e9 a vosotros por Dios, y vosotros me ser\u00e9is por pueblo; y andad en todo camino que os mande, para que os vaya bien.<\/p>\n<p><strong>III) DECIDAMOS ALEJAR NUESTRA VIDA DE PERSONAS T\u00d3XICAS Y NO DEJARNOS AFECTAR POR ELLAS<\/strong><br \/>\n(Salmos 120:5-7) \u00a1Ay de m\u00ed, que moro en Mesec, Y habito entre las tiendas de Cedar! 6 Mucho tiempo ha morado mi alma Con los que aborrecen la paz. 7 Yo soy pac\u00edfico; Mas ellos, as\u00ed que hablo, me hacen guerra.<\/p>\n<p>En estos textos el salmista expresa su angustia por vivir rodeado de personas CONFLICTIVAS que NO QUIEREN LA PAZ:<\/p>\n<p>Mesec se refiere a una tribu lejana en Asia Menor conocida en aquella \u00e9poca por su rudeza y car\u00e1cter belicoso.<\/p>\n<p>Cedar era una tribu n\u00f3mada \u00e1rabe que viv\u00eda en el desierto, y que era reconocida por su hostilidad y el conflicto.<\/p>\n<p>El salmista se siente atrapado en un ambiente donde prevalecen el odio y la guerra, a pesar de que \u00e9l tiene un VERDADERO DESEO DE VIVIR EN PAZ.<\/p>\n<p>Hoy en d\u00eda a ese tipo de personas conflictivas y que nos roban la paz se les llama PERSONAS T\u00d3XICAS.<\/p>\n<p>Ser una persona t\u00f3xica significa tener actitudes o comportamientos que DA\u00d1AN EMOCIONALMENTE A OTROS, como criticar constantemente, manipular, ser negativo, o generar conflictos en las relaciones.<\/p>\n<p><strong>\u00bfC\u00d3MO PODEMOS EVITAR QUE ESAS PERSONAS SIGAN DA\u00d1ANDO NUESTRA VIDA?<\/strong><\/p>\n<p>Primeramente en la medida de lo posible tenemos que ALEJARNOS DE ELLAS para no darles m\u00e1s oportunidad de seguir da\u00f1\u00e1ndonos (Proverbios 14:7) Vete de delante del hombre necio, Porque en \u00e9l no hallar\u00e1s labios de ciencia.<\/p>\n<p>Si no es posible alejarnos de esas personas tenemos que APRENDER A ESTABLECER L\u00cdMITES para cuidar nuestra salud emocional y la paz de nuestro coraz\u00f3n. Es necesario DEFINIR LO QUE ES ACEPTABLE Y LO QUE NO LO ES EN LA RELACI\u00d3N CON ESA PERSONA. Tenemos que comunicar estos l\u00edmites de manera respetuosa PERO FIRME.(Proverbios 4:23) Sobre toda cosa guardada, guarda tu coraz\u00f3n; Porque de \u00e9l mana la vida.<\/p>\n<p>Los l\u00edmites no son ego\u00edstas; son una forma de proteger nuestra paz, salud emocional y espiritual, y tambi\u00e9n permiten que otros sean responsables de sus acciones PARA QUE SE DEN CUENTA DEL DA\u00d1O QUE CAUSAN SUS ACTITUDES Y SUS PALABRAS.<\/p>\n<p>Tambi\u00e9n tenemos que cuidarnos de otro tipo de personas t\u00f3xicas: LOS CHISMOSOS, los que con sus chismes logran SEMBRAR DISCORDIA entre la misma familia (Proverbios 6:19) El testigo falso que habla mentiras, Y el que siembra discordia entre hermanos.<\/p>\n<p>No debemos permitir que NADIE nos ponga en contra de nuestra propia familia, no permitamos que ninguna persona nos robe la paz de nuestra familia, recordemos que VIVIR EN ARMON\u00cdA ES UNA BENDICI\u00d3N DE DIOS (Salmo 133:1) \u00a1Mirad cu\u00e1n bueno y cu\u00e1n delicioso es Habitar los hermanos juntos en armon\u00eda.<\/p>\n<p>&nbsp;<\/p>\n","protected":false},"excerpt":{"rendered":"<p>JUAN 14:27 La paz os dejo, mi paz os doy; yo no os la doy como el mundo la da. No se turbe vuestro coraz\u00f3n, ni tenga miedo. Este d\u00eda continuamos con el estudio B\u00edblico en el cual estamos reflexionando sobre c\u00f3mo podemos prepararnos para tener un nuevo comienzo en el 2025, es decir, qu\u00e9 &hellip;<\/p>\n","protected":false},"author":1,"featured_media":33231,"comment_status":"open","ping_status":"open","sticky":false,"template":"","format":"standard","meta":{"footnotes":""},"categories":[38],"tags":[],"class_list":["post-33230","post","type-post","status-publish","format-standard","has-post-thumbnail","hentry","category-principal"],"yoast_head":"<!-- This site is optimized with the Yoast SEO Premium plugin v24.2 (Yoast SEO v27.1.1) - https:\/\/yoast.com\/product\/yoast-seo-premium-wordpress\/ -->\n<title>Prepar\u00e1ndonos para un Nuevo Comienzo: Decidamos Cuidar la Paz en Nuestra Vida y Familia - Tabernaculo Prensa de Dios<\/title>\n<meta name=\"robots\" content=\"index, follow, max-snippet:-1, max-image-preview:large, max-video-preview:-1\" \/>\n<link rel=\"canonical\" href=\"https:\/\/tabernaculoprensadedios.com\/web\/preparandonos-para-un-nuevo-comienzo-decidamos-cuidar-la-paz-en-nuestra-vida-y-familia\/\" class=\"yoast-seo-meta-tag\" \/>\n<meta property=\"og:locale\" content=\"es_ES\" class=\"yoast-seo-meta-tag\" \/>\n<meta property=\"og:type\" content=\"article\" class=\"yoast-seo-meta-tag\" \/>\n<meta property=\"og:title\" content=\"Prepar\u00e1ndonos para un Nuevo Comienzo: Decidamos Cuidar la Paz en Nuestra Vida y Familia\" class=\"yoast-seo-meta-tag\" \/>\n<meta property=\"og:description\" content=\"JUAN 14:27 La paz os dejo, mi paz os doy; yo no os la doy como el mundo la da. No se turbe vuestro coraz\u00f3n, ni tenga miedo. Este d\u00eda continuamos con el estudio B\u00edblico en el cual estamos reflexionando sobre c\u00f3mo podemos prepararnos para tener un nuevo comienzo en el 2025, es decir, qu\u00e9 &hellip;\" class=\"yoast-seo-meta-tag\" \/>\n<meta property=\"og:url\" content=\"https:\/\/tabernaculoprensadedios.com\/web\/preparandonos-para-un-nuevo-comienzo-decidamos-cuidar-la-paz-en-nuestra-vida-y-familia\/\" class=\"yoast-seo-meta-tag\" \/>\n<meta property=\"og:site_name\" content=\"Tabernaculo Prensa de Dios\" class=\"yoast-seo-meta-tag\" \/>\n<meta property=\"article:published_time\" content=\"2024-12-13T20:51:51+00:00\" class=\"yoast-seo-meta-tag\" \/>\n<meta property=\"og:image\" content=\"https:\/\/tabernaculoprensadedios.com\/web\/wp-content\/uploads\/2024\/12\/7fimxjmaw38.avif\" class=\"yoast-seo-meta-tag\" \/>\n\t<meta property=\"og:image:width\" content=\"1600\" class=\"yoast-seo-meta-tag\" \/>\n\t<meta property=\"og:image:height\" content=\"1067\" class=\"yoast-seo-meta-tag\" \/>\n\t<meta property=\"og:image:type\" content=\"image\/jpeg\" class=\"yoast-seo-meta-tag\" \/>\n<meta name=\"author\" content=\"tabernaculo\" class=\"yoast-seo-meta-tag\" \/>\n<meta name=\"twitter:card\" content=\"summary_large_image\" class=\"yoast-seo-meta-tag\" \/>\n<meta name=\"twitter:creator\" content=\"@PrensadeDios\" class=\"yoast-seo-meta-tag\" \/>\n<meta name=\"twitter:site\" content=\"@PrensadeDios\" class=\"yoast-seo-meta-tag\" \/>\n<meta name=\"twitter:label1\" content=\"Escrito por\" class=\"yoast-seo-meta-tag\" \/>\n\t<meta name=\"twitter:data1\" content=\"tabernaculo\" class=\"yoast-seo-meta-tag\" \/>\n\t<meta name=\"twitter:label2\" content=\"Tiempo de lectura\" class=\"yoast-seo-meta-tag\" \/>\n\t<meta name=\"twitter:data2\" content=\"6 minutos\" class=\"yoast-seo-meta-tag\" \/>\n<script type=\"application\/ld+json\" class=\"yoast-schema-graph\">{\"@context\":\"https:\/\/schema.org\",\"@graph\":[{\"@type\":\"Article\",\"@id\":\"https:\/\/tabernaculoprensadedios.com\/web\/preparandonos-para-un-nuevo-comienzo-decidamos-cuidar-la-paz-en-nuestra-vida-y-familia\/#article\",\"isPartOf\":{\"@id\":\"https:\/\/tabernaculoprensadedios.com\/web\/preparandonos-para-un-nuevo-comienzo-decidamos-cuidar-la-paz-en-nuestra-vida-y-familia\/\"},\"author\":{\"name\":\"tabernaculo\",\"@id\":\"https:\/\/tabernaculoprensadedios.com\/web\/#\/schema\/person\/bc0e069fef56b38e177db6f098ae0b6e\"},\"headline\":\"Prepar\u00e1ndonos para un Nuevo Comienzo: Decidamos Cuidar la Paz en Nuestra Vida y Familia\",\"datePublished\":\"2024-12-13T20:51:51+00:00\",\"mainEntityOfPage\":{\"@id\":\"https:\/\/tabernaculoprensadedios.com\/web\/preparandonos-para-un-nuevo-comienzo-decidamos-cuidar-la-paz-en-nuestra-vida-y-familia\/\"},\"wordCount\":1201,\"commentCount\":0,\"publisher\":{\"@id\":\"https:\/\/tabernaculoprensadedios.com\/web\/#\/schema\/person\/bc0e069fef56b38e177db6f098ae0b6e\"},\"image\":{\"@id\":\"https:\/\/tabernaculoprensadedios.com\/web\/preparandonos-para-un-nuevo-comienzo-decidamos-cuidar-la-paz-en-nuestra-vida-y-familia\/#primaryimage\"},\"thumbnailUrl\":\"https:\/\/tabernaculoprensadedios.com\/web\/wp-content\/uploads\/2024\/12\/7fimxjmaw38.avif\",\"articleSection\":[\"Principal\"],\"inLanguage\":\"es\",\"potentialAction\":[{\"@type\":\"CommentAction\",\"name\":\"Comment\",\"target\":[\"https:\/\/tabernaculoprensadedios.com\/web\/preparandonos-para-un-nuevo-comienzo-decidamos-cuidar-la-paz-en-nuestra-vida-y-familia\/#respond\"]}]},{\"@type\":\"WebPage\",\"@id\":\"https:\/\/tabernaculoprensadedios.com\/web\/preparandonos-para-un-nuevo-comienzo-decidamos-cuidar-la-paz-en-nuestra-vida-y-familia\/\",\"url\":\"https:\/\/tabernaculoprensadedios.com\/web\/preparandonos-para-un-nuevo-comienzo-decidamos-cuidar-la-paz-en-nuestra-vida-y-familia\/\",\"name\":\"Prepar\u00e1ndonos para un Nuevo Comienzo: Decidamos Cuidar la Paz en Nuestra Vida y Familia - Tabernaculo Prensa de Dios\",\"isPartOf\":{\"@id\":\"https:\/\/tabernaculoprensadedios.com\/web\/#website\"},\"primaryImageOfPage\":{\"@id\":\"https:\/\/tabernaculoprensadedios.com\/web\/preparandonos-para-un-nuevo-comienzo-decidamos-cuidar-la-paz-en-nuestra-vida-y-familia\/#primaryimage\"},\"image\":{\"@id\":\"https:\/\/tabernaculoprensadedios.com\/web\/preparandonos-para-un-nuevo-comienzo-decidamos-cuidar-la-paz-en-nuestra-vida-y-familia\/#primaryimage\"},\"thumbnailUrl\":\"https:\/\/tabernaculoprensadedios.com\/web\/wp-content\/uploads\/2024\/12\/7fimxjmaw38.avif\",\"datePublished\":\"2024-12-13T20:51:51+00:00\",\"breadcrumb\":{\"@id\":\"https:\/\/tabernaculoprensadedios.com\/web\/preparandonos-para-un-nuevo-comienzo-decidamos-cuidar-la-paz-en-nuestra-vida-y-familia\/#breadcrumb\"},\"inLanguage\":\"es\",\"potentialAction\":[{\"@type\":\"ReadAction\",\"target\":[\"https:\/\/tabernaculoprensadedios.com\/web\/preparandonos-para-un-nuevo-comienzo-decidamos-cuidar-la-paz-en-nuestra-vida-y-familia\/\"]}]},{\"@type\":\"ImageObject\",\"inLanguage\":\"es\",\"@id\":\"https:\/\/tabernaculoprensadedios.com\/web\/preparandonos-para-un-nuevo-comienzo-decidamos-cuidar-la-paz-en-nuestra-vida-y-familia\/#primaryimage\",\"url\":\"https:\/\/tabernaculoprensadedios.com\/web\/wp-content\/uploads\/2024\/12\/7fimxjmaw38.avif\",\"contentUrl\":\"https:\/\/tabernaculoprensadedios.com\/web\/wp-content\/uploads\/2024\/12\/7fimxjmaw38.avif\",\"width\":1600,\"height\":1067,\"caption\":\"Cuidar la Paz en Nuestra Vida y Familia\"},{\"@type\":\"BreadcrumbList\",\"@id\":\"https:\/\/tabernaculoprensadedios.com\/web\/preparandonos-para-un-nuevo-comienzo-decidamos-cuidar-la-paz-en-nuestra-vida-y-familia\/#breadcrumb\",\"itemListElement\":[{\"@type\":\"ListItem\",\"position\":1,\"name\":\"Portada\",\"item\":\"https:\/\/tabernaculoprensadedios.com\/web\/\"},{\"@type\":\"ListItem\",\"position\":2,\"name\":\"Prepar\u00e1ndonos para un Nuevo Comienzo: Decidamos Cuidar la Paz en Nuestra Vida y Familia\"}]},{\"@type\":\"WebSite\",\"@id\":\"https:\/\/tabernaculoprensadedios.com\/web\/#website\",\"url\":\"https:\/\/tabernaculoprensadedios.com\/web\/\",\"name\":\"Tabernaculo Prensa de Dios\",\"description\":\"Un medio a la manera de Dios\",\"publisher\":{\"@id\":\"https:\/\/tabernaculoprensadedios.com\/web\/#\/schema\/person\/bc0e069fef56b38e177db6f098ae0b6e\"},\"potentialAction\":[{\"@type\":\"SearchAction\",\"target\":{\"@type\":\"EntryPoint\",\"urlTemplate\":\"https:\/\/tabernaculoprensadedios.com\/web\/?s={search_term_string}\"},\"query-input\":{\"@type\":\"PropertyValueSpecification\",\"valueRequired\":true,\"valueName\":\"search_term_string\"}}],\"inLanguage\":\"es\"},{\"@type\":[\"Person\",\"Organization\"],\"@id\":\"https:\/\/tabernaculoprensadedios.com\/web\/#\/schema\/person\/bc0e069fef56b38e177db6f098ae0b6e\",\"name\":\"tabernaculo\",\"image\":{\"@type\":\"ImageObject\",\"inLanguage\":\"es\",\"@id\":\"https:\/\/tabernaculoprensadedios.com\/web\/#\/schema\/person\/image\/\",\"url\":\"https:\/\/tabernaculoprensadedios.com\/web\/wp-content\/uploads\/2015\/06\/login-logo1.png\",\"contentUrl\":\"https:\/\/tabernaculoprensadedios.com\/web\/wp-content\/uploads\/2015\/06\/login-logo1.png\",\"width\":300,\"height\":118,\"caption\":\"tabernaculo\"},\"logo\":{\"@id\":\"https:\/\/tabernaculoprensadedios.com\/web\/#\/schema\/person\/image\/\"},\"url\":\"https:\/\/tabernaculoprensadedios.com\/web\/author\/tabernaculo\/\"}]}<\/script>\n<!-- \/ Yoast SEO Premium plugin. -->","yoast_head_json":{"title":"Prepar\u00e1ndonos para un Nuevo Comienzo: Decidamos Cuidar la Paz en Nuestra Vida y Familia - Tabernaculo Prensa de Dios","robots":{"index":"index","follow":"follow","max-snippet":"max-snippet:-1","max-image-preview":"max-image-preview:large","max-video-preview":"max-video-preview:-1"},"canonical":"https:\/\/tabernaculoprensadedios.com\/web\/preparandonos-para-un-nuevo-comienzo-decidamos-cuidar-la-paz-en-nuestra-vida-y-familia\/","og_locale":"es_ES","og_type":"article","og_title":"Prepar\u00e1ndonos para un Nuevo Comienzo: Decidamos Cuidar la Paz en Nuestra Vida y Familia","og_description":"JUAN 14:27 La paz os dejo, mi paz os doy; yo no os la doy como el mundo la da. No se turbe vuestro coraz\u00f3n, ni tenga miedo. Este d\u00eda continuamos con el estudio B\u00edblico en el cual estamos reflexionando sobre c\u00f3mo podemos prepararnos para tener un nuevo comienzo en el 2025, es decir, qu\u00e9 &hellip;","og_url":"https:\/\/tabernaculoprensadedios.com\/web\/preparandonos-para-un-nuevo-comienzo-decidamos-cuidar-la-paz-en-nuestra-vida-y-familia\/","og_site_name":"Tabernaculo Prensa de Dios","article_published_time":"2024-12-13T20:51:51+00:00","og_image":[{"width":1600,"height":1067,"url":"https:\/\/tabernaculoprensadedios.com\/web\/wp-content\/uploads\/2024\/12\/7fimxjmaw38.avif","type":"image\/jpeg"}],"author":"tabernaculo","twitter_card":"summary_large_image","twitter_creator":"@PrensadeDios","twitter_site":"@PrensadeDios","twitter_misc":{"Escrito por":"tabernaculo","Tiempo de lectura":"6 minutos"},"schema":{"@context":"https:\/\/schema.org","@graph":[{"@type":"Article","@id":"https:\/\/tabernaculoprensadedios.com\/web\/preparandonos-para-un-nuevo-comienzo-decidamos-cuidar-la-paz-en-nuestra-vida-y-familia\/#article","isPartOf":{"@id":"https:\/\/tabernaculoprensadedios.com\/web\/preparandonos-para-un-nuevo-comienzo-decidamos-cuidar-la-paz-en-nuestra-vida-y-familia\/"},"author":{"name":"tabernaculo","@id":"https:\/\/tabernaculoprensadedios.com\/web\/#\/schema\/person\/bc0e069fef56b38e177db6f098ae0b6e"},"headline":"Prepar\u00e1ndonos para un Nuevo Comienzo: Decidamos Cuidar la Paz en Nuestra Vida y Familia","datePublished":"2024-12-13T20:51:51+00:00","mainEntityOfPage":{"@id":"https:\/\/tabernaculoprensadedios.com\/web\/preparandonos-para-un-nuevo-comienzo-decidamos-cuidar-la-paz-en-nuestra-vida-y-familia\/"},"wordCount":1201,"commentCount":0,"publisher":{"@id":"https:\/\/tabernaculoprensadedios.com\/web\/#\/schema\/person\/bc0e069fef56b38e177db6f098ae0b6e"},"image":{"@id":"https:\/\/tabernaculoprensadedios.com\/web\/preparandonos-para-un-nuevo-comienzo-decidamos-cuidar-la-paz-en-nuestra-vida-y-familia\/#primaryimage"},"thumbnailUrl":"https:\/\/tabernaculoprensadedios.com\/web\/wp-content\/uploads\/2024\/12\/7fimxjmaw38.avif","articleSection":["Principal"],"inLanguage":"es","potentialAction":[{"@type":"CommentAction","name":"Comment","target":["https:\/\/tabernaculoprensadedios.com\/web\/preparandonos-para-un-nuevo-comienzo-decidamos-cuidar-la-paz-en-nuestra-vida-y-familia\/#respond"]}]},{"@type":"WebPage","@id":"https:\/\/tabernaculoprensadedios.com\/web\/preparandonos-para-un-nuevo-comienzo-decidamos-cuidar-la-paz-en-nuestra-vida-y-familia\/","url":"https:\/\/tabernaculoprensadedios.com\/web\/preparandonos-para-un-nuevo-comienzo-decidamos-cuidar-la-paz-en-nuestra-vida-y-familia\/","name":"Prepar\u00e1ndonos para un Nuevo Comienzo: Decidamos Cuidar la Paz en Nuestra Vida y Familia - Tabernaculo Prensa de Dios","isPartOf":{"@id":"https:\/\/tabernaculoprensadedios.com\/web\/#website"},"primaryImageOfPage":{"@id":"https:\/\/tabernaculoprensadedios.com\/web\/preparandonos-para-un-nuevo-comienzo-decidamos-cuidar-la-paz-en-nuestra-vida-y-familia\/#primaryimage"},"image":{"@id":"https:\/\/tabernaculoprensadedios.com\/web\/preparandonos-para-un-nuevo-comienzo-decidamos-cuidar-la-paz-en-nuestra-vida-y-familia\/#primaryimage"},"thumbnailUrl":"https:\/\/tabernaculoprensadedios.com\/web\/wp-content\/uploads\/2024\/12\/7fimxjmaw38.avif","datePublished":"2024-12-13T20:51:51+00:00","breadcrumb":{"@id":"https:\/\/tabernaculoprensadedios.com\/web\/preparandonos-para-un-nuevo-comienzo-decidamos-cuidar-la-paz-en-nuestra-vida-y-familia\/#breadcrumb"},"inLanguage":"es","potentialAction":[{"@type":"ReadAction","target":["https:\/\/tabernaculoprensadedios.com\/web\/preparandonos-para-un-nuevo-comienzo-decidamos-cuidar-la-paz-en-nuestra-vida-y-familia\/"]}]},{"@type":"ImageObject","inLanguage":"es","@id":"https:\/\/tabernaculoprensadedios.com\/web\/preparandonos-para-un-nuevo-comienzo-decidamos-cuidar-la-paz-en-nuestra-vida-y-familia\/#primaryimage","url":"https:\/\/tabernaculoprensadedios.com\/web\/wp-content\/uploads\/2024\/12\/7fimxjmaw38.avif","contentUrl":"https:\/\/tabernaculoprensadedios.com\/web\/wp-content\/uploads\/2024\/12\/7fimxjmaw38.avif","width":1600,"height":1067,"caption":"Cuidar la Paz en Nuestra Vida y Familia"},{"@type":"BreadcrumbList","@id":"https:\/\/tabernaculoprensadedios.com\/web\/preparandonos-para-un-nuevo-comienzo-decidamos-cuidar-la-paz-en-nuestra-vida-y-familia\/#breadcrumb","itemListElement":[{"@type":"ListItem","position":1,"name":"Portada","item":"https:\/\/tabernaculoprensadedios.com\/web\/"},{"@type":"ListItem","position":2,"name":"Prepar\u00e1ndonos para un Nuevo Comienzo: Decidamos Cuidar la Paz en Nuestra Vida y Familia"}]},{"@type":"WebSite","@id":"https:\/\/tabernaculoprensadedios.com\/web\/#website","url":"https:\/\/tabernaculoprensadedios.com\/web\/","name":"Tabernaculo Prensa de Dios","description":"Un medio a la manera de Dios","publisher":{"@id":"https:\/\/tabernaculoprensadedios.com\/web\/#\/schema\/person\/bc0e069fef56b38e177db6f098ae0b6e"},"potentialAction":[{"@type":"SearchAction","target":{"@type":"EntryPoint","urlTemplate":"https:\/\/tabernaculoprensadedios.com\/web\/?s={search_term_string}"},"query-input":{"@type":"PropertyValueSpecification","valueRequired":true,"valueName":"search_term_string"}}],"inLanguage":"es"},{"@type":["Person","Organization"],"@id":"https:\/\/tabernaculoprensadedios.com\/web\/#\/schema\/person\/bc0e069fef56b38e177db6f098ae0b6e","name":"tabernaculo","image":{"@type":"ImageObject","inLanguage":"es","@id":"https:\/\/tabernaculoprensadedios.com\/web\/#\/schema\/person\/image\/","url":"https:\/\/tabernaculoprensadedios.com\/web\/wp-content\/uploads\/2015\/06\/login-logo1.png","contentUrl":"https:\/\/tabernaculoprensadedios.com\/web\/wp-content\/uploads\/2015\/06\/login-logo1.png","width":300,"height":118,"caption":"tabernaculo"},"logo":{"@id":"https:\/\/tabernaculoprensadedios.com\/web\/#\/schema\/person\/image\/"},"url":"https:\/\/tabernaculoprensadedios.com\/web\/author\/tabernaculo\/"}]}},"_links":{"self":[{"href":"https:\/\/tabernaculoprensadedios.com\/web\/wp-json\/wp\/v2\/posts\/33230","targetHints":{"allow":["GET"]}}],"collection":[{"href":"https:\/\/tabernaculoprensadedios.com\/web\/wp-json\/wp\/v2\/posts"}],"about":[{"href":"https:\/\/tabernaculoprensadedios.com\/web\/wp-json\/wp\/v2\/types\/post"}],"author":[{"embeddable":true,"href":"https:\/\/tabernaculoprensadedios.com\/web\/wp-json\/wp\/v2\/users\/1"}],"replies":[{"embeddable":true,"href":"https:\/\/tabernaculoprensadedios.com\/web\/wp-json\/wp\/v2\/comments?post=33230"}],"version-history":[{"count":1,"href":"https:\/\/tabernaculoprensadedios.com\/web\/wp-json\/wp\/v2\/posts\/33230\/revisions"}],"predecessor-version":[{"id":33232,"href":"https:\/\/tabernaculoprensadedios.com\/web\/wp-json\/wp\/v2\/posts\/33230\/revisions\/33232"}],"wp:featuredmedia":[{"embeddable":true,"href":"https:\/\/tabernaculoprensadedios.com\/web\/wp-json\/wp\/v2\/media\/33231"}],"wp:attachment":[{"href":"https:\/\/tabernaculoprensadedios.com\/web\/wp-json\/wp\/v2\/media?parent=33230"}],"wp:term":[{"taxonomy":"category","embeddable":true,"href":"https:\/\/tabernaculoprensadedios.com\/web\/wp-json\/wp\/v2\/categories?post=33230"},{"taxonomy":"post_tag","embeddable":true,"href":"https:\/\/tabernaculoprensadedios.com\/web\/wp-json\/wp\/v2\/tags?post=33230"}],"curies":[{"name":"wp","href":"https:\/\/api.w.org\/{rel}","templated":true}]}}