{"id":33211,"date":"2024-12-12T01:29:07","date_gmt":"2024-12-12T01:29:07","guid":{"rendered":"https:\/\/tabernaculoprensadedios.com\/web\/?p=33211"},"modified":"2024-12-12T01:29:07","modified_gmt":"2024-12-12T01:29:07","slug":"adococ-celebra-semana-de-la-comunicacion-con-el-tema-enfoque","status":"publish","type":"post","link":"https:\/\/tabernaculoprensadedios.com\/web\/adococ-celebra-semana-de-la-comunicacion-con-el-tema-enfoque\/","title":{"rendered":"ADOCOC celebra Semana de la Comunicaci\u00f3n con el tema ENFOQUE"},"content":{"rendered":"<p>Manteniendo viva la costumbre de celebrar la<strong> Semana de la Comunicaci\u00f3n<\/strong> en el mes de su fundaci\u00f3n, la Asociaci\u00f3n Dominicana de Comunicadores Cristianos (<strong>ADOCOC<\/strong>) celebr\u00f3 este a\u00f1o con el interesante tema ENFOQUE, donde se comparti\u00f3 y aprendi\u00f3 sobre los aspectos y valores de la comunicaci\u00f3n actual y su enfoque cristoc\u00e9ntrico.<\/p>\n<p>La filial de Santiago, que preside el pastor y comunicador Anthony Mota celebr\u00f3 <strong>ENFOQUE<\/strong> el pasado 7 de diciembre, con la conferencia magistral impartida por el Dr. Daniel Ch\u00e1vez, Rector Nacional de la Jesus is Lord International University (<strong>JILIU<\/strong>) de Per\u00fa, quien expuso sobre la importancia de la capacitaci\u00f3n y enfoque en los actuales momentos en que vivimos.<\/p>\n<p>De manera sencilla y pr\u00e1ctica, el destacado ministro, comparti\u00f3 con los asistentes algunos t\u00f3picos que evidencian lo trascendente que es la capacitaci\u00f3n para poder cumplir en esta tierra con la asignaci\u00f3n de Dios, para ser usado para glorificar al Todopoderoso y llegar a ocupar posiciones de eminencia, como Jos\u00e9 Daniel y otros personajes b\u00edblicos, siempre enfocados en cumplir con el prop\u00f3sito eterno de Dios.<\/p>\n<p>El Lic. Pedro Yoel Contreras, representante de JILIU en el pa\u00eds, aprovech\u00f3 la ocasi\u00f3n para motivar a los presentes para estudiar en la presigiosa casa de altos de estudios, acreditada por la Secretar\u00eda de Educaci\u00f3n de Estados Unidos.<\/p>\n<p>Entre los asistentes se destac\u00f3 la presencia de do\u00f1a \u00c1gueda Alejo, presidenta de la Asociaci\u00f3n de Locutores de Santiago (<strong>ALS<\/strong>), el magistrado y comunicador Lic. Elvis Ram\u00edrez, el pastor Lic. F\u00e9lix Pe\u00f1a presidente del Consejo Evang\u00e9lico de Santiago (CES), Lic. Wilton Cordones, presidente de la Asociaci\u00f3n de Peque\u00f1as y Medianas Empresas Cristianas (<strong>ASOPYMEC<\/strong>) y el arquitecto y comunicador Alexis Rodr\u00edguez, ex-presidente nacional de ADOCOC.<\/p>\n<p>\u00abADOCOC fue fundada el 15 de diciembre del 2006, y en este a\u00f1o 2024 est\u00e1 cumpliendo 18 a\u00f1os. Desde el 2015 viene celebrando de manera ininterrumpida su Semana de la Comunicaci\u00f3n con distintos temas: Especialidades de la Comunicaci\u00f3n, Historia y Evoluci\u00f3n de la Comunicaci\u00f3n Cristiana, El lenguaje de los que triunfan, Nuestra Identidad, Agentes de Cambio, Verdaderos Influencers, Trasciende, Tendencia y este a\u00f1o Enfoque\u00bb, precis\u00f3 el ex-presidente nacional.<\/p>\n<p>En la actualidad, la periodista Erika Oviedo Mer\u00e1n es la presidente nacional de ADOCOC, entidad fundada por el pastor y comunicador Danny Ram\u00edrez para agrupar a todos los comunicadores cristianos del pa\u00eds, enfocados en cumplir la gran comisi\u00f3n de San Marcos 16:15.<\/p>\n<p>En la celebraci\u00f3n llevada a cabo en el sal\u00f3n de conferencias del Edificio P, del Recinto Santiago de la Universidad Nacional Evang\u00e9lica (<strong>UNEV<\/strong>) las comunicadoras Yuleisy Est\u00e9vez y Tania Galv\u00e1 sirvieron en la maestria de ceremonia, el pastor F\u00e9lix Pe\u00f1a elev\u00f3 la oraci\u00f3n de apertura, Kingdom Worship deleitaron con sus c\u00e1nticos, y el propio presidente de la filial Anthony Mota con las palabras finales despidi\u00f3\u00a0en\u00a0oraci\u00f3n.<\/p>\n","protected":false},"excerpt":{"rendered":"<p>Manteniendo viva la costumbre de celebrar la Semana de la Comunicaci\u00f3n en el mes de su fundaci\u00f3n, la Asociaci\u00f3n Dominicana de Comunicadores Cristianos (ADOCOC) celebr\u00f3 este a\u00f1o con el interesante tema ENFOQUE, donde se comparti\u00f3 y aprendi\u00f3 sobre los aspectos y valores de la comunicaci\u00f3n actual y su enfoque cristoc\u00e9ntrico. La filial de Santiago, que &hellip;<\/p>\n","protected":false},"author":1,"featured_media":33212,"comment_status":"open","ping_status":"open","sticky":false,"template":"","format":"standard","meta":{"footnotes":""},"categories":[794],"tags":[],"class_list":["post-33211","post","type-post","status-publish","format-standard","has-post-thumbnail","hentry","category-mas-alla-del-monumento"],"yoast_head":"<!-- This site is optimized with the Yoast SEO Premium plugin v24.2 (Yoast SEO v27.1.1) - https:\/\/yoast.com\/product\/yoast-seo-premium-wordpress\/ -->\n<title>ADOCOC celebra Semana de la Comunicaci\u00f3n con el tema ENFOQUE - Tabernaculo Prensa de Dios<\/title>\n<meta name=\"robots\" content=\"index, follow, max-snippet:-1, max-image-preview:large, max-video-preview:-1\" \/>\n<link rel=\"canonical\" href=\"https:\/\/tabernaculoprensadedios.com\/web\/adococ-celebra-semana-de-la-comunicacion-con-el-tema-enfoque\/\" class=\"yoast-seo-meta-tag\" \/>\n<meta property=\"og:locale\" content=\"es_ES\" class=\"yoast-seo-meta-tag\" \/>\n<meta property=\"og:type\" content=\"article\" class=\"yoast-seo-meta-tag\" \/>\n<meta property=\"og:title\" content=\"ADOCOC celebra Semana de la Comunicaci\u00f3n con el tema ENFOQUE\" class=\"yoast-seo-meta-tag\" \/>\n<meta property=\"og:description\" content=\"Manteniendo viva la costumbre de celebrar la Semana de la Comunicaci\u00f3n en el mes de su fundaci\u00f3n, la Asociaci\u00f3n Dominicana de Comunicadores Cristianos (ADOCOC) celebr\u00f3 este a\u00f1o con el interesante tema ENFOQUE, donde se comparti\u00f3 y aprendi\u00f3 sobre los aspectos y valores de la comunicaci\u00f3n actual y su enfoque cristoc\u00e9ntrico. La filial de Santiago, que &hellip;\" class=\"yoast-seo-meta-tag\" \/>\n<meta property=\"og:url\" content=\"https:\/\/tabernaculoprensadedios.com\/web\/adococ-celebra-semana-de-la-comunicacion-con-el-tema-enfoque\/\" class=\"yoast-seo-meta-tag\" \/>\n<meta property=\"og:site_name\" content=\"Tabernaculo Prensa de Dios\" class=\"yoast-seo-meta-tag\" \/>\n<meta property=\"article:published_time\" content=\"2024-12-12T01:29:07+00:00\" class=\"yoast-seo-meta-tag\" \/>\n<meta property=\"og:image\" content=\"https:\/\/tabernaculoprensadedios.com\/web\/wp-content\/uploads\/2024\/12\/WhatsApp-Image-2024-12-10-at-12.50.26_a2963bc1.avif\" class=\"yoast-seo-meta-tag\" \/>\n\t<meta property=\"og:image:width\" content=\"1600\" class=\"yoast-seo-meta-tag\" \/>\n\t<meta property=\"og:image:height\" content=\"1142\" class=\"yoast-seo-meta-tag\" \/>\n\t<meta property=\"og:image:type\" content=\"image\/jpeg\" class=\"yoast-seo-meta-tag\" \/>\n<meta name=\"author\" content=\"tabernaculo\" class=\"yoast-seo-meta-tag\" \/>\n<meta name=\"twitter:card\" content=\"summary_large_image\" class=\"yoast-seo-meta-tag\" \/>\n<meta name=\"twitter:creator\" content=\"@PrensadeDios\" class=\"yoast-seo-meta-tag\" \/>\n<meta name=\"twitter:site\" content=\"@PrensadeDios\" class=\"yoast-seo-meta-tag\" \/>\n<meta name=\"twitter:label1\" content=\"Escrito por\" class=\"yoast-seo-meta-tag\" \/>\n\t<meta name=\"twitter:data1\" content=\"tabernaculo\" class=\"yoast-seo-meta-tag\" \/>\n\t<meta name=\"twitter:label2\" content=\"Tiempo de lectura\" class=\"yoast-seo-meta-tag\" \/>\n\t<meta name=\"twitter:data2\" content=\"3 minutos\" class=\"yoast-seo-meta-tag\" \/>\n<script type=\"application\/ld+json\" class=\"yoast-schema-graph\">{\"@context\":\"https:\/\/schema.org\",\"@graph\":[{\"@type\":\"Article\",\"@id\":\"https:\/\/tabernaculoprensadedios.com\/web\/adococ-celebra-semana-de-la-comunicacion-con-el-tema-enfoque\/#article\",\"isPartOf\":{\"@id\":\"https:\/\/tabernaculoprensadedios.com\/web\/adococ-celebra-semana-de-la-comunicacion-con-el-tema-enfoque\/\"},\"author\":{\"name\":\"tabernaculo\",\"@id\":\"https:\/\/tabernaculoprensadedios.com\/web\/#\/schema\/person\/bc0e069fef56b38e177db6f098ae0b6e\"},\"headline\":\"ADOCOC celebra Semana de la Comunicaci\u00f3n con el tema ENFOQUE\",\"datePublished\":\"2024-12-12T01:29:07+00:00\",\"mainEntityOfPage\":{\"@id\":\"https:\/\/tabernaculoprensadedios.com\/web\/adococ-celebra-semana-de-la-comunicacion-con-el-tema-enfoque\/\"},\"wordCount\":502,\"commentCount\":0,\"publisher\":{\"@id\":\"https:\/\/tabernaculoprensadedios.com\/web\/#\/schema\/person\/bc0e069fef56b38e177db6f098ae0b6e\"},\"image\":{\"@id\":\"https:\/\/tabernaculoprensadedios.com\/web\/adococ-celebra-semana-de-la-comunicacion-con-el-tema-enfoque\/#primaryimage\"},\"thumbnailUrl\":\"https:\/\/tabernaculoprensadedios.com\/web\/wp-content\/uploads\/2024\/12\/WhatsApp-Image-2024-12-10-at-12.50.26_a2963bc1.avif\",\"articleSection\":[\"M\u00e1s all\u00e1 del Monumento\"],\"inLanguage\":\"es\",\"potentialAction\":[{\"@type\":\"CommentAction\",\"name\":\"Comment\",\"target\":[\"https:\/\/tabernaculoprensadedios.com\/web\/adococ-celebra-semana-de-la-comunicacion-con-el-tema-enfoque\/#respond\"]}]},{\"@type\":\"WebPage\",\"@id\":\"https:\/\/tabernaculoprensadedios.com\/web\/adococ-celebra-semana-de-la-comunicacion-con-el-tema-enfoque\/\",\"url\":\"https:\/\/tabernaculoprensadedios.com\/web\/adococ-celebra-semana-de-la-comunicacion-con-el-tema-enfoque\/\",\"name\":\"ADOCOC celebra Semana de la Comunicaci\u00f3n con el tema ENFOQUE - Tabernaculo Prensa de Dios\",\"isPartOf\":{\"@id\":\"https:\/\/tabernaculoprensadedios.com\/web\/#website\"},\"primaryImageOfPage\":{\"@id\":\"https:\/\/tabernaculoprensadedios.com\/web\/adococ-celebra-semana-de-la-comunicacion-con-el-tema-enfoque\/#primaryimage\"},\"image\":{\"@id\":\"https:\/\/tabernaculoprensadedios.com\/web\/adococ-celebra-semana-de-la-comunicacion-con-el-tema-enfoque\/#primaryimage\"},\"thumbnailUrl\":\"https:\/\/tabernaculoprensadedios.com\/web\/wp-content\/uploads\/2024\/12\/WhatsApp-Image-2024-12-10-at-12.50.26_a2963bc1.avif\",\"datePublished\":\"2024-12-12T01:29:07+00:00\",\"breadcrumb\":{\"@id\":\"https:\/\/tabernaculoprensadedios.com\/web\/adococ-celebra-semana-de-la-comunicacion-con-el-tema-enfoque\/#breadcrumb\"},\"inLanguage\":\"es\",\"potentialAction\":[{\"@type\":\"ReadAction\",\"target\":[\"https:\/\/tabernaculoprensadedios.com\/web\/adococ-celebra-semana-de-la-comunicacion-con-el-tema-enfoque\/\"]}]},{\"@type\":\"ImageObject\",\"inLanguage\":\"es\",\"@id\":\"https:\/\/tabernaculoprensadedios.com\/web\/adococ-celebra-semana-de-la-comunicacion-con-el-tema-enfoque\/#primaryimage\",\"url\":\"https:\/\/tabernaculoprensadedios.com\/web\/wp-content\/uploads\/2024\/12\/WhatsApp-Image-2024-12-10-at-12.50.26_a2963bc1.avif\",\"contentUrl\":\"https:\/\/tabernaculoprensadedios.com\/web\/wp-content\/uploads\/2024\/12\/WhatsApp-Image-2024-12-10-at-12.50.26_a2963bc1.avif\",\"width\":1600,\"height\":1142},{\"@type\":\"BreadcrumbList\",\"@id\":\"https:\/\/tabernaculoprensadedios.com\/web\/adococ-celebra-semana-de-la-comunicacion-con-el-tema-enfoque\/#breadcrumb\",\"itemListElement\":[{\"@type\":\"ListItem\",\"position\":1,\"name\":\"Portada\",\"item\":\"https:\/\/tabernaculoprensadedios.com\/web\/\"},{\"@type\":\"ListItem\",\"position\":2,\"name\":\"ADOCOC celebra Semana de la Comunicaci\u00f3n con el tema ENFOQUE\"}]},{\"@type\":\"WebSite\",\"@id\":\"https:\/\/tabernaculoprensadedios.com\/web\/#website\",\"url\":\"https:\/\/tabernaculoprensadedios.com\/web\/\",\"name\":\"Tabernaculo Prensa de Dios\",\"description\":\"Un medio a la manera de Dios\",\"publisher\":{\"@id\":\"https:\/\/tabernaculoprensadedios.com\/web\/#\/schema\/person\/bc0e069fef56b38e177db6f098ae0b6e\"},\"potentialAction\":[{\"@type\":\"SearchAction\",\"target\":{\"@type\":\"EntryPoint\",\"urlTemplate\":\"https:\/\/tabernaculoprensadedios.com\/web\/?s={search_term_string}\"},\"query-input\":{\"@type\":\"PropertyValueSpecification\",\"valueRequired\":true,\"valueName\":\"search_term_string\"}}],\"inLanguage\":\"es\"},{\"@type\":[\"Person\",\"Organization\"],\"@id\":\"https:\/\/tabernaculoprensadedios.com\/web\/#\/schema\/person\/bc0e069fef56b38e177db6f098ae0b6e\",\"name\":\"tabernaculo\",\"image\":{\"@type\":\"ImageObject\",\"inLanguage\":\"es\",\"@id\":\"https:\/\/tabernaculoprensadedios.com\/web\/#\/schema\/person\/image\/\",\"url\":\"https:\/\/tabernaculoprensadedios.com\/web\/wp-content\/uploads\/2015\/06\/login-logo1.png\",\"contentUrl\":\"https:\/\/tabernaculoprensadedios.com\/web\/wp-content\/uploads\/2015\/06\/login-logo1.png\",\"width\":300,\"height\":118,\"caption\":\"tabernaculo\"},\"logo\":{\"@id\":\"https:\/\/tabernaculoprensadedios.com\/web\/#\/schema\/person\/image\/\"},\"url\":\"https:\/\/tabernaculoprensadedios.com\/web\/author\/tabernaculo\/\"}]}<\/script>\n<!-- \/ Yoast SEO Premium plugin. -->","yoast_head_json":{"title":"ADOCOC celebra Semana de la Comunicaci\u00f3n con el tema ENFOQUE - Tabernaculo Prensa de Dios","robots":{"index":"index","follow":"follow","max-snippet":"max-snippet:-1","max-image-preview":"max-image-preview:large","max-video-preview":"max-video-preview:-1"},"canonical":"https:\/\/tabernaculoprensadedios.com\/web\/adococ-celebra-semana-de-la-comunicacion-con-el-tema-enfoque\/","og_locale":"es_ES","og_type":"article","og_title":"ADOCOC celebra Semana de la Comunicaci\u00f3n con el tema ENFOQUE","og_description":"Manteniendo viva la costumbre de celebrar la Semana de la Comunicaci\u00f3n en el mes de su fundaci\u00f3n, la Asociaci\u00f3n Dominicana de Comunicadores Cristianos (ADOCOC) celebr\u00f3 este a\u00f1o con el interesante tema ENFOQUE, donde se comparti\u00f3 y aprendi\u00f3 sobre los aspectos y valores de la comunicaci\u00f3n actual y su enfoque cristoc\u00e9ntrico. La filial de Santiago, que &hellip;","og_url":"https:\/\/tabernaculoprensadedios.com\/web\/adococ-celebra-semana-de-la-comunicacion-con-el-tema-enfoque\/","og_site_name":"Tabernaculo Prensa de Dios","article_published_time":"2024-12-12T01:29:07+00:00","og_image":[{"width":1600,"height":1142,"url":"https:\/\/tabernaculoprensadedios.com\/web\/wp-content\/uploads\/2024\/12\/WhatsApp-Image-2024-12-10-at-12.50.26_a2963bc1.avif","type":"image\/jpeg"}],"author":"tabernaculo","twitter_card":"summary_large_image","twitter_creator":"@PrensadeDios","twitter_site":"@PrensadeDios","twitter_misc":{"Escrito por":"tabernaculo","Tiempo de lectura":"3 minutos"},"schema":{"@context":"https:\/\/schema.org","@graph":[{"@type":"Article","@id":"https:\/\/tabernaculoprensadedios.com\/web\/adococ-celebra-semana-de-la-comunicacion-con-el-tema-enfoque\/#article","isPartOf":{"@id":"https:\/\/tabernaculoprensadedios.com\/web\/adococ-celebra-semana-de-la-comunicacion-con-el-tema-enfoque\/"},"author":{"name":"tabernaculo","@id":"https:\/\/tabernaculoprensadedios.com\/web\/#\/schema\/person\/bc0e069fef56b38e177db6f098ae0b6e"},"headline":"ADOCOC celebra Semana de la Comunicaci\u00f3n con el tema ENFOQUE","datePublished":"2024-12-12T01:29:07+00:00","mainEntityOfPage":{"@id":"https:\/\/tabernaculoprensadedios.com\/web\/adococ-celebra-semana-de-la-comunicacion-con-el-tema-enfoque\/"},"wordCount":502,"commentCount":0,"publisher":{"@id":"https:\/\/tabernaculoprensadedios.com\/web\/#\/schema\/person\/bc0e069fef56b38e177db6f098ae0b6e"},"image":{"@id":"https:\/\/tabernaculoprensadedios.com\/web\/adococ-celebra-semana-de-la-comunicacion-con-el-tema-enfoque\/#primaryimage"},"thumbnailUrl":"https:\/\/tabernaculoprensadedios.com\/web\/wp-content\/uploads\/2024\/12\/WhatsApp-Image-2024-12-10-at-12.50.26_a2963bc1.avif","articleSection":["M\u00e1s all\u00e1 del Monumento"],"inLanguage":"es","potentialAction":[{"@type":"CommentAction","name":"Comment","target":["https:\/\/tabernaculoprensadedios.com\/web\/adococ-celebra-semana-de-la-comunicacion-con-el-tema-enfoque\/#respond"]}]},{"@type":"WebPage","@id":"https:\/\/tabernaculoprensadedios.com\/web\/adococ-celebra-semana-de-la-comunicacion-con-el-tema-enfoque\/","url":"https:\/\/tabernaculoprensadedios.com\/web\/adococ-celebra-semana-de-la-comunicacion-con-el-tema-enfoque\/","name":"ADOCOC celebra Semana de la Comunicaci\u00f3n con el tema ENFOQUE - Tabernaculo Prensa de Dios","isPartOf":{"@id":"https:\/\/tabernaculoprensadedios.com\/web\/#website"},"primaryImageOfPage":{"@id":"https:\/\/tabernaculoprensadedios.com\/web\/adococ-celebra-semana-de-la-comunicacion-con-el-tema-enfoque\/#primaryimage"},"image":{"@id":"https:\/\/tabernaculoprensadedios.com\/web\/adococ-celebra-semana-de-la-comunicacion-con-el-tema-enfoque\/#primaryimage"},"thumbnailUrl":"https:\/\/tabernaculoprensadedios.com\/web\/wp-content\/uploads\/2024\/12\/WhatsApp-Image-2024-12-10-at-12.50.26_a2963bc1.avif","datePublished":"2024-12-12T01:29:07+00:00","breadcrumb":{"@id":"https:\/\/tabernaculoprensadedios.com\/web\/adococ-celebra-semana-de-la-comunicacion-con-el-tema-enfoque\/#breadcrumb"},"inLanguage":"es","potentialAction":[{"@type":"ReadAction","target":["https:\/\/tabernaculoprensadedios.com\/web\/adococ-celebra-semana-de-la-comunicacion-con-el-tema-enfoque\/"]}]},{"@type":"ImageObject","inLanguage":"es","@id":"https:\/\/tabernaculoprensadedios.com\/web\/adococ-celebra-semana-de-la-comunicacion-con-el-tema-enfoque\/#primaryimage","url":"https:\/\/tabernaculoprensadedios.com\/web\/wp-content\/uploads\/2024\/12\/WhatsApp-Image-2024-12-10-at-12.50.26_a2963bc1.avif","contentUrl":"https:\/\/tabernaculoprensadedios.com\/web\/wp-content\/uploads\/2024\/12\/WhatsApp-Image-2024-12-10-at-12.50.26_a2963bc1.avif","width":1600,"height":1142},{"@type":"BreadcrumbList","@id":"https:\/\/tabernaculoprensadedios.com\/web\/adococ-celebra-semana-de-la-comunicacion-con-el-tema-enfoque\/#breadcrumb","itemListElement":[{"@type":"ListItem","position":1,"name":"Portada","item":"https:\/\/tabernaculoprensadedios.com\/web\/"},{"@type":"ListItem","position":2,"name":"ADOCOC celebra Semana de la Comunicaci\u00f3n con el tema ENFOQUE"}]},{"@type":"WebSite","@id":"https:\/\/tabernaculoprensadedios.com\/web\/#website","url":"https:\/\/tabernaculoprensadedios.com\/web\/","name":"Tabernaculo Prensa de Dios","description":"Un medio a la manera de Dios","publisher":{"@id":"https:\/\/tabernaculoprensadedios.com\/web\/#\/schema\/person\/bc0e069fef56b38e177db6f098ae0b6e"},"potentialAction":[{"@type":"SearchAction","target":{"@type":"EntryPoint","urlTemplate":"https:\/\/tabernaculoprensadedios.com\/web\/?s={search_term_string}"},"query-input":{"@type":"PropertyValueSpecification","valueRequired":true,"valueName":"search_term_string"}}],"inLanguage":"es"},{"@type":["Person","Organization"],"@id":"https:\/\/tabernaculoprensadedios.com\/web\/#\/schema\/person\/bc0e069fef56b38e177db6f098ae0b6e","name":"tabernaculo","image":{"@type":"ImageObject","inLanguage":"es","@id":"https:\/\/tabernaculoprensadedios.com\/web\/#\/schema\/person\/image\/","url":"https:\/\/tabernaculoprensadedios.com\/web\/wp-content\/uploads\/2015\/06\/login-logo1.png","contentUrl":"https:\/\/tabernaculoprensadedios.com\/web\/wp-content\/uploads\/2015\/06\/login-logo1.png","width":300,"height":118,"caption":"tabernaculo"},"logo":{"@id":"https:\/\/tabernaculoprensadedios.com\/web\/#\/schema\/person\/image\/"},"url":"https:\/\/tabernaculoprensadedios.com\/web\/author\/tabernaculo\/"}]}},"_links":{"self":[{"href":"https:\/\/tabernaculoprensadedios.com\/web\/wp-json\/wp\/v2\/posts\/33211","targetHints":{"allow":["GET"]}}],"collection":[{"href":"https:\/\/tabernaculoprensadedios.com\/web\/wp-json\/wp\/v2\/posts"}],"about":[{"href":"https:\/\/tabernaculoprensadedios.com\/web\/wp-json\/wp\/v2\/types\/post"}],"author":[{"embeddable":true,"href":"https:\/\/tabernaculoprensadedios.com\/web\/wp-json\/wp\/v2\/users\/1"}],"replies":[{"embeddable":true,"href":"https:\/\/tabernaculoprensadedios.com\/web\/wp-json\/wp\/v2\/comments?post=33211"}],"version-history":[{"count":1,"href":"https:\/\/tabernaculoprensadedios.com\/web\/wp-json\/wp\/v2\/posts\/33211\/revisions"}],"predecessor-version":[{"id":33213,"href":"https:\/\/tabernaculoprensadedios.com\/web\/wp-json\/wp\/v2\/posts\/33211\/revisions\/33213"}],"wp:featuredmedia":[{"embeddable":true,"href":"https:\/\/tabernaculoprensadedios.com\/web\/wp-json\/wp\/v2\/media\/33212"}],"wp:attachment":[{"href":"https:\/\/tabernaculoprensadedios.com\/web\/wp-json\/wp\/v2\/media?parent=33211"}],"wp:term":[{"taxonomy":"category","embeddable":true,"href":"https:\/\/tabernaculoprensadedios.com\/web\/wp-json\/wp\/v2\/categories?post=33211"},{"taxonomy":"post_tag","embeddable":true,"href":"https:\/\/tabernaculoprensadedios.com\/web\/wp-json\/wp\/v2\/tags?post=33211"}],"curies":[{"name":"wp","href":"https:\/\/api.w.org\/{rel}","templated":true}]}}