{"id":33205,"date":"2024-12-12T01:07:12","date_gmt":"2024-12-12T01:07:12","guid":{"rendered":"https:\/\/tabernaculoprensadedios.com\/web\/?p=33205"},"modified":"2024-12-12T01:10:05","modified_gmt":"2024-12-12T01:10:05","slug":"la-ofrenda-de-la-paz-y-la-fe-en-la-misericordia-de-dios-un-testimonio-vivo","status":"publish","type":"post","link":"https:\/\/tabernaculoprensadedios.com\/web\/la-ofrenda-de-la-paz-y-la-fe-en-la-misericordia-de-dios-un-testimonio-vivo\/","title":{"rendered":"La ofrenda de la Paz y la Fe en la misericordia de Dios. Un testimonio vivo"},"content":{"rendered":"<p><strong>En 1 Reyes 17-8-24 encontramos la conmovedora historia de la viuda de Sarepta.<\/strong> Esta mujer, en medio de su desesperaci\u00f3n, se preparaba para enfrentar lo que parec\u00eda inevitable: la muerte por falta de provisi\u00f3n. Sin embargo, el clamor de su coraz\u00f3n, su obediencia al profeta El\u00edas, y su acto de fe al ofrecer lo \u00faltimo que ten\u00eda, desencadenaron la manifestaci\u00f3n del poder y la misericordia de Dios. <strong>El\u00edas, guiado por la palabra de Jehov\u00e1, la invit\u00f3 a confiar,<\/strong> y Dios recompens\u00f3 esa confianza con una provisi\u00f3n sobrenatural que nunca escasea.<\/p>\n<p>Este relato no solo nos habla de provisi\u00f3n material, sino tambi\u00e9n de la paz que se experimenta al depender completamente de la fidelidad de Dios.<\/p>\n<p>Hace unos d\u00edas, tuve el privilegio de vivir un testimonio que reflej\u00f3 esta misma verdad.<strong> Yo, en mi tiempo de oraci\u00f3n y clamor a Dios, enfrentaba una situaci\u00f3n que a los ojos humanos parec\u00eda imposible de resolver<\/strong>. Durante la madrugada, mi coraz\u00f3n estaba cargado con una petici\u00f3n espec\u00edfica, una necesidad que hab\u00eda estado presentando ante el Se\u00f1or con fe y perseverancia durante el mes de noviembre. Or\u00e9 con la convicci\u00f3n de que Dios escucha y responde.<\/p>\n<p>Cuando despert\u00e9, abr\u00ed la puerta y llam\u00f3 emocionada a mi hijo. <strong>En la pared, postrada en un lugar visible, se encontraba una mariposa.<\/strong> Aquella sencilla criatura se volvi\u00f3 para nosotros una se\u00f1al, un recordatorio de que Dios est\u00e1 en los detalles y que Su respuesta, aunque inesperada, siempre llega en el momento perfecto. Aquella ma\u00f1ana, una gran bendici\u00f3n inesperada se manifest\u00f3 en nuestras vidas, una respuesta divina que hab\u00eda tardado tres a\u00f1os en llegar.<\/p>\n<p>La mariposa, con su aparente fragilidad, simboliz\u00f3 la transformaci\u00f3n y la esperanza que Dios trae a nuestras vidas. <strong>As\u00ed como la viuda de Sarepta ofreci\u00f3 lo \u00faltimo que ten\u00eda con fe y confianza<\/strong> y con un coraz\u00f3n rendido, fue recompensada por su perseverancia en oraci\u00f3n y alabanza a nuestro Dios.<\/p>\n<p>Este testimonio nos invita a reflexionar sobre la importancia de confiar en Dios, incluso en los momentos m\u00e1s oscuros. <strong>Su misericordia es nueva cada ma\u00f1ana, y Su fidelidad no tiene l\u00edmites.<\/strong> Cuando elevamos un clamor sincero, cuando adoramos y alabamos en medio de nuestras pruebas, \u00c9l responde. Tal vez la respuesta no sea inmediata, pero siempre llega en el tiempo perfecto de Dios.<\/p>\n<p>Te invito a abrazar esta verdad \u00a1La ofrenda de paz, el clamor y la adoraci\u00f3n a Jehov\u00e1 traen recompensas que van m\u00e1s all\u00e1 de lo que podemos imaginar! Nuestro Dios sigue siendo el mismo, obrando milagros y trayendo bendiciones inesperadas. Si hoy est\u00e1s clamando por algo imposible, recuerda que para Dios no hay nada imposible.<\/p>\n<p><strong>\u00a1Conf\u00eda, calma y espera! PROHIBIDO DESMAYAR.!!<\/strong><\/p>\n\n\t\t<div class=\"clearfix\"><\/div>\n\t\t<div class=\"about-author about-author-box container-wrapper\">\n\t\t\t<div class=\"author-avatar\">\n\t\t\t\t<img loading=\"lazy\" decoding=\"async\" src=\"https:\/\/tabernaculoprensadedios.com\/web\/wp-content\/uploads\/2024\/12\/Margarita-Garcia-directora-png.avif\" alt=\"Margarita Garc\u00eda \" class=\"author-avatar-img\" width=\"111\" height=\"111\" \/>\n\t\t\t<\/div>\n\t\t\t<div class=\"author-info\">\n\t\t\t\t<h4>Margarita Garc\u00eda <\/h4>Directora del Tabern\u00e1culo Prensa de Dios\n\t\t\t<\/div>\n\t\t<\/div>\n\t\n","protected":false},"excerpt":{"rendered":"<p>En 1 Reyes 17-8-24 encontramos la conmovedora historia de la viuda de Sarepta. Esta mujer, en medio de su desesperaci\u00f3n, se preparaba para enfrentar lo que parec\u00eda inevitable: la muerte por falta de provisi\u00f3n. Sin embargo, el clamor de su coraz\u00f3n, su obediencia al profeta El\u00edas, y su acto de fe al ofrecer lo \u00faltimo &hellip;<\/p>\n","protected":false},"author":1,"featured_media":32511,"comment_status":"open","ping_status":"open","sticky":false,"template":"","format":"standard","meta":{"footnotes":""},"categories":[790],"tags":[],"class_list":["post-33205","post","type-post","status-publish","format-standard","has-post-thumbnail","hentry","category-voz-del-tabernaculo"],"yoast_head":"<!-- This site is optimized with the Yoast SEO Premium plugin v24.2 (Yoast SEO v27.1.1) - https:\/\/yoast.com\/product\/yoast-seo-premium-wordpress\/ -->\n<title>La ofrenda de la Paz y la Fe en la misericordia de Dios. Un testimonio vivo - Tabernaculo Prensa de Dios<\/title>\n<meta name=\"robots\" content=\"index, follow, max-snippet:-1, max-image-preview:large, max-video-preview:-1\" \/>\n<link rel=\"canonical\" href=\"https:\/\/tabernaculoprensadedios.com\/web\/la-ofrenda-de-la-paz-y-la-fe-en-la-misericordia-de-dios-un-testimonio-vivo\/\" class=\"yoast-seo-meta-tag\" \/>\n<meta property=\"og:locale\" content=\"es_ES\" class=\"yoast-seo-meta-tag\" \/>\n<meta property=\"og:type\" content=\"article\" class=\"yoast-seo-meta-tag\" \/>\n<meta property=\"og:title\" content=\"La ofrenda de la Paz y la Fe en la misericordia de Dios. Un testimonio vivo\" class=\"yoast-seo-meta-tag\" \/>\n<meta property=\"og:description\" content=\"En 1 Reyes 17-8-24 encontramos la conmovedora historia de la viuda de Sarepta. Esta mujer, en medio de su desesperaci\u00f3n, se preparaba para enfrentar lo que parec\u00eda inevitable: la muerte por falta de provisi\u00f3n. Sin embargo, el clamor de su coraz\u00f3n, su obediencia al profeta El\u00edas, y su acto de fe al ofrecer lo \u00faltimo &hellip;\" class=\"yoast-seo-meta-tag\" \/>\n<meta property=\"og:url\" content=\"https:\/\/tabernaculoprensadedios.com\/web\/la-ofrenda-de-la-paz-y-la-fe-en-la-misericordia-de-dios-un-testimonio-vivo\/\" class=\"yoast-seo-meta-tag\" \/>\n<meta property=\"og:site_name\" content=\"Tabernaculo Prensa de Dios\" class=\"yoast-seo-meta-tag\" \/>\n<meta property=\"article:published_time\" content=\"2024-12-12T01:07:12+00:00\" class=\"yoast-seo-meta-tag\" \/>\n<meta property=\"article:modified_time\" content=\"2024-12-12T01:10:05+00:00\" class=\"yoast-seo-meta-tag\" \/>\n<meta property=\"og:image\" content=\"https:\/\/tabernaculoprensadedios.com\/web\/wp-content\/uploads\/2024\/10\/bandera-RD.jpg\" class=\"yoast-seo-meta-tag\" \/>\n\t<meta property=\"og:image:width\" content=\"2048\" class=\"yoast-seo-meta-tag\" \/>\n\t<meta property=\"og:image:height\" content=\"1161\" class=\"yoast-seo-meta-tag\" \/>\n\t<meta property=\"og:image:type\" content=\"image\/jpeg\" class=\"yoast-seo-meta-tag\" \/>\n<meta name=\"author\" content=\"tabernaculo\" class=\"yoast-seo-meta-tag\" \/>\n<meta name=\"twitter:card\" content=\"summary_large_image\" class=\"yoast-seo-meta-tag\" \/>\n<meta name=\"twitter:creator\" content=\"@PrensadeDios\" class=\"yoast-seo-meta-tag\" \/>\n<meta name=\"twitter:site\" content=\"@PrensadeDios\" class=\"yoast-seo-meta-tag\" \/>\n<meta name=\"twitter:label1\" content=\"Escrito por\" class=\"yoast-seo-meta-tag\" \/>\n\t<meta name=\"twitter:data1\" content=\"tabernaculo\" class=\"yoast-seo-meta-tag\" \/>\n\t<meta name=\"twitter:label2\" content=\"Tiempo de lectura\" class=\"yoast-seo-meta-tag\" \/>\n\t<meta name=\"twitter:data2\" content=\"3 minutos\" class=\"yoast-seo-meta-tag\" \/>\n<script type=\"application\/ld+json\" class=\"yoast-schema-graph\">{\"@context\":\"https:\/\/schema.org\",\"@graph\":[{\"@type\":\"Article\",\"@id\":\"https:\/\/tabernaculoprensadedios.com\/web\/la-ofrenda-de-la-paz-y-la-fe-en-la-misericordia-de-dios-un-testimonio-vivo\/#article\",\"isPartOf\":{\"@id\":\"https:\/\/tabernaculoprensadedios.com\/web\/la-ofrenda-de-la-paz-y-la-fe-en-la-misericordia-de-dios-un-testimonio-vivo\/\"},\"author\":{\"name\":\"tabernaculo\",\"@id\":\"https:\/\/tabernaculoprensadedios.com\/web\/#\/schema\/person\/bc0e069fef56b38e177db6f098ae0b6e\"},\"headline\":\"La ofrenda de la Paz y la Fe en la misericordia de Dios. Un testimonio vivo\",\"datePublished\":\"2024-12-12T01:07:12+00:00\",\"dateModified\":\"2024-12-12T01:10:05+00:00\",\"mainEntityOfPage\":{\"@id\":\"https:\/\/tabernaculoprensadedios.com\/web\/la-ofrenda-de-la-paz-y-la-fe-en-la-misericordia-de-dios-un-testimonio-vivo\/\"},\"wordCount\":514,\"commentCount\":0,\"publisher\":{\"@id\":\"https:\/\/tabernaculoprensadedios.com\/web\/#\/schema\/person\/bc0e069fef56b38e177db6f098ae0b6e\"},\"image\":{\"@id\":\"https:\/\/tabernaculoprensadedios.com\/web\/la-ofrenda-de-la-paz-y-la-fe-en-la-misericordia-de-dios-un-testimonio-vivo\/#primaryimage\"},\"thumbnailUrl\":\"https:\/\/tabernaculoprensadedios.com\/web\/wp-content\/uploads\/2024\/10\/bandera-RD.jpg\",\"articleSection\":[\"Voz del Tabern\u00e1culo\"],\"inLanguage\":\"es\",\"potentialAction\":[{\"@type\":\"CommentAction\",\"name\":\"Comment\",\"target\":[\"https:\/\/tabernaculoprensadedios.com\/web\/la-ofrenda-de-la-paz-y-la-fe-en-la-misericordia-de-dios-un-testimonio-vivo\/#respond\"]}]},{\"@type\":\"WebPage\",\"@id\":\"https:\/\/tabernaculoprensadedios.com\/web\/la-ofrenda-de-la-paz-y-la-fe-en-la-misericordia-de-dios-un-testimonio-vivo\/\",\"url\":\"https:\/\/tabernaculoprensadedios.com\/web\/la-ofrenda-de-la-paz-y-la-fe-en-la-misericordia-de-dios-un-testimonio-vivo\/\",\"name\":\"La ofrenda de la Paz y la Fe en la misericordia de Dios. Un testimonio vivo - Tabernaculo Prensa de Dios\",\"isPartOf\":{\"@id\":\"https:\/\/tabernaculoprensadedios.com\/web\/#website\"},\"primaryImageOfPage\":{\"@id\":\"https:\/\/tabernaculoprensadedios.com\/web\/la-ofrenda-de-la-paz-y-la-fe-en-la-misericordia-de-dios-un-testimonio-vivo\/#primaryimage\"},\"image\":{\"@id\":\"https:\/\/tabernaculoprensadedios.com\/web\/la-ofrenda-de-la-paz-y-la-fe-en-la-misericordia-de-dios-un-testimonio-vivo\/#primaryimage\"},\"thumbnailUrl\":\"https:\/\/tabernaculoprensadedios.com\/web\/wp-content\/uploads\/2024\/10\/bandera-RD.jpg\",\"datePublished\":\"2024-12-12T01:07:12+00:00\",\"dateModified\":\"2024-12-12T01:10:05+00:00\",\"breadcrumb\":{\"@id\":\"https:\/\/tabernaculoprensadedios.com\/web\/la-ofrenda-de-la-paz-y-la-fe-en-la-misericordia-de-dios-un-testimonio-vivo\/#breadcrumb\"},\"inLanguage\":\"es\",\"potentialAction\":[{\"@type\":\"ReadAction\",\"target\":[\"https:\/\/tabernaculoprensadedios.com\/web\/la-ofrenda-de-la-paz-y-la-fe-en-la-misericordia-de-dios-un-testimonio-vivo\/\"]}]},{\"@type\":\"ImageObject\",\"inLanguage\":\"es\",\"@id\":\"https:\/\/tabernaculoprensadedios.com\/web\/la-ofrenda-de-la-paz-y-la-fe-en-la-misericordia-de-dios-un-testimonio-vivo\/#primaryimage\",\"url\":\"https:\/\/tabernaculoprensadedios.com\/web\/wp-content\/uploads\/2024\/10\/bandera-RD.jpg\",\"contentUrl\":\"https:\/\/tabernaculoprensadedios.com\/web\/wp-content\/uploads\/2024\/10\/bandera-RD.jpg\",\"width\":2048,\"height\":1161},{\"@type\":\"BreadcrumbList\",\"@id\":\"https:\/\/tabernaculoprensadedios.com\/web\/la-ofrenda-de-la-paz-y-la-fe-en-la-misericordia-de-dios-un-testimonio-vivo\/#breadcrumb\",\"itemListElement\":[{\"@type\":\"ListItem\",\"position\":1,\"name\":\"Portada\",\"item\":\"https:\/\/tabernaculoprensadedios.com\/web\/\"},{\"@type\":\"ListItem\",\"position\":2,\"name\":\"La ofrenda de la Paz y la Fe en la misericordia de Dios. Un testimonio vivo\"}]},{\"@type\":\"WebSite\",\"@id\":\"https:\/\/tabernaculoprensadedios.com\/web\/#website\",\"url\":\"https:\/\/tabernaculoprensadedios.com\/web\/\",\"name\":\"Tabernaculo Prensa de Dios\",\"description\":\"Un medio a la manera de Dios\",\"publisher\":{\"@id\":\"https:\/\/tabernaculoprensadedios.com\/web\/#\/schema\/person\/bc0e069fef56b38e177db6f098ae0b6e\"},\"potentialAction\":[{\"@type\":\"SearchAction\",\"target\":{\"@type\":\"EntryPoint\",\"urlTemplate\":\"https:\/\/tabernaculoprensadedios.com\/web\/?s={search_term_string}\"},\"query-input\":{\"@type\":\"PropertyValueSpecification\",\"valueRequired\":true,\"valueName\":\"search_term_string\"}}],\"inLanguage\":\"es\"},{\"@type\":[\"Person\",\"Organization\"],\"@id\":\"https:\/\/tabernaculoprensadedios.com\/web\/#\/schema\/person\/bc0e069fef56b38e177db6f098ae0b6e\",\"name\":\"tabernaculo\",\"image\":{\"@type\":\"ImageObject\",\"inLanguage\":\"es\",\"@id\":\"https:\/\/tabernaculoprensadedios.com\/web\/#\/schema\/person\/image\/\",\"url\":\"https:\/\/tabernaculoprensadedios.com\/web\/wp-content\/uploads\/2015\/06\/login-logo1.png\",\"contentUrl\":\"https:\/\/tabernaculoprensadedios.com\/web\/wp-content\/uploads\/2015\/06\/login-logo1.png\",\"width\":300,\"height\":118,\"caption\":\"tabernaculo\"},\"logo\":{\"@id\":\"https:\/\/tabernaculoprensadedios.com\/web\/#\/schema\/person\/image\/\"},\"url\":\"https:\/\/tabernaculoprensadedios.com\/web\/author\/tabernaculo\/\"}]}<\/script>\n<!-- \/ Yoast SEO Premium plugin. -->","yoast_head_json":{"title":"La ofrenda de la Paz y la Fe en la misericordia de Dios. Un testimonio vivo - Tabernaculo Prensa de Dios","robots":{"index":"index","follow":"follow","max-snippet":"max-snippet:-1","max-image-preview":"max-image-preview:large","max-video-preview":"max-video-preview:-1"},"canonical":"https:\/\/tabernaculoprensadedios.com\/web\/la-ofrenda-de-la-paz-y-la-fe-en-la-misericordia-de-dios-un-testimonio-vivo\/","og_locale":"es_ES","og_type":"article","og_title":"La ofrenda de la Paz y la Fe en la misericordia de Dios. Un testimonio vivo","og_description":"En 1 Reyes 17-8-24 encontramos la conmovedora historia de la viuda de Sarepta. Esta mujer, en medio de su desesperaci\u00f3n, se preparaba para enfrentar lo que parec\u00eda inevitable: la muerte por falta de provisi\u00f3n. Sin embargo, el clamor de su coraz\u00f3n, su obediencia al profeta El\u00edas, y su acto de fe al ofrecer lo \u00faltimo &hellip;","og_url":"https:\/\/tabernaculoprensadedios.com\/web\/la-ofrenda-de-la-paz-y-la-fe-en-la-misericordia-de-dios-un-testimonio-vivo\/","og_site_name":"Tabernaculo Prensa de Dios","article_published_time":"2024-12-12T01:07:12+00:00","article_modified_time":"2024-12-12T01:10:05+00:00","og_image":[{"width":2048,"height":1161,"url":"https:\/\/tabernaculoprensadedios.com\/web\/wp-content\/uploads\/2024\/10\/bandera-RD.jpg","type":"image\/jpeg"}],"author":"tabernaculo","twitter_card":"summary_large_image","twitter_creator":"@PrensadeDios","twitter_site":"@PrensadeDios","twitter_misc":{"Escrito por":"tabernaculo","Tiempo de lectura":"3 minutos"},"schema":{"@context":"https:\/\/schema.org","@graph":[{"@type":"Article","@id":"https:\/\/tabernaculoprensadedios.com\/web\/la-ofrenda-de-la-paz-y-la-fe-en-la-misericordia-de-dios-un-testimonio-vivo\/#article","isPartOf":{"@id":"https:\/\/tabernaculoprensadedios.com\/web\/la-ofrenda-de-la-paz-y-la-fe-en-la-misericordia-de-dios-un-testimonio-vivo\/"},"author":{"name":"tabernaculo","@id":"https:\/\/tabernaculoprensadedios.com\/web\/#\/schema\/person\/bc0e069fef56b38e177db6f098ae0b6e"},"headline":"La ofrenda de la Paz y la Fe en la misericordia de Dios. Un testimonio vivo","datePublished":"2024-12-12T01:07:12+00:00","dateModified":"2024-12-12T01:10:05+00:00","mainEntityOfPage":{"@id":"https:\/\/tabernaculoprensadedios.com\/web\/la-ofrenda-de-la-paz-y-la-fe-en-la-misericordia-de-dios-un-testimonio-vivo\/"},"wordCount":514,"commentCount":0,"publisher":{"@id":"https:\/\/tabernaculoprensadedios.com\/web\/#\/schema\/person\/bc0e069fef56b38e177db6f098ae0b6e"},"image":{"@id":"https:\/\/tabernaculoprensadedios.com\/web\/la-ofrenda-de-la-paz-y-la-fe-en-la-misericordia-de-dios-un-testimonio-vivo\/#primaryimage"},"thumbnailUrl":"https:\/\/tabernaculoprensadedios.com\/web\/wp-content\/uploads\/2024\/10\/bandera-RD.jpg","articleSection":["Voz del Tabern\u00e1culo"],"inLanguage":"es","potentialAction":[{"@type":"CommentAction","name":"Comment","target":["https:\/\/tabernaculoprensadedios.com\/web\/la-ofrenda-de-la-paz-y-la-fe-en-la-misericordia-de-dios-un-testimonio-vivo\/#respond"]}]},{"@type":"WebPage","@id":"https:\/\/tabernaculoprensadedios.com\/web\/la-ofrenda-de-la-paz-y-la-fe-en-la-misericordia-de-dios-un-testimonio-vivo\/","url":"https:\/\/tabernaculoprensadedios.com\/web\/la-ofrenda-de-la-paz-y-la-fe-en-la-misericordia-de-dios-un-testimonio-vivo\/","name":"La ofrenda de la Paz y la Fe en la misericordia de Dios. Un testimonio vivo - Tabernaculo Prensa de Dios","isPartOf":{"@id":"https:\/\/tabernaculoprensadedios.com\/web\/#website"},"primaryImageOfPage":{"@id":"https:\/\/tabernaculoprensadedios.com\/web\/la-ofrenda-de-la-paz-y-la-fe-en-la-misericordia-de-dios-un-testimonio-vivo\/#primaryimage"},"image":{"@id":"https:\/\/tabernaculoprensadedios.com\/web\/la-ofrenda-de-la-paz-y-la-fe-en-la-misericordia-de-dios-un-testimonio-vivo\/#primaryimage"},"thumbnailUrl":"https:\/\/tabernaculoprensadedios.com\/web\/wp-content\/uploads\/2024\/10\/bandera-RD.jpg","datePublished":"2024-12-12T01:07:12+00:00","dateModified":"2024-12-12T01:10:05+00:00","breadcrumb":{"@id":"https:\/\/tabernaculoprensadedios.com\/web\/la-ofrenda-de-la-paz-y-la-fe-en-la-misericordia-de-dios-un-testimonio-vivo\/#breadcrumb"},"inLanguage":"es","potentialAction":[{"@type":"ReadAction","target":["https:\/\/tabernaculoprensadedios.com\/web\/la-ofrenda-de-la-paz-y-la-fe-en-la-misericordia-de-dios-un-testimonio-vivo\/"]}]},{"@type":"ImageObject","inLanguage":"es","@id":"https:\/\/tabernaculoprensadedios.com\/web\/la-ofrenda-de-la-paz-y-la-fe-en-la-misericordia-de-dios-un-testimonio-vivo\/#primaryimage","url":"https:\/\/tabernaculoprensadedios.com\/web\/wp-content\/uploads\/2024\/10\/bandera-RD.jpg","contentUrl":"https:\/\/tabernaculoprensadedios.com\/web\/wp-content\/uploads\/2024\/10\/bandera-RD.jpg","width":2048,"height":1161},{"@type":"BreadcrumbList","@id":"https:\/\/tabernaculoprensadedios.com\/web\/la-ofrenda-de-la-paz-y-la-fe-en-la-misericordia-de-dios-un-testimonio-vivo\/#breadcrumb","itemListElement":[{"@type":"ListItem","position":1,"name":"Portada","item":"https:\/\/tabernaculoprensadedios.com\/web\/"},{"@type":"ListItem","position":2,"name":"La ofrenda de la Paz y la Fe en la misericordia de Dios. Un testimonio vivo"}]},{"@type":"WebSite","@id":"https:\/\/tabernaculoprensadedios.com\/web\/#website","url":"https:\/\/tabernaculoprensadedios.com\/web\/","name":"Tabernaculo Prensa de Dios","description":"Un medio a la manera de Dios","publisher":{"@id":"https:\/\/tabernaculoprensadedios.com\/web\/#\/schema\/person\/bc0e069fef56b38e177db6f098ae0b6e"},"potentialAction":[{"@type":"SearchAction","target":{"@type":"EntryPoint","urlTemplate":"https:\/\/tabernaculoprensadedios.com\/web\/?s={search_term_string}"},"query-input":{"@type":"PropertyValueSpecification","valueRequired":true,"valueName":"search_term_string"}}],"inLanguage":"es"},{"@type":["Person","Organization"],"@id":"https:\/\/tabernaculoprensadedios.com\/web\/#\/schema\/person\/bc0e069fef56b38e177db6f098ae0b6e","name":"tabernaculo","image":{"@type":"ImageObject","inLanguage":"es","@id":"https:\/\/tabernaculoprensadedios.com\/web\/#\/schema\/person\/image\/","url":"https:\/\/tabernaculoprensadedios.com\/web\/wp-content\/uploads\/2015\/06\/login-logo1.png","contentUrl":"https:\/\/tabernaculoprensadedios.com\/web\/wp-content\/uploads\/2015\/06\/login-logo1.png","width":300,"height":118,"caption":"tabernaculo"},"logo":{"@id":"https:\/\/tabernaculoprensadedios.com\/web\/#\/schema\/person\/image\/"},"url":"https:\/\/tabernaculoprensadedios.com\/web\/author\/tabernaculo\/"}]}},"_links":{"self":[{"href":"https:\/\/tabernaculoprensadedios.com\/web\/wp-json\/wp\/v2\/posts\/33205","targetHints":{"allow":["GET"]}}],"collection":[{"href":"https:\/\/tabernaculoprensadedios.com\/web\/wp-json\/wp\/v2\/posts"}],"about":[{"href":"https:\/\/tabernaculoprensadedios.com\/web\/wp-json\/wp\/v2\/types\/post"}],"author":[{"embeddable":true,"href":"https:\/\/tabernaculoprensadedios.com\/web\/wp-json\/wp\/v2\/users\/1"}],"replies":[{"embeddable":true,"href":"https:\/\/tabernaculoprensadedios.com\/web\/wp-json\/wp\/v2\/comments?post=33205"}],"version-history":[{"count":1,"href":"https:\/\/tabernaculoprensadedios.com\/web\/wp-json\/wp\/v2\/posts\/33205\/revisions"}],"predecessor-version":[{"id":33207,"href":"https:\/\/tabernaculoprensadedios.com\/web\/wp-json\/wp\/v2\/posts\/33205\/revisions\/33207"}],"wp:featuredmedia":[{"embeddable":true,"href":"https:\/\/tabernaculoprensadedios.com\/web\/wp-json\/wp\/v2\/media\/32511"}],"wp:attachment":[{"href":"https:\/\/tabernaculoprensadedios.com\/web\/wp-json\/wp\/v2\/media?parent=33205"}],"wp:term":[{"taxonomy":"category","embeddable":true,"href":"https:\/\/tabernaculoprensadedios.com\/web\/wp-json\/wp\/v2\/categories?post=33205"},{"taxonomy":"post_tag","embeddable":true,"href":"https:\/\/tabernaculoprensadedios.com\/web\/wp-json\/wp\/v2\/tags?post=33205"}],"curies":[{"name":"wp","href":"https:\/\/api.w.org\/{rel}","templated":true}]}}