{"id":33200,"date":"2024-12-12T00:47:34","date_gmt":"2024-12-12T00:47:34","guid":{"rendered":"https:\/\/tabernaculoprensadedios.com\/web\/?p=33200"},"modified":"2024-12-12T09:55:57","modified_gmt":"2024-12-12T09:55:57","slug":"diciembre-el-mes-de-lo-inesperado-y-sobrenatural","status":"publish","type":"post","link":"https:\/\/tabernaculoprensadedios.com\/web\/diciembre-el-mes-de-lo-inesperado-y-sobrenatural\/","title":{"rendered":"Diciembre. El Mes de lo Inesperado y Sobrenatural"},"content":{"rendered":"<p><strong><em>Sin embargo, como est\u00e1 escrito: \u00abNing\u00fan ojo ha visto, ning\u00fan o\u00eddo ha escuchado, ning\u00fan coraz\u00f3n ha concebido lo que Dios ha preparado para quienes lo aman\u00bb. 1 Corintios 2:9<\/em><\/strong><\/p>\n<p>A medida que se acercaba diciembre (el duod\u00e9cimo mes), mi coraz\u00f3n se llenaba de emoci\u00f3n, anticipaci\u00f3n y alegr\u00eda. He estudiado el significado prof\u00e9tico del n\u00famero doce y s\u00e9 que tiene un significado prof\u00e9tico y simb\u00f3lico significativo a lo largo de la Biblia. A menudo se asocia con el gobierno divino, la autoridad, la plenitud y las promesas de pacto de Dios. Representa el gobierno estructurado y organizado de Dios sobre la creaci\u00f3n, particularmente en relaci\u00f3n con Su pueblo. En un sentido prof\u00e9tico, el n\u00famero doce puede indicar el orden de Dios, el cumplimiento de promesas o el establecimiento de un reino (Apocalipsis 21:12\u201314).<\/p>\n<p>Sin embargo, durante la oraci\u00f3n, el Se\u00f1or liber\u00f3 una palabra espec\u00edfica sobre este mes. Primero, mi esposo recibi\u00f3 la palabra \u00abde repente\u00bb, y despu\u00e9s de unos d\u00edas, yo recib\u00ed la palabra \u00abinmediatamente\u00bb. Mientras or\u00e1bamos juntos sobre la palabra prof\u00e9tica de Dios para diciembre, ambos supimos en nuestro coraz\u00f3n que lo que Dios estaba a punto de hacer no ser\u00eda gradual; ser\u00eda inmediato y repentino. Adem\u00e1s, escuch\u00e9 una palabra que nunca uso en mi vocabulario y supe que era del Se\u00f1or. Escuch\u00e9 \u00abcatapulta\u00bb, y en mi esp\u00edritu entend\u00ed que diciembre ser\u00eda un mes de repentina catapulta divina.<\/p>\n<p>El significado prof\u00e9tico de \u00abcatapulta\u00bb se refiere a un ascenso, lanzamiento o impulso repentino y dram\u00e1tico, que a menudo implica un movimiento r\u00e1pido o inesperado de una situaci\u00f3n o posici\u00f3n a otra, generalmente hacia una posici\u00f3n mucho m\u00e1s alta o exitosa. Significa lanzar de manera repentina o dram\u00e1tica a alguien o algo hacia una nueva posici\u00f3n o situaci\u00f3n. Por ejemplo: \u00abEl descubrimiento catapult\u00f3 su carrera a nuevas alturas.\u00bb Cuando algo o alguien es descrito como \u00abcatapultado,\u00bb sugiere que ha sido impulsado hacia arriba r\u00e1pidamente y con gran fuerza, a menudo de manera repentina o inesperada.<\/p>\n<p>Escuch\u00e9 al Se\u00f1or decir: \u00abDiciembre ser\u00e1 un mes de \u201ccatapulta repentina\u00bb. Habr\u00e1 un cambio repentino en prop\u00f3sitos, destinos y llamados\u201d. Pero la \u00abcatapulta repentina\u00bb ser\u00e1 en ambas direcciones. Algunos ser\u00e1n impulsados y catapultados hacia arriba, mientras que otros, que han sido rebeldes, ser\u00e1n catapultados hacia abajo. Descender\u00e1n a gran velocidad, a pesar de las alturas que crean haber alcanzado. Ser\u00e1 un mes de catapultas, y suceder\u00e1 de manera repentina. Ver\u00e1s una catapulta repentina en \u00e1reas como el gobierno y la industria musical, pero especialmente en la Iglesia, porque el juicio comienza por la casa de Dios. Esto no ser\u00e1 gradual, sino una ca\u00edda repentina. Muchos en diciembre enfrentar\u00e1n un desaf\u00edo, y ese desaf\u00edo ser\u00e1 una oportunidad para que Dios los catapulte de manera repentina.<\/p>\n<p>La Biblia est\u00e1 llena de ejemplos de c\u00f3mo Dios catapulta repentinamente a Su pueblo. El ejemplo m\u00e1s profundo y espiritualmente significativo de \u00abcatapultar\u00bb en la Biblia es la resurrecci\u00f3n de Jesucristo. Despu\u00e9s de Su crucifixi\u00f3n, Jes\u00fas fue resucitado, y Su elevaci\u00f3n no fue simplemente a una posici\u00f3n pol\u00edtica o social, sino a un lugar de gloria eterna a la diestra de Dios. Su resurrecci\u00f3n y ascensi\u00f3n representan la forma suprema de elevaci\u00f3n divina, donde fue catapultado de un estado de sufrimiento y muerte a reinar como Rey de reyes. Creo que diciembre ser\u00e1 ese tipo de mes para muchos.<\/p>\n<p><strong>PALABRA PROFETICA PARA EL MES DE DICIEMBRE<\/strong><br \/>\nEl Se\u00f1or dice: \u00abDiciembre ser\u00e1 un mes de \u201ccatapultas repentinas\u201d, una catapulta repentina que se mover\u00e1 en ambas direcciones. Ser\u00e1 repentina, veloz y dram\u00e1tica. Estar\u00e1 marcada por un desaf\u00edo dise\u00f1ado para catapultar a Mi pueblo fiel y propulsarse hacia arriba. Al mismo tiempo, ver\u00e1n c\u00f3mo los arrogantes, de repente y sin aviso, son catapultados hacia abajo. Esto ocurrir\u00e1 en diferentes \u00e1reas, pero especialmente en la Iglesia, porque el juicio comenzar\u00e1 por la casa de Dios. Aquellos que elijan enga\u00f1ar, encubrir y mentir\u2014y mentir al Esp\u00edritu Santo\u2014caer\u00e1n de la gracia; ser\u00e1n catapultados hacia abajo repentinamente, siguiendo a satan\u00e1s, su l\u00edder, la estrella de la ma\u00f1ana que cay\u00f3 del cielo y fue arrojada hacia abajo\u00bb.<\/p>\n<p>Este es un mes de exposici\u00f3n, y aquellos que piensan que son poderosos a sus propios ojos ser\u00e1n los primeros en ser catapultados hacia abajo repentinamente. Pero no ser\u00e1 as\u00ed con Mi pueblo. Ellos ser\u00e1n catapultados repentinamente en la direcci\u00f3n opuesta. Porque nacieron para un tiempo como este, y el desaf\u00edo que est\u00e1n enfrentando no es para su destrucci\u00f3n, sino para una \u201ccatapulta repentina\u201d hacia un nuevo \u00e1mbito de gloria.<\/p>\n<p>1 Samuel 18:7 Y cantaban las mujeres que danzaban, y dec\u00edan: Sa\u00fal hiri\u00f3 a sus miles, y David a sus diez miles.<\/p>\n<p>\u00abEsther no sab\u00eda que el desaf\u00edo de entrar al patio del rey la catapultar\u00eda repentinamente a una posici\u00f3n de autoridad y la llevar\u00eda a salvar a su pueblo. Jos\u00e9 no sab\u00eda que interpretar el sue\u00f1o de Fara\u00f3n lo catapultar\u00e1 repentinamente de la prisi\u00f3n al palacio, prepar\u00e1ndolo para el hambre que se avecinaba.<\/p>\n<p>\u201cEste es un mes donde habr\u00e1 una catapulta repentina en la salud. Muchos ser\u00e1n sanados al escuchar esto, porque cortar\u00e9 el flujo de enfermedad en sus cuerpos. La hemorragia se detendr\u00e1, y la catapulta descendente cambiar\u00e1 de direcci\u00f3n para dispararse repentinamente hacia arriba. Por lo tanto, les digo que en diciembre har\u00e9 que toda gracia abunde hacia ustedes. Mi gracia se catapultar\u00e1 hacia ustedes, repentina y abundantemente, porque tengo asuntos pendientes con ustedes\u201d.<\/p>\n<p>\u00abEste no es un mes para cerrar los libros o reducir el ritmo, sino para liberar una mayor medida de Mi poder de resurrecci\u00f3n, Mi poder dunamis, para catapultar Mi gracia hacia ustedes. Abrir\u00e1 repentinamente puertas cerradas. Ser\u00e1 un mes de milagros extraordinarios. Aunque su enemigo ronda como un le\u00f3n rugiente, esos rugidos est\u00e1n vac\u00edos y sus dientes han sido derribados. Por lo tanto, escuchen Mi promesa para ustedes: diciembre ser\u00e1 un mes de catapultas repentinas, donde se encontrar\u00e1n siendo propulsados por Mi Esp\u00edritu. Y el desaf\u00edo que enfrentan ahora ser\u00e1 la oportunidad que usar\u00e9. Afr\u00f3ntalo con valent\u00eda y prep\u00e1rense para un mes de catapulta divina.\u00bb (Una palabra de Yvon Attia)<\/p>\n<p>Salmos 18:25-30 T\u00fa eres fiel con quien es fiel e \u00edntegro con quien es \u00edntegro; sincero eres con quien es sincero, pero sagaz con el que es tramposo. T\u00fa das la victoria a los humildes, pero humillas a los altivos. T\u00fa, Se\u00f1or, mantienes mi l\u00e1mpara encendida; t\u00fa, Dios m\u00edo, iluminas mis tinieblas. Con tu apoyo me lanzar\u00e9 contra un ej\u00e9rcito; contigo, Dios m\u00edo, podr\u00e9 asaltar murallas. El camino de Dios es perfecto; la palabra del Se\u00f1or es intachable. Escudo es Dios a los que se refugian en \u00e9l.<\/p>\n<p>Con amor y oraciones,<\/p>\n<p>Fuente: <strong>Magie de Cano<\/strong><\/p>\n","protected":false},"excerpt":{"rendered":"<p>Sin embargo, como est\u00e1 escrito: \u00abNing\u00fan ojo ha visto, ning\u00fan o\u00eddo ha escuchado, ning\u00fan coraz\u00f3n ha concebido lo que Dios ha preparado para quienes lo aman\u00bb. 1 Corintios 2:9 A medida que se acercaba diciembre (el duod\u00e9cimo mes), mi coraz\u00f3n se llenaba de emoci\u00f3n, anticipaci\u00f3n y alegr\u00eda. He estudiado el significado prof\u00e9tico del n\u00famero doce &hellip;<\/p>\n","protected":false},"author":1,"featured_media":33201,"comment_status":"open","ping_status":"open","sticky":false,"template":"","format":"standard","meta":{"footnotes":""},"categories":[38],"tags":[],"class_list":["post-33200","post","type-post","status-publish","format-standard","has-post-thumbnail","hentry","category-principal"],"yoast_head":"<!-- This site is optimized with the Yoast SEO Premium plugin v24.2 (Yoast SEO v27.1.1) - https:\/\/yoast.com\/product\/yoast-seo-premium-wordpress\/ -->\n<title>Diciembre. El Mes de lo Inesperado y Sobrenatural - Tabernaculo Prensa de Dios<\/title>\n<meta name=\"robots\" content=\"index, follow, max-snippet:-1, max-image-preview:large, max-video-preview:-1\" \/>\n<link rel=\"canonical\" href=\"https:\/\/tabernaculoprensadedios.com\/web\/diciembre-el-mes-de-lo-inesperado-y-sobrenatural\/\" class=\"yoast-seo-meta-tag\" \/>\n<meta property=\"og:locale\" content=\"es_ES\" class=\"yoast-seo-meta-tag\" \/>\n<meta property=\"og:type\" content=\"article\" class=\"yoast-seo-meta-tag\" \/>\n<meta property=\"og:title\" content=\"Diciembre. El Mes de lo Inesperado y Sobrenatural\" class=\"yoast-seo-meta-tag\" \/>\n<meta property=\"og:description\" content=\"Sin embargo, como est\u00e1 escrito: \u00abNing\u00fan ojo ha visto, ning\u00fan o\u00eddo ha escuchado, ning\u00fan coraz\u00f3n ha concebido lo que Dios ha preparado para quienes lo aman\u00bb. 1 Corintios 2:9 A medida que se acercaba diciembre (el duod\u00e9cimo mes), mi coraz\u00f3n se llenaba de emoci\u00f3n, anticipaci\u00f3n y alegr\u00eda. He estudiado el significado prof\u00e9tico del n\u00famero doce &hellip;\" class=\"yoast-seo-meta-tag\" \/>\n<meta property=\"og:url\" content=\"https:\/\/tabernaculoprensadedios.com\/web\/diciembre-el-mes-de-lo-inesperado-y-sobrenatural\/\" class=\"yoast-seo-meta-tag\" \/>\n<meta property=\"og:site_name\" content=\"Tabernaculo Prensa de Dios\" class=\"yoast-seo-meta-tag\" \/>\n<meta property=\"article:published_time\" content=\"2024-12-12T00:47:34+00:00\" class=\"yoast-seo-meta-tag\" \/>\n<meta property=\"article:modified_time\" content=\"2024-12-12T09:55:57+00:00\" class=\"yoast-seo-meta-tag\" \/>\n<meta property=\"og:image\" content=\"https:\/\/tabernaculoprensadedios.com\/web\/wp-content\/uploads\/2024\/12\/El-Mes-de-lo-Inesperado-y-Sobrenatural-.avif\" class=\"yoast-seo-meta-tag\" \/>\n\t<meta property=\"og:image:width\" content=\"1280\" class=\"yoast-seo-meta-tag\" \/>\n\t<meta property=\"og:image:height\" content=\"853\" class=\"yoast-seo-meta-tag\" \/>\n\t<meta property=\"og:image:type\" content=\"image\/jpeg\" class=\"yoast-seo-meta-tag\" \/>\n<meta name=\"author\" content=\"tabernaculo\" class=\"yoast-seo-meta-tag\" \/>\n<meta name=\"twitter:card\" content=\"summary_large_image\" class=\"yoast-seo-meta-tag\" \/>\n<meta name=\"twitter:creator\" content=\"@PrensadeDios\" class=\"yoast-seo-meta-tag\" \/>\n<meta name=\"twitter:site\" content=\"@PrensadeDios\" class=\"yoast-seo-meta-tag\" \/>\n<meta name=\"twitter:label1\" content=\"Escrito por\" class=\"yoast-seo-meta-tag\" \/>\n\t<meta name=\"twitter:data1\" content=\"tabernaculo\" class=\"yoast-seo-meta-tag\" \/>\n\t<meta name=\"twitter:label2\" content=\"Tiempo de lectura\" class=\"yoast-seo-meta-tag\" \/>\n\t<meta name=\"twitter:data2\" content=\"6 minutos\" class=\"yoast-seo-meta-tag\" \/>\n<script type=\"application\/ld+json\" class=\"yoast-schema-graph\">{\"@context\":\"https:\/\/schema.org\",\"@graph\":[{\"@type\":\"Article\",\"@id\":\"https:\/\/tabernaculoprensadedios.com\/web\/diciembre-el-mes-de-lo-inesperado-y-sobrenatural\/#article\",\"isPartOf\":{\"@id\":\"https:\/\/tabernaculoprensadedios.com\/web\/diciembre-el-mes-de-lo-inesperado-y-sobrenatural\/\"},\"author\":{\"name\":\"tabernaculo\",\"@id\":\"https:\/\/tabernaculoprensadedios.com\/web\/#\/schema\/person\/bc0e069fef56b38e177db6f098ae0b6e\"},\"headline\":\"Diciembre. El Mes de lo Inesperado y Sobrenatural\",\"datePublished\":\"2024-12-12T00:47:34+00:00\",\"dateModified\":\"2024-12-12T09:55:57+00:00\",\"mainEntityOfPage\":{\"@id\":\"https:\/\/tabernaculoprensadedios.com\/web\/diciembre-el-mes-de-lo-inesperado-y-sobrenatural\/\"},\"wordCount\":1210,\"commentCount\":0,\"publisher\":{\"@id\":\"https:\/\/tabernaculoprensadedios.com\/web\/#\/schema\/person\/bc0e069fef56b38e177db6f098ae0b6e\"},\"image\":{\"@id\":\"https:\/\/tabernaculoprensadedios.com\/web\/diciembre-el-mes-de-lo-inesperado-y-sobrenatural\/#primaryimage\"},\"thumbnailUrl\":\"https:\/\/tabernaculoprensadedios.com\/web\/wp-content\/uploads\/2024\/12\/El-Mes-de-lo-Inesperado-y-Sobrenatural-.avif\",\"articleSection\":[\"Principal\"],\"inLanguage\":\"es\",\"potentialAction\":[{\"@type\":\"CommentAction\",\"name\":\"Comment\",\"target\":[\"https:\/\/tabernaculoprensadedios.com\/web\/diciembre-el-mes-de-lo-inesperado-y-sobrenatural\/#respond\"]}]},{\"@type\":\"WebPage\",\"@id\":\"https:\/\/tabernaculoprensadedios.com\/web\/diciembre-el-mes-de-lo-inesperado-y-sobrenatural\/\",\"url\":\"https:\/\/tabernaculoprensadedios.com\/web\/diciembre-el-mes-de-lo-inesperado-y-sobrenatural\/\",\"name\":\"Diciembre. El Mes de lo Inesperado y Sobrenatural - Tabernaculo Prensa de Dios\",\"isPartOf\":{\"@id\":\"https:\/\/tabernaculoprensadedios.com\/web\/#website\"},\"primaryImageOfPage\":{\"@id\":\"https:\/\/tabernaculoprensadedios.com\/web\/diciembre-el-mes-de-lo-inesperado-y-sobrenatural\/#primaryimage\"},\"image\":{\"@id\":\"https:\/\/tabernaculoprensadedios.com\/web\/diciembre-el-mes-de-lo-inesperado-y-sobrenatural\/#primaryimage\"},\"thumbnailUrl\":\"https:\/\/tabernaculoprensadedios.com\/web\/wp-content\/uploads\/2024\/12\/El-Mes-de-lo-Inesperado-y-Sobrenatural-.avif\",\"datePublished\":\"2024-12-12T00:47:34+00:00\",\"dateModified\":\"2024-12-12T09:55:57+00:00\",\"breadcrumb\":{\"@id\":\"https:\/\/tabernaculoprensadedios.com\/web\/diciembre-el-mes-de-lo-inesperado-y-sobrenatural\/#breadcrumb\"},\"inLanguage\":\"es\",\"potentialAction\":[{\"@type\":\"ReadAction\",\"target\":[\"https:\/\/tabernaculoprensadedios.com\/web\/diciembre-el-mes-de-lo-inesperado-y-sobrenatural\/\"]}]},{\"@type\":\"ImageObject\",\"inLanguage\":\"es\",\"@id\":\"https:\/\/tabernaculoprensadedios.com\/web\/diciembre-el-mes-de-lo-inesperado-y-sobrenatural\/#primaryimage\",\"url\":\"https:\/\/tabernaculoprensadedios.com\/web\/wp-content\/uploads\/2024\/12\/El-Mes-de-lo-Inesperado-y-Sobrenatural-.avif\",\"contentUrl\":\"https:\/\/tabernaculoprensadedios.com\/web\/wp-content\/uploads\/2024\/12\/El-Mes-de-lo-Inesperado-y-Sobrenatural-.avif\",\"width\":1280,\"height\":853},{\"@type\":\"BreadcrumbList\",\"@id\":\"https:\/\/tabernaculoprensadedios.com\/web\/diciembre-el-mes-de-lo-inesperado-y-sobrenatural\/#breadcrumb\",\"itemListElement\":[{\"@type\":\"ListItem\",\"position\":1,\"name\":\"Portada\",\"item\":\"https:\/\/tabernaculoprensadedios.com\/web\/\"},{\"@type\":\"ListItem\",\"position\":2,\"name\":\"Diciembre. El Mes de lo Inesperado y Sobrenatural\"}]},{\"@type\":\"WebSite\",\"@id\":\"https:\/\/tabernaculoprensadedios.com\/web\/#website\",\"url\":\"https:\/\/tabernaculoprensadedios.com\/web\/\",\"name\":\"Tabernaculo Prensa de Dios\",\"description\":\"Un medio a la manera de Dios\",\"publisher\":{\"@id\":\"https:\/\/tabernaculoprensadedios.com\/web\/#\/schema\/person\/bc0e069fef56b38e177db6f098ae0b6e\"},\"potentialAction\":[{\"@type\":\"SearchAction\",\"target\":{\"@type\":\"EntryPoint\",\"urlTemplate\":\"https:\/\/tabernaculoprensadedios.com\/web\/?s={search_term_string}\"},\"query-input\":{\"@type\":\"PropertyValueSpecification\",\"valueRequired\":true,\"valueName\":\"search_term_string\"}}],\"inLanguage\":\"es\"},{\"@type\":[\"Person\",\"Organization\"],\"@id\":\"https:\/\/tabernaculoprensadedios.com\/web\/#\/schema\/person\/bc0e069fef56b38e177db6f098ae0b6e\",\"name\":\"tabernaculo\",\"image\":{\"@type\":\"ImageObject\",\"inLanguage\":\"es\",\"@id\":\"https:\/\/tabernaculoprensadedios.com\/web\/#\/schema\/person\/image\/\",\"url\":\"https:\/\/tabernaculoprensadedios.com\/web\/wp-content\/uploads\/2015\/06\/login-logo1.png\",\"contentUrl\":\"https:\/\/tabernaculoprensadedios.com\/web\/wp-content\/uploads\/2015\/06\/login-logo1.png\",\"width\":300,\"height\":118,\"caption\":\"tabernaculo\"},\"logo\":{\"@id\":\"https:\/\/tabernaculoprensadedios.com\/web\/#\/schema\/person\/image\/\"},\"url\":\"https:\/\/tabernaculoprensadedios.com\/web\/author\/tabernaculo\/\"}]}<\/script>\n<!-- \/ Yoast SEO Premium plugin. -->","yoast_head_json":{"title":"Diciembre. El Mes de lo Inesperado y Sobrenatural - Tabernaculo Prensa de Dios","robots":{"index":"index","follow":"follow","max-snippet":"max-snippet:-1","max-image-preview":"max-image-preview:large","max-video-preview":"max-video-preview:-1"},"canonical":"https:\/\/tabernaculoprensadedios.com\/web\/diciembre-el-mes-de-lo-inesperado-y-sobrenatural\/","og_locale":"es_ES","og_type":"article","og_title":"Diciembre. El Mes de lo Inesperado y Sobrenatural","og_description":"Sin embargo, como est\u00e1 escrito: \u00abNing\u00fan ojo ha visto, ning\u00fan o\u00eddo ha escuchado, ning\u00fan coraz\u00f3n ha concebido lo que Dios ha preparado para quienes lo aman\u00bb. 1 Corintios 2:9 A medida que se acercaba diciembre (el duod\u00e9cimo mes), mi coraz\u00f3n se llenaba de emoci\u00f3n, anticipaci\u00f3n y alegr\u00eda. He estudiado el significado prof\u00e9tico del n\u00famero doce &hellip;","og_url":"https:\/\/tabernaculoprensadedios.com\/web\/diciembre-el-mes-de-lo-inesperado-y-sobrenatural\/","og_site_name":"Tabernaculo Prensa de Dios","article_published_time":"2024-12-12T00:47:34+00:00","article_modified_time":"2024-12-12T09:55:57+00:00","og_image":[{"width":1280,"height":853,"url":"https:\/\/tabernaculoprensadedios.com\/web\/wp-content\/uploads\/2024\/12\/El-Mes-de-lo-Inesperado-y-Sobrenatural-.avif","type":"image\/jpeg"}],"author":"tabernaculo","twitter_card":"summary_large_image","twitter_creator":"@PrensadeDios","twitter_site":"@PrensadeDios","twitter_misc":{"Escrito por":"tabernaculo","Tiempo de lectura":"6 minutos"},"schema":{"@context":"https:\/\/schema.org","@graph":[{"@type":"Article","@id":"https:\/\/tabernaculoprensadedios.com\/web\/diciembre-el-mes-de-lo-inesperado-y-sobrenatural\/#article","isPartOf":{"@id":"https:\/\/tabernaculoprensadedios.com\/web\/diciembre-el-mes-de-lo-inesperado-y-sobrenatural\/"},"author":{"name":"tabernaculo","@id":"https:\/\/tabernaculoprensadedios.com\/web\/#\/schema\/person\/bc0e069fef56b38e177db6f098ae0b6e"},"headline":"Diciembre. El Mes de lo Inesperado y Sobrenatural","datePublished":"2024-12-12T00:47:34+00:00","dateModified":"2024-12-12T09:55:57+00:00","mainEntityOfPage":{"@id":"https:\/\/tabernaculoprensadedios.com\/web\/diciembre-el-mes-de-lo-inesperado-y-sobrenatural\/"},"wordCount":1210,"commentCount":0,"publisher":{"@id":"https:\/\/tabernaculoprensadedios.com\/web\/#\/schema\/person\/bc0e069fef56b38e177db6f098ae0b6e"},"image":{"@id":"https:\/\/tabernaculoprensadedios.com\/web\/diciembre-el-mes-de-lo-inesperado-y-sobrenatural\/#primaryimage"},"thumbnailUrl":"https:\/\/tabernaculoprensadedios.com\/web\/wp-content\/uploads\/2024\/12\/El-Mes-de-lo-Inesperado-y-Sobrenatural-.avif","articleSection":["Principal"],"inLanguage":"es","potentialAction":[{"@type":"CommentAction","name":"Comment","target":["https:\/\/tabernaculoprensadedios.com\/web\/diciembre-el-mes-de-lo-inesperado-y-sobrenatural\/#respond"]}]},{"@type":"WebPage","@id":"https:\/\/tabernaculoprensadedios.com\/web\/diciembre-el-mes-de-lo-inesperado-y-sobrenatural\/","url":"https:\/\/tabernaculoprensadedios.com\/web\/diciembre-el-mes-de-lo-inesperado-y-sobrenatural\/","name":"Diciembre. El Mes de lo Inesperado y Sobrenatural - Tabernaculo Prensa de Dios","isPartOf":{"@id":"https:\/\/tabernaculoprensadedios.com\/web\/#website"},"primaryImageOfPage":{"@id":"https:\/\/tabernaculoprensadedios.com\/web\/diciembre-el-mes-de-lo-inesperado-y-sobrenatural\/#primaryimage"},"image":{"@id":"https:\/\/tabernaculoprensadedios.com\/web\/diciembre-el-mes-de-lo-inesperado-y-sobrenatural\/#primaryimage"},"thumbnailUrl":"https:\/\/tabernaculoprensadedios.com\/web\/wp-content\/uploads\/2024\/12\/El-Mes-de-lo-Inesperado-y-Sobrenatural-.avif","datePublished":"2024-12-12T00:47:34+00:00","dateModified":"2024-12-12T09:55:57+00:00","breadcrumb":{"@id":"https:\/\/tabernaculoprensadedios.com\/web\/diciembre-el-mes-de-lo-inesperado-y-sobrenatural\/#breadcrumb"},"inLanguage":"es","potentialAction":[{"@type":"ReadAction","target":["https:\/\/tabernaculoprensadedios.com\/web\/diciembre-el-mes-de-lo-inesperado-y-sobrenatural\/"]}]},{"@type":"ImageObject","inLanguage":"es","@id":"https:\/\/tabernaculoprensadedios.com\/web\/diciembre-el-mes-de-lo-inesperado-y-sobrenatural\/#primaryimage","url":"https:\/\/tabernaculoprensadedios.com\/web\/wp-content\/uploads\/2024\/12\/El-Mes-de-lo-Inesperado-y-Sobrenatural-.avif","contentUrl":"https:\/\/tabernaculoprensadedios.com\/web\/wp-content\/uploads\/2024\/12\/El-Mes-de-lo-Inesperado-y-Sobrenatural-.avif","width":1280,"height":853},{"@type":"BreadcrumbList","@id":"https:\/\/tabernaculoprensadedios.com\/web\/diciembre-el-mes-de-lo-inesperado-y-sobrenatural\/#breadcrumb","itemListElement":[{"@type":"ListItem","position":1,"name":"Portada","item":"https:\/\/tabernaculoprensadedios.com\/web\/"},{"@type":"ListItem","position":2,"name":"Diciembre. El Mes de lo Inesperado y Sobrenatural"}]},{"@type":"WebSite","@id":"https:\/\/tabernaculoprensadedios.com\/web\/#website","url":"https:\/\/tabernaculoprensadedios.com\/web\/","name":"Tabernaculo Prensa de Dios","description":"Un medio a la manera de Dios","publisher":{"@id":"https:\/\/tabernaculoprensadedios.com\/web\/#\/schema\/person\/bc0e069fef56b38e177db6f098ae0b6e"},"potentialAction":[{"@type":"SearchAction","target":{"@type":"EntryPoint","urlTemplate":"https:\/\/tabernaculoprensadedios.com\/web\/?s={search_term_string}"},"query-input":{"@type":"PropertyValueSpecification","valueRequired":true,"valueName":"search_term_string"}}],"inLanguage":"es"},{"@type":["Person","Organization"],"@id":"https:\/\/tabernaculoprensadedios.com\/web\/#\/schema\/person\/bc0e069fef56b38e177db6f098ae0b6e","name":"tabernaculo","image":{"@type":"ImageObject","inLanguage":"es","@id":"https:\/\/tabernaculoprensadedios.com\/web\/#\/schema\/person\/image\/","url":"https:\/\/tabernaculoprensadedios.com\/web\/wp-content\/uploads\/2015\/06\/login-logo1.png","contentUrl":"https:\/\/tabernaculoprensadedios.com\/web\/wp-content\/uploads\/2015\/06\/login-logo1.png","width":300,"height":118,"caption":"tabernaculo"},"logo":{"@id":"https:\/\/tabernaculoprensadedios.com\/web\/#\/schema\/person\/image\/"},"url":"https:\/\/tabernaculoprensadedios.com\/web\/author\/tabernaculo\/"}]}},"_links":{"self":[{"href":"https:\/\/tabernaculoprensadedios.com\/web\/wp-json\/wp\/v2\/posts\/33200","targetHints":{"allow":["GET"]}}],"collection":[{"href":"https:\/\/tabernaculoprensadedios.com\/web\/wp-json\/wp\/v2\/posts"}],"about":[{"href":"https:\/\/tabernaculoprensadedios.com\/web\/wp-json\/wp\/v2\/types\/post"}],"author":[{"embeddable":true,"href":"https:\/\/tabernaculoprensadedios.com\/web\/wp-json\/wp\/v2\/users\/1"}],"replies":[{"embeddable":true,"href":"https:\/\/tabernaculoprensadedios.com\/web\/wp-json\/wp\/v2\/comments?post=33200"}],"version-history":[{"count":3,"href":"https:\/\/tabernaculoprensadedios.com\/web\/wp-json\/wp\/v2\/posts\/33200\/revisions"}],"predecessor-version":[{"id":33216,"href":"https:\/\/tabernaculoprensadedios.com\/web\/wp-json\/wp\/v2\/posts\/33200\/revisions\/33216"}],"wp:featuredmedia":[{"embeddable":true,"href":"https:\/\/tabernaculoprensadedios.com\/web\/wp-json\/wp\/v2\/media\/33201"}],"wp:attachment":[{"href":"https:\/\/tabernaculoprensadedios.com\/web\/wp-json\/wp\/v2\/media?parent=33200"}],"wp:term":[{"taxonomy":"category","embeddable":true,"href":"https:\/\/tabernaculoprensadedios.com\/web\/wp-json\/wp\/v2\/categories?post=33200"},{"taxonomy":"post_tag","embeddable":true,"href":"https:\/\/tabernaculoprensadedios.com\/web\/wp-json\/wp\/v2\/tags?post=33200"}],"curies":[{"name":"wp","href":"https:\/\/api.w.org\/{rel}","templated":true}]}}