{"id":32228,"date":"2024-09-10T17:56:34","date_gmt":"2024-09-10T17:56:34","guid":{"rendered":"https:\/\/tabernaculoprensadedios.com\/web\/?p=32228"},"modified":"2024-09-10T17:56:34","modified_gmt":"2024-09-10T17:56:34","slug":"el-poder-de-la-fe-en-la-oracion","status":"publish","type":"post","link":"https:\/\/tabernaculoprensadedios.com\/web\/el-poder-de-la-fe-en-la-oracion\/","title":{"rendered":"El Poder de la Fe en la Oraci\u00f3n"},"content":{"rendered":"<p>Estas palabras de nuestro Se\u00f1or Jesucristo nos llenan de confianza para poder orar y clamar por las necesidades de nuestra vida y por los anhelos de nuestro coraz\u00f3n, \u00e9l nos dice que debemos confiar que lo que estamos pidiendo en oraci\u00f3n el Se\u00f1or lo har\u00e1 realidad en nuestra vida.<\/p>\n<p>Pero seguramente muchos nos preguntamos: Si tenemos esa garant\u00eda de parte del Se\u00f1or <strong>\u00bfPOR QU\u00c9 NO RECIBIMOS LO QUE PEDIMOS?<\/strong> En la palabra de Dios encontramos la respuesta a esa pregunta, y es porque hay <strong>BARRERAS QUE ESTORBAN NUESTRAS ORACIONES<\/strong>.<\/p>\n<p>Pueden haber muchas barreras que pueden estar estorbando las oraciones que hacemos delante de nuestro Dios, pero hoy vamos a reflexionar por medio de la palabra de Dios en <strong>CUATRO DE ESAS BARRERAS QUE ESTORBAN NUESTRAS ORACIONES<\/strong>:<\/p>\n<p id=\"m_-7627671909457536162m_-4635328590652884013m_-5259478353534367388h-i-primera-barrera-la-incredulidad\"><strong><u>I) PRIMERA BARRERA: LA INCREDULIDAD <\/u><\/strong><\/p>\n<blockquote><p><strong><u>(SANTIAGO 1:6-7)<\/u> Pero pida con fe, no dudando nada; porque el que duda es semejante a la onda del mar, que es arrastrada por el viento y echada de una parte a otra. 7 No piense, pues, quien tal haga, que recibir\u00e1 cosa alguna del Se\u00f1or<\/strong>.<\/p><\/blockquote>\n<p>Verdaderamente como dice el texto la incredulidad es una barrera que impide que nuestras oraciones sean eficaces, es decir que la oraci\u00f3n sin fe es una oraci\u00f3n vac\u00eda, es una oraci\u00f3n que <strong>NO SE PUEDE CONECTAR AL PODER DE DIOS<\/strong>.<\/p>\n<p><strong>Seguramente todos comprendemos este ejemplo:<\/strong> Una oraci\u00f3n sin fe es como tener apagado el wi fi de nuestro tel\u00e9fono m\u00f3vil, no se puede conectar, de esa manera una oraci\u00f3n sin fe es una oraci\u00f3n que no se conecta con el poder y las maravillas del Se\u00f1or <strong>(Hebreos 11:6) Pero sin fe es imposible agradar a Dios; porque es necesario que el que se acerca a Dios crea que le hay, y que es galardonador de los que le buscan<\/strong>.<\/p>\n<p>La incredulidad se manifiesta en <strong>DUDAS, FALTA DE EXPECTATIVA Y DES\u00c1NIMO<\/strong>, por lo tanto tenemos que derribar esa barrera <strong>CONFIANDO EN EL AMOR, EL PODER Y LA FIDELIDAD<\/strong> de nuestro Dios<\/p>\n<p id=\"m_-7627671909457536162m_-4635328590652884013m_-5259478353534367388h-ii-segunda-barrera-no-pedir-conforme-a-la-voluntad-de-dios\"><strong><u>II) SEGUNDA BARRERA: NO PEDIR CONFORME A LA VOLUNTAD DE DIOS <\/u><\/strong><\/p>\n<blockquote><p><strong><u>(1 Juan 5:14-15)<\/u> Y esta es la confianza que tenemos en \u00e9l, que si pedimos alguna cosa conforme a su voluntad, \u00e9l nos oye. 15 Y si sabemos que \u00e9l nos oye en cualquiera cosa que pidamos, sabemos que tenemos las peticiones que le hayamos hecho<\/strong>.<\/p><\/blockquote>\n<p>No podemos esperar recibir lo que estamos pidiendo si lo que pedimos no va conforme a la voluntad de nuestro Dios, no es algo agradable para \u00e9l ,\u00a0 posiblemente estamos pidiendo algo que no est\u00e1 dentro de sus planes y prop\u00f3sitos para nuestra vida.<\/p>\n<p>\u00bfEstar\u00e1 Dios obligado a darnos todo lo que pedimos en oraci\u00f3n aun cuando lo que le estamos pidiendo va en contra de su voluntad? O cuando lo que estamos pidiendo son los caprichos de nuestro coraz\u00f3n lleno de vanidad y materialismo?<\/p>\n<p>\u00bfPodr\u00eda entonces un narcotraficante orar para que Dios bendiga su cultivo de coca o de marihuana y que sus embarques de toneladas de drogas no sean descubiertos?<\/p>\n<p>\u00bfPodr\u00eda una mujer orar a Dios para que su amante deje a su esposa y se quede con ella?<\/p>\n<p>\u00bfPodr\u00eda un ladr\u00f3n pedir a Dios que lo cuide y que los robos que haga sean productivos?<\/p>\n<p><strong>\u00a1PODR\u00cdA HACERLO, PERO SU ORACI\u00d3N NO SER\u00c1 CONTESTADA!<\/strong> Por lo tanto lo primero que necesitamos es conocer la voluntad de Dios, dejarnos guiar por \u00e9l y someter nuestra voluntad a la de \u00c9l.<\/p>\n<p>En los casos de los ejemplos anteriores son cosas que sabemos que son cosas que desagradan a Dios, pero \u00bfC\u00f3mo saber la voluntad de Dios cuando lo que estamos pidiendo parece algo bueno, algo recto y de bendici\u00f3n para nuestra vida? <strong><u>(Proverbios 14:12)<\/u> Hay camino que al hombre le parece derecho; Pero su fin es camino de muerte<\/strong>.<\/p>\n<p>El Se\u00f1or conociendo la dificultad que tenemos para reconocer su voluntad y su camino, nos ha dejado el mejor de los maestros para ense\u00f1arnos a orar conforme a su voluntad: El Esp\u00edritu Santo <strong><u>(Romanos 8:26-27)<\/u><\/strong> <strong>Y de igual manera el Esp\u00edritu nos ayuda en nuestra debilidad; pues qu\u00e9 hemos de pedir como conviene, no lo sabemos, pero el Esp\u00edritu mismo intercede por nosotros con gemidos indecibles. 27 Mas el que escudri\u00f1a los corazones sabe cu\u00e1l es la intenci\u00f3n del Esp\u00edritu, porque conforme a la voluntad de Dios intercede por los santos<\/strong>.<\/p>\n<p><strong>TENEMOS QUE ORAR PIDIENDO SER GUIADOS POR EL ESP\u00cdRITU SANTO PARA ORAR CONFORME A SU VOLUNTAD<\/strong>.<\/p>\n<p id=\"m_-7627671909457536162m_-4635328590652884013m_-5259478353534367388h-iii-tercera-barrera-un-corazon-sin-arrepentimiento\"><strong><u>III) TERCERA BARRERA: UN CORAZ\u00d3N SIN ARREPENTIMIENTO <\/u><\/strong><\/p>\n<blockquote><p><strong><u>(ISA\u00cdAS 59:1-3)<\/u> He aqu\u00ed que no se ha acortado la mano de Jehov\u00e1 para salvar, ni se ha agravado su o\u00eddo para o\u00edr; 2 pero vuestras iniquidades han hecho divisi\u00f3n entre vosotros y vuestro Dios, y vuestros pecados han hecho ocultar de vosotros su rostro para no o\u00edr. 3 Porque vuestras manos est\u00e1n contaminadas de sangre, y vuestros dedos de iniquidad; vuestros labios pronuncian mentira, habla maldad vuestra lengua<\/strong>.<\/p><\/blockquote>\n<p>Tenemos que comprender que nuestros pecados no confesados, es decir, nuestros pecados ocultos o escondidos, son un obst\u00e1culo grande delante del Se\u00f1or para nuestras oraciones.<\/p>\n<p>Como lo dice el texto, nuestros pecados no confesados u ocultos hacen ocultar de nosotros su rostro para no o\u00edr, pues esto significa presentarnos delante de \u00e9l con un coraz\u00f3n falto de sinceridad, y para venir delante del Se\u00f1or tenemos que acercarnos con un coraz\u00f3n sincero <strong><u>(Hebreos 10:22)<\/u> acerqu\u00e9monos con coraz\u00f3n sincero, en plena certidumbre de fe, purificados los corazones de mala conciencia, y lavados los cuerpos con agua pura<\/strong>.<\/p>\n<p><strong>\u00bfC\u00d3MO DERRIBAR ESA BARRERA? RECONOCIENDO QUE HEMOS PECADO Y CONFESANDO CON SINCERIDAD NUESTROS PECADOS DELANTE DEL SE\u00d1OR<\/strong> para ser perdonados y lavados con su preciosa sangre <strong>(1 Juan 8:10) Si decimos que no tenemos pecado, nos enga\u00f1amos a nosotros mismos, y la verdad no est\u00e1 en nosotros. 9 Si confesamos nuestros pecados, \u00e9l es fiel y justo para perdonar nuestros pecados, y limpiarnos de toda maldad<\/strong>.<\/p>\n<p id=\"m_-7627671909457536162m_-4635328590652884013m_-5259478353534367388h-iv-cuarta-barrera-las-injusticias-y-violencia-dentro-de-nuestra-familia\"><strong><u>IV) CUARTA BARRERA: LAS INJUSTICIAS Y VIOLENCIA DENTRO DE NUESTRA FAMILIA <\/u><\/strong><\/p>\n<blockquote><p><strong><u>(1 Pedro 3:7)<\/u> Vosotros, maridos, igualmente, vivid con ellas sabiamente, dando honor a la mujer como a vaso m\u00e1s fr\u00e1gil, y como a coherederas de la gracia de la vida, para que vuestras oraciones no tengan estorbo<\/strong>.<\/p><\/blockquote>\n<p>La palabra de Dios nos declara que nuestras oraciones son estorbadas cuando NO tratamos a nuestra como a un vaso fr\u00e1gil, es decir cuando somos ofensivos en el trato, cuando usamos violencia, cuando usamos maltrato verbal, emocional, etc.<\/p>\n<p>Pero la ense\u00f1anza de este texto no solamente puede ser enfocada en la violencia e injusticia que se cometen en contra de la esposa, sino a todo maltrato, a toda violencia en contra del <strong>M\u00c1S D\u00c9BIL<\/strong>.<\/p>\n<p>Nuestras oraciones son estorbadas cuando en nuestra vida hay maltrato, violencia e injusticias hacia aquellos que no tienen c\u00f3mo defenderse, que son m\u00e1s d\u00e9biles que nosotros ya sea por edad, por condici\u00f3n de salud, por su condici\u00f3n econ\u00f3mica, etc<\/p>\n<p>\u00bfSer\u00eda justo que nuestro Dios responda las oraciones de aquellos que obran con injusticia y violencia en contra de su propia familia? <strong><u>(Salmos 103:6)<\/u> Jehov\u00e1 es el que hace justicia y derecho a todos los que padecen violencia<\/strong>.<\/p>\n<p>Tenemos que reconocer en nuestra vida las injusticias y violencia que cometemos, y arrepentirnos de todo coraz\u00f3n delante del Se\u00f1or,para poder mejorar nuestros caminos y nuestras obras y derribar esa barrera de nuestras oraciones <strong><u>(Jerem\u00edas 26:13)<\/u> Mejorad ahora vuestros caminos y vuestras obras, y o\u00edd la voz de Jehov\u00e1 vuestro Dios, y se arrepentir\u00e1 Jehov\u00e1 del mal que ha hablado contra vosotros<\/strong>.<\/p>\n<p><strong><u>CONCLUSI\u00d3N:<\/u><\/strong> Nuestras oraciones pueden ser estorbadas por varias barreras que impiden que sean efectivas. La incredulidad, pedir fuera de la voluntad de Dios, un coraz\u00f3n no arrepentido y la injusticia dentro de la familia son cuatro de estas barreras. Para que nuestras oraciones sean escuchadas, necesitamos derribar estas barreras con fe, sometimiento a la voluntad de Dios, arrepentimiento sincero y justicia en nuestras relaciones personales. Cuando nos alineamos con los principios de Dios, nuestras oraciones pueden fluir con poder y ser respondidas conforme a su plan perfecto.<\/p>\n","protected":false},"excerpt":{"rendered":"<p>Estas palabras de nuestro Se\u00f1or Jesucristo nos llenan de confianza para poder orar y clamar por las necesidades de nuestra vida y por los anhelos de nuestro coraz\u00f3n, \u00e9l nos dice que debemos confiar que lo que estamos pidiendo en oraci\u00f3n el Se\u00f1or lo har\u00e1 realidad en nuestra vida. Pero seguramente muchos nos preguntamos: Si &hellip;<\/p>\n","protected":false},"author":1,"featured_media":27814,"comment_status":"open","ping_status":"open","sticky":false,"template":"","format":"standard","meta":{"footnotes":""},"categories":[34],"tags":[],"class_list":["post-32228","post","type-post","status-publish","format-standard","has-post-thumbnail","hentry","category-articulos"],"yoast_head":"<!-- This site is optimized with the Yoast SEO Premium plugin v24.2 (Yoast SEO v27.1.1) - https:\/\/yoast.com\/product\/yoast-seo-premium-wordpress\/ -->\n<title>El Poder de la Fe en la Oraci\u00f3n - Tabernaculo Prensa de Dios<\/title>\n<meta name=\"robots\" content=\"index, follow, max-snippet:-1, max-image-preview:large, max-video-preview:-1\" \/>\n<link rel=\"canonical\" href=\"https:\/\/tabernaculoprensadedios.com\/web\/el-poder-de-la-fe-en-la-oracion\/\" class=\"yoast-seo-meta-tag\" \/>\n<meta property=\"og:locale\" content=\"es_ES\" class=\"yoast-seo-meta-tag\" \/>\n<meta property=\"og:type\" content=\"article\" class=\"yoast-seo-meta-tag\" \/>\n<meta property=\"og:title\" content=\"El Poder de la Fe en la Oraci\u00f3n\" class=\"yoast-seo-meta-tag\" \/>\n<meta property=\"og:description\" content=\"Estas palabras de nuestro Se\u00f1or Jesucristo nos llenan de confianza para poder orar y clamar por las necesidades de nuestra vida y por los anhelos de nuestro coraz\u00f3n, \u00e9l nos dice que debemos confiar que lo que estamos pidiendo en oraci\u00f3n el Se\u00f1or lo har\u00e1 realidad en nuestra vida. Pero seguramente muchos nos preguntamos: Si &hellip;\" class=\"yoast-seo-meta-tag\" \/>\n<meta property=\"og:url\" content=\"https:\/\/tabernaculoprensadedios.com\/web\/el-poder-de-la-fe-en-la-oracion\/\" class=\"yoast-seo-meta-tag\" \/>\n<meta property=\"og:site_name\" content=\"Tabernaculo Prensa de Dios\" class=\"yoast-seo-meta-tag\" \/>\n<meta property=\"article:published_time\" content=\"2024-09-10T17:56:34+00:00\" class=\"yoast-seo-meta-tag\" \/>\n<meta property=\"og:image\" content=\"https:\/\/tabernaculoprensadedios.com\/web\/wp-content\/uploads\/2023\/04\/adoracion.jpg\" class=\"yoast-seo-meta-tag\" \/>\n\t<meta property=\"og:image:width\" content=\"1280\" class=\"yoast-seo-meta-tag\" \/>\n\t<meta property=\"og:image:height\" content=\"596\" class=\"yoast-seo-meta-tag\" \/>\n\t<meta property=\"og:image:type\" content=\"image\/jpeg\" class=\"yoast-seo-meta-tag\" \/>\n<meta name=\"author\" content=\"tabernaculo\" class=\"yoast-seo-meta-tag\" \/>\n<meta name=\"twitter:card\" content=\"summary_large_image\" class=\"yoast-seo-meta-tag\" \/>\n<meta name=\"twitter:creator\" content=\"@PrensadeDios\" class=\"yoast-seo-meta-tag\" \/>\n<meta name=\"twitter:site\" content=\"@PrensadeDios\" class=\"yoast-seo-meta-tag\" \/>\n<meta name=\"twitter:label1\" content=\"Escrito por\" class=\"yoast-seo-meta-tag\" \/>\n\t<meta name=\"twitter:data1\" content=\"tabernaculo\" class=\"yoast-seo-meta-tag\" \/>\n\t<meta name=\"twitter:label2\" content=\"Tiempo de lectura\" class=\"yoast-seo-meta-tag\" \/>\n\t<meta name=\"twitter:data2\" content=\"6 minutos\" class=\"yoast-seo-meta-tag\" \/>\n<script type=\"application\/ld+json\" class=\"yoast-schema-graph\">{\"@context\":\"https:\/\/schema.org\",\"@graph\":[{\"@type\":\"Article\",\"@id\":\"https:\/\/tabernaculoprensadedios.com\/web\/el-poder-de-la-fe-en-la-oracion\/#article\",\"isPartOf\":{\"@id\":\"https:\/\/tabernaculoprensadedios.com\/web\/el-poder-de-la-fe-en-la-oracion\/\"},\"author\":{\"name\":\"tabernaculo\",\"@id\":\"https:\/\/tabernaculoprensadedios.com\/web\/#\/schema\/person\/bc0e069fef56b38e177db6f098ae0b6e\"},\"headline\":\"El Poder de la Fe en la Oraci\u00f3n\",\"datePublished\":\"2024-09-10T17:56:34+00:00\",\"mainEntityOfPage\":{\"@id\":\"https:\/\/tabernaculoprensadedios.com\/web\/el-poder-de-la-fe-en-la-oracion\/\"},\"wordCount\":1384,\"commentCount\":0,\"publisher\":{\"@id\":\"https:\/\/tabernaculoprensadedios.com\/web\/#\/schema\/person\/bc0e069fef56b38e177db6f098ae0b6e\"},\"image\":{\"@id\":\"https:\/\/tabernaculoprensadedios.com\/web\/el-poder-de-la-fe-en-la-oracion\/#primaryimage\"},\"thumbnailUrl\":\"https:\/\/tabernaculoprensadedios.com\/web\/wp-content\/uploads\/2023\/04\/adoracion.jpg\",\"articleSection\":[\"Articulos\"],\"inLanguage\":\"es\",\"potentialAction\":[{\"@type\":\"CommentAction\",\"name\":\"Comment\",\"target\":[\"https:\/\/tabernaculoprensadedios.com\/web\/el-poder-de-la-fe-en-la-oracion\/#respond\"]}]},{\"@type\":\"WebPage\",\"@id\":\"https:\/\/tabernaculoprensadedios.com\/web\/el-poder-de-la-fe-en-la-oracion\/\",\"url\":\"https:\/\/tabernaculoprensadedios.com\/web\/el-poder-de-la-fe-en-la-oracion\/\",\"name\":\"El Poder de la Fe en la Oraci\u00f3n - Tabernaculo Prensa de Dios\",\"isPartOf\":{\"@id\":\"https:\/\/tabernaculoprensadedios.com\/web\/#website\"},\"primaryImageOfPage\":{\"@id\":\"https:\/\/tabernaculoprensadedios.com\/web\/el-poder-de-la-fe-en-la-oracion\/#primaryimage\"},\"image\":{\"@id\":\"https:\/\/tabernaculoprensadedios.com\/web\/el-poder-de-la-fe-en-la-oracion\/#primaryimage\"},\"thumbnailUrl\":\"https:\/\/tabernaculoprensadedios.com\/web\/wp-content\/uploads\/2023\/04\/adoracion.jpg\",\"datePublished\":\"2024-09-10T17:56:34+00:00\",\"breadcrumb\":{\"@id\":\"https:\/\/tabernaculoprensadedios.com\/web\/el-poder-de-la-fe-en-la-oracion\/#breadcrumb\"},\"inLanguage\":\"es\",\"potentialAction\":[{\"@type\":\"ReadAction\",\"target\":[\"https:\/\/tabernaculoprensadedios.com\/web\/el-poder-de-la-fe-en-la-oracion\/\"]}]},{\"@type\":\"ImageObject\",\"inLanguage\":\"es\",\"@id\":\"https:\/\/tabernaculoprensadedios.com\/web\/el-poder-de-la-fe-en-la-oracion\/#primaryimage\",\"url\":\"https:\/\/tabernaculoprensadedios.com\/web\/wp-content\/uploads\/2023\/04\/adoracion.jpg\",\"contentUrl\":\"https:\/\/tabernaculoprensadedios.com\/web\/wp-content\/uploads\/2023\/04\/adoracion.jpg\",\"width\":1280,\"height\":596},{\"@type\":\"BreadcrumbList\",\"@id\":\"https:\/\/tabernaculoprensadedios.com\/web\/el-poder-de-la-fe-en-la-oracion\/#breadcrumb\",\"itemListElement\":[{\"@type\":\"ListItem\",\"position\":1,\"name\":\"Portada\",\"item\":\"https:\/\/tabernaculoprensadedios.com\/web\/\"},{\"@type\":\"ListItem\",\"position\":2,\"name\":\"El Poder de la Fe en la Oraci\u00f3n\"}]},{\"@type\":\"WebSite\",\"@id\":\"https:\/\/tabernaculoprensadedios.com\/web\/#website\",\"url\":\"https:\/\/tabernaculoprensadedios.com\/web\/\",\"name\":\"Tabernaculo Prensa de Dios\",\"description\":\"Un medio a la manera de Dios\",\"publisher\":{\"@id\":\"https:\/\/tabernaculoprensadedios.com\/web\/#\/schema\/person\/bc0e069fef56b38e177db6f098ae0b6e\"},\"potentialAction\":[{\"@type\":\"SearchAction\",\"target\":{\"@type\":\"EntryPoint\",\"urlTemplate\":\"https:\/\/tabernaculoprensadedios.com\/web\/?s={search_term_string}\"},\"query-input\":{\"@type\":\"PropertyValueSpecification\",\"valueRequired\":true,\"valueName\":\"search_term_string\"}}],\"inLanguage\":\"es\"},{\"@type\":[\"Person\",\"Organization\"],\"@id\":\"https:\/\/tabernaculoprensadedios.com\/web\/#\/schema\/person\/bc0e069fef56b38e177db6f098ae0b6e\",\"name\":\"tabernaculo\",\"image\":{\"@type\":\"ImageObject\",\"inLanguage\":\"es\",\"@id\":\"https:\/\/tabernaculoprensadedios.com\/web\/#\/schema\/person\/image\/\",\"url\":\"https:\/\/tabernaculoprensadedios.com\/web\/wp-content\/uploads\/2015\/06\/login-logo1.png\",\"contentUrl\":\"https:\/\/tabernaculoprensadedios.com\/web\/wp-content\/uploads\/2015\/06\/login-logo1.png\",\"width\":300,\"height\":118,\"caption\":\"tabernaculo\"},\"logo\":{\"@id\":\"https:\/\/tabernaculoprensadedios.com\/web\/#\/schema\/person\/image\/\"},\"url\":\"https:\/\/tabernaculoprensadedios.com\/web\/author\/tabernaculo\/\"}]}<\/script>\n<!-- \/ Yoast SEO Premium plugin. -->","yoast_head_json":{"title":"El Poder de la Fe en la Oraci\u00f3n - Tabernaculo Prensa de Dios","robots":{"index":"index","follow":"follow","max-snippet":"max-snippet:-1","max-image-preview":"max-image-preview:large","max-video-preview":"max-video-preview:-1"},"canonical":"https:\/\/tabernaculoprensadedios.com\/web\/el-poder-de-la-fe-en-la-oracion\/","og_locale":"es_ES","og_type":"article","og_title":"El Poder de la Fe en la Oraci\u00f3n","og_description":"Estas palabras de nuestro Se\u00f1or Jesucristo nos llenan de confianza para poder orar y clamar por las necesidades de nuestra vida y por los anhelos de nuestro coraz\u00f3n, \u00e9l nos dice que debemos confiar que lo que estamos pidiendo en oraci\u00f3n el Se\u00f1or lo har\u00e1 realidad en nuestra vida. Pero seguramente muchos nos preguntamos: Si &hellip;","og_url":"https:\/\/tabernaculoprensadedios.com\/web\/el-poder-de-la-fe-en-la-oracion\/","og_site_name":"Tabernaculo Prensa de Dios","article_published_time":"2024-09-10T17:56:34+00:00","og_image":[{"width":1280,"height":596,"url":"https:\/\/tabernaculoprensadedios.com\/web\/wp-content\/uploads\/2023\/04\/adoracion.jpg","type":"image\/jpeg"}],"author":"tabernaculo","twitter_card":"summary_large_image","twitter_creator":"@PrensadeDios","twitter_site":"@PrensadeDios","twitter_misc":{"Escrito por":"tabernaculo","Tiempo de lectura":"6 minutos"},"schema":{"@context":"https:\/\/schema.org","@graph":[{"@type":"Article","@id":"https:\/\/tabernaculoprensadedios.com\/web\/el-poder-de-la-fe-en-la-oracion\/#article","isPartOf":{"@id":"https:\/\/tabernaculoprensadedios.com\/web\/el-poder-de-la-fe-en-la-oracion\/"},"author":{"name":"tabernaculo","@id":"https:\/\/tabernaculoprensadedios.com\/web\/#\/schema\/person\/bc0e069fef56b38e177db6f098ae0b6e"},"headline":"El Poder de la Fe en la Oraci\u00f3n","datePublished":"2024-09-10T17:56:34+00:00","mainEntityOfPage":{"@id":"https:\/\/tabernaculoprensadedios.com\/web\/el-poder-de-la-fe-en-la-oracion\/"},"wordCount":1384,"commentCount":0,"publisher":{"@id":"https:\/\/tabernaculoprensadedios.com\/web\/#\/schema\/person\/bc0e069fef56b38e177db6f098ae0b6e"},"image":{"@id":"https:\/\/tabernaculoprensadedios.com\/web\/el-poder-de-la-fe-en-la-oracion\/#primaryimage"},"thumbnailUrl":"https:\/\/tabernaculoprensadedios.com\/web\/wp-content\/uploads\/2023\/04\/adoracion.jpg","articleSection":["Articulos"],"inLanguage":"es","potentialAction":[{"@type":"CommentAction","name":"Comment","target":["https:\/\/tabernaculoprensadedios.com\/web\/el-poder-de-la-fe-en-la-oracion\/#respond"]}]},{"@type":"WebPage","@id":"https:\/\/tabernaculoprensadedios.com\/web\/el-poder-de-la-fe-en-la-oracion\/","url":"https:\/\/tabernaculoprensadedios.com\/web\/el-poder-de-la-fe-en-la-oracion\/","name":"El Poder de la Fe en la Oraci\u00f3n - Tabernaculo Prensa de Dios","isPartOf":{"@id":"https:\/\/tabernaculoprensadedios.com\/web\/#website"},"primaryImageOfPage":{"@id":"https:\/\/tabernaculoprensadedios.com\/web\/el-poder-de-la-fe-en-la-oracion\/#primaryimage"},"image":{"@id":"https:\/\/tabernaculoprensadedios.com\/web\/el-poder-de-la-fe-en-la-oracion\/#primaryimage"},"thumbnailUrl":"https:\/\/tabernaculoprensadedios.com\/web\/wp-content\/uploads\/2023\/04\/adoracion.jpg","datePublished":"2024-09-10T17:56:34+00:00","breadcrumb":{"@id":"https:\/\/tabernaculoprensadedios.com\/web\/el-poder-de-la-fe-en-la-oracion\/#breadcrumb"},"inLanguage":"es","potentialAction":[{"@type":"ReadAction","target":["https:\/\/tabernaculoprensadedios.com\/web\/el-poder-de-la-fe-en-la-oracion\/"]}]},{"@type":"ImageObject","inLanguage":"es","@id":"https:\/\/tabernaculoprensadedios.com\/web\/el-poder-de-la-fe-en-la-oracion\/#primaryimage","url":"https:\/\/tabernaculoprensadedios.com\/web\/wp-content\/uploads\/2023\/04\/adoracion.jpg","contentUrl":"https:\/\/tabernaculoprensadedios.com\/web\/wp-content\/uploads\/2023\/04\/adoracion.jpg","width":1280,"height":596},{"@type":"BreadcrumbList","@id":"https:\/\/tabernaculoprensadedios.com\/web\/el-poder-de-la-fe-en-la-oracion\/#breadcrumb","itemListElement":[{"@type":"ListItem","position":1,"name":"Portada","item":"https:\/\/tabernaculoprensadedios.com\/web\/"},{"@type":"ListItem","position":2,"name":"El Poder de la Fe en la Oraci\u00f3n"}]},{"@type":"WebSite","@id":"https:\/\/tabernaculoprensadedios.com\/web\/#website","url":"https:\/\/tabernaculoprensadedios.com\/web\/","name":"Tabernaculo Prensa de Dios","description":"Un medio a la manera de Dios","publisher":{"@id":"https:\/\/tabernaculoprensadedios.com\/web\/#\/schema\/person\/bc0e069fef56b38e177db6f098ae0b6e"},"potentialAction":[{"@type":"SearchAction","target":{"@type":"EntryPoint","urlTemplate":"https:\/\/tabernaculoprensadedios.com\/web\/?s={search_term_string}"},"query-input":{"@type":"PropertyValueSpecification","valueRequired":true,"valueName":"search_term_string"}}],"inLanguage":"es"},{"@type":["Person","Organization"],"@id":"https:\/\/tabernaculoprensadedios.com\/web\/#\/schema\/person\/bc0e069fef56b38e177db6f098ae0b6e","name":"tabernaculo","image":{"@type":"ImageObject","inLanguage":"es","@id":"https:\/\/tabernaculoprensadedios.com\/web\/#\/schema\/person\/image\/","url":"https:\/\/tabernaculoprensadedios.com\/web\/wp-content\/uploads\/2015\/06\/login-logo1.png","contentUrl":"https:\/\/tabernaculoprensadedios.com\/web\/wp-content\/uploads\/2015\/06\/login-logo1.png","width":300,"height":118,"caption":"tabernaculo"},"logo":{"@id":"https:\/\/tabernaculoprensadedios.com\/web\/#\/schema\/person\/image\/"},"url":"https:\/\/tabernaculoprensadedios.com\/web\/author\/tabernaculo\/"}]}},"_links":{"self":[{"href":"https:\/\/tabernaculoprensadedios.com\/web\/wp-json\/wp\/v2\/posts\/32228","targetHints":{"allow":["GET"]}}],"collection":[{"href":"https:\/\/tabernaculoprensadedios.com\/web\/wp-json\/wp\/v2\/posts"}],"about":[{"href":"https:\/\/tabernaculoprensadedios.com\/web\/wp-json\/wp\/v2\/types\/post"}],"author":[{"embeddable":true,"href":"https:\/\/tabernaculoprensadedios.com\/web\/wp-json\/wp\/v2\/users\/1"}],"replies":[{"embeddable":true,"href":"https:\/\/tabernaculoprensadedios.com\/web\/wp-json\/wp\/v2\/comments?post=32228"}],"version-history":[{"count":1,"href":"https:\/\/tabernaculoprensadedios.com\/web\/wp-json\/wp\/v2\/posts\/32228\/revisions"}],"predecessor-version":[{"id":32229,"href":"https:\/\/tabernaculoprensadedios.com\/web\/wp-json\/wp\/v2\/posts\/32228\/revisions\/32229"}],"wp:featuredmedia":[{"embeddable":true,"href":"https:\/\/tabernaculoprensadedios.com\/web\/wp-json\/wp\/v2\/media\/27814"}],"wp:attachment":[{"href":"https:\/\/tabernaculoprensadedios.com\/web\/wp-json\/wp\/v2\/media?parent=32228"}],"wp:term":[{"taxonomy":"category","embeddable":true,"href":"https:\/\/tabernaculoprensadedios.com\/web\/wp-json\/wp\/v2\/categories?post=32228"},{"taxonomy":"post_tag","embeddable":true,"href":"https:\/\/tabernaculoprensadedios.com\/web\/wp-json\/wp\/v2\/tags?post=32228"}],"curies":[{"name":"wp","href":"https:\/\/api.w.org\/{rel}","templated":true}]}}