{"id":32220,"date":"2024-09-10T17:32:07","date_gmt":"2024-09-10T17:32:07","guid":{"rendered":"https:\/\/tabernaculoprensadedios.com\/web\/?p=32220"},"modified":"2024-09-10T17:32:07","modified_gmt":"2024-09-10T17:32:07","slug":"el-llamado-para-edificar-la-iglesia-viene-de-dios-no-del-hombre","status":"publish","type":"post","link":"https:\/\/tabernaculoprensadedios.com\/web\/el-llamado-para-edificar-la-iglesia-viene-de-dios-no-del-hombre\/","title":{"rendered":"El Llamado para Edificar la Iglesia viene de Dios, no del Hombre"},"content":{"rendered":"<p>Esta declaraci\u00f3n del Esp\u00edritu Santo echa a rodar por el suelo la conceptualizaci\u00f3n del hombre en la Iglesia de Jesucristo:<\/p>\n<p>\u201cPablo, ap\u00f3stol (no de parte de hombres ni mediante hombre alguno, sino por medio de Jesucristo y de Dios el Padre que le resucit\u00f3 de entre los muertos),\u201d<br \/>\n<strong>\u202d\u202dG\u00e1latas\u202c \u202d1\u202c:\u202d1\u202c \u202dLBLA\u202c\u202c<\/strong><\/p>\n<p>Otra traducci\u00f3n explica la intervenci\u00f3n del Se\u00f1or para establecer autoridad en la Iglesia, he aqu\u00ed la proclama:<\/p>\n<p>\u201cEsta carta viene de Pablo, un ap\u00f3stol no designado por ninguna organizaci\u00f3n o autoridad humana. Muy por el contrario, fui designado por Jesucristo y Dios, el Padre, quien levant\u00f3 a Jes\u00fas de entre los muertos.\u201d<br \/>\n<strong>\u202d\u202dG\u00e1latas\u202c \u202d1\u202c:\u202d1\u202c \u202dVBL\u202c\u202c<\/strong><\/p>\n<p>La cobertura de Dios queda expuesta claramente al momento de proceder al respecto; as\u00ed pues, es glorificado en su hijo Jesucristo.<\/p>\n<p><strong>En Su Palabra dice el Se\u00f1or:<br \/>\n<\/strong>\u201cPorque el Se\u00f1or y el Esp\u00edritu son uno mismo, y donde est\u00e1 el Esp\u00edritu del Se\u00f1or hay libertad. Y nosotros no tenemos ning\u00fan velo que nos cubra la cara. Somos como un espejo que refleja la grandeza del Se\u00f1or, quien cambia nuestra vida. Gracias a la acci\u00f3n de su Esp\u00edritu en nosotros, cada vez nos parecemos m\u00e1s a \u00e9l.\u201d<br \/>\n\u202d\u202d<strong>2 Corintios\u202c \u202d3\u202c:\u202d17\u202c-\u202d18\u202c \u202dTLA\u202c\u202c<\/strong><\/p>\n<p><strong>Un derramamiento Del Esp\u00edritu Santo Profetizado Por el Se\u00f1or escrito est\u00e1:<\/strong><\/p>\n<p>\u201cUstedes comer\u00e1n en abundancia, hasta saciarse, y alabar\u00e1n el nombre del Se\u00f1or su Dios, que har\u00e1 maravillas por ustedes. \u00a1Nunca m\u00e1s ser\u00e1 avergonzado mi pueblo! Entonces sabr\u00e1n que yo estoy en medio de Israel, que yo soy el Se\u00f1or su Dios, y no hay otro fuera de m\u00ed. \u00a1Nunca m\u00e1s ser\u00e1 avergonzado mi pueblo! \u00bbDespu\u00e9s de esto, derramar\u00e9 mi Esp\u00edritu sobre todo ser humano. Los hijos y las hijas de ustedes profetizar\u00e1n, tendr\u00e1n sue\u00f1os los ancianos y los j\u00f3venes recibir\u00e1n visiones. En esos d\u00edas derramar\u00e9 mi Esp\u00edritu aun sobre los siervos y las siervas.\u201d<br \/>\n\u202d\u202dJoel\u202c \u202d2\u202c:\u202d26\u202c-\u202d29\u202c \u202dNVI\u202c\u202c<\/p>\n<p><strong>En el libro Efesios 4:11-12<\/strong><br \/>\nEl Esp\u00edritu Santo elige un gobierno para perfeccionar a los santos para la obra ministerial; quedando comprobado que Dios es el que llama y pone ordenamiento en su Iglesia.<\/p>\n<p>Dios te contin\u00fae bendiciendo. Maranatha.<\/p>\n","protected":false},"excerpt":{"rendered":"<p>Esta declaraci\u00f3n del Esp\u00edritu Santo echa a rodar por el suelo la conceptualizaci\u00f3n del hombre en la Iglesia de Jesucristo: \u201cPablo, ap\u00f3stol (no de parte de hombres ni mediante hombre alguno, sino por medio de Jesucristo y de Dios el Padre que le resucit\u00f3 de entre los muertos),\u201d \u202d\u202dG\u00e1latas\u202c \u202d1\u202c:\u202d1\u202c \u202dLBLA\u202c\u202c Otra traducci\u00f3n explica la &hellip;<\/p>\n","protected":false},"author":1,"featured_media":32222,"comment_status":"open","ping_status":"open","sticky":false,"template":"","format":"standard","meta":{"footnotes":""},"categories":[38],"tags":[],"class_list":["post-32220","post","type-post","status-publish","format-standard","has-post-thumbnail","hentry","category-principal"],"yoast_head":"<!-- This site is optimized with the Yoast SEO Premium plugin v24.2 (Yoast SEO v27.1.1) - https:\/\/yoast.com\/product\/yoast-seo-premium-wordpress\/ -->\n<title>El Llamado para Edificar la Iglesia viene de Dios, no del Hombre - Tabernaculo Prensa de Dios<\/title>\n<meta name=\"robots\" content=\"index, follow, max-snippet:-1, max-image-preview:large, max-video-preview:-1\" \/>\n<link rel=\"canonical\" href=\"https:\/\/tabernaculoprensadedios.com\/web\/el-llamado-para-edificar-la-iglesia-viene-de-dios-no-del-hombre\/\" class=\"yoast-seo-meta-tag\" \/>\n<meta property=\"og:locale\" content=\"es_ES\" class=\"yoast-seo-meta-tag\" \/>\n<meta property=\"og:type\" content=\"article\" class=\"yoast-seo-meta-tag\" \/>\n<meta property=\"og:title\" content=\"El Llamado para Edificar la Iglesia viene de Dios, no del Hombre\" class=\"yoast-seo-meta-tag\" \/>\n<meta property=\"og:description\" content=\"Esta declaraci\u00f3n del Esp\u00edritu Santo echa a rodar por el suelo la conceptualizaci\u00f3n del hombre en la Iglesia de Jesucristo: \u201cPablo, ap\u00f3stol (no de parte de hombres ni mediante hombre alguno, sino por medio de Jesucristo y de Dios el Padre que le resucit\u00f3 de entre los muertos),\u201d \u202d\u202dG\u00e1latas\u202c \u202d1\u202c:\u202d1\u202c \u202dLBLA\u202c\u202c Otra traducci\u00f3n explica la &hellip;\" class=\"yoast-seo-meta-tag\" \/>\n<meta property=\"og:url\" content=\"https:\/\/tabernaculoprensadedios.com\/web\/el-llamado-para-edificar-la-iglesia-viene-de-dios-no-del-hombre\/\" class=\"yoast-seo-meta-tag\" \/>\n<meta property=\"og:site_name\" content=\"Tabernaculo Prensa de Dios\" class=\"yoast-seo-meta-tag\" \/>\n<meta property=\"article:published_time\" content=\"2024-09-10T17:32:07+00:00\" class=\"yoast-seo-meta-tag\" \/>\n<meta property=\"og:image\" content=\"https:\/\/tabernaculoprensadedios.com\/web\/wp-content\/uploads\/2024\/09\/Edificar-La-Iglesia-.jpg\" class=\"yoast-seo-meta-tag\" \/>\n\t<meta property=\"og:image:width\" content=\"1280\" class=\"yoast-seo-meta-tag\" \/>\n\t<meta property=\"og:image:height\" content=\"853\" class=\"yoast-seo-meta-tag\" \/>\n\t<meta property=\"og:image:type\" content=\"image\/jpeg\" class=\"yoast-seo-meta-tag\" \/>\n<meta name=\"author\" content=\"tabernaculo\" class=\"yoast-seo-meta-tag\" \/>\n<meta name=\"twitter:card\" content=\"summary_large_image\" class=\"yoast-seo-meta-tag\" \/>\n<meta name=\"twitter:creator\" content=\"@PrensadeDios\" class=\"yoast-seo-meta-tag\" \/>\n<meta name=\"twitter:site\" content=\"@PrensadeDios\" class=\"yoast-seo-meta-tag\" \/>\n<meta name=\"twitter:label1\" content=\"Escrito por\" class=\"yoast-seo-meta-tag\" \/>\n\t<meta name=\"twitter:data1\" content=\"tabernaculo\" class=\"yoast-seo-meta-tag\" \/>\n\t<meta name=\"twitter:label2\" content=\"Tiempo de lectura\" class=\"yoast-seo-meta-tag\" \/>\n\t<meta name=\"twitter:data2\" content=\"2 minutos\" class=\"yoast-seo-meta-tag\" \/>\n<script type=\"application\/ld+json\" class=\"yoast-schema-graph\">{\"@context\":\"https:\/\/schema.org\",\"@graph\":[{\"@type\":\"Article\",\"@id\":\"https:\/\/tabernaculoprensadedios.com\/web\/el-llamado-para-edificar-la-iglesia-viene-de-dios-no-del-hombre\/#article\",\"isPartOf\":{\"@id\":\"https:\/\/tabernaculoprensadedios.com\/web\/el-llamado-para-edificar-la-iglesia-viene-de-dios-no-del-hombre\/\"},\"author\":{\"name\":\"tabernaculo\",\"@id\":\"https:\/\/tabernaculoprensadedios.com\/web\/#\/schema\/person\/bc0e069fef56b38e177db6f098ae0b6e\"},\"headline\":\"El Llamado para Edificar la Iglesia viene de Dios, no del Hombre\",\"datePublished\":\"2024-09-10T17:32:07+00:00\",\"mainEntityOfPage\":{\"@id\":\"https:\/\/tabernaculoprensadedios.com\/web\/el-llamado-para-edificar-la-iglesia-viene-de-dios-no-del-hombre\/\"},\"wordCount\":394,\"commentCount\":0,\"publisher\":{\"@id\":\"https:\/\/tabernaculoprensadedios.com\/web\/#\/schema\/person\/bc0e069fef56b38e177db6f098ae0b6e\"},\"image\":{\"@id\":\"https:\/\/tabernaculoprensadedios.com\/web\/el-llamado-para-edificar-la-iglesia-viene-de-dios-no-del-hombre\/#primaryimage\"},\"thumbnailUrl\":\"https:\/\/tabernaculoprensadedios.com\/web\/wp-content\/uploads\/2024\/09\/Edificar-La-Iglesia-.jpg\",\"articleSection\":[\"Principal\"],\"inLanguage\":\"es\",\"potentialAction\":[{\"@type\":\"CommentAction\",\"name\":\"Comment\",\"target\":[\"https:\/\/tabernaculoprensadedios.com\/web\/el-llamado-para-edificar-la-iglesia-viene-de-dios-no-del-hombre\/#respond\"]}]},{\"@type\":\"WebPage\",\"@id\":\"https:\/\/tabernaculoprensadedios.com\/web\/el-llamado-para-edificar-la-iglesia-viene-de-dios-no-del-hombre\/\",\"url\":\"https:\/\/tabernaculoprensadedios.com\/web\/el-llamado-para-edificar-la-iglesia-viene-de-dios-no-del-hombre\/\",\"name\":\"El Llamado para Edificar la Iglesia viene de Dios, no del Hombre - Tabernaculo Prensa de Dios\",\"isPartOf\":{\"@id\":\"https:\/\/tabernaculoprensadedios.com\/web\/#website\"},\"primaryImageOfPage\":{\"@id\":\"https:\/\/tabernaculoprensadedios.com\/web\/el-llamado-para-edificar-la-iglesia-viene-de-dios-no-del-hombre\/#primaryimage\"},\"image\":{\"@id\":\"https:\/\/tabernaculoprensadedios.com\/web\/el-llamado-para-edificar-la-iglesia-viene-de-dios-no-del-hombre\/#primaryimage\"},\"thumbnailUrl\":\"https:\/\/tabernaculoprensadedios.com\/web\/wp-content\/uploads\/2024\/09\/Edificar-La-Iglesia-.jpg\",\"datePublished\":\"2024-09-10T17:32:07+00:00\",\"breadcrumb\":{\"@id\":\"https:\/\/tabernaculoprensadedios.com\/web\/el-llamado-para-edificar-la-iglesia-viene-de-dios-no-del-hombre\/#breadcrumb\"},\"inLanguage\":\"es\",\"potentialAction\":[{\"@type\":\"ReadAction\",\"target\":[\"https:\/\/tabernaculoprensadedios.com\/web\/el-llamado-para-edificar-la-iglesia-viene-de-dios-no-del-hombre\/\"]}]},{\"@type\":\"ImageObject\",\"inLanguage\":\"es\",\"@id\":\"https:\/\/tabernaculoprensadedios.com\/web\/el-llamado-para-edificar-la-iglesia-viene-de-dios-no-del-hombre\/#primaryimage\",\"url\":\"https:\/\/tabernaculoprensadedios.com\/web\/wp-content\/uploads\/2024\/09\/Edificar-La-Iglesia-.jpg\",\"contentUrl\":\"https:\/\/tabernaculoprensadedios.com\/web\/wp-content\/uploads\/2024\/09\/Edificar-La-Iglesia-.jpg\",\"width\":1280,\"height\":853},{\"@type\":\"BreadcrumbList\",\"@id\":\"https:\/\/tabernaculoprensadedios.com\/web\/el-llamado-para-edificar-la-iglesia-viene-de-dios-no-del-hombre\/#breadcrumb\",\"itemListElement\":[{\"@type\":\"ListItem\",\"position\":1,\"name\":\"Portada\",\"item\":\"https:\/\/tabernaculoprensadedios.com\/web\/\"},{\"@type\":\"ListItem\",\"position\":2,\"name\":\"El Llamado para Edificar la Iglesia viene de Dios, no del Hombre\"}]},{\"@type\":\"WebSite\",\"@id\":\"https:\/\/tabernaculoprensadedios.com\/web\/#website\",\"url\":\"https:\/\/tabernaculoprensadedios.com\/web\/\",\"name\":\"Tabernaculo Prensa de Dios\",\"description\":\"Un medio a la manera de Dios\",\"publisher\":{\"@id\":\"https:\/\/tabernaculoprensadedios.com\/web\/#\/schema\/person\/bc0e069fef56b38e177db6f098ae0b6e\"},\"potentialAction\":[{\"@type\":\"SearchAction\",\"target\":{\"@type\":\"EntryPoint\",\"urlTemplate\":\"https:\/\/tabernaculoprensadedios.com\/web\/?s={search_term_string}\"},\"query-input\":{\"@type\":\"PropertyValueSpecification\",\"valueRequired\":true,\"valueName\":\"search_term_string\"}}],\"inLanguage\":\"es\"},{\"@type\":[\"Person\",\"Organization\"],\"@id\":\"https:\/\/tabernaculoprensadedios.com\/web\/#\/schema\/person\/bc0e069fef56b38e177db6f098ae0b6e\",\"name\":\"tabernaculo\",\"image\":{\"@type\":\"ImageObject\",\"inLanguage\":\"es\",\"@id\":\"https:\/\/tabernaculoprensadedios.com\/web\/#\/schema\/person\/image\/\",\"url\":\"https:\/\/tabernaculoprensadedios.com\/web\/wp-content\/uploads\/2015\/06\/login-logo1.png\",\"contentUrl\":\"https:\/\/tabernaculoprensadedios.com\/web\/wp-content\/uploads\/2015\/06\/login-logo1.png\",\"width\":300,\"height\":118,\"caption\":\"tabernaculo\"},\"logo\":{\"@id\":\"https:\/\/tabernaculoprensadedios.com\/web\/#\/schema\/person\/image\/\"},\"url\":\"https:\/\/tabernaculoprensadedios.com\/web\/author\/tabernaculo\/\"}]}<\/script>\n<!-- \/ Yoast SEO Premium plugin. -->","yoast_head_json":{"title":"El Llamado para Edificar la Iglesia viene de Dios, no del Hombre - Tabernaculo Prensa de Dios","robots":{"index":"index","follow":"follow","max-snippet":"max-snippet:-1","max-image-preview":"max-image-preview:large","max-video-preview":"max-video-preview:-1"},"canonical":"https:\/\/tabernaculoprensadedios.com\/web\/el-llamado-para-edificar-la-iglesia-viene-de-dios-no-del-hombre\/","og_locale":"es_ES","og_type":"article","og_title":"El Llamado para Edificar la Iglesia viene de Dios, no del Hombre","og_description":"Esta declaraci\u00f3n del Esp\u00edritu Santo echa a rodar por el suelo la conceptualizaci\u00f3n del hombre en la Iglesia de Jesucristo: \u201cPablo, ap\u00f3stol (no de parte de hombres ni mediante hombre alguno, sino por medio de Jesucristo y de Dios el Padre que le resucit\u00f3 de entre los muertos),\u201d \u202d\u202dG\u00e1latas\u202c \u202d1\u202c:\u202d1\u202c \u202dLBLA\u202c\u202c Otra traducci\u00f3n explica la &hellip;","og_url":"https:\/\/tabernaculoprensadedios.com\/web\/el-llamado-para-edificar-la-iglesia-viene-de-dios-no-del-hombre\/","og_site_name":"Tabernaculo Prensa de Dios","article_published_time":"2024-09-10T17:32:07+00:00","og_image":[{"width":1280,"height":853,"url":"https:\/\/tabernaculoprensadedios.com\/web\/wp-content\/uploads\/2024\/09\/Edificar-La-Iglesia-.jpg","type":"image\/jpeg"}],"author":"tabernaculo","twitter_card":"summary_large_image","twitter_creator":"@PrensadeDios","twitter_site":"@PrensadeDios","twitter_misc":{"Escrito por":"tabernaculo","Tiempo de lectura":"2 minutos"},"schema":{"@context":"https:\/\/schema.org","@graph":[{"@type":"Article","@id":"https:\/\/tabernaculoprensadedios.com\/web\/el-llamado-para-edificar-la-iglesia-viene-de-dios-no-del-hombre\/#article","isPartOf":{"@id":"https:\/\/tabernaculoprensadedios.com\/web\/el-llamado-para-edificar-la-iglesia-viene-de-dios-no-del-hombre\/"},"author":{"name":"tabernaculo","@id":"https:\/\/tabernaculoprensadedios.com\/web\/#\/schema\/person\/bc0e069fef56b38e177db6f098ae0b6e"},"headline":"El Llamado para Edificar la Iglesia viene de Dios, no del Hombre","datePublished":"2024-09-10T17:32:07+00:00","mainEntityOfPage":{"@id":"https:\/\/tabernaculoprensadedios.com\/web\/el-llamado-para-edificar-la-iglesia-viene-de-dios-no-del-hombre\/"},"wordCount":394,"commentCount":0,"publisher":{"@id":"https:\/\/tabernaculoprensadedios.com\/web\/#\/schema\/person\/bc0e069fef56b38e177db6f098ae0b6e"},"image":{"@id":"https:\/\/tabernaculoprensadedios.com\/web\/el-llamado-para-edificar-la-iglesia-viene-de-dios-no-del-hombre\/#primaryimage"},"thumbnailUrl":"https:\/\/tabernaculoprensadedios.com\/web\/wp-content\/uploads\/2024\/09\/Edificar-La-Iglesia-.jpg","articleSection":["Principal"],"inLanguage":"es","potentialAction":[{"@type":"CommentAction","name":"Comment","target":["https:\/\/tabernaculoprensadedios.com\/web\/el-llamado-para-edificar-la-iglesia-viene-de-dios-no-del-hombre\/#respond"]}]},{"@type":"WebPage","@id":"https:\/\/tabernaculoprensadedios.com\/web\/el-llamado-para-edificar-la-iglesia-viene-de-dios-no-del-hombre\/","url":"https:\/\/tabernaculoprensadedios.com\/web\/el-llamado-para-edificar-la-iglesia-viene-de-dios-no-del-hombre\/","name":"El Llamado para Edificar la Iglesia viene de Dios, no del Hombre - Tabernaculo Prensa de Dios","isPartOf":{"@id":"https:\/\/tabernaculoprensadedios.com\/web\/#website"},"primaryImageOfPage":{"@id":"https:\/\/tabernaculoprensadedios.com\/web\/el-llamado-para-edificar-la-iglesia-viene-de-dios-no-del-hombre\/#primaryimage"},"image":{"@id":"https:\/\/tabernaculoprensadedios.com\/web\/el-llamado-para-edificar-la-iglesia-viene-de-dios-no-del-hombre\/#primaryimage"},"thumbnailUrl":"https:\/\/tabernaculoprensadedios.com\/web\/wp-content\/uploads\/2024\/09\/Edificar-La-Iglesia-.jpg","datePublished":"2024-09-10T17:32:07+00:00","breadcrumb":{"@id":"https:\/\/tabernaculoprensadedios.com\/web\/el-llamado-para-edificar-la-iglesia-viene-de-dios-no-del-hombre\/#breadcrumb"},"inLanguage":"es","potentialAction":[{"@type":"ReadAction","target":["https:\/\/tabernaculoprensadedios.com\/web\/el-llamado-para-edificar-la-iglesia-viene-de-dios-no-del-hombre\/"]}]},{"@type":"ImageObject","inLanguage":"es","@id":"https:\/\/tabernaculoprensadedios.com\/web\/el-llamado-para-edificar-la-iglesia-viene-de-dios-no-del-hombre\/#primaryimage","url":"https:\/\/tabernaculoprensadedios.com\/web\/wp-content\/uploads\/2024\/09\/Edificar-La-Iglesia-.jpg","contentUrl":"https:\/\/tabernaculoprensadedios.com\/web\/wp-content\/uploads\/2024\/09\/Edificar-La-Iglesia-.jpg","width":1280,"height":853},{"@type":"BreadcrumbList","@id":"https:\/\/tabernaculoprensadedios.com\/web\/el-llamado-para-edificar-la-iglesia-viene-de-dios-no-del-hombre\/#breadcrumb","itemListElement":[{"@type":"ListItem","position":1,"name":"Portada","item":"https:\/\/tabernaculoprensadedios.com\/web\/"},{"@type":"ListItem","position":2,"name":"El Llamado para Edificar la Iglesia viene de Dios, no del Hombre"}]},{"@type":"WebSite","@id":"https:\/\/tabernaculoprensadedios.com\/web\/#website","url":"https:\/\/tabernaculoprensadedios.com\/web\/","name":"Tabernaculo Prensa de Dios","description":"Un medio a la manera de Dios","publisher":{"@id":"https:\/\/tabernaculoprensadedios.com\/web\/#\/schema\/person\/bc0e069fef56b38e177db6f098ae0b6e"},"potentialAction":[{"@type":"SearchAction","target":{"@type":"EntryPoint","urlTemplate":"https:\/\/tabernaculoprensadedios.com\/web\/?s={search_term_string}"},"query-input":{"@type":"PropertyValueSpecification","valueRequired":true,"valueName":"search_term_string"}}],"inLanguage":"es"},{"@type":["Person","Organization"],"@id":"https:\/\/tabernaculoprensadedios.com\/web\/#\/schema\/person\/bc0e069fef56b38e177db6f098ae0b6e","name":"tabernaculo","image":{"@type":"ImageObject","inLanguage":"es","@id":"https:\/\/tabernaculoprensadedios.com\/web\/#\/schema\/person\/image\/","url":"https:\/\/tabernaculoprensadedios.com\/web\/wp-content\/uploads\/2015\/06\/login-logo1.png","contentUrl":"https:\/\/tabernaculoprensadedios.com\/web\/wp-content\/uploads\/2015\/06\/login-logo1.png","width":300,"height":118,"caption":"tabernaculo"},"logo":{"@id":"https:\/\/tabernaculoprensadedios.com\/web\/#\/schema\/person\/image\/"},"url":"https:\/\/tabernaculoprensadedios.com\/web\/author\/tabernaculo\/"}]}},"_links":{"self":[{"href":"https:\/\/tabernaculoprensadedios.com\/web\/wp-json\/wp\/v2\/posts\/32220","targetHints":{"allow":["GET"]}}],"collection":[{"href":"https:\/\/tabernaculoprensadedios.com\/web\/wp-json\/wp\/v2\/posts"}],"about":[{"href":"https:\/\/tabernaculoprensadedios.com\/web\/wp-json\/wp\/v2\/types\/post"}],"author":[{"embeddable":true,"href":"https:\/\/tabernaculoprensadedios.com\/web\/wp-json\/wp\/v2\/users\/1"}],"replies":[{"embeddable":true,"href":"https:\/\/tabernaculoprensadedios.com\/web\/wp-json\/wp\/v2\/comments?post=32220"}],"version-history":[{"count":2,"href":"https:\/\/tabernaculoprensadedios.com\/web\/wp-json\/wp\/v2\/posts\/32220\/revisions"}],"predecessor-version":[{"id":32223,"href":"https:\/\/tabernaculoprensadedios.com\/web\/wp-json\/wp\/v2\/posts\/32220\/revisions\/32223"}],"wp:featuredmedia":[{"embeddable":true,"href":"https:\/\/tabernaculoprensadedios.com\/web\/wp-json\/wp\/v2\/media\/32222"}],"wp:attachment":[{"href":"https:\/\/tabernaculoprensadedios.com\/web\/wp-json\/wp\/v2\/media?parent=32220"}],"wp:term":[{"taxonomy":"category","embeddable":true,"href":"https:\/\/tabernaculoprensadedios.com\/web\/wp-json\/wp\/v2\/categories?post=32220"},{"taxonomy":"post_tag","embeddable":true,"href":"https:\/\/tabernaculoprensadedios.com\/web\/wp-json\/wp\/v2\/tags?post=32220"}],"curies":[{"name":"wp","href":"https:\/\/api.w.org\/{rel}","templated":true}]}}