{"id":32068,"date":"2024-08-23T13:15:28","date_gmt":"2024-08-23T13:15:28","guid":{"rendered":"https:\/\/tabernaculoprensadedios.com\/web\/?p=32068"},"modified":"2024-08-23T16:43:50","modified_gmt":"2024-08-23T16:43:50","slug":"el-llamado-a-conocernos-a-jesus-en-la-calma-y-en-la-tormenta","status":"publish","type":"post","link":"https:\/\/tabernaculoprensadedios.com\/web\/el-llamado-a-conocernos-a-jesus-en-la-calma-y-en-la-tormenta\/","title":{"rendered":"El Llamado a Conocernos a Jes\u00fas en la Calma y en la Tormenta"},"content":{"rendered":"<p><strong>Conociendo a Jes\u00fas en l<\/strong><strong>a Tormenta<\/strong>\u00a0nos invita a no temer, no porque las tormentas de la vida no vendr\u00e1n, sino porque cuando lo conocemos verdaderamente, comprendemos que \u00c9l est\u00e1 en control, incluso en medio del caos. \u00c9l nos llama a la intimidad, a pasar tiempo con \u00c9l, a escuchar su voz, a abrirle nuestro coraz\u00f3n, y a confiar en su soberan\u00eda.<\/p>\n<p>Las tormentas de la vida, como la que enfrentaron los disc\u00edpulos, no son solo pruebas de nuestra fe, sino oportunidades para profundizar en nuestra relaci\u00f3n con Jes\u00fas. Cada desaf\u00edo es una oportunidad para conocer mejor a nuestro Maestro, para ver su poder y su amor en acci\u00f3n, y para aprender a confiar en \u00c9l con todo nuestro ser.<strong>\u00a0Vivir en la Paz de Cristo<\/strong><\/p>\n<p>La paz que Jes\u00fas ten\u00eda en la tormenta es la misma paz que nos ofrece a nosotros. Esta paz no es la ausencia de problemas, sino la presencia de Jes\u00fas en nuestras vidas. Es la seguridad de que, pase lo que pase, \u00c9l est\u00e1 con nosotros y tiene el poder de calmar cualquier tormenta. Para vivir en esta paz, debemos responder al llamado de Jes\u00fas: venir a su presencia, conocerlo m\u00e1s \u00edntimamente, y confiar plenamente en \u00c9l. Solo entonces, cuando las tormentas de la vida lleguen, podremos descansar en la paz que solo el verdadero conocimiento de nuestro Maestro puede dar.<\/p>\n<p><strong>En Marcos 4:37-41,<\/strong> encontramos a Jes\u00fas y sus disc\u00edpulos en una situaci\u00f3n que, a primera vista, parece desesperada. Una gran tormenta se levant\u00f3, las olas golpeaban la barca y los disc\u00edpulos, llenos de miedo, despertaron a Jes\u00fas con angustia, pregunt\u00e1ndole si no se preocupaba por su inminente destrucci\u00f3n. Es interesante notar que Jes\u00fas estaba durmiendo en la popa de la barca, un lugar que generalmente es el m\u00e1s estable en medio de una tormenta, lo que simboliza la completa paz y seguridad que ten\u00eda, aun cuando el caos se desataba a su alrededor.<\/p>\n<p>Jes\u00fas, al despertar, reprendi\u00f3 al viento y al mar, y de inmediato se hizo una gran calma. Luego, se volvi\u00f3 hacia sus disc\u00edpulos y les hizo dos preguntas que revelan la esencia de esta historia: \u00ab\u00bfPor qu\u00e9 est\u00e1is as\u00ed amedrentados? \u00bfC\u00f3mo no ten\u00e9is fe?\u00bb<\/p>\n<p><strong>El Coraz\u00f3n de la Tormenta: El Conocimiento de Jes\u00fas<br \/>\n<\/strong>Estas preguntas nos llevan a reflexionar profundamente. \u00bfPor qu\u00e9 los disc\u00edpulos, que hab\u00edan caminado con Jes\u00fas, presenciado sus milagros, y escuchado sus ense\u00f1anzas, a\u00fan ten\u00edan miedo? \u00bfPor qu\u00e9, despu\u00e9s de ver su poder y autoridad, a\u00fan dudaban en este momento cr\u00edtico? La respuesta est\u00e1 en la segunda pregunta de Jes\u00fas: \u00ab\u00bfC\u00f3mo no ten\u00e9is fe?\u00bb La fe a la que Jes\u00fas se refiere no es simplemente creer en su capacidad para hacer milagros, sino una confianza profunda y personal en qui\u00e9n es \u00c9l.<\/p>\n<p>Jes\u00fas no se limitaba a ser un maestro de sabidur\u00eda o un hacedor de milagros. \u00c9l es el Hijo de Dios, el Se\u00f1or del universo, el Creador de todas las cosas. Los disc\u00edpulos, aunque estaban cerca f\u00edsicamente de Jes\u00fas, a\u00fan no lo conoc\u00edan verdaderamente en toda la profundidad de su ser. Esto nos lleva a una verdad fundamental: puedes estar cerca de Jes\u00fas, participar en su ministerio, ver sus obras, y a\u00fan no conocerlo realmente.<\/p>\n<p><strong>Nuestra Realidad Hoy: La Intimidad con Jes\u00fas<br \/>\n<\/strong>Hoy, muchos de nosotros podemos encontrarnos en una situaci\u00f3n similar a la de los disc\u00edpulos. Podemos ser cristianos activos, participar en la iglesia, servir en ministerios, y a\u00fan as\u00ed, no tener una relaci\u00f3n \u00edntima y personal con Jes\u00fas. Podemos estar tan ocupados haciendo cosas para \u00c9l que olvidamos lo m\u00e1s importante: conocerlo a \u00c9l.<\/p>\n<p>La verdadera fe nace del conocimiento profundo de qui\u00e9n es Jes\u00fas. No basta con saber sobre \u00c9l; debemos conocerlo en un nivel \u00edntimo, experimentando su presencia en nuestra vida diaria. Esto requiere tiempo en su presencia, en oraci\u00f3n, en la meditaci\u00f3n de su Palabra, y en una comuni\u00f3n constante con \u00c9l.<\/p>\n<p><strong>El Llamado a Conocernos en la Calma y en la Tormenta<br \/>\n<\/strong>Jes\u00fas nos invita a no temer, no porque las tormentas de la vida no vendr\u00e1n, sino porque cuando lo conocemos verdaderamente, comprendemos que \u00c9l est\u00e1 en control, incluso en medio del caos. \u00c9l nos llama a la intimidad, a pasar tiempo con \u00c9l, a escuchar su voz, a abrirle nuestro coraz\u00f3n, y a confiar en su soberan\u00eda.<\/p>\n<p>Las tormentas de la vida, como la que enfrentaron los disc\u00edpulos, no son solo pruebas de nuestra fe, sino oportunidades para profundizar en nuestra relaci\u00f3n con Jes\u00fas. Cada desaf\u00edo es una oportunidad para conocer mejor a nuestro Maestro, para ver su poder y su amor en acci\u00f3n, y para aprender a confiar en \u00c9l con todo nuestro ser.<\/p>\n<p><strong>Conclusi\u00f3n: Vivir en la Paz de Cristo<br \/>\n<\/strong>La paz que Jes\u00fas ten\u00eda en la tormenta es la misma paz que nos ofrece a nosotros. Esta paz no es la ausencia de problemas, sino la presencia de Jes\u00fas en nuestras vidas. Es la seguridad de que, pase lo que pase, \u00c9l est\u00e1 con nosotros y tiene el poder de calmar cualquier tormenta. Para vivir en esta paz, debemos responder al llamado de Jes\u00fas: venir a su presencia, conocerlo m\u00e1s \u00edntimamente, y confiar plenamente en \u00c9l. Solo entonces, cuando las tormentas de la vida lleguen, podremos descansar en la paz que solo el verdadero conocimiento de nuestro Maestro puede dar.<\/p>\n","protected":false},"excerpt":{"rendered":"<p>Conociendo a Jes\u00fas en la Tormenta\u00a0nos invita a no temer, no porque las tormentas de la vida no vendr\u00e1n, sino porque cuando lo conocemos verdaderamente, comprendemos que \u00c9l est\u00e1 en control, incluso en medio del caos. \u00c9l nos llama a la intimidad, a pasar tiempo con \u00c9l, a escuchar su voz, a abrirle nuestro coraz\u00f3n, &hellip;<\/p>\n","protected":false},"author":1,"featured_media":32069,"comment_status":"open","ping_status":"open","sticky":false,"template":"","format":"standard","meta":{"footnotes":""},"categories":[1],"tags":[],"class_list":["post-32068","post","type-post","status-publish","format-standard","has-post-thumbnail","hentry","category-sin-categoria"],"yoast_head":"<!-- This site is optimized with the Yoast SEO Premium plugin v24.2 (Yoast SEO v27.1.1) - https:\/\/yoast.com\/product\/yoast-seo-premium-wordpress\/ -->\n<title>El Llamado a Conocernos a Jes\u00fas en la Calma y en la Tormenta - Tabernaculo Prensa de Dios<\/title>\n<meta name=\"robots\" content=\"index, follow, max-snippet:-1, max-image-preview:large, max-video-preview:-1\" \/>\n<link rel=\"canonical\" href=\"https:\/\/tabernaculoprensadedios.com\/web\/el-llamado-a-conocernos-a-jesus-en-la-calma-y-en-la-tormenta\/\" class=\"yoast-seo-meta-tag\" \/>\n<meta property=\"og:locale\" content=\"es_ES\" class=\"yoast-seo-meta-tag\" \/>\n<meta property=\"og:type\" content=\"article\" class=\"yoast-seo-meta-tag\" \/>\n<meta property=\"og:title\" content=\"El Llamado a Conocernos a Jes\u00fas en la Calma y en la Tormenta\" class=\"yoast-seo-meta-tag\" \/>\n<meta property=\"og:description\" content=\"Conociendo a Jes\u00fas en la Tormenta\u00a0nos invita a no temer, no porque las tormentas de la vida no vendr\u00e1n, sino porque cuando lo conocemos verdaderamente, comprendemos que \u00c9l est\u00e1 en control, incluso en medio del caos. \u00c9l nos llama a la intimidad, a pasar tiempo con \u00c9l, a escuchar su voz, a abrirle nuestro coraz\u00f3n, &hellip;\" class=\"yoast-seo-meta-tag\" \/>\n<meta property=\"og:url\" content=\"https:\/\/tabernaculoprensadedios.com\/web\/el-llamado-a-conocernos-a-jesus-en-la-calma-y-en-la-tormenta\/\" class=\"yoast-seo-meta-tag\" \/>\n<meta property=\"og:site_name\" content=\"Tabernaculo Prensa de Dios\" class=\"yoast-seo-meta-tag\" \/>\n<meta property=\"article:published_time\" content=\"2024-08-23T13:15:28+00:00\" class=\"yoast-seo-meta-tag\" \/>\n<meta property=\"article:modified_time\" content=\"2024-08-23T16:43:50+00:00\" class=\"yoast-seo-meta-tag\" \/>\n<meta property=\"og:image\" content=\"https:\/\/tabernaculoprensadedios.com\/web\/wp-content\/uploads\/2024\/08\/Tormenta.jpg\" class=\"yoast-seo-meta-tag\" \/>\n\t<meta property=\"og:image:width\" content=\"1280\" class=\"yoast-seo-meta-tag\" \/>\n\t<meta property=\"og:image:height\" content=\"960\" class=\"yoast-seo-meta-tag\" \/>\n\t<meta property=\"og:image:type\" content=\"image\/jpeg\" class=\"yoast-seo-meta-tag\" \/>\n<meta name=\"author\" content=\"tabernaculo\" class=\"yoast-seo-meta-tag\" \/>\n<meta name=\"twitter:card\" content=\"summary_large_image\" class=\"yoast-seo-meta-tag\" \/>\n<meta name=\"twitter:creator\" content=\"@PrensadeDios\" class=\"yoast-seo-meta-tag\" \/>\n<meta name=\"twitter:site\" content=\"@PrensadeDios\" class=\"yoast-seo-meta-tag\" \/>\n<meta name=\"twitter:label1\" content=\"Escrito por\" class=\"yoast-seo-meta-tag\" \/>\n\t<meta name=\"twitter:data1\" content=\"tabernaculo\" class=\"yoast-seo-meta-tag\" \/>\n\t<meta name=\"twitter:label2\" content=\"Tiempo de lectura\" class=\"yoast-seo-meta-tag\" \/>\n\t<meta name=\"twitter:data2\" content=\"5 minutos\" class=\"yoast-seo-meta-tag\" \/>\n<script type=\"application\/ld+json\" class=\"yoast-schema-graph\">{\"@context\":\"https:\/\/schema.org\",\"@graph\":[{\"@type\":\"Article\",\"@id\":\"https:\/\/tabernaculoprensadedios.com\/web\/el-llamado-a-conocernos-a-jesus-en-la-calma-y-en-la-tormenta\/#article\",\"isPartOf\":{\"@id\":\"https:\/\/tabernaculoprensadedios.com\/web\/el-llamado-a-conocernos-a-jesus-en-la-calma-y-en-la-tormenta\/\"},\"author\":{\"name\":\"tabernaculo\",\"@id\":\"https:\/\/tabernaculoprensadedios.com\/web\/#\/schema\/person\/bc0e069fef56b38e177db6f098ae0b6e\"},\"headline\":\"El Llamado a Conocernos a Jes\u00fas en la Calma y en la Tormenta\",\"datePublished\":\"2024-08-23T13:15:28+00:00\",\"dateModified\":\"2024-08-23T16:43:50+00:00\",\"mainEntityOfPage\":{\"@id\":\"https:\/\/tabernaculoprensadedios.com\/web\/el-llamado-a-conocernos-a-jesus-en-la-calma-y-en-la-tormenta\/\"},\"wordCount\":973,\"commentCount\":0,\"publisher\":{\"@id\":\"https:\/\/tabernaculoprensadedios.com\/web\/#\/schema\/person\/bc0e069fef56b38e177db6f098ae0b6e\"},\"image\":{\"@id\":\"https:\/\/tabernaculoprensadedios.com\/web\/el-llamado-a-conocernos-a-jesus-en-la-calma-y-en-la-tormenta\/#primaryimage\"},\"thumbnailUrl\":\"https:\/\/tabernaculoprensadedios.com\/web\/wp-content\/uploads\/2024\/08\/Tormenta.jpg\",\"inLanguage\":\"es\",\"potentialAction\":[{\"@type\":\"CommentAction\",\"name\":\"Comment\",\"target\":[\"https:\/\/tabernaculoprensadedios.com\/web\/el-llamado-a-conocernos-a-jesus-en-la-calma-y-en-la-tormenta\/#respond\"]}]},{\"@type\":\"WebPage\",\"@id\":\"https:\/\/tabernaculoprensadedios.com\/web\/el-llamado-a-conocernos-a-jesus-en-la-calma-y-en-la-tormenta\/\",\"url\":\"https:\/\/tabernaculoprensadedios.com\/web\/el-llamado-a-conocernos-a-jesus-en-la-calma-y-en-la-tormenta\/\",\"name\":\"El Llamado a Conocernos a Jes\u00fas en la Calma y en la Tormenta - Tabernaculo Prensa de Dios\",\"isPartOf\":{\"@id\":\"https:\/\/tabernaculoprensadedios.com\/web\/#website\"},\"primaryImageOfPage\":{\"@id\":\"https:\/\/tabernaculoprensadedios.com\/web\/el-llamado-a-conocernos-a-jesus-en-la-calma-y-en-la-tormenta\/#primaryimage\"},\"image\":{\"@id\":\"https:\/\/tabernaculoprensadedios.com\/web\/el-llamado-a-conocernos-a-jesus-en-la-calma-y-en-la-tormenta\/#primaryimage\"},\"thumbnailUrl\":\"https:\/\/tabernaculoprensadedios.com\/web\/wp-content\/uploads\/2024\/08\/Tormenta.jpg\",\"datePublished\":\"2024-08-23T13:15:28+00:00\",\"dateModified\":\"2024-08-23T16:43:50+00:00\",\"breadcrumb\":{\"@id\":\"https:\/\/tabernaculoprensadedios.com\/web\/el-llamado-a-conocernos-a-jesus-en-la-calma-y-en-la-tormenta\/#breadcrumb\"},\"inLanguage\":\"es\",\"potentialAction\":[{\"@type\":\"ReadAction\",\"target\":[\"https:\/\/tabernaculoprensadedios.com\/web\/el-llamado-a-conocernos-a-jesus-en-la-calma-y-en-la-tormenta\/\"]}]},{\"@type\":\"ImageObject\",\"inLanguage\":\"es\",\"@id\":\"https:\/\/tabernaculoprensadedios.com\/web\/el-llamado-a-conocernos-a-jesus-en-la-calma-y-en-la-tormenta\/#primaryimage\",\"url\":\"https:\/\/tabernaculoprensadedios.com\/web\/wp-content\/uploads\/2024\/08\/Tormenta.jpg\",\"contentUrl\":\"https:\/\/tabernaculoprensadedios.com\/web\/wp-content\/uploads\/2024\/08\/Tormenta.jpg\",\"width\":1280,\"height\":960},{\"@type\":\"BreadcrumbList\",\"@id\":\"https:\/\/tabernaculoprensadedios.com\/web\/el-llamado-a-conocernos-a-jesus-en-la-calma-y-en-la-tormenta\/#breadcrumb\",\"itemListElement\":[{\"@type\":\"ListItem\",\"position\":1,\"name\":\"Portada\",\"item\":\"https:\/\/tabernaculoprensadedios.com\/web\/\"},{\"@type\":\"ListItem\",\"position\":2,\"name\":\"El Llamado a Conocernos a Jes\u00fas en la Calma y en la Tormenta\"}]},{\"@type\":\"WebSite\",\"@id\":\"https:\/\/tabernaculoprensadedios.com\/web\/#website\",\"url\":\"https:\/\/tabernaculoprensadedios.com\/web\/\",\"name\":\"Tabernaculo Prensa de Dios\",\"description\":\"Un medio a la manera de Dios\",\"publisher\":{\"@id\":\"https:\/\/tabernaculoprensadedios.com\/web\/#\/schema\/person\/bc0e069fef56b38e177db6f098ae0b6e\"},\"potentialAction\":[{\"@type\":\"SearchAction\",\"target\":{\"@type\":\"EntryPoint\",\"urlTemplate\":\"https:\/\/tabernaculoprensadedios.com\/web\/?s={search_term_string}\"},\"query-input\":{\"@type\":\"PropertyValueSpecification\",\"valueRequired\":true,\"valueName\":\"search_term_string\"}}],\"inLanguage\":\"es\"},{\"@type\":[\"Person\",\"Organization\"],\"@id\":\"https:\/\/tabernaculoprensadedios.com\/web\/#\/schema\/person\/bc0e069fef56b38e177db6f098ae0b6e\",\"name\":\"tabernaculo\",\"image\":{\"@type\":\"ImageObject\",\"inLanguage\":\"es\",\"@id\":\"https:\/\/tabernaculoprensadedios.com\/web\/#\/schema\/person\/image\/\",\"url\":\"https:\/\/tabernaculoprensadedios.com\/web\/wp-content\/uploads\/2015\/06\/login-logo1.png\",\"contentUrl\":\"https:\/\/tabernaculoprensadedios.com\/web\/wp-content\/uploads\/2015\/06\/login-logo1.png\",\"width\":300,\"height\":118,\"caption\":\"tabernaculo\"},\"logo\":{\"@id\":\"https:\/\/tabernaculoprensadedios.com\/web\/#\/schema\/person\/image\/\"},\"url\":\"https:\/\/tabernaculoprensadedios.com\/web\/author\/tabernaculo\/\"}]}<\/script>\n<!-- \/ Yoast SEO Premium plugin. -->","yoast_head_json":{"title":"El Llamado a Conocernos a Jes\u00fas en la Calma y en la Tormenta - Tabernaculo Prensa de Dios","robots":{"index":"index","follow":"follow","max-snippet":"max-snippet:-1","max-image-preview":"max-image-preview:large","max-video-preview":"max-video-preview:-1"},"canonical":"https:\/\/tabernaculoprensadedios.com\/web\/el-llamado-a-conocernos-a-jesus-en-la-calma-y-en-la-tormenta\/","og_locale":"es_ES","og_type":"article","og_title":"El Llamado a Conocernos a Jes\u00fas en la Calma y en la Tormenta","og_description":"Conociendo a Jes\u00fas en la Tormenta\u00a0nos invita a no temer, no porque las tormentas de la vida no vendr\u00e1n, sino porque cuando lo conocemos verdaderamente, comprendemos que \u00c9l est\u00e1 en control, incluso en medio del caos. \u00c9l nos llama a la intimidad, a pasar tiempo con \u00c9l, a escuchar su voz, a abrirle nuestro coraz\u00f3n, &hellip;","og_url":"https:\/\/tabernaculoprensadedios.com\/web\/el-llamado-a-conocernos-a-jesus-en-la-calma-y-en-la-tormenta\/","og_site_name":"Tabernaculo Prensa de Dios","article_published_time":"2024-08-23T13:15:28+00:00","article_modified_time":"2024-08-23T16:43:50+00:00","og_image":[{"width":1280,"height":960,"url":"https:\/\/tabernaculoprensadedios.com\/web\/wp-content\/uploads\/2024\/08\/Tormenta.jpg","type":"image\/jpeg"}],"author":"tabernaculo","twitter_card":"summary_large_image","twitter_creator":"@PrensadeDios","twitter_site":"@PrensadeDios","twitter_misc":{"Escrito por":"tabernaculo","Tiempo de lectura":"5 minutos"},"schema":{"@context":"https:\/\/schema.org","@graph":[{"@type":"Article","@id":"https:\/\/tabernaculoprensadedios.com\/web\/el-llamado-a-conocernos-a-jesus-en-la-calma-y-en-la-tormenta\/#article","isPartOf":{"@id":"https:\/\/tabernaculoprensadedios.com\/web\/el-llamado-a-conocernos-a-jesus-en-la-calma-y-en-la-tormenta\/"},"author":{"name":"tabernaculo","@id":"https:\/\/tabernaculoprensadedios.com\/web\/#\/schema\/person\/bc0e069fef56b38e177db6f098ae0b6e"},"headline":"El Llamado a Conocernos a Jes\u00fas en la Calma y en la Tormenta","datePublished":"2024-08-23T13:15:28+00:00","dateModified":"2024-08-23T16:43:50+00:00","mainEntityOfPage":{"@id":"https:\/\/tabernaculoprensadedios.com\/web\/el-llamado-a-conocernos-a-jesus-en-la-calma-y-en-la-tormenta\/"},"wordCount":973,"commentCount":0,"publisher":{"@id":"https:\/\/tabernaculoprensadedios.com\/web\/#\/schema\/person\/bc0e069fef56b38e177db6f098ae0b6e"},"image":{"@id":"https:\/\/tabernaculoprensadedios.com\/web\/el-llamado-a-conocernos-a-jesus-en-la-calma-y-en-la-tormenta\/#primaryimage"},"thumbnailUrl":"https:\/\/tabernaculoprensadedios.com\/web\/wp-content\/uploads\/2024\/08\/Tormenta.jpg","inLanguage":"es","potentialAction":[{"@type":"CommentAction","name":"Comment","target":["https:\/\/tabernaculoprensadedios.com\/web\/el-llamado-a-conocernos-a-jesus-en-la-calma-y-en-la-tormenta\/#respond"]}]},{"@type":"WebPage","@id":"https:\/\/tabernaculoprensadedios.com\/web\/el-llamado-a-conocernos-a-jesus-en-la-calma-y-en-la-tormenta\/","url":"https:\/\/tabernaculoprensadedios.com\/web\/el-llamado-a-conocernos-a-jesus-en-la-calma-y-en-la-tormenta\/","name":"El Llamado a Conocernos a Jes\u00fas en la Calma y en la Tormenta - Tabernaculo Prensa de Dios","isPartOf":{"@id":"https:\/\/tabernaculoprensadedios.com\/web\/#website"},"primaryImageOfPage":{"@id":"https:\/\/tabernaculoprensadedios.com\/web\/el-llamado-a-conocernos-a-jesus-en-la-calma-y-en-la-tormenta\/#primaryimage"},"image":{"@id":"https:\/\/tabernaculoprensadedios.com\/web\/el-llamado-a-conocernos-a-jesus-en-la-calma-y-en-la-tormenta\/#primaryimage"},"thumbnailUrl":"https:\/\/tabernaculoprensadedios.com\/web\/wp-content\/uploads\/2024\/08\/Tormenta.jpg","datePublished":"2024-08-23T13:15:28+00:00","dateModified":"2024-08-23T16:43:50+00:00","breadcrumb":{"@id":"https:\/\/tabernaculoprensadedios.com\/web\/el-llamado-a-conocernos-a-jesus-en-la-calma-y-en-la-tormenta\/#breadcrumb"},"inLanguage":"es","potentialAction":[{"@type":"ReadAction","target":["https:\/\/tabernaculoprensadedios.com\/web\/el-llamado-a-conocernos-a-jesus-en-la-calma-y-en-la-tormenta\/"]}]},{"@type":"ImageObject","inLanguage":"es","@id":"https:\/\/tabernaculoprensadedios.com\/web\/el-llamado-a-conocernos-a-jesus-en-la-calma-y-en-la-tormenta\/#primaryimage","url":"https:\/\/tabernaculoprensadedios.com\/web\/wp-content\/uploads\/2024\/08\/Tormenta.jpg","contentUrl":"https:\/\/tabernaculoprensadedios.com\/web\/wp-content\/uploads\/2024\/08\/Tormenta.jpg","width":1280,"height":960},{"@type":"BreadcrumbList","@id":"https:\/\/tabernaculoprensadedios.com\/web\/el-llamado-a-conocernos-a-jesus-en-la-calma-y-en-la-tormenta\/#breadcrumb","itemListElement":[{"@type":"ListItem","position":1,"name":"Portada","item":"https:\/\/tabernaculoprensadedios.com\/web\/"},{"@type":"ListItem","position":2,"name":"El Llamado a Conocernos a Jes\u00fas en la Calma y en la Tormenta"}]},{"@type":"WebSite","@id":"https:\/\/tabernaculoprensadedios.com\/web\/#website","url":"https:\/\/tabernaculoprensadedios.com\/web\/","name":"Tabernaculo Prensa de Dios","description":"Un medio a la manera de Dios","publisher":{"@id":"https:\/\/tabernaculoprensadedios.com\/web\/#\/schema\/person\/bc0e069fef56b38e177db6f098ae0b6e"},"potentialAction":[{"@type":"SearchAction","target":{"@type":"EntryPoint","urlTemplate":"https:\/\/tabernaculoprensadedios.com\/web\/?s={search_term_string}"},"query-input":{"@type":"PropertyValueSpecification","valueRequired":true,"valueName":"search_term_string"}}],"inLanguage":"es"},{"@type":["Person","Organization"],"@id":"https:\/\/tabernaculoprensadedios.com\/web\/#\/schema\/person\/bc0e069fef56b38e177db6f098ae0b6e","name":"tabernaculo","image":{"@type":"ImageObject","inLanguage":"es","@id":"https:\/\/tabernaculoprensadedios.com\/web\/#\/schema\/person\/image\/","url":"https:\/\/tabernaculoprensadedios.com\/web\/wp-content\/uploads\/2015\/06\/login-logo1.png","contentUrl":"https:\/\/tabernaculoprensadedios.com\/web\/wp-content\/uploads\/2015\/06\/login-logo1.png","width":300,"height":118,"caption":"tabernaculo"},"logo":{"@id":"https:\/\/tabernaculoprensadedios.com\/web\/#\/schema\/person\/image\/"},"url":"https:\/\/tabernaculoprensadedios.com\/web\/author\/tabernaculo\/"}]}},"_links":{"self":[{"href":"https:\/\/tabernaculoprensadedios.com\/web\/wp-json\/wp\/v2\/posts\/32068","targetHints":{"allow":["GET"]}}],"collection":[{"href":"https:\/\/tabernaculoprensadedios.com\/web\/wp-json\/wp\/v2\/posts"}],"about":[{"href":"https:\/\/tabernaculoprensadedios.com\/web\/wp-json\/wp\/v2\/types\/post"}],"author":[{"embeddable":true,"href":"https:\/\/tabernaculoprensadedios.com\/web\/wp-json\/wp\/v2\/users\/1"}],"replies":[{"embeddable":true,"href":"https:\/\/tabernaculoprensadedios.com\/web\/wp-json\/wp\/v2\/comments?post=32068"}],"version-history":[{"count":1,"href":"https:\/\/tabernaculoprensadedios.com\/web\/wp-json\/wp\/v2\/posts\/32068\/revisions"}],"predecessor-version":[{"id":32070,"href":"https:\/\/tabernaculoprensadedios.com\/web\/wp-json\/wp\/v2\/posts\/32068\/revisions\/32070"}],"wp:featuredmedia":[{"embeddable":true,"href":"https:\/\/tabernaculoprensadedios.com\/web\/wp-json\/wp\/v2\/media\/32069"}],"wp:attachment":[{"href":"https:\/\/tabernaculoprensadedios.com\/web\/wp-json\/wp\/v2\/media?parent=32068"}],"wp:term":[{"taxonomy":"category","embeddable":true,"href":"https:\/\/tabernaculoprensadedios.com\/web\/wp-json\/wp\/v2\/categories?post=32068"},{"taxonomy":"post_tag","embeddable":true,"href":"https:\/\/tabernaculoprensadedios.com\/web\/wp-json\/wp\/v2\/tags?post=32068"}],"curies":[{"name":"wp","href":"https:\/\/api.w.org\/{rel}","templated":true}]}}