{"id":31916,"date":"2024-08-05T14:32:20","date_gmt":"2024-08-05T14:32:20","guid":{"rendered":"https:\/\/tabernaculoprensadedios.com\/web\/?p=31916"},"modified":"2024-08-05T14:32:20","modified_gmt":"2024-08-05T14:32:20","slug":"los-requisitos-para-subir-al-monte-de-jehova-generacion-que-busque-el-rostro-de-dios","status":"publish","type":"post","link":"https:\/\/tabernaculoprensadedios.com\/web\/los-requisitos-para-subir-al-monte-de-jehova-generacion-que-busque-el-rostro-de-dios\/","title":{"rendered":"Los Requisitos para Subir al Monte de Jehov\u00e1. Generaci\u00f3n que Busque el Rostro de Dios"},"content":{"rendered":"<p><em><strong>Vendr\u00e1 gente de muchas naciones y dir\u00e1n: \u00abVengan, subamos al monte del Se\u00f1or, a la casa del Dios de Jacob. All\u00ed \u00e9l nos ense\u00f1ar\u00e1 sus caminos y andaremos en sus sendas\u00bb. Pues la ense\u00f1anza del Se\u00f1or saldr\u00e1 de Si\u00f3n, y su palabra, de Jerusal\u00e9n. Miqueas 4:2<\/strong><\/em><\/p>\n<p>El llamado del Se\u00f1or en este momento es a subir al monte. Este a\u00f1o el Se\u00f1or nos ha hablado mucho del Salmo 24 sin embargo, Nate Johnston comparti\u00f3 una palabra del Se\u00f1or que dec\u00eda: \u201c&#8230; tu visi\u00f3n est\u00e1 a punto de cambiar. Un nuevo d\u00eda est\u00e1 amaneciendo, pero \u00bflo ves? \u00bfO puedes ver lo que ha sido robado y perdido? Si subes un poco m\u00e1s, lo ver\u00e1s. M\u00e1s alto que el sonido de los nuevos canales, el ruido de la cultura y la presi\u00f3n constante que exige tu tiempo y tu atenci\u00f3n. Por encima de la tormenta&#8230; Si te comprometes a ascender al monte del Se\u00f1or en los pr\u00f3ximos seis meses, dejar\u00e1s el lugar de dolor y entrar\u00e1s en una claridad y una visi\u00f3n restaurada para los d\u00edas venideros\u201d<\/p>\n<p>Esto confirm\u00f3 lo que el Se\u00f1or pon\u00eda en mi coraz\u00f3n, estamos entrando en una temporada de nuevos comienzos y necesitamos revelaci\u00f3n para avanzar. \u00a1Es tiempo de subir y conquistar! Las monta\u00f1as o montes pueden significar cosas diferentes en la palabra de Dios, pero generalmente est\u00e1n asociadas con la ADORACI\u00d3N Y ORACI\u00d3N. Cuando Jes\u00fas se encontr\u00f3 con la mujer en el pozo de Jacob (Juan 4) Ella le pregunt\u00f3 d\u00f3nde pensaba que los hombres deb\u00edan ir a adorar. Jes\u00fas le respondi\u00f3 que no era el lugar donde adoramos, sino a qui\u00e9n adoramos. Hoy el Se\u00f1or nos desaf\u00eda a levantarnos e ir con \u00c9l, a adorarlo, a calmar y limpiar nuestros corazones y a escuchar de nuevo Su voz. \u00c9l quiere hablarnos, porque hay dificultades a nuestro alrededor y necesitamos su direcci\u00f3n.<\/p>\n<p>Del 8 al 15 de Agosto apartaremos un tiempo especial para orar y adorar. Estar\u00e9 compartiendo diariamente a trav\u00e9s de las redes sociales de Las Cartas de Magie una gu\u00eda a trav\u00e9s de los Enfoques de Oraci\u00f3n pero cada uno puede orar de acuerdo a su necesidad. El ayuno es opcional, pueden hacerlo parcial los ocho d\u00edas, o agendar uno o dos d\u00edas durante este tiempo. Permite que \u00c9l acelere el tiempo para ti. Desarrolla nuevas fuerzas para correr la carrera que tienes por delante. B\u00fascalo como nunca antes y todas las cosas te ser\u00e1n a\u00f1adidas. \u00a1Da un salto hacia adelante este mes y te encontrar\u00e1s movi\u00e9ndote en la voluntad perfecta de Dios!<\/p>\n<p>Salmos 24:3-6 \u00bfQui\u00e9n subir\u00e1 al monte de Jehov\u00e1? \u00bfY qui\u00e9n estar\u00e1 en su lugar santo? El limpio de manos y puro de coraz\u00f3n; El que no ha elevado su alma a cosas vanas, ni jurado con enga\u00f1o. \u00c9l recibir\u00e1 bendici\u00f3n de Jehov\u00e1, y justicia del Dios de salvaci\u00f3n. Tal es la generaci\u00f3n de los que le buscan, de los que buscan tu rostro, oh Dios de Jacob.<\/p>\n<p>Con amor y oraciones,<\/p>\n<p>&nbsp;<\/p>\n","protected":false},"excerpt":{"rendered":"<p>Vendr\u00e1 gente de muchas naciones y dir\u00e1n: \u00abVengan, subamos al monte del Se\u00f1or, a la casa del Dios de Jacob. All\u00ed \u00e9l nos ense\u00f1ar\u00e1 sus caminos y andaremos en sus sendas\u00bb. Pues la ense\u00f1anza del Se\u00f1or saldr\u00e1 de Si\u00f3n, y su palabra, de Jerusal\u00e9n. Miqueas 4:2 El llamado del Se\u00f1or en este momento es a &hellip;<\/p>\n","protected":false},"author":1,"featured_media":31918,"comment_status":"open","ping_status":"open","sticky":false,"template":"","format":"standard","meta":{"footnotes":""},"categories":[34],"tags":[],"class_list":["post-31916","post","type-post","status-publish","format-standard","has-post-thumbnail","hentry","category-articulos"],"yoast_head":"<!-- This site is optimized with the Yoast SEO Premium plugin v24.2 (Yoast SEO v27.1.1) - https:\/\/yoast.com\/product\/yoast-seo-premium-wordpress\/ -->\n<title>Los Requisitos para Subir al Monte de Jehov\u00e1. Generaci\u00f3n que Busque el Rostro de Dios - Tabernaculo Prensa de Dios<\/title>\n<meta name=\"robots\" content=\"index, follow, max-snippet:-1, max-image-preview:large, max-video-preview:-1\" \/>\n<link rel=\"canonical\" href=\"https:\/\/tabernaculoprensadedios.com\/web\/los-requisitos-para-subir-al-monte-de-jehova-generacion-que-busque-el-rostro-de-dios\/\" class=\"yoast-seo-meta-tag\" \/>\n<meta property=\"og:locale\" content=\"es_ES\" class=\"yoast-seo-meta-tag\" \/>\n<meta property=\"og:type\" content=\"article\" class=\"yoast-seo-meta-tag\" \/>\n<meta property=\"og:title\" content=\"Los Requisitos para Subir al Monte de Jehov\u00e1. Generaci\u00f3n que Busque el Rostro de Dios\" class=\"yoast-seo-meta-tag\" \/>\n<meta property=\"og:description\" content=\"Vendr\u00e1 gente de muchas naciones y dir\u00e1n: \u00abVengan, subamos al monte del Se\u00f1or, a la casa del Dios de Jacob. All\u00ed \u00e9l nos ense\u00f1ar\u00e1 sus caminos y andaremos en sus sendas\u00bb. Pues la ense\u00f1anza del Se\u00f1or saldr\u00e1 de Si\u00f3n, y su palabra, de Jerusal\u00e9n. Miqueas 4:2 El llamado del Se\u00f1or en este momento es a &hellip;\" class=\"yoast-seo-meta-tag\" \/>\n<meta property=\"og:url\" content=\"https:\/\/tabernaculoprensadedios.com\/web\/los-requisitos-para-subir-al-monte-de-jehova-generacion-que-busque-el-rostro-de-dios\/\" class=\"yoast-seo-meta-tag\" \/>\n<meta property=\"og:site_name\" content=\"Tabernaculo Prensa de Dios\" class=\"yoast-seo-meta-tag\" \/>\n<meta property=\"article:published_time\" content=\"2024-08-05T14:32:20+00:00\" class=\"yoast-seo-meta-tag\" \/>\n<meta property=\"og:image\" content=\"https:\/\/tabernaculoprensadedios.com\/web\/wp-content\/uploads\/2024\/08\/Generacion-1-1.jpg\" class=\"yoast-seo-meta-tag\" \/>\n\t<meta property=\"og:image:width\" content=\"1280\" class=\"yoast-seo-meta-tag\" \/>\n\t<meta property=\"og:image:height\" content=\"803\" class=\"yoast-seo-meta-tag\" \/>\n\t<meta property=\"og:image:type\" content=\"image\/jpeg\" class=\"yoast-seo-meta-tag\" \/>\n<meta name=\"author\" content=\"tabernaculo\" class=\"yoast-seo-meta-tag\" \/>\n<meta name=\"twitter:card\" content=\"summary_large_image\" class=\"yoast-seo-meta-tag\" \/>\n<meta name=\"twitter:creator\" content=\"@PrensadeDios\" class=\"yoast-seo-meta-tag\" \/>\n<meta name=\"twitter:site\" content=\"@PrensadeDios\" class=\"yoast-seo-meta-tag\" \/>\n<meta name=\"twitter:label1\" content=\"Escrito por\" class=\"yoast-seo-meta-tag\" \/>\n\t<meta name=\"twitter:data1\" content=\"tabernaculo\" class=\"yoast-seo-meta-tag\" \/>\n\t<meta name=\"twitter:label2\" content=\"Tiempo de lectura\" class=\"yoast-seo-meta-tag\" \/>\n\t<meta name=\"twitter:data2\" content=\"3 minutos\" class=\"yoast-seo-meta-tag\" \/>\n<script type=\"application\/ld+json\" class=\"yoast-schema-graph\">{\"@context\":\"https:\/\/schema.org\",\"@graph\":[{\"@type\":\"Article\",\"@id\":\"https:\/\/tabernaculoprensadedios.com\/web\/los-requisitos-para-subir-al-monte-de-jehova-generacion-que-busque-el-rostro-de-dios\/#article\",\"isPartOf\":{\"@id\":\"https:\/\/tabernaculoprensadedios.com\/web\/los-requisitos-para-subir-al-monte-de-jehova-generacion-que-busque-el-rostro-de-dios\/\"},\"author\":{\"name\":\"tabernaculo\",\"@id\":\"https:\/\/tabernaculoprensadedios.com\/web\/#\/schema\/person\/bc0e069fef56b38e177db6f098ae0b6e\"},\"headline\":\"Los Requisitos para Subir al Monte de Jehov\u00e1. Generaci\u00f3n que Busque el Rostro de Dios\",\"datePublished\":\"2024-08-05T14:32:20+00:00\",\"mainEntityOfPage\":{\"@id\":\"https:\/\/tabernaculoprensadedios.com\/web\/los-requisitos-para-subir-al-monte-de-jehova-generacion-que-busque-el-rostro-de-dios\/\"},\"wordCount\":559,\"commentCount\":0,\"publisher\":{\"@id\":\"https:\/\/tabernaculoprensadedios.com\/web\/#\/schema\/person\/bc0e069fef56b38e177db6f098ae0b6e\"},\"image\":{\"@id\":\"https:\/\/tabernaculoprensadedios.com\/web\/los-requisitos-para-subir-al-monte-de-jehova-generacion-que-busque-el-rostro-de-dios\/#primaryimage\"},\"thumbnailUrl\":\"https:\/\/tabernaculoprensadedios.com\/web\/wp-content\/uploads\/2024\/08\/Generacion-1-1.jpg\",\"articleSection\":[\"Articulos\"],\"inLanguage\":\"es\",\"potentialAction\":[{\"@type\":\"CommentAction\",\"name\":\"Comment\",\"target\":[\"https:\/\/tabernaculoprensadedios.com\/web\/los-requisitos-para-subir-al-monte-de-jehova-generacion-que-busque-el-rostro-de-dios\/#respond\"]}]},{\"@type\":\"WebPage\",\"@id\":\"https:\/\/tabernaculoprensadedios.com\/web\/los-requisitos-para-subir-al-monte-de-jehova-generacion-que-busque-el-rostro-de-dios\/\",\"url\":\"https:\/\/tabernaculoprensadedios.com\/web\/los-requisitos-para-subir-al-monte-de-jehova-generacion-que-busque-el-rostro-de-dios\/\",\"name\":\"Los Requisitos para Subir al Monte de Jehov\u00e1. Generaci\u00f3n que Busque el Rostro de Dios - Tabernaculo Prensa de Dios\",\"isPartOf\":{\"@id\":\"https:\/\/tabernaculoprensadedios.com\/web\/#website\"},\"primaryImageOfPage\":{\"@id\":\"https:\/\/tabernaculoprensadedios.com\/web\/los-requisitos-para-subir-al-monte-de-jehova-generacion-que-busque-el-rostro-de-dios\/#primaryimage\"},\"image\":{\"@id\":\"https:\/\/tabernaculoprensadedios.com\/web\/los-requisitos-para-subir-al-monte-de-jehova-generacion-que-busque-el-rostro-de-dios\/#primaryimage\"},\"thumbnailUrl\":\"https:\/\/tabernaculoprensadedios.com\/web\/wp-content\/uploads\/2024\/08\/Generacion-1-1.jpg\",\"datePublished\":\"2024-08-05T14:32:20+00:00\",\"breadcrumb\":{\"@id\":\"https:\/\/tabernaculoprensadedios.com\/web\/los-requisitos-para-subir-al-monte-de-jehova-generacion-que-busque-el-rostro-de-dios\/#breadcrumb\"},\"inLanguage\":\"es\",\"potentialAction\":[{\"@type\":\"ReadAction\",\"target\":[\"https:\/\/tabernaculoprensadedios.com\/web\/los-requisitos-para-subir-al-monte-de-jehova-generacion-que-busque-el-rostro-de-dios\/\"]}]},{\"@type\":\"ImageObject\",\"inLanguage\":\"es\",\"@id\":\"https:\/\/tabernaculoprensadedios.com\/web\/los-requisitos-para-subir-al-monte-de-jehova-generacion-que-busque-el-rostro-de-dios\/#primaryimage\",\"url\":\"https:\/\/tabernaculoprensadedios.com\/web\/wp-content\/uploads\/2024\/08\/Generacion-1-1.jpg\",\"contentUrl\":\"https:\/\/tabernaculoprensadedios.com\/web\/wp-content\/uploads\/2024\/08\/Generacion-1-1.jpg\",\"width\":1280,\"height\":803},{\"@type\":\"BreadcrumbList\",\"@id\":\"https:\/\/tabernaculoprensadedios.com\/web\/los-requisitos-para-subir-al-monte-de-jehova-generacion-que-busque-el-rostro-de-dios\/#breadcrumb\",\"itemListElement\":[{\"@type\":\"ListItem\",\"position\":1,\"name\":\"Portada\",\"item\":\"https:\/\/tabernaculoprensadedios.com\/web\/\"},{\"@type\":\"ListItem\",\"position\":2,\"name\":\"Los Requisitos para Subir al Monte de Jehov\u00e1. Generaci\u00f3n que Busque el Rostro de Dios\"}]},{\"@type\":\"WebSite\",\"@id\":\"https:\/\/tabernaculoprensadedios.com\/web\/#website\",\"url\":\"https:\/\/tabernaculoprensadedios.com\/web\/\",\"name\":\"Tabernaculo Prensa de Dios\",\"description\":\"Un medio a la manera de Dios\",\"publisher\":{\"@id\":\"https:\/\/tabernaculoprensadedios.com\/web\/#\/schema\/person\/bc0e069fef56b38e177db6f098ae0b6e\"},\"potentialAction\":[{\"@type\":\"SearchAction\",\"target\":{\"@type\":\"EntryPoint\",\"urlTemplate\":\"https:\/\/tabernaculoprensadedios.com\/web\/?s={search_term_string}\"},\"query-input\":{\"@type\":\"PropertyValueSpecification\",\"valueRequired\":true,\"valueName\":\"search_term_string\"}}],\"inLanguage\":\"es\"},{\"@type\":[\"Person\",\"Organization\"],\"@id\":\"https:\/\/tabernaculoprensadedios.com\/web\/#\/schema\/person\/bc0e069fef56b38e177db6f098ae0b6e\",\"name\":\"tabernaculo\",\"image\":{\"@type\":\"ImageObject\",\"inLanguage\":\"es\",\"@id\":\"https:\/\/tabernaculoprensadedios.com\/web\/#\/schema\/person\/image\/\",\"url\":\"https:\/\/tabernaculoprensadedios.com\/web\/wp-content\/uploads\/2015\/06\/login-logo1.png\",\"contentUrl\":\"https:\/\/tabernaculoprensadedios.com\/web\/wp-content\/uploads\/2015\/06\/login-logo1.png\",\"width\":300,\"height\":118,\"caption\":\"tabernaculo\"},\"logo\":{\"@id\":\"https:\/\/tabernaculoprensadedios.com\/web\/#\/schema\/person\/image\/\"},\"url\":\"https:\/\/tabernaculoprensadedios.com\/web\/author\/tabernaculo\/\"}]}<\/script>\n<!-- \/ Yoast SEO Premium plugin. -->","yoast_head_json":{"title":"Los Requisitos para Subir al Monte de Jehov\u00e1. Generaci\u00f3n que Busque el Rostro de Dios - Tabernaculo Prensa de Dios","robots":{"index":"index","follow":"follow","max-snippet":"max-snippet:-1","max-image-preview":"max-image-preview:large","max-video-preview":"max-video-preview:-1"},"canonical":"https:\/\/tabernaculoprensadedios.com\/web\/los-requisitos-para-subir-al-monte-de-jehova-generacion-que-busque-el-rostro-de-dios\/","og_locale":"es_ES","og_type":"article","og_title":"Los Requisitos para Subir al Monte de Jehov\u00e1. Generaci\u00f3n que Busque el Rostro de Dios","og_description":"Vendr\u00e1 gente de muchas naciones y dir\u00e1n: \u00abVengan, subamos al monte del Se\u00f1or, a la casa del Dios de Jacob. All\u00ed \u00e9l nos ense\u00f1ar\u00e1 sus caminos y andaremos en sus sendas\u00bb. Pues la ense\u00f1anza del Se\u00f1or saldr\u00e1 de Si\u00f3n, y su palabra, de Jerusal\u00e9n. Miqueas 4:2 El llamado del Se\u00f1or en este momento es a &hellip;","og_url":"https:\/\/tabernaculoprensadedios.com\/web\/los-requisitos-para-subir-al-monte-de-jehova-generacion-que-busque-el-rostro-de-dios\/","og_site_name":"Tabernaculo Prensa de Dios","article_published_time":"2024-08-05T14:32:20+00:00","og_image":[{"width":1280,"height":803,"url":"https:\/\/tabernaculoprensadedios.com\/web\/wp-content\/uploads\/2024\/08\/Generacion-1-1.jpg","type":"image\/jpeg"}],"author":"tabernaculo","twitter_card":"summary_large_image","twitter_creator":"@PrensadeDios","twitter_site":"@PrensadeDios","twitter_misc":{"Escrito por":"tabernaculo","Tiempo de lectura":"3 minutos"},"schema":{"@context":"https:\/\/schema.org","@graph":[{"@type":"Article","@id":"https:\/\/tabernaculoprensadedios.com\/web\/los-requisitos-para-subir-al-monte-de-jehova-generacion-que-busque-el-rostro-de-dios\/#article","isPartOf":{"@id":"https:\/\/tabernaculoprensadedios.com\/web\/los-requisitos-para-subir-al-monte-de-jehova-generacion-que-busque-el-rostro-de-dios\/"},"author":{"name":"tabernaculo","@id":"https:\/\/tabernaculoprensadedios.com\/web\/#\/schema\/person\/bc0e069fef56b38e177db6f098ae0b6e"},"headline":"Los Requisitos para Subir al Monte de Jehov\u00e1. Generaci\u00f3n que Busque el Rostro de Dios","datePublished":"2024-08-05T14:32:20+00:00","mainEntityOfPage":{"@id":"https:\/\/tabernaculoprensadedios.com\/web\/los-requisitos-para-subir-al-monte-de-jehova-generacion-que-busque-el-rostro-de-dios\/"},"wordCount":559,"commentCount":0,"publisher":{"@id":"https:\/\/tabernaculoprensadedios.com\/web\/#\/schema\/person\/bc0e069fef56b38e177db6f098ae0b6e"},"image":{"@id":"https:\/\/tabernaculoprensadedios.com\/web\/los-requisitos-para-subir-al-monte-de-jehova-generacion-que-busque-el-rostro-de-dios\/#primaryimage"},"thumbnailUrl":"https:\/\/tabernaculoprensadedios.com\/web\/wp-content\/uploads\/2024\/08\/Generacion-1-1.jpg","articleSection":["Articulos"],"inLanguage":"es","potentialAction":[{"@type":"CommentAction","name":"Comment","target":["https:\/\/tabernaculoprensadedios.com\/web\/los-requisitos-para-subir-al-monte-de-jehova-generacion-que-busque-el-rostro-de-dios\/#respond"]}]},{"@type":"WebPage","@id":"https:\/\/tabernaculoprensadedios.com\/web\/los-requisitos-para-subir-al-monte-de-jehova-generacion-que-busque-el-rostro-de-dios\/","url":"https:\/\/tabernaculoprensadedios.com\/web\/los-requisitos-para-subir-al-monte-de-jehova-generacion-que-busque-el-rostro-de-dios\/","name":"Los Requisitos para Subir al Monte de Jehov\u00e1. Generaci\u00f3n que Busque el Rostro de Dios - Tabernaculo Prensa de Dios","isPartOf":{"@id":"https:\/\/tabernaculoprensadedios.com\/web\/#website"},"primaryImageOfPage":{"@id":"https:\/\/tabernaculoprensadedios.com\/web\/los-requisitos-para-subir-al-monte-de-jehova-generacion-que-busque-el-rostro-de-dios\/#primaryimage"},"image":{"@id":"https:\/\/tabernaculoprensadedios.com\/web\/los-requisitos-para-subir-al-monte-de-jehova-generacion-que-busque-el-rostro-de-dios\/#primaryimage"},"thumbnailUrl":"https:\/\/tabernaculoprensadedios.com\/web\/wp-content\/uploads\/2024\/08\/Generacion-1-1.jpg","datePublished":"2024-08-05T14:32:20+00:00","breadcrumb":{"@id":"https:\/\/tabernaculoprensadedios.com\/web\/los-requisitos-para-subir-al-monte-de-jehova-generacion-que-busque-el-rostro-de-dios\/#breadcrumb"},"inLanguage":"es","potentialAction":[{"@type":"ReadAction","target":["https:\/\/tabernaculoprensadedios.com\/web\/los-requisitos-para-subir-al-monte-de-jehova-generacion-que-busque-el-rostro-de-dios\/"]}]},{"@type":"ImageObject","inLanguage":"es","@id":"https:\/\/tabernaculoprensadedios.com\/web\/los-requisitos-para-subir-al-monte-de-jehova-generacion-que-busque-el-rostro-de-dios\/#primaryimage","url":"https:\/\/tabernaculoprensadedios.com\/web\/wp-content\/uploads\/2024\/08\/Generacion-1-1.jpg","contentUrl":"https:\/\/tabernaculoprensadedios.com\/web\/wp-content\/uploads\/2024\/08\/Generacion-1-1.jpg","width":1280,"height":803},{"@type":"BreadcrumbList","@id":"https:\/\/tabernaculoprensadedios.com\/web\/los-requisitos-para-subir-al-monte-de-jehova-generacion-que-busque-el-rostro-de-dios\/#breadcrumb","itemListElement":[{"@type":"ListItem","position":1,"name":"Portada","item":"https:\/\/tabernaculoprensadedios.com\/web\/"},{"@type":"ListItem","position":2,"name":"Los Requisitos para Subir al Monte de Jehov\u00e1. Generaci\u00f3n que Busque el Rostro de Dios"}]},{"@type":"WebSite","@id":"https:\/\/tabernaculoprensadedios.com\/web\/#website","url":"https:\/\/tabernaculoprensadedios.com\/web\/","name":"Tabernaculo Prensa de Dios","description":"Un medio a la manera de Dios","publisher":{"@id":"https:\/\/tabernaculoprensadedios.com\/web\/#\/schema\/person\/bc0e069fef56b38e177db6f098ae0b6e"},"potentialAction":[{"@type":"SearchAction","target":{"@type":"EntryPoint","urlTemplate":"https:\/\/tabernaculoprensadedios.com\/web\/?s={search_term_string}"},"query-input":{"@type":"PropertyValueSpecification","valueRequired":true,"valueName":"search_term_string"}}],"inLanguage":"es"},{"@type":["Person","Organization"],"@id":"https:\/\/tabernaculoprensadedios.com\/web\/#\/schema\/person\/bc0e069fef56b38e177db6f098ae0b6e","name":"tabernaculo","image":{"@type":"ImageObject","inLanguage":"es","@id":"https:\/\/tabernaculoprensadedios.com\/web\/#\/schema\/person\/image\/","url":"https:\/\/tabernaculoprensadedios.com\/web\/wp-content\/uploads\/2015\/06\/login-logo1.png","contentUrl":"https:\/\/tabernaculoprensadedios.com\/web\/wp-content\/uploads\/2015\/06\/login-logo1.png","width":300,"height":118,"caption":"tabernaculo"},"logo":{"@id":"https:\/\/tabernaculoprensadedios.com\/web\/#\/schema\/person\/image\/"},"url":"https:\/\/tabernaculoprensadedios.com\/web\/author\/tabernaculo\/"}]}},"_links":{"self":[{"href":"https:\/\/tabernaculoprensadedios.com\/web\/wp-json\/wp\/v2\/posts\/31916","targetHints":{"allow":["GET"]}}],"collection":[{"href":"https:\/\/tabernaculoprensadedios.com\/web\/wp-json\/wp\/v2\/posts"}],"about":[{"href":"https:\/\/tabernaculoprensadedios.com\/web\/wp-json\/wp\/v2\/types\/post"}],"author":[{"embeddable":true,"href":"https:\/\/tabernaculoprensadedios.com\/web\/wp-json\/wp\/v2\/users\/1"}],"replies":[{"embeddable":true,"href":"https:\/\/tabernaculoprensadedios.com\/web\/wp-json\/wp\/v2\/comments?post=31916"}],"version-history":[{"count":1,"href":"https:\/\/tabernaculoprensadedios.com\/web\/wp-json\/wp\/v2\/posts\/31916\/revisions"}],"predecessor-version":[{"id":31919,"href":"https:\/\/tabernaculoprensadedios.com\/web\/wp-json\/wp\/v2\/posts\/31916\/revisions\/31919"}],"wp:featuredmedia":[{"embeddable":true,"href":"https:\/\/tabernaculoprensadedios.com\/web\/wp-json\/wp\/v2\/media\/31918"}],"wp:attachment":[{"href":"https:\/\/tabernaculoprensadedios.com\/web\/wp-json\/wp\/v2\/media?parent=31916"}],"wp:term":[{"taxonomy":"category","embeddable":true,"href":"https:\/\/tabernaculoprensadedios.com\/web\/wp-json\/wp\/v2\/categories?post=31916"},{"taxonomy":"post_tag","embeddable":true,"href":"https:\/\/tabernaculoprensadedios.com\/web\/wp-json\/wp\/v2\/tags?post=31916"}],"curies":[{"name":"wp","href":"https:\/\/api.w.org\/{rel}","templated":true}]}}