{"id":31797,"date":"2024-07-24T13:57:19","date_gmt":"2024-07-24T13:57:19","guid":{"rendered":"https:\/\/tabernaculoprensadedios.com\/web\/?p=31797"},"modified":"2024-07-24T13:57:19","modified_gmt":"2024-07-24T13:57:19","slug":"republica-dominicana-un-sueno-olimpico-en-el-futbol-para-paris-2024","status":"publish","type":"post","link":"https:\/\/tabernaculoprensadedios.com\/web\/republica-dominicana-un-sueno-olimpico-en-el-futbol-para-paris-2024\/","title":{"rendered":"Rep\u00fablica Dominicana. Un Sue\u00f1o Ol\u00edmpico en el F\u00fatbol para Par\u00eds 2024"},"content":{"rendered":"<p>La Rep\u00fablica Dominicana se alista para un momento hist\u00f3rico en los Juegos Ol\u00edmpicos de Par\u00eds 2024, donde debutar\u00e1 en la disciplina de f\u00fatbol. En una naci\u00f3n dominada por el b\u00e9isbol, este logro resalta como un avance significativo y una oportunidad excepcional para el pa\u00eds caribe\u00f1o.<\/p>\n<p>El equipo nacional, conocido como la \u00abSeda F\u00fatbol\u00bb, ha recurrido a su di\u00e1spora para reclutar a j\u00f3venes talentos con experiencia en las ligas europeas. Estos futbolistas, que han competido en algunos de los torneos m\u00e1s exigentes del mundo, vestir\u00e1n por primera vez la camiseta dominicana en este escenario internacional.<\/p>\n<p>El equipo Sub 23, que ser\u00e1 pionero en Par\u00eds, est\u00e1 dirigido por Ibai G\u00f3mez, exjugador del Athletic de Bilbao y del Alav\u00e9s en Espa\u00f1a. Aunque G\u00f3mez se retir\u00f3 del f\u00fatbol profesional el a\u00f1o pasado, ha acumulado una valiosa experiencia como t\u00e9cnico en las categor\u00edas inferiores.<\/p>\n<p>\u00abMe sorprendi\u00f3 un poco la primera llamada porque, aunque llevo 14 temporadas como entrenador, ahora es cuando realmente inici\u00f3 mi carrera\u00bb, expres\u00f3 G\u00f3mez en una entrevista reciente con The Associated Press.<\/p>\n<p>Despu\u00e9s de evaluar el proyecto y revisar a los jugadores disponibles, G\u00f3mez coment\u00f3: \u00abTras ver m\u00e1s de 100 videos de futbolistas, vimos que se pod\u00edan lograr cosas interesantes\u00bb. Con esta visi\u00f3n, G\u00f3mez y su equipo aceptaron el desaf\u00edo con el objetivo de \u00abcontribuir al desarrollo del f\u00fatbol en la Rep\u00fablica Dominicana\u00bb.<\/p>\n<p>El debut en los Juegos Ol\u00edmpicos de Par\u00eds 2024 no solo marcar\u00e1 un hito para el f\u00fatbol dominicano, sino que tambi\u00e9n servir\u00e1 para inspirar a futuras generaciones y fortalecer el crecimiento del deporte en el pa\u00eds.<\/p>\n","protected":false},"excerpt":{"rendered":"<p>La Rep\u00fablica Dominicana se alista para un momento hist\u00f3rico en los Juegos Ol\u00edmpicos de Par\u00eds 2024, donde debutar\u00e1 en la disciplina de f\u00fatbol. En una naci\u00f3n dominada por el b\u00e9isbol, este logro resalta como un avance significativo y una oportunidad excepcional para el pa\u00eds caribe\u00f1o. El equipo nacional, conocido como la \u00abSeda F\u00fatbol\u00bb, ha recurrido &hellip;<\/p>\n","protected":false},"author":1,"featured_media":31798,"comment_status":"open","ping_status":"open","sticky":false,"template":"","format":"standard","meta":{"footnotes":""},"categories":[20],"tags":[],"class_list":["post-31797","post","type-post","status-publish","format-standard","has-post-thumbnail","hentry","category-deporte"],"yoast_head":"<!-- This site is optimized with the Yoast SEO Premium plugin v24.2 (Yoast SEO v27.1.1) - https:\/\/yoast.com\/product\/yoast-seo-premium-wordpress\/ -->\n<title>Rep\u00fablica Dominicana. Un Sue\u00f1o Ol\u00edmpico en el F\u00fatbol para Par\u00eds 2024 - Tabernaculo Prensa de Dios<\/title>\n<meta name=\"robots\" content=\"index, follow, max-snippet:-1, max-image-preview:large, max-video-preview:-1\" \/>\n<link rel=\"canonical\" href=\"https:\/\/tabernaculoprensadedios.com\/web\/republica-dominicana-un-sueno-olimpico-en-el-futbol-para-paris-2024\/\" class=\"yoast-seo-meta-tag\" \/>\n<meta property=\"og:locale\" content=\"es_ES\" class=\"yoast-seo-meta-tag\" \/>\n<meta property=\"og:type\" content=\"article\" class=\"yoast-seo-meta-tag\" \/>\n<meta property=\"og:title\" content=\"Rep\u00fablica Dominicana. Un Sue\u00f1o Ol\u00edmpico en el F\u00fatbol para Par\u00eds 2024\" class=\"yoast-seo-meta-tag\" \/>\n<meta property=\"og:description\" content=\"La Rep\u00fablica Dominicana se alista para un momento hist\u00f3rico en los Juegos Ol\u00edmpicos de Par\u00eds 2024, donde debutar\u00e1 en la disciplina de f\u00fatbol. En una naci\u00f3n dominada por el b\u00e9isbol, este logro resalta como un avance significativo y una oportunidad excepcional para el pa\u00eds caribe\u00f1o. El equipo nacional, conocido como la \u00abSeda F\u00fatbol\u00bb, ha recurrido &hellip;\" class=\"yoast-seo-meta-tag\" \/>\n<meta property=\"og:url\" content=\"https:\/\/tabernaculoprensadedios.com\/web\/republica-dominicana-un-sueno-olimpico-en-el-futbol-para-paris-2024\/\" class=\"yoast-seo-meta-tag\" \/>\n<meta property=\"og:site_name\" content=\"Tabernaculo Prensa de Dios\" class=\"yoast-seo-meta-tag\" \/>\n<meta property=\"article:published_time\" content=\"2024-07-24T13:57:19+00:00\" class=\"yoast-seo-meta-tag\" \/>\n<meta property=\"og:image\" content=\"https:\/\/tabernaculoprensadedios.com\/web\/wp-content\/uploads\/2024\/07\/GR_rkgFXAAAMcpA.jpg\" class=\"yoast-seo-meta-tag\" \/>\n\t<meta property=\"og:image:width\" content=\"679\" class=\"yoast-seo-meta-tag\" \/>\n\t<meta property=\"og:image:height\" content=\"453\" class=\"yoast-seo-meta-tag\" \/>\n\t<meta property=\"og:image:type\" content=\"image\/jpeg\" class=\"yoast-seo-meta-tag\" \/>\n<meta name=\"author\" content=\"tabernaculo\" class=\"yoast-seo-meta-tag\" \/>\n<meta name=\"twitter:card\" content=\"summary_large_image\" class=\"yoast-seo-meta-tag\" \/>\n<meta name=\"twitter:creator\" content=\"@PrensadeDios\" class=\"yoast-seo-meta-tag\" \/>\n<meta name=\"twitter:site\" content=\"@PrensadeDios\" class=\"yoast-seo-meta-tag\" \/>\n<meta name=\"twitter:label1\" content=\"Escrito por\" class=\"yoast-seo-meta-tag\" \/>\n\t<meta name=\"twitter:data1\" content=\"tabernaculo\" class=\"yoast-seo-meta-tag\" \/>\n\t<meta name=\"twitter:label2\" content=\"Tiempo de lectura\" class=\"yoast-seo-meta-tag\" \/>\n\t<meta name=\"twitter:data2\" content=\"2 minutos\" class=\"yoast-seo-meta-tag\" \/>\n<script type=\"application\/ld+json\" class=\"yoast-schema-graph\">{\"@context\":\"https:\/\/schema.org\",\"@graph\":[{\"@type\":\"Article\",\"@id\":\"https:\/\/tabernaculoprensadedios.com\/web\/republica-dominicana-un-sueno-olimpico-en-el-futbol-para-paris-2024\/#article\",\"isPartOf\":{\"@id\":\"https:\/\/tabernaculoprensadedios.com\/web\/republica-dominicana-un-sueno-olimpico-en-el-futbol-para-paris-2024\/\"},\"author\":{\"name\":\"tabernaculo\",\"@id\":\"https:\/\/tabernaculoprensadedios.com\/web\/#\/schema\/person\/bc0e069fef56b38e177db6f098ae0b6e\"},\"headline\":\"Rep\u00fablica Dominicana. Un Sue\u00f1o Ol\u00edmpico en el F\u00fatbol para Par\u00eds 2024\",\"datePublished\":\"2024-07-24T13:57:19+00:00\",\"mainEntityOfPage\":{\"@id\":\"https:\/\/tabernaculoprensadedios.com\/web\/republica-dominicana-un-sueno-olimpico-en-el-futbol-para-paris-2024\/\"},\"wordCount\":305,\"commentCount\":0,\"publisher\":{\"@id\":\"https:\/\/tabernaculoprensadedios.com\/web\/#\/schema\/person\/bc0e069fef56b38e177db6f098ae0b6e\"},\"image\":{\"@id\":\"https:\/\/tabernaculoprensadedios.com\/web\/republica-dominicana-un-sueno-olimpico-en-el-futbol-para-paris-2024\/#primaryimage\"},\"thumbnailUrl\":\"https:\/\/tabernaculoprensadedios.com\/web\/wp-content\/uploads\/2024\/07\/GR_rkgFXAAAMcpA.jpg\",\"articleSection\":[\"Deporte\"],\"inLanguage\":\"es\",\"potentialAction\":[{\"@type\":\"CommentAction\",\"name\":\"Comment\",\"target\":[\"https:\/\/tabernaculoprensadedios.com\/web\/republica-dominicana-un-sueno-olimpico-en-el-futbol-para-paris-2024\/#respond\"]}]},{\"@type\":\"WebPage\",\"@id\":\"https:\/\/tabernaculoprensadedios.com\/web\/republica-dominicana-un-sueno-olimpico-en-el-futbol-para-paris-2024\/\",\"url\":\"https:\/\/tabernaculoprensadedios.com\/web\/republica-dominicana-un-sueno-olimpico-en-el-futbol-para-paris-2024\/\",\"name\":\"Rep\u00fablica Dominicana. Un Sue\u00f1o Ol\u00edmpico en el F\u00fatbol para Par\u00eds 2024 - Tabernaculo Prensa de Dios\",\"isPartOf\":{\"@id\":\"https:\/\/tabernaculoprensadedios.com\/web\/#website\"},\"primaryImageOfPage\":{\"@id\":\"https:\/\/tabernaculoprensadedios.com\/web\/republica-dominicana-un-sueno-olimpico-en-el-futbol-para-paris-2024\/#primaryimage\"},\"image\":{\"@id\":\"https:\/\/tabernaculoprensadedios.com\/web\/republica-dominicana-un-sueno-olimpico-en-el-futbol-para-paris-2024\/#primaryimage\"},\"thumbnailUrl\":\"https:\/\/tabernaculoprensadedios.com\/web\/wp-content\/uploads\/2024\/07\/GR_rkgFXAAAMcpA.jpg\",\"datePublished\":\"2024-07-24T13:57:19+00:00\",\"breadcrumb\":{\"@id\":\"https:\/\/tabernaculoprensadedios.com\/web\/republica-dominicana-un-sueno-olimpico-en-el-futbol-para-paris-2024\/#breadcrumb\"},\"inLanguage\":\"es\",\"potentialAction\":[{\"@type\":\"ReadAction\",\"target\":[\"https:\/\/tabernaculoprensadedios.com\/web\/republica-dominicana-un-sueno-olimpico-en-el-futbol-para-paris-2024\/\"]}]},{\"@type\":\"ImageObject\",\"inLanguage\":\"es\",\"@id\":\"https:\/\/tabernaculoprensadedios.com\/web\/republica-dominicana-un-sueno-olimpico-en-el-futbol-para-paris-2024\/#primaryimage\",\"url\":\"https:\/\/tabernaculoprensadedios.com\/web\/wp-content\/uploads\/2024\/07\/GR_rkgFXAAAMcpA.jpg\",\"contentUrl\":\"https:\/\/tabernaculoprensadedios.com\/web\/wp-content\/uploads\/2024\/07\/GR_rkgFXAAAMcpA.jpg\",\"width\":679,\"height\":453},{\"@type\":\"BreadcrumbList\",\"@id\":\"https:\/\/tabernaculoprensadedios.com\/web\/republica-dominicana-un-sueno-olimpico-en-el-futbol-para-paris-2024\/#breadcrumb\",\"itemListElement\":[{\"@type\":\"ListItem\",\"position\":1,\"name\":\"Portada\",\"item\":\"https:\/\/tabernaculoprensadedios.com\/web\/\"},{\"@type\":\"ListItem\",\"position\":2,\"name\":\"Rep\u00fablica Dominicana. Un Sue\u00f1o Ol\u00edmpico en el F\u00fatbol para Par\u00eds 2024\"}]},{\"@type\":\"WebSite\",\"@id\":\"https:\/\/tabernaculoprensadedios.com\/web\/#website\",\"url\":\"https:\/\/tabernaculoprensadedios.com\/web\/\",\"name\":\"Tabernaculo Prensa de Dios\",\"description\":\"Un medio a la manera de Dios\",\"publisher\":{\"@id\":\"https:\/\/tabernaculoprensadedios.com\/web\/#\/schema\/person\/bc0e069fef56b38e177db6f098ae0b6e\"},\"potentialAction\":[{\"@type\":\"SearchAction\",\"target\":{\"@type\":\"EntryPoint\",\"urlTemplate\":\"https:\/\/tabernaculoprensadedios.com\/web\/?s={search_term_string}\"},\"query-input\":{\"@type\":\"PropertyValueSpecification\",\"valueRequired\":true,\"valueName\":\"search_term_string\"}}],\"inLanguage\":\"es\"},{\"@type\":[\"Person\",\"Organization\"],\"@id\":\"https:\/\/tabernaculoprensadedios.com\/web\/#\/schema\/person\/bc0e069fef56b38e177db6f098ae0b6e\",\"name\":\"tabernaculo\",\"image\":{\"@type\":\"ImageObject\",\"inLanguage\":\"es\",\"@id\":\"https:\/\/tabernaculoprensadedios.com\/web\/#\/schema\/person\/image\/\",\"url\":\"https:\/\/tabernaculoprensadedios.com\/web\/wp-content\/uploads\/2015\/06\/login-logo1.png\",\"contentUrl\":\"https:\/\/tabernaculoprensadedios.com\/web\/wp-content\/uploads\/2015\/06\/login-logo1.png\",\"width\":300,\"height\":118,\"caption\":\"tabernaculo\"},\"logo\":{\"@id\":\"https:\/\/tabernaculoprensadedios.com\/web\/#\/schema\/person\/image\/\"},\"url\":\"https:\/\/tabernaculoprensadedios.com\/web\/author\/tabernaculo\/\"}]}<\/script>\n<!-- \/ Yoast SEO Premium plugin. -->","yoast_head_json":{"title":"Rep\u00fablica Dominicana. Un Sue\u00f1o Ol\u00edmpico en el F\u00fatbol para Par\u00eds 2024 - Tabernaculo Prensa de Dios","robots":{"index":"index","follow":"follow","max-snippet":"max-snippet:-1","max-image-preview":"max-image-preview:large","max-video-preview":"max-video-preview:-1"},"canonical":"https:\/\/tabernaculoprensadedios.com\/web\/republica-dominicana-un-sueno-olimpico-en-el-futbol-para-paris-2024\/","og_locale":"es_ES","og_type":"article","og_title":"Rep\u00fablica Dominicana. Un Sue\u00f1o Ol\u00edmpico en el F\u00fatbol para Par\u00eds 2024","og_description":"La Rep\u00fablica Dominicana se alista para un momento hist\u00f3rico en los Juegos Ol\u00edmpicos de Par\u00eds 2024, donde debutar\u00e1 en la disciplina de f\u00fatbol. En una naci\u00f3n dominada por el b\u00e9isbol, este logro resalta como un avance significativo y una oportunidad excepcional para el pa\u00eds caribe\u00f1o. El equipo nacional, conocido como la \u00abSeda F\u00fatbol\u00bb, ha recurrido &hellip;","og_url":"https:\/\/tabernaculoprensadedios.com\/web\/republica-dominicana-un-sueno-olimpico-en-el-futbol-para-paris-2024\/","og_site_name":"Tabernaculo Prensa de Dios","article_published_time":"2024-07-24T13:57:19+00:00","og_image":[{"width":679,"height":453,"url":"https:\/\/tabernaculoprensadedios.com\/web\/wp-content\/uploads\/2024\/07\/GR_rkgFXAAAMcpA.jpg","type":"image\/jpeg"}],"author":"tabernaculo","twitter_card":"summary_large_image","twitter_creator":"@PrensadeDios","twitter_site":"@PrensadeDios","twitter_misc":{"Escrito por":"tabernaculo","Tiempo de lectura":"2 minutos"},"schema":{"@context":"https:\/\/schema.org","@graph":[{"@type":"Article","@id":"https:\/\/tabernaculoprensadedios.com\/web\/republica-dominicana-un-sueno-olimpico-en-el-futbol-para-paris-2024\/#article","isPartOf":{"@id":"https:\/\/tabernaculoprensadedios.com\/web\/republica-dominicana-un-sueno-olimpico-en-el-futbol-para-paris-2024\/"},"author":{"name":"tabernaculo","@id":"https:\/\/tabernaculoprensadedios.com\/web\/#\/schema\/person\/bc0e069fef56b38e177db6f098ae0b6e"},"headline":"Rep\u00fablica Dominicana. Un Sue\u00f1o Ol\u00edmpico en el F\u00fatbol para Par\u00eds 2024","datePublished":"2024-07-24T13:57:19+00:00","mainEntityOfPage":{"@id":"https:\/\/tabernaculoprensadedios.com\/web\/republica-dominicana-un-sueno-olimpico-en-el-futbol-para-paris-2024\/"},"wordCount":305,"commentCount":0,"publisher":{"@id":"https:\/\/tabernaculoprensadedios.com\/web\/#\/schema\/person\/bc0e069fef56b38e177db6f098ae0b6e"},"image":{"@id":"https:\/\/tabernaculoprensadedios.com\/web\/republica-dominicana-un-sueno-olimpico-en-el-futbol-para-paris-2024\/#primaryimage"},"thumbnailUrl":"https:\/\/tabernaculoprensadedios.com\/web\/wp-content\/uploads\/2024\/07\/GR_rkgFXAAAMcpA.jpg","articleSection":["Deporte"],"inLanguage":"es","potentialAction":[{"@type":"CommentAction","name":"Comment","target":["https:\/\/tabernaculoprensadedios.com\/web\/republica-dominicana-un-sueno-olimpico-en-el-futbol-para-paris-2024\/#respond"]}]},{"@type":"WebPage","@id":"https:\/\/tabernaculoprensadedios.com\/web\/republica-dominicana-un-sueno-olimpico-en-el-futbol-para-paris-2024\/","url":"https:\/\/tabernaculoprensadedios.com\/web\/republica-dominicana-un-sueno-olimpico-en-el-futbol-para-paris-2024\/","name":"Rep\u00fablica Dominicana. Un Sue\u00f1o Ol\u00edmpico en el F\u00fatbol para Par\u00eds 2024 - Tabernaculo Prensa de Dios","isPartOf":{"@id":"https:\/\/tabernaculoprensadedios.com\/web\/#website"},"primaryImageOfPage":{"@id":"https:\/\/tabernaculoprensadedios.com\/web\/republica-dominicana-un-sueno-olimpico-en-el-futbol-para-paris-2024\/#primaryimage"},"image":{"@id":"https:\/\/tabernaculoprensadedios.com\/web\/republica-dominicana-un-sueno-olimpico-en-el-futbol-para-paris-2024\/#primaryimage"},"thumbnailUrl":"https:\/\/tabernaculoprensadedios.com\/web\/wp-content\/uploads\/2024\/07\/GR_rkgFXAAAMcpA.jpg","datePublished":"2024-07-24T13:57:19+00:00","breadcrumb":{"@id":"https:\/\/tabernaculoprensadedios.com\/web\/republica-dominicana-un-sueno-olimpico-en-el-futbol-para-paris-2024\/#breadcrumb"},"inLanguage":"es","potentialAction":[{"@type":"ReadAction","target":["https:\/\/tabernaculoprensadedios.com\/web\/republica-dominicana-un-sueno-olimpico-en-el-futbol-para-paris-2024\/"]}]},{"@type":"ImageObject","inLanguage":"es","@id":"https:\/\/tabernaculoprensadedios.com\/web\/republica-dominicana-un-sueno-olimpico-en-el-futbol-para-paris-2024\/#primaryimage","url":"https:\/\/tabernaculoprensadedios.com\/web\/wp-content\/uploads\/2024\/07\/GR_rkgFXAAAMcpA.jpg","contentUrl":"https:\/\/tabernaculoprensadedios.com\/web\/wp-content\/uploads\/2024\/07\/GR_rkgFXAAAMcpA.jpg","width":679,"height":453},{"@type":"BreadcrumbList","@id":"https:\/\/tabernaculoprensadedios.com\/web\/republica-dominicana-un-sueno-olimpico-en-el-futbol-para-paris-2024\/#breadcrumb","itemListElement":[{"@type":"ListItem","position":1,"name":"Portada","item":"https:\/\/tabernaculoprensadedios.com\/web\/"},{"@type":"ListItem","position":2,"name":"Rep\u00fablica Dominicana. Un Sue\u00f1o Ol\u00edmpico en el F\u00fatbol para Par\u00eds 2024"}]},{"@type":"WebSite","@id":"https:\/\/tabernaculoprensadedios.com\/web\/#website","url":"https:\/\/tabernaculoprensadedios.com\/web\/","name":"Tabernaculo Prensa de Dios","description":"Un medio a la manera de Dios","publisher":{"@id":"https:\/\/tabernaculoprensadedios.com\/web\/#\/schema\/person\/bc0e069fef56b38e177db6f098ae0b6e"},"potentialAction":[{"@type":"SearchAction","target":{"@type":"EntryPoint","urlTemplate":"https:\/\/tabernaculoprensadedios.com\/web\/?s={search_term_string}"},"query-input":{"@type":"PropertyValueSpecification","valueRequired":true,"valueName":"search_term_string"}}],"inLanguage":"es"},{"@type":["Person","Organization"],"@id":"https:\/\/tabernaculoprensadedios.com\/web\/#\/schema\/person\/bc0e069fef56b38e177db6f098ae0b6e","name":"tabernaculo","image":{"@type":"ImageObject","inLanguage":"es","@id":"https:\/\/tabernaculoprensadedios.com\/web\/#\/schema\/person\/image\/","url":"https:\/\/tabernaculoprensadedios.com\/web\/wp-content\/uploads\/2015\/06\/login-logo1.png","contentUrl":"https:\/\/tabernaculoprensadedios.com\/web\/wp-content\/uploads\/2015\/06\/login-logo1.png","width":300,"height":118,"caption":"tabernaculo"},"logo":{"@id":"https:\/\/tabernaculoprensadedios.com\/web\/#\/schema\/person\/image\/"},"url":"https:\/\/tabernaculoprensadedios.com\/web\/author\/tabernaculo\/"}]}},"_links":{"self":[{"href":"https:\/\/tabernaculoprensadedios.com\/web\/wp-json\/wp\/v2\/posts\/31797","targetHints":{"allow":["GET"]}}],"collection":[{"href":"https:\/\/tabernaculoprensadedios.com\/web\/wp-json\/wp\/v2\/posts"}],"about":[{"href":"https:\/\/tabernaculoprensadedios.com\/web\/wp-json\/wp\/v2\/types\/post"}],"author":[{"embeddable":true,"href":"https:\/\/tabernaculoprensadedios.com\/web\/wp-json\/wp\/v2\/users\/1"}],"replies":[{"embeddable":true,"href":"https:\/\/tabernaculoprensadedios.com\/web\/wp-json\/wp\/v2\/comments?post=31797"}],"version-history":[{"count":1,"href":"https:\/\/tabernaculoprensadedios.com\/web\/wp-json\/wp\/v2\/posts\/31797\/revisions"}],"predecessor-version":[{"id":31799,"href":"https:\/\/tabernaculoprensadedios.com\/web\/wp-json\/wp\/v2\/posts\/31797\/revisions\/31799"}],"wp:featuredmedia":[{"embeddable":true,"href":"https:\/\/tabernaculoprensadedios.com\/web\/wp-json\/wp\/v2\/media\/31798"}],"wp:attachment":[{"href":"https:\/\/tabernaculoprensadedios.com\/web\/wp-json\/wp\/v2\/media?parent=31797"}],"wp:term":[{"taxonomy":"category","embeddable":true,"href":"https:\/\/tabernaculoprensadedios.com\/web\/wp-json\/wp\/v2\/categories?post=31797"},{"taxonomy":"post_tag","embeddable":true,"href":"https:\/\/tabernaculoprensadedios.com\/web\/wp-json\/wp\/v2\/tags?post=31797"}],"curies":[{"name":"wp","href":"https:\/\/api.w.org\/{rel}","templated":true}]}}