{"id":31788,"date":"2024-07-22T17:29:20","date_gmt":"2024-07-22T17:29:20","guid":{"rendered":"https:\/\/tabernaculoprensadedios.com\/web\/?p=31788"},"modified":"2024-07-22T17:29:20","modified_gmt":"2024-07-22T17:29:20","slug":"primer-picazo-para-construccion-de-fabrica-de-abono-organico-en-pedernales","status":"publish","type":"post","link":"https:\/\/tabernaculoprensadedios.com\/web\/primer-picazo-para-construccion-de-fabrica-de-abono-organico-en-pedernales\/","title":{"rendered":"Primer picazo para construcci\u00f3n de f\u00e1brica de abono org\u00e1nico en Pedernales"},"content":{"rendered":"<p>La Universidad Nacional Evang\u00e9lica (UNEV), junto al Banco Agr\u00edcola (Bagr\u00edcola) y el Instituto Agrario Dominicano (IAD), con un <strong>primer picazo<\/strong>, formalizaron el inicio de la construcci\u00f3n de la primera <strong>f\u00e1brica de biofertilizantes en Pedernales<\/strong>, con el prop\u00f3sito de producir <strong>abono org\u00e1nico a escala industrial<\/strong> para el tratamiento natural de los suelos y lograr una siembra sana, sin qu\u00edmicos.<\/p>\n<p>Esta iniciativa responde a un mandato del presidente Luis Abinader a la UNEV, ya que la academia cristiana es promotora y pionera en trabajos de investigaci\u00f3n desde su <strong>Vicerrector\u00eda de Investigaci\u00f3n y Posgrado<\/strong> para fortalecer la agricultura sostenible, a trav\u00e9s de la ciencia agroecol\u00f3gica.<\/p>\n<p>La <strong>biof\u00e1brica<\/strong> que se implementar\u00e1 en Pedernales es un <strong>proyecto de desarrollo econ\u00f3mico con tecnolog\u00eda avanzada<\/strong> y es la sexta del hemisferio occidental. La UNEV estar\u00e1 encargada de facilitar su equipo acad\u00e9mico-cient\u00edfico para capacitar a los agricultores y productores pedernalenses, multiplicando estos avances en toda la provincia y surtiendo de alimentos sin qu\u00edmicos a los hoteles que el gobierno construye en la localidad para su desarrollo tur\u00edstico.<\/p>\n<p>Parte de los fondos con los que trabajar\u00e1 la academia ser\u00e1n desembolsados por el Banco Agr\u00edcola, cuyo administrador general, <strong>Fernando Dur\u00e1n<\/strong>, tras valorar esta iniciativa como un antes y un despu\u00e9s para la regi\u00f3n de Pedernales, enfatiz\u00f3 en la importancia de fortalecer la capacidad de producci\u00f3n de alimentos local, eficiencia y creaci\u00f3n de mano de obra entre producci\u00f3n y universidad para conjugar conocimientos y recursos humanos.<\/p>\n<p>El rector de la UNEV, el Dr. Juan Guerrero \u00c1vila, destac\u00f3 que la UNEV se ha creado con el prop\u00f3sito de llevar soluciones a la sociedad, enfoc\u00e1ndose en resolver problemas como la alimentaci\u00f3n. En relaci\u00f3n al nuevo proyecto, asegur\u00f3 a los agricultores presentes que esta <strong>f\u00e1brica de biofertilizantes<\/strong>, una vez en operaci\u00f3n, podr\u00e1 suplir la demanda de abono org\u00e1nico de todo Pedernales.<\/p>\n<p>Estas declaraciones se dieron a conocer durante una rueda de prensa en el centro comunal de Pedernales, previo al momento simb\u00f3lico con el primer picazo en el Valle de Juancho, con la presencia de autoridades como el administrador del Bagr\u00edcola, Guillermo Garc\u00eda del IAD, el vicerrector de Investigaci\u00f3n y Posgrado de la UNEV, Dr. Cesar L\u00f3pez, el decano de Posgrado de la UNEV, Luis Manuel Castillo, la gobernadora de la provincia, Mirian Brea, el senador de Pedernales, Augusto Vel\u00e1zquez, el alcalde de Juancho, Henrrys Garc\u00eda, la diputada de Pedernales, Mary Mercado, entre otros funcionarios y dirigentes comunitarios y agricultores de la zona.<\/p>\n<p><img loading=\"lazy\" decoding=\"async\" class=\"aligncenter size-full wp-image-31789\" src=\"https:\/\/tabernaculoprensadedios.com\/web\/wp-content\/uploads\/2024\/07\/Imagen-de-WhatsApp-2024-07-22-a-las-12.25.07_9622f458.jpg\" alt=\"\" width=\"1600\" height=\"900\" srcset=\"https:\/\/tabernaculoprensadedios.com\/web\/wp-content\/uploads\/2024\/07\/Imagen-de-WhatsApp-2024-07-22-a-las-12.25.07_9622f458.jpg 1600w, https:\/\/tabernaculoprensadedios.com\/web\/wp-content\/uploads\/2024\/07\/Imagen-de-WhatsApp-2024-07-22-a-las-12.25.07_9622f458-390x220.jpg 390w, https:\/\/tabernaculoprensadedios.com\/web\/wp-content\/uploads\/2024\/07\/Imagen-de-WhatsApp-2024-07-22-a-las-12.25.07_9622f458-600x338.jpg 600w\" sizes=\"auto, (max-width: 1600px) 100vw, 1600px\" \/><\/p>\n<p><img loading=\"lazy\" decoding=\"async\" class=\"aligncenter size-full wp-image-31790\" src=\"https:\/\/tabernaculoprensadedios.com\/web\/wp-content\/uploads\/2024\/07\/Imagen-de-WhatsApp-2024-07-22-a-las-12.25.06_f0a8b6c8.jpg\" alt=\"\" width=\"1600\" height=\"900\" srcset=\"https:\/\/tabernaculoprensadedios.com\/web\/wp-content\/uploads\/2024\/07\/Imagen-de-WhatsApp-2024-07-22-a-las-12.25.06_f0a8b6c8.jpg 1600w, https:\/\/tabernaculoprensadedios.com\/web\/wp-content\/uploads\/2024\/07\/Imagen-de-WhatsApp-2024-07-22-a-las-12.25.06_f0a8b6c8-390x220.jpg 390w, https:\/\/tabernaculoprensadedios.com\/web\/wp-content\/uploads\/2024\/07\/Imagen-de-WhatsApp-2024-07-22-a-las-12.25.06_f0a8b6c8-600x338.jpg 600w\" sizes=\"auto, (max-width: 1600px) 100vw, 1600px\" \/><\/p>\n","protected":false},"excerpt":{"rendered":"<p>La Universidad Nacional Evang\u00e9lica (UNEV), junto al Banco Agr\u00edcola (Bagr\u00edcola) y el Instituto Agrario Dominicano (IAD), con un primer picazo, formalizaron el inicio de la construcci\u00f3n de la primera f\u00e1brica de biofertilizantes en Pedernales, con el prop\u00f3sito de producir abono org\u00e1nico a escala industrial para el tratamiento natural de los suelos y lograr una siembra &hellip;<\/p>\n","protected":false},"author":1,"featured_media":31791,"comment_status":"open","ping_status":"open","sticky":false,"template":"","format":"standard","meta":{"footnotes":""},"categories":[19],"tags":[],"class_list":["post-31788","post","type-post","status-publish","format-standard","has-post-thumbnail","hentry","category-educacion"],"yoast_head":"<!-- This site is optimized with the Yoast SEO Premium plugin v24.2 (Yoast SEO v27.1.1) - https:\/\/yoast.com\/product\/yoast-seo-premium-wordpress\/ -->\n<title>Primer picazo para construcci\u00f3n de f\u00e1brica de abono org\u00e1nico en Pedernales - Tabernaculo Prensa de Dios<\/title>\n<meta name=\"robots\" content=\"index, follow, max-snippet:-1, max-image-preview:large, max-video-preview:-1\" \/>\n<link rel=\"canonical\" href=\"https:\/\/tabernaculoprensadedios.com\/web\/primer-picazo-para-construccion-de-fabrica-de-abono-organico-en-pedernales\/\" class=\"yoast-seo-meta-tag\" \/>\n<meta property=\"og:locale\" content=\"es_ES\" class=\"yoast-seo-meta-tag\" \/>\n<meta property=\"og:type\" content=\"article\" class=\"yoast-seo-meta-tag\" \/>\n<meta property=\"og:title\" content=\"Primer picazo para construcci\u00f3n de f\u00e1brica de abono org\u00e1nico en Pedernales\" class=\"yoast-seo-meta-tag\" \/>\n<meta property=\"og:description\" content=\"La Universidad Nacional Evang\u00e9lica (UNEV), junto al Banco Agr\u00edcola (Bagr\u00edcola) y el Instituto Agrario Dominicano (IAD), con un primer picazo, formalizaron el inicio de la construcci\u00f3n de la primera f\u00e1brica de biofertilizantes en Pedernales, con el prop\u00f3sito de producir abono org\u00e1nico a escala industrial para el tratamiento natural de los suelos y lograr una siembra &hellip;\" class=\"yoast-seo-meta-tag\" \/>\n<meta property=\"og:url\" content=\"https:\/\/tabernaculoprensadedios.com\/web\/primer-picazo-para-construccion-de-fabrica-de-abono-organico-en-pedernales\/\" class=\"yoast-seo-meta-tag\" \/>\n<meta property=\"og:site_name\" content=\"Tabernaculo Prensa de Dios\" class=\"yoast-seo-meta-tag\" \/>\n<meta property=\"article:published_time\" content=\"2024-07-22T17:29:20+00:00\" class=\"yoast-seo-meta-tag\" \/>\n<meta property=\"og:image\" content=\"https:\/\/tabernaculoprensadedios.com\/web\/wp-content\/uploads\/2024\/07\/Imagen-de-WhatsApp-2024-07-22-a-las-12.25.06_172d1f13.jpg\" class=\"yoast-seo-meta-tag\" \/>\n\t<meta property=\"og:image:width\" content=\"1344\" class=\"yoast-seo-meta-tag\" \/>\n\t<meta property=\"og:image:height\" content=\"900\" class=\"yoast-seo-meta-tag\" \/>\n\t<meta property=\"og:image:type\" content=\"image\/jpeg\" class=\"yoast-seo-meta-tag\" \/>\n<meta name=\"author\" content=\"tabernaculo\" class=\"yoast-seo-meta-tag\" \/>\n<meta name=\"twitter:card\" content=\"summary_large_image\" class=\"yoast-seo-meta-tag\" \/>\n<meta name=\"twitter:creator\" content=\"@PrensadeDios\" class=\"yoast-seo-meta-tag\" \/>\n<meta name=\"twitter:site\" content=\"@PrensadeDios\" class=\"yoast-seo-meta-tag\" \/>\n<meta name=\"twitter:label1\" content=\"Escrito por\" class=\"yoast-seo-meta-tag\" \/>\n\t<meta name=\"twitter:data1\" content=\"tabernaculo\" class=\"yoast-seo-meta-tag\" \/>\n\t<meta name=\"twitter:label2\" content=\"Tiempo de lectura\" class=\"yoast-seo-meta-tag\" \/>\n\t<meta name=\"twitter:data2\" content=\"3 minutos\" class=\"yoast-seo-meta-tag\" \/>\n<script type=\"application\/ld+json\" class=\"yoast-schema-graph\">{\"@context\":\"https:\/\/schema.org\",\"@graph\":[{\"@type\":\"Article\",\"@id\":\"https:\/\/tabernaculoprensadedios.com\/web\/primer-picazo-para-construccion-de-fabrica-de-abono-organico-en-pedernales\/#article\",\"isPartOf\":{\"@id\":\"https:\/\/tabernaculoprensadedios.com\/web\/primer-picazo-para-construccion-de-fabrica-de-abono-organico-en-pedernales\/\"},\"author\":{\"name\":\"tabernaculo\",\"@id\":\"https:\/\/tabernaculoprensadedios.com\/web\/#\/schema\/person\/bc0e069fef56b38e177db6f098ae0b6e\"},\"headline\":\"Primer picazo para construcci\u00f3n de f\u00e1brica de abono org\u00e1nico en Pedernales\",\"datePublished\":\"2024-07-22T17:29:20+00:00\",\"mainEntityOfPage\":{\"@id\":\"https:\/\/tabernaculoprensadedios.com\/web\/primer-picazo-para-construccion-de-fabrica-de-abono-organico-en-pedernales\/\"},\"wordCount\":455,\"commentCount\":0,\"publisher\":{\"@id\":\"https:\/\/tabernaculoprensadedios.com\/web\/#\/schema\/person\/bc0e069fef56b38e177db6f098ae0b6e\"},\"image\":{\"@id\":\"https:\/\/tabernaculoprensadedios.com\/web\/primer-picazo-para-construccion-de-fabrica-de-abono-organico-en-pedernales\/#primaryimage\"},\"thumbnailUrl\":\"https:\/\/tabernaculoprensadedios.com\/web\/wp-content\/uploads\/2024\/07\/Imagen-de-WhatsApp-2024-07-22-a-las-12.25.06_172d1f13.jpg\",\"articleSection\":[\"Educaci\u00f3n\"],\"inLanguage\":\"es\",\"potentialAction\":[{\"@type\":\"CommentAction\",\"name\":\"Comment\",\"target\":[\"https:\/\/tabernaculoprensadedios.com\/web\/primer-picazo-para-construccion-de-fabrica-de-abono-organico-en-pedernales\/#respond\"]}]},{\"@type\":\"WebPage\",\"@id\":\"https:\/\/tabernaculoprensadedios.com\/web\/primer-picazo-para-construccion-de-fabrica-de-abono-organico-en-pedernales\/\",\"url\":\"https:\/\/tabernaculoprensadedios.com\/web\/primer-picazo-para-construccion-de-fabrica-de-abono-organico-en-pedernales\/\",\"name\":\"Primer picazo para construcci\u00f3n de f\u00e1brica de abono org\u00e1nico en Pedernales - Tabernaculo Prensa de Dios\",\"isPartOf\":{\"@id\":\"https:\/\/tabernaculoprensadedios.com\/web\/#website\"},\"primaryImageOfPage\":{\"@id\":\"https:\/\/tabernaculoprensadedios.com\/web\/primer-picazo-para-construccion-de-fabrica-de-abono-organico-en-pedernales\/#primaryimage\"},\"image\":{\"@id\":\"https:\/\/tabernaculoprensadedios.com\/web\/primer-picazo-para-construccion-de-fabrica-de-abono-organico-en-pedernales\/#primaryimage\"},\"thumbnailUrl\":\"https:\/\/tabernaculoprensadedios.com\/web\/wp-content\/uploads\/2024\/07\/Imagen-de-WhatsApp-2024-07-22-a-las-12.25.06_172d1f13.jpg\",\"datePublished\":\"2024-07-22T17:29:20+00:00\",\"breadcrumb\":{\"@id\":\"https:\/\/tabernaculoprensadedios.com\/web\/primer-picazo-para-construccion-de-fabrica-de-abono-organico-en-pedernales\/#breadcrumb\"},\"inLanguage\":\"es\",\"potentialAction\":[{\"@type\":\"ReadAction\",\"target\":[\"https:\/\/tabernaculoprensadedios.com\/web\/primer-picazo-para-construccion-de-fabrica-de-abono-organico-en-pedernales\/\"]}]},{\"@type\":\"ImageObject\",\"inLanguage\":\"es\",\"@id\":\"https:\/\/tabernaculoprensadedios.com\/web\/primer-picazo-para-construccion-de-fabrica-de-abono-organico-en-pedernales\/#primaryimage\",\"url\":\"https:\/\/tabernaculoprensadedios.com\/web\/wp-content\/uploads\/2024\/07\/Imagen-de-WhatsApp-2024-07-22-a-las-12.25.06_172d1f13.jpg\",\"contentUrl\":\"https:\/\/tabernaculoprensadedios.com\/web\/wp-content\/uploads\/2024\/07\/Imagen-de-WhatsApp-2024-07-22-a-las-12.25.06_172d1f13.jpg\",\"width\":1344,\"height\":900},{\"@type\":\"BreadcrumbList\",\"@id\":\"https:\/\/tabernaculoprensadedios.com\/web\/primer-picazo-para-construccion-de-fabrica-de-abono-organico-en-pedernales\/#breadcrumb\",\"itemListElement\":[{\"@type\":\"ListItem\",\"position\":1,\"name\":\"Portada\",\"item\":\"https:\/\/tabernaculoprensadedios.com\/web\/\"},{\"@type\":\"ListItem\",\"position\":2,\"name\":\"Primer picazo para construcci\u00f3n de f\u00e1brica de abono org\u00e1nico en Pedernales\"}]},{\"@type\":\"WebSite\",\"@id\":\"https:\/\/tabernaculoprensadedios.com\/web\/#website\",\"url\":\"https:\/\/tabernaculoprensadedios.com\/web\/\",\"name\":\"Tabernaculo Prensa de Dios\",\"description\":\"Un medio a la manera de Dios\",\"publisher\":{\"@id\":\"https:\/\/tabernaculoprensadedios.com\/web\/#\/schema\/person\/bc0e069fef56b38e177db6f098ae0b6e\"},\"potentialAction\":[{\"@type\":\"SearchAction\",\"target\":{\"@type\":\"EntryPoint\",\"urlTemplate\":\"https:\/\/tabernaculoprensadedios.com\/web\/?s={search_term_string}\"},\"query-input\":{\"@type\":\"PropertyValueSpecification\",\"valueRequired\":true,\"valueName\":\"search_term_string\"}}],\"inLanguage\":\"es\"},{\"@type\":[\"Person\",\"Organization\"],\"@id\":\"https:\/\/tabernaculoprensadedios.com\/web\/#\/schema\/person\/bc0e069fef56b38e177db6f098ae0b6e\",\"name\":\"tabernaculo\",\"image\":{\"@type\":\"ImageObject\",\"inLanguage\":\"es\",\"@id\":\"https:\/\/tabernaculoprensadedios.com\/web\/#\/schema\/person\/image\/\",\"url\":\"https:\/\/tabernaculoprensadedios.com\/web\/wp-content\/uploads\/2015\/06\/login-logo1.png\",\"contentUrl\":\"https:\/\/tabernaculoprensadedios.com\/web\/wp-content\/uploads\/2015\/06\/login-logo1.png\",\"width\":300,\"height\":118,\"caption\":\"tabernaculo\"},\"logo\":{\"@id\":\"https:\/\/tabernaculoprensadedios.com\/web\/#\/schema\/person\/image\/\"},\"url\":\"https:\/\/tabernaculoprensadedios.com\/web\/author\/tabernaculo\/\"}]}<\/script>\n<!-- \/ Yoast SEO Premium plugin. -->","yoast_head_json":{"title":"Primer picazo para construcci\u00f3n de f\u00e1brica de abono org\u00e1nico en Pedernales - Tabernaculo Prensa de Dios","robots":{"index":"index","follow":"follow","max-snippet":"max-snippet:-1","max-image-preview":"max-image-preview:large","max-video-preview":"max-video-preview:-1"},"canonical":"https:\/\/tabernaculoprensadedios.com\/web\/primer-picazo-para-construccion-de-fabrica-de-abono-organico-en-pedernales\/","og_locale":"es_ES","og_type":"article","og_title":"Primer picazo para construcci\u00f3n de f\u00e1brica de abono org\u00e1nico en Pedernales","og_description":"La Universidad Nacional Evang\u00e9lica (UNEV), junto al Banco Agr\u00edcola (Bagr\u00edcola) y el Instituto Agrario Dominicano (IAD), con un primer picazo, formalizaron el inicio de la construcci\u00f3n de la primera f\u00e1brica de biofertilizantes en Pedernales, con el prop\u00f3sito de producir abono org\u00e1nico a escala industrial para el tratamiento natural de los suelos y lograr una siembra &hellip;","og_url":"https:\/\/tabernaculoprensadedios.com\/web\/primer-picazo-para-construccion-de-fabrica-de-abono-organico-en-pedernales\/","og_site_name":"Tabernaculo Prensa de Dios","article_published_time":"2024-07-22T17:29:20+00:00","og_image":[{"width":1344,"height":900,"url":"https:\/\/tabernaculoprensadedios.com\/web\/wp-content\/uploads\/2024\/07\/Imagen-de-WhatsApp-2024-07-22-a-las-12.25.06_172d1f13.jpg","type":"image\/jpeg"}],"author":"tabernaculo","twitter_card":"summary_large_image","twitter_creator":"@PrensadeDios","twitter_site":"@PrensadeDios","twitter_misc":{"Escrito por":"tabernaculo","Tiempo de lectura":"3 minutos"},"schema":{"@context":"https:\/\/schema.org","@graph":[{"@type":"Article","@id":"https:\/\/tabernaculoprensadedios.com\/web\/primer-picazo-para-construccion-de-fabrica-de-abono-organico-en-pedernales\/#article","isPartOf":{"@id":"https:\/\/tabernaculoprensadedios.com\/web\/primer-picazo-para-construccion-de-fabrica-de-abono-organico-en-pedernales\/"},"author":{"name":"tabernaculo","@id":"https:\/\/tabernaculoprensadedios.com\/web\/#\/schema\/person\/bc0e069fef56b38e177db6f098ae0b6e"},"headline":"Primer picazo para construcci\u00f3n de f\u00e1brica de abono org\u00e1nico en Pedernales","datePublished":"2024-07-22T17:29:20+00:00","mainEntityOfPage":{"@id":"https:\/\/tabernaculoprensadedios.com\/web\/primer-picazo-para-construccion-de-fabrica-de-abono-organico-en-pedernales\/"},"wordCount":455,"commentCount":0,"publisher":{"@id":"https:\/\/tabernaculoprensadedios.com\/web\/#\/schema\/person\/bc0e069fef56b38e177db6f098ae0b6e"},"image":{"@id":"https:\/\/tabernaculoprensadedios.com\/web\/primer-picazo-para-construccion-de-fabrica-de-abono-organico-en-pedernales\/#primaryimage"},"thumbnailUrl":"https:\/\/tabernaculoprensadedios.com\/web\/wp-content\/uploads\/2024\/07\/Imagen-de-WhatsApp-2024-07-22-a-las-12.25.06_172d1f13.jpg","articleSection":["Educaci\u00f3n"],"inLanguage":"es","potentialAction":[{"@type":"CommentAction","name":"Comment","target":["https:\/\/tabernaculoprensadedios.com\/web\/primer-picazo-para-construccion-de-fabrica-de-abono-organico-en-pedernales\/#respond"]}]},{"@type":"WebPage","@id":"https:\/\/tabernaculoprensadedios.com\/web\/primer-picazo-para-construccion-de-fabrica-de-abono-organico-en-pedernales\/","url":"https:\/\/tabernaculoprensadedios.com\/web\/primer-picazo-para-construccion-de-fabrica-de-abono-organico-en-pedernales\/","name":"Primer picazo para construcci\u00f3n de f\u00e1brica de abono org\u00e1nico en Pedernales - Tabernaculo Prensa de Dios","isPartOf":{"@id":"https:\/\/tabernaculoprensadedios.com\/web\/#website"},"primaryImageOfPage":{"@id":"https:\/\/tabernaculoprensadedios.com\/web\/primer-picazo-para-construccion-de-fabrica-de-abono-organico-en-pedernales\/#primaryimage"},"image":{"@id":"https:\/\/tabernaculoprensadedios.com\/web\/primer-picazo-para-construccion-de-fabrica-de-abono-organico-en-pedernales\/#primaryimage"},"thumbnailUrl":"https:\/\/tabernaculoprensadedios.com\/web\/wp-content\/uploads\/2024\/07\/Imagen-de-WhatsApp-2024-07-22-a-las-12.25.06_172d1f13.jpg","datePublished":"2024-07-22T17:29:20+00:00","breadcrumb":{"@id":"https:\/\/tabernaculoprensadedios.com\/web\/primer-picazo-para-construccion-de-fabrica-de-abono-organico-en-pedernales\/#breadcrumb"},"inLanguage":"es","potentialAction":[{"@type":"ReadAction","target":["https:\/\/tabernaculoprensadedios.com\/web\/primer-picazo-para-construccion-de-fabrica-de-abono-organico-en-pedernales\/"]}]},{"@type":"ImageObject","inLanguage":"es","@id":"https:\/\/tabernaculoprensadedios.com\/web\/primer-picazo-para-construccion-de-fabrica-de-abono-organico-en-pedernales\/#primaryimage","url":"https:\/\/tabernaculoprensadedios.com\/web\/wp-content\/uploads\/2024\/07\/Imagen-de-WhatsApp-2024-07-22-a-las-12.25.06_172d1f13.jpg","contentUrl":"https:\/\/tabernaculoprensadedios.com\/web\/wp-content\/uploads\/2024\/07\/Imagen-de-WhatsApp-2024-07-22-a-las-12.25.06_172d1f13.jpg","width":1344,"height":900},{"@type":"BreadcrumbList","@id":"https:\/\/tabernaculoprensadedios.com\/web\/primer-picazo-para-construccion-de-fabrica-de-abono-organico-en-pedernales\/#breadcrumb","itemListElement":[{"@type":"ListItem","position":1,"name":"Portada","item":"https:\/\/tabernaculoprensadedios.com\/web\/"},{"@type":"ListItem","position":2,"name":"Primer picazo para construcci\u00f3n de f\u00e1brica de abono org\u00e1nico en Pedernales"}]},{"@type":"WebSite","@id":"https:\/\/tabernaculoprensadedios.com\/web\/#website","url":"https:\/\/tabernaculoprensadedios.com\/web\/","name":"Tabernaculo Prensa de Dios","description":"Un medio a la manera de Dios","publisher":{"@id":"https:\/\/tabernaculoprensadedios.com\/web\/#\/schema\/person\/bc0e069fef56b38e177db6f098ae0b6e"},"potentialAction":[{"@type":"SearchAction","target":{"@type":"EntryPoint","urlTemplate":"https:\/\/tabernaculoprensadedios.com\/web\/?s={search_term_string}"},"query-input":{"@type":"PropertyValueSpecification","valueRequired":true,"valueName":"search_term_string"}}],"inLanguage":"es"},{"@type":["Person","Organization"],"@id":"https:\/\/tabernaculoprensadedios.com\/web\/#\/schema\/person\/bc0e069fef56b38e177db6f098ae0b6e","name":"tabernaculo","image":{"@type":"ImageObject","inLanguage":"es","@id":"https:\/\/tabernaculoprensadedios.com\/web\/#\/schema\/person\/image\/","url":"https:\/\/tabernaculoprensadedios.com\/web\/wp-content\/uploads\/2015\/06\/login-logo1.png","contentUrl":"https:\/\/tabernaculoprensadedios.com\/web\/wp-content\/uploads\/2015\/06\/login-logo1.png","width":300,"height":118,"caption":"tabernaculo"},"logo":{"@id":"https:\/\/tabernaculoprensadedios.com\/web\/#\/schema\/person\/image\/"},"url":"https:\/\/tabernaculoprensadedios.com\/web\/author\/tabernaculo\/"}]}},"_links":{"self":[{"href":"https:\/\/tabernaculoprensadedios.com\/web\/wp-json\/wp\/v2\/posts\/31788","targetHints":{"allow":["GET"]}}],"collection":[{"href":"https:\/\/tabernaculoprensadedios.com\/web\/wp-json\/wp\/v2\/posts"}],"about":[{"href":"https:\/\/tabernaculoprensadedios.com\/web\/wp-json\/wp\/v2\/types\/post"}],"author":[{"embeddable":true,"href":"https:\/\/tabernaculoprensadedios.com\/web\/wp-json\/wp\/v2\/users\/1"}],"replies":[{"embeddable":true,"href":"https:\/\/tabernaculoprensadedios.com\/web\/wp-json\/wp\/v2\/comments?post=31788"}],"version-history":[{"count":2,"href":"https:\/\/tabernaculoprensadedios.com\/web\/wp-json\/wp\/v2\/posts\/31788\/revisions"}],"predecessor-version":[{"id":31793,"href":"https:\/\/tabernaculoprensadedios.com\/web\/wp-json\/wp\/v2\/posts\/31788\/revisions\/31793"}],"wp:featuredmedia":[{"embeddable":true,"href":"https:\/\/tabernaculoprensadedios.com\/web\/wp-json\/wp\/v2\/media\/31791"}],"wp:attachment":[{"href":"https:\/\/tabernaculoprensadedios.com\/web\/wp-json\/wp\/v2\/media?parent=31788"}],"wp:term":[{"taxonomy":"category","embeddable":true,"href":"https:\/\/tabernaculoprensadedios.com\/web\/wp-json\/wp\/v2\/categories?post=31788"},{"taxonomy":"post_tag","embeddable":true,"href":"https:\/\/tabernaculoprensadedios.com\/web\/wp-json\/wp\/v2\/tags?post=31788"}],"curies":[{"name":"wp","href":"https:\/\/api.w.org\/{rel}","templated":true}]}}