{"id":31781,"date":"2024-07-22T14:24:36","date_gmt":"2024-07-22T14:24:36","guid":{"rendered":"https:\/\/tabernaculoprensadedios.com\/web\/?p=31781"},"modified":"2024-07-22T14:24:36","modified_gmt":"2024-07-22T14:24:36","slug":"sirviendo-a-dios-desde-la-debilidad-el-poder-de-cristo-en-nuestra-incapacidad","status":"publish","type":"post","link":"https:\/\/tabernaculoprensadedios.com\/web\/sirviendo-a-dios-desde-la-debilidad-el-poder-de-cristo-en-nuestra-incapacidad\/","title":{"rendered":"Sirviendo a Dios desde la Debilidad. El Poder de Cristo en Nuestra Incapacidad"},"content":{"rendered":"<p>Los creyentes amamos servir a Dios! No hay duda de que servir a nuestro Dios hace evidente que amamos a Cristo, seguimos Su ejemplo y nos esforzamos por serle fieles cumpliendo el prop\u00f3sito para el cual hemos sido llamados <strong>(Ef 2:10).<\/strong><\/p>\n<p>Como pastor he tenido la oportunidad de escuchar a muchos cristianos que desean servir a Dios con un coraz\u00f3n sincero dentro o fuera de la iglesia, quienes me cuentan sus sue\u00f1os y deseos de una vida de servicio a Cristo. La historia de todos ellos tiene un mismo comienzo y, si permanecen fieles a Cristo, tendr\u00e1 un mismo final: ser\u00e1 manifiesto el poder de Dios en medio de su debilidad.<\/p>\n<p>Dios teje las historias de Sus siervos para que atraviesen el valle donde su debilidad se hace evidente y entonces ingresen a la plataforma de la gracia de Dios para una verdadera vida de servicio a \u00c9l. La manifestaci\u00f3n del poder de Dios para ser perfeccionados comienza con nuestra incapacidad para servirle.<\/p>\n<p><strong>El poder de Dios en nuestra debilidad<br \/>\n<\/strong>El ap\u00f3stol Pablo es uno de mis ejemplos favoritos de sufrimiento y debilidad. \u00c9l dijo: \u00abY \u00c9l [Jes\u00fas] me ha dicho: \u201cTe basta Mi gracia, pues Mi poder se perfecciona en la debilidad\u201d. Por tanto, con much\u00edsimo gusto me gloriar\u00e9 m\u00e1s bien en mis debilidades, para que el poder de Cristo more en m\u00ed\u00bb<strong> (2 Co 12:9).<\/strong> Este suele ser el verso cl\u00e1sico para abordar el tema de nuestra debilidad al servir al Se\u00f1or, pero \u00bfqu\u00e9 quiso decir Pablo en esta cita?<\/p>\n<p>La palabra debilidad nos habla de \u00abincapacidad\u00bb. As\u00ed que, cuando el ap\u00f3stol Pablo dice que el poder de Dios se perfecciona en la debilidad, entiendo que nuestra incapacidad es una oportunidad que Dios usa para perfeccionarnos a la imagen de Cristo y formar Su car\u00e1cter en nosotros para servirle.<\/p>\n<p>\u00bfQui\u00e9n desea tratar con personas incapaces? O, \u00bfqui\u00e9n tendr\u00eda un anuncio que dijera: \u00abSe requieren servidores incapaces\u00bb? Este mundo est\u00e1 lleno de exigencias de alta capacidad para llevar a cabo los planes y objetivos de este siglo. Pero los cristianos servimos a Dios desde nuestra debilidad, porque nuestra incapacidad es el campo f\u00e9rtil donde Dios siembra en nosotros, con Su poder, aquello para lo cual nos cre\u00f3, y que usar\u00e1 para Su gloria y el bien de la iglesia local.<\/p>\n<p><strong>Sirvamos \u201cgustosamente\u201d desde nuestra debilidad<br \/>\n<\/strong>Hace algunos a\u00f1os, atraves\u00e9 un tiempo de espera bastante largo, donde ve\u00eda pasar los d\u00edas y las horas de mi vida, las cuales parec\u00edan diluirse en mi desesperaci\u00f3n. En medio de esta situaci\u00f3n, entend\u00ed una verdad que cambi\u00f3 mi manera de pensar: Dios quiere que le sirvamos como \u00c9l lo desea y no como nosotros lo hemos so\u00f1ado.<\/p>\n<p>Aprender esto ha sido un motor en mi vida de servicio a Dios para aceptar Sus condiciones para servirle. Adem\u00e1s, siempre regreso a esta otra verdad: en medio de mi debilidad, \u00c9l har\u00e1 todo lo que ya plane\u00f3 soberanamente.<\/p>\n<p>De hecho, Pablo hace una afirmaci\u00f3n impresionante: \u00abPor tanto, con much\u00edsimo gusto me gloriar\u00e9 m\u00e1s bien en mis debilidades, para que el poder de Cristo more en m\u00ed\u00bb <strong>(2 Co 12:9b<\/strong>, \u00e9nfasis a\u00f1adido). Para todos los que servimos al Se\u00f1or, y para quienes vendr\u00e1n a hacerlo, este verso nos da una condici\u00f3n y un resultado.<\/p>\n<p>La condici\u00f3n es que de buena gana \u2014es decir, gustosamente\u2014 aceptamos nuestras debilidades. As\u00ed, en el terreno de nuestra incapacidad, Dios mostrar\u00e1 toda Su capacidad en nosotros. De esa forma el poder de Cristo estar\u00e1 sobre nosotros; y ese es el resultado.<\/p>\n<p><strong>Con esto en mente, quisiera terminar esta reflexi\u00f3n con tres consejos:<\/strong><br \/>\n<strong>1. Acepta tus limitaciones.<br \/>\n<\/strong>Cuando trato de se\u00f1alar alguna limitaci\u00f3n dentro del equipo de servidores o de un miembro de mi iglesia local, me he encontrado con respuestas como: \u00abPero s\u00ed puedo, pastor, esto no es como lo piensas\u00bb o \u00abPero yo creo que debemos mantener esto as\u00ed, no veo que sea bueno cambiarlo\u00bb. Noto que nos cuesta aceptar nuestras limitaciones.<\/p>\n<p>En nuestro gran deseo de servir a Dios, solemos olvidar que Dios se glorifica en medio de la debilidad. \u00c9l hace miles de cosas que nosotros desconocemos y aceptar nuestras limitaciones permite que nuestro servicio sea hecho mediante Su poder. Podemos aceptar ser d\u00e9biles porque Cristo es fuerte y porque sabemos que Su gloria luce m\u00e1s grande en qui\u00e9nes somos incapaces.<\/p>\n<p>Cuando aceptamos nuestros l\u00edmites, crecemos en unidad con nuestros hermanos y podemos aceptar su ayuda, pues no la vemos como una amenaza, sino como una bendici\u00f3n. Aceptar la debilidad nos libera de la ansiedad por hacer y hacer. Adem\u00e1s, nos recuerda que Dios nos ama no por nuestras obras, sino por Su gracia.<\/p>\n<p><strong>2. Esfu\u00e9rzate en tu debilidad.<br \/>\n<\/strong>Esto es fundamental, pero a la vez suena extra\u00f1o. \u00bfC\u00f3mo me esfuerzo en no esforzarme en mis propias fuerzas? Pablo dijo que Dios \u00abnos ha salvado y nos ha llamado con un llamamiento santo, no seg\u00fan nuestras obras, sino seg\u00fan Su prop\u00f3sito y seg\u00fan la gracia que nos fue dada en Cristo Jes\u00fas desde la eternidad\u00bb <strong>(2 Ti 1:9,<\/strong> \u00e9nfasis a\u00f1adido).<\/p>\n<p>Nos esforzamos en servir a Dios sabiendo que nos salv\u00f3, nos llam\u00f3 seg\u00fan Su prop\u00f3sito y que hemos recibido Su gracia antes de que siquiera deseamos servirle. Eso nos impulsa a servirle confiando en Su gracia y no en nuestra autodeterminaci\u00f3n.<\/p>\n<p><strong>3. Recuerda Su elecci\u00f3n en medio de tu debilidad.<br \/>\n<\/strong>Muchas veces servimos a Dios en medio del des\u00e1nimo, en tiempos de tristeza y durante largos periodos de luto, mientras \u00c9l transforma nuestra vida.<\/p>\n<p>Sin embargo, nuestra alegr\u00eda al servir a Dios no reside en nuestra habilidad, sino en Su propia aprobaci\u00f3n, seg\u00fan la cual nos eligi\u00f3 en Cristo. \u00a1Qu\u00e9 alegr\u00eda! La elecci\u00f3n de Dios es m\u00e1s gloriosa al saber que \u00c9l ha elegido a hombres y a mujeres d\u00e9biles, en quienes no hay m\u00e9rito propio. En esto veo c\u00f3mo la elecci\u00f3n divina act\u00faa junto con nuestra debilidad para desactivar nuestra autosuficiencia<strong> (2 Ti 1:9).<\/strong><\/p>\n<p>Algunas veces no vemos c\u00f3mo Dios usa su poder en nuestra debilidad. Estamos tan abrumados o distra\u00eddos por las pruebas que el Se\u00f1or est\u00e1 permitiendo que atravesemos en Su soberan\u00eda que r\u00e1pidamente creemos que no es posible seguir el camino de servicio al que \u00c9l nos llama. Pero ese es el mejor momento para recordarnos que \u00c9l nos eligi\u00f3 d\u00e9biles y que el poder de la fuerza de nuestro amado Jes\u00fas act\u00faa a nuestro favor y para Su gloria.<\/p>\n<p>&nbsp;<\/p>\n","protected":false},"excerpt":{"rendered":"<p>Los creyentes amamos servir a Dios! No hay duda de que servir a nuestro Dios hace evidente que amamos a Cristo, seguimos Su ejemplo y nos esforzamos por serle fieles cumpliendo el prop\u00f3sito para el cual hemos sido llamados (Ef 2:10). Como pastor he tenido la oportunidad de escuchar a muchos cristianos que desean servir &hellip;<\/p>\n","protected":false},"author":1,"featured_media":31782,"comment_status":"open","ping_status":"open","sticky":false,"template":"","format":"standard","meta":{"footnotes":""},"categories":[34],"tags":[],"class_list":["post-31781","post","type-post","status-publish","format-standard","has-post-thumbnail","hentry","category-articulos"],"yoast_head":"<!-- This site is optimized with the Yoast SEO Premium plugin v24.2 (Yoast SEO v27.1.1) - https:\/\/yoast.com\/product\/yoast-seo-premium-wordpress\/ -->\n<title>Sirviendo a Dios desde la Debilidad. El Poder de Cristo en Nuestra Incapacidad - Tabernaculo Prensa de Dios<\/title>\n<meta name=\"robots\" content=\"index, follow, max-snippet:-1, max-image-preview:large, max-video-preview:-1\" \/>\n<link rel=\"canonical\" href=\"https:\/\/tabernaculoprensadedios.com\/web\/sirviendo-a-dios-desde-la-debilidad-el-poder-de-cristo-en-nuestra-incapacidad\/\" class=\"yoast-seo-meta-tag\" \/>\n<meta property=\"og:locale\" content=\"es_ES\" class=\"yoast-seo-meta-tag\" \/>\n<meta property=\"og:type\" content=\"article\" class=\"yoast-seo-meta-tag\" \/>\n<meta property=\"og:title\" content=\"Sirviendo a Dios desde la Debilidad. El Poder de Cristo en Nuestra Incapacidad\" class=\"yoast-seo-meta-tag\" \/>\n<meta property=\"og:description\" content=\"Los creyentes amamos servir a Dios! No hay duda de que servir a nuestro Dios hace evidente que amamos a Cristo, seguimos Su ejemplo y nos esforzamos por serle fieles cumpliendo el prop\u00f3sito para el cual hemos sido llamados (Ef 2:10). Como pastor he tenido la oportunidad de escuchar a muchos cristianos que desean servir &hellip;\" class=\"yoast-seo-meta-tag\" \/>\n<meta property=\"og:url\" content=\"https:\/\/tabernaculoprensadedios.com\/web\/sirviendo-a-dios-desde-la-debilidad-el-poder-de-cristo-en-nuestra-incapacidad\/\" class=\"yoast-seo-meta-tag\" \/>\n<meta property=\"og:site_name\" content=\"Tabernaculo Prensa de Dios\" class=\"yoast-seo-meta-tag\" \/>\n<meta property=\"article:published_time\" content=\"2024-07-22T14:24:36+00:00\" class=\"yoast-seo-meta-tag\" \/>\n<meta property=\"og:image\" content=\"https:\/\/tabernaculoprensadedios.com\/web\/wp-content\/uploads\/2024\/07\/Nuestra-Incapacidad.jpg\" class=\"yoast-seo-meta-tag\" \/>\n\t<meta property=\"og:image:width\" content=\"1280\" class=\"yoast-seo-meta-tag\" \/>\n\t<meta property=\"og:image:height\" content=\"474\" class=\"yoast-seo-meta-tag\" \/>\n\t<meta property=\"og:image:type\" content=\"image\/jpeg\" class=\"yoast-seo-meta-tag\" \/>\n<meta name=\"author\" content=\"tabernaculo\" class=\"yoast-seo-meta-tag\" \/>\n<meta name=\"twitter:card\" content=\"summary_large_image\" class=\"yoast-seo-meta-tag\" \/>\n<meta name=\"twitter:creator\" content=\"@PrensadeDios\" class=\"yoast-seo-meta-tag\" \/>\n<meta name=\"twitter:site\" content=\"@PrensadeDios\" class=\"yoast-seo-meta-tag\" \/>\n<meta name=\"twitter:label1\" content=\"Escrito por\" class=\"yoast-seo-meta-tag\" \/>\n\t<meta name=\"twitter:data1\" content=\"tabernaculo\" class=\"yoast-seo-meta-tag\" \/>\n\t<meta name=\"twitter:label2\" content=\"Tiempo de lectura\" class=\"yoast-seo-meta-tag\" \/>\n\t<meta name=\"twitter:data2\" content=\"6 minutos\" class=\"yoast-seo-meta-tag\" \/>\n<script type=\"application\/ld+json\" class=\"yoast-schema-graph\">{\"@context\":\"https:\/\/schema.org\",\"@graph\":[{\"@type\":\"Article\",\"@id\":\"https:\/\/tabernaculoprensadedios.com\/web\/sirviendo-a-dios-desde-la-debilidad-el-poder-de-cristo-en-nuestra-incapacidad\/#article\",\"isPartOf\":{\"@id\":\"https:\/\/tabernaculoprensadedios.com\/web\/sirviendo-a-dios-desde-la-debilidad-el-poder-de-cristo-en-nuestra-incapacidad\/\"},\"author\":{\"name\":\"tabernaculo\",\"@id\":\"https:\/\/tabernaculoprensadedios.com\/web\/#\/schema\/person\/bc0e069fef56b38e177db6f098ae0b6e\"},\"headline\":\"Sirviendo a Dios desde la Debilidad. El Poder de Cristo en Nuestra Incapacidad\",\"datePublished\":\"2024-07-22T14:24:36+00:00\",\"mainEntityOfPage\":{\"@id\":\"https:\/\/tabernaculoprensadedios.com\/web\/sirviendo-a-dios-desde-la-debilidad-el-poder-de-cristo-en-nuestra-incapacidad\/\"},\"wordCount\":1133,\"commentCount\":0,\"publisher\":{\"@id\":\"https:\/\/tabernaculoprensadedios.com\/web\/#\/schema\/person\/bc0e069fef56b38e177db6f098ae0b6e\"},\"image\":{\"@id\":\"https:\/\/tabernaculoprensadedios.com\/web\/sirviendo-a-dios-desde-la-debilidad-el-poder-de-cristo-en-nuestra-incapacidad\/#primaryimage\"},\"thumbnailUrl\":\"https:\/\/tabernaculoprensadedios.com\/web\/wp-content\/uploads\/2024\/07\/Nuestra-Incapacidad.jpg\",\"articleSection\":[\"Articulos\"],\"inLanguage\":\"es\",\"potentialAction\":[{\"@type\":\"CommentAction\",\"name\":\"Comment\",\"target\":[\"https:\/\/tabernaculoprensadedios.com\/web\/sirviendo-a-dios-desde-la-debilidad-el-poder-de-cristo-en-nuestra-incapacidad\/#respond\"]}]},{\"@type\":\"WebPage\",\"@id\":\"https:\/\/tabernaculoprensadedios.com\/web\/sirviendo-a-dios-desde-la-debilidad-el-poder-de-cristo-en-nuestra-incapacidad\/\",\"url\":\"https:\/\/tabernaculoprensadedios.com\/web\/sirviendo-a-dios-desde-la-debilidad-el-poder-de-cristo-en-nuestra-incapacidad\/\",\"name\":\"Sirviendo a Dios desde la Debilidad. El Poder de Cristo en Nuestra Incapacidad - Tabernaculo Prensa de Dios\",\"isPartOf\":{\"@id\":\"https:\/\/tabernaculoprensadedios.com\/web\/#website\"},\"primaryImageOfPage\":{\"@id\":\"https:\/\/tabernaculoprensadedios.com\/web\/sirviendo-a-dios-desde-la-debilidad-el-poder-de-cristo-en-nuestra-incapacidad\/#primaryimage\"},\"image\":{\"@id\":\"https:\/\/tabernaculoprensadedios.com\/web\/sirviendo-a-dios-desde-la-debilidad-el-poder-de-cristo-en-nuestra-incapacidad\/#primaryimage\"},\"thumbnailUrl\":\"https:\/\/tabernaculoprensadedios.com\/web\/wp-content\/uploads\/2024\/07\/Nuestra-Incapacidad.jpg\",\"datePublished\":\"2024-07-22T14:24:36+00:00\",\"breadcrumb\":{\"@id\":\"https:\/\/tabernaculoprensadedios.com\/web\/sirviendo-a-dios-desde-la-debilidad-el-poder-de-cristo-en-nuestra-incapacidad\/#breadcrumb\"},\"inLanguage\":\"es\",\"potentialAction\":[{\"@type\":\"ReadAction\",\"target\":[\"https:\/\/tabernaculoprensadedios.com\/web\/sirviendo-a-dios-desde-la-debilidad-el-poder-de-cristo-en-nuestra-incapacidad\/\"]}]},{\"@type\":\"ImageObject\",\"inLanguage\":\"es\",\"@id\":\"https:\/\/tabernaculoprensadedios.com\/web\/sirviendo-a-dios-desde-la-debilidad-el-poder-de-cristo-en-nuestra-incapacidad\/#primaryimage\",\"url\":\"https:\/\/tabernaculoprensadedios.com\/web\/wp-content\/uploads\/2024\/07\/Nuestra-Incapacidad.jpg\",\"contentUrl\":\"https:\/\/tabernaculoprensadedios.com\/web\/wp-content\/uploads\/2024\/07\/Nuestra-Incapacidad.jpg\",\"width\":1280,\"height\":474},{\"@type\":\"BreadcrumbList\",\"@id\":\"https:\/\/tabernaculoprensadedios.com\/web\/sirviendo-a-dios-desde-la-debilidad-el-poder-de-cristo-en-nuestra-incapacidad\/#breadcrumb\",\"itemListElement\":[{\"@type\":\"ListItem\",\"position\":1,\"name\":\"Portada\",\"item\":\"https:\/\/tabernaculoprensadedios.com\/web\/\"},{\"@type\":\"ListItem\",\"position\":2,\"name\":\"Sirviendo a Dios desde la Debilidad. El Poder de Cristo en Nuestra Incapacidad\"}]},{\"@type\":\"WebSite\",\"@id\":\"https:\/\/tabernaculoprensadedios.com\/web\/#website\",\"url\":\"https:\/\/tabernaculoprensadedios.com\/web\/\",\"name\":\"Tabernaculo Prensa de Dios\",\"description\":\"Un medio a la manera de Dios\",\"publisher\":{\"@id\":\"https:\/\/tabernaculoprensadedios.com\/web\/#\/schema\/person\/bc0e069fef56b38e177db6f098ae0b6e\"},\"potentialAction\":[{\"@type\":\"SearchAction\",\"target\":{\"@type\":\"EntryPoint\",\"urlTemplate\":\"https:\/\/tabernaculoprensadedios.com\/web\/?s={search_term_string}\"},\"query-input\":{\"@type\":\"PropertyValueSpecification\",\"valueRequired\":true,\"valueName\":\"search_term_string\"}}],\"inLanguage\":\"es\"},{\"@type\":[\"Person\",\"Organization\"],\"@id\":\"https:\/\/tabernaculoprensadedios.com\/web\/#\/schema\/person\/bc0e069fef56b38e177db6f098ae0b6e\",\"name\":\"tabernaculo\",\"image\":{\"@type\":\"ImageObject\",\"inLanguage\":\"es\",\"@id\":\"https:\/\/tabernaculoprensadedios.com\/web\/#\/schema\/person\/image\/\",\"url\":\"https:\/\/tabernaculoprensadedios.com\/web\/wp-content\/uploads\/2015\/06\/login-logo1.png\",\"contentUrl\":\"https:\/\/tabernaculoprensadedios.com\/web\/wp-content\/uploads\/2015\/06\/login-logo1.png\",\"width\":300,\"height\":118,\"caption\":\"tabernaculo\"},\"logo\":{\"@id\":\"https:\/\/tabernaculoprensadedios.com\/web\/#\/schema\/person\/image\/\"},\"url\":\"https:\/\/tabernaculoprensadedios.com\/web\/author\/tabernaculo\/\"}]}<\/script>\n<!-- \/ Yoast SEO Premium plugin. -->","yoast_head_json":{"title":"Sirviendo a Dios desde la Debilidad. El Poder de Cristo en Nuestra Incapacidad - Tabernaculo Prensa de Dios","robots":{"index":"index","follow":"follow","max-snippet":"max-snippet:-1","max-image-preview":"max-image-preview:large","max-video-preview":"max-video-preview:-1"},"canonical":"https:\/\/tabernaculoprensadedios.com\/web\/sirviendo-a-dios-desde-la-debilidad-el-poder-de-cristo-en-nuestra-incapacidad\/","og_locale":"es_ES","og_type":"article","og_title":"Sirviendo a Dios desde la Debilidad. El Poder de Cristo en Nuestra Incapacidad","og_description":"Los creyentes amamos servir a Dios! No hay duda de que servir a nuestro Dios hace evidente que amamos a Cristo, seguimos Su ejemplo y nos esforzamos por serle fieles cumpliendo el prop\u00f3sito para el cual hemos sido llamados (Ef 2:10). Como pastor he tenido la oportunidad de escuchar a muchos cristianos que desean servir &hellip;","og_url":"https:\/\/tabernaculoprensadedios.com\/web\/sirviendo-a-dios-desde-la-debilidad-el-poder-de-cristo-en-nuestra-incapacidad\/","og_site_name":"Tabernaculo Prensa de Dios","article_published_time":"2024-07-22T14:24:36+00:00","og_image":[{"width":1280,"height":474,"url":"https:\/\/tabernaculoprensadedios.com\/web\/wp-content\/uploads\/2024\/07\/Nuestra-Incapacidad.jpg","type":"image\/jpeg"}],"author":"tabernaculo","twitter_card":"summary_large_image","twitter_creator":"@PrensadeDios","twitter_site":"@PrensadeDios","twitter_misc":{"Escrito por":"tabernaculo","Tiempo de lectura":"6 minutos"},"schema":{"@context":"https:\/\/schema.org","@graph":[{"@type":"Article","@id":"https:\/\/tabernaculoprensadedios.com\/web\/sirviendo-a-dios-desde-la-debilidad-el-poder-de-cristo-en-nuestra-incapacidad\/#article","isPartOf":{"@id":"https:\/\/tabernaculoprensadedios.com\/web\/sirviendo-a-dios-desde-la-debilidad-el-poder-de-cristo-en-nuestra-incapacidad\/"},"author":{"name":"tabernaculo","@id":"https:\/\/tabernaculoprensadedios.com\/web\/#\/schema\/person\/bc0e069fef56b38e177db6f098ae0b6e"},"headline":"Sirviendo a Dios desde la Debilidad. El Poder de Cristo en Nuestra Incapacidad","datePublished":"2024-07-22T14:24:36+00:00","mainEntityOfPage":{"@id":"https:\/\/tabernaculoprensadedios.com\/web\/sirviendo-a-dios-desde-la-debilidad-el-poder-de-cristo-en-nuestra-incapacidad\/"},"wordCount":1133,"commentCount":0,"publisher":{"@id":"https:\/\/tabernaculoprensadedios.com\/web\/#\/schema\/person\/bc0e069fef56b38e177db6f098ae0b6e"},"image":{"@id":"https:\/\/tabernaculoprensadedios.com\/web\/sirviendo-a-dios-desde-la-debilidad-el-poder-de-cristo-en-nuestra-incapacidad\/#primaryimage"},"thumbnailUrl":"https:\/\/tabernaculoprensadedios.com\/web\/wp-content\/uploads\/2024\/07\/Nuestra-Incapacidad.jpg","articleSection":["Articulos"],"inLanguage":"es","potentialAction":[{"@type":"CommentAction","name":"Comment","target":["https:\/\/tabernaculoprensadedios.com\/web\/sirviendo-a-dios-desde-la-debilidad-el-poder-de-cristo-en-nuestra-incapacidad\/#respond"]}]},{"@type":"WebPage","@id":"https:\/\/tabernaculoprensadedios.com\/web\/sirviendo-a-dios-desde-la-debilidad-el-poder-de-cristo-en-nuestra-incapacidad\/","url":"https:\/\/tabernaculoprensadedios.com\/web\/sirviendo-a-dios-desde-la-debilidad-el-poder-de-cristo-en-nuestra-incapacidad\/","name":"Sirviendo a Dios desde la Debilidad. El Poder de Cristo en Nuestra Incapacidad - Tabernaculo Prensa de Dios","isPartOf":{"@id":"https:\/\/tabernaculoprensadedios.com\/web\/#website"},"primaryImageOfPage":{"@id":"https:\/\/tabernaculoprensadedios.com\/web\/sirviendo-a-dios-desde-la-debilidad-el-poder-de-cristo-en-nuestra-incapacidad\/#primaryimage"},"image":{"@id":"https:\/\/tabernaculoprensadedios.com\/web\/sirviendo-a-dios-desde-la-debilidad-el-poder-de-cristo-en-nuestra-incapacidad\/#primaryimage"},"thumbnailUrl":"https:\/\/tabernaculoprensadedios.com\/web\/wp-content\/uploads\/2024\/07\/Nuestra-Incapacidad.jpg","datePublished":"2024-07-22T14:24:36+00:00","breadcrumb":{"@id":"https:\/\/tabernaculoprensadedios.com\/web\/sirviendo-a-dios-desde-la-debilidad-el-poder-de-cristo-en-nuestra-incapacidad\/#breadcrumb"},"inLanguage":"es","potentialAction":[{"@type":"ReadAction","target":["https:\/\/tabernaculoprensadedios.com\/web\/sirviendo-a-dios-desde-la-debilidad-el-poder-de-cristo-en-nuestra-incapacidad\/"]}]},{"@type":"ImageObject","inLanguage":"es","@id":"https:\/\/tabernaculoprensadedios.com\/web\/sirviendo-a-dios-desde-la-debilidad-el-poder-de-cristo-en-nuestra-incapacidad\/#primaryimage","url":"https:\/\/tabernaculoprensadedios.com\/web\/wp-content\/uploads\/2024\/07\/Nuestra-Incapacidad.jpg","contentUrl":"https:\/\/tabernaculoprensadedios.com\/web\/wp-content\/uploads\/2024\/07\/Nuestra-Incapacidad.jpg","width":1280,"height":474},{"@type":"BreadcrumbList","@id":"https:\/\/tabernaculoprensadedios.com\/web\/sirviendo-a-dios-desde-la-debilidad-el-poder-de-cristo-en-nuestra-incapacidad\/#breadcrumb","itemListElement":[{"@type":"ListItem","position":1,"name":"Portada","item":"https:\/\/tabernaculoprensadedios.com\/web\/"},{"@type":"ListItem","position":2,"name":"Sirviendo a Dios desde la Debilidad. El Poder de Cristo en Nuestra Incapacidad"}]},{"@type":"WebSite","@id":"https:\/\/tabernaculoprensadedios.com\/web\/#website","url":"https:\/\/tabernaculoprensadedios.com\/web\/","name":"Tabernaculo Prensa de Dios","description":"Un medio a la manera de Dios","publisher":{"@id":"https:\/\/tabernaculoprensadedios.com\/web\/#\/schema\/person\/bc0e069fef56b38e177db6f098ae0b6e"},"potentialAction":[{"@type":"SearchAction","target":{"@type":"EntryPoint","urlTemplate":"https:\/\/tabernaculoprensadedios.com\/web\/?s={search_term_string}"},"query-input":{"@type":"PropertyValueSpecification","valueRequired":true,"valueName":"search_term_string"}}],"inLanguage":"es"},{"@type":["Person","Organization"],"@id":"https:\/\/tabernaculoprensadedios.com\/web\/#\/schema\/person\/bc0e069fef56b38e177db6f098ae0b6e","name":"tabernaculo","image":{"@type":"ImageObject","inLanguage":"es","@id":"https:\/\/tabernaculoprensadedios.com\/web\/#\/schema\/person\/image\/","url":"https:\/\/tabernaculoprensadedios.com\/web\/wp-content\/uploads\/2015\/06\/login-logo1.png","contentUrl":"https:\/\/tabernaculoprensadedios.com\/web\/wp-content\/uploads\/2015\/06\/login-logo1.png","width":300,"height":118,"caption":"tabernaculo"},"logo":{"@id":"https:\/\/tabernaculoprensadedios.com\/web\/#\/schema\/person\/image\/"},"url":"https:\/\/tabernaculoprensadedios.com\/web\/author\/tabernaculo\/"}]}},"_links":{"self":[{"href":"https:\/\/tabernaculoprensadedios.com\/web\/wp-json\/wp\/v2\/posts\/31781","targetHints":{"allow":["GET"]}}],"collection":[{"href":"https:\/\/tabernaculoprensadedios.com\/web\/wp-json\/wp\/v2\/posts"}],"about":[{"href":"https:\/\/tabernaculoprensadedios.com\/web\/wp-json\/wp\/v2\/types\/post"}],"author":[{"embeddable":true,"href":"https:\/\/tabernaculoprensadedios.com\/web\/wp-json\/wp\/v2\/users\/1"}],"replies":[{"embeddable":true,"href":"https:\/\/tabernaculoprensadedios.com\/web\/wp-json\/wp\/v2\/comments?post=31781"}],"version-history":[{"count":2,"href":"https:\/\/tabernaculoprensadedios.com\/web\/wp-json\/wp\/v2\/posts\/31781\/revisions"}],"predecessor-version":[{"id":31784,"href":"https:\/\/tabernaculoprensadedios.com\/web\/wp-json\/wp\/v2\/posts\/31781\/revisions\/31784"}],"wp:featuredmedia":[{"embeddable":true,"href":"https:\/\/tabernaculoprensadedios.com\/web\/wp-json\/wp\/v2\/media\/31782"}],"wp:attachment":[{"href":"https:\/\/tabernaculoprensadedios.com\/web\/wp-json\/wp\/v2\/media?parent=31781"}],"wp:term":[{"taxonomy":"category","embeddable":true,"href":"https:\/\/tabernaculoprensadedios.com\/web\/wp-json\/wp\/v2\/categories?post=31781"},{"taxonomy":"post_tag","embeddable":true,"href":"https:\/\/tabernaculoprensadedios.com\/web\/wp-json\/wp\/v2\/tags?post=31781"}],"curies":[{"name":"wp","href":"https:\/\/api.w.org\/{rel}","templated":true}]}}