{"id":31778,"date":"2024-07-22T14:08:05","date_gmt":"2024-07-22T14:08:05","guid":{"rendered":"https:\/\/tabernaculoprensadedios.com\/web\/?p=31778"},"modified":"2024-07-22T14:08:05","modified_gmt":"2024-07-22T14:08:05","slug":"adaptabilidad-y-evangelismo-enfrentando-la-crisis-en-un-mundo-poscristiano","status":"publish","type":"post","link":"https:\/\/tabernaculoprensadedios.com\/web\/adaptabilidad-y-evangelismo-enfrentando-la-crisis-en-un-mundo-poscristiano\/","title":{"rendered":"Adaptabilidad y Evangelismo. Enfrentando la Crisis en un Mundo Poscristiano"},"content":{"rendered":"<p>Vivimos en una sociedad cada vez m\u00e1s secularizada. No todas las personas son abiertamente ateas o agn\u00f3sticas, pero es un hecho que la ense\u00f1anza b\u00edblica ha dejado de funcionar como pilar moral de nuestra cultura. Este nuevo contexto poscristiano trae desaf\u00edos para los creyentes a la hora de compartir y defender su fe, en gran parte porque ya no existe el terreno com\u00fan provisto por una cosmovisi\u00f3n cristiana.<\/p>\n<p>No obstante, estos desaf\u00edos no disminuyen el poder del evangelio para confrontar y transformar el mundo. Para reflexionar sobre el evangelismo en este contexto poscristiano, primero conviene definir qu\u00e9 es una cosmovisi\u00f3n no cristiana, para luego entender c\u00f3mo el evangelio la confronta.<\/p>\n<p><strong>Cosmovisi\u00f3n y elasticidad<br \/>\n<\/strong>Todos tenemos una cosmovisi\u00f3n. En muchos casos, no es el producto de un proceso sistem\u00e1tico y serio de contemplaci\u00f3n sobre la vida y el mundo, sino que es el resultado de la acumulaci\u00f3n de opiniones y prejuicios absorbidos de forma aleatoria de los medios de informaci\u00f3n y de la opini\u00f3n popular. En cualquier caso, la cosmovisi\u00f3n es la concepci\u00f3n global del universo, aquello que una persona cree acerca de todas las cosas. Son los lentes por los cuales vemos e interpretamos la realidad.<\/p>\n<p>Pero esto no quiere decir que se trate de algo acabado y r\u00edgido. Las cosmovisiones son el\u00e1sticas: se expanden y se modifican de muchas maneras, lo que puede ocasionar inconsistencias internas. Con frecuencia, las personas no son capaces de ver la falta de coherencia dentro de su propia cosmovisi\u00f3n y prefieren torcer o distorsionar su comprensi\u00f3n de la realidad que los rodea antes que efectuar un cambio radical. A esto se refiere la elasticidad de una cosmovisi\u00f3n.<\/p>\n<p>El fil\u00f3sofo Karl Popper sosten\u00eda que una teor\u00eda cient\u00edfica que lo explica todo no es, en realidad, una buena teor\u00eda. Una buena teor\u00eda es la que puede ser falseada. Popper se refiere a que el conocimiento avanza gracias al descubrimiento y descarte de los errores, y no tanto a la pretensi\u00f3n de explicarlo todo de una sola vez. Una teor\u00eda que quiere abarcar todo, en alg\u00fan momento dejar\u00e1 de ser coherente. Si quiere explicar \u00abtodo\u00bb, probablemente no explique nada.<\/p>\n<p>La cr\u00edtica de Popper apuntaba al psicoan\u00e1lisis de Sigmund Freud, pero es posible aplicar su observaci\u00f3n al concepto de la cosmovisi\u00f3n. Cuando la visi\u00f3n del mundo de una persona pretende explicarlo todo a trav\u00e9s de la recolecci\u00f3n de una gran variedad de posturas y convicciones que asimila del ambiente actual, sin aplicar un filtro razonable, empieza a mostrar sus fallas.<\/p>\n<p>Para los que estudian teolog\u00eda, esto no es sorprendente. Entienden que el coraz\u00f3n humano tiene una tendencia a la incoherencia como producto del efecto no\u00e9tico del pecado. Nuestra condici\u00f3n ca\u00edda nos lleva a la distorsi\u00f3n y la incongruencia. Preferimos defender el error antes que confrontar una crisis de creencia producida por las incoherencias de nuestra cosmovisi\u00f3n.<\/p>\n<p>Sin embargo, esta elasticidad de nuestra cosmovisi\u00f3n puede llegar a romperse cuando la crisis es lo suficientemente aguda. Cuando nuestra cosmovisi\u00f3n es confrontada, solo nos quedan dos caminos posibles: ignorar los hechos que no concuerdan con nuestra idea del mundo o aceptar la transformaci\u00f3n.<\/p>\n<p><strong>Cosmovisi\u00f3n, crisis y transformaci\u00f3n<br \/>\n<\/strong>Un buen ejemplo en las Escrituras sobre esta crisis de creencias es la conversi\u00f3n de Saulo. \u00c9l ten\u00eda una explicaci\u00f3n de toda su realidad, un entendimiento de Dios, el mundo y de su propio lugar en el mundo; es decir, una cosmovisi\u00f3n (cp. Fil 3:4-7). Seg\u00fan su forma de ver el mundo, los nuevos predicadores que proclamaban a un tal Jes\u00fas no pod\u00edan venir de Dios. Por lo tanto, estaba convencido de que perseguir a los cristianos era correcto.<\/p>\n<p>Pero Saulo vivi\u00f3 un cambio radical cuando tuvo un encuentro que ya no pudo explicar dentro de los par\u00e1metros de su cosmovisi\u00f3n. Se encontr\u00f3 con el mismo Se\u00f1or Jes\u00fas en el camino a Damasco. Estando ciego y tirado en el suelo, toda su vida cambi\u00f3 por completo. Se trat\u00f3 de un hecho real que tambi\u00e9n sirve como una buena met\u00e1fora de lo que sucede en la conversi\u00f3n.<\/p>\n<p>En toda conversi\u00f3n genuina hay una crisis que hace a\u00f1icos nuestra cosmovisi\u00f3n. De repente hay datos que ya no encajan, que ya no podemos explicar y que demuestran la incoherencia de nuestra postura. Algo poderoso sucede y nos vemos obligados a aceptar un cambio que no quer\u00edamos. Esto es lo que Pablo explica m\u00e1s adelante en su ministerio y, aunque habla en t\u00e9rminos generales, sin duda que es algo que vivi\u00f3 en carne propia: \u00abNo me averg\u00fcenzo del evangelio, porque es poder de Dios para salvaci\u00f3n a todo aquel que cree\u00bb (Ro 1:16, \u00e9nfasis a\u00f1adido).<\/p>\n<p>Ante una crisis de tal magnitud, es entendible que haya una resistencia inicial. El evangelio es la buena noticia de Jes\u00fas, y sin embargo, la gente se resiste porque aceptar estas verdades significa aceptar el derrumbe de su cosmovisi\u00f3n y enfrentarse a la crisis. Por eso Pablo sigue diciendo: \u00abLa ira de Dios se revela desde el cielo contra toda impiedad e injusticia de los hombres que detienen con injusticia la verdad\u00bb (v. 18).<\/p>\n<p>En Finlandia se realiz\u00f3 una investigaci\u00f3n interesante sobre las creencias y que ejemplifica esta resistencia profunda que hay en el coraz\u00f3n humano. Durante la investigaci\u00f3n se compararon dos grupos, uno de creyentes y otro de ateos, a los que se les hizo las mismas preguntas respecto al concepto de Dios. Las personas estaban conectadas a ciertas m\u00e1quinas que med\u00edan el nivel de nerviosismo o incomodidad, mediante sus reacciones f\u00edsicas. Las preguntas eran del tipo: \u00ab\u00bfEstar\u00edas dispuesto a decirle a Dios que mate a tu c\u00f3nyuge?\u00bb. Incluso, les ped\u00edan a los participantes que lo dijeran: \u00abDios, por favor, mata a mi c\u00f3nyuge\u00bb.<\/p>\n<p>Para un creyente, esto es algo dif\u00edcil de decir, aunque entienda que se trata de un mero experimento. Obviamente, estos individuos tuvieron reacciones f\u00edsicas fuertes, pues la frase les creaba mucha incomodidad. Ahora, uno creer\u00eda que las personas ateas, de acuerdo con su cosmovisi\u00f3n, estar\u00edan tranquilas frente a esa pregunta. Sin embargo, tuvieron las mismas reacciones. Tal vez las personas ateas ten\u00edan una \u00abmemoria\u00bb de su anterior creencia o tal vez existe alguna otra explicaci\u00f3n neutral. Pero \u00bfpor qu\u00e9 te molestar\u00eda decir algo as\u00ed si no crees en Dios? Sospecho que en el fondo, todas las personas saben que Dios existe, pero se resisten con injusticia a la verdad.<\/p>\n<p>Esta resistencia a la verdad arrastra a los seres humanos a crear cosmovisiones llenas de incoherencias. Pero cuando Dios sale al encuentro y se atraviesa en el camino, todo queda desubicado; se revela la falta de sentido de la cosmovisi\u00f3n individual, porque faltaba el dato principal.<\/p>\n<p><strong>Cosmovisi\u00f3n y evangelismo<br \/>\n<\/strong>Entonces, si hablamos de evangelismo o apolog\u00e9tica, debemos reconocer que no hay territorio neutral. \u00bfQu\u00e9 quiero decir con esto? A veces, los cristianos creemos que existe un terreno com\u00fan entre creyentes y ateos, donde ambas cosmovisiones pueden encontrarse. Ese territorio neutral ser\u00eda el ambiente de la raz\u00f3n o el de la l\u00f3gica. Pensamos que si presentamos ciertos hechos, datos y l\u00f3gica, la otra persona podr\u00e1 entender y llegar a la fe.<\/p>\n<p>Sin dudas, el razonamiento l\u00f3gico tiene su importancia. La fe y la raz\u00f3n no son cosas separadas ni antag\u00f3nicas. Pero es un error pensar que si simplemente presentamos las pruebas adecuadas bastar\u00eda para que una persona llegue a la fe casi de forma autom\u00e1tica. La mayor\u00eda de las veces encontramos que no funciona as\u00ed. Existe una resistencia real y profunda que se hace m\u00e1s evidente en esta \u00e9poca poscristiana.<\/p>\n<p>\u00bfEstoy diciendo que no se puede usar un argumento l\u00f3gico para presentar el evangelio? Claro que no, pero debemos entender que no es suficiente. Hace falta m\u00e1s; hace falta la intervenci\u00f3n de Dios mismo. El encuentro con Dios, con Su poder y Su gloria es el hecho que derriba las mentiras con las que construimos nuestra cosmovisi\u00f3n. En el caso de Pablo, fue la aparici\u00f3n de Jes\u00fas en el camino a Damasco. En el caso de cada uno de nosotros, ha sido la obra del Esp\u00edritu Santo en nuestras vidas. No es un hecho irracional, pero es algo que nos excede: Dios se hizo presente.<\/p>\n<p>Es bueno entender esto cuando compartimos nuestra fe. Podemos buscar un terreno com\u00fan, incluso en este contexto poscristiano, pero seguimos dependiendo de Dios en el evangelismo. Solo \u00c9l puede vencer a los corazones que se resisten a Su verdad. Por eso debemos rogar y clamar para que \u00c9l salga al encuentro de las personas a quienes les presentamos el evangelio.<\/p>\n<p>&nbsp;<\/p>\n","protected":false},"excerpt":{"rendered":"<p>Vivimos en una sociedad cada vez m\u00e1s secularizada. No todas las personas son abiertamente ateas o agn\u00f3sticas, pero es un hecho que la ense\u00f1anza b\u00edblica ha dejado de funcionar como pilar moral de nuestra cultura. Este nuevo contexto poscristiano trae desaf\u00edos para los creyentes a la hora de compartir y defender su fe, en gran &hellip;<\/p>\n","protected":false},"author":1,"featured_media":31779,"comment_status":"open","ping_status":"open","sticky":false,"template":"","format":"standard","meta":{"footnotes":""},"categories":[34],"tags":[],"class_list":["post-31778","post","type-post","status-publish","format-standard","has-post-thumbnail","hentry","category-articulos"],"yoast_head":"<!-- This site is optimized with the Yoast SEO Premium plugin v24.2 (Yoast SEO v27.1.1) - https:\/\/yoast.com\/product\/yoast-seo-premium-wordpress\/ -->\n<title>Adaptabilidad y Evangelismo. Enfrentando la Crisis en un Mundo Poscristiano - Tabernaculo Prensa de Dios<\/title>\n<meta name=\"robots\" content=\"index, follow, max-snippet:-1, max-image-preview:large, max-video-preview:-1\" \/>\n<link rel=\"canonical\" href=\"https:\/\/tabernaculoprensadedios.com\/web\/adaptabilidad-y-evangelismo-enfrentando-la-crisis-en-un-mundo-poscristiano\/\" class=\"yoast-seo-meta-tag\" \/>\n<meta property=\"og:locale\" content=\"es_ES\" class=\"yoast-seo-meta-tag\" \/>\n<meta property=\"og:type\" content=\"article\" class=\"yoast-seo-meta-tag\" \/>\n<meta property=\"og:title\" content=\"Adaptabilidad y Evangelismo. Enfrentando la Crisis en un Mundo Poscristiano\" class=\"yoast-seo-meta-tag\" \/>\n<meta property=\"og:description\" content=\"Vivimos en una sociedad cada vez m\u00e1s secularizada. No todas las personas son abiertamente ateas o agn\u00f3sticas, pero es un hecho que la ense\u00f1anza b\u00edblica ha dejado de funcionar como pilar moral de nuestra cultura. Este nuevo contexto poscristiano trae desaf\u00edos para los creyentes a la hora de compartir y defender su fe, en gran &hellip;\" class=\"yoast-seo-meta-tag\" \/>\n<meta property=\"og:url\" content=\"https:\/\/tabernaculoprensadedios.com\/web\/adaptabilidad-y-evangelismo-enfrentando-la-crisis-en-un-mundo-poscristiano\/\" class=\"yoast-seo-meta-tag\" \/>\n<meta property=\"og:site_name\" content=\"Tabernaculo Prensa de Dios\" class=\"yoast-seo-meta-tag\" \/>\n<meta property=\"article:published_time\" content=\"2024-07-22T14:08:05+00:00\" class=\"yoast-seo-meta-tag\" \/>\n<meta property=\"og:image\" content=\"https:\/\/tabernaculoprensadedios.com\/web\/wp-content\/uploads\/2024\/07\/Mundo-Poscristiano.jpg\" class=\"yoast-seo-meta-tag\" \/>\n\t<meta property=\"og:image:width\" content=\"1280\" class=\"yoast-seo-meta-tag\" \/>\n\t<meta property=\"og:image:height\" content=\"830\" class=\"yoast-seo-meta-tag\" \/>\n\t<meta property=\"og:image:type\" content=\"image\/jpeg\" class=\"yoast-seo-meta-tag\" \/>\n<meta name=\"author\" content=\"tabernaculo\" class=\"yoast-seo-meta-tag\" \/>\n<meta name=\"twitter:card\" content=\"summary_large_image\" class=\"yoast-seo-meta-tag\" \/>\n<meta name=\"twitter:creator\" content=\"@PrensadeDios\" class=\"yoast-seo-meta-tag\" \/>\n<meta name=\"twitter:site\" content=\"@PrensadeDios\" class=\"yoast-seo-meta-tag\" \/>\n<meta name=\"twitter:label1\" content=\"Escrito por\" class=\"yoast-seo-meta-tag\" \/>\n\t<meta name=\"twitter:data1\" content=\"tabernaculo\" class=\"yoast-seo-meta-tag\" \/>\n\t<meta name=\"twitter:label2\" content=\"Tiempo de lectura\" class=\"yoast-seo-meta-tag\" \/>\n\t<meta name=\"twitter:data2\" content=\"7 minutos\" class=\"yoast-seo-meta-tag\" \/>\n<script type=\"application\/ld+json\" class=\"yoast-schema-graph\">{\"@context\":\"https:\/\/schema.org\",\"@graph\":[{\"@type\":\"Article\",\"@id\":\"https:\/\/tabernaculoprensadedios.com\/web\/adaptabilidad-y-evangelismo-enfrentando-la-crisis-en-un-mundo-poscristiano\/#article\",\"isPartOf\":{\"@id\":\"https:\/\/tabernaculoprensadedios.com\/web\/adaptabilidad-y-evangelismo-enfrentando-la-crisis-en-un-mundo-poscristiano\/\"},\"author\":{\"name\":\"tabernaculo\",\"@id\":\"https:\/\/tabernaculoprensadedios.com\/web\/#\/schema\/person\/bc0e069fef56b38e177db6f098ae0b6e\"},\"headline\":\"Adaptabilidad y Evangelismo. Enfrentando la Crisis en un Mundo Poscristiano\",\"datePublished\":\"2024-07-22T14:08:05+00:00\",\"mainEntityOfPage\":{\"@id\":\"https:\/\/tabernaculoprensadedios.com\/web\/adaptabilidad-y-evangelismo-enfrentando-la-crisis-en-un-mundo-poscristiano\/\"},\"wordCount\":1522,\"commentCount\":0,\"publisher\":{\"@id\":\"https:\/\/tabernaculoprensadedios.com\/web\/#\/schema\/person\/bc0e069fef56b38e177db6f098ae0b6e\"},\"image\":{\"@id\":\"https:\/\/tabernaculoprensadedios.com\/web\/adaptabilidad-y-evangelismo-enfrentando-la-crisis-en-un-mundo-poscristiano\/#primaryimage\"},\"thumbnailUrl\":\"https:\/\/tabernaculoprensadedios.com\/web\/wp-content\/uploads\/2024\/07\/Mundo-Poscristiano.jpg\",\"articleSection\":[\"Articulos\"],\"inLanguage\":\"es\",\"potentialAction\":[{\"@type\":\"CommentAction\",\"name\":\"Comment\",\"target\":[\"https:\/\/tabernaculoprensadedios.com\/web\/adaptabilidad-y-evangelismo-enfrentando-la-crisis-en-un-mundo-poscristiano\/#respond\"]}]},{\"@type\":\"WebPage\",\"@id\":\"https:\/\/tabernaculoprensadedios.com\/web\/adaptabilidad-y-evangelismo-enfrentando-la-crisis-en-un-mundo-poscristiano\/\",\"url\":\"https:\/\/tabernaculoprensadedios.com\/web\/adaptabilidad-y-evangelismo-enfrentando-la-crisis-en-un-mundo-poscristiano\/\",\"name\":\"Adaptabilidad y Evangelismo. Enfrentando la Crisis en un Mundo Poscristiano - Tabernaculo Prensa de Dios\",\"isPartOf\":{\"@id\":\"https:\/\/tabernaculoprensadedios.com\/web\/#website\"},\"primaryImageOfPage\":{\"@id\":\"https:\/\/tabernaculoprensadedios.com\/web\/adaptabilidad-y-evangelismo-enfrentando-la-crisis-en-un-mundo-poscristiano\/#primaryimage\"},\"image\":{\"@id\":\"https:\/\/tabernaculoprensadedios.com\/web\/adaptabilidad-y-evangelismo-enfrentando-la-crisis-en-un-mundo-poscristiano\/#primaryimage\"},\"thumbnailUrl\":\"https:\/\/tabernaculoprensadedios.com\/web\/wp-content\/uploads\/2024\/07\/Mundo-Poscristiano.jpg\",\"datePublished\":\"2024-07-22T14:08:05+00:00\",\"breadcrumb\":{\"@id\":\"https:\/\/tabernaculoprensadedios.com\/web\/adaptabilidad-y-evangelismo-enfrentando-la-crisis-en-un-mundo-poscristiano\/#breadcrumb\"},\"inLanguage\":\"es\",\"potentialAction\":[{\"@type\":\"ReadAction\",\"target\":[\"https:\/\/tabernaculoprensadedios.com\/web\/adaptabilidad-y-evangelismo-enfrentando-la-crisis-en-un-mundo-poscristiano\/\"]}]},{\"@type\":\"ImageObject\",\"inLanguage\":\"es\",\"@id\":\"https:\/\/tabernaculoprensadedios.com\/web\/adaptabilidad-y-evangelismo-enfrentando-la-crisis-en-un-mundo-poscristiano\/#primaryimage\",\"url\":\"https:\/\/tabernaculoprensadedios.com\/web\/wp-content\/uploads\/2024\/07\/Mundo-Poscristiano.jpg\",\"contentUrl\":\"https:\/\/tabernaculoprensadedios.com\/web\/wp-content\/uploads\/2024\/07\/Mundo-Poscristiano.jpg\",\"width\":1280,\"height\":830},{\"@type\":\"BreadcrumbList\",\"@id\":\"https:\/\/tabernaculoprensadedios.com\/web\/adaptabilidad-y-evangelismo-enfrentando-la-crisis-en-un-mundo-poscristiano\/#breadcrumb\",\"itemListElement\":[{\"@type\":\"ListItem\",\"position\":1,\"name\":\"Portada\",\"item\":\"https:\/\/tabernaculoprensadedios.com\/web\/\"},{\"@type\":\"ListItem\",\"position\":2,\"name\":\"Adaptabilidad y Evangelismo. Enfrentando la Crisis en un Mundo Poscristiano\"}]},{\"@type\":\"WebSite\",\"@id\":\"https:\/\/tabernaculoprensadedios.com\/web\/#website\",\"url\":\"https:\/\/tabernaculoprensadedios.com\/web\/\",\"name\":\"Tabernaculo Prensa de Dios\",\"description\":\"Un medio a la manera de Dios\",\"publisher\":{\"@id\":\"https:\/\/tabernaculoprensadedios.com\/web\/#\/schema\/person\/bc0e069fef56b38e177db6f098ae0b6e\"},\"potentialAction\":[{\"@type\":\"SearchAction\",\"target\":{\"@type\":\"EntryPoint\",\"urlTemplate\":\"https:\/\/tabernaculoprensadedios.com\/web\/?s={search_term_string}\"},\"query-input\":{\"@type\":\"PropertyValueSpecification\",\"valueRequired\":true,\"valueName\":\"search_term_string\"}}],\"inLanguage\":\"es\"},{\"@type\":[\"Person\",\"Organization\"],\"@id\":\"https:\/\/tabernaculoprensadedios.com\/web\/#\/schema\/person\/bc0e069fef56b38e177db6f098ae0b6e\",\"name\":\"tabernaculo\",\"image\":{\"@type\":\"ImageObject\",\"inLanguage\":\"es\",\"@id\":\"https:\/\/tabernaculoprensadedios.com\/web\/#\/schema\/person\/image\/\",\"url\":\"https:\/\/tabernaculoprensadedios.com\/web\/wp-content\/uploads\/2015\/06\/login-logo1.png\",\"contentUrl\":\"https:\/\/tabernaculoprensadedios.com\/web\/wp-content\/uploads\/2015\/06\/login-logo1.png\",\"width\":300,\"height\":118,\"caption\":\"tabernaculo\"},\"logo\":{\"@id\":\"https:\/\/tabernaculoprensadedios.com\/web\/#\/schema\/person\/image\/\"},\"url\":\"https:\/\/tabernaculoprensadedios.com\/web\/author\/tabernaculo\/\"}]}<\/script>\n<!-- \/ Yoast SEO Premium plugin. -->","yoast_head_json":{"title":"Adaptabilidad y Evangelismo. Enfrentando la Crisis en un Mundo Poscristiano - Tabernaculo Prensa de Dios","robots":{"index":"index","follow":"follow","max-snippet":"max-snippet:-1","max-image-preview":"max-image-preview:large","max-video-preview":"max-video-preview:-1"},"canonical":"https:\/\/tabernaculoprensadedios.com\/web\/adaptabilidad-y-evangelismo-enfrentando-la-crisis-en-un-mundo-poscristiano\/","og_locale":"es_ES","og_type":"article","og_title":"Adaptabilidad y Evangelismo. Enfrentando la Crisis en un Mundo Poscristiano","og_description":"Vivimos en una sociedad cada vez m\u00e1s secularizada. No todas las personas son abiertamente ateas o agn\u00f3sticas, pero es un hecho que la ense\u00f1anza b\u00edblica ha dejado de funcionar como pilar moral de nuestra cultura. Este nuevo contexto poscristiano trae desaf\u00edos para los creyentes a la hora de compartir y defender su fe, en gran &hellip;","og_url":"https:\/\/tabernaculoprensadedios.com\/web\/adaptabilidad-y-evangelismo-enfrentando-la-crisis-en-un-mundo-poscristiano\/","og_site_name":"Tabernaculo Prensa de Dios","article_published_time":"2024-07-22T14:08:05+00:00","og_image":[{"width":1280,"height":830,"url":"https:\/\/tabernaculoprensadedios.com\/web\/wp-content\/uploads\/2024\/07\/Mundo-Poscristiano.jpg","type":"image\/jpeg"}],"author":"tabernaculo","twitter_card":"summary_large_image","twitter_creator":"@PrensadeDios","twitter_site":"@PrensadeDios","twitter_misc":{"Escrito por":"tabernaculo","Tiempo de lectura":"7 minutos"},"schema":{"@context":"https:\/\/schema.org","@graph":[{"@type":"Article","@id":"https:\/\/tabernaculoprensadedios.com\/web\/adaptabilidad-y-evangelismo-enfrentando-la-crisis-en-un-mundo-poscristiano\/#article","isPartOf":{"@id":"https:\/\/tabernaculoprensadedios.com\/web\/adaptabilidad-y-evangelismo-enfrentando-la-crisis-en-un-mundo-poscristiano\/"},"author":{"name":"tabernaculo","@id":"https:\/\/tabernaculoprensadedios.com\/web\/#\/schema\/person\/bc0e069fef56b38e177db6f098ae0b6e"},"headline":"Adaptabilidad y Evangelismo. Enfrentando la Crisis en un Mundo Poscristiano","datePublished":"2024-07-22T14:08:05+00:00","mainEntityOfPage":{"@id":"https:\/\/tabernaculoprensadedios.com\/web\/adaptabilidad-y-evangelismo-enfrentando-la-crisis-en-un-mundo-poscristiano\/"},"wordCount":1522,"commentCount":0,"publisher":{"@id":"https:\/\/tabernaculoprensadedios.com\/web\/#\/schema\/person\/bc0e069fef56b38e177db6f098ae0b6e"},"image":{"@id":"https:\/\/tabernaculoprensadedios.com\/web\/adaptabilidad-y-evangelismo-enfrentando-la-crisis-en-un-mundo-poscristiano\/#primaryimage"},"thumbnailUrl":"https:\/\/tabernaculoprensadedios.com\/web\/wp-content\/uploads\/2024\/07\/Mundo-Poscristiano.jpg","articleSection":["Articulos"],"inLanguage":"es","potentialAction":[{"@type":"CommentAction","name":"Comment","target":["https:\/\/tabernaculoprensadedios.com\/web\/adaptabilidad-y-evangelismo-enfrentando-la-crisis-en-un-mundo-poscristiano\/#respond"]}]},{"@type":"WebPage","@id":"https:\/\/tabernaculoprensadedios.com\/web\/adaptabilidad-y-evangelismo-enfrentando-la-crisis-en-un-mundo-poscristiano\/","url":"https:\/\/tabernaculoprensadedios.com\/web\/adaptabilidad-y-evangelismo-enfrentando-la-crisis-en-un-mundo-poscristiano\/","name":"Adaptabilidad y Evangelismo. Enfrentando la Crisis en un Mundo Poscristiano - Tabernaculo Prensa de Dios","isPartOf":{"@id":"https:\/\/tabernaculoprensadedios.com\/web\/#website"},"primaryImageOfPage":{"@id":"https:\/\/tabernaculoprensadedios.com\/web\/adaptabilidad-y-evangelismo-enfrentando-la-crisis-en-un-mundo-poscristiano\/#primaryimage"},"image":{"@id":"https:\/\/tabernaculoprensadedios.com\/web\/adaptabilidad-y-evangelismo-enfrentando-la-crisis-en-un-mundo-poscristiano\/#primaryimage"},"thumbnailUrl":"https:\/\/tabernaculoprensadedios.com\/web\/wp-content\/uploads\/2024\/07\/Mundo-Poscristiano.jpg","datePublished":"2024-07-22T14:08:05+00:00","breadcrumb":{"@id":"https:\/\/tabernaculoprensadedios.com\/web\/adaptabilidad-y-evangelismo-enfrentando-la-crisis-en-un-mundo-poscristiano\/#breadcrumb"},"inLanguage":"es","potentialAction":[{"@type":"ReadAction","target":["https:\/\/tabernaculoprensadedios.com\/web\/adaptabilidad-y-evangelismo-enfrentando-la-crisis-en-un-mundo-poscristiano\/"]}]},{"@type":"ImageObject","inLanguage":"es","@id":"https:\/\/tabernaculoprensadedios.com\/web\/adaptabilidad-y-evangelismo-enfrentando-la-crisis-en-un-mundo-poscristiano\/#primaryimage","url":"https:\/\/tabernaculoprensadedios.com\/web\/wp-content\/uploads\/2024\/07\/Mundo-Poscristiano.jpg","contentUrl":"https:\/\/tabernaculoprensadedios.com\/web\/wp-content\/uploads\/2024\/07\/Mundo-Poscristiano.jpg","width":1280,"height":830},{"@type":"BreadcrumbList","@id":"https:\/\/tabernaculoprensadedios.com\/web\/adaptabilidad-y-evangelismo-enfrentando-la-crisis-en-un-mundo-poscristiano\/#breadcrumb","itemListElement":[{"@type":"ListItem","position":1,"name":"Portada","item":"https:\/\/tabernaculoprensadedios.com\/web\/"},{"@type":"ListItem","position":2,"name":"Adaptabilidad y Evangelismo. Enfrentando la Crisis en un Mundo Poscristiano"}]},{"@type":"WebSite","@id":"https:\/\/tabernaculoprensadedios.com\/web\/#website","url":"https:\/\/tabernaculoprensadedios.com\/web\/","name":"Tabernaculo Prensa de Dios","description":"Un medio a la manera de Dios","publisher":{"@id":"https:\/\/tabernaculoprensadedios.com\/web\/#\/schema\/person\/bc0e069fef56b38e177db6f098ae0b6e"},"potentialAction":[{"@type":"SearchAction","target":{"@type":"EntryPoint","urlTemplate":"https:\/\/tabernaculoprensadedios.com\/web\/?s={search_term_string}"},"query-input":{"@type":"PropertyValueSpecification","valueRequired":true,"valueName":"search_term_string"}}],"inLanguage":"es"},{"@type":["Person","Organization"],"@id":"https:\/\/tabernaculoprensadedios.com\/web\/#\/schema\/person\/bc0e069fef56b38e177db6f098ae0b6e","name":"tabernaculo","image":{"@type":"ImageObject","inLanguage":"es","@id":"https:\/\/tabernaculoprensadedios.com\/web\/#\/schema\/person\/image\/","url":"https:\/\/tabernaculoprensadedios.com\/web\/wp-content\/uploads\/2015\/06\/login-logo1.png","contentUrl":"https:\/\/tabernaculoprensadedios.com\/web\/wp-content\/uploads\/2015\/06\/login-logo1.png","width":300,"height":118,"caption":"tabernaculo"},"logo":{"@id":"https:\/\/tabernaculoprensadedios.com\/web\/#\/schema\/person\/image\/"},"url":"https:\/\/tabernaculoprensadedios.com\/web\/author\/tabernaculo\/"}]}},"_links":{"self":[{"href":"https:\/\/tabernaculoprensadedios.com\/web\/wp-json\/wp\/v2\/posts\/31778","targetHints":{"allow":["GET"]}}],"collection":[{"href":"https:\/\/tabernaculoprensadedios.com\/web\/wp-json\/wp\/v2\/posts"}],"about":[{"href":"https:\/\/tabernaculoprensadedios.com\/web\/wp-json\/wp\/v2\/types\/post"}],"author":[{"embeddable":true,"href":"https:\/\/tabernaculoprensadedios.com\/web\/wp-json\/wp\/v2\/users\/1"}],"replies":[{"embeddable":true,"href":"https:\/\/tabernaculoprensadedios.com\/web\/wp-json\/wp\/v2\/comments?post=31778"}],"version-history":[{"count":1,"href":"https:\/\/tabernaculoprensadedios.com\/web\/wp-json\/wp\/v2\/posts\/31778\/revisions"}],"predecessor-version":[{"id":31780,"href":"https:\/\/tabernaculoprensadedios.com\/web\/wp-json\/wp\/v2\/posts\/31778\/revisions\/31780"}],"wp:featuredmedia":[{"embeddable":true,"href":"https:\/\/tabernaculoprensadedios.com\/web\/wp-json\/wp\/v2\/media\/31779"}],"wp:attachment":[{"href":"https:\/\/tabernaculoprensadedios.com\/web\/wp-json\/wp\/v2\/media?parent=31778"}],"wp:term":[{"taxonomy":"category","embeddable":true,"href":"https:\/\/tabernaculoprensadedios.com\/web\/wp-json\/wp\/v2\/categories?post=31778"},{"taxonomy":"post_tag","embeddable":true,"href":"https:\/\/tabernaculoprensadedios.com\/web\/wp-json\/wp\/v2\/tags?post=31778"}],"curies":[{"name":"wp","href":"https:\/\/api.w.org\/{rel}","templated":true}]}}