{"id":31771,"date":"2024-07-20T02:05:01","date_gmt":"2024-07-20T02:05:01","guid":{"rendered":"https:\/\/tabernaculoprensadedios.com\/web\/?p=31771"},"modified":"2024-07-20T02:05:25","modified_gmt":"2024-07-20T02:05:25","slug":"la-misericordia-y-santificacion-en-nuestras-vidas","status":"publish","type":"post","link":"https:\/\/tabernaculoprensadedios.com\/web\/la-misericordia-y-santificacion-en-nuestras-vidas\/","title":{"rendered":"La Misericordia y Santificaci\u00f3n en Nuestras Vidas"},"content":{"rendered":"<p><strong>La luz del rostro del Se\u00f1or<\/strong> y <strong>Su misericordia infinita<\/strong>, como se menciona en <strong>N\u00fameros 6-25<\/strong>, nos cubren y nos gu\u00edan en nuestra vida diaria. Esta bendici\u00f3n nos fortalece y nos llena de paz, record\u00e1ndonos que siempre estamos bajo Su protecci\u00f3n y amor. <strong>La misericordia de Dios<\/strong> se manifiesta en nuestra vida de maneras innumerables, trayendo consuelo en los momentos dif\u00edciles y esperanza en tiempos de incertidumbre.<\/p>\n<p>En <strong>1 Pedro 3-15<\/strong>, se nos exhorta a santificar a Cristo como Se\u00f1or en nuestros corazones y a estar siempre preparados para presentar defensa de la <strong>esperanza que hay en nosotros<\/strong>. Esto no es solo una llamada a conocer nuestra fe profundamente, sino tambi\u00e9n a vivirla de una manera que refleje la mansedumbre y la reverencia. En un mundo lleno de desaf\u00edos y cuestionamientos, nuestra respuesta debe ser siempre desde un lugar de amor y respeto, mostrando as\u00ed el car\u00e1cter de Cristo en nosotros.<\/p>\n<p>Vivir bajo <strong>la luz del rostro del Se\u00f1or<\/strong> y con la <strong>santificaci\u00f3n de Cristo en nuestros corazones<\/strong> nos permite ser verdaderos testimonios de Su gracia y misericordia. Cada d\u00eda es una oportunidad para reflejar Su amor a los dem\u00e1s, ofreciendo palabras de <strong>esperanza<\/strong> y actos de bondad. Al hacerlo, no s\u00f3lo fortalecemos nuestra propia fe, sino que tambi\u00e9n inspiramos a otros a buscar y encontrar la misma paz y <strong>esperanza que tenemos en Cristo<\/strong>.<\/p>\n\n\t\t<div class=\"clearfix\"><\/div>\n\t\t<div class=\"about-author about-author-box container-wrapper\">\n\t\t\t<div class=\"author-avatar\">\n\t\t\t\t<img loading=\"lazy\" decoding=\"async\" src=\"https:\/\/tabernaculoprensadedios.com\/web\/wp-content\/uploads\/2024\/05\/margarita-garcia--e1715641946721.jpg\" alt=\"Margarita Garc\u00eda\" class=\"author-avatar-img\" width=\"111\" height=\"111\" \/>\n\t\t\t<\/div>\n\t\t\t<div class=\"author-info\">\n\t\t\t\t<h4>Margarita Garc\u00eda<\/h4>Directora del Tabern\u00e1culo Prensa de Dios\n\t\t\t<\/div>\n\t\t<\/div>\n\t\n","protected":false},"excerpt":{"rendered":"<p>La luz del rostro del Se\u00f1or y Su misericordia infinita, como se menciona en N\u00fameros 6-25, nos cubren y nos gu\u00edan en nuestra vida diaria. Esta bendici\u00f3n nos fortalece y nos llena de paz, record\u00e1ndonos que siempre estamos bajo Su protecci\u00f3n y amor. La misericordia de Dios se manifiesta en nuestra vida de maneras innumerables, &hellip;<\/p>\n","protected":false},"author":1,"featured_media":0,"comment_status":"open","ping_status":"open","sticky":false,"template":"","format":"standard","meta":{"footnotes":""},"categories":[790],"tags":[],"class_list":["post-31771","post","type-post","status-publish","format-standard","hentry","category-voz-del-tabernaculo"],"yoast_head":"<!-- This site is optimized with the Yoast SEO Premium plugin v24.2 (Yoast SEO v27.1.1) - https:\/\/yoast.com\/product\/yoast-seo-premium-wordpress\/ -->\n<title>La Misericordia y Santificaci\u00f3n en Nuestras Vidas - Tabernaculo Prensa de Dios<\/title>\n<meta name=\"robots\" content=\"index, follow, max-snippet:-1, max-image-preview:large, max-video-preview:-1\" \/>\n<link rel=\"canonical\" href=\"https:\/\/tabernaculoprensadedios.com\/web\/la-misericordia-y-santificacion-en-nuestras-vidas\/\" class=\"yoast-seo-meta-tag\" \/>\n<meta property=\"og:locale\" content=\"es_ES\" class=\"yoast-seo-meta-tag\" \/>\n<meta property=\"og:type\" content=\"article\" class=\"yoast-seo-meta-tag\" \/>\n<meta property=\"og:title\" content=\"La Misericordia y Santificaci\u00f3n en Nuestras Vidas\" class=\"yoast-seo-meta-tag\" \/>\n<meta property=\"og:description\" content=\"La luz del rostro del Se\u00f1or y Su misericordia infinita, como se menciona en N\u00fameros 6-25, nos cubren y nos gu\u00edan en nuestra vida diaria. Esta bendici\u00f3n nos fortalece y nos llena de paz, record\u00e1ndonos que siempre estamos bajo Su protecci\u00f3n y amor. La misericordia de Dios se manifiesta en nuestra vida de maneras innumerables, &hellip;\" class=\"yoast-seo-meta-tag\" \/>\n<meta property=\"og:url\" content=\"https:\/\/tabernaculoprensadedios.com\/web\/la-misericordia-y-santificacion-en-nuestras-vidas\/\" class=\"yoast-seo-meta-tag\" \/>\n<meta property=\"og:site_name\" content=\"Tabernaculo Prensa de Dios\" class=\"yoast-seo-meta-tag\" \/>\n<meta property=\"article:published_time\" content=\"2024-07-20T02:05:01+00:00\" class=\"yoast-seo-meta-tag\" \/>\n<meta property=\"article:modified_time\" content=\"2024-07-20T02:05:25+00:00\" class=\"yoast-seo-meta-tag\" \/>\n<meta name=\"author\" content=\"tabernaculo\" class=\"yoast-seo-meta-tag\" \/>\n<meta name=\"twitter:card\" content=\"summary_large_image\" class=\"yoast-seo-meta-tag\" \/>\n<meta name=\"twitter:creator\" content=\"@PrensadeDios\" class=\"yoast-seo-meta-tag\" \/>\n<meta name=\"twitter:site\" content=\"@PrensadeDios\" class=\"yoast-seo-meta-tag\" \/>\n<meta name=\"twitter:label1\" content=\"Escrito por\" class=\"yoast-seo-meta-tag\" \/>\n\t<meta name=\"twitter:data1\" content=\"tabernaculo\" class=\"yoast-seo-meta-tag\" \/>\n\t<meta name=\"twitter:label2\" content=\"Tiempo de lectura\" class=\"yoast-seo-meta-tag\" \/>\n\t<meta name=\"twitter:data2\" content=\"2 minutos\" class=\"yoast-seo-meta-tag\" \/>\n<script type=\"application\/ld+json\" class=\"yoast-schema-graph\">{\"@context\":\"https:\/\/schema.org\",\"@graph\":[{\"@type\":\"Article\",\"@id\":\"https:\/\/tabernaculoprensadedios.com\/web\/la-misericordia-y-santificacion-en-nuestras-vidas\/#article\",\"isPartOf\":{\"@id\":\"https:\/\/tabernaculoprensadedios.com\/web\/la-misericordia-y-santificacion-en-nuestras-vidas\/\"},\"author\":{\"name\":\"tabernaculo\",\"@id\":\"https:\/\/tabernaculoprensadedios.com\/web\/#\/schema\/person\/bc0e069fef56b38e177db6f098ae0b6e\"},\"headline\":\"La Misericordia y Santificaci\u00f3n en Nuestras Vidas\",\"datePublished\":\"2024-07-20T02:05:01+00:00\",\"dateModified\":\"2024-07-20T02:05:25+00:00\",\"mainEntityOfPage\":{\"@id\":\"https:\/\/tabernaculoprensadedios.com\/web\/la-misericordia-y-santificacion-en-nuestras-vidas\/\"},\"wordCount\":271,\"commentCount\":0,\"publisher\":{\"@id\":\"https:\/\/tabernaculoprensadedios.com\/web\/#\/schema\/person\/bc0e069fef56b38e177db6f098ae0b6e\"},\"articleSection\":[\"Voz del Tabern\u00e1culo\"],\"inLanguage\":\"es\",\"potentialAction\":[{\"@type\":\"CommentAction\",\"name\":\"Comment\",\"target\":[\"https:\/\/tabernaculoprensadedios.com\/web\/la-misericordia-y-santificacion-en-nuestras-vidas\/#respond\"]}]},{\"@type\":\"WebPage\",\"@id\":\"https:\/\/tabernaculoprensadedios.com\/web\/la-misericordia-y-santificacion-en-nuestras-vidas\/\",\"url\":\"https:\/\/tabernaculoprensadedios.com\/web\/la-misericordia-y-santificacion-en-nuestras-vidas\/\",\"name\":\"La Misericordia y Santificaci\u00f3n en Nuestras Vidas - Tabernaculo Prensa de Dios\",\"isPartOf\":{\"@id\":\"https:\/\/tabernaculoprensadedios.com\/web\/#website\"},\"datePublished\":\"2024-07-20T02:05:01+00:00\",\"dateModified\":\"2024-07-20T02:05:25+00:00\",\"breadcrumb\":{\"@id\":\"https:\/\/tabernaculoprensadedios.com\/web\/la-misericordia-y-santificacion-en-nuestras-vidas\/#breadcrumb\"},\"inLanguage\":\"es\",\"potentialAction\":[{\"@type\":\"ReadAction\",\"target\":[\"https:\/\/tabernaculoprensadedios.com\/web\/la-misericordia-y-santificacion-en-nuestras-vidas\/\"]}]},{\"@type\":\"BreadcrumbList\",\"@id\":\"https:\/\/tabernaculoprensadedios.com\/web\/la-misericordia-y-santificacion-en-nuestras-vidas\/#breadcrumb\",\"itemListElement\":[{\"@type\":\"ListItem\",\"position\":1,\"name\":\"Portada\",\"item\":\"https:\/\/tabernaculoprensadedios.com\/web\/\"},{\"@type\":\"ListItem\",\"position\":2,\"name\":\"La Misericordia y Santificaci\u00f3n en Nuestras Vidas\"}]},{\"@type\":\"WebSite\",\"@id\":\"https:\/\/tabernaculoprensadedios.com\/web\/#website\",\"url\":\"https:\/\/tabernaculoprensadedios.com\/web\/\",\"name\":\"Tabernaculo Prensa de Dios\",\"description\":\"Un medio a la manera de Dios\",\"publisher\":{\"@id\":\"https:\/\/tabernaculoprensadedios.com\/web\/#\/schema\/person\/bc0e069fef56b38e177db6f098ae0b6e\"},\"potentialAction\":[{\"@type\":\"SearchAction\",\"target\":{\"@type\":\"EntryPoint\",\"urlTemplate\":\"https:\/\/tabernaculoprensadedios.com\/web\/?s={search_term_string}\"},\"query-input\":{\"@type\":\"PropertyValueSpecification\",\"valueRequired\":true,\"valueName\":\"search_term_string\"}}],\"inLanguage\":\"es\"},{\"@type\":[\"Person\",\"Organization\"],\"@id\":\"https:\/\/tabernaculoprensadedios.com\/web\/#\/schema\/person\/bc0e069fef56b38e177db6f098ae0b6e\",\"name\":\"tabernaculo\",\"image\":{\"@type\":\"ImageObject\",\"inLanguage\":\"es\",\"@id\":\"https:\/\/tabernaculoprensadedios.com\/web\/#\/schema\/person\/image\/\",\"url\":\"https:\/\/tabernaculoprensadedios.com\/web\/wp-content\/uploads\/2015\/06\/login-logo1.png\",\"contentUrl\":\"https:\/\/tabernaculoprensadedios.com\/web\/wp-content\/uploads\/2015\/06\/login-logo1.png\",\"width\":300,\"height\":118,\"caption\":\"tabernaculo\"},\"logo\":{\"@id\":\"https:\/\/tabernaculoprensadedios.com\/web\/#\/schema\/person\/image\/\"},\"url\":\"https:\/\/tabernaculoprensadedios.com\/web\/author\/tabernaculo\/\"}]}<\/script>\n<!-- \/ Yoast SEO Premium plugin. -->","yoast_head_json":{"title":"La Misericordia y Santificaci\u00f3n en Nuestras Vidas - Tabernaculo Prensa de Dios","robots":{"index":"index","follow":"follow","max-snippet":"max-snippet:-1","max-image-preview":"max-image-preview:large","max-video-preview":"max-video-preview:-1"},"canonical":"https:\/\/tabernaculoprensadedios.com\/web\/la-misericordia-y-santificacion-en-nuestras-vidas\/","og_locale":"es_ES","og_type":"article","og_title":"La Misericordia y Santificaci\u00f3n en Nuestras Vidas","og_description":"La luz del rostro del Se\u00f1or y Su misericordia infinita, como se menciona en N\u00fameros 6-25, nos cubren y nos gu\u00edan en nuestra vida diaria. Esta bendici\u00f3n nos fortalece y nos llena de paz, record\u00e1ndonos que siempre estamos bajo Su protecci\u00f3n y amor. La misericordia de Dios se manifiesta en nuestra vida de maneras innumerables, &hellip;","og_url":"https:\/\/tabernaculoprensadedios.com\/web\/la-misericordia-y-santificacion-en-nuestras-vidas\/","og_site_name":"Tabernaculo Prensa de Dios","article_published_time":"2024-07-20T02:05:01+00:00","article_modified_time":"2024-07-20T02:05:25+00:00","author":"tabernaculo","twitter_card":"summary_large_image","twitter_creator":"@PrensadeDios","twitter_site":"@PrensadeDios","twitter_misc":{"Escrito por":"tabernaculo","Tiempo de lectura":"2 minutos"},"schema":{"@context":"https:\/\/schema.org","@graph":[{"@type":"Article","@id":"https:\/\/tabernaculoprensadedios.com\/web\/la-misericordia-y-santificacion-en-nuestras-vidas\/#article","isPartOf":{"@id":"https:\/\/tabernaculoprensadedios.com\/web\/la-misericordia-y-santificacion-en-nuestras-vidas\/"},"author":{"name":"tabernaculo","@id":"https:\/\/tabernaculoprensadedios.com\/web\/#\/schema\/person\/bc0e069fef56b38e177db6f098ae0b6e"},"headline":"La Misericordia y Santificaci\u00f3n en Nuestras Vidas","datePublished":"2024-07-20T02:05:01+00:00","dateModified":"2024-07-20T02:05:25+00:00","mainEntityOfPage":{"@id":"https:\/\/tabernaculoprensadedios.com\/web\/la-misericordia-y-santificacion-en-nuestras-vidas\/"},"wordCount":271,"commentCount":0,"publisher":{"@id":"https:\/\/tabernaculoprensadedios.com\/web\/#\/schema\/person\/bc0e069fef56b38e177db6f098ae0b6e"},"articleSection":["Voz del Tabern\u00e1culo"],"inLanguage":"es","potentialAction":[{"@type":"CommentAction","name":"Comment","target":["https:\/\/tabernaculoprensadedios.com\/web\/la-misericordia-y-santificacion-en-nuestras-vidas\/#respond"]}]},{"@type":"WebPage","@id":"https:\/\/tabernaculoprensadedios.com\/web\/la-misericordia-y-santificacion-en-nuestras-vidas\/","url":"https:\/\/tabernaculoprensadedios.com\/web\/la-misericordia-y-santificacion-en-nuestras-vidas\/","name":"La Misericordia y Santificaci\u00f3n en Nuestras Vidas - Tabernaculo Prensa de Dios","isPartOf":{"@id":"https:\/\/tabernaculoprensadedios.com\/web\/#website"},"datePublished":"2024-07-20T02:05:01+00:00","dateModified":"2024-07-20T02:05:25+00:00","breadcrumb":{"@id":"https:\/\/tabernaculoprensadedios.com\/web\/la-misericordia-y-santificacion-en-nuestras-vidas\/#breadcrumb"},"inLanguage":"es","potentialAction":[{"@type":"ReadAction","target":["https:\/\/tabernaculoprensadedios.com\/web\/la-misericordia-y-santificacion-en-nuestras-vidas\/"]}]},{"@type":"BreadcrumbList","@id":"https:\/\/tabernaculoprensadedios.com\/web\/la-misericordia-y-santificacion-en-nuestras-vidas\/#breadcrumb","itemListElement":[{"@type":"ListItem","position":1,"name":"Portada","item":"https:\/\/tabernaculoprensadedios.com\/web\/"},{"@type":"ListItem","position":2,"name":"La Misericordia y Santificaci\u00f3n en Nuestras Vidas"}]},{"@type":"WebSite","@id":"https:\/\/tabernaculoprensadedios.com\/web\/#website","url":"https:\/\/tabernaculoprensadedios.com\/web\/","name":"Tabernaculo Prensa de Dios","description":"Un medio a la manera de Dios","publisher":{"@id":"https:\/\/tabernaculoprensadedios.com\/web\/#\/schema\/person\/bc0e069fef56b38e177db6f098ae0b6e"},"potentialAction":[{"@type":"SearchAction","target":{"@type":"EntryPoint","urlTemplate":"https:\/\/tabernaculoprensadedios.com\/web\/?s={search_term_string}"},"query-input":{"@type":"PropertyValueSpecification","valueRequired":true,"valueName":"search_term_string"}}],"inLanguage":"es"},{"@type":["Person","Organization"],"@id":"https:\/\/tabernaculoprensadedios.com\/web\/#\/schema\/person\/bc0e069fef56b38e177db6f098ae0b6e","name":"tabernaculo","image":{"@type":"ImageObject","inLanguage":"es","@id":"https:\/\/tabernaculoprensadedios.com\/web\/#\/schema\/person\/image\/","url":"https:\/\/tabernaculoprensadedios.com\/web\/wp-content\/uploads\/2015\/06\/login-logo1.png","contentUrl":"https:\/\/tabernaculoprensadedios.com\/web\/wp-content\/uploads\/2015\/06\/login-logo1.png","width":300,"height":118,"caption":"tabernaculo"},"logo":{"@id":"https:\/\/tabernaculoprensadedios.com\/web\/#\/schema\/person\/image\/"},"url":"https:\/\/tabernaculoprensadedios.com\/web\/author\/tabernaculo\/"}]}},"_links":{"self":[{"href":"https:\/\/tabernaculoprensadedios.com\/web\/wp-json\/wp\/v2\/posts\/31771","targetHints":{"allow":["GET"]}}],"collection":[{"href":"https:\/\/tabernaculoprensadedios.com\/web\/wp-json\/wp\/v2\/posts"}],"about":[{"href":"https:\/\/tabernaculoprensadedios.com\/web\/wp-json\/wp\/v2\/types\/post"}],"author":[{"embeddable":true,"href":"https:\/\/tabernaculoprensadedios.com\/web\/wp-json\/wp\/v2\/users\/1"}],"replies":[{"embeddable":true,"href":"https:\/\/tabernaculoprensadedios.com\/web\/wp-json\/wp\/v2\/comments?post=31771"}],"version-history":[{"count":1,"href":"https:\/\/tabernaculoprensadedios.com\/web\/wp-json\/wp\/v2\/posts\/31771\/revisions"}],"predecessor-version":[{"id":31772,"href":"https:\/\/tabernaculoprensadedios.com\/web\/wp-json\/wp\/v2\/posts\/31771\/revisions\/31772"}],"wp:attachment":[{"href":"https:\/\/tabernaculoprensadedios.com\/web\/wp-json\/wp\/v2\/media?parent=31771"}],"wp:term":[{"taxonomy":"category","embeddable":true,"href":"https:\/\/tabernaculoprensadedios.com\/web\/wp-json\/wp\/v2\/categories?post=31771"},{"taxonomy":"post_tag","embeddable":true,"href":"https:\/\/tabernaculoprensadedios.com\/web\/wp-json\/wp\/v2\/tags?post=31771"}],"curies":[{"name":"wp","href":"https:\/\/api.w.org\/{rel}","templated":true}]}}