{"id":31721,"date":"2024-07-16T17:34:14","date_gmt":"2024-07-16T17:34:14","guid":{"rendered":"https:\/\/tabernaculoprensadedios.com\/web\/?p=31721"},"modified":"2024-07-16T17:34:31","modified_gmt":"2024-07-16T17:34:31","slug":"celebrando-el-exito-de-rosalia-de-paula-rodriguez-graduada-con-honores-en-la-universidad-nacional-evangelica-unev","status":"publish","type":"post","link":"https:\/\/tabernaculoprensadedios.com\/web\/celebrando-el-exito-de-rosalia-de-paula-rodriguez-graduada-con-honores-en-la-universidad-nacional-evangelica-unev\/","title":{"rendered":"Celebrando el \u00c9xito de Rosal\u00eda De Paula Rodr\u00edguez. Graduada con Honores en la Universidad Nacional Evang\u00e9lica (UNEV)"},"content":{"rendered":"<p>Hoy es un d\u00eda de celebraci\u00f3n y reconocimiento para todos nosotros, pero especialmente para una joven excepcional que ha demostrado dedicaci\u00f3n, perseverancia y excelencia acad\u00e9mica. Con gran orgullo y admiraci\u00f3n, quiero presentarles a Rosal\u00eda De Paula Rodr\u00edguez, quien el pasado 13 de junio culmin\u00f3 su trayecto universitario en la Universidad Nacional Evang\u00e9lica,con los m\u00e1s altos honores.<\/p>\n<p>Rosal\u00eda no solo ha destacado por su brillante desempe\u00f1o acad\u00e9mico, sino tambi\u00e9n por su profundo compromiso con los valores \u00e9ticos y morales que caracterizan nuestra comunidad universitaria. A lo largo de su carrera, ha demostrado una capacidad excepcional para enfrentar desaf\u00edos, superar obst\u00e1culos y siempre mantener una actitud inspiradora hacia el aprendizaje y el crecimiento personal.<\/p>\n<p>Hoy, al presentarla como graduanda de los m\u00e1s altos honores, reconocemos no solo sus logros acad\u00e9micos sobresalientes, sino tambi\u00e9n su influencia positiva en sus compa\u00f1eros y en la comunidad universitaria en general. Rosal\u00eda, tu dedicaci\u00f3n y esfuerzo son un ejemplo para todos nosotros, y estamos seguros de que tus logros marcar\u00e1n un camino de \u00e9xito y contribuci\u00f3n significativa en tu futura carrera profesional.<\/p>\n<p>Por todo ello, es un honor compartir este momento con Rosal\u00eda De Paula Rodr\u00edguez y felicitarla por alcanzar este importante hito en su vida acad\u00e9mica.<\/p>\n<p><strong>Discurso de Rosal\u00eda<\/strong><br \/>\nBendiciones a todos los presentes, mi deseo en esta ma\u00f1ana es que la Paz de nuestro se\u00f1or<br \/>\nJesucristo sea con todos ustedes, para empezar, quisiera extender un afable y caluroso saludo a<br \/>\nnuestras autoridades, las cuales nos honran con su presencia.<\/p>\n<p>1. Honorable Ing. Bernab\u00e9 Ma\u00f1\u00f3n Rossi, presidente de la Fundaci\u00f3n Evang\u00e9lica Universitaria<br \/>\n(FEU).<br \/>\n2. Honorable Dr. Juan Guerrero \u00c1vila, Rector de la Universidad Nacional Evang\u00e9lica<br \/>\n3. Honorable Dra. C\u00e1ndida J\u00e1quez Lebr\u00f3n, Vicerrectora Acad\u00e9mica.<br \/>\n4. Honorable Ing. Epifanio Gonz\u00e1lez Minaya, Vicerrector Administrativo.<br \/>\n5. Honorable Dr. Cesar L\u00f3pez Cabrera, Vicerrector de Investigaci\u00f3n, Innovaci\u00f3n y Postgrado.<br \/>\n6. Honorable, Dra. Johanny Rodr\u00edguez, directora Recinto Santiago<\/p>\n<p>Asimismo, a los Decanos, directores de Recintos, Coordinadores de Escuelas, Docentes y por supuesto a<br \/>\nmis colegas graduados y nuestros apreciados familiares y amigos que hoy nos acompa\u00f1an en este<br \/>\nprodigioso d\u00eda, a todos, gracias por estar aqu\u00ed acompa\u00f1ando a quienes hoy culminamos este meritorio<br \/>\ntrayecto universitario.<\/p>\n<p>Debo confesarles que estar delante de ustedes el d\u00eda de hoy no es sencillo para m\u00ed, cr\u00e9anme, no es f\u00e1cil<br \/>\ntransmitir en pocas palabras la emoci\u00f3n que compartimos en este momento de nuestras vidas que es<br \/>\ntan \u00fanico e irrepetible y trae consigo un sinf\u00edn de experiencias, vivencias y lecciones aprendidas. Siendo<br \/>\nhonesta no sab\u00eda qu\u00e9 decir ni por d\u00f3nde empezar, una vez pasada la sensaci\u00f3n de honor y alegr\u00eda de<br \/>\nsaber que dir\u00eda estas palabras, pensamientos intrusivos de derrota y fracaso inundaron mi cabeza: \u00bfY si<br \/>\nfallo? \u00bfY si pronunci\u00f3 mal una palabra? \u00bfY si hablo demasiado? Tal vez se preguntar\u00e1n por qu\u00e9<br \/>\ncomparto esto el d\u00eda de hoy, tal vez esto no est\u00e1 sonando como un discurso t\u00edpico de graduaci\u00f3n, pero,<br \/>\nla verdad es que casi nunca hablamos de este sentimiento, de esta emoci\u00f3n que en la mayor\u00eda de<br \/>\nocasiones nos acompa\u00f1a: El miedo.<\/p>\n<p>S\u00ed, ese que pretendemos ocultar, de ese que nos avergonzamos y demostramos que no sentimos al<br \/>\npretender ser perfectos, pero olvidamos que una de las cosas que nos hace humanos son los errores y el<br \/>\nmiedo que casi siempre llega como su acompa\u00f1ante, c\u00f3mplice o aliado, ese que es la respuesta a la<br \/>\npregunta \u00bfA qu\u00e9 le tienes miedo? En mi caso, les presento al que fue mi enemigo durante toda mi<br \/>\ntrayectoria universitaria: El miedo al fracaso.<\/p>\n<p>Les pregunto, \u00bfAlguna vez se han privado de exponerse a alguna situaci\u00f3n por miedo a fracasar? A lo<br \/>\nlargo de mi vida crec\u00ed pensando que deb\u00eda caminar sin torcerme, sin equivocarme y sin caerme, me<br \/>\nMe negaba a enfrentar al miedo, a aceptar que es parte de mis mecanismos de defensa, pero,<br \/>\nafortunadamente en estos a\u00f1os como Uneviana aprend\u00ed que el miedo no se ir\u00e1, pero s\u00ed se puede<br \/>\ntransformar, es as\u00ed como abrac\u00e9 la valent\u00eda. Ya mi vida no ser\u00eda conducida solo por el miedo y sus<br \/>\ncompa\u00f1eros sino tambi\u00e9n con una nueva aliada, la valent\u00eda me ense\u00f1\u00f3 que puedo escuchar las<br \/>\nadvertencias que el miedo tenga para m\u00ed y con estas estar lo mejor preparada posible para lo que pueda<br \/>\nocurrir pero no debe paralizarse por ellas, la palabra de Dios dice en el libro de Josu\u00e9 cap\u00edtulo 1 verso 9:<\/p>\n<p>Mira que te mando que te esfuerces y seas valiente; no temas ni desmayes, porque Jehov\u00e1 tu Dios estar\u00e1<br \/>\ncontigo a dondequiera que vayas.<\/p>\n<p>Es curioso como la frase \u00b4\u00b4no temas o no tengas miedo\u00b4\u00b4 aparece m\u00e1s de 100 veces en la biblia, pareciera<br \/>\ncomo si Dios insistiera en darnos un mensaje para que no lo olvidemos y que est\u00e9 siempre en nuestras<br \/>\nmentes y corazones: Reconocer que el miedo existe, pero no debemos detenernos por \u00e9l sino avanzar<br \/>\nsobre \u00e9l.<\/p>\n<p>Me gustar\u00eda decirles que al salir de aqu\u00ed como profesionales todo ser\u00e1 color de rosa, lleno de altas y<br \/>\naciertos, pero la verdad es que no lo ser\u00e1. Tendremos retos, tropiezos y ca\u00eddas, probablemente al<br \/>\ncaernos no queramos levantarnos o no queramos volver a intentarlo, quiz\u00e1s el miedo inunde nuestras<br \/>\ncabezas y nos haga pensar que no vale la pena, pero recordemos que no solo son los aciertos los que<br \/>\nforman el car\u00e1cter y los que generan aprendizajes, sino tambi\u00e9n los errores, los tropiezos y las ca\u00eddas.<br \/>\nT\u00fa que me escuchas tienes un poder transformador, puedes convertir un error en un aprendizaje, la<br \/>\nca\u00edda en una lecci\u00f3n y el \u00b4\u00b4fracaso\u00b4\u00b4 en una excusa para volver a intentarlo con lo que ya aprendiste.<br \/>\nYa hemos llegado hasta aqu\u00ed, hemos superado distintos obst\u00e1culos tales como enfermedades, p\u00e9rdidas<br \/>\nhumanas y materiales, dificultades econ\u00f3micas, abandono o falta de apoyo, hemos experimentado<br \/>\ndistintas emociones favorables y desfavorables, hemos vivido muchas situaciones que nos ponen a<br \/>\nprueba, si eso no es evidencia de que podemos vencer el miedo no s\u00e9 qu\u00e9 sea.<\/p>\n<p>Queridos compa\u00f1eros y compa\u00f1eras, no olvidemos nuestro compromiso con la sociedad, no dejemos de<br \/>\nlado nuestra sensibilidad sin importar la carrera de la cual te grad\u00faas, Carl Jung dijo una vez: conozca<br \/>\ntodas las teor\u00edas, domine todas las t\u00e9cnicas, pero al tocar un alma humana, sea apenas otra alma<br \/>\nhumana\u201d. Asumamos este reto con responsabilidad y \u00e9tica sin sacrificar nuestra esencia y valores.<br \/>\nYo, solo soy una representante de ustedes, soy el resultado de lo que ustedes de forma directa o<br \/>\nindirectamente aportaron en m\u00ed, es por eso que quiero dar las gracias, primero a Dios por proveerme de<br \/>\nsalud, sabidur\u00eda y personas trascendentales en mi camino, a mis padres, Cleto De Paula y Juana<br \/>\nRodr\u00edguez los cuales me apoyaron de forma incondicional y fueron un soporte fundamental en todo este<br \/>\ntiempo, a mis hermanos Rosa Alba y Joan De Paula por siempre confiar en m\u00ed y celebrar mis logros, a mis<br \/>\nmaestros por brindarme el pan de la ense\u00f1anza con dedicaci\u00f3n y esmero y por \u00faltimo pero no menos<br \/>\nimportante, a cada una y cada uno de mis compa\u00f1eros por ser un sost\u00e9n vital en este proceso, a todos,<br \/>\ngracias por las experiencias vividas que hoy me hacen ser qui\u00e9n soy.<\/p>\n<p>Para finalizar quiero compartirles un pasaje b\u00edblico que se encuentra en Jerem\u00edas 29:11, Porque yo s\u00e9 los<br \/>\npensamientos que tengo acerca de vosotros, dice Jehov\u00e1, pensamientos de paz, y no de mal, para daros<br \/>\nel fin que esper\u00e1is.<\/p>\n<p>No permitamos que el miedo ahogue nuestra capacidad de so\u00f1ar, de crear, de inspirar, sobre todo de<br \/>\ncreer, creer en que podemos labrar nuestro camino, dejando huellas para que otros puedan transitar por Compa\u00f1eros y compa\u00f1era, \u00a1Lo logramos! \u00a1Lo mejor est\u00e1 por venir!<br \/>\nMuchas gracias.<\/p>\n<p><img loading=\"lazy\" decoding=\"async\" class=\"aligncenter size-full wp-image-31723\" src=\"https:\/\/tabernaculoprensadedios.com\/web\/wp-content\/uploads\/2024\/07\/GridArt_20240715_185709228.jpg\" alt=\"\" width=\"1300\" height=\"1300\" srcset=\"https:\/\/tabernaculoprensadedios.com\/web\/wp-content\/uploads\/2024\/07\/GridArt_20240715_185709228.jpg 1300w, https:\/\/tabernaculoprensadedios.com\/web\/wp-content\/uploads\/2024\/07\/GridArt_20240715_185709228-300x300.jpg 300w, https:\/\/tabernaculoprensadedios.com\/web\/wp-content\/uploads\/2024\/07\/GridArt_20240715_185709228-600x600.jpg 600w, https:\/\/tabernaculoprensadedios.com\/web\/wp-content\/uploads\/2024\/07\/GridArt_20240715_185709228-100x100.jpg 100w\" sizes=\"auto, (max-width: 1300px) 100vw, 1300px\" \/><\/p>\n","protected":false},"excerpt":{"rendered":"<p>Hoy es un d\u00eda de celebraci\u00f3n y reconocimiento para todos nosotros, pero especialmente para una joven excepcional que ha demostrado dedicaci\u00f3n, perseverancia y excelencia acad\u00e9mica. Con gran orgullo y admiraci\u00f3n, quiero presentarles a Rosal\u00eda De Paula Rodr\u00edguez, quien el pasado 13 de junio culmin\u00f3 su trayecto universitario en la Universidad Nacional Evang\u00e9lica,con los m\u00e1s altos &hellip;<\/p>\n","protected":false},"author":1,"featured_media":31722,"comment_status":"open","ping_status":"open","sticky":false,"template":"","format":"standard","meta":{"footnotes":""},"categories":[19],"tags":[],"class_list":["post-31721","post","type-post","status-publish","format-standard","has-post-thumbnail","hentry","category-educacion"],"yoast_head":"<!-- This site is optimized with the Yoast SEO Premium plugin v24.2 (Yoast SEO v27.1.1) - https:\/\/yoast.com\/product\/yoast-seo-premium-wordpress\/ -->\n<title>Celebrando el \u00c9xito de Rosal\u00eda De Paula Rodr\u00edguez. Graduada con Honores en la Universidad Nacional Evang\u00e9lica (UNEV) - Tabernaculo Prensa de Dios<\/title>\n<meta name=\"robots\" content=\"index, follow, max-snippet:-1, max-image-preview:large, max-video-preview:-1\" \/>\n<link rel=\"canonical\" href=\"https:\/\/tabernaculoprensadedios.com\/web\/celebrando-el-exito-de-rosalia-de-paula-rodriguez-graduada-con-honores-en-la-universidad-nacional-evangelica-unev\/\" class=\"yoast-seo-meta-tag\" \/>\n<meta property=\"og:locale\" content=\"es_ES\" class=\"yoast-seo-meta-tag\" \/>\n<meta property=\"og:type\" content=\"article\" class=\"yoast-seo-meta-tag\" \/>\n<meta property=\"og:title\" content=\"Celebrando el \u00c9xito de Rosal\u00eda De Paula Rodr\u00edguez. Graduada con Honores en la Universidad Nacional Evang\u00e9lica (UNEV)\" class=\"yoast-seo-meta-tag\" \/>\n<meta property=\"og:description\" content=\"Hoy es un d\u00eda de celebraci\u00f3n y reconocimiento para todos nosotros, pero especialmente para una joven excepcional que ha demostrado dedicaci\u00f3n, perseverancia y excelencia acad\u00e9mica. Con gran orgullo y admiraci\u00f3n, quiero presentarles a Rosal\u00eda De Paula Rodr\u00edguez, quien el pasado 13 de junio culmin\u00f3 su trayecto universitario en la Universidad Nacional Evang\u00e9lica,con los m\u00e1s altos &hellip;\" class=\"yoast-seo-meta-tag\" \/>\n<meta property=\"og:url\" content=\"https:\/\/tabernaculoprensadedios.com\/web\/celebrando-el-exito-de-rosalia-de-paula-rodriguez-graduada-con-honores-en-la-universidad-nacional-evangelica-unev\/\" class=\"yoast-seo-meta-tag\" \/>\n<meta property=\"og:site_name\" content=\"Tabernaculo Prensa de Dios\" class=\"yoast-seo-meta-tag\" \/>\n<meta property=\"article:published_time\" content=\"2024-07-16T17:34:14+00:00\" class=\"yoast-seo-meta-tag\" \/>\n<meta property=\"article:modified_time\" content=\"2024-07-16T17:34:31+00:00\" class=\"yoast-seo-meta-tag\" \/>\n<meta property=\"og:image\" content=\"https:\/\/tabernaculoprensadedios.com\/web\/wp-content\/uploads\/2024\/07\/graduacion-unev.jpg\" class=\"yoast-seo-meta-tag\" \/>\n\t<meta property=\"og:image:width\" content=\"1279\" class=\"yoast-seo-meta-tag\" \/>\n\t<meta property=\"og:image:height\" content=\"748\" class=\"yoast-seo-meta-tag\" \/>\n\t<meta property=\"og:image:type\" content=\"image\/jpeg\" class=\"yoast-seo-meta-tag\" \/>\n<meta name=\"author\" content=\"tabernaculo\" class=\"yoast-seo-meta-tag\" \/>\n<meta name=\"twitter:card\" content=\"summary_large_image\" class=\"yoast-seo-meta-tag\" \/>\n<meta name=\"twitter:creator\" content=\"@PrensadeDios\" class=\"yoast-seo-meta-tag\" \/>\n<meta name=\"twitter:site\" content=\"@PrensadeDios\" class=\"yoast-seo-meta-tag\" \/>\n<meta name=\"twitter:label1\" content=\"Escrito por\" class=\"yoast-seo-meta-tag\" \/>\n\t<meta name=\"twitter:data1\" content=\"tabernaculo\" class=\"yoast-seo-meta-tag\" \/>\n\t<meta name=\"twitter:label2\" content=\"Tiempo de lectura\" class=\"yoast-seo-meta-tag\" \/>\n\t<meta name=\"twitter:data2\" content=\"7 minutos\" class=\"yoast-seo-meta-tag\" \/>\n<script type=\"application\/ld+json\" class=\"yoast-schema-graph\">{\"@context\":\"https:\/\/schema.org\",\"@graph\":[{\"@type\":\"Article\",\"@id\":\"https:\/\/tabernaculoprensadedios.com\/web\/celebrando-el-exito-de-rosalia-de-paula-rodriguez-graduada-con-honores-en-la-universidad-nacional-evangelica-unev\/#article\",\"isPartOf\":{\"@id\":\"https:\/\/tabernaculoprensadedios.com\/web\/celebrando-el-exito-de-rosalia-de-paula-rodriguez-graduada-con-honores-en-la-universidad-nacional-evangelica-unev\/\"},\"author\":{\"name\":\"tabernaculo\",\"@id\":\"https:\/\/tabernaculoprensadedios.com\/web\/#\/schema\/person\/bc0e069fef56b38e177db6f098ae0b6e\"},\"headline\":\"Celebrando el \u00c9xito de Rosal\u00eda De Paula Rodr\u00edguez. Graduada con Honores en la Universidad Nacional Evang\u00e9lica (UNEV)\",\"datePublished\":\"2024-07-16T17:34:14+00:00\",\"dateModified\":\"2024-07-16T17:34:31+00:00\",\"mainEntityOfPage\":{\"@id\":\"https:\/\/tabernaculoprensadedios.com\/web\/celebrando-el-exito-de-rosalia-de-paula-rodriguez-graduada-con-honores-en-la-universidad-nacional-evangelica-unev\/\"},\"wordCount\":1374,\"commentCount\":0,\"publisher\":{\"@id\":\"https:\/\/tabernaculoprensadedios.com\/web\/#\/schema\/person\/bc0e069fef56b38e177db6f098ae0b6e\"},\"image\":{\"@id\":\"https:\/\/tabernaculoprensadedios.com\/web\/celebrando-el-exito-de-rosalia-de-paula-rodriguez-graduada-con-honores-en-la-universidad-nacional-evangelica-unev\/#primaryimage\"},\"thumbnailUrl\":\"https:\/\/tabernaculoprensadedios.com\/web\/wp-content\/uploads\/2024\/07\/graduacion-unev.jpg\",\"articleSection\":[\"Educaci\u00f3n\"],\"inLanguage\":\"es\",\"potentialAction\":[{\"@type\":\"CommentAction\",\"name\":\"Comment\",\"target\":[\"https:\/\/tabernaculoprensadedios.com\/web\/celebrando-el-exito-de-rosalia-de-paula-rodriguez-graduada-con-honores-en-la-universidad-nacional-evangelica-unev\/#respond\"]}]},{\"@type\":\"WebPage\",\"@id\":\"https:\/\/tabernaculoprensadedios.com\/web\/celebrando-el-exito-de-rosalia-de-paula-rodriguez-graduada-con-honores-en-la-universidad-nacional-evangelica-unev\/\",\"url\":\"https:\/\/tabernaculoprensadedios.com\/web\/celebrando-el-exito-de-rosalia-de-paula-rodriguez-graduada-con-honores-en-la-universidad-nacional-evangelica-unev\/\",\"name\":\"Celebrando el \u00c9xito de Rosal\u00eda De Paula Rodr\u00edguez. Graduada con Honores en la Universidad Nacional Evang\u00e9lica (UNEV) - Tabernaculo Prensa de Dios\",\"isPartOf\":{\"@id\":\"https:\/\/tabernaculoprensadedios.com\/web\/#website\"},\"primaryImageOfPage\":{\"@id\":\"https:\/\/tabernaculoprensadedios.com\/web\/celebrando-el-exito-de-rosalia-de-paula-rodriguez-graduada-con-honores-en-la-universidad-nacional-evangelica-unev\/#primaryimage\"},\"image\":{\"@id\":\"https:\/\/tabernaculoprensadedios.com\/web\/celebrando-el-exito-de-rosalia-de-paula-rodriguez-graduada-con-honores-en-la-universidad-nacional-evangelica-unev\/#primaryimage\"},\"thumbnailUrl\":\"https:\/\/tabernaculoprensadedios.com\/web\/wp-content\/uploads\/2024\/07\/graduacion-unev.jpg\",\"datePublished\":\"2024-07-16T17:34:14+00:00\",\"dateModified\":\"2024-07-16T17:34:31+00:00\",\"breadcrumb\":{\"@id\":\"https:\/\/tabernaculoprensadedios.com\/web\/celebrando-el-exito-de-rosalia-de-paula-rodriguez-graduada-con-honores-en-la-universidad-nacional-evangelica-unev\/#breadcrumb\"},\"inLanguage\":\"es\",\"potentialAction\":[{\"@type\":\"ReadAction\",\"target\":[\"https:\/\/tabernaculoprensadedios.com\/web\/celebrando-el-exito-de-rosalia-de-paula-rodriguez-graduada-con-honores-en-la-universidad-nacional-evangelica-unev\/\"]}]},{\"@type\":\"ImageObject\",\"inLanguage\":\"es\",\"@id\":\"https:\/\/tabernaculoprensadedios.com\/web\/celebrando-el-exito-de-rosalia-de-paula-rodriguez-graduada-con-honores-en-la-universidad-nacional-evangelica-unev\/#primaryimage\",\"url\":\"https:\/\/tabernaculoprensadedios.com\/web\/wp-content\/uploads\/2024\/07\/graduacion-unev.jpg\",\"contentUrl\":\"https:\/\/tabernaculoprensadedios.com\/web\/wp-content\/uploads\/2024\/07\/graduacion-unev.jpg\",\"width\":1279,\"height\":748},{\"@type\":\"BreadcrumbList\",\"@id\":\"https:\/\/tabernaculoprensadedios.com\/web\/celebrando-el-exito-de-rosalia-de-paula-rodriguez-graduada-con-honores-en-la-universidad-nacional-evangelica-unev\/#breadcrumb\",\"itemListElement\":[{\"@type\":\"ListItem\",\"position\":1,\"name\":\"Portada\",\"item\":\"https:\/\/tabernaculoprensadedios.com\/web\/\"},{\"@type\":\"ListItem\",\"position\":2,\"name\":\"Celebrando el \u00c9xito de Rosal\u00eda De Paula Rodr\u00edguez. Graduada con Honores en la Universidad Nacional Evang\u00e9lica (UNEV)\"}]},{\"@type\":\"WebSite\",\"@id\":\"https:\/\/tabernaculoprensadedios.com\/web\/#website\",\"url\":\"https:\/\/tabernaculoprensadedios.com\/web\/\",\"name\":\"Tabernaculo Prensa de Dios\",\"description\":\"Un medio a la manera de Dios\",\"publisher\":{\"@id\":\"https:\/\/tabernaculoprensadedios.com\/web\/#\/schema\/person\/bc0e069fef56b38e177db6f098ae0b6e\"},\"potentialAction\":[{\"@type\":\"SearchAction\",\"target\":{\"@type\":\"EntryPoint\",\"urlTemplate\":\"https:\/\/tabernaculoprensadedios.com\/web\/?s={search_term_string}\"},\"query-input\":{\"@type\":\"PropertyValueSpecification\",\"valueRequired\":true,\"valueName\":\"search_term_string\"}}],\"inLanguage\":\"es\"},{\"@type\":[\"Person\",\"Organization\"],\"@id\":\"https:\/\/tabernaculoprensadedios.com\/web\/#\/schema\/person\/bc0e069fef56b38e177db6f098ae0b6e\",\"name\":\"tabernaculo\",\"image\":{\"@type\":\"ImageObject\",\"inLanguage\":\"es\",\"@id\":\"https:\/\/tabernaculoprensadedios.com\/web\/#\/schema\/person\/image\/\",\"url\":\"https:\/\/tabernaculoprensadedios.com\/web\/wp-content\/uploads\/2015\/06\/login-logo1.png\",\"contentUrl\":\"https:\/\/tabernaculoprensadedios.com\/web\/wp-content\/uploads\/2015\/06\/login-logo1.png\",\"width\":300,\"height\":118,\"caption\":\"tabernaculo\"},\"logo\":{\"@id\":\"https:\/\/tabernaculoprensadedios.com\/web\/#\/schema\/person\/image\/\"},\"url\":\"https:\/\/tabernaculoprensadedios.com\/web\/author\/tabernaculo\/\"}]}<\/script>\n<!-- \/ Yoast SEO Premium plugin. -->","yoast_head_json":{"title":"Celebrando el \u00c9xito de Rosal\u00eda De Paula Rodr\u00edguez. Graduada con Honores en la Universidad Nacional Evang\u00e9lica (UNEV) - Tabernaculo Prensa de Dios","robots":{"index":"index","follow":"follow","max-snippet":"max-snippet:-1","max-image-preview":"max-image-preview:large","max-video-preview":"max-video-preview:-1"},"canonical":"https:\/\/tabernaculoprensadedios.com\/web\/celebrando-el-exito-de-rosalia-de-paula-rodriguez-graduada-con-honores-en-la-universidad-nacional-evangelica-unev\/","og_locale":"es_ES","og_type":"article","og_title":"Celebrando el \u00c9xito de Rosal\u00eda De Paula Rodr\u00edguez. Graduada con Honores en la Universidad Nacional Evang\u00e9lica (UNEV)","og_description":"Hoy es un d\u00eda de celebraci\u00f3n y reconocimiento para todos nosotros, pero especialmente para una joven excepcional que ha demostrado dedicaci\u00f3n, perseverancia y excelencia acad\u00e9mica. Con gran orgullo y admiraci\u00f3n, quiero presentarles a Rosal\u00eda De Paula Rodr\u00edguez, quien el pasado 13 de junio culmin\u00f3 su trayecto universitario en la Universidad Nacional Evang\u00e9lica,con los m\u00e1s altos &hellip;","og_url":"https:\/\/tabernaculoprensadedios.com\/web\/celebrando-el-exito-de-rosalia-de-paula-rodriguez-graduada-con-honores-en-la-universidad-nacional-evangelica-unev\/","og_site_name":"Tabernaculo Prensa de Dios","article_published_time":"2024-07-16T17:34:14+00:00","article_modified_time":"2024-07-16T17:34:31+00:00","og_image":[{"width":1279,"height":748,"url":"https:\/\/tabernaculoprensadedios.com\/web\/wp-content\/uploads\/2024\/07\/graduacion-unev.jpg","type":"image\/jpeg"}],"author":"tabernaculo","twitter_card":"summary_large_image","twitter_creator":"@PrensadeDios","twitter_site":"@PrensadeDios","twitter_misc":{"Escrito por":"tabernaculo","Tiempo de lectura":"7 minutos"},"schema":{"@context":"https:\/\/schema.org","@graph":[{"@type":"Article","@id":"https:\/\/tabernaculoprensadedios.com\/web\/celebrando-el-exito-de-rosalia-de-paula-rodriguez-graduada-con-honores-en-la-universidad-nacional-evangelica-unev\/#article","isPartOf":{"@id":"https:\/\/tabernaculoprensadedios.com\/web\/celebrando-el-exito-de-rosalia-de-paula-rodriguez-graduada-con-honores-en-la-universidad-nacional-evangelica-unev\/"},"author":{"name":"tabernaculo","@id":"https:\/\/tabernaculoprensadedios.com\/web\/#\/schema\/person\/bc0e069fef56b38e177db6f098ae0b6e"},"headline":"Celebrando el \u00c9xito de Rosal\u00eda De Paula Rodr\u00edguez. Graduada con Honores en la Universidad Nacional Evang\u00e9lica (UNEV)","datePublished":"2024-07-16T17:34:14+00:00","dateModified":"2024-07-16T17:34:31+00:00","mainEntityOfPage":{"@id":"https:\/\/tabernaculoprensadedios.com\/web\/celebrando-el-exito-de-rosalia-de-paula-rodriguez-graduada-con-honores-en-la-universidad-nacional-evangelica-unev\/"},"wordCount":1374,"commentCount":0,"publisher":{"@id":"https:\/\/tabernaculoprensadedios.com\/web\/#\/schema\/person\/bc0e069fef56b38e177db6f098ae0b6e"},"image":{"@id":"https:\/\/tabernaculoprensadedios.com\/web\/celebrando-el-exito-de-rosalia-de-paula-rodriguez-graduada-con-honores-en-la-universidad-nacional-evangelica-unev\/#primaryimage"},"thumbnailUrl":"https:\/\/tabernaculoprensadedios.com\/web\/wp-content\/uploads\/2024\/07\/graduacion-unev.jpg","articleSection":["Educaci\u00f3n"],"inLanguage":"es","potentialAction":[{"@type":"CommentAction","name":"Comment","target":["https:\/\/tabernaculoprensadedios.com\/web\/celebrando-el-exito-de-rosalia-de-paula-rodriguez-graduada-con-honores-en-la-universidad-nacional-evangelica-unev\/#respond"]}]},{"@type":"WebPage","@id":"https:\/\/tabernaculoprensadedios.com\/web\/celebrando-el-exito-de-rosalia-de-paula-rodriguez-graduada-con-honores-en-la-universidad-nacional-evangelica-unev\/","url":"https:\/\/tabernaculoprensadedios.com\/web\/celebrando-el-exito-de-rosalia-de-paula-rodriguez-graduada-con-honores-en-la-universidad-nacional-evangelica-unev\/","name":"Celebrando el \u00c9xito de Rosal\u00eda De Paula Rodr\u00edguez. Graduada con Honores en la Universidad Nacional Evang\u00e9lica (UNEV) - Tabernaculo Prensa de Dios","isPartOf":{"@id":"https:\/\/tabernaculoprensadedios.com\/web\/#website"},"primaryImageOfPage":{"@id":"https:\/\/tabernaculoprensadedios.com\/web\/celebrando-el-exito-de-rosalia-de-paula-rodriguez-graduada-con-honores-en-la-universidad-nacional-evangelica-unev\/#primaryimage"},"image":{"@id":"https:\/\/tabernaculoprensadedios.com\/web\/celebrando-el-exito-de-rosalia-de-paula-rodriguez-graduada-con-honores-en-la-universidad-nacional-evangelica-unev\/#primaryimage"},"thumbnailUrl":"https:\/\/tabernaculoprensadedios.com\/web\/wp-content\/uploads\/2024\/07\/graduacion-unev.jpg","datePublished":"2024-07-16T17:34:14+00:00","dateModified":"2024-07-16T17:34:31+00:00","breadcrumb":{"@id":"https:\/\/tabernaculoprensadedios.com\/web\/celebrando-el-exito-de-rosalia-de-paula-rodriguez-graduada-con-honores-en-la-universidad-nacional-evangelica-unev\/#breadcrumb"},"inLanguage":"es","potentialAction":[{"@type":"ReadAction","target":["https:\/\/tabernaculoprensadedios.com\/web\/celebrando-el-exito-de-rosalia-de-paula-rodriguez-graduada-con-honores-en-la-universidad-nacional-evangelica-unev\/"]}]},{"@type":"ImageObject","inLanguage":"es","@id":"https:\/\/tabernaculoprensadedios.com\/web\/celebrando-el-exito-de-rosalia-de-paula-rodriguez-graduada-con-honores-en-la-universidad-nacional-evangelica-unev\/#primaryimage","url":"https:\/\/tabernaculoprensadedios.com\/web\/wp-content\/uploads\/2024\/07\/graduacion-unev.jpg","contentUrl":"https:\/\/tabernaculoprensadedios.com\/web\/wp-content\/uploads\/2024\/07\/graduacion-unev.jpg","width":1279,"height":748},{"@type":"BreadcrumbList","@id":"https:\/\/tabernaculoprensadedios.com\/web\/celebrando-el-exito-de-rosalia-de-paula-rodriguez-graduada-con-honores-en-la-universidad-nacional-evangelica-unev\/#breadcrumb","itemListElement":[{"@type":"ListItem","position":1,"name":"Portada","item":"https:\/\/tabernaculoprensadedios.com\/web\/"},{"@type":"ListItem","position":2,"name":"Celebrando el \u00c9xito de Rosal\u00eda De Paula Rodr\u00edguez. Graduada con Honores en la Universidad Nacional Evang\u00e9lica (UNEV)"}]},{"@type":"WebSite","@id":"https:\/\/tabernaculoprensadedios.com\/web\/#website","url":"https:\/\/tabernaculoprensadedios.com\/web\/","name":"Tabernaculo Prensa de Dios","description":"Un medio a la manera de Dios","publisher":{"@id":"https:\/\/tabernaculoprensadedios.com\/web\/#\/schema\/person\/bc0e069fef56b38e177db6f098ae0b6e"},"potentialAction":[{"@type":"SearchAction","target":{"@type":"EntryPoint","urlTemplate":"https:\/\/tabernaculoprensadedios.com\/web\/?s={search_term_string}"},"query-input":{"@type":"PropertyValueSpecification","valueRequired":true,"valueName":"search_term_string"}}],"inLanguage":"es"},{"@type":["Person","Organization"],"@id":"https:\/\/tabernaculoprensadedios.com\/web\/#\/schema\/person\/bc0e069fef56b38e177db6f098ae0b6e","name":"tabernaculo","image":{"@type":"ImageObject","inLanguage":"es","@id":"https:\/\/tabernaculoprensadedios.com\/web\/#\/schema\/person\/image\/","url":"https:\/\/tabernaculoprensadedios.com\/web\/wp-content\/uploads\/2015\/06\/login-logo1.png","contentUrl":"https:\/\/tabernaculoprensadedios.com\/web\/wp-content\/uploads\/2015\/06\/login-logo1.png","width":300,"height":118,"caption":"tabernaculo"},"logo":{"@id":"https:\/\/tabernaculoprensadedios.com\/web\/#\/schema\/person\/image\/"},"url":"https:\/\/tabernaculoprensadedios.com\/web\/author\/tabernaculo\/"}]}},"_links":{"self":[{"href":"https:\/\/tabernaculoprensadedios.com\/web\/wp-json\/wp\/v2\/posts\/31721","targetHints":{"allow":["GET"]}}],"collection":[{"href":"https:\/\/tabernaculoprensadedios.com\/web\/wp-json\/wp\/v2\/posts"}],"about":[{"href":"https:\/\/tabernaculoprensadedios.com\/web\/wp-json\/wp\/v2\/types\/post"}],"author":[{"embeddable":true,"href":"https:\/\/tabernaculoprensadedios.com\/web\/wp-json\/wp\/v2\/users\/1"}],"replies":[{"embeddable":true,"href":"https:\/\/tabernaculoprensadedios.com\/web\/wp-json\/wp\/v2\/comments?post=31721"}],"version-history":[{"count":1,"href":"https:\/\/tabernaculoprensadedios.com\/web\/wp-json\/wp\/v2\/posts\/31721\/revisions"}],"predecessor-version":[{"id":31724,"href":"https:\/\/tabernaculoprensadedios.com\/web\/wp-json\/wp\/v2\/posts\/31721\/revisions\/31724"}],"wp:featuredmedia":[{"embeddable":true,"href":"https:\/\/tabernaculoprensadedios.com\/web\/wp-json\/wp\/v2\/media\/31722"}],"wp:attachment":[{"href":"https:\/\/tabernaculoprensadedios.com\/web\/wp-json\/wp\/v2\/media?parent=31721"}],"wp:term":[{"taxonomy":"category","embeddable":true,"href":"https:\/\/tabernaculoprensadedios.com\/web\/wp-json\/wp\/v2\/categories?post=31721"},{"taxonomy":"post_tag","embeddable":true,"href":"https:\/\/tabernaculoprensadedios.com\/web\/wp-json\/wp\/v2\/tags?post=31721"}],"curies":[{"name":"wp","href":"https:\/\/api.w.org\/{rel}","templated":true}]}}