{"id":31542,"date":"2024-06-22T17:43:31","date_gmt":"2024-06-22T17:43:31","guid":{"rendered":"https:\/\/tabernaculoprensadedios.com\/web\/?p=31542"},"modified":"2024-06-24T16:58:44","modified_gmt":"2024-06-24T16:58:44","slug":"de-la-incertidumbre-a-la-bendicion-testimonio-de-superacion-y-esperanza","status":"publish","type":"post","link":"https:\/\/tabernaculoprensadedios.com\/web\/de-la-incertidumbre-a-la-bendicion-testimonio-de-superacion-y-esperanza\/","title":{"rendered":"De la Incertidumbre a la Bendici\u00f3n. Testimonio de Superaci\u00f3n y Esperanza"},"content":{"rendered":"<p>El jueves 13 de junio de 2024, nos reunimos en la iglesia cristiana de la Cristianizaci\u00f3n, para celebrar y dar gracias a Dios en el culto de acci\u00f3n de gracias por la sexag\u00e9sima octava graduaci\u00f3n que se llevar\u00e1 a cabo el 4 de julio de este mismo a\u00f1o. Durante el culto, hubo palabras protocolarias de la administraci\u00f3n acad\u00e9mica, UNEV as\u00ed como la del Rector Dr. Juan Guerrero Avila y un testimonio de la joven Rosal\u00eda De Paula Rodr\u00edguez, Licenciada en Psicolog\u00eda con menci\u00f3n en Cl\u00ednica.<\/p>\n<p>Antes de que Rosal\u00eda diera su discurso, se sent\u00f3 a mi lado sin conocernos previamente. La bendije y le pregunt\u00e9 qui\u00e9n era. Rosal\u00eda me confes\u00f3 que estaba muy nerviosa. Le pregunt\u00e9 por qu\u00e9, a lo que respondi\u00f3 que no entend\u00eda por qu\u00e9 hab\u00eda decidido sentarse conmigo a mi lado. Le asegur\u00e9 que Dios ten\u00eda un prop\u00f3sito y que ella iba a recibir un regalo sobrenatural de Dios porque esas l\u00e1grimas en tu lindo rostro ya Dios lo ten\u00eda en sus planes. La consol\u00f3 tom\u00e1ndole la mano, ofreci\u00e9ndole palabras de confianza en Dios fortaleza, victoria y fe.<\/p>\n<p>Ella me comparti\u00f3 que dar\u00eda un discurso como estudiante destacada, el d\u00eda de la Graduaci\u00f3n a efectuarse el 4 de Julio al haberse graduado summa cum laude. En respuesta, or\u00e9 de nuevo por ella y le asegur\u00e9 que tendr\u00eda fe, anticipando que recibir\u00eda el milagro que esperaba cuando el rector hablara. Rosal\u00eda apret\u00f3 mi mano y encontr\u00f3 consuelo en mis palabras. Luego me susurr\u00f3 y mencion\u00f3 su preocupaci\u00f3n por no tener suficiente dinero para realizar el doctorado que deseaba. Le record\u00e9 que Dios es el due\u00f1o del oro y plata, y le asegur\u00e9 que ten\u00eda una profunda fe de que el Rector ser\u00eda usado por Dios para su provisi\u00f3n, citando Lucas 1:37: \u00abPorque para Dios no hay nada imposible.\u00bb<\/p>\n<p>Dios obr\u00f3. Cuando el Rector pronunci\u00f3 sus palabras motivacionales, anunci\u00f3 que aunque hablar\u00eda m\u00e1s en la graduaci\u00f3n del 4 de julio, el Rector indic\u00f3 que tomar\u00eda la iniciativa de otorgar becas completas para aquellos estudiantes con los \u00edndices m\u00e1s altos. Rosal\u00eda se emocion\u00f3 profundamente al escuchar estas palabras y nos miramos de felicidad y de confirmaci\u00f3n de que la fe todo lo alcanza. Esto confirm\u00f3 que debemos creer en Dios, ya que nunca antes la universidad hab\u00eda ofrecido tal distinci\u00f3n. La esencia del testimonio, resaltando la fe, la transformaci\u00f3n personal y la provisi\u00f3n divina que se experimentaron a lo largo de la historia narrada fue lo que esa joven recibi\u00f3 de parte de Dios. \u00a1\u00a1Toda Gloria a Dios!!<\/p>\n<p><strong>Estas fueron algunas de sus palabras de testimonio de Rosal\u00eda en el Culto de Acci\u00f3n de Gracias<br \/>\n<\/strong>En 2019, tras terminar la secundaria, eleg\u00ed esta universidad que me acogi\u00f3 durante cuatro a\u00f1os. Comenc\u00e9 en Psicolog\u00eda Educativa, motivada por las recomendaciones positivas de familiares y amigos sobre el programa.<\/p>\n<p>Mi trayectoria comenz\u00f3 en Psicolog\u00eda Educativa, sin saber lo que vendr\u00eda despu\u00e9s. Familiares y amigos me animaron con buenas referencias sobre c\u00f3mo la universidad impart\u00eda la carrera en sus diversas menciones. As\u00ed que, siguiendo sus consejos, revis\u00e9 el plan de estudios, me convenc\u00ed y decid\u00ed inscribirme. En enero de 2020, comenc\u00e9 esta gran traves\u00eda.<\/p>\n<p>Mis experiencias como estudiante universitaria, algunas favorables y otras no tanto, estuvieron marcadas por un factor inesperado: \u00a1la pandemia! Este evento, estoy segura, cambi\u00f3 nuestras vidas a todos.<\/p>\n<p>Nuestras din\u00e1micas, rutinas y formas de vida se vieron afectadas por esta situaci\u00f3n. Personalmente, enfrent\u00e9 momentos de incertidumbre, inseguridad, dudas y miedo, sin saber c\u00f3mo afectar\u00eda mi aprendizaje la modalidad virtual. Sin embargo, con el tiempo, esos sentimientos se disiparon a medida que avanzaban los trimestres. Aprend\u00ed que a trav\u00e9s de una pantalla se puede transmitir pasi\u00f3n, conocimiento, emociones y sentimientos. Esto se convirti\u00f3 en mi \u00abnueva normalidad\u00bb, un espacio para descubrir nuevas formas y oportunidades de aprender y enfrentar desaf\u00edos con valent\u00eda.<\/p>\n<p>Despu\u00e9s de este proceso, despert\u00f3 en m\u00ed un inter\u00e9s particular por las psicopatolog\u00edas y sus tratamientos. Un a\u00f1o despu\u00e9s, decid\u00ed cambiar a la carrera de Psicolog\u00eda Cl\u00ednica, la mejor decisi\u00f3n de mi vida. Agradezco profundamente a Dios y a la universidad por los aprendizajes obtenidos. En esta instituci\u00f3n, me form\u00e9 como profesional con car\u00e1cter, un alto sentido de responsabilidad y un compromiso firme con la dignidad humana.<\/p>\n","protected":false},"excerpt":{"rendered":"<p>El jueves 13 de junio de 2024, nos reunimos en la iglesia cristiana de la Cristianizaci\u00f3n, para celebrar y dar gracias a Dios en el culto de acci\u00f3n de gracias por la sexag\u00e9sima octava graduaci\u00f3n que se llevar\u00e1 a cabo el 4 de julio de este mismo a\u00f1o. Durante el culto, hubo palabras protocolarias de &hellip;<\/p>\n","protected":false},"author":1,"featured_media":31543,"comment_status":"open","ping_status":"open","sticky":false,"template":"","format":"standard","meta":{"footnotes":""},"categories":[34],"tags":[],"class_list":["post-31542","post","type-post","status-publish","format-standard","has-post-thumbnail","hentry","category-articulos"],"yoast_head":"<!-- This site is optimized with the Yoast SEO Premium plugin v24.2 (Yoast SEO v27.1.1) - https:\/\/yoast.com\/product\/yoast-seo-premium-wordpress\/ -->\n<title>De la Incertidumbre a la Bendici\u00f3n. Testimonio de Superaci\u00f3n y Esperanza - Tabernaculo Prensa de Dios<\/title>\n<meta name=\"robots\" content=\"index, follow, max-snippet:-1, max-image-preview:large, max-video-preview:-1\" \/>\n<link rel=\"canonical\" href=\"https:\/\/tabernaculoprensadedios.com\/web\/de-la-incertidumbre-a-la-bendicion-testimonio-de-superacion-y-esperanza\/\" class=\"yoast-seo-meta-tag\" \/>\n<meta property=\"og:locale\" content=\"es_ES\" class=\"yoast-seo-meta-tag\" \/>\n<meta property=\"og:type\" content=\"article\" class=\"yoast-seo-meta-tag\" \/>\n<meta property=\"og:title\" content=\"De la Incertidumbre a la Bendici\u00f3n. Testimonio de Superaci\u00f3n y Esperanza\" class=\"yoast-seo-meta-tag\" \/>\n<meta property=\"og:description\" content=\"El jueves 13 de junio de 2024, nos reunimos en la iglesia cristiana de la Cristianizaci\u00f3n, para celebrar y dar gracias a Dios en el culto de acci\u00f3n de gracias por la sexag\u00e9sima octava graduaci\u00f3n que se llevar\u00e1 a cabo el 4 de julio de este mismo a\u00f1o. Durante el culto, hubo palabras protocolarias de &hellip;\" class=\"yoast-seo-meta-tag\" \/>\n<meta property=\"og:url\" content=\"https:\/\/tabernaculoprensadedios.com\/web\/de-la-incertidumbre-a-la-bendicion-testimonio-de-superacion-y-esperanza\/\" class=\"yoast-seo-meta-tag\" \/>\n<meta property=\"og:site_name\" content=\"Tabernaculo Prensa de Dios\" class=\"yoast-seo-meta-tag\" \/>\n<meta property=\"article:published_time\" content=\"2024-06-22T17:43:31+00:00\" class=\"yoast-seo-meta-tag\" \/>\n<meta property=\"article:modified_time\" content=\"2024-06-24T16:58:44+00:00\" class=\"yoast-seo-meta-tag\" \/>\n<meta property=\"og:image\" content=\"https:\/\/tabernaculoprensadedios.com\/web\/wp-content\/uploads\/2024\/06\/De-la-Incertidumbre-a-la-Bendicion.-Testimonio-de-Superacion-y-Esperanza-e1719078138449.jpg\" class=\"yoast-seo-meta-tag\" \/>\n\t<meta property=\"og:image:width\" content=\"623\" class=\"yoast-seo-meta-tag\" \/>\n\t<meta property=\"og:image:height\" content=\"400\" class=\"yoast-seo-meta-tag\" \/>\n\t<meta property=\"og:image:type\" content=\"image\/jpeg\" class=\"yoast-seo-meta-tag\" \/>\n<meta name=\"author\" content=\"tabernaculo\" class=\"yoast-seo-meta-tag\" \/>\n<meta name=\"twitter:card\" content=\"summary_large_image\" class=\"yoast-seo-meta-tag\" \/>\n<meta name=\"twitter:creator\" content=\"@PrensadeDios\" class=\"yoast-seo-meta-tag\" \/>\n<meta name=\"twitter:site\" content=\"@PrensadeDios\" class=\"yoast-seo-meta-tag\" \/>\n<meta name=\"twitter:label1\" content=\"Escrito por\" class=\"yoast-seo-meta-tag\" \/>\n\t<meta name=\"twitter:data1\" content=\"tabernaculo\" class=\"yoast-seo-meta-tag\" \/>\n\t<meta name=\"twitter:label2\" content=\"Tiempo de lectura\" class=\"yoast-seo-meta-tag\" \/>\n\t<meta name=\"twitter:data2\" content=\"4 minutos\" class=\"yoast-seo-meta-tag\" \/>\n<script type=\"application\/ld+json\" class=\"yoast-schema-graph\">{\"@context\":\"https:\/\/schema.org\",\"@graph\":[{\"@type\":\"Article\",\"@id\":\"https:\/\/tabernaculoprensadedios.com\/web\/de-la-incertidumbre-a-la-bendicion-testimonio-de-superacion-y-esperanza\/#article\",\"isPartOf\":{\"@id\":\"https:\/\/tabernaculoprensadedios.com\/web\/de-la-incertidumbre-a-la-bendicion-testimonio-de-superacion-y-esperanza\/\"},\"author\":{\"name\":\"tabernaculo\",\"@id\":\"https:\/\/tabernaculoprensadedios.com\/web\/#\/schema\/person\/bc0e069fef56b38e177db6f098ae0b6e\"},\"headline\":\"De la Incertidumbre a la Bendici\u00f3n. Testimonio de Superaci\u00f3n y Esperanza\",\"datePublished\":\"2024-06-22T17:43:31+00:00\",\"dateModified\":\"2024-06-24T16:58:44+00:00\",\"mainEntityOfPage\":{\"@id\":\"https:\/\/tabernaculoprensadedios.com\/web\/de-la-incertidumbre-a-la-bendicion-testimonio-de-superacion-y-esperanza\/\"},\"wordCount\":776,\"commentCount\":0,\"publisher\":{\"@id\":\"https:\/\/tabernaculoprensadedios.com\/web\/#\/schema\/person\/bc0e069fef56b38e177db6f098ae0b6e\"},\"image\":{\"@id\":\"https:\/\/tabernaculoprensadedios.com\/web\/de-la-incertidumbre-a-la-bendicion-testimonio-de-superacion-y-esperanza\/#primaryimage\"},\"thumbnailUrl\":\"https:\/\/tabernaculoprensadedios.com\/web\/wp-content\/uploads\/2024\/06\/De-la-Incertidumbre-a-la-Bendicion.-Testimonio-de-Superacion-y-Esperanza-e1719078138449.jpg\",\"articleSection\":[\"Articulos\"],\"inLanguage\":\"es\",\"potentialAction\":[{\"@type\":\"CommentAction\",\"name\":\"Comment\",\"target\":[\"https:\/\/tabernaculoprensadedios.com\/web\/de-la-incertidumbre-a-la-bendicion-testimonio-de-superacion-y-esperanza\/#respond\"]}]},{\"@type\":\"WebPage\",\"@id\":\"https:\/\/tabernaculoprensadedios.com\/web\/de-la-incertidumbre-a-la-bendicion-testimonio-de-superacion-y-esperanza\/\",\"url\":\"https:\/\/tabernaculoprensadedios.com\/web\/de-la-incertidumbre-a-la-bendicion-testimonio-de-superacion-y-esperanza\/\",\"name\":\"De la Incertidumbre a la Bendici\u00f3n. Testimonio de Superaci\u00f3n y Esperanza - Tabernaculo Prensa de Dios\",\"isPartOf\":{\"@id\":\"https:\/\/tabernaculoprensadedios.com\/web\/#website\"},\"primaryImageOfPage\":{\"@id\":\"https:\/\/tabernaculoprensadedios.com\/web\/de-la-incertidumbre-a-la-bendicion-testimonio-de-superacion-y-esperanza\/#primaryimage\"},\"image\":{\"@id\":\"https:\/\/tabernaculoprensadedios.com\/web\/de-la-incertidumbre-a-la-bendicion-testimonio-de-superacion-y-esperanza\/#primaryimage\"},\"thumbnailUrl\":\"https:\/\/tabernaculoprensadedios.com\/web\/wp-content\/uploads\/2024\/06\/De-la-Incertidumbre-a-la-Bendicion.-Testimonio-de-Superacion-y-Esperanza-e1719078138449.jpg\",\"datePublished\":\"2024-06-22T17:43:31+00:00\",\"dateModified\":\"2024-06-24T16:58:44+00:00\",\"breadcrumb\":{\"@id\":\"https:\/\/tabernaculoprensadedios.com\/web\/de-la-incertidumbre-a-la-bendicion-testimonio-de-superacion-y-esperanza\/#breadcrumb\"},\"inLanguage\":\"es\",\"potentialAction\":[{\"@type\":\"ReadAction\",\"target\":[\"https:\/\/tabernaculoprensadedios.com\/web\/de-la-incertidumbre-a-la-bendicion-testimonio-de-superacion-y-esperanza\/\"]}]},{\"@type\":\"ImageObject\",\"inLanguage\":\"es\",\"@id\":\"https:\/\/tabernaculoprensadedios.com\/web\/de-la-incertidumbre-a-la-bendicion-testimonio-de-superacion-y-esperanza\/#primaryimage\",\"url\":\"https:\/\/tabernaculoprensadedios.com\/web\/wp-content\/uploads\/2024\/06\/De-la-Incertidumbre-a-la-Bendicion.-Testimonio-de-Superacion-y-Esperanza-e1719078138449.jpg\",\"contentUrl\":\"https:\/\/tabernaculoprensadedios.com\/web\/wp-content\/uploads\/2024\/06\/De-la-Incertidumbre-a-la-Bendicion.-Testimonio-de-Superacion-y-Esperanza-e1719078138449.jpg\",\"width\":623,\"height\":400,\"caption\":\"Rosal\u00eda de Paula Rodriguez\"},{\"@type\":\"BreadcrumbList\",\"@id\":\"https:\/\/tabernaculoprensadedios.com\/web\/de-la-incertidumbre-a-la-bendicion-testimonio-de-superacion-y-esperanza\/#breadcrumb\",\"itemListElement\":[{\"@type\":\"ListItem\",\"position\":1,\"name\":\"Portada\",\"item\":\"https:\/\/tabernaculoprensadedios.com\/web\/\"},{\"@type\":\"ListItem\",\"position\":2,\"name\":\"De la Incertidumbre a la Bendici\u00f3n. Testimonio de Superaci\u00f3n y Esperanza\"}]},{\"@type\":\"WebSite\",\"@id\":\"https:\/\/tabernaculoprensadedios.com\/web\/#website\",\"url\":\"https:\/\/tabernaculoprensadedios.com\/web\/\",\"name\":\"Tabernaculo Prensa de Dios\",\"description\":\"Un medio a la manera de Dios\",\"publisher\":{\"@id\":\"https:\/\/tabernaculoprensadedios.com\/web\/#\/schema\/person\/bc0e069fef56b38e177db6f098ae0b6e\"},\"potentialAction\":[{\"@type\":\"SearchAction\",\"target\":{\"@type\":\"EntryPoint\",\"urlTemplate\":\"https:\/\/tabernaculoprensadedios.com\/web\/?s={search_term_string}\"},\"query-input\":{\"@type\":\"PropertyValueSpecification\",\"valueRequired\":true,\"valueName\":\"search_term_string\"}}],\"inLanguage\":\"es\"},{\"@type\":[\"Person\",\"Organization\"],\"@id\":\"https:\/\/tabernaculoprensadedios.com\/web\/#\/schema\/person\/bc0e069fef56b38e177db6f098ae0b6e\",\"name\":\"tabernaculo\",\"image\":{\"@type\":\"ImageObject\",\"inLanguage\":\"es\",\"@id\":\"https:\/\/tabernaculoprensadedios.com\/web\/#\/schema\/person\/image\/\",\"url\":\"https:\/\/tabernaculoprensadedios.com\/web\/wp-content\/uploads\/2015\/06\/login-logo1.png\",\"contentUrl\":\"https:\/\/tabernaculoprensadedios.com\/web\/wp-content\/uploads\/2015\/06\/login-logo1.png\",\"width\":300,\"height\":118,\"caption\":\"tabernaculo\"},\"logo\":{\"@id\":\"https:\/\/tabernaculoprensadedios.com\/web\/#\/schema\/person\/image\/\"},\"url\":\"https:\/\/tabernaculoprensadedios.com\/web\/author\/tabernaculo\/\"}]}<\/script>\n<!-- \/ Yoast SEO Premium plugin. -->","yoast_head_json":{"title":"De la Incertidumbre a la Bendici\u00f3n. Testimonio de Superaci\u00f3n y Esperanza - Tabernaculo Prensa de Dios","robots":{"index":"index","follow":"follow","max-snippet":"max-snippet:-1","max-image-preview":"max-image-preview:large","max-video-preview":"max-video-preview:-1"},"canonical":"https:\/\/tabernaculoprensadedios.com\/web\/de-la-incertidumbre-a-la-bendicion-testimonio-de-superacion-y-esperanza\/","og_locale":"es_ES","og_type":"article","og_title":"De la Incertidumbre a la Bendici\u00f3n. Testimonio de Superaci\u00f3n y Esperanza","og_description":"El jueves 13 de junio de 2024, nos reunimos en la iglesia cristiana de la Cristianizaci\u00f3n, para celebrar y dar gracias a Dios en el culto de acci\u00f3n de gracias por la sexag\u00e9sima octava graduaci\u00f3n que se llevar\u00e1 a cabo el 4 de julio de este mismo a\u00f1o. Durante el culto, hubo palabras protocolarias de &hellip;","og_url":"https:\/\/tabernaculoprensadedios.com\/web\/de-la-incertidumbre-a-la-bendicion-testimonio-de-superacion-y-esperanza\/","og_site_name":"Tabernaculo Prensa de Dios","article_published_time":"2024-06-22T17:43:31+00:00","article_modified_time":"2024-06-24T16:58:44+00:00","og_image":[{"width":623,"height":400,"url":"https:\/\/tabernaculoprensadedios.com\/web\/wp-content\/uploads\/2024\/06\/De-la-Incertidumbre-a-la-Bendicion.-Testimonio-de-Superacion-y-Esperanza-e1719078138449.jpg","type":"image\/jpeg"}],"author":"tabernaculo","twitter_card":"summary_large_image","twitter_creator":"@PrensadeDios","twitter_site":"@PrensadeDios","twitter_misc":{"Escrito por":"tabernaculo","Tiempo de lectura":"4 minutos"},"schema":{"@context":"https:\/\/schema.org","@graph":[{"@type":"Article","@id":"https:\/\/tabernaculoprensadedios.com\/web\/de-la-incertidumbre-a-la-bendicion-testimonio-de-superacion-y-esperanza\/#article","isPartOf":{"@id":"https:\/\/tabernaculoprensadedios.com\/web\/de-la-incertidumbre-a-la-bendicion-testimonio-de-superacion-y-esperanza\/"},"author":{"name":"tabernaculo","@id":"https:\/\/tabernaculoprensadedios.com\/web\/#\/schema\/person\/bc0e069fef56b38e177db6f098ae0b6e"},"headline":"De la Incertidumbre a la Bendici\u00f3n. Testimonio de Superaci\u00f3n y Esperanza","datePublished":"2024-06-22T17:43:31+00:00","dateModified":"2024-06-24T16:58:44+00:00","mainEntityOfPage":{"@id":"https:\/\/tabernaculoprensadedios.com\/web\/de-la-incertidumbre-a-la-bendicion-testimonio-de-superacion-y-esperanza\/"},"wordCount":776,"commentCount":0,"publisher":{"@id":"https:\/\/tabernaculoprensadedios.com\/web\/#\/schema\/person\/bc0e069fef56b38e177db6f098ae0b6e"},"image":{"@id":"https:\/\/tabernaculoprensadedios.com\/web\/de-la-incertidumbre-a-la-bendicion-testimonio-de-superacion-y-esperanza\/#primaryimage"},"thumbnailUrl":"https:\/\/tabernaculoprensadedios.com\/web\/wp-content\/uploads\/2024\/06\/De-la-Incertidumbre-a-la-Bendicion.-Testimonio-de-Superacion-y-Esperanza-e1719078138449.jpg","articleSection":["Articulos"],"inLanguage":"es","potentialAction":[{"@type":"CommentAction","name":"Comment","target":["https:\/\/tabernaculoprensadedios.com\/web\/de-la-incertidumbre-a-la-bendicion-testimonio-de-superacion-y-esperanza\/#respond"]}]},{"@type":"WebPage","@id":"https:\/\/tabernaculoprensadedios.com\/web\/de-la-incertidumbre-a-la-bendicion-testimonio-de-superacion-y-esperanza\/","url":"https:\/\/tabernaculoprensadedios.com\/web\/de-la-incertidumbre-a-la-bendicion-testimonio-de-superacion-y-esperanza\/","name":"De la Incertidumbre a la Bendici\u00f3n. Testimonio de Superaci\u00f3n y Esperanza - Tabernaculo Prensa de Dios","isPartOf":{"@id":"https:\/\/tabernaculoprensadedios.com\/web\/#website"},"primaryImageOfPage":{"@id":"https:\/\/tabernaculoprensadedios.com\/web\/de-la-incertidumbre-a-la-bendicion-testimonio-de-superacion-y-esperanza\/#primaryimage"},"image":{"@id":"https:\/\/tabernaculoprensadedios.com\/web\/de-la-incertidumbre-a-la-bendicion-testimonio-de-superacion-y-esperanza\/#primaryimage"},"thumbnailUrl":"https:\/\/tabernaculoprensadedios.com\/web\/wp-content\/uploads\/2024\/06\/De-la-Incertidumbre-a-la-Bendicion.-Testimonio-de-Superacion-y-Esperanza-e1719078138449.jpg","datePublished":"2024-06-22T17:43:31+00:00","dateModified":"2024-06-24T16:58:44+00:00","breadcrumb":{"@id":"https:\/\/tabernaculoprensadedios.com\/web\/de-la-incertidumbre-a-la-bendicion-testimonio-de-superacion-y-esperanza\/#breadcrumb"},"inLanguage":"es","potentialAction":[{"@type":"ReadAction","target":["https:\/\/tabernaculoprensadedios.com\/web\/de-la-incertidumbre-a-la-bendicion-testimonio-de-superacion-y-esperanza\/"]}]},{"@type":"ImageObject","inLanguage":"es","@id":"https:\/\/tabernaculoprensadedios.com\/web\/de-la-incertidumbre-a-la-bendicion-testimonio-de-superacion-y-esperanza\/#primaryimage","url":"https:\/\/tabernaculoprensadedios.com\/web\/wp-content\/uploads\/2024\/06\/De-la-Incertidumbre-a-la-Bendicion.-Testimonio-de-Superacion-y-Esperanza-e1719078138449.jpg","contentUrl":"https:\/\/tabernaculoprensadedios.com\/web\/wp-content\/uploads\/2024\/06\/De-la-Incertidumbre-a-la-Bendicion.-Testimonio-de-Superacion-y-Esperanza-e1719078138449.jpg","width":623,"height":400,"caption":"Rosal\u00eda de Paula Rodriguez"},{"@type":"BreadcrumbList","@id":"https:\/\/tabernaculoprensadedios.com\/web\/de-la-incertidumbre-a-la-bendicion-testimonio-de-superacion-y-esperanza\/#breadcrumb","itemListElement":[{"@type":"ListItem","position":1,"name":"Portada","item":"https:\/\/tabernaculoprensadedios.com\/web\/"},{"@type":"ListItem","position":2,"name":"De la Incertidumbre a la Bendici\u00f3n. Testimonio de Superaci\u00f3n y Esperanza"}]},{"@type":"WebSite","@id":"https:\/\/tabernaculoprensadedios.com\/web\/#website","url":"https:\/\/tabernaculoprensadedios.com\/web\/","name":"Tabernaculo Prensa de Dios","description":"Un medio a la manera de Dios","publisher":{"@id":"https:\/\/tabernaculoprensadedios.com\/web\/#\/schema\/person\/bc0e069fef56b38e177db6f098ae0b6e"},"potentialAction":[{"@type":"SearchAction","target":{"@type":"EntryPoint","urlTemplate":"https:\/\/tabernaculoprensadedios.com\/web\/?s={search_term_string}"},"query-input":{"@type":"PropertyValueSpecification","valueRequired":true,"valueName":"search_term_string"}}],"inLanguage":"es"},{"@type":["Person","Organization"],"@id":"https:\/\/tabernaculoprensadedios.com\/web\/#\/schema\/person\/bc0e069fef56b38e177db6f098ae0b6e","name":"tabernaculo","image":{"@type":"ImageObject","inLanguage":"es","@id":"https:\/\/tabernaculoprensadedios.com\/web\/#\/schema\/person\/image\/","url":"https:\/\/tabernaculoprensadedios.com\/web\/wp-content\/uploads\/2015\/06\/login-logo1.png","contentUrl":"https:\/\/tabernaculoprensadedios.com\/web\/wp-content\/uploads\/2015\/06\/login-logo1.png","width":300,"height":118,"caption":"tabernaculo"},"logo":{"@id":"https:\/\/tabernaculoprensadedios.com\/web\/#\/schema\/person\/image\/"},"url":"https:\/\/tabernaculoprensadedios.com\/web\/author\/tabernaculo\/"}]}},"_links":{"self":[{"href":"https:\/\/tabernaculoprensadedios.com\/web\/wp-json\/wp\/v2\/posts\/31542","targetHints":{"allow":["GET"]}}],"collection":[{"href":"https:\/\/tabernaculoprensadedios.com\/web\/wp-json\/wp\/v2\/posts"}],"about":[{"href":"https:\/\/tabernaculoprensadedios.com\/web\/wp-json\/wp\/v2\/types\/post"}],"author":[{"embeddable":true,"href":"https:\/\/tabernaculoprensadedios.com\/web\/wp-json\/wp\/v2\/users\/1"}],"replies":[{"embeddable":true,"href":"https:\/\/tabernaculoprensadedios.com\/web\/wp-json\/wp\/v2\/comments?post=31542"}],"version-history":[{"count":4,"href":"https:\/\/tabernaculoprensadedios.com\/web\/wp-json\/wp\/v2\/posts\/31542\/revisions"}],"predecessor-version":[{"id":31565,"href":"https:\/\/tabernaculoprensadedios.com\/web\/wp-json\/wp\/v2\/posts\/31542\/revisions\/31565"}],"wp:featuredmedia":[{"embeddable":true,"href":"https:\/\/tabernaculoprensadedios.com\/web\/wp-json\/wp\/v2\/media\/31543"}],"wp:attachment":[{"href":"https:\/\/tabernaculoprensadedios.com\/web\/wp-json\/wp\/v2\/media?parent=31542"}],"wp:term":[{"taxonomy":"category","embeddable":true,"href":"https:\/\/tabernaculoprensadedios.com\/web\/wp-json\/wp\/v2\/categories?post=31542"},{"taxonomy":"post_tag","embeddable":true,"href":"https:\/\/tabernaculoprensadedios.com\/web\/wp-json\/wp\/v2\/tags?post=31542"}],"curies":[{"name":"wp","href":"https:\/\/api.w.org\/{rel}","templated":true}]}}