{"id":31516,"date":"2024-06-21T00:16:10","date_gmt":"2024-06-21T00:16:10","guid":{"rendered":"https:\/\/tabernaculoprensadedios.com\/web\/?p=31516"},"modified":"2024-06-21T00:16:10","modified_gmt":"2024-06-21T00:16:10","slug":"la-justicia-divina-liderazgo-y-responsabilidad-en-el-servicio-a-dios","status":"publish","type":"post","link":"https:\/\/tabernaculoprensadedios.com\/web\/la-justicia-divina-liderazgo-y-responsabilidad-en-el-servicio-a-dios\/","title":{"rendered":"La Justicia Divina. Liderazgo y Responsabilidad en el Servicio a Dios"},"content":{"rendered":"<p>La tarea de pastorear una grey o manejar un ministerio en la iglesia no es asunto de unas pocas horas invertidas aqu\u00ed y all\u00ed; sobre todo cuando se busca impartir una visi\u00f3n y marcar un grupo con una cierta sensibilidad espiritual. Se requiere que el l\u00edder invierta mucho tiempo y pasi\u00f3n en el proyecto. Los ministerios exitosos se erigen a largo plazo, una intervenci\u00f3n a la vez, tratando directamente con el pueblo. Hay que mantener contacto cercano con los l\u00edderes claves. Es necesario impartirles la unci\u00f3n y la marca del siervo o la sierva de Dios por medio del contacto continuo.<\/p>\n<p>Ese es el m\u00e9todo que emple\u00f3 Jes\u00fas. Durante los a\u00f1os de su ministerio, vivi\u00f3, camin\u00f3 y ministr\u00f3 con sus disc\u00edpulos hasta marcarlos profundamente con su visi\u00f3n. Finalmente, la obra del Esp\u00edritu Santo en Pentecost\u00e9s sell\u00f3 las ense\u00f1anzas recibidas del Maestro, y permiti\u00f3 que los disc\u00edpulos pudieran ministrar en el poder y el estilo del Se\u00f1or.<\/p>\n<p>A lo largo de mi ministerio, he descubierto que el pastorado conlleva un alto precio personal. En realidad, cualquier liderazgo que tenga visi\u00f3n o prop\u00f3sito requiere un continuo involucramiento de parte del l\u00edder principal. \u00a1No hay atajaderos! Requiere la inversi\u00f3n total e incesante de nuestra vida. Es necesario mantener un involucramiento directo y personal con aquellos que queremos formar con la visi\u00f3n que hemos recibido de parte de Dios. El terreno ministerial tiene que ser irrigado continuamente. Los l\u00edderes tienen que ser marcados insistentemente con la visi\u00f3n original.<\/p>\n<p>El l\u00edder tiene que estar claro con respecto a lo que Dios le ha comunicado. Necesita saber con certeza qu\u00e9 tipo de ministerio va a construir. Tiene que determinar cu\u00e1les son las directivas espec\u00edficas que ha recibido de parte del Esp\u00edritu Santo, y cu\u00e1l es la sensibilidad que ha de impartirle a sus seguidores. Tiene que mantenerse fiel a la visi\u00f3n original. Es necesario persistir en los elementos que la componen a pesar de la oposici\u00f3n y la cr\u00edtica, los retrasos y complicaciones, y aun los fracasos personales. Todos los aspectos del ministerio necesitan ser alineados con la visi\u00f3n esencial. Cada actividad o decisi\u00f3n debe reflejar los valores esenciales de esa visi\u00f3n.<\/p>\n<p>Evidentemente, Josafat entend\u00eda esto. Por eso invirti\u00f3 mucho tiempo y energ\u00eda en darle la vuelta continuamente al pueblo, a pesar de residir en la capital del reino. Podemos imaginarnos al din\u00e1mico y joven rey, saliendo peri\u00f3dicamente desde Jerusal\u00e9n con una comitiva de sus oficiales principales temprano en la ma\u00f1ana, para dirigirse a caballo hacia alg\u00fan sector del pa\u00eds. Era necesario asegurarse que la visi\u00f3n de una naci\u00f3n piadosa, regida por los principios de la Ley de Jehov\u00e1, estaba siendo implementada y arraigada en la sensibilidad de su pueblo.<\/p>\n","protected":false},"excerpt":{"rendered":"<p>La tarea de pastorear una grey o manejar un ministerio en la iglesia no es asunto de unas pocas horas invertidas aqu\u00ed y all\u00ed; sobre todo cuando se busca impartir una visi\u00f3n y marcar un grupo con una cierta sensibilidad espiritual. Se requiere que el l\u00edder invierta mucho tiempo y pasi\u00f3n en el proyecto. Los &hellip;<\/p>\n","protected":false},"author":1,"featured_media":31517,"comment_status":"open","ping_status":"open","sticky":false,"template":"","format":"standard","meta":{"footnotes":""},"categories":[34],"tags":[],"class_list":["post-31516","post","type-post","status-publish","format-standard","has-post-thumbnail","hentry","category-articulos"],"yoast_head":"<!-- This site is optimized with the Yoast SEO Premium plugin v24.2 (Yoast SEO v27.1.1) - https:\/\/yoast.com\/product\/yoast-seo-premium-wordpress\/ -->\n<title>La Justicia Divina. Liderazgo y Responsabilidad en el Servicio a Dios - Tabernaculo Prensa de Dios<\/title>\n<meta name=\"robots\" content=\"index, follow, max-snippet:-1, max-image-preview:large, max-video-preview:-1\" \/>\n<link rel=\"canonical\" href=\"https:\/\/tabernaculoprensadedios.com\/web\/la-justicia-divina-liderazgo-y-responsabilidad-en-el-servicio-a-dios\/\" class=\"yoast-seo-meta-tag\" \/>\n<meta property=\"og:locale\" content=\"es_ES\" class=\"yoast-seo-meta-tag\" \/>\n<meta property=\"og:type\" content=\"article\" class=\"yoast-seo-meta-tag\" \/>\n<meta property=\"og:title\" content=\"La Justicia Divina. Liderazgo y Responsabilidad en el Servicio a Dios\" class=\"yoast-seo-meta-tag\" \/>\n<meta property=\"og:description\" content=\"La tarea de pastorear una grey o manejar un ministerio en la iglesia no es asunto de unas pocas horas invertidas aqu\u00ed y all\u00ed; sobre todo cuando se busca impartir una visi\u00f3n y marcar un grupo con una cierta sensibilidad espiritual. Se requiere que el l\u00edder invierta mucho tiempo y pasi\u00f3n en el proyecto. Los &hellip;\" class=\"yoast-seo-meta-tag\" \/>\n<meta property=\"og:url\" content=\"https:\/\/tabernaculoprensadedios.com\/web\/la-justicia-divina-liderazgo-y-responsabilidad-en-el-servicio-a-dios\/\" class=\"yoast-seo-meta-tag\" \/>\n<meta property=\"og:site_name\" content=\"Tabernaculo Prensa de Dios\" class=\"yoast-seo-meta-tag\" \/>\n<meta property=\"article:published_time\" content=\"2024-06-21T00:16:10+00:00\" class=\"yoast-seo-meta-tag\" \/>\n<meta property=\"og:image\" content=\"https:\/\/tabernaculoprensadedios.com\/web\/wp-content\/uploads\/2024\/06\/liderazgo-.jpg\" class=\"yoast-seo-meta-tag\" \/>\n\t<meta property=\"og:image:width\" content=\"1280\" class=\"yoast-seo-meta-tag\" \/>\n\t<meta property=\"og:image:height\" content=\"724\" class=\"yoast-seo-meta-tag\" \/>\n\t<meta property=\"og:image:type\" content=\"image\/jpeg\" class=\"yoast-seo-meta-tag\" \/>\n<meta name=\"author\" content=\"tabernaculo\" class=\"yoast-seo-meta-tag\" \/>\n<meta name=\"twitter:card\" content=\"summary_large_image\" class=\"yoast-seo-meta-tag\" \/>\n<meta name=\"twitter:creator\" content=\"@PrensadeDios\" class=\"yoast-seo-meta-tag\" \/>\n<meta name=\"twitter:site\" content=\"@PrensadeDios\" class=\"yoast-seo-meta-tag\" \/>\n<meta name=\"twitter:label1\" content=\"Escrito por\" class=\"yoast-seo-meta-tag\" \/>\n\t<meta name=\"twitter:data1\" content=\"tabernaculo\" class=\"yoast-seo-meta-tag\" \/>\n\t<meta name=\"twitter:label2\" content=\"Tiempo de lectura\" class=\"yoast-seo-meta-tag\" \/>\n\t<meta name=\"twitter:data2\" content=\"3 minutos\" class=\"yoast-seo-meta-tag\" \/>\n<script type=\"application\/ld+json\" class=\"yoast-schema-graph\">{\"@context\":\"https:\/\/schema.org\",\"@graph\":[{\"@type\":\"Article\",\"@id\":\"https:\/\/tabernaculoprensadedios.com\/web\/la-justicia-divina-liderazgo-y-responsabilidad-en-el-servicio-a-dios\/#article\",\"isPartOf\":{\"@id\":\"https:\/\/tabernaculoprensadedios.com\/web\/la-justicia-divina-liderazgo-y-responsabilidad-en-el-servicio-a-dios\/\"},\"author\":{\"name\":\"tabernaculo\",\"@id\":\"https:\/\/tabernaculoprensadedios.com\/web\/#\/schema\/person\/bc0e069fef56b38e177db6f098ae0b6e\"},\"headline\":\"La Justicia Divina. Liderazgo y Responsabilidad en el Servicio a Dios\",\"datePublished\":\"2024-06-21T00:16:10+00:00\",\"mainEntityOfPage\":{\"@id\":\"https:\/\/tabernaculoprensadedios.com\/web\/la-justicia-divina-liderazgo-y-responsabilidad-en-el-servicio-a-dios\/\"},\"wordCount\":499,\"commentCount\":0,\"publisher\":{\"@id\":\"https:\/\/tabernaculoprensadedios.com\/web\/#\/schema\/person\/bc0e069fef56b38e177db6f098ae0b6e\"},\"image\":{\"@id\":\"https:\/\/tabernaculoprensadedios.com\/web\/la-justicia-divina-liderazgo-y-responsabilidad-en-el-servicio-a-dios\/#primaryimage\"},\"thumbnailUrl\":\"https:\/\/tabernaculoprensadedios.com\/web\/wp-content\/uploads\/2024\/06\/liderazgo-.jpg\",\"articleSection\":[\"Articulos\"],\"inLanguage\":\"es\",\"potentialAction\":[{\"@type\":\"CommentAction\",\"name\":\"Comment\",\"target\":[\"https:\/\/tabernaculoprensadedios.com\/web\/la-justicia-divina-liderazgo-y-responsabilidad-en-el-servicio-a-dios\/#respond\"]}]},{\"@type\":\"WebPage\",\"@id\":\"https:\/\/tabernaculoprensadedios.com\/web\/la-justicia-divina-liderazgo-y-responsabilidad-en-el-servicio-a-dios\/\",\"url\":\"https:\/\/tabernaculoprensadedios.com\/web\/la-justicia-divina-liderazgo-y-responsabilidad-en-el-servicio-a-dios\/\",\"name\":\"La Justicia Divina. Liderazgo y Responsabilidad en el Servicio a Dios - Tabernaculo Prensa de Dios\",\"isPartOf\":{\"@id\":\"https:\/\/tabernaculoprensadedios.com\/web\/#website\"},\"primaryImageOfPage\":{\"@id\":\"https:\/\/tabernaculoprensadedios.com\/web\/la-justicia-divina-liderazgo-y-responsabilidad-en-el-servicio-a-dios\/#primaryimage\"},\"image\":{\"@id\":\"https:\/\/tabernaculoprensadedios.com\/web\/la-justicia-divina-liderazgo-y-responsabilidad-en-el-servicio-a-dios\/#primaryimage\"},\"thumbnailUrl\":\"https:\/\/tabernaculoprensadedios.com\/web\/wp-content\/uploads\/2024\/06\/liderazgo-.jpg\",\"datePublished\":\"2024-06-21T00:16:10+00:00\",\"breadcrumb\":{\"@id\":\"https:\/\/tabernaculoprensadedios.com\/web\/la-justicia-divina-liderazgo-y-responsabilidad-en-el-servicio-a-dios\/#breadcrumb\"},\"inLanguage\":\"es\",\"potentialAction\":[{\"@type\":\"ReadAction\",\"target\":[\"https:\/\/tabernaculoprensadedios.com\/web\/la-justicia-divina-liderazgo-y-responsabilidad-en-el-servicio-a-dios\/\"]}]},{\"@type\":\"ImageObject\",\"inLanguage\":\"es\",\"@id\":\"https:\/\/tabernaculoprensadedios.com\/web\/la-justicia-divina-liderazgo-y-responsabilidad-en-el-servicio-a-dios\/#primaryimage\",\"url\":\"https:\/\/tabernaculoprensadedios.com\/web\/wp-content\/uploads\/2024\/06\/liderazgo-.jpg\",\"contentUrl\":\"https:\/\/tabernaculoprensadedios.com\/web\/wp-content\/uploads\/2024\/06\/liderazgo-.jpg\",\"width\":1280,\"height\":724},{\"@type\":\"BreadcrumbList\",\"@id\":\"https:\/\/tabernaculoprensadedios.com\/web\/la-justicia-divina-liderazgo-y-responsabilidad-en-el-servicio-a-dios\/#breadcrumb\",\"itemListElement\":[{\"@type\":\"ListItem\",\"position\":1,\"name\":\"Portada\",\"item\":\"https:\/\/tabernaculoprensadedios.com\/web\/\"},{\"@type\":\"ListItem\",\"position\":2,\"name\":\"La Justicia Divina. Liderazgo y Responsabilidad en el Servicio a Dios\"}]},{\"@type\":\"WebSite\",\"@id\":\"https:\/\/tabernaculoprensadedios.com\/web\/#website\",\"url\":\"https:\/\/tabernaculoprensadedios.com\/web\/\",\"name\":\"Tabernaculo Prensa de Dios\",\"description\":\"Un medio a la manera de Dios\",\"publisher\":{\"@id\":\"https:\/\/tabernaculoprensadedios.com\/web\/#\/schema\/person\/bc0e069fef56b38e177db6f098ae0b6e\"},\"potentialAction\":[{\"@type\":\"SearchAction\",\"target\":{\"@type\":\"EntryPoint\",\"urlTemplate\":\"https:\/\/tabernaculoprensadedios.com\/web\/?s={search_term_string}\"},\"query-input\":{\"@type\":\"PropertyValueSpecification\",\"valueRequired\":true,\"valueName\":\"search_term_string\"}}],\"inLanguage\":\"es\"},{\"@type\":[\"Person\",\"Organization\"],\"@id\":\"https:\/\/tabernaculoprensadedios.com\/web\/#\/schema\/person\/bc0e069fef56b38e177db6f098ae0b6e\",\"name\":\"tabernaculo\",\"image\":{\"@type\":\"ImageObject\",\"inLanguage\":\"es\",\"@id\":\"https:\/\/tabernaculoprensadedios.com\/web\/#\/schema\/person\/image\/\",\"url\":\"https:\/\/tabernaculoprensadedios.com\/web\/wp-content\/uploads\/2015\/06\/login-logo1.png\",\"contentUrl\":\"https:\/\/tabernaculoprensadedios.com\/web\/wp-content\/uploads\/2015\/06\/login-logo1.png\",\"width\":300,\"height\":118,\"caption\":\"tabernaculo\"},\"logo\":{\"@id\":\"https:\/\/tabernaculoprensadedios.com\/web\/#\/schema\/person\/image\/\"},\"url\":\"https:\/\/tabernaculoprensadedios.com\/web\/author\/tabernaculo\/\"}]}<\/script>\n<!-- \/ Yoast SEO Premium plugin. -->","yoast_head_json":{"title":"La Justicia Divina. Liderazgo y Responsabilidad en el Servicio a Dios - Tabernaculo Prensa de Dios","robots":{"index":"index","follow":"follow","max-snippet":"max-snippet:-1","max-image-preview":"max-image-preview:large","max-video-preview":"max-video-preview:-1"},"canonical":"https:\/\/tabernaculoprensadedios.com\/web\/la-justicia-divina-liderazgo-y-responsabilidad-en-el-servicio-a-dios\/","og_locale":"es_ES","og_type":"article","og_title":"La Justicia Divina. Liderazgo y Responsabilidad en el Servicio a Dios","og_description":"La tarea de pastorear una grey o manejar un ministerio en la iglesia no es asunto de unas pocas horas invertidas aqu\u00ed y all\u00ed; sobre todo cuando se busca impartir una visi\u00f3n y marcar un grupo con una cierta sensibilidad espiritual. Se requiere que el l\u00edder invierta mucho tiempo y pasi\u00f3n en el proyecto. Los &hellip;","og_url":"https:\/\/tabernaculoprensadedios.com\/web\/la-justicia-divina-liderazgo-y-responsabilidad-en-el-servicio-a-dios\/","og_site_name":"Tabernaculo Prensa de Dios","article_published_time":"2024-06-21T00:16:10+00:00","og_image":[{"width":1280,"height":724,"url":"https:\/\/tabernaculoprensadedios.com\/web\/wp-content\/uploads\/2024\/06\/liderazgo-.jpg","type":"image\/jpeg"}],"author":"tabernaculo","twitter_card":"summary_large_image","twitter_creator":"@PrensadeDios","twitter_site":"@PrensadeDios","twitter_misc":{"Escrito por":"tabernaculo","Tiempo de lectura":"3 minutos"},"schema":{"@context":"https:\/\/schema.org","@graph":[{"@type":"Article","@id":"https:\/\/tabernaculoprensadedios.com\/web\/la-justicia-divina-liderazgo-y-responsabilidad-en-el-servicio-a-dios\/#article","isPartOf":{"@id":"https:\/\/tabernaculoprensadedios.com\/web\/la-justicia-divina-liderazgo-y-responsabilidad-en-el-servicio-a-dios\/"},"author":{"name":"tabernaculo","@id":"https:\/\/tabernaculoprensadedios.com\/web\/#\/schema\/person\/bc0e069fef56b38e177db6f098ae0b6e"},"headline":"La Justicia Divina. Liderazgo y Responsabilidad en el Servicio a Dios","datePublished":"2024-06-21T00:16:10+00:00","mainEntityOfPage":{"@id":"https:\/\/tabernaculoprensadedios.com\/web\/la-justicia-divina-liderazgo-y-responsabilidad-en-el-servicio-a-dios\/"},"wordCount":499,"commentCount":0,"publisher":{"@id":"https:\/\/tabernaculoprensadedios.com\/web\/#\/schema\/person\/bc0e069fef56b38e177db6f098ae0b6e"},"image":{"@id":"https:\/\/tabernaculoprensadedios.com\/web\/la-justicia-divina-liderazgo-y-responsabilidad-en-el-servicio-a-dios\/#primaryimage"},"thumbnailUrl":"https:\/\/tabernaculoprensadedios.com\/web\/wp-content\/uploads\/2024\/06\/liderazgo-.jpg","articleSection":["Articulos"],"inLanguage":"es","potentialAction":[{"@type":"CommentAction","name":"Comment","target":["https:\/\/tabernaculoprensadedios.com\/web\/la-justicia-divina-liderazgo-y-responsabilidad-en-el-servicio-a-dios\/#respond"]}]},{"@type":"WebPage","@id":"https:\/\/tabernaculoprensadedios.com\/web\/la-justicia-divina-liderazgo-y-responsabilidad-en-el-servicio-a-dios\/","url":"https:\/\/tabernaculoprensadedios.com\/web\/la-justicia-divina-liderazgo-y-responsabilidad-en-el-servicio-a-dios\/","name":"La Justicia Divina. Liderazgo y Responsabilidad en el Servicio a Dios - Tabernaculo Prensa de Dios","isPartOf":{"@id":"https:\/\/tabernaculoprensadedios.com\/web\/#website"},"primaryImageOfPage":{"@id":"https:\/\/tabernaculoprensadedios.com\/web\/la-justicia-divina-liderazgo-y-responsabilidad-en-el-servicio-a-dios\/#primaryimage"},"image":{"@id":"https:\/\/tabernaculoprensadedios.com\/web\/la-justicia-divina-liderazgo-y-responsabilidad-en-el-servicio-a-dios\/#primaryimage"},"thumbnailUrl":"https:\/\/tabernaculoprensadedios.com\/web\/wp-content\/uploads\/2024\/06\/liderazgo-.jpg","datePublished":"2024-06-21T00:16:10+00:00","breadcrumb":{"@id":"https:\/\/tabernaculoprensadedios.com\/web\/la-justicia-divina-liderazgo-y-responsabilidad-en-el-servicio-a-dios\/#breadcrumb"},"inLanguage":"es","potentialAction":[{"@type":"ReadAction","target":["https:\/\/tabernaculoprensadedios.com\/web\/la-justicia-divina-liderazgo-y-responsabilidad-en-el-servicio-a-dios\/"]}]},{"@type":"ImageObject","inLanguage":"es","@id":"https:\/\/tabernaculoprensadedios.com\/web\/la-justicia-divina-liderazgo-y-responsabilidad-en-el-servicio-a-dios\/#primaryimage","url":"https:\/\/tabernaculoprensadedios.com\/web\/wp-content\/uploads\/2024\/06\/liderazgo-.jpg","contentUrl":"https:\/\/tabernaculoprensadedios.com\/web\/wp-content\/uploads\/2024\/06\/liderazgo-.jpg","width":1280,"height":724},{"@type":"BreadcrumbList","@id":"https:\/\/tabernaculoprensadedios.com\/web\/la-justicia-divina-liderazgo-y-responsabilidad-en-el-servicio-a-dios\/#breadcrumb","itemListElement":[{"@type":"ListItem","position":1,"name":"Portada","item":"https:\/\/tabernaculoprensadedios.com\/web\/"},{"@type":"ListItem","position":2,"name":"La Justicia Divina. Liderazgo y Responsabilidad en el Servicio a Dios"}]},{"@type":"WebSite","@id":"https:\/\/tabernaculoprensadedios.com\/web\/#website","url":"https:\/\/tabernaculoprensadedios.com\/web\/","name":"Tabernaculo Prensa de Dios","description":"Un medio a la manera de Dios","publisher":{"@id":"https:\/\/tabernaculoprensadedios.com\/web\/#\/schema\/person\/bc0e069fef56b38e177db6f098ae0b6e"},"potentialAction":[{"@type":"SearchAction","target":{"@type":"EntryPoint","urlTemplate":"https:\/\/tabernaculoprensadedios.com\/web\/?s={search_term_string}"},"query-input":{"@type":"PropertyValueSpecification","valueRequired":true,"valueName":"search_term_string"}}],"inLanguage":"es"},{"@type":["Person","Organization"],"@id":"https:\/\/tabernaculoprensadedios.com\/web\/#\/schema\/person\/bc0e069fef56b38e177db6f098ae0b6e","name":"tabernaculo","image":{"@type":"ImageObject","inLanguage":"es","@id":"https:\/\/tabernaculoprensadedios.com\/web\/#\/schema\/person\/image\/","url":"https:\/\/tabernaculoprensadedios.com\/web\/wp-content\/uploads\/2015\/06\/login-logo1.png","contentUrl":"https:\/\/tabernaculoprensadedios.com\/web\/wp-content\/uploads\/2015\/06\/login-logo1.png","width":300,"height":118,"caption":"tabernaculo"},"logo":{"@id":"https:\/\/tabernaculoprensadedios.com\/web\/#\/schema\/person\/image\/"},"url":"https:\/\/tabernaculoprensadedios.com\/web\/author\/tabernaculo\/"}]}},"_links":{"self":[{"href":"https:\/\/tabernaculoprensadedios.com\/web\/wp-json\/wp\/v2\/posts\/31516","targetHints":{"allow":["GET"]}}],"collection":[{"href":"https:\/\/tabernaculoprensadedios.com\/web\/wp-json\/wp\/v2\/posts"}],"about":[{"href":"https:\/\/tabernaculoprensadedios.com\/web\/wp-json\/wp\/v2\/types\/post"}],"author":[{"embeddable":true,"href":"https:\/\/tabernaculoprensadedios.com\/web\/wp-json\/wp\/v2\/users\/1"}],"replies":[{"embeddable":true,"href":"https:\/\/tabernaculoprensadedios.com\/web\/wp-json\/wp\/v2\/comments?post=31516"}],"version-history":[{"count":1,"href":"https:\/\/tabernaculoprensadedios.com\/web\/wp-json\/wp\/v2\/posts\/31516\/revisions"}],"predecessor-version":[{"id":31518,"href":"https:\/\/tabernaculoprensadedios.com\/web\/wp-json\/wp\/v2\/posts\/31516\/revisions\/31518"}],"wp:featuredmedia":[{"embeddable":true,"href":"https:\/\/tabernaculoprensadedios.com\/web\/wp-json\/wp\/v2\/media\/31517"}],"wp:attachment":[{"href":"https:\/\/tabernaculoprensadedios.com\/web\/wp-json\/wp\/v2\/media?parent=31516"}],"wp:term":[{"taxonomy":"category","embeddable":true,"href":"https:\/\/tabernaculoprensadedios.com\/web\/wp-json\/wp\/v2\/categories?post=31516"},{"taxonomy":"post_tag","embeddable":true,"href":"https:\/\/tabernaculoprensadedios.com\/web\/wp-json\/wp\/v2\/tags?post=31516"}],"curies":[{"name":"wp","href":"https:\/\/api.w.org\/{rel}","templated":true}]}}