{"id":31411,"date":"2024-06-10T14:03:37","date_gmt":"2024-06-10T14:03:37","guid":{"rendered":"https:\/\/tabernaculoprensadedios.com\/web\/?p=31411"},"modified":"2024-06-10T14:03:37","modified_gmt":"2024-06-10T14:03:37","slug":"las-siete-necesidades-de-los-inmigrantes-reflexion-profunda-desde-la-ensenanza-de-cristo","status":"publish","type":"post","link":"https:\/\/tabernaculoprensadedios.com\/web\/las-siete-necesidades-de-los-inmigrantes-reflexion-profunda-desde-la-ensenanza-de-cristo\/","title":{"rendered":"Las Siete Necesidades de los Inmigrantes. Reflexi\u00f3n Profunda desde la Ense\u00f1anza de Cristo"},"content":{"rendered":"<p>No hay un d\u00eda en nuestra historia que no se hable del extranjero, sea porque algunos decidieron irse de su pa\u00eds buscando una vida mejor, o porque se vieron forzados a salir por la condici\u00f3n insoportable de vida, debido a la tiran\u00eda del gobierno de turno. Y aunque los extranjeros logramos insertarnos en el sistema de vida del pa\u00eds que nos recibe, seremos siempre extranjeros donde ahora vivimos. Mateo 25:31-46<\/p>\n<p>Como forasteros, en algunos casos, han experimentado la \u201cxenofobia\u201d. Esta palabra describe la actitud hostil con la cual algunos reaccionan al ver a los inmigrantes. En algunos casos, nos encontramos con grupos racistas quienes activan cierto odio y hasta rechazo por aquellos que no son como ellos.<\/p>\n<p>Una lectura detenida de este pasaje, adem\u00e1s de ser una de los m\u00e1s impactantes que se conozcan, fue dado en el contexto del juicio a las naciones con un marcado \u00e9nfasis en el cuidado que se le dio al extranjero. Es, en efecto, una de las ense\u00f1anzas m\u00e1s comprometedoras y por las que se ha de juzgar a todos los seguidores de Cristo.<\/p>\n<p>Nunca Jes\u00fas revel\u00f3 un asunto de tanta consideraci\u00f3n como lo hizo ac\u00e1. \u00bfCu\u00e1l fue su m\u00e1s grande preocupaci\u00f3n? Que nosotros vi\u00e9ramos al extranjero como \u00e9l los ve, para cuidar de ellos como personas muy vulnerables debido a su condici\u00f3n econ\u00f3mica, emocional y espiritual.<\/p>\n<p>Frente a esta desigualdad del mundo nada nos har\u00e1 bien que estudiar la postura de Cristo frente al llamado \u201cjuicio a las naciones\u201d. \u00bfPor qu\u00e9 decimos esto? Porque Jes\u00fas es el m\u00e1s grande defensor del extranjero, porque \u00e9l tambi\u00e9n fue un extranjero. Estas fueron sus palabras respecto a este tema: \u201cFui forastero y me recogiste\u201d. \u00bfQu\u00e9 quiso decir Jes\u00fas con esta frase?<\/p>\n<p><strong>JES\u00daS SE IDENTIFICA CON LAS CARENCIAS DEL NECESITADO<\/strong><br \/>\n<strong>Tuve Hambre, Y Me Disteis De Comer (Vers. 35\u00aa)<\/strong><br \/>\nEl hambre es una de las principales causas de muerte en el mundo. Las estad\u00edsticas nos alarman. Y en esto los inmigrantes llevan la peor parte. Ver a Jes\u00fas decir \u201ctuve hambre, y me disteis de comer\u201d es la m\u00e1s grande identificaci\u00f3n de aquel que tambi\u00e9n dijo: \u201cYo soy el pan de vida\u201d.<\/p>\n<p>Y si bien fue \u00e9l quien tambi\u00e9n dijo: \u201cno solo de pan vivir\u00e1 el hombre\u201d (Mateo 4:4), \u00e9l sabe de esta necesidad del cuerpo porque despu\u00e9s de ayunar 40 d\u00edas tuvo hambre. Si alguien conoce el est\u00f3mago hambriento es Jes\u00fas.<\/p>\n<p>No le neguemos el pan al que sufre. Nosotros tenemos la bendici\u00f3n de vivir en un pa\u00eds de mucha abundancia, pero m\u00e1s all\u00e1, \u201callende de los mares\u201d tenemos mucha gente que sufre de hambre y debemos darles de comer como les plante\u00f3 Jes\u00fas a sus propios disc\u00edpulos.<\/p>\n<p><strong>Tuve Sed, Y Me Disteis De Beber (Vers. 35b)<br \/>\n<\/strong>Jes\u00fas es el agua viva (Juan 7:37-39), sin embargo, ahora dice que tuve sed. Jes\u00fas sab\u00eda lo terrible que era la sed. En la cruz la experiment\u00f3 como ninguna otra cosa. La sed es peor que el hambre. Una persona podr\u00e1 durar muchos d\u00edas sin comer, pero no podr\u00e1 pasar tres d\u00edas sin tomar agua.<\/p>\n<p>Jes\u00fas sigue su identificaci\u00f3n con estos que sufren y ahora lo hace con aquellos que pasan la experiencia de esta carencia. \u00bfSabe usted la sed de los que cruzan las fronteras en busca de una vida mejor? Jes\u00fas dijo que el que diera de beber un vaso de agua a uno de esos peque\u00f1os no perder\u00eda su recompensa (Marcos 9:41).<\/p>\n<p>La sed de los que padecen por este preciado l\u00edquido es la misma sed de Jesucristo. \u00bfSabe usted cu\u00e1nta gente ahora mismo padece de sed en el mundo? Muchos migrantes pasan por terribles desiertos que llegan a ser \u201cuna enorme m\u00e1quina de matar\u201d. De esta manera lo titula los peri\u00f3dicos para describir el padecimiento por la sed.<\/p>\n<p><strong>Estuve Desnudo, Y Me Cubristeis (Vers. 36)<\/strong><br \/>\nLa desnudez es otra de las grandes carencias de nuestra humanidad. Cuando uno piensa en los hombres que se ven forzados a salir de sus tierras, muchos de ellos solo se llevando un morral consigo, habiendo dejado atr\u00e1s todas sus pertenencias, entre las que se incluyen sus ropas, abrigos y dem\u00e1s protecciones, ponderamos ese estado de carencia y protecci\u00f3n del cuerpo.<\/p>\n<p>O\u00edmos historias desgarradoras de nuestra gente atravesando un p\u00e1ramo sin las ropas adecuadas o calzados para la inclemencia de esos climas. Las monta\u00f1as del Dari\u00e9n entre Colombia y Panam\u00e1 son testigos de esta condici\u00f3n en las que atraviesa la gente.<\/p>\n<p>Jes\u00fas valor\u00f3 el hecho de que alguien pudiera cubrir de buen abrigo y calzado. He o\u00eddo de c\u00f3mo se ponen los pies de los caminantes, simplemente horribles, inflamados porque el calzado no es el m\u00e1s adecuado.<\/p>\n<p><strong>Estuve Enfermo\u2026 En La C\u00e1rcel\u2026 (Vers. 36b)<br \/>\n<\/strong>Jes\u00fas nos dio una visi\u00f3n completa de las carencias de los hombres. O\u00edrle hablar ahora de estar enfermo y en la c\u00e1rcel es llegar al extremo de esas condiciones que desgarran el alma. \u00bfSabe usted de esas enfermedades que golpean tan punzante mente el cuerpo del ser humano?<\/p>\n<p>\u00bfSabe usted lo que es el sufrimiento de una c\u00e1rcel? Pues Jes\u00fas se identifica en su totalidad con esta condici\u00f3n. Visitar al que est\u00e1 enfermo y al que est\u00e1 preso, es hacerlo al mismo Cristo. Ya el profeta hab\u00eda dicho que \u00e9l llev\u00f3 nuestros dolores, angustias y enfermedades. Los migrantes pasan por estos cuadros penosos que Jes\u00fas conoce con los cuales se identifica y est\u00e1 muy cerca de ellos.<\/p>\n<p><strong>JES\u00daS HACE PROVISI\u00d3N PARA SUPLIR A LOS NECESITADOS<\/strong><br \/>\n<strong>A. La Aprobaci\u00f3n De Los Justos (Versos. 34-40)<\/strong><br \/>\nLo primero que vemos ac\u00e1 es la gran sorpresa de los justos al o\u00edr del Rey las palabras m\u00e1s dulces que se podr\u00e1n escuchar el d\u00eda cuando estemos en su presencia: \u201cPor cuanto lo hicisteis a uno de mis hermanos m\u00e1s peque\u00f1os a m\u00ed lo hicisteis\u201d.<\/p>\n<p>En la pregunta que hacen los sorprendidos del Se\u00f1or, hay seis actos de necesidad donde estuvieron envueltos los justos y los injustos y donde el creyente se hace merecedor de este elogio del cielo. Las tres primeras necesidades: hambre, sed y vestido son de car\u00e1cter universal, y para eso todos tenemos el sagrado deber de ayudar.<\/p>\n<p>Dir\u00edamos que estos actos de amor los podemos hacer con m\u00e1s facilidad que las otras tres, pero estas \u00faltimas que tienen un mayor grado de miseria, requieren de mayor compromiso y m\u00e1s sacrificios para hacerlas. Cuando Jes\u00fas dijo \u201clo hicisteis a mi\u201d estaba reconociendo el haber pasado por esas miserias humanas cuando se hizo uno como nosotros.<\/p>\n<p>El Se\u00f1or no te calificar\u00e1 por tu sola asistencia a la iglesia, sino por los actos de amor hacia sus \u201cpeque\u00f1os\u201d. Los inmigrantes son parte de este trabajo donde quiera est\u00e9n. Quien hace bien a ellos tienen la aprobaci\u00f3n divina.<\/p>\n<p><strong>B. La Desaprobaci\u00f3n De Los Malos (Versos. 41-45)<\/strong><br \/>\nUna de las sorpresas de este pasaje es la calificaci\u00f3n que Jes\u00fas har\u00e1 de lo que Pablo dijo cuando habl\u00f3 que fuimos \u201ccreados en Cristo Jes\u00fas para buenas obras\u201d. El creyente habla mucho de Efesios 2:8 al referirse a su salvaci\u00f3n por gracia, pero muy pocos conocen de la importancia de Efesios 2:10.<\/p>\n<p>Otra vez, al final de la jornada el Se\u00f1or no tomar\u00e1 en cuenta tanto tu fidelidad como asistente a los cultos de tu iglesia, si esto no te llev\u00f3 a verdaderos actos de amor por los que sufren y tienen menos.<\/p>\n<p>Como este pasaje habla de los cabritos que est\u00e1n a la izquierda, la sentencia de condenaci\u00f3n para ellos tendr\u00e1 que ver con la ausencia de la misericordia, de la bondad y el amor demostrado hacia su pr\u00f3jimo lo cual es un reflejo de una gran omisi\u00f3n, no s\u00f3lo por los m\u00e1s necesitados, sino porque ellos no conoc\u00edan al Rey a trav\u00e9s de quien deber\u00edan servir.<\/p>\n<p>Aqu\u00ed hay una situaci\u00f3n que amerita nuestra m\u00e1s profunda reflexi\u00f3n y detenci\u00f3n. La salvaci\u00f3n est\u00e1 \u00edntimamente relacionada con la demostraci\u00f3n de amor hacia los que m\u00e1s sufren y padecen. La vida que solo se centra en s\u00ed misma desconoce al que lo hizo todo por nosotros.<\/p>\n<p><strong>JES\u00daS RECOMPENSAR\u00c1 A LOS QUE AYUDAN A LOS NECESITADOS<\/strong><br \/>\n<strong>A. Los Que Ayudan A Los Caminantes (Versi. 33-34)<\/strong><br \/>\nLo primero que nos dice el texto es que las ovejas ser\u00e1n puestas a la derecha. Ese lugar es de honor. All\u00ed se sientan los nobles y pr\u00edncipes. La gente que era invitada a sentarse a la derecha del rey era para ser distinguida con el m\u00e1s grande honor y privilegio. Adem\u00e1s de esta distinci\u00f3n el Se\u00f1or los llama \u201cbenditos de mi Padre\u201d.<\/p>\n<p>Cualquier bendici\u00f3n siempre ser\u00e1 bienvenida, pero que ella venga de Dios es simplemente indescriptible. Y esa bendici\u00f3n tiene que ver con la herencia que nos espera. Las herencias terrenales son pasajeras y motivos de conflictos; la que aguarda a los redimidos es eterna, preparada mucho antes que naci\u00e9ramos. \u00bfNo es esto maravilloso?<\/p>\n<p>Escuche lo siguiente: Dios no nos cre\u00f3 para ser parte de alg\u00fan reino terrenal donde impera la corrupci\u00f3n y la maldad. \u00c9l te cre\u00f3 para ser parte de su reino eterno. Observa que antes que nacieras ya Dios hab\u00eda pensado en ti y te hab\u00eda asignado un lugar cerca de \u00e9l, all\u00ed a su derecha.<\/p>\n<p>Pero observa que nada de esto es posible si no vemos que Jes\u00fas habla de esas bendiciones en la proporci\u00f3n de nuestra entrega a las siete cosas que aqu\u00ed menciona. La aprobaci\u00f3n de este examen es directamente proporcional al contenido de estas siete demandas de Jes\u00fas.<\/p>\n<p><strong>Los Que Enfr\u00edan Su Coraz\u00f3n (Vers. 41)<\/strong><br \/>\nLas dos palabras m\u00e1s fuertes de esta historia son \u201cvenid\u201d y \u201capartaos\u201d. Mientras la una es la invitaci\u00f3n m\u00e1s gloriosa para estar con el Padre eterno, la otra es la m\u00e1s triste al hablarse de una separaci\u00f3n eterna. Cualquier separaci\u00f3n es superable en la tierra, pero la separaci\u00f3n eterna, la que habla del \u201ccastigo eterno\u201d, rompe con todo lo impensable.<\/p>\n<p>He aqu\u00ed el resultado de los que no pasaron el examen. Matthew Henry ha escrito sobre esto lo siguiente: \u201cEl imp\u00edo y el santo habitan aqu\u00ed juntos en las mismas ciudades, iglesias, familias y no siempre son diferenciados unos de otros; tales son las debilidades de los santos, tales las hipocres\u00edas de los pecadores; y la muerte se los lleva a ambos: pero en ese d\u00eda ser\u00e1n separados para siempre\u201d (Comentario Mundo Hispano, Mateo 25).<\/p>\n<p>La diferencia de este examen con los otros que hacemos en la tierra es que mientras en uno tenemos otros chances para hacer reparaci\u00f3n, en el examen final dictado por Jes\u00fas no hay m\u00e1s oportunidad. La sentencia ser\u00e1 total. La condenaci\u00f3n ser\u00e1 eterna. Esto es muy serio.<\/p>\n<p>\u00bfPor qu\u00e9 Jes\u00fas ama tanto a los forasteros? Porque \u00e9l mismo fue un forastero. Jes\u00fas fue un inmigrante en su deidad. \u00c9l se hizo carne y habit\u00f3 entre nosotros (Juan 1:1-3, 14). Pero tambi\u00e9n Jes\u00fas fue un inmigrante en su humanidad. V\u00e9alo con su familia desde ni\u00f1o huyendo a Egipto (Oseas 11:1).<\/p>\n<p>Jes\u00fas en su temprana edad conoci\u00f3 lo que es vivir fuera de su gente, de su patria, de su cultura, tener que enfrentarse a otro idioma, etc. Pero Jes\u00fas tambi\u00e9n fue un inmigrante en su propio pa\u00eds. \u00bfNo fue estando con su propia gente que se dice que a lo suyo vino, y los suyos no le recibieron seg\u00fan Juan 1:11)? \u00bfNo le dijeron \u201cde Nazaret ha de salir algo bueno?\u201d (Juan 1:46).<\/p>\n<p>S\u00ed, Jes\u00fas ama a los inmigrantes y conoce sus carencias. \u00c9l experiment\u00f3 las siete necesidades de las que habla en este mismo pasaje. En este pasaje del juicio a las naciones hay dos cosas que quedan muy claras: hay dos grupos de personas con un destino eterno completamente distinto. Una cosa es el cielo, pero otra muy distinta es el infierno.<\/p>\n<p>Al cielo van los justos. \u00bfY qui\u00e9nes son ellos? Los que han recibido al Rey (Jesucristo) como su salvador. Ellos son los que aman y sirven a \u201clos hermanos m\u00e1s peque\u00f1o\u201d. Al castigo eterno van los malos. \u00bfY qui\u00e9nes son los malos? Los que rechazaron al Rey, y en consecuencia no hicieron el bien a otros. \u00bfEn cu\u00e1l grupo estar\u00e1 usted?<\/p>\n<p>&nbsp;<\/p>\n","protected":false},"excerpt":{"rendered":"<p>No hay un d\u00eda en nuestra historia que no se hable del extranjero, sea porque algunos decidieron irse de su pa\u00eds buscando una vida mejor, o porque se vieron forzados a salir por la condici\u00f3n insoportable de vida, debido a la tiran\u00eda del gobierno de turno. Y aunque los extranjeros logramos insertarnos en el sistema &hellip;<\/p>\n","protected":false},"author":1,"featured_media":29320,"comment_status":"open","ping_status":"open","sticky":false,"template":"","format":"standard","meta":{"footnotes":""},"categories":[34],"tags":[],"class_list":["post-31411","post","type-post","status-publish","format-standard","has-post-thumbnail","hentry","category-articulos"],"yoast_head":"<!-- This site is optimized with the Yoast SEO Premium plugin v24.2 (Yoast SEO v27.1.1) - https:\/\/yoast.com\/product\/yoast-seo-premium-wordpress\/ -->\n<title>Las Siete Necesidades de los Inmigrantes. Reflexi\u00f3n Profunda desde la Ense\u00f1anza de Cristo - Tabernaculo Prensa de Dios<\/title>\n<meta name=\"robots\" content=\"index, follow, max-snippet:-1, max-image-preview:large, max-video-preview:-1\" \/>\n<link rel=\"canonical\" href=\"https:\/\/tabernaculoprensadedios.com\/web\/las-siete-necesidades-de-los-inmigrantes-reflexion-profunda-desde-la-ensenanza-de-cristo\/\" class=\"yoast-seo-meta-tag\" \/>\n<meta property=\"og:locale\" content=\"es_ES\" class=\"yoast-seo-meta-tag\" \/>\n<meta property=\"og:type\" content=\"article\" class=\"yoast-seo-meta-tag\" \/>\n<meta property=\"og:title\" content=\"Las Siete Necesidades de los Inmigrantes. Reflexi\u00f3n Profunda desde la Ense\u00f1anza de Cristo\" class=\"yoast-seo-meta-tag\" \/>\n<meta property=\"og:description\" content=\"No hay un d\u00eda en nuestra historia que no se hable del extranjero, sea porque algunos decidieron irse de su pa\u00eds buscando una vida mejor, o porque se vieron forzados a salir por la condici\u00f3n insoportable de vida, debido a la tiran\u00eda del gobierno de turno. Y aunque los extranjeros logramos insertarnos en el sistema &hellip;\" class=\"yoast-seo-meta-tag\" \/>\n<meta property=\"og:url\" content=\"https:\/\/tabernaculoprensadedios.com\/web\/las-siete-necesidades-de-los-inmigrantes-reflexion-profunda-desde-la-ensenanza-de-cristo\/\" class=\"yoast-seo-meta-tag\" \/>\n<meta property=\"og:site_name\" content=\"Tabernaculo Prensa de Dios\" class=\"yoast-seo-meta-tag\" \/>\n<meta property=\"article:published_time\" content=\"2024-06-10T14:03:37+00:00\" class=\"yoast-seo-meta-tag\" \/>\n<meta property=\"og:image\" content=\"https:\/\/tabernaculoprensadedios.com\/web\/wp-content\/uploads\/2023\/10\/Inmigrantes.jpg\" class=\"yoast-seo-meta-tag\" \/>\n\t<meta property=\"og:image:width\" content=\"1280\" class=\"yoast-seo-meta-tag\" \/>\n\t<meta property=\"og:image:height\" content=\"880\" class=\"yoast-seo-meta-tag\" \/>\n\t<meta property=\"og:image:type\" content=\"image\/jpeg\" class=\"yoast-seo-meta-tag\" \/>\n<meta name=\"author\" content=\"tabernaculo\" class=\"yoast-seo-meta-tag\" \/>\n<meta name=\"twitter:card\" content=\"summary_large_image\" class=\"yoast-seo-meta-tag\" \/>\n<meta name=\"twitter:creator\" content=\"@PrensadeDios\" class=\"yoast-seo-meta-tag\" \/>\n<meta name=\"twitter:site\" content=\"@PrensadeDios\" class=\"yoast-seo-meta-tag\" \/>\n<meta name=\"twitter:label1\" content=\"Escrito por\" class=\"yoast-seo-meta-tag\" \/>\n\t<meta name=\"twitter:data1\" content=\"tabernaculo\" class=\"yoast-seo-meta-tag\" \/>\n\t<meta name=\"twitter:label2\" content=\"Tiempo de lectura\" class=\"yoast-seo-meta-tag\" \/>\n\t<meta name=\"twitter:data2\" content=\"10 minutos\" class=\"yoast-seo-meta-tag\" \/>\n<script type=\"application\/ld+json\" class=\"yoast-schema-graph\">{\"@context\":\"https:\/\/schema.org\",\"@graph\":[{\"@type\":\"Article\",\"@id\":\"https:\/\/tabernaculoprensadedios.com\/web\/las-siete-necesidades-de-los-inmigrantes-reflexion-profunda-desde-la-ensenanza-de-cristo\/#article\",\"isPartOf\":{\"@id\":\"https:\/\/tabernaculoprensadedios.com\/web\/las-siete-necesidades-de-los-inmigrantes-reflexion-profunda-desde-la-ensenanza-de-cristo\/\"},\"author\":{\"name\":\"tabernaculo\",\"@id\":\"https:\/\/tabernaculoprensadedios.com\/web\/#\/schema\/person\/bc0e069fef56b38e177db6f098ae0b6e\"},\"headline\":\"Las Siete Necesidades de los Inmigrantes. Reflexi\u00f3n Profunda desde la Ense\u00f1anza de Cristo\",\"datePublished\":\"2024-06-10T14:03:37+00:00\",\"mainEntityOfPage\":{\"@id\":\"https:\/\/tabernaculoprensadedios.com\/web\/las-siete-necesidades-de-los-inmigrantes-reflexion-profunda-desde-la-ensenanza-de-cristo\/\"},\"wordCount\":2158,\"commentCount\":0,\"publisher\":{\"@id\":\"https:\/\/tabernaculoprensadedios.com\/web\/#\/schema\/person\/bc0e069fef56b38e177db6f098ae0b6e\"},\"image\":{\"@id\":\"https:\/\/tabernaculoprensadedios.com\/web\/las-siete-necesidades-de-los-inmigrantes-reflexion-profunda-desde-la-ensenanza-de-cristo\/#primaryimage\"},\"thumbnailUrl\":\"https:\/\/tabernaculoprensadedios.com\/web\/wp-content\/uploads\/2023\/10\/Inmigrantes.jpg\",\"articleSection\":[\"Articulos\"],\"inLanguage\":\"es\",\"potentialAction\":[{\"@type\":\"CommentAction\",\"name\":\"Comment\",\"target\":[\"https:\/\/tabernaculoprensadedios.com\/web\/las-siete-necesidades-de-los-inmigrantes-reflexion-profunda-desde-la-ensenanza-de-cristo\/#respond\"]}]},{\"@type\":\"WebPage\",\"@id\":\"https:\/\/tabernaculoprensadedios.com\/web\/las-siete-necesidades-de-los-inmigrantes-reflexion-profunda-desde-la-ensenanza-de-cristo\/\",\"url\":\"https:\/\/tabernaculoprensadedios.com\/web\/las-siete-necesidades-de-los-inmigrantes-reflexion-profunda-desde-la-ensenanza-de-cristo\/\",\"name\":\"Las Siete Necesidades de los Inmigrantes. Reflexi\u00f3n Profunda desde la Ense\u00f1anza de Cristo - Tabernaculo Prensa de Dios\",\"isPartOf\":{\"@id\":\"https:\/\/tabernaculoprensadedios.com\/web\/#website\"},\"primaryImageOfPage\":{\"@id\":\"https:\/\/tabernaculoprensadedios.com\/web\/las-siete-necesidades-de-los-inmigrantes-reflexion-profunda-desde-la-ensenanza-de-cristo\/#primaryimage\"},\"image\":{\"@id\":\"https:\/\/tabernaculoprensadedios.com\/web\/las-siete-necesidades-de-los-inmigrantes-reflexion-profunda-desde-la-ensenanza-de-cristo\/#primaryimage\"},\"thumbnailUrl\":\"https:\/\/tabernaculoprensadedios.com\/web\/wp-content\/uploads\/2023\/10\/Inmigrantes.jpg\",\"datePublished\":\"2024-06-10T14:03:37+00:00\",\"breadcrumb\":{\"@id\":\"https:\/\/tabernaculoprensadedios.com\/web\/las-siete-necesidades-de-los-inmigrantes-reflexion-profunda-desde-la-ensenanza-de-cristo\/#breadcrumb\"},\"inLanguage\":\"es\",\"potentialAction\":[{\"@type\":\"ReadAction\",\"target\":[\"https:\/\/tabernaculoprensadedios.com\/web\/las-siete-necesidades-de-los-inmigrantes-reflexion-profunda-desde-la-ensenanza-de-cristo\/\"]}]},{\"@type\":\"ImageObject\",\"inLanguage\":\"es\",\"@id\":\"https:\/\/tabernaculoprensadedios.com\/web\/las-siete-necesidades-de-los-inmigrantes-reflexion-profunda-desde-la-ensenanza-de-cristo\/#primaryimage\",\"url\":\"https:\/\/tabernaculoprensadedios.com\/web\/wp-content\/uploads\/2023\/10\/Inmigrantes.jpg\",\"contentUrl\":\"https:\/\/tabernaculoprensadedios.com\/web\/wp-content\/uploads\/2023\/10\/Inmigrantes.jpg\",\"width\":1280,\"height\":880},{\"@type\":\"BreadcrumbList\",\"@id\":\"https:\/\/tabernaculoprensadedios.com\/web\/las-siete-necesidades-de-los-inmigrantes-reflexion-profunda-desde-la-ensenanza-de-cristo\/#breadcrumb\",\"itemListElement\":[{\"@type\":\"ListItem\",\"position\":1,\"name\":\"Portada\",\"item\":\"https:\/\/tabernaculoprensadedios.com\/web\/\"},{\"@type\":\"ListItem\",\"position\":2,\"name\":\"Las Siete Necesidades de los Inmigrantes. Reflexi\u00f3n Profunda desde la Ense\u00f1anza de Cristo\"}]},{\"@type\":\"WebSite\",\"@id\":\"https:\/\/tabernaculoprensadedios.com\/web\/#website\",\"url\":\"https:\/\/tabernaculoprensadedios.com\/web\/\",\"name\":\"Tabernaculo Prensa de Dios\",\"description\":\"Un medio a la manera de Dios\",\"publisher\":{\"@id\":\"https:\/\/tabernaculoprensadedios.com\/web\/#\/schema\/person\/bc0e069fef56b38e177db6f098ae0b6e\"},\"potentialAction\":[{\"@type\":\"SearchAction\",\"target\":{\"@type\":\"EntryPoint\",\"urlTemplate\":\"https:\/\/tabernaculoprensadedios.com\/web\/?s={search_term_string}\"},\"query-input\":{\"@type\":\"PropertyValueSpecification\",\"valueRequired\":true,\"valueName\":\"search_term_string\"}}],\"inLanguage\":\"es\"},{\"@type\":[\"Person\",\"Organization\"],\"@id\":\"https:\/\/tabernaculoprensadedios.com\/web\/#\/schema\/person\/bc0e069fef56b38e177db6f098ae0b6e\",\"name\":\"tabernaculo\",\"image\":{\"@type\":\"ImageObject\",\"inLanguage\":\"es\",\"@id\":\"https:\/\/tabernaculoprensadedios.com\/web\/#\/schema\/person\/image\/\",\"url\":\"https:\/\/tabernaculoprensadedios.com\/web\/wp-content\/uploads\/2015\/06\/login-logo1.png\",\"contentUrl\":\"https:\/\/tabernaculoprensadedios.com\/web\/wp-content\/uploads\/2015\/06\/login-logo1.png\",\"width\":300,\"height\":118,\"caption\":\"tabernaculo\"},\"logo\":{\"@id\":\"https:\/\/tabernaculoprensadedios.com\/web\/#\/schema\/person\/image\/\"},\"url\":\"https:\/\/tabernaculoprensadedios.com\/web\/author\/tabernaculo\/\"}]}<\/script>\n<!-- \/ Yoast SEO Premium plugin. -->","yoast_head_json":{"title":"Las Siete Necesidades de los Inmigrantes. Reflexi\u00f3n Profunda desde la Ense\u00f1anza de Cristo - Tabernaculo Prensa de Dios","robots":{"index":"index","follow":"follow","max-snippet":"max-snippet:-1","max-image-preview":"max-image-preview:large","max-video-preview":"max-video-preview:-1"},"canonical":"https:\/\/tabernaculoprensadedios.com\/web\/las-siete-necesidades-de-los-inmigrantes-reflexion-profunda-desde-la-ensenanza-de-cristo\/","og_locale":"es_ES","og_type":"article","og_title":"Las Siete Necesidades de los Inmigrantes. Reflexi\u00f3n Profunda desde la Ense\u00f1anza de Cristo","og_description":"No hay un d\u00eda en nuestra historia que no se hable del extranjero, sea porque algunos decidieron irse de su pa\u00eds buscando una vida mejor, o porque se vieron forzados a salir por la condici\u00f3n insoportable de vida, debido a la tiran\u00eda del gobierno de turno. Y aunque los extranjeros logramos insertarnos en el sistema &hellip;","og_url":"https:\/\/tabernaculoprensadedios.com\/web\/las-siete-necesidades-de-los-inmigrantes-reflexion-profunda-desde-la-ensenanza-de-cristo\/","og_site_name":"Tabernaculo Prensa de Dios","article_published_time":"2024-06-10T14:03:37+00:00","og_image":[{"width":1280,"height":880,"url":"https:\/\/tabernaculoprensadedios.com\/web\/wp-content\/uploads\/2023\/10\/Inmigrantes.jpg","type":"image\/jpeg"}],"author":"tabernaculo","twitter_card":"summary_large_image","twitter_creator":"@PrensadeDios","twitter_site":"@PrensadeDios","twitter_misc":{"Escrito por":"tabernaculo","Tiempo de lectura":"10 minutos"},"schema":{"@context":"https:\/\/schema.org","@graph":[{"@type":"Article","@id":"https:\/\/tabernaculoprensadedios.com\/web\/las-siete-necesidades-de-los-inmigrantes-reflexion-profunda-desde-la-ensenanza-de-cristo\/#article","isPartOf":{"@id":"https:\/\/tabernaculoprensadedios.com\/web\/las-siete-necesidades-de-los-inmigrantes-reflexion-profunda-desde-la-ensenanza-de-cristo\/"},"author":{"name":"tabernaculo","@id":"https:\/\/tabernaculoprensadedios.com\/web\/#\/schema\/person\/bc0e069fef56b38e177db6f098ae0b6e"},"headline":"Las Siete Necesidades de los Inmigrantes. Reflexi\u00f3n Profunda desde la Ense\u00f1anza de Cristo","datePublished":"2024-06-10T14:03:37+00:00","mainEntityOfPage":{"@id":"https:\/\/tabernaculoprensadedios.com\/web\/las-siete-necesidades-de-los-inmigrantes-reflexion-profunda-desde-la-ensenanza-de-cristo\/"},"wordCount":2158,"commentCount":0,"publisher":{"@id":"https:\/\/tabernaculoprensadedios.com\/web\/#\/schema\/person\/bc0e069fef56b38e177db6f098ae0b6e"},"image":{"@id":"https:\/\/tabernaculoprensadedios.com\/web\/las-siete-necesidades-de-los-inmigrantes-reflexion-profunda-desde-la-ensenanza-de-cristo\/#primaryimage"},"thumbnailUrl":"https:\/\/tabernaculoprensadedios.com\/web\/wp-content\/uploads\/2023\/10\/Inmigrantes.jpg","articleSection":["Articulos"],"inLanguage":"es","potentialAction":[{"@type":"CommentAction","name":"Comment","target":["https:\/\/tabernaculoprensadedios.com\/web\/las-siete-necesidades-de-los-inmigrantes-reflexion-profunda-desde-la-ensenanza-de-cristo\/#respond"]}]},{"@type":"WebPage","@id":"https:\/\/tabernaculoprensadedios.com\/web\/las-siete-necesidades-de-los-inmigrantes-reflexion-profunda-desde-la-ensenanza-de-cristo\/","url":"https:\/\/tabernaculoprensadedios.com\/web\/las-siete-necesidades-de-los-inmigrantes-reflexion-profunda-desde-la-ensenanza-de-cristo\/","name":"Las Siete Necesidades de los Inmigrantes. Reflexi\u00f3n Profunda desde la Ense\u00f1anza de Cristo - Tabernaculo Prensa de Dios","isPartOf":{"@id":"https:\/\/tabernaculoprensadedios.com\/web\/#website"},"primaryImageOfPage":{"@id":"https:\/\/tabernaculoprensadedios.com\/web\/las-siete-necesidades-de-los-inmigrantes-reflexion-profunda-desde-la-ensenanza-de-cristo\/#primaryimage"},"image":{"@id":"https:\/\/tabernaculoprensadedios.com\/web\/las-siete-necesidades-de-los-inmigrantes-reflexion-profunda-desde-la-ensenanza-de-cristo\/#primaryimage"},"thumbnailUrl":"https:\/\/tabernaculoprensadedios.com\/web\/wp-content\/uploads\/2023\/10\/Inmigrantes.jpg","datePublished":"2024-06-10T14:03:37+00:00","breadcrumb":{"@id":"https:\/\/tabernaculoprensadedios.com\/web\/las-siete-necesidades-de-los-inmigrantes-reflexion-profunda-desde-la-ensenanza-de-cristo\/#breadcrumb"},"inLanguage":"es","potentialAction":[{"@type":"ReadAction","target":["https:\/\/tabernaculoprensadedios.com\/web\/las-siete-necesidades-de-los-inmigrantes-reflexion-profunda-desde-la-ensenanza-de-cristo\/"]}]},{"@type":"ImageObject","inLanguage":"es","@id":"https:\/\/tabernaculoprensadedios.com\/web\/las-siete-necesidades-de-los-inmigrantes-reflexion-profunda-desde-la-ensenanza-de-cristo\/#primaryimage","url":"https:\/\/tabernaculoprensadedios.com\/web\/wp-content\/uploads\/2023\/10\/Inmigrantes.jpg","contentUrl":"https:\/\/tabernaculoprensadedios.com\/web\/wp-content\/uploads\/2023\/10\/Inmigrantes.jpg","width":1280,"height":880},{"@type":"BreadcrumbList","@id":"https:\/\/tabernaculoprensadedios.com\/web\/las-siete-necesidades-de-los-inmigrantes-reflexion-profunda-desde-la-ensenanza-de-cristo\/#breadcrumb","itemListElement":[{"@type":"ListItem","position":1,"name":"Portada","item":"https:\/\/tabernaculoprensadedios.com\/web\/"},{"@type":"ListItem","position":2,"name":"Las Siete Necesidades de los Inmigrantes. Reflexi\u00f3n Profunda desde la Ense\u00f1anza de Cristo"}]},{"@type":"WebSite","@id":"https:\/\/tabernaculoprensadedios.com\/web\/#website","url":"https:\/\/tabernaculoprensadedios.com\/web\/","name":"Tabernaculo Prensa de Dios","description":"Un medio a la manera de Dios","publisher":{"@id":"https:\/\/tabernaculoprensadedios.com\/web\/#\/schema\/person\/bc0e069fef56b38e177db6f098ae0b6e"},"potentialAction":[{"@type":"SearchAction","target":{"@type":"EntryPoint","urlTemplate":"https:\/\/tabernaculoprensadedios.com\/web\/?s={search_term_string}"},"query-input":{"@type":"PropertyValueSpecification","valueRequired":true,"valueName":"search_term_string"}}],"inLanguage":"es"},{"@type":["Person","Organization"],"@id":"https:\/\/tabernaculoprensadedios.com\/web\/#\/schema\/person\/bc0e069fef56b38e177db6f098ae0b6e","name":"tabernaculo","image":{"@type":"ImageObject","inLanguage":"es","@id":"https:\/\/tabernaculoprensadedios.com\/web\/#\/schema\/person\/image\/","url":"https:\/\/tabernaculoprensadedios.com\/web\/wp-content\/uploads\/2015\/06\/login-logo1.png","contentUrl":"https:\/\/tabernaculoprensadedios.com\/web\/wp-content\/uploads\/2015\/06\/login-logo1.png","width":300,"height":118,"caption":"tabernaculo"},"logo":{"@id":"https:\/\/tabernaculoprensadedios.com\/web\/#\/schema\/person\/image\/"},"url":"https:\/\/tabernaculoprensadedios.com\/web\/author\/tabernaculo\/"}]}},"_links":{"self":[{"href":"https:\/\/tabernaculoprensadedios.com\/web\/wp-json\/wp\/v2\/posts\/31411","targetHints":{"allow":["GET"]}}],"collection":[{"href":"https:\/\/tabernaculoprensadedios.com\/web\/wp-json\/wp\/v2\/posts"}],"about":[{"href":"https:\/\/tabernaculoprensadedios.com\/web\/wp-json\/wp\/v2\/types\/post"}],"author":[{"embeddable":true,"href":"https:\/\/tabernaculoprensadedios.com\/web\/wp-json\/wp\/v2\/users\/1"}],"replies":[{"embeddable":true,"href":"https:\/\/tabernaculoprensadedios.com\/web\/wp-json\/wp\/v2\/comments?post=31411"}],"version-history":[{"count":1,"href":"https:\/\/tabernaculoprensadedios.com\/web\/wp-json\/wp\/v2\/posts\/31411\/revisions"}],"predecessor-version":[{"id":31412,"href":"https:\/\/tabernaculoprensadedios.com\/web\/wp-json\/wp\/v2\/posts\/31411\/revisions\/31412"}],"wp:featuredmedia":[{"embeddable":true,"href":"https:\/\/tabernaculoprensadedios.com\/web\/wp-json\/wp\/v2\/media\/29320"}],"wp:attachment":[{"href":"https:\/\/tabernaculoprensadedios.com\/web\/wp-json\/wp\/v2\/media?parent=31411"}],"wp:term":[{"taxonomy":"category","embeddable":true,"href":"https:\/\/tabernaculoprensadedios.com\/web\/wp-json\/wp\/v2\/categories?post=31411"},{"taxonomy":"post_tag","embeddable":true,"href":"https:\/\/tabernaculoprensadedios.com\/web\/wp-json\/wp\/v2\/tags?post=31411"}],"curies":[{"name":"wp","href":"https:\/\/api.w.org\/{rel}","templated":true}]}}