{"id":31380,"date":"2024-06-08T13:56:45","date_gmt":"2024-06-08T13:56:45","guid":{"rendered":"https:\/\/tabernaculoprensadedios.com\/web\/?p=31380"},"modified":"2024-06-08T13:56:45","modified_gmt":"2024-06-08T13:56:45","slug":"reflexionemos-y-regresemos-a-dios-un-llamado-a-la-autoevaluacion-y-la-devocion","status":"publish","type":"post","link":"https:\/\/tabernaculoprensadedios.com\/web\/reflexionemos-y-regresemos-a-dios-un-llamado-a-la-autoevaluacion-y-la-devocion\/","title":{"rendered":"Reflexionemos y Regresemos a Dios. Un Llamado a la Autoevaluaci\u00f3n y la Devoci\u00f3n"},"content":{"rendered":"<p><strong>LAMENTACIONES 3:40-41<\/strong> Escudri\u00f1emos nuestros caminos, y busquemos, y volv\u00e1monos a Jehov\u00e1; 41 Levantemos nuestros corazones y manos a Dios en los cielos;<\/p>\n<p>Estamos viviendo tiempos en los cuales a causa de la tecnolog\u00eda cada vez nos dedicamos a ver hacia afuera, a ver la vida de los dem\u00e1s, a observar c\u00f3mo viven los otros, estamos pendientes de la vida de las dem\u00e1s personas, pero no hacemos lo principal: MIRAR HACIA ADENTRO DE NUESTRA PROPIA VIDA, mirar como esta nuestra propia familia, en lugar de escudri\u00f1ar la vida de los dem\u00e1s debemos ESCUDRI\u00d1AR NUESTROS PROPIOS CAMINOS.<\/p>\n<p>\u00abEscudri\u00f1ar nuestros caminos\u00bb significa EXAMINAR Y REFLEXIONAR PROFUNDAMENTE SOBRE NUESTRAS ACCIONES, NUESTRAS DECISIONES, y el rumbo de nuestra vida. Es verdaderamente UN PROCESO DE AUTOEVALUACI\u00d3N Y AUTOCR\u00cdTICA para reconocer nuestros errores y buscar la manera de corregirlos.<\/p>\n<p>Si miramos hacia adentro de nuestra vida, seguramente con la ayuda e iluminaci\u00f3n del Esp\u00edritu Santo podemos darnos cuenta de lo que verdaderamente necesitamos hacer hoy:<\/p>\n<p><strong>I) SI MIRAMOS HACIA ADENTRO NOS DAREMOS CUENTA QUE ES TIEMPO DE LIMPIAR NUESTRO CORAZ\u00d3N<\/strong><br \/>\n<strong>(Mateo 5:8)<\/strong> Bienaventurados los de limpio coraz\u00f3n, porque ellos ver\u00e1n a Dios.<\/p>\n<p>Si miramos minuciosamente en el INTERIOR de nuestra propia casa seguramente nos daremos cuenta que hay algunas \u00e1reas que necesitan ser limpiadas, que hay rincones donde hay suciedad acumulada.<\/p>\n<p>De la misma manera si escudri\u00f1amos en nuestro coraz\u00f3n, si miramos hacia adentro, nos daremos cuenta que en \u00e9l hay basura que afecta nuestra comuni\u00f3n con Dios, que detienen nuestras bendiciones, y que no nos permiten ser plenamente felices.<\/p>\n<p>Tenemos que limpiar nuestro coraz\u00f3n de la basura llamada RENCOR, ENVIDIA, AMARGURA, SOBERBIA, etc.<\/p>\n<p>Y la manera de limpiarnos de toda esa basura es reconocer nuestro pecado y confesarlo delante del Se\u00f1or (1 Juan 1:9) Si confesamos nuestros pecados, \u00e9l es fiel y justo para perdonar nuestros pecados, y limpiarnos de toda maldad.<\/p>\n<p><strong>II) SI MIRAMOS HACIA ADENTRO NOS DAREMOS CUENTA QUE ES TIEMPO DE PONER EN ORDEN NUESTRA VIDA<\/strong><br \/>\n<strong>(Salmos 50:23)<\/strong> El que sacrifica alabanza me honrar\u00e1; Y al que ordenare su camino, Le mostrar\u00e9 la salvaci\u00f3n de Dios.<\/p>\n<p>Lastimosamente en nuestras casas muchas veces nos acostumbramos a vivir desordenadamente, y lo vemos como algo normal, pero NO PODEMOS ACOSTUMBRARNOS A VIVIR EN EL DESORDEN.<\/p>\n<p>Se ha comprobado que vivir en desorden produce muchos efectos negativos en las personas<\/p>\n<p>Estr\u00e9s y Ansiedad: El desorden puede generar un entorno ca\u00f3tico que contribuye al estr\u00e9s y a la ansiedad.<\/p>\n<p>Depresi\u00f3n: Un ambiente desordenado puede afectar negativamente el estado de \u00e1nimo y contribuir a sentimientos de desesperanza o depresi\u00f3n.<\/p>\n<p>Falta de Concentraci\u00f3n: Un entorno ca\u00f3tico puede distraer y hacer que sea dif\u00edcil enfocarse en tareas importantes.<\/p>\n<p>Pero tenemos que comprender que as\u00ed como vivir rodeados de desorden afecta negativamente nuestra vida, tambi\u00e9n VIVIR DESORDENADAMENTE afecta negativamente nuestra relaci\u00f3n con Dios y nuestras relaciones con las personas que amamos.<\/p>\n<p>Es por eso que SI MIRAMOS HACIA ADENTRO PODREMOS RECONOCER EL DESORDEN EN EL QUE VIVIMOS: Prioridades desordenadas, finanzas desordenadas, sentimientos y emociones desordenadas a causa de relaciones pecaminosas o relaciones t\u00f3xicas y destructivas.<\/p>\n<p>Y para que podamos poner en orden nuestra vida necesitamos primeramente pedir algo que solamente nuestro Dios nos puede dar y nos la dar\u00e1 con abundancia y sin reproches : SABIDUR\u00cdA (Santiago 1:5) Y si alguno de vosotros tiene falta de sabidur\u00eda, p\u00eddala a Dios, el cual da a todos abundantemente y sin reproche, y le ser\u00e1 dada.<\/p>\n<p><strong>III) SI MIRAMOS HACIA ADENTRO NOS DAREMOS CUENTA DE AQUELLAS COSAS QUE ES NECESARIO COMENZAR HOY MISMO A REEDIFICAR<\/strong><br \/>\n<strong>(Hechos 15:16)<\/strong> Despu\u00e9s de esto volver\u00e9 Y reedificar\u00e9 el tabern\u00e1culo de David, que est\u00e1 ca\u00eddo; Y reparar\u00e9 sus ruinas, Y lo volver\u00e9 a levantar,<\/p>\n<p>Si vemos hacia adentro de nuestra casa posiblemente veremos algunas \u00e1reas que est\u00e1n arruinadas o derribadas y necesitan ser reconstruidas, necesitan ser reedificadas.<\/p>\n<p>Esas \u00e1reas que est\u00e1n arruinadas o derribadas tambi\u00e9n las podemos encontrar si miramos hacia adentro de nuestra vida. Si miramos CON SINCERIDAD hacia adentro de nuestro coraz\u00f3n nos daremos cuenta que tenemos que reedificar nuestra vida de oraci\u00f3n y de comuni\u00f3n con el Se\u00f1or, que tenemos que reedificar nuestra relaci\u00f3n y comunicaci\u00f3n con las personas que amamos, que tenemos que reedificar nuestra autoestima y nuestro amor propio.<\/p>\n<p>Y tenemos que reconocer que muchas veces todo eso que est\u00e1 derribado o destruido no lo hemos reedificado porque nos sentimos desanimados, porque sentimos que no tenemos fuerzas para hacerlo, pero el Se\u00f1or hoy nos recuerda que en \u00e9l tenemos todo lo que nuestra vida necesita para ser reedificada: SU AMOR Y SU MISERICORDIA (Jerem\u00edas 31:3) Jehov\u00e1 se manifest\u00f3 a m\u00ed hace ya mucho tiempo, diciendo: Con amor eterno te he amado; por tanto, te prolongu\u00e9 mi misericordia.<\/p>\n","protected":false},"excerpt":{"rendered":"<p>LAMENTACIONES 3:40-41 Escudri\u00f1emos nuestros caminos, y busquemos, y volv\u00e1monos a Jehov\u00e1; 41 Levantemos nuestros corazones y manos a Dios en los cielos; Estamos viviendo tiempos en los cuales a causa de la tecnolog\u00eda cada vez nos dedicamos a ver hacia afuera, a ver la vida de los dem\u00e1s, a observar c\u00f3mo viven los otros, estamos &hellip;<\/p>\n","protected":false},"author":1,"featured_media":31383,"comment_status":"open","ping_status":"open","sticky":false,"template":"","format":"standard","meta":{"footnotes":""},"categories":[38],"tags":[],"class_list":["post-31380","post","type-post","status-publish","format-standard","has-post-thumbnail","hentry","category-principal"],"yoast_head":"<!-- This site is optimized with the Yoast SEO Premium plugin v24.2 (Yoast SEO v27.1.1) - https:\/\/yoast.com\/product\/yoast-seo-premium-wordpress\/ -->\n<title>Reflexionemos y Regresemos a Dios. Un Llamado a la Autoevaluaci\u00f3n y la Devoci\u00f3n - Tabernaculo Prensa de Dios<\/title>\n<meta name=\"robots\" content=\"index, follow, max-snippet:-1, max-image-preview:large, max-video-preview:-1\" \/>\n<link rel=\"canonical\" href=\"https:\/\/tabernaculoprensadedios.com\/web\/reflexionemos-y-regresemos-a-dios-un-llamado-a-la-autoevaluacion-y-la-devocion\/\" class=\"yoast-seo-meta-tag\" \/>\n<meta property=\"og:locale\" content=\"es_ES\" class=\"yoast-seo-meta-tag\" \/>\n<meta property=\"og:type\" content=\"article\" class=\"yoast-seo-meta-tag\" \/>\n<meta property=\"og:title\" content=\"Reflexionemos y Regresemos a Dios. Un Llamado a la Autoevaluaci\u00f3n y la Devoci\u00f3n\" class=\"yoast-seo-meta-tag\" \/>\n<meta property=\"og:description\" content=\"LAMENTACIONES 3:40-41 Escudri\u00f1emos nuestros caminos, y busquemos, y volv\u00e1monos a Jehov\u00e1; 41 Levantemos nuestros corazones y manos a Dios en los cielos; Estamos viviendo tiempos en los cuales a causa de la tecnolog\u00eda cada vez nos dedicamos a ver hacia afuera, a ver la vida de los dem\u00e1s, a observar c\u00f3mo viven los otros, estamos &hellip;\" class=\"yoast-seo-meta-tag\" \/>\n<meta property=\"og:url\" content=\"https:\/\/tabernaculoprensadedios.com\/web\/reflexionemos-y-regresemos-a-dios-un-llamado-a-la-autoevaluacion-y-la-devocion\/\" class=\"yoast-seo-meta-tag\" \/>\n<meta property=\"og:site_name\" content=\"Tabernaculo Prensa de Dios\" class=\"yoast-seo-meta-tag\" \/>\n<meta property=\"article:published_time\" content=\"2024-06-08T13:56:45+00:00\" class=\"yoast-seo-meta-tag\" \/>\n<meta property=\"og:image\" content=\"https:\/\/tabernaculoprensadedios.com\/web\/wp-content\/uploads\/2024\/06\/Un-Llamado-a-la-Autoevaluacion-y-la-Devocion.jpg\" class=\"yoast-seo-meta-tag\" \/>\n\t<meta property=\"og:image:width\" content=\"1280\" class=\"yoast-seo-meta-tag\" \/>\n\t<meta property=\"og:image:height\" content=\"720\" class=\"yoast-seo-meta-tag\" \/>\n\t<meta property=\"og:image:type\" content=\"image\/jpeg\" class=\"yoast-seo-meta-tag\" \/>\n<meta name=\"author\" content=\"tabernaculo\" class=\"yoast-seo-meta-tag\" \/>\n<meta name=\"twitter:card\" content=\"summary_large_image\" class=\"yoast-seo-meta-tag\" \/>\n<meta name=\"twitter:creator\" content=\"@PrensadeDios\" class=\"yoast-seo-meta-tag\" \/>\n<meta name=\"twitter:site\" content=\"@PrensadeDios\" class=\"yoast-seo-meta-tag\" \/>\n<meta name=\"twitter:label1\" content=\"Escrito por\" class=\"yoast-seo-meta-tag\" \/>\n\t<meta name=\"twitter:data1\" content=\"tabernaculo\" class=\"yoast-seo-meta-tag\" \/>\n\t<meta name=\"twitter:label2\" content=\"Tiempo de lectura\" class=\"yoast-seo-meta-tag\" \/>\n\t<meta name=\"twitter:data2\" content=\"4 minutos\" class=\"yoast-seo-meta-tag\" \/>\n<script type=\"application\/ld+json\" class=\"yoast-schema-graph\">{\"@context\":\"https:\/\/schema.org\",\"@graph\":[{\"@type\":\"Article\",\"@id\":\"https:\/\/tabernaculoprensadedios.com\/web\/reflexionemos-y-regresemos-a-dios-un-llamado-a-la-autoevaluacion-y-la-devocion\/#article\",\"isPartOf\":{\"@id\":\"https:\/\/tabernaculoprensadedios.com\/web\/reflexionemos-y-regresemos-a-dios-un-llamado-a-la-autoevaluacion-y-la-devocion\/\"},\"author\":{\"name\":\"tabernaculo\",\"@id\":\"https:\/\/tabernaculoprensadedios.com\/web\/#\/schema\/person\/bc0e069fef56b38e177db6f098ae0b6e\"},\"headline\":\"Reflexionemos y Regresemos a Dios. Un Llamado a la Autoevaluaci\u00f3n y la Devoci\u00f3n\",\"datePublished\":\"2024-06-08T13:56:45+00:00\",\"mainEntityOfPage\":{\"@id\":\"https:\/\/tabernaculoprensadedios.com\/web\/reflexionemos-y-regresemos-a-dios-un-llamado-a-la-autoevaluacion-y-la-devocion\/\"},\"wordCount\":829,\"commentCount\":0,\"publisher\":{\"@id\":\"https:\/\/tabernaculoprensadedios.com\/web\/#\/schema\/person\/bc0e069fef56b38e177db6f098ae0b6e\"},\"image\":{\"@id\":\"https:\/\/tabernaculoprensadedios.com\/web\/reflexionemos-y-regresemos-a-dios-un-llamado-a-la-autoevaluacion-y-la-devocion\/#primaryimage\"},\"thumbnailUrl\":\"https:\/\/tabernaculoprensadedios.com\/web\/wp-content\/uploads\/2024\/06\/Un-Llamado-a-la-Autoevaluacion-y-la-Devocion.jpg\",\"articleSection\":[\"Principal\"],\"inLanguage\":\"es\",\"potentialAction\":[{\"@type\":\"CommentAction\",\"name\":\"Comment\",\"target\":[\"https:\/\/tabernaculoprensadedios.com\/web\/reflexionemos-y-regresemos-a-dios-un-llamado-a-la-autoevaluacion-y-la-devocion\/#respond\"]}]},{\"@type\":\"WebPage\",\"@id\":\"https:\/\/tabernaculoprensadedios.com\/web\/reflexionemos-y-regresemos-a-dios-un-llamado-a-la-autoevaluacion-y-la-devocion\/\",\"url\":\"https:\/\/tabernaculoprensadedios.com\/web\/reflexionemos-y-regresemos-a-dios-un-llamado-a-la-autoevaluacion-y-la-devocion\/\",\"name\":\"Reflexionemos y Regresemos a Dios. Un Llamado a la Autoevaluaci\u00f3n y la Devoci\u00f3n - Tabernaculo Prensa de Dios\",\"isPartOf\":{\"@id\":\"https:\/\/tabernaculoprensadedios.com\/web\/#website\"},\"primaryImageOfPage\":{\"@id\":\"https:\/\/tabernaculoprensadedios.com\/web\/reflexionemos-y-regresemos-a-dios-un-llamado-a-la-autoevaluacion-y-la-devocion\/#primaryimage\"},\"image\":{\"@id\":\"https:\/\/tabernaculoprensadedios.com\/web\/reflexionemos-y-regresemos-a-dios-un-llamado-a-la-autoevaluacion-y-la-devocion\/#primaryimage\"},\"thumbnailUrl\":\"https:\/\/tabernaculoprensadedios.com\/web\/wp-content\/uploads\/2024\/06\/Un-Llamado-a-la-Autoevaluacion-y-la-Devocion.jpg\",\"datePublished\":\"2024-06-08T13:56:45+00:00\",\"breadcrumb\":{\"@id\":\"https:\/\/tabernaculoprensadedios.com\/web\/reflexionemos-y-regresemos-a-dios-un-llamado-a-la-autoevaluacion-y-la-devocion\/#breadcrumb\"},\"inLanguage\":\"es\",\"potentialAction\":[{\"@type\":\"ReadAction\",\"target\":[\"https:\/\/tabernaculoprensadedios.com\/web\/reflexionemos-y-regresemos-a-dios-un-llamado-a-la-autoevaluacion-y-la-devocion\/\"]}]},{\"@type\":\"ImageObject\",\"inLanguage\":\"es\",\"@id\":\"https:\/\/tabernaculoprensadedios.com\/web\/reflexionemos-y-regresemos-a-dios-un-llamado-a-la-autoevaluacion-y-la-devocion\/#primaryimage\",\"url\":\"https:\/\/tabernaculoprensadedios.com\/web\/wp-content\/uploads\/2024\/06\/Un-Llamado-a-la-Autoevaluacion-y-la-Devocion.jpg\",\"contentUrl\":\"https:\/\/tabernaculoprensadedios.com\/web\/wp-content\/uploads\/2024\/06\/Un-Llamado-a-la-Autoevaluacion-y-la-Devocion.jpg\",\"width\":1280,\"height\":720},{\"@type\":\"BreadcrumbList\",\"@id\":\"https:\/\/tabernaculoprensadedios.com\/web\/reflexionemos-y-regresemos-a-dios-un-llamado-a-la-autoevaluacion-y-la-devocion\/#breadcrumb\",\"itemListElement\":[{\"@type\":\"ListItem\",\"position\":1,\"name\":\"Portada\",\"item\":\"https:\/\/tabernaculoprensadedios.com\/web\/\"},{\"@type\":\"ListItem\",\"position\":2,\"name\":\"Reflexionemos y Regresemos a Dios. Un Llamado a la Autoevaluaci\u00f3n y la Devoci\u00f3n\"}]},{\"@type\":\"WebSite\",\"@id\":\"https:\/\/tabernaculoprensadedios.com\/web\/#website\",\"url\":\"https:\/\/tabernaculoprensadedios.com\/web\/\",\"name\":\"Tabernaculo Prensa de Dios\",\"description\":\"Un medio a la manera de Dios\",\"publisher\":{\"@id\":\"https:\/\/tabernaculoprensadedios.com\/web\/#\/schema\/person\/bc0e069fef56b38e177db6f098ae0b6e\"},\"potentialAction\":[{\"@type\":\"SearchAction\",\"target\":{\"@type\":\"EntryPoint\",\"urlTemplate\":\"https:\/\/tabernaculoprensadedios.com\/web\/?s={search_term_string}\"},\"query-input\":{\"@type\":\"PropertyValueSpecification\",\"valueRequired\":true,\"valueName\":\"search_term_string\"}}],\"inLanguage\":\"es\"},{\"@type\":[\"Person\",\"Organization\"],\"@id\":\"https:\/\/tabernaculoprensadedios.com\/web\/#\/schema\/person\/bc0e069fef56b38e177db6f098ae0b6e\",\"name\":\"tabernaculo\",\"image\":{\"@type\":\"ImageObject\",\"inLanguage\":\"es\",\"@id\":\"https:\/\/tabernaculoprensadedios.com\/web\/#\/schema\/person\/image\/\",\"url\":\"https:\/\/tabernaculoprensadedios.com\/web\/wp-content\/uploads\/2015\/06\/login-logo1.png\",\"contentUrl\":\"https:\/\/tabernaculoprensadedios.com\/web\/wp-content\/uploads\/2015\/06\/login-logo1.png\",\"width\":300,\"height\":118,\"caption\":\"tabernaculo\"},\"logo\":{\"@id\":\"https:\/\/tabernaculoprensadedios.com\/web\/#\/schema\/person\/image\/\"},\"url\":\"https:\/\/tabernaculoprensadedios.com\/web\/author\/tabernaculo\/\"}]}<\/script>\n<!-- \/ Yoast SEO Premium plugin. -->","yoast_head_json":{"title":"Reflexionemos y Regresemos a Dios. Un Llamado a la Autoevaluaci\u00f3n y la Devoci\u00f3n - Tabernaculo Prensa de Dios","robots":{"index":"index","follow":"follow","max-snippet":"max-snippet:-1","max-image-preview":"max-image-preview:large","max-video-preview":"max-video-preview:-1"},"canonical":"https:\/\/tabernaculoprensadedios.com\/web\/reflexionemos-y-regresemos-a-dios-un-llamado-a-la-autoevaluacion-y-la-devocion\/","og_locale":"es_ES","og_type":"article","og_title":"Reflexionemos y Regresemos a Dios. Un Llamado a la Autoevaluaci\u00f3n y la Devoci\u00f3n","og_description":"LAMENTACIONES 3:40-41 Escudri\u00f1emos nuestros caminos, y busquemos, y volv\u00e1monos a Jehov\u00e1; 41 Levantemos nuestros corazones y manos a Dios en los cielos; Estamos viviendo tiempos en los cuales a causa de la tecnolog\u00eda cada vez nos dedicamos a ver hacia afuera, a ver la vida de los dem\u00e1s, a observar c\u00f3mo viven los otros, estamos &hellip;","og_url":"https:\/\/tabernaculoprensadedios.com\/web\/reflexionemos-y-regresemos-a-dios-un-llamado-a-la-autoevaluacion-y-la-devocion\/","og_site_name":"Tabernaculo Prensa de Dios","article_published_time":"2024-06-08T13:56:45+00:00","og_image":[{"width":1280,"height":720,"url":"https:\/\/tabernaculoprensadedios.com\/web\/wp-content\/uploads\/2024\/06\/Un-Llamado-a-la-Autoevaluacion-y-la-Devocion.jpg","type":"image\/jpeg"}],"author":"tabernaculo","twitter_card":"summary_large_image","twitter_creator":"@PrensadeDios","twitter_site":"@PrensadeDios","twitter_misc":{"Escrito por":"tabernaculo","Tiempo de lectura":"4 minutos"},"schema":{"@context":"https:\/\/schema.org","@graph":[{"@type":"Article","@id":"https:\/\/tabernaculoprensadedios.com\/web\/reflexionemos-y-regresemos-a-dios-un-llamado-a-la-autoevaluacion-y-la-devocion\/#article","isPartOf":{"@id":"https:\/\/tabernaculoprensadedios.com\/web\/reflexionemos-y-regresemos-a-dios-un-llamado-a-la-autoevaluacion-y-la-devocion\/"},"author":{"name":"tabernaculo","@id":"https:\/\/tabernaculoprensadedios.com\/web\/#\/schema\/person\/bc0e069fef56b38e177db6f098ae0b6e"},"headline":"Reflexionemos y Regresemos a Dios. Un Llamado a la Autoevaluaci\u00f3n y la Devoci\u00f3n","datePublished":"2024-06-08T13:56:45+00:00","mainEntityOfPage":{"@id":"https:\/\/tabernaculoprensadedios.com\/web\/reflexionemos-y-regresemos-a-dios-un-llamado-a-la-autoevaluacion-y-la-devocion\/"},"wordCount":829,"commentCount":0,"publisher":{"@id":"https:\/\/tabernaculoprensadedios.com\/web\/#\/schema\/person\/bc0e069fef56b38e177db6f098ae0b6e"},"image":{"@id":"https:\/\/tabernaculoprensadedios.com\/web\/reflexionemos-y-regresemos-a-dios-un-llamado-a-la-autoevaluacion-y-la-devocion\/#primaryimage"},"thumbnailUrl":"https:\/\/tabernaculoprensadedios.com\/web\/wp-content\/uploads\/2024\/06\/Un-Llamado-a-la-Autoevaluacion-y-la-Devocion.jpg","articleSection":["Principal"],"inLanguage":"es","potentialAction":[{"@type":"CommentAction","name":"Comment","target":["https:\/\/tabernaculoprensadedios.com\/web\/reflexionemos-y-regresemos-a-dios-un-llamado-a-la-autoevaluacion-y-la-devocion\/#respond"]}]},{"@type":"WebPage","@id":"https:\/\/tabernaculoprensadedios.com\/web\/reflexionemos-y-regresemos-a-dios-un-llamado-a-la-autoevaluacion-y-la-devocion\/","url":"https:\/\/tabernaculoprensadedios.com\/web\/reflexionemos-y-regresemos-a-dios-un-llamado-a-la-autoevaluacion-y-la-devocion\/","name":"Reflexionemos y Regresemos a Dios. Un Llamado a la Autoevaluaci\u00f3n y la Devoci\u00f3n - Tabernaculo Prensa de Dios","isPartOf":{"@id":"https:\/\/tabernaculoprensadedios.com\/web\/#website"},"primaryImageOfPage":{"@id":"https:\/\/tabernaculoprensadedios.com\/web\/reflexionemos-y-regresemos-a-dios-un-llamado-a-la-autoevaluacion-y-la-devocion\/#primaryimage"},"image":{"@id":"https:\/\/tabernaculoprensadedios.com\/web\/reflexionemos-y-regresemos-a-dios-un-llamado-a-la-autoevaluacion-y-la-devocion\/#primaryimage"},"thumbnailUrl":"https:\/\/tabernaculoprensadedios.com\/web\/wp-content\/uploads\/2024\/06\/Un-Llamado-a-la-Autoevaluacion-y-la-Devocion.jpg","datePublished":"2024-06-08T13:56:45+00:00","breadcrumb":{"@id":"https:\/\/tabernaculoprensadedios.com\/web\/reflexionemos-y-regresemos-a-dios-un-llamado-a-la-autoevaluacion-y-la-devocion\/#breadcrumb"},"inLanguage":"es","potentialAction":[{"@type":"ReadAction","target":["https:\/\/tabernaculoprensadedios.com\/web\/reflexionemos-y-regresemos-a-dios-un-llamado-a-la-autoevaluacion-y-la-devocion\/"]}]},{"@type":"ImageObject","inLanguage":"es","@id":"https:\/\/tabernaculoprensadedios.com\/web\/reflexionemos-y-regresemos-a-dios-un-llamado-a-la-autoevaluacion-y-la-devocion\/#primaryimage","url":"https:\/\/tabernaculoprensadedios.com\/web\/wp-content\/uploads\/2024\/06\/Un-Llamado-a-la-Autoevaluacion-y-la-Devocion.jpg","contentUrl":"https:\/\/tabernaculoprensadedios.com\/web\/wp-content\/uploads\/2024\/06\/Un-Llamado-a-la-Autoevaluacion-y-la-Devocion.jpg","width":1280,"height":720},{"@type":"BreadcrumbList","@id":"https:\/\/tabernaculoprensadedios.com\/web\/reflexionemos-y-regresemos-a-dios-un-llamado-a-la-autoevaluacion-y-la-devocion\/#breadcrumb","itemListElement":[{"@type":"ListItem","position":1,"name":"Portada","item":"https:\/\/tabernaculoprensadedios.com\/web\/"},{"@type":"ListItem","position":2,"name":"Reflexionemos y Regresemos a Dios. Un Llamado a la Autoevaluaci\u00f3n y la Devoci\u00f3n"}]},{"@type":"WebSite","@id":"https:\/\/tabernaculoprensadedios.com\/web\/#website","url":"https:\/\/tabernaculoprensadedios.com\/web\/","name":"Tabernaculo Prensa de Dios","description":"Un medio a la manera de Dios","publisher":{"@id":"https:\/\/tabernaculoprensadedios.com\/web\/#\/schema\/person\/bc0e069fef56b38e177db6f098ae0b6e"},"potentialAction":[{"@type":"SearchAction","target":{"@type":"EntryPoint","urlTemplate":"https:\/\/tabernaculoprensadedios.com\/web\/?s={search_term_string}"},"query-input":{"@type":"PropertyValueSpecification","valueRequired":true,"valueName":"search_term_string"}}],"inLanguage":"es"},{"@type":["Person","Organization"],"@id":"https:\/\/tabernaculoprensadedios.com\/web\/#\/schema\/person\/bc0e069fef56b38e177db6f098ae0b6e","name":"tabernaculo","image":{"@type":"ImageObject","inLanguage":"es","@id":"https:\/\/tabernaculoprensadedios.com\/web\/#\/schema\/person\/image\/","url":"https:\/\/tabernaculoprensadedios.com\/web\/wp-content\/uploads\/2015\/06\/login-logo1.png","contentUrl":"https:\/\/tabernaculoprensadedios.com\/web\/wp-content\/uploads\/2015\/06\/login-logo1.png","width":300,"height":118,"caption":"tabernaculo"},"logo":{"@id":"https:\/\/tabernaculoprensadedios.com\/web\/#\/schema\/person\/image\/"},"url":"https:\/\/tabernaculoprensadedios.com\/web\/author\/tabernaculo\/"}]}},"_links":{"self":[{"href":"https:\/\/tabernaculoprensadedios.com\/web\/wp-json\/wp\/v2\/posts\/31380","targetHints":{"allow":["GET"]}}],"collection":[{"href":"https:\/\/tabernaculoprensadedios.com\/web\/wp-json\/wp\/v2\/posts"}],"about":[{"href":"https:\/\/tabernaculoprensadedios.com\/web\/wp-json\/wp\/v2\/types\/post"}],"author":[{"embeddable":true,"href":"https:\/\/tabernaculoprensadedios.com\/web\/wp-json\/wp\/v2\/users\/1"}],"replies":[{"embeddable":true,"href":"https:\/\/tabernaculoprensadedios.com\/web\/wp-json\/wp\/v2\/comments?post=31380"}],"version-history":[{"count":1,"href":"https:\/\/tabernaculoprensadedios.com\/web\/wp-json\/wp\/v2\/posts\/31380\/revisions"}],"predecessor-version":[{"id":31384,"href":"https:\/\/tabernaculoprensadedios.com\/web\/wp-json\/wp\/v2\/posts\/31380\/revisions\/31384"}],"wp:featuredmedia":[{"embeddable":true,"href":"https:\/\/tabernaculoprensadedios.com\/web\/wp-json\/wp\/v2\/media\/31383"}],"wp:attachment":[{"href":"https:\/\/tabernaculoprensadedios.com\/web\/wp-json\/wp\/v2\/media?parent=31380"}],"wp:term":[{"taxonomy":"category","embeddable":true,"href":"https:\/\/tabernaculoprensadedios.com\/web\/wp-json\/wp\/v2\/categories?post=31380"},{"taxonomy":"post_tag","embeddable":true,"href":"https:\/\/tabernaculoprensadedios.com\/web\/wp-json\/wp\/v2\/tags?post=31380"}],"curies":[{"name":"wp","href":"https:\/\/api.w.org\/{rel}","templated":true}]}}