{"id":31084,"date":"2024-05-05T00:07:54","date_gmt":"2024-05-05T00:07:54","guid":{"rendered":"https:\/\/tabernaculoprensadedios.com\/web\/?p=31084"},"modified":"2024-05-05T00:07:54","modified_gmt":"2024-05-05T00:07:54","slug":"el-caracter-de-nustra-propia-marca","status":"publish","type":"post","link":"https:\/\/tabernaculoprensadedios.com\/web\/el-caracter-de-nustra-propia-marca\/","title":{"rendered":"El caracter de nustra propia marca"},"content":{"rendered":"<p>Cuando entendemos que el car\u00e1cter es nuestra propia marca, entonces hay que preguntarnos \u00bfqu\u00e9 es lo que la gente est\u00e1 viendo de nosotros? Una cosa es el car\u00e1cter y otra cosa distinta es el car\u00e1cter cristiano, aquel que ahora es dirigido y regulado por Dios.<\/p>\n<p>Cuando somos del mundo y hemos tenido una educaci\u00f3n desde la ni\u00f1ez, la formaci\u00f3n de nuestro car\u00e1cter ha sido forjada posiblemente con disciplina, pero donde existe la disciplina pero falta la moralidad, el car\u00e1cter est\u00e1 deformado.<\/p>\n<p>Pedro ha dejado una marca imborrable en la historia del inicio de la Iglesia. El marco con sus acciones la imagen que para muchos de nosotros hoy es la \u00fanica forma de entender qui\u00e9n era. Un hombre con acciones impulsivas, f\u00e1cil para airarse, dif\u00edcil para contenerse de no decir lo que pensaba, e imposible de detener sus acciones aunque estas lo comprometieran.<\/p>\n<p>Ese era el car\u00e1cter de uno de los doce, ese es el car\u00e1cter de m\u00e1s de uno de los que hoy seguimos al Maestro. Pero al igual que Pedro nuestra vida entera y car\u00e1cter deben de llegar a la madurez en la cual muestre al mundo que hemos sido forjados en la mesa del Eterno Alfarero, y que han sido sus manos las que ha dado forma a lo que hoy somos.<\/p>\n<p>No ser\u00e1 un proceso f\u00e1cil, no ser\u00e1 un camino corto y no ser\u00e1 de la noche a la ma\u00f1ana. Forjar las grandes obras llevan a\u00f1os de proceso, pero despu\u00e9s de haber sido terminadas tambi\u00e9n son a\u00f1os los que sobrevivir\u00e1n.<\/p>\n<p>Creo que por eso Dios nos dio la vida, para que durante ella pueda formarnos a su imagen poco a poco tal como lo vallamos entendiendo y aceptando.<\/p>\n<p>Cada vez que \u00e9l hace una obra en nosotros, si queremos que perdure, deberemos estar de acuerdo con lo que \u00e9l hizo en nosotros. De lo contrario terminaremos arrancando de nosotros mismos, aquello que nos hac\u00eda parecernos m\u00e1s a \u00c9l.<\/p>\n<p>Por eso cuando venimos a Jesucristo y moldea nuestro car\u00e1cter y nos pone compasi\u00f3n, cuando nos miramos actuando con compasi\u00f3n y no nos gusta terminamos por dejarla. Cada vez que Jes\u00fas haga una obra en nosotros, somos nosotros mismos quienes decidiremos si queremos parecernos m\u00e1s a \u00c9l.<\/p>\n<p>Marcos 14:26 Cuando hubieron cantado el himno, salieron al monte de los Olivos.<\/p>\n<p>27 Entonces Jes\u00fas les dijo: Todos os escandalizar\u00e9is de m\u00ed esta noche; porque escrito est\u00e1: Herir\u00e9 al pastor, y las ovejas ser\u00e1n dispersadas. 28 Pero despu\u00e9s que haya resucitado, ir\u00e9 delante de vosotros a Galilea.<\/p>\n<p>Primero que nada quiero resaltar el momento en el que Jesucristo refiere estas palabras. Han pasado tres a\u00f1os y medio.<\/p>\n<p>Pedro ha caminado con el Maestro d\u00eda y noche. Ha llegado a escuchar sus ense\u00f1anzas, hasta que estas pod\u00eda decirlas de memoria. Hab\u00eda visto en el rostro del Maestro su compasi\u00f3n por las gentes, su amor por los que estaban en necesidad, su misericordia para los que hab\u00edan ca\u00eddo y su mano extendida para quienes se encontraban en el poso de la desesperaci\u00f3n.<\/p>\n<p>El car\u00e1cter del impetuoso Pedro hab\u00eda sido confrontado con el Car\u00e1cter del Maestro que en lugar de sus arrebatos, encontraba silencio ante los agravios.<\/p>\n<p>Hab\u00eda tenido la oportunidad de ser altamente entrenado, y formado su car\u00e1cter, con los eventos que hab\u00eda vivido al lado de su Se\u00f1or.<\/p>\n<p>(Hace unos d\u00edas platicando con alguien me dice mi esposa: te he escuchado hablar tantas veces pero todav\u00eda no puedo explicar las cosas como t\u00fa lo haces. Aprender los conceptos y los valores le conteste)<\/p>\n<p>Para que usted llegue a que su coraz\u00f3n, a trav\u00e9s de su car\u00e1cter; deje una marca de la que este orgulloso de decir que es suya, habr\u00e1n pasado muchos a\u00f1os.<\/p>\n<p>Todos os escandalizar\u00e9is de m\u00ed esta noche; porque escrito est\u00e1: Herir\u00e9 al pastor, y las ovejas ser\u00e1n dispersadas. 28 Pero despu\u00e9s que haya resucitado, ir\u00e9 delante de vosotros a Galilea.<\/p>\n<p>En ese particular momento el car\u00e1cter de Pedro seria enfrentado ante la tragedia de su Maestro. Ahora su propia vida estar\u00eda en riesgo, ser\u00eda el momento de probar su car\u00e1cter cristiano. Quiero decir, su entrega a Jesucristo.<\/p>\n<p>Y contesta y dice: 29 Entonces Pedro le dijo: Aunque todos se escandalicen, yo no.<\/p>\n<p>La \u00fanica forma de probar nuestro car\u00e1cter, es cuando es confrontado, es cuando es puesto a prueba, es cuando es llevado fuera de nuestra zona de confort.<\/p>\n<p>Pedro, tal parece hablo espont\u00e1neamente. \u00bfCu\u00e1ntas veces hemos ca\u00eddo en un error, por haber hablado de esta manera? Hay que saber controlar nuestras emociones, nuestras reacciones y tambi\u00e9n nuestras palabras. Pedro siempre mostr\u00f3 su af\u00e1n por hacer cualquier cosa por su Maestro, pero no sab\u00eda a ciencia cierta; \u00bfc\u00f3mo responder\u00eda cuando el momento de poner en riesgo su propia vida llegara?<\/p>\n<p>Ahora estamos ablando del car\u00e1cter Cristiano. \u00bfCu\u00e1ndo otros abandonan, adonde estas tu? Pedro ya daba por sentado que \u00e9l ya estaba listo para cualquier prueba que le viniese en el camino de Jesucristo. El dec\u00eda que su car\u00e1cter ya hab\u00eda sido forjado a la manera de Cristo. Tres a\u00f1os de ense\u00f1anza ahora se enfrentar\u00edan a la prueba. Pedro le estaba diciendo a Jesucristo: Yo ya estoy listo, para hacer cualquier cosa por ti.<\/p>\n<p>Aunque las cosas se pongan mal yo no te abandono. Yo no te dejare, caminare contigo todo el camino. Esta es una promesa grande, Pedro estaba empe\u00f1ando toda su persona.<\/p>\n<p>Y creo que hoy es un gran d\u00eda para hacer nuestra declaraci\u00f3n de vida. Es posible que tu coraz\u00f3n, tu car\u00e1cter y tu temperamento te digan todav\u00eda no puedo hacerlo, te voy a decir algo; Hazlo por Fe. Hay quienes dijeron no estoy listo para bautizarme, hoy te digo hazlo por fe. Haz lo que hizo Pedro \u201csi eres t\u00fa, manda que yo vaya\u201d el no estaba seguro que fuera su Maestro, pero al o\u00edrlo hablar reconocer\u00eda su voz.<\/p>\n","protected":false},"excerpt":{"rendered":"<p>Cuando entendemos que el car\u00e1cter es nuestra propia marca, entonces hay que preguntarnos \u00bfqu\u00e9 es lo que la gente est\u00e1 viendo de nosotros? Una cosa es el car\u00e1cter y otra cosa distinta es el car\u00e1cter cristiano, aquel que ahora es dirigido y regulado por Dios. Cuando somos del mundo y hemos tenido una educaci\u00f3n desde &hellip;<\/p>\n","protected":false},"author":1,"featured_media":1406,"comment_status":"open","ping_status":"open","sticky":false,"template":"","format":"standard","meta":{"footnotes":""},"categories":[34],"tags":[],"class_list":["post-31084","post","type-post","status-publish","format-standard","has-post-thumbnail","hentry","category-articulos"],"yoast_head":"<!-- This site is optimized with the Yoast SEO Premium plugin v24.2 (Yoast SEO v27.1.1) - https:\/\/yoast.com\/product\/yoast-seo-premium-wordpress\/ -->\n<title>El caracter de nustra propia marca - Tabernaculo Prensa de Dios<\/title>\n<meta name=\"robots\" content=\"index, follow, max-snippet:-1, max-image-preview:large, max-video-preview:-1\" \/>\n<link rel=\"canonical\" href=\"https:\/\/tabernaculoprensadedios.com\/web\/el-caracter-de-nustra-propia-marca\/\" class=\"yoast-seo-meta-tag\" \/>\n<meta property=\"og:locale\" content=\"es_ES\" class=\"yoast-seo-meta-tag\" \/>\n<meta property=\"og:type\" content=\"article\" class=\"yoast-seo-meta-tag\" \/>\n<meta property=\"og:title\" content=\"El caracter de nustra propia marca\" class=\"yoast-seo-meta-tag\" \/>\n<meta property=\"og:description\" content=\"Cuando entendemos que el car\u00e1cter es nuestra propia marca, entonces hay que preguntarnos \u00bfqu\u00e9 es lo que la gente est\u00e1 viendo de nosotros? Una cosa es el car\u00e1cter y otra cosa distinta es el car\u00e1cter cristiano, aquel que ahora es dirigido y regulado por Dios. Cuando somos del mundo y hemos tenido una educaci\u00f3n desde &hellip;\" class=\"yoast-seo-meta-tag\" \/>\n<meta property=\"og:url\" content=\"https:\/\/tabernaculoprensadedios.com\/web\/el-caracter-de-nustra-propia-marca\/\" class=\"yoast-seo-meta-tag\" \/>\n<meta property=\"og:site_name\" content=\"Tabernaculo Prensa de Dios\" class=\"yoast-seo-meta-tag\" \/>\n<meta property=\"article:published_time\" content=\"2024-05-05T00:07:54+00:00\" class=\"yoast-seo-meta-tag\" \/>\n<meta property=\"og:image\" content=\"https:\/\/tabernaculoprensadedios.com\/web\/wp-content\/uploads\/2015\/07\/porque-la-biblia1-e1438653163930.jpg\" class=\"yoast-seo-meta-tag\" \/>\n\t<meta property=\"og:image:width\" content=\"640\" class=\"yoast-seo-meta-tag\" \/>\n\t<meta property=\"og:image:height\" content=\"313\" class=\"yoast-seo-meta-tag\" \/>\n\t<meta property=\"og:image:type\" content=\"image\/jpeg\" class=\"yoast-seo-meta-tag\" \/>\n<meta name=\"author\" content=\"tabernaculo\" class=\"yoast-seo-meta-tag\" \/>\n<meta name=\"twitter:card\" content=\"summary_large_image\" class=\"yoast-seo-meta-tag\" \/>\n<meta name=\"twitter:creator\" content=\"@PrensadeDios\" class=\"yoast-seo-meta-tag\" \/>\n<meta name=\"twitter:site\" content=\"@PrensadeDios\" class=\"yoast-seo-meta-tag\" \/>\n<meta name=\"twitter:label1\" content=\"Escrito por\" class=\"yoast-seo-meta-tag\" \/>\n\t<meta name=\"twitter:data1\" content=\"tabernaculo\" class=\"yoast-seo-meta-tag\" \/>\n\t<meta name=\"twitter:label2\" content=\"Tiempo de lectura\" class=\"yoast-seo-meta-tag\" \/>\n\t<meta name=\"twitter:data2\" content=\"5 minutos\" class=\"yoast-seo-meta-tag\" \/>\n<script type=\"application\/ld+json\" class=\"yoast-schema-graph\">{\"@context\":\"https:\/\/schema.org\",\"@graph\":[{\"@type\":\"Article\",\"@id\":\"https:\/\/tabernaculoprensadedios.com\/web\/el-caracter-de-nustra-propia-marca\/#article\",\"isPartOf\":{\"@id\":\"https:\/\/tabernaculoprensadedios.com\/web\/el-caracter-de-nustra-propia-marca\/\"},\"author\":{\"name\":\"tabernaculo\",\"@id\":\"https:\/\/tabernaculoprensadedios.com\/web\/#\/schema\/person\/bc0e069fef56b38e177db6f098ae0b6e\"},\"headline\":\"El caracter de nustra propia marca\",\"datePublished\":\"2024-05-05T00:07:54+00:00\",\"mainEntityOfPage\":{\"@id\":\"https:\/\/tabernaculoprensadedios.com\/web\/el-caracter-de-nustra-propia-marca\/\"},\"wordCount\":1053,\"commentCount\":0,\"publisher\":{\"@id\":\"https:\/\/tabernaculoprensadedios.com\/web\/#\/schema\/person\/bc0e069fef56b38e177db6f098ae0b6e\"},\"image\":{\"@id\":\"https:\/\/tabernaculoprensadedios.com\/web\/el-caracter-de-nustra-propia-marca\/#primaryimage\"},\"thumbnailUrl\":\"https:\/\/tabernaculoprensadedios.com\/web\/wp-content\/uploads\/2015\/07\/porque-la-biblia1-e1438653163930.jpg\",\"articleSection\":[\"Articulos\"],\"inLanguage\":\"es\",\"potentialAction\":[{\"@type\":\"CommentAction\",\"name\":\"Comment\",\"target\":[\"https:\/\/tabernaculoprensadedios.com\/web\/el-caracter-de-nustra-propia-marca\/#respond\"]}]},{\"@type\":\"WebPage\",\"@id\":\"https:\/\/tabernaculoprensadedios.com\/web\/el-caracter-de-nustra-propia-marca\/\",\"url\":\"https:\/\/tabernaculoprensadedios.com\/web\/el-caracter-de-nustra-propia-marca\/\",\"name\":\"El caracter de nustra propia marca - Tabernaculo Prensa de Dios\",\"isPartOf\":{\"@id\":\"https:\/\/tabernaculoprensadedios.com\/web\/#website\"},\"primaryImageOfPage\":{\"@id\":\"https:\/\/tabernaculoprensadedios.com\/web\/el-caracter-de-nustra-propia-marca\/#primaryimage\"},\"image\":{\"@id\":\"https:\/\/tabernaculoprensadedios.com\/web\/el-caracter-de-nustra-propia-marca\/#primaryimage\"},\"thumbnailUrl\":\"https:\/\/tabernaculoprensadedios.com\/web\/wp-content\/uploads\/2015\/07\/porque-la-biblia1-e1438653163930.jpg\",\"datePublished\":\"2024-05-05T00:07:54+00:00\",\"breadcrumb\":{\"@id\":\"https:\/\/tabernaculoprensadedios.com\/web\/el-caracter-de-nustra-propia-marca\/#breadcrumb\"},\"inLanguage\":\"es\",\"potentialAction\":[{\"@type\":\"ReadAction\",\"target\":[\"https:\/\/tabernaculoprensadedios.com\/web\/el-caracter-de-nustra-propia-marca\/\"]}]},{\"@type\":\"ImageObject\",\"inLanguage\":\"es\",\"@id\":\"https:\/\/tabernaculoprensadedios.com\/web\/el-caracter-de-nustra-propia-marca\/#primaryimage\",\"url\":\"https:\/\/tabernaculoprensadedios.com\/web\/wp-content\/uploads\/2015\/07\/porque-la-biblia1-e1438653163930.jpg\",\"contentUrl\":\"https:\/\/tabernaculoprensadedios.com\/web\/wp-content\/uploads\/2015\/07\/porque-la-biblia1-e1438653163930.jpg\",\"width\":640,\"height\":313,\"caption\":\"Pastor Th. B Samuel Que\"},{\"@type\":\"BreadcrumbList\",\"@id\":\"https:\/\/tabernaculoprensadedios.com\/web\/el-caracter-de-nustra-propia-marca\/#breadcrumb\",\"itemListElement\":[{\"@type\":\"ListItem\",\"position\":1,\"name\":\"Portada\",\"item\":\"https:\/\/tabernaculoprensadedios.com\/web\/\"},{\"@type\":\"ListItem\",\"position\":2,\"name\":\"El caracter de nustra propia marca\"}]},{\"@type\":\"WebSite\",\"@id\":\"https:\/\/tabernaculoprensadedios.com\/web\/#website\",\"url\":\"https:\/\/tabernaculoprensadedios.com\/web\/\",\"name\":\"Tabernaculo Prensa de Dios\",\"description\":\"Un medio a la manera de Dios\",\"publisher\":{\"@id\":\"https:\/\/tabernaculoprensadedios.com\/web\/#\/schema\/person\/bc0e069fef56b38e177db6f098ae0b6e\"},\"potentialAction\":[{\"@type\":\"SearchAction\",\"target\":{\"@type\":\"EntryPoint\",\"urlTemplate\":\"https:\/\/tabernaculoprensadedios.com\/web\/?s={search_term_string}\"},\"query-input\":{\"@type\":\"PropertyValueSpecification\",\"valueRequired\":true,\"valueName\":\"search_term_string\"}}],\"inLanguage\":\"es\"},{\"@type\":[\"Person\",\"Organization\"],\"@id\":\"https:\/\/tabernaculoprensadedios.com\/web\/#\/schema\/person\/bc0e069fef56b38e177db6f098ae0b6e\",\"name\":\"tabernaculo\",\"image\":{\"@type\":\"ImageObject\",\"inLanguage\":\"es\",\"@id\":\"https:\/\/tabernaculoprensadedios.com\/web\/#\/schema\/person\/image\/\",\"url\":\"https:\/\/tabernaculoprensadedios.com\/web\/wp-content\/uploads\/2015\/06\/login-logo1.png\",\"contentUrl\":\"https:\/\/tabernaculoprensadedios.com\/web\/wp-content\/uploads\/2015\/06\/login-logo1.png\",\"width\":300,\"height\":118,\"caption\":\"tabernaculo\"},\"logo\":{\"@id\":\"https:\/\/tabernaculoprensadedios.com\/web\/#\/schema\/person\/image\/\"},\"url\":\"https:\/\/tabernaculoprensadedios.com\/web\/author\/tabernaculo\/\"}]}<\/script>\n<!-- \/ Yoast SEO Premium plugin. -->","yoast_head_json":{"title":"El caracter de nustra propia marca - Tabernaculo Prensa de Dios","robots":{"index":"index","follow":"follow","max-snippet":"max-snippet:-1","max-image-preview":"max-image-preview:large","max-video-preview":"max-video-preview:-1"},"canonical":"https:\/\/tabernaculoprensadedios.com\/web\/el-caracter-de-nustra-propia-marca\/","og_locale":"es_ES","og_type":"article","og_title":"El caracter de nustra propia marca","og_description":"Cuando entendemos que el car\u00e1cter es nuestra propia marca, entonces hay que preguntarnos \u00bfqu\u00e9 es lo que la gente est\u00e1 viendo de nosotros? Una cosa es el car\u00e1cter y otra cosa distinta es el car\u00e1cter cristiano, aquel que ahora es dirigido y regulado por Dios. Cuando somos del mundo y hemos tenido una educaci\u00f3n desde &hellip;","og_url":"https:\/\/tabernaculoprensadedios.com\/web\/el-caracter-de-nustra-propia-marca\/","og_site_name":"Tabernaculo Prensa de Dios","article_published_time":"2024-05-05T00:07:54+00:00","og_image":[{"width":640,"height":313,"url":"https:\/\/tabernaculoprensadedios.com\/web\/wp-content\/uploads\/2015\/07\/porque-la-biblia1-e1438653163930.jpg","type":"image\/jpeg"}],"author":"tabernaculo","twitter_card":"summary_large_image","twitter_creator":"@PrensadeDios","twitter_site":"@PrensadeDios","twitter_misc":{"Escrito por":"tabernaculo","Tiempo de lectura":"5 minutos"},"schema":{"@context":"https:\/\/schema.org","@graph":[{"@type":"Article","@id":"https:\/\/tabernaculoprensadedios.com\/web\/el-caracter-de-nustra-propia-marca\/#article","isPartOf":{"@id":"https:\/\/tabernaculoprensadedios.com\/web\/el-caracter-de-nustra-propia-marca\/"},"author":{"name":"tabernaculo","@id":"https:\/\/tabernaculoprensadedios.com\/web\/#\/schema\/person\/bc0e069fef56b38e177db6f098ae0b6e"},"headline":"El caracter de nustra propia marca","datePublished":"2024-05-05T00:07:54+00:00","mainEntityOfPage":{"@id":"https:\/\/tabernaculoprensadedios.com\/web\/el-caracter-de-nustra-propia-marca\/"},"wordCount":1053,"commentCount":0,"publisher":{"@id":"https:\/\/tabernaculoprensadedios.com\/web\/#\/schema\/person\/bc0e069fef56b38e177db6f098ae0b6e"},"image":{"@id":"https:\/\/tabernaculoprensadedios.com\/web\/el-caracter-de-nustra-propia-marca\/#primaryimage"},"thumbnailUrl":"https:\/\/tabernaculoprensadedios.com\/web\/wp-content\/uploads\/2015\/07\/porque-la-biblia1-e1438653163930.jpg","articleSection":["Articulos"],"inLanguage":"es","potentialAction":[{"@type":"CommentAction","name":"Comment","target":["https:\/\/tabernaculoprensadedios.com\/web\/el-caracter-de-nustra-propia-marca\/#respond"]}]},{"@type":"WebPage","@id":"https:\/\/tabernaculoprensadedios.com\/web\/el-caracter-de-nustra-propia-marca\/","url":"https:\/\/tabernaculoprensadedios.com\/web\/el-caracter-de-nustra-propia-marca\/","name":"El caracter de nustra propia marca - Tabernaculo Prensa de Dios","isPartOf":{"@id":"https:\/\/tabernaculoprensadedios.com\/web\/#website"},"primaryImageOfPage":{"@id":"https:\/\/tabernaculoprensadedios.com\/web\/el-caracter-de-nustra-propia-marca\/#primaryimage"},"image":{"@id":"https:\/\/tabernaculoprensadedios.com\/web\/el-caracter-de-nustra-propia-marca\/#primaryimage"},"thumbnailUrl":"https:\/\/tabernaculoprensadedios.com\/web\/wp-content\/uploads\/2015\/07\/porque-la-biblia1-e1438653163930.jpg","datePublished":"2024-05-05T00:07:54+00:00","breadcrumb":{"@id":"https:\/\/tabernaculoprensadedios.com\/web\/el-caracter-de-nustra-propia-marca\/#breadcrumb"},"inLanguage":"es","potentialAction":[{"@type":"ReadAction","target":["https:\/\/tabernaculoprensadedios.com\/web\/el-caracter-de-nustra-propia-marca\/"]}]},{"@type":"ImageObject","inLanguage":"es","@id":"https:\/\/tabernaculoprensadedios.com\/web\/el-caracter-de-nustra-propia-marca\/#primaryimage","url":"https:\/\/tabernaculoprensadedios.com\/web\/wp-content\/uploads\/2015\/07\/porque-la-biblia1-e1438653163930.jpg","contentUrl":"https:\/\/tabernaculoprensadedios.com\/web\/wp-content\/uploads\/2015\/07\/porque-la-biblia1-e1438653163930.jpg","width":640,"height":313,"caption":"Pastor Th. B Samuel Que"},{"@type":"BreadcrumbList","@id":"https:\/\/tabernaculoprensadedios.com\/web\/el-caracter-de-nustra-propia-marca\/#breadcrumb","itemListElement":[{"@type":"ListItem","position":1,"name":"Portada","item":"https:\/\/tabernaculoprensadedios.com\/web\/"},{"@type":"ListItem","position":2,"name":"El caracter de nustra propia marca"}]},{"@type":"WebSite","@id":"https:\/\/tabernaculoprensadedios.com\/web\/#website","url":"https:\/\/tabernaculoprensadedios.com\/web\/","name":"Tabernaculo Prensa de Dios","description":"Un medio a la manera de Dios","publisher":{"@id":"https:\/\/tabernaculoprensadedios.com\/web\/#\/schema\/person\/bc0e069fef56b38e177db6f098ae0b6e"},"potentialAction":[{"@type":"SearchAction","target":{"@type":"EntryPoint","urlTemplate":"https:\/\/tabernaculoprensadedios.com\/web\/?s={search_term_string}"},"query-input":{"@type":"PropertyValueSpecification","valueRequired":true,"valueName":"search_term_string"}}],"inLanguage":"es"},{"@type":["Person","Organization"],"@id":"https:\/\/tabernaculoprensadedios.com\/web\/#\/schema\/person\/bc0e069fef56b38e177db6f098ae0b6e","name":"tabernaculo","image":{"@type":"ImageObject","inLanguage":"es","@id":"https:\/\/tabernaculoprensadedios.com\/web\/#\/schema\/person\/image\/","url":"https:\/\/tabernaculoprensadedios.com\/web\/wp-content\/uploads\/2015\/06\/login-logo1.png","contentUrl":"https:\/\/tabernaculoprensadedios.com\/web\/wp-content\/uploads\/2015\/06\/login-logo1.png","width":300,"height":118,"caption":"tabernaculo"},"logo":{"@id":"https:\/\/tabernaculoprensadedios.com\/web\/#\/schema\/person\/image\/"},"url":"https:\/\/tabernaculoprensadedios.com\/web\/author\/tabernaculo\/"}]}},"_links":{"self":[{"href":"https:\/\/tabernaculoprensadedios.com\/web\/wp-json\/wp\/v2\/posts\/31084","targetHints":{"allow":["GET"]}}],"collection":[{"href":"https:\/\/tabernaculoprensadedios.com\/web\/wp-json\/wp\/v2\/posts"}],"about":[{"href":"https:\/\/tabernaculoprensadedios.com\/web\/wp-json\/wp\/v2\/types\/post"}],"author":[{"embeddable":true,"href":"https:\/\/tabernaculoprensadedios.com\/web\/wp-json\/wp\/v2\/users\/1"}],"replies":[{"embeddable":true,"href":"https:\/\/tabernaculoprensadedios.com\/web\/wp-json\/wp\/v2\/comments?post=31084"}],"version-history":[{"count":1,"href":"https:\/\/tabernaculoprensadedios.com\/web\/wp-json\/wp\/v2\/posts\/31084\/revisions"}],"predecessor-version":[{"id":31085,"href":"https:\/\/tabernaculoprensadedios.com\/web\/wp-json\/wp\/v2\/posts\/31084\/revisions\/31085"}],"wp:featuredmedia":[{"embeddable":true,"href":"https:\/\/tabernaculoprensadedios.com\/web\/wp-json\/wp\/v2\/media\/1406"}],"wp:attachment":[{"href":"https:\/\/tabernaculoprensadedios.com\/web\/wp-json\/wp\/v2\/media?parent=31084"}],"wp:term":[{"taxonomy":"category","embeddable":true,"href":"https:\/\/tabernaculoprensadedios.com\/web\/wp-json\/wp\/v2\/categories?post=31084"},{"taxonomy":"post_tag","embeddable":true,"href":"https:\/\/tabernaculoprensadedios.com\/web\/wp-json\/wp\/v2\/tags?post=31084"}],"curies":[{"name":"wp","href":"https:\/\/api.w.org\/{rel}","templated":true}]}}