{"id":31065,"date":"2024-05-03T01:58:28","date_gmt":"2024-05-03T01:58:28","guid":{"rendered":"https:\/\/tabernaculoprensadedios.com\/web\/?p=31065"},"modified":"2024-05-03T01:58:28","modified_gmt":"2024-05-03T01:58:28","slug":"necesidad-de-avivar-el-fuego-de-nuestra-fe","status":"publish","type":"post","link":"https:\/\/tabernaculoprensadedios.com\/web\/necesidad-de-avivar-el-fuego-de-nuestra-fe\/","title":{"rendered":"Necesidad de avivar el fuego de nuestra fe"},"content":{"rendered":"<p>Por lo general, la vida cristiana de muchos inicia con un amor ferviente por Dios, y en la medida que maduramos, experimentamos tambi\u00e9n un amor por Su pueblo y por Su causa. Esos primeros a\u00f1os se caracterizan por una fe que luce vibrante y una creciente relaci\u00f3n con Dios, donde el car\u00e1cter del creyente est\u00e1 siendo transformado a la imagen de Cristo y el fruto del Esp\u00edritu Santo puede verse claramente en su vida. Sin embargo, con cierta frecuencia vemos c\u00f3mo el fervor de ese primer amor comienza a menguar con el paso del tiempo, como les sucedi\u00f3 a los miembros de la iglesia en \u00c9feso (Apocalipsis 2:1-7).<\/p>\n<p>Sin duda, existen m\u00faltiples factores que afectan la calidad de nuestro amor por Dios y que contribuyen a que nuestra vida de fe y comuni\u00f3n con \u00c9l se vea afectada. Pero aunque es frecuente que esto ocurra, debemos procurar mantener vivo en todo momento el fuego de nuestra fe para poder tener mayor intimidad con Dios y para que nuestro caminar en el Se\u00f1or no pierda vigor ni direcci\u00f3n. Con ese prop\u00f3sito en mente, a continuaci\u00f3n, una breve lista de disciplinas espirituales que contribuir\u00e1n a mantener el fervor de nuestra fe.<\/p>\n<p>En primer lugar, procuremos el estudio, meditaci\u00f3n y aplicaci\u00f3n de la Palabra de Dios. La autosuficiencia nos hace creer que no necesitamos leer y escudri\u00f1ar la Palabra de Dios cada d\u00eda porque constantemente estamos leyendo diferentes tipos de literatura basada en la Palabra. El problema es que esa literatura cristiana, aunque es acerca de la Palabra, no tiene el poder intr\u00ednseco para transformar vidas, algo que solo la Palabra de Dios puede hacer. Ahora bien, lo importante no es solo cu\u00e1nto conocemos de la Palabra, sino cu\u00e1nto de lo que conocemos estamos aplicando en nuestras vidas. Cada vez que estudiamos las Escrituras debemos meditar en los preceptos del Se\u00f1or y aplicarlos a nosotros mismos antes de buscar su aplicaci\u00f3n en la vida de los dem\u00e1s. Las palabras que leemos o escuchamos a trav\u00e9s de un libro o un serm\u00f3n no son para otros, son para nosotros. Un pastor, por ejemplo, no tiene el derecho de predicar el evangelio a otros si antes no ha aplicado las verdades del evangelio a su propia vida. La congregaci\u00f3n no solo necesita escuchar un mensaje, sino que tambi\u00e9n necesita verlo hecho realidad en la vida de aquellos que predicamos.<\/p>\n<p>En segundo lugar, necesitamos una vida continua de oraci\u00f3n. A trav\u00e9s de la oraci\u00f3n, el creyente cultiva intimidad con Dios y recibe aliento para perseverar en el camino de la fe. Es mediante la oraci\u00f3n que el Esp\u00edritu Santo toma los pasajes de la Escritura que hemos le\u00eddo y los hace bajar de nuestra mente a nuestro coraz\u00f3n de manera que podamos aplicarlos a nuestra vida diaria. Es gracias a una vida de constante oraci\u00f3n y de consumo de la Palabra que nuestros ojos est\u00e1n abiertos a la realidad de nuestra pobreza espiritual.<\/p>\n<p>En tercer lugar, debemos tener una vida de arrepentimiento. No nos referimos a momentos de arrepentimiento, sino a una vida caracterizada por una continua actitud de arrepentimiento. Personalmente, con escasa frecuencia pasa un d\u00eda sin que me acerque a Dios iniciando con palabras de arrepentimiento, aunque ning\u00fan pecado espec\u00edfico venga a mi mente. Ninguno de nosotros ha cumplido la ley de Dios ni un solo d\u00eda; todos los d\u00edas la transgredimos, ya sea de palabra, de comisi\u00f3n o de omisi\u00f3n. Podemos ignorar tales pecados, pero Dios los conoce muy bien. Ninguno de nosotros vive en completa conformidad con la ley de Dios, por lo tanto, necesitamos arrepentirnos continuamente.<\/p>\n<p>En cuarto lugar, necesitamos una comunidad de creyentes. Los ministerios de consejer\u00eda b\u00edblica m\u00e1s s\u00f3lidos afirman que el Esp\u00edritu Santo hace Su mejor trabajo en medio de la comunidad de creyentes. Es en la medida en que hacemos vida de iglesia y compartimos nuestras vidas con otros cristianos que somos estimulados al amor y a las buenas obras cuando en medio de nuestras luchas nos exhortamos unos a otros (Hebreos 10.24-25).<\/p>\n<p>En quinto lugar, debemos ejercitar nuestros dones y talentos. El ap\u00f3stol Pablo exhort\u00f3 a Timoteo a no descuidar el don que Dios hab\u00eda puesto en \u00e9l (1 Timoteo 4:14). Cristo nos ha dado dones y talentos a trav\u00e9s del Esp\u00edritu Santo para la edificaci\u00f3n de Su Iglesia y para alabanza de Su gloria (Efesios 4:10-12). Cuando esos dones y talentos caen en desuso, nos enfriamos espiritualmente porque no estamos cumpliendo con el prop\u00f3sito de Dios. Sin embargo, cuando los ponemos en pr\u00e1ctica, nuestra fe es avivada al sentir el gozo de ser usados por Dios para glorificar Su nombre y ser de bendici\u00f3n a Su pueblo.<\/p>\n<p>En sexto y \u00faltimo lugar, necesitamos un sistema de rendici\u00f3n de cuentas. Es bueno y recomendable tener un grupo de hermanos con el que nos podamos reunir ocasionalmente para rendir cuentas de nuestro caminar en la fe. Pero la mejor rendici\u00f3n de cuentas es la que ocurre de manera natural al relacionarnos con otros creyentes en el d\u00eda a d\u00eda mientras hacemos vida en comunidad.<\/p>\n<p>Concluimos exhort\u00e1ndolo a seguir el consejo de Pablo a su joven disc\u00edpulo Timoteo:<\/p>\n<p>\u00abRet\u00e9n la norma de las sanas palabras que has o\u00eddo de m\u00ed, en la fe y el amor en Cristo Jes\u00fas. Guarda, mediante el Esp\u00edritu Santo que habita en nosotros, el tesoro que te ha sido encomendado\u00bb (2 Timoteo 1:13-14).<\/p>\n<p>Solo permaneciendo firmes en la verdad del evangelio de Cristo podremos mantener vivo el fuego de nuestra fe.<\/p>\n","protected":false},"excerpt":{"rendered":"<p>Por lo general, la vida cristiana de muchos inicia con un amor ferviente por Dios, y en la medida que maduramos, experimentamos tambi\u00e9n un amor por Su pueblo y por Su causa. Esos primeros a\u00f1os se caracterizan por una fe que luce vibrante y una creciente relaci\u00f3n con Dios, donde el car\u00e1cter del creyente est\u00e1 &hellip;<\/p>\n","protected":false},"author":1,"featured_media":1295,"comment_status":"open","ping_status":"open","sticky":false,"template":"","format":"standard","meta":{"footnotes":""},"categories":[34],"tags":[],"class_list":["post-31065","post","type-post","status-publish","format-standard","has-post-thumbnail","hentry","category-articulos"],"yoast_head":"<!-- This site is optimized with the Yoast SEO Premium plugin v24.2 (Yoast SEO v27.1.1) - https:\/\/yoast.com\/product\/yoast-seo-premium-wordpress\/ -->\n<title>Necesidad de avivar el fuego de nuestra fe - Tabernaculo Prensa de Dios<\/title>\n<meta name=\"robots\" content=\"index, follow, max-snippet:-1, max-image-preview:large, max-video-preview:-1\" \/>\n<link rel=\"canonical\" href=\"https:\/\/tabernaculoprensadedios.com\/web\/necesidad-de-avivar-el-fuego-de-nuestra-fe\/\" class=\"yoast-seo-meta-tag\" \/>\n<meta property=\"og:locale\" content=\"es_ES\" class=\"yoast-seo-meta-tag\" \/>\n<meta property=\"og:type\" content=\"article\" class=\"yoast-seo-meta-tag\" \/>\n<meta property=\"og:title\" content=\"Necesidad de avivar el fuego de nuestra fe\" class=\"yoast-seo-meta-tag\" \/>\n<meta property=\"og:description\" content=\"Por lo general, la vida cristiana de muchos inicia con un amor ferviente por Dios, y en la medida que maduramos, experimentamos tambi\u00e9n un amor por Su pueblo y por Su causa. Esos primeros a\u00f1os se caracterizan por una fe que luce vibrante y una creciente relaci\u00f3n con Dios, donde el car\u00e1cter del creyente est\u00e1 &hellip;\" class=\"yoast-seo-meta-tag\" \/>\n<meta property=\"og:url\" content=\"https:\/\/tabernaculoprensadedios.com\/web\/necesidad-de-avivar-el-fuego-de-nuestra-fe\/\" class=\"yoast-seo-meta-tag\" \/>\n<meta property=\"og:site_name\" content=\"Tabernaculo Prensa de Dios\" class=\"yoast-seo-meta-tag\" \/>\n<meta property=\"article:published_time\" content=\"2024-05-03T01:58:28+00:00\" class=\"yoast-seo-meta-tag\" \/>\n<meta property=\"og:image\" content=\"https:\/\/tabernaculoprensadedios.com\/web\/wp-content\/uploads\/2015\/07\/Pastor-Miguel-nunez-e1446590815890.jpeg\" class=\"yoast-seo-meta-tag\" \/>\n\t<meta property=\"og:image:width\" content=\"1595\" class=\"yoast-seo-meta-tag\" \/>\n\t<meta property=\"og:image:height\" content=\"1024\" class=\"yoast-seo-meta-tag\" \/>\n\t<meta property=\"og:image:type\" content=\"image\/jpeg\" class=\"yoast-seo-meta-tag\" \/>\n<meta name=\"author\" content=\"tabernaculo\" class=\"yoast-seo-meta-tag\" \/>\n<meta name=\"twitter:card\" content=\"summary_large_image\" class=\"yoast-seo-meta-tag\" \/>\n<meta name=\"twitter:creator\" content=\"@PrensadeDios\" class=\"yoast-seo-meta-tag\" \/>\n<meta name=\"twitter:site\" content=\"@PrensadeDios\" class=\"yoast-seo-meta-tag\" \/>\n<meta name=\"twitter:label1\" content=\"Escrito por\" class=\"yoast-seo-meta-tag\" \/>\n\t<meta name=\"twitter:data1\" content=\"tabernaculo\" class=\"yoast-seo-meta-tag\" \/>\n\t<meta name=\"twitter:label2\" content=\"Tiempo de lectura\" class=\"yoast-seo-meta-tag\" \/>\n\t<meta name=\"twitter:data2\" content=\"5 minutos\" class=\"yoast-seo-meta-tag\" \/>\n<script type=\"application\/ld+json\" class=\"yoast-schema-graph\">{\"@context\":\"https:\/\/schema.org\",\"@graph\":[{\"@type\":\"Article\",\"@id\":\"https:\/\/tabernaculoprensadedios.com\/web\/necesidad-de-avivar-el-fuego-de-nuestra-fe\/#article\",\"isPartOf\":{\"@id\":\"https:\/\/tabernaculoprensadedios.com\/web\/necesidad-de-avivar-el-fuego-de-nuestra-fe\/\"},\"author\":{\"name\":\"tabernaculo\",\"@id\":\"https:\/\/tabernaculoprensadedios.com\/web\/#\/schema\/person\/bc0e069fef56b38e177db6f098ae0b6e\"},\"headline\":\"Necesidad de avivar el fuego de nuestra fe\",\"datePublished\":\"2024-05-03T01:58:28+00:00\",\"mainEntityOfPage\":{\"@id\":\"https:\/\/tabernaculoprensadedios.com\/web\/necesidad-de-avivar-el-fuego-de-nuestra-fe\/\"},\"wordCount\":979,\"commentCount\":0,\"publisher\":{\"@id\":\"https:\/\/tabernaculoprensadedios.com\/web\/#\/schema\/person\/bc0e069fef56b38e177db6f098ae0b6e\"},\"image\":{\"@id\":\"https:\/\/tabernaculoprensadedios.com\/web\/necesidad-de-avivar-el-fuego-de-nuestra-fe\/#primaryimage\"},\"thumbnailUrl\":\"https:\/\/tabernaculoprensadedios.com\/web\/wp-content\/uploads\/2015\/07\/Pastor-Miguel-nunez-e1446590815890.jpeg\",\"articleSection\":[\"Articulos\"],\"inLanguage\":\"es\",\"potentialAction\":[{\"@type\":\"CommentAction\",\"name\":\"Comment\",\"target\":[\"https:\/\/tabernaculoprensadedios.com\/web\/necesidad-de-avivar-el-fuego-de-nuestra-fe\/#respond\"]}]},{\"@type\":\"WebPage\",\"@id\":\"https:\/\/tabernaculoprensadedios.com\/web\/necesidad-de-avivar-el-fuego-de-nuestra-fe\/\",\"url\":\"https:\/\/tabernaculoprensadedios.com\/web\/necesidad-de-avivar-el-fuego-de-nuestra-fe\/\",\"name\":\"Necesidad de avivar el fuego de nuestra fe - Tabernaculo Prensa de Dios\",\"isPartOf\":{\"@id\":\"https:\/\/tabernaculoprensadedios.com\/web\/#website\"},\"primaryImageOfPage\":{\"@id\":\"https:\/\/tabernaculoprensadedios.com\/web\/necesidad-de-avivar-el-fuego-de-nuestra-fe\/#primaryimage\"},\"image\":{\"@id\":\"https:\/\/tabernaculoprensadedios.com\/web\/necesidad-de-avivar-el-fuego-de-nuestra-fe\/#primaryimage\"},\"thumbnailUrl\":\"https:\/\/tabernaculoprensadedios.com\/web\/wp-content\/uploads\/2015\/07\/Pastor-Miguel-nunez-e1446590815890.jpeg\",\"datePublished\":\"2024-05-03T01:58:28+00:00\",\"breadcrumb\":{\"@id\":\"https:\/\/tabernaculoprensadedios.com\/web\/necesidad-de-avivar-el-fuego-de-nuestra-fe\/#breadcrumb\"},\"inLanguage\":\"es\",\"potentialAction\":[{\"@type\":\"ReadAction\",\"target\":[\"https:\/\/tabernaculoprensadedios.com\/web\/necesidad-de-avivar-el-fuego-de-nuestra-fe\/\"]}]},{\"@type\":\"ImageObject\",\"inLanguage\":\"es\",\"@id\":\"https:\/\/tabernaculoprensadedios.com\/web\/necesidad-de-avivar-el-fuego-de-nuestra-fe\/#primaryimage\",\"url\":\"https:\/\/tabernaculoprensadedios.com\/web\/wp-content\/uploads\/2015\/07\/Pastor-Miguel-nunez-e1446590815890.jpeg\",\"contentUrl\":\"https:\/\/tabernaculoprensadedios.com\/web\/wp-content\/uploads\/2015\/07\/Pastor-Miguel-nunez-e1446590815890.jpeg\",\"width\":1595,\"height\":1024,\"caption\":\"Dr. Miguel Nu\u00f1ez\"},{\"@type\":\"BreadcrumbList\",\"@id\":\"https:\/\/tabernaculoprensadedios.com\/web\/necesidad-de-avivar-el-fuego-de-nuestra-fe\/#breadcrumb\",\"itemListElement\":[{\"@type\":\"ListItem\",\"position\":1,\"name\":\"Portada\",\"item\":\"https:\/\/tabernaculoprensadedios.com\/web\/\"},{\"@type\":\"ListItem\",\"position\":2,\"name\":\"Necesidad de avivar el fuego de nuestra fe\"}]},{\"@type\":\"WebSite\",\"@id\":\"https:\/\/tabernaculoprensadedios.com\/web\/#website\",\"url\":\"https:\/\/tabernaculoprensadedios.com\/web\/\",\"name\":\"Tabernaculo Prensa de Dios\",\"description\":\"Un medio a la manera de Dios\",\"publisher\":{\"@id\":\"https:\/\/tabernaculoprensadedios.com\/web\/#\/schema\/person\/bc0e069fef56b38e177db6f098ae0b6e\"},\"potentialAction\":[{\"@type\":\"SearchAction\",\"target\":{\"@type\":\"EntryPoint\",\"urlTemplate\":\"https:\/\/tabernaculoprensadedios.com\/web\/?s={search_term_string}\"},\"query-input\":{\"@type\":\"PropertyValueSpecification\",\"valueRequired\":true,\"valueName\":\"search_term_string\"}}],\"inLanguage\":\"es\"},{\"@type\":[\"Person\",\"Organization\"],\"@id\":\"https:\/\/tabernaculoprensadedios.com\/web\/#\/schema\/person\/bc0e069fef56b38e177db6f098ae0b6e\",\"name\":\"tabernaculo\",\"image\":{\"@type\":\"ImageObject\",\"inLanguage\":\"es\",\"@id\":\"https:\/\/tabernaculoprensadedios.com\/web\/#\/schema\/person\/image\/\",\"url\":\"https:\/\/tabernaculoprensadedios.com\/web\/wp-content\/uploads\/2015\/06\/login-logo1.png\",\"contentUrl\":\"https:\/\/tabernaculoprensadedios.com\/web\/wp-content\/uploads\/2015\/06\/login-logo1.png\",\"width\":300,\"height\":118,\"caption\":\"tabernaculo\"},\"logo\":{\"@id\":\"https:\/\/tabernaculoprensadedios.com\/web\/#\/schema\/person\/image\/\"},\"url\":\"https:\/\/tabernaculoprensadedios.com\/web\/author\/tabernaculo\/\"}]}<\/script>\n<!-- \/ Yoast SEO Premium plugin. -->","yoast_head_json":{"title":"Necesidad de avivar el fuego de nuestra fe - Tabernaculo Prensa de Dios","robots":{"index":"index","follow":"follow","max-snippet":"max-snippet:-1","max-image-preview":"max-image-preview:large","max-video-preview":"max-video-preview:-1"},"canonical":"https:\/\/tabernaculoprensadedios.com\/web\/necesidad-de-avivar-el-fuego-de-nuestra-fe\/","og_locale":"es_ES","og_type":"article","og_title":"Necesidad de avivar el fuego de nuestra fe","og_description":"Por lo general, la vida cristiana de muchos inicia con un amor ferviente por Dios, y en la medida que maduramos, experimentamos tambi\u00e9n un amor por Su pueblo y por Su causa. Esos primeros a\u00f1os se caracterizan por una fe que luce vibrante y una creciente relaci\u00f3n con Dios, donde el car\u00e1cter del creyente est\u00e1 &hellip;","og_url":"https:\/\/tabernaculoprensadedios.com\/web\/necesidad-de-avivar-el-fuego-de-nuestra-fe\/","og_site_name":"Tabernaculo Prensa de Dios","article_published_time":"2024-05-03T01:58:28+00:00","og_image":[{"width":1595,"height":1024,"url":"https:\/\/tabernaculoprensadedios.com\/web\/wp-content\/uploads\/2015\/07\/Pastor-Miguel-nunez-e1446590815890.jpeg","type":"image\/jpeg"}],"author":"tabernaculo","twitter_card":"summary_large_image","twitter_creator":"@PrensadeDios","twitter_site":"@PrensadeDios","twitter_misc":{"Escrito por":"tabernaculo","Tiempo de lectura":"5 minutos"},"schema":{"@context":"https:\/\/schema.org","@graph":[{"@type":"Article","@id":"https:\/\/tabernaculoprensadedios.com\/web\/necesidad-de-avivar-el-fuego-de-nuestra-fe\/#article","isPartOf":{"@id":"https:\/\/tabernaculoprensadedios.com\/web\/necesidad-de-avivar-el-fuego-de-nuestra-fe\/"},"author":{"name":"tabernaculo","@id":"https:\/\/tabernaculoprensadedios.com\/web\/#\/schema\/person\/bc0e069fef56b38e177db6f098ae0b6e"},"headline":"Necesidad de avivar el fuego de nuestra fe","datePublished":"2024-05-03T01:58:28+00:00","mainEntityOfPage":{"@id":"https:\/\/tabernaculoprensadedios.com\/web\/necesidad-de-avivar-el-fuego-de-nuestra-fe\/"},"wordCount":979,"commentCount":0,"publisher":{"@id":"https:\/\/tabernaculoprensadedios.com\/web\/#\/schema\/person\/bc0e069fef56b38e177db6f098ae0b6e"},"image":{"@id":"https:\/\/tabernaculoprensadedios.com\/web\/necesidad-de-avivar-el-fuego-de-nuestra-fe\/#primaryimage"},"thumbnailUrl":"https:\/\/tabernaculoprensadedios.com\/web\/wp-content\/uploads\/2015\/07\/Pastor-Miguel-nunez-e1446590815890.jpeg","articleSection":["Articulos"],"inLanguage":"es","potentialAction":[{"@type":"CommentAction","name":"Comment","target":["https:\/\/tabernaculoprensadedios.com\/web\/necesidad-de-avivar-el-fuego-de-nuestra-fe\/#respond"]}]},{"@type":"WebPage","@id":"https:\/\/tabernaculoprensadedios.com\/web\/necesidad-de-avivar-el-fuego-de-nuestra-fe\/","url":"https:\/\/tabernaculoprensadedios.com\/web\/necesidad-de-avivar-el-fuego-de-nuestra-fe\/","name":"Necesidad de avivar el fuego de nuestra fe - Tabernaculo Prensa de Dios","isPartOf":{"@id":"https:\/\/tabernaculoprensadedios.com\/web\/#website"},"primaryImageOfPage":{"@id":"https:\/\/tabernaculoprensadedios.com\/web\/necesidad-de-avivar-el-fuego-de-nuestra-fe\/#primaryimage"},"image":{"@id":"https:\/\/tabernaculoprensadedios.com\/web\/necesidad-de-avivar-el-fuego-de-nuestra-fe\/#primaryimage"},"thumbnailUrl":"https:\/\/tabernaculoprensadedios.com\/web\/wp-content\/uploads\/2015\/07\/Pastor-Miguel-nunez-e1446590815890.jpeg","datePublished":"2024-05-03T01:58:28+00:00","breadcrumb":{"@id":"https:\/\/tabernaculoprensadedios.com\/web\/necesidad-de-avivar-el-fuego-de-nuestra-fe\/#breadcrumb"},"inLanguage":"es","potentialAction":[{"@type":"ReadAction","target":["https:\/\/tabernaculoprensadedios.com\/web\/necesidad-de-avivar-el-fuego-de-nuestra-fe\/"]}]},{"@type":"ImageObject","inLanguage":"es","@id":"https:\/\/tabernaculoprensadedios.com\/web\/necesidad-de-avivar-el-fuego-de-nuestra-fe\/#primaryimage","url":"https:\/\/tabernaculoprensadedios.com\/web\/wp-content\/uploads\/2015\/07\/Pastor-Miguel-nunez-e1446590815890.jpeg","contentUrl":"https:\/\/tabernaculoprensadedios.com\/web\/wp-content\/uploads\/2015\/07\/Pastor-Miguel-nunez-e1446590815890.jpeg","width":1595,"height":1024,"caption":"Dr. Miguel Nu\u00f1ez"},{"@type":"BreadcrumbList","@id":"https:\/\/tabernaculoprensadedios.com\/web\/necesidad-de-avivar-el-fuego-de-nuestra-fe\/#breadcrumb","itemListElement":[{"@type":"ListItem","position":1,"name":"Portada","item":"https:\/\/tabernaculoprensadedios.com\/web\/"},{"@type":"ListItem","position":2,"name":"Necesidad de avivar el fuego de nuestra fe"}]},{"@type":"WebSite","@id":"https:\/\/tabernaculoprensadedios.com\/web\/#website","url":"https:\/\/tabernaculoprensadedios.com\/web\/","name":"Tabernaculo Prensa de Dios","description":"Un medio a la manera de Dios","publisher":{"@id":"https:\/\/tabernaculoprensadedios.com\/web\/#\/schema\/person\/bc0e069fef56b38e177db6f098ae0b6e"},"potentialAction":[{"@type":"SearchAction","target":{"@type":"EntryPoint","urlTemplate":"https:\/\/tabernaculoprensadedios.com\/web\/?s={search_term_string}"},"query-input":{"@type":"PropertyValueSpecification","valueRequired":true,"valueName":"search_term_string"}}],"inLanguage":"es"},{"@type":["Person","Organization"],"@id":"https:\/\/tabernaculoprensadedios.com\/web\/#\/schema\/person\/bc0e069fef56b38e177db6f098ae0b6e","name":"tabernaculo","image":{"@type":"ImageObject","inLanguage":"es","@id":"https:\/\/tabernaculoprensadedios.com\/web\/#\/schema\/person\/image\/","url":"https:\/\/tabernaculoprensadedios.com\/web\/wp-content\/uploads\/2015\/06\/login-logo1.png","contentUrl":"https:\/\/tabernaculoprensadedios.com\/web\/wp-content\/uploads\/2015\/06\/login-logo1.png","width":300,"height":118,"caption":"tabernaculo"},"logo":{"@id":"https:\/\/tabernaculoprensadedios.com\/web\/#\/schema\/person\/image\/"},"url":"https:\/\/tabernaculoprensadedios.com\/web\/author\/tabernaculo\/"}]}},"_links":{"self":[{"href":"https:\/\/tabernaculoprensadedios.com\/web\/wp-json\/wp\/v2\/posts\/31065","targetHints":{"allow":["GET"]}}],"collection":[{"href":"https:\/\/tabernaculoprensadedios.com\/web\/wp-json\/wp\/v2\/posts"}],"about":[{"href":"https:\/\/tabernaculoprensadedios.com\/web\/wp-json\/wp\/v2\/types\/post"}],"author":[{"embeddable":true,"href":"https:\/\/tabernaculoprensadedios.com\/web\/wp-json\/wp\/v2\/users\/1"}],"replies":[{"embeddable":true,"href":"https:\/\/tabernaculoprensadedios.com\/web\/wp-json\/wp\/v2\/comments?post=31065"}],"version-history":[{"count":2,"href":"https:\/\/tabernaculoprensadedios.com\/web\/wp-json\/wp\/v2\/posts\/31065\/revisions"}],"predecessor-version":[{"id":31067,"href":"https:\/\/tabernaculoprensadedios.com\/web\/wp-json\/wp\/v2\/posts\/31065\/revisions\/31067"}],"wp:featuredmedia":[{"embeddable":true,"href":"https:\/\/tabernaculoprensadedios.com\/web\/wp-json\/wp\/v2\/media\/1295"}],"wp:attachment":[{"href":"https:\/\/tabernaculoprensadedios.com\/web\/wp-json\/wp\/v2\/media?parent=31065"}],"wp:term":[{"taxonomy":"category","embeddable":true,"href":"https:\/\/tabernaculoprensadedios.com\/web\/wp-json\/wp\/v2\/categories?post=31065"},{"taxonomy":"post_tag","embeddable":true,"href":"https:\/\/tabernaculoprensadedios.com\/web\/wp-json\/wp\/v2\/tags?post=31065"}],"curies":[{"name":"wp","href":"https:\/\/api.w.org\/{rel}","templated":true}]}}