{"id":31058,"date":"2024-05-03T01:41:22","date_gmt":"2024-05-03T01:41:22","guid":{"rendered":"https:\/\/tabernaculoprensadedios.com\/web\/?p=31058"},"modified":"2024-05-03T01:44:29","modified_gmt":"2024-05-03T01:44:29","slug":"taller-de-valores-por-la-feu","status":"publish","type":"post","link":"https:\/\/tabernaculoprensadedios.com\/web\/taller-de-valores-por-la-feu\/","title":{"rendered":"Taller de Valores por la FEU"},"content":{"rendered":"<p>La Fundaci\u00f3n Evang\u00e9lica Universitaria (FEU) ha organizado un enriquecedor taller titulado \u00abAlto Nivel en Valores\u00ab, el cual tuvo lugar en el recinto Santiago de la Universidad Nacional Evang\u00e9lica (UNEV).<\/p>\n<p>Los miembros de la FEU que guiaron estas reflexiones cont\u00f3 con la magistral ponencia del destacado catedr\u00e1tico y periodista Tom\u00e1s G\u00f3mez Bueno, as\u00ed como Samuel Reyes, quien lider\u00f3 la retroalimentaci\u00f3n sobre \u00abEducando en Valores\u00ab; Adem\u00e1s, la Dra. Johanny Rodr\u00edguez, directora del recinto, comparti\u00f3 valiosas ideas sobre \u00abTrabajo en Equipo\u00ab.<\/p>\n<p>El cierre de esta enriquecedora conferencia estuvo a cargo de la directora de proyectos de la FEU, Vianela Pineda, quien resalt\u00f3 la importancia de seguir promoviendo valores en todas las esferas de la sociedad.<\/p>\n<p>Este evento cont\u00f3 con la participaci\u00f3n de numerosos colaboradores y facilitadores comprometidos con la promoci\u00f3n de valores en la sociedad, entre ellas la Coordinadora Acad\u00e9mica del recinto, Ingeniera Jovina de la Cruz; la responsable del departamento de Educaci\u00f3n Continua, M.A. Miladys Dur\u00e1n; M.A. Yubelkis Parra, titular de Ciclo B\u00e1sico; Licda. Santa Ventura, encargada del despacho de Gesti\u00f3n Humana; M.A. Karina L\u00f3pez, de Extensi\u00f3n Universitaria; Licda. Noelbis D\u00edaz, Coordinadora de Psicolog\u00eda Cl\u00ednica; Licda. Paloma del Cabral, del departamento de Eventos y Protocolo; Licda. Wanda Mercado, de Bienestar Estudiantil, entre otros representantes de \u00e1reas afines de la Universidad e invitados especiales.<\/p>\n<p>Durante el evento, se llev\u00f3 a cabo un momento de adoraci\u00f3n a cargo de Rossy Mu\u00f1oz, mientras que la presentaci\u00f3n del encuentro estuvo coordinada por la M.A. Ana Cristina Jim\u00e9nez.<\/p>\n<p>Esta iniciativa demuestra el compromiso de la FEU y la UNEV en promover valores que contribuyan al desarrollo integral de la comunidad educativa y la sociedad en general.<\/p>\n","protected":false},"excerpt":{"rendered":"<p>La Fundaci\u00f3n Evang\u00e9lica Universitaria (FEU) ha organizado un enriquecedor taller titulado \u00abAlto Nivel en Valores\u00ab, el cual tuvo lugar en el recinto Santiago de la Universidad Nacional Evang\u00e9lica (UNEV). Los miembros de la FEU que guiaron estas reflexiones cont\u00f3 con la magistral ponencia del destacado catedr\u00e1tico y periodista Tom\u00e1s G\u00f3mez Bueno, as\u00ed como Samuel Reyes, &hellip;<\/p>\n","protected":false},"author":1,"featured_media":31061,"comment_status":"open","ping_status":"open","sticky":false,"template":"","format":"standard","meta":{"footnotes":""},"categories":[19],"tags":[],"class_list":["post-31058","post","type-post","status-publish","format-standard","has-post-thumbnail","hentry","category-educacion"],"yoast_head":"<!-- This site is optimized with the Yoast SEO Premium plugin v24.2 (Yoast SEO v27.1.1) - https:\/\/yoast.com\/product\/yoast-seo-premium-wordpress\/ -->\n<title>Taller de Valores por la FEU - Tabernaculo Prensa de Dios<\/title>\n<meta name=\"robots\" content=\"index, follow, max-snippet:-1, max-image-preview:large, max-video-preview:-1\" \/>\n<link rel=\"canonical\" href=\"https:\/\/tabernaculoprensadedios.com\/web\/taller-de-valores-por-la-feu\/\" class=\"yoast-seo-meta-tag\" \/>\n<meta property=\"og:locale\" content=\"es_ES\" class=\"yoast-seo-meta-tag\" \/>\n<meta property=\"og:type\" content=\"article\" class=\"yoast-seo-meta-tag\" \/>\n<meta property=\"og:title\" content=\"Taller de Valores por la FEU\" class=\"yoast-seo-meta-tag\" \/>\n<meta property=\"og:description\" content=\"La Fundaci\u00f3n Evang\u00e9lica Universitaria (FEU) ha organizado un enriquecedor taller titulado \u00abAlto Nivel en Valores\u00ab, el cual tuvo lugar en el recinto Santiago de la Universidad Nacional Evang\u00e9lica (UNEV). Los miembros de la FEU que guiaron estas reflexiones cont\u00f3 con la magistral ponencia del destacado catedr\u00e1tico y periodista Tom\u00e1s G\u00f3mez Bueno, as\u00ed como Samuel Reyes, &hellip;\" class=\"yoast-seo-meta-tag\" \/>\n<meta property=\"og:url\" content=\"https:\/\/tabernaculoprensadedios.com\/web\/taller-de-valores-por-la-feu\/\" class=\"yoast-seo-meta-tag\" \/>\n<meta property=\"og:site_name\" content=\"Tabernaculo Prensa de Dios\" class=\"yoast-seo-meta-tag\" \/>\n<meta property=\"article:published_time\" content=\"2024-05-03T01:41:22+00:00\" class=\"yoast-seo-meta-tag\" \/>\n<meta property=\"article:modified_time\" content=\"2024-05-03T01:44:29+00:00\" class=\"yoast-seo-meta-tag\" \/>\n<meta property=\"og:image\" content=\"https:\/\/tabernaculoprensadedios.com\/web\/wp-content\/uploads\/2024\/05\/Taller-de-Valorexs.jpg\" class=\"yoast-seo-meta-tag\" \/>\n\t<meta property=\"og:image:width\" content=\"1300\" class=\"yoast-seo-meta-tag\" \/>\n\t<meta property=\"og:image:height\" content=\"861\" class=\"yoast-seo-meta-tag\" \/>\n\t<meta property=\"og:image:type\" content=\"image\/jpeg\" class=\"yoast-seo-meta-tag\" \/>\n<meta name=\"author\" content=\"tabernaculo\" class=\"yoast-seo-meta-tag\" \/>\n<meta name=\"twitter:card\" content=\"summary_large_image\" class=\"yoast-seo-meta-tag\" \/>\n<meta name=\"twitter:creator\" content=\"@PrensadeDios\" class=\"yoast-seo-meta-tag\" \/>\n<meta name=\"twitter:site\" content=\"@PrensadeDios\" class=\"yoast-seo-meta-tag\" \/>\n<meta name=\"twitter:label1\" content=\"Escrito por\" class=\"yoast-seo-meta-tag\" \/>\n\t<meta name=\"twitter:data1\" content=\"tabernaculo\" class=\"yoast-seo-meta-tag\" \/>\n\t<meta name=\"twitter:label2\" content=\"Tiempo de lectura\" class=\"yoast-seo-meta-tag\" \/>\n\t<meta name=\"twitter:data2\" content=\"2 minutos\" class=\"yoast-seo-meta-tag\" \/>\n<script type=\"application\/ld+json\" class=\"yoast-schema-graph\">{\"@context\":\"https:\/\/schema.org\",\"@graph\":[{\"@type\":\"Article\",\"@id\":\"https:\/\/tabernaculoprensadedios.com\/web\/taller-de-valores-por-la-feu\/#article\",\"isPartOf\":{\"@id\":\"https:\/\/tabernaculoprensadedios.com\/web\/taller-de-valores-por-la-feu\/\"},\"author\":{\"name\":\"tabernaculo\",\"@id\":\"https:\/\/tabernaculoprensadedios.com\/web\/#\/schema\/person\/bc0e069fef56b38e177db6f098ae0b6e\"},\"headline\":\"Taller de Valores por la FEU\",\"datePublished\":\"2024-05-03T01:41:22+00:00\",\"dateModified\":\"2024-05-03T01:44:29+00:00\",\"mainEntityOfPage\":{\"@id\":\"https:\/\/tabernaculoprensadedios.com\/web\/taller-de-valores-por-la-feu\/\"},\"wordCount\":304,\"commentCount\":0,\"publisher\":{\"@id\":\"https:\/\/tabernaculoprensadedios.com\/web\/#\/schema\/person\/bc0e069fef56b38e177db6f098ae0b6e\"},\"image\":{\"@id\":\"https:\/\/tabernaculoprensadedios.com\/web\/taller-de-valores-por-la-feu\/#primaryimage\"},\"thumbnailUrl\":\"https:\/\/tabernaculoprensadedios.com\/web\/wp-content\/uploads\/2024\/05\/Taller-de-Valorexs.jpg\",\"articleSection\":[\"Educaci\u00f3n\"],\"inLanguage\":\"es\",\"potentialAction\":[{\"@type\":\"CommentAction\",\"name\":\"Comment\",\"target\":[\"https:\/\/tabernaculoprensadedios.com\/web\/taller-de-valores-por-la-feu\/#respond\"]}]},{\"@type\":\"WebPage\",\"@id\":\"https:\/\/tabernaculoprensadedios.com\/web\/taller-de-valores-por-la-feu\/\",\"url\":\"https:\/\/tabernaculoprensadedios.com\/web\/taller-de-valores-por-la-feu\/\",\"name\":\"Taller de Valores por la FEU - Tabernaculo Prensa de Dios\",\"isPartOf\":{\"@id\":\"https:\/\/tabernaculoprensadedios.com\/web\/#website\"},\"primaryImageOfPage\":{\"@id\":\"https:\/\/tabernaculoprensadedios.com\/web\/taller-de-valores-por-la-feu\/#primaryimage\"},\"image\":{\"@id\":\"https:\/\/tabernaculoprensadedios.com\/web\/taller-de-valores-por-la-feu\/#primaryimage\"},\"thumbnailUrl\":\"https:\/\/tabernaculoprensadedios.com\/web\/wp-content\/uploads\/2024\/05\/Taller-de-Valorexs.jpg\",\"datePublished\":\"2024-05-03T01:41:22+00:00\",\"dateModified\":\"2024-05-03T01:44:29+00:00\",\"breadcrumb\":{\"@id\":\"https:\/\/tabernaculoprensadedios.com\/web\/taller-de-valores-por-la-feu\/#breadcrumb\"},\"inLanguage\":\"es\",\"potentialAction\":[{\"@type\":\"ReadAction\",\"target\":[\"https:\/\/tabernaculoprensadedios.com\/web\/taller-de-valores-por-la-feu\/\"]}]},{\"@type\":\"ImageObject\",\"inLanguage\":\"es\",\"@id\":\"https:\/\/tabernaculoprensadedios.com\/web\/taller-de-valores-por-la-feu\/#primaryimage\",\"url\":\"https:\/\/tabernaculoprensadedios.com\/web\/wp-content\/uploads\/2024\/05\/Taller-de-Valorexs.jpg\",\"contentUrl\":\"https:\/\/tabernaculoprensadedios.com\/web\/wp-content\/uploads\/2024\/05\/Taller-de-Valorexs.jpg\",\"width\":1300,\"height\":861},{\"@type\":\"BreadcrumbList\",\"@id\":\"https:\/\/tabernaculoprensadedios.com\/web\/taller-de-valores-por-la-feu\/#breadcrumb\",\"itemListElement\":[{\"@type\":\"ListItem\",\"position\":1,\"name\":\"Portada\",\"item\":\"https:\/\/tabernaculoprensadedios.com\/web\/\"},{\"@type\":\"ListItem\",\"position\":2,\"name\":\"Taller de Valores por la FEU\"}]},{\"@type\":\"WebSite\",\"@id\":\"https:\/\/tabernaculoprensadedios.com\/web\/#website\",\"url\":\"https:\/\/tabernaculoprensadedios.com\/web\/\",\"name\":\"Tabernaculo Prensa de Dios\",\"description\":\"Un medio a la manera de Dios\",\"publisher\":{\"@id\":\"https:\/\/tabernaculoprensadedios.com\/web\/#\/schema\/person\/bc0e069fef56b38e177db6f098ae0b6e\"},\"potentialAction\":[{\"@type\":\"SearchAction\",\"target\":{\"@type\":\"EntryPoint\",\"urlTemplate\":\"https:\/\/tabernaculoprensadedios.com\/web\/?s={search_term_string}\"},\"query-input\":{\"@type\":\"PropertyValueSpecification\",\"valueRequired\":true,\"valueName\":\"search_term_string\"}}],\"inLanguage\":\"es\"},{\"@type\":[\"Person\",\"Organization\"],\"@id\":\"https:\/\/tabernaculoprensadedios.com\/web\/#\/schema\/person\/bc0e069fef56b38e177db6f098ae0b6e\",\"name\":\"tabernaculo\",\"image\":{\"@type\":\"ImageObject\",\"inLanguage\":\"es\",\"@id\":\"https:\/\/tabernaculoprensadedios.com\/web\/#\/schema\/person\/image\/\",\"url\":\"https:\/\/tabernaculoprensadedios.com\/web\/wp-content\/uploads\/2015\/06\/login-logo1.png\",\"contentUrl\":\"https:\/\/tabernaculoprensadedios.com\/web\/wp-content\/uploads\/2015\/06\/login-logo1.png\",\"width\":300,\"height\":118,\"caption\":\"tabernaculo\"},\"logo\":{\"@id\":\"https:\/\/tabernaculoprensadedios.com\/web\/#\/schema\/person\/image\/\"},\"url\":\"https:\/\/tabernaculoprensadedios.com\/web\/author\/tabernaculo\/\"}]}<\/script>\n<!-- \/ Yoast SEO Premium plugin. -->","yoast_head_json":{"title":"Taller de Valores por la FEU - Tabernaculo Prensa de Dios","robots":{"index":"index","follow":"follow","max-snippet":"max-snippet:-1","max-image-preview":"max-image-preview:large","max-video-preview":"max-video-preview:-1"},"canonical":"https:\/\/tabernaculoprensadedios.com\/web\/taller-de-valores-por-la-feu\/","og_locale":"es_ES","og_type":"article","og_title":"Taller de Valores por la FEU","og_description":"La Fundaci\u00f3n Evang\u00e9lica Universitaria (FEU) ha organizado un enriquecedor taller titulado \u00abAlto Nivel en Valores\u00ab, el cual tuvo lugar en el recinto Santiago de la Universidad Nacional Evang\u00e9lica (UNEV). Los miembros de la FEU que guiaron estas reflexiones cont\u00f3 con la magistral ponencia del destacado catedr\u00e1tico y periodista Tom\u00e1s G\u00f3mez Bueno, as\u00ed como Samuel Reyes, &hellip;","og_url":"https:\/\/tabernaculoprensadedios.com\/web\/taller-de-valores-por-la-feu\/","og_site_name":"Tabernaculo Prensa de Dios","article_published_time":"2024-05-03T01:41:22+00:00","article_modified_time":"2024-05-03T01:44:29+00:00","og_image":[{"width":1300,"height":861,"url":"https:\/\/tabernaculoprensadedios.com\/web\/wp-content\/uploads\/2024\/05\/Taller-de-Valorexs.jpg","type":"image\/jpeg"}],"author":"tabernaculo","twitter_card":"summary_large_image","twitter_creator":"@PrensadeDios","twitter_site":"@PrensadeDios","twitter_misc":{"Escrito por":"tabernaculo","Tiempo de lectura":"2 minutos"},"schema":{"@context":"https:\/\/schema.org","@graph":[{"@type":"Article","@id":"https:\/\/tabernaculoprensadedios.com\/web\/taller-de-valores-por-la-feu\/#article","isPartOf":{"@id":"https:\/\/tabernaculoprensadedios.com\/web\/taller-de-valores-por-la-feu\/"},"author":{"name":"tabernaculo","@id":"https:\/\/tabernaculoprensadedios.com\/web\/#\/schema\/person\/bc0e069fef56b38e177db6f098ae0b6e"},"headline":"Taller de Valores por la FEU","datePublished":"2024-05-03T01:41:22+00:00","dateModified":"2024-05-03T01:44:29+00:00","mainEntityOfPage":{"@id":"https:\/\/tabernaculoprensadedios.com\/web\/taller-de-valores-por-la-feu\/"},"wordCount":304,"commentCount":0,"publisher":{"@id":"https:\/\/tabernaculoprensadedios.com\/web\/#\/schema\/person\/bc0e069fef56b38e177db6f098ae0b6e"},"image":{"@id":"https:\/\/tabernaculoprensadedios.com\/web\/taller-de-valores-por-la-feu\/#primaryimage"},"thumbnailUrl":"https:\/\/tabernaculoprensadedios.com\/web\/wp-content\/uploads\/2024\/05\/Taller-de-Valorexs.jpg","articleSection":["Educaci\u00f3n"],"inLanguage":"es","potentialAction":[{"@type":"CommentAction","name":"Comment","target":["https:\/\/tabernaculoprensadedios.com\/web\/taller-de-valores-por-la-feu\/#respond"]}]},{"@type":"WebPage","@id":"https:\/\/tabernaculoprensadedios.com\/web\/taller-de-valores-por-la-feu\/","url":"https:\/\/tabernaculoprensadedios.com\/web\/taller-de-valores-por-la-feu\/","name":"Taller de Valores por la FEU - Tabernaculo Prensa de Dios","isPartOf":{"@id":"https:\/\/tabernaculoprensadedios.com\/web\/#website"},"primaryImageOfPage":{"@id":"https:\/\/tabernaculoprensadedios.com\/web\/taller-de-valores-por-la-feu\/#primaryimage"},"image":{"@id":"https:\/\/tabernaculoprensadedios.com\/web\/taller-de-valores-por-la-feu\/#primaryimage"},"thumbnailUrl":"https:\/\/tabernaculoprensadedios.com\/web\/wp-content\/uploads\/2024\/05\/Taller-de-Valorexs.jpg","datePublished":"2024-05-03T01:41:22+00:00","dateModified":"2024-05-03T01:44:29+00:00","breadcrumb":{"@id":"https:\/\/tabernaculoprensadedios.com\/web\/taller-de-valores-por-la-feu\/#breadcrumb"},"inLanguage":"es","potentialAction":[{"@type":"ReadAction","target":["https:\/\/tabernaculoprensadedios.com\/web\/taller-de-valores-por-la-feu\/"]}]},{"@type":"ImageObject","inLanguage":"es","@id":"https:\/\/tabernaculoprensadedios.com\/web\/taller-de-valores-por-la-feu\/#primaryimage","url":"https:\/\/tabernaculoprensadedios.com\/web\/wp-content\/uploads\/2024\/05\/Taller-de-Valorexs.jpg","contentUrl":"https:\/\/tabernaculoprensadedios.com\/web\/wp-content\/uploads\/2024\/05\/Taller-de-Valorexs.jpg","width":1300,"height":861},{"@type":"BreadcrumbList","@id":"https:\/\/tabernaculoprensadedios.com\/web\/taller-de-valores-por-la-feu\/#breadcrumb","itemListElement":[{"@type":"ListItem","position":1,"name":"Portada","item":"https:\/\/tabernaculoprensadedios.com\/web\/"},{"@type":"ListItem","position":2,"name":"Taller de Valores por la FEU"}]},{"@type":"WebSite","@id":"https:\/\/tabernaculoprensadedios.com\/web\/#website","url":"https:\/\/tabernaculoprensadedios.com\/web\/","name":"Tabernaculo Prensa de Dios","description":"Un medio a la manera de Dios","publisher":{"@id":"https:\/\/tabernaculoprensadedios.com\/web\/#\/schema\/person\/bc0e069fef56b38e177db6f098ae0b6e"},"potentialAction":[{"@type":"SearchAction","target":{"@type":"EntryPoint","urlTemplate":"https:\/\/tabernaculoprensadedios.com\/web\/?s={search_term_string}"},"query-input":{"@type":"PropertyValueSpecification","valueRequired":true,"valueName":"search_term_string"}}],"inLanguage":"es"},{"@type":["Person","Organization"],"@id":"https:\/\/tabernaculoprensadedios.com\/web\/#\/schema\/person\/bc0e069fef56b38e177db6f098ae0b6e","name":"tabernaculo","image":{"@type":"ImageObject","inLanguage":"es","@id":"https:\/\/tabernaculoprensadedios.com\/web\/#\/schema\/person\/image\/","url":"https:\/\/tabernaculoprensadedios.com\/web\/wp-content\/uploads\/2015\/06\/login-logo1.png","contentUrl":"https:\/\/tabernaculoprensadedios.com\/web\/wp-content\/uploads\/2015\/06\/login-logo1.png","width":300,"height":118,"caption":"tabernaculo"},"logo":{"@id":"https:\/\/tabernaculoprensadedios.com\/web\/#\/schema\/person\/image\/"},"url":"https:\/\/tabernaculoprensadedios.com\/web\/author\/tabernaculo\/"}]}},"_links":{"self":[{"href":"https:\/\/tabernaculoprensadedios.com\/web\/wp-json\/wp\/v2\/posts\/31058","targetHints":{"allow":["GET"]}}],"collection":[{"href":"https:\/\/tabernaculoprensadedios.com\/web\/wp-json\/wp\/v2\/posts"}],"about":[{"href":"https:\/\/tabernaculoprensadedios.com\/web\/wp-json\/wp\/v2\/types\/post"}],"author":[{"embeddable":true,"href":"https:\/\/tabernaculoprensadedios.com\/web\/wp-json\/wp\/v2\/users\/1"}],"replies":[{"embeddable":true,"href":"https:\/\/tabernaculoprensadedios.com\/web\/wp-json\/wp\/v2\/comments?post=31058"}],"version-history":[{"count":1,"href":"https:\/\/tabernaculoprensadedios.com\/web\/wp-json\/wp\/v2\/posts\/31058\/revisions"}],"predecessor-version":[{"id":31060,"href":"https:\/\/tabernaculoprensadedios.com\/web\/wp-json\/wp\/v2\/posts\/31058\/revisions\/31060"}],"wp:featuredmedia":[{"embeddable":true,"href":"https:\/\/tabernaculoprensadedios.com\/web\/wp-json\/wp\/v2\/media\/31061"}],"wp:attachment":[{"href":"https:\/\/tabernaculoprensadedios.com\/web\/wp-json\/wp\/v2\/media?parent=31058"}],"wp:term":[{"taxonomy":"category","embeddable":true,"href":"https:\/\/tabernaculoprensadedios.com\/web\/wp-json\/wp\/v2\/categories?post=31058"},{"taxonomy":"post_tag","embeddable":true,"href":"https:\/\/tabernaculoprensadedios.com\/web\/wp-json\/wp\/v2\/tags?post=31058"}],"curies":[{"name":"wp","href":"https:\/\/api.w.org\/{rel}","templated":true}]}}