{"id":31040,"date":"2024-05-02T01:31:17","date_gmt":"2024-05-02T01:31:17","guid":{"rendered":"https:\/\/tabernaculoprensadedios.com\/web\/?p=31040"},"modified":"2024-05-02T01:31:17","modified_gmt":"2024-05-02T01:31:17","slug":"marcha-conmemorativa-en-nagua-en-memoria-del-holocausto-judio","status":"publish","type":"post","link":"https:\/\/tabernaculoprensadedios.com\/web\/marcha-conmemorativa-en-nagua-en-memoria-del-holocausto-judio\/","title":{"rendered":"Marcha conmemorativa en Nagua en memoria del Holocausto jud\u00edo"},"content":{"rendered":"<p>Con el prop\u00f3sito de honrar al Estado de Israel, a los sobrevivientes del holocausto, a las v\u00edctimas de secuestro y masacre del 7 octubre,una coalici\u00f3n de pastores evang\u00e9licos realizarala s\u00e9ptima versi\u00f3n de la denominada caminata La Marcha de la Vida RD, en el Distrito Nacional.<\/p>\n<p>El evento, que ya se ha desarrollado en 14 naciones y m\u00e1s de 350 ciudades, contara con la presencia de representantes de diferentes entidades gubernamentales, as\u00ed como directivos de asociaciones mesi\u00e1nica y cristianas del el Gran Santo Domingo ,acompa\u00f1ados por pastores, l\u00edderes cristianos evang\u00e9licos de Rep\u00fablica Dominicana y los cuerpos castrenses.<\/p>\n<p>Para los organizadores de la marcha, \u201cen los \u00faltimos a\u00f1os la Marcha de la Vida ha demostrado su amistad y su solidaridad con el pueblo jud\u00edo y con el estado de Israel, y en contra de la avalancha del odio que a menudo encontramos en el mundo de hoy\u201d.<\/p>\n<p>Entienden que toda expresi\u00f3n de apoyo a Israel y los jud\u00edos constituye una bendici\u00f3n para este pa\u00eds por lo que instan a todos los creyentes que entienden las promesas divinas escritas en la Biblia a favor de esa naci\u00f3n de Medio Oriente \u201ca luchar contra el antisemitismo hacia el pueblo de Dios\u201d.<\/p>\n<p>La actividad se realizar\u00e1 el domingo 05 de Mayo y su punto de partida es en la M\u00e1ximo G\u00f3mez esq. avenida George Washington a las3:00 de la tarde. Desde ese lugar los participantes se desplazar\u00e1n a pie hasta el Parque Eugenio Mar\u00eda de Hostos, justo frente a la Plaza Juan Bar\u00f3n.<\/p>\n<p>Contaremos con la asistencia de nuestras principales autoridades nacionales y los delegados provinciales al congreso nacional, adjuntos de las representaciones de diferentes pa\u00edses, entre ellos una delegaci\u00f3n del Estado de Israel.<\/p>\n<p>&nbsp;<\/p>\n","protected":false},"excerpt":{"rendered":"<p>Con el prop\u00f3sito de honrar al Estado de Israel, a los sobrevivientes del holocausto, a las v\u00edctimas de secuestro y masacre del 7 octubre,una coalici\u00f3n de pastores evang\u00e9licos realizarala s\u00e9ptima versi\u00f3n de la denominada caminata La Marcha de la Vida RD, en el Distrito Nacional. El evento, que ya se ha desarrollado en 14 naciones &hellip;<\/p>\n","protected":false},"author":1,"featured_media":31025,"comment_status":"open","ping_status":"open","sticky":false,"template":"","format":"standard","meta":{"footnotes":""},"categories":[39],"tags":[],"class_list":["post-31040","post","type-post","status-publish","format-standard","has-post-thumbnail","hentry","category-almomento"],"yoast_head":"<!-- This site is optimized with the Yoast SEO Premium plugin v24.2 (Yoast SEO v27.1.1) - https:\/\/yoast.com\/product\/yoast-seo-premium-wordpress\/ -->\n<title>Marcha conmemorativa en Nagua en memoria del Holocausto jud\u00edo - Tabernaculo Prensa de Dios<\/title>\n<meta name=\"robots\" content=\"index, follow, max-snippet:-1, max-image-preview:large, max-video-preview:-1\" \/>\n<link rel=\"canonical\" href=\"https:\/\/tabernaculoprensadedios.com\/web\/marcha-conmemorativa-en-nagua-en-memoria-del-holocausto-judio\/\" class=\"yoast-seo-meta-tag\" \/>\n<meta property=\"og:locale\" content=\"es_ES\" class=\"yoast-seo-meta-tag\" \/>\n<meta property=\"og:type\" content=\"article\" class=\"yoast-seo-meta-tag\" \/>\n<meta property=\"og:title\" content=\"Marcha conmemorativa en Nagua en memoria del Holocausto jud\u00edo\" class=\"yoast-seo-meta-tag\" \/>\n<meta property=\"og:description\" content=\"Con el prop\u00f3sito de honrar al Estado de Israel, a los sobrevivientes del holocausto, a las v\u00edctimas de secuestro y masacre del 7 octubre,una coalici\u00f3n de pastores evang\u00e9licos realizarala s\u00e9ptima versi\u00f3n de la denominada caminata La Marcha de la Vida RD, en el Distrito Nacional. El evento, que ya se ha desarrollado en 14 naciones &hellip;\" class=\"yoast-seo-meta-tag\" \/>\n<meta property=\"og:url\" content=\"https:\/\/tabernaculoprensadedios.com\/web\/marcha-conmemorativa-en-nagua-en-memoria-del-holocausto-judio\/\" class=\"yoast-seo-meta-tag\" \/>\n<meta property=\"og:site_name\" content=\"Tabernaculo Prensa de Dios\" class=\"yoast-seo-meta-tag\" \/>\n<meta property=\"article:published_time\" content=\"2024-05-02T01:31:17+00:00\" class=\"yoast-seo-meta-tag\" \/>\n<meta property=\"og:image\" content=\"https:\/\/tabernaculoprensadedios.com\/web\/wp-content\/uploads\/2024\/04\/Israel-sufre.jpg\" class=\"yoast-seo-meta-tag\" \/>\n\t<meta property=\"og:image:width\" content=\"1280\" class=\"yoast-seo-meta-tag\" \/>\n\t<meta property=\"og:image:height\" content=\"960\" class=\"yoast-seo-meta-tag\" \/>\n\t<meta property=\"og:image:type\" content=\"image\/jpeg\" class=\"yoast-seo-meta-tag\" \/>\n<meta name=\"author\" content=\"tabernaculo\" class=\"yoast-seo-meta-tag\" \/>\n<meta name=\"twitter:card\" content=\"summary_large_image\" class=\"yoast-seo-meta-tag\" \/>\n<meta name=\"twitter:creator\" content=\"@PrensadeDios\" class=\"yoast-seo-meta-tag\" \/>\n<meta name=\"twitter:site\" content=\"@PrensadeDios\" class=\"yoast-seo-meta-tag\" \/>\n<meta name=\"twitter:label1\" content=\"Escrito por\" class=\"yoast-seo-meta-tag\" \/>\n\t<meta name=\"twitter:data1\" content=\"tabernaculo\" class=\"yoast-seo-meta-tag\" \/>\n\t<meta name=\"twitter:label2\" content=\"Tiempo de lectura\" class=\"yoast-seo-meta-tag\" \/>\n\t<meta name=\"twitter:data2\" content=\"2 minutos\" class=\"yoast-seo-meta-tag\" \/>\n<script type=\"application\/ld+json\" class=\"yoast-schema-graph\">{\"@context\":\"https:\/\/schema.org\",\"@graph\":[{\"@type\":\"Article\",\"@id\":\"https:\/\/tabernaculoprensadedios.com\/web\/marcha-conmemorativa-en-nagua-en-memoria-del-holocausto-judio\/#article\",\"isPartOf\":{\"@id\":\"https:\/\/tabernaculoprensadedios.com\/web\/marcha-conmemorativa-en-nagua-en-memoria-del-holocausto-judio\/\"},\"author\":{\"name\":\"tabernaculo\",\"@id\":\"https:\/\/tabernaculoprensadedios.com\/web\/#\/schema\/person\/bc0e069fef56b38e177db6f098ae0b6e\"},\"headline\":\"Marcha conmemorativa en Nagua en memoria del Holocausto jud\u00edo\",\"datePublished\":\"2024-05-02T01:31:17+00:00\",\"mainEntityOfPage\":{\"@id\":\"https:\/\/tabernaculoprensadedios.com\/web\/marcha-conmemorativa-en-nagua-en-memoria-del-holocausto-judio\/\"},\"wordCount\":313,\"commentCount\":0,\"publisher\":{\"@id\":\"https:\/\/tabernaculoprensadedios.com\/web\/#\/schema\/person\/bc0e069fef56b38e177db6f098ae0b6e\"},\"image\":{\"@id\":\"https:\/\/tabernaculoprensadedios.com\/web\/marcha-conmemorativa-en-nagua-en-memoria-del-holocausto-judio\/#primaryimage\"},\"thumbnailUrl\":\"https:\/\/tabernaculoprensadedios.com\/web\/wp-content\/uploads\/2024\/04\/Israel-sufre.jpg\",\"articleSection\":[\"almomento\"],\"inLanguage\":\"es\",\"potentialAction\":[{\"@type\":\"CommentAction\",\"name\":\"Comment\",\"target\":[\"https:\/\/tabernaculoprensadedios.com\/web\/marcha-conmemorativa-en-nagua-en-memoria-del-holocausto-judio\/#respond\"]}]},{\"@type\":\"WebPage\",\"@id\":\"https:\/\/tabernaculoprensadedios.com\/web\/marcha-conmemorativa-en-nagua-en-memoria-del-holocausto-judio\/\",\"url\":\"https:\/\/tabernaculoprensadedios.com\/web\/marcha-conmemorativa-en-nagua-en-memoria-del-holocausto-judio\/\",\"name\":\"Marcha conmemorativa en Nagua en memoria del Holocausto jud\u00edo - Tabernaculo Prensa de Dios\",\"isPartOf\":{\"@id\":\"https:\/\/tabernaculoprensadedios.com\/web\/#website\"},\"primaryImageOfPage\":{\"@id\":\"https:\/\/tabernaculoprensadedios.com\/web\/marcha-conmemorativa-en-nagua-en-memoria-del-holocausto-judio\/#primaryimage\"},\"image\":{\"@id\":\"https:\/\/tabernaculoprensadedios.com\/web\/marcha-conmemorativa-en-nagua-en-memoria-del-holocausto-judio\/#primaryimage\"},\"thumbnailUrl\":\"https:\/\/tabernaculoprensadedios.com\/web\/wp-content\/uploads\/2024\/04\/Israel-sufre.jpg\",\"datePublished\":\"2024-05-02T01:31:17+00:00\",\"breadcrumb\":{\"@id\":\"https:\/\/tabernaculoprensadedios.com\/web\/marcha-conmemorativa-en-nagua-en-memoria-del-holocausto-judio\/#breadcrumb\"},\"inLanguage\":\"es\",\"potentialAction\":[{\"@type\":\"ReadAction\",\"target\":[\"https:\/\/tabernaculoprensadedios.com\/web\/marcha-conmemorativa-en-nagua-en-memoria-del-holocausto-judio\/\"]}]},{\"@type\":\"ImageObject\",\"inLanguage\":\"es\",\"@id\":\"https:\/\/tabernaculoprensadedios.com\/web\/marcha-conmemorativa-en-nagua-en-memoria-del-holocausto-judio\/#primaryimage\",\"url\":\"https:\/\/tabernaculoprensadedios.com\/web\/wp-content\/uploads\/2024\/04\/Israel-sufre.jpg\",\"contentUrl\":\"https:\/\/tabernaculoprensadedios.com\/web\/wp-content\/uploads\/2024\/04\/Israel-sufre.jpg\",\"width\":1280,\"height\":960},{\"@type\":\"BreadcrumbList\",\"@id\":\"https:\/\/tabernaculoprensadedios.com\/web\/marcha-conmemorativa-en-nagua-en-memoria-del-holocausto-judio\/#breadcrumb\",\"itemListElement\":[{\"@type\":\"ListItem\",\"position\":1,\"name\":\"Portada\",\"item\":\"https:\/\/tabernaculoprensadedios.com\/web\/\"},{\"@type\":\"ListItem\",\"position\":2,\"name\":\"Marcha conmemorativa en Nagua en memoria del Holocausto jud\u00edo\"}]},{\"@type\":\"WebSite\",\"@id\":\"https:\/\/tabernaculoprensadedios.com\/web\/#website\",\"url\":\"https:\/\/tabernaculoprensadedios.com\/web\/\",\"name\":\"Tabernaculo Prensa de Dios\",\"description\":\"Un medio a la manera de Dios\",\"publisher\":{\"@id\":\"https:\/\/tabernaculoprensadedios.com\/web\/#\/schema\/person\/bc0e069fef56b38e177db6f098ae0b6e\"},\"potentialAction\":[{\"@type\":\"SearchAction\",\"target\":{\"@type\":\"EntryPoint\",\"urlTemplate\":\"https:\/\/tabernaculoprensadedios.com\/web\/?s={search_term_string}\"},\"query-input\":{\"@type\":\"PropertyValueSpecification\",\"valueRequired\":true,\"valueName\":\"search_term_string\"}}],\"inLanguage\":\"es\"},{\"@type\":[\"Person\",\"Organization\"],\"@id\":\"https:\/\/tabernaculoprensadedios.com\/web\/#\/schema\/person\/bc0e069fef56b38e177db6f098ae0b6e\",\"name\":\"tabernaculo\",\"image\":{\"@type\":\"ImageObject\",\"inLanguage\":\"es\",\"@id\":\"https:\/\/tabernaculoprensadedios.com\/web\/#\/schema\/person\/image\/\",\"url\":\"https:\/\/tabernaculoprensadedios.com\/web\/wp-content\/uploads\/2015\/06\/login-logo1.png\",\"contentUrl\":\"https:\/\/tabernaculoprensadedios.com\/web\/wp-content\/uploads\/2015\/06\/login-logo1.png\",\"width\":300,\"height\":118,\"caption\":\"tabernaculo\"},\"logo\":{\"@id\":\"https:\/\/tabernaculoprensadedios.com\/web\/#\/schema\/person\/image\/\"},\"url\":\"https:\/\/tabernaculoprensadedios.com\/web\/author\/tabernaculo\/\"}]}<\/script>\n<!-- \/ Yoast SEO Premium plugin. -->","yoast_head_json":{"title":"Marcha conmemorativa en Nagua en memoria del Holocausto jud\u00edo - Tabernaculo Prensa de Dios","robots":{"index":"index","follow":"follow","max-snippet":"max-snippet:-1","max-image-preview":"max-image-preview:large","max-video-preview":"max-video-preview:-1"},"canonical":"https:\/\/tabernaculoprensadedios.com\/web\/marcha-conmemorativa-en-nagua-en-memoria-del-holocausto-judio\/","og_locale":"es_ES","og_type":"article","og_title":"Marcha conmemorativa en Nagua en memoria del Holocausto jud\u00edo","og_description":"Con el prop\u00f3sito de honrar al Estado de Israel, a los sobrevivientes del holocausto, a las v\u00edctimas de secuestro y masacre del 7 octubre,una coalici\u00f3n de pastores evang\u00e9licos realizarala s\u00e9ptima versi\u00f3n de la denominada caminata La Marcha de la Vida RD, en el Distrito Nacional. El evento, que ya se ha desarrollado en 14 naciones &hellip;","og_url":"https:\/\/tabernaculoprensadedios.com\/web\/marcha-conmemorativa-en-nagua-en-memoria-del-holocausto-judio\/","og_site_name":"Tabernaculo Prensa de Dios","article_published_time":"2024-05-02T01:31:17+00:00","og_image":[{"width":1280,"height":960,"url":"https:\/\/tabernaculoprensadedios.com\/web\/wp-content\/uploads\/2024\/04\/Israel-sufre.jpg","type":"image\/jpeg"}],"author":"tabernaculo","twitter_card":"summary_large_image","twitter_creator":"@PrensadeDios","twitter_site":"@PrensadeDios","twitter_misc":{"Escrito por":"tabernaculo","Tiempo de lectura":"2 minutos"},"schema":{"@context":"https:\/\/schema.org","@graph":[{"@type":"Article","@id":"https:\/\/tabernaculoprensadedios.com\/web\/marcha-conmemorativa-en-nagua-en-memoria-del-holocausto-judio\/#article","isPartOf":{"@id":"https:\/\/tabernaculoprensadedios.com\/web\/marcha-conmemorativa-en-nagua-en-memoria-del-holocausto-judio\/"},"author":{"name":"tabernaculo","@id":"https:\/\/tabernaculoprensadedios.com\/web\/#\/schema\/person\/bc0e069fef56b38e177db6f098ae0b6e"},"headline":"Marcha conmemorativa en Nagua en memoria del Holocausto jud\u00edo","datePublished":"2024-05-02T01:31:17+00:00","mainEntityOfPage":{"@id":"https:\/\/tabernaculoprensadedios.com\/web\/marcha-conmemorativa-en-nagua-en-memoria-del-holocausto-judio\/"},"wordCount":313,"commentCount":0,"publisher":{"@id":"https:\/\/tabernaculoprensadedios.com\/web\/#\/schema\/person\/bc0e069fef56b38e177db6f098ae0b6e"},"image":{"@id":"https:\/\/tabernaculoprensadedios.com\/web\/marcha-conmemorativa-en-nagua-en-memoria-del-holocausto-judio\/#primaryimage"},"thumbnailUrl":"https:\/\/tabernaculoprensadedios.com\/web\/wp-content\/uploads\/2024\/04\/Israel-sufre.jpg","articleSection":["almomento"],"inLanguage":"es","potentialAction":[{"@type":"CommentAction","name":"Comment","target":["https:\/\/tabernaculoprensadedios.com\/web\/marcha-conmemorativa-en-nagua-en-memoria-del-holocausto-judio\/#respond"]}]},{"@type":"WebPage","@id":"https:\/\/tabernaculoprensadedios.com\/web\/marcha-conmemorativa-en-nagua-en-memoria-del-holocausto-judio\/","url":"https:\/\/tabernaculoprensadedios.com\/web\/marcha-conmemorativa-en-nagua-en-memoria-del-holocausto-judio\/","name":"Marcha conmemorativa en Nagua en memoria del Holocausto jud\u00edo - Tabernaculo Prensa de Dios","isPartOf":{"@id":"https:\/\/tabernaculoprensadedios.com\/web\/#website"},"primaryImageOfPage":{"@id":"https:\/\/tabernaculoprensadedios.com\/web\/marcha-conmemorativa-en-nagua-en-memoria-del-holocausto-judio\/#primaryimage"},"image":{"@id":"https:\/\/tabernaculoprensadedios.com\/web\/marcha-conmemorativa-en-nagua-en-memoria-del-holocausto-judio\/#primaryimage"},"thumbnailUrl":"https:\/\/tabernaculoprensadedios.com\/web\/wp-content\/uploads\/2024\/04\/Israel-sufre.jpg","datePublished":"2024-05-02T01:31:17+00:00","breadcrumb":{"@id":"https:\/\/tabernaculoprensadedios.com\/web\/marcha-conmemorativa-en-nagua-en-memoria-del-holocausto-judio\/#breadcrumb"},"inLanguage":"es","potentialAction":[{"@type":"ReadAction","target":["https:\/\/tabernaculoprensadedios.com\/web\/marcha-conmemorativa-en-nagua-en-memoria-del-holocausto-judio\/"]}]},{"@type":"ImageObject","inLanguage":"es","@id":"https:\/\/tabernaculoprensadedios.com\/web\/marcha-conmemorativa-en-nagua-en-memoria-del-holocausto-judio\/#primaryimage","url":"https:\/\/tabernaculoprensadedios.com\/web\/wp-content\/uploads\/2024\/04\/Israel-sufre.jpg","contentUrl":"https:\/\/tabernaculoprensadedios.com\/web\/wp-content\/uploads\/2024\/04\/Israel-sufre.jpg","width":1280,"height":960},{"@type":"BreadcrumbList","@id":"https:\/\/tabernaculoprensadedios.com\/web\/marcha-conmemorativa-en-nagua-en-memoria-del-holocausto-judio\/#breadcrumb","itemListElement":[{"@type":"ListItem","position":1,"name":"Portada","item":"https:\/\/tabernaculoprensadedios.com\/web\/"},{"@type":"ListItem","position":2,"name":"Marcha conmemorativa en Nagua en memoria del Holocausto jud\u00edo"}]},{"@type":"WebSite","@id":"https:\/\/tabernaculoprensadedios.com\/web\/#website","url":"https:\/\/tabernaculoprensadedios.com\/web\/","name":"Tabernaculo Prensa de Dios","description":"Un medio a la manera de Dios","publisher":{"@id":"https:\/\/tabernaculoprensadedios.com\/web\/#\/schema\/person\/bc0e069fef56b38e177db6f098ae0b6e"},"potentialAction":[{"@type":"SearchAction","target":{"@type":"EntryPoint","urlTemplate":"https:\/\/tabernaculoprensadedios.com\/web\/?s={search_term_string}"},"query-input":{"@type":"PropertyValueSpecification","valueRequired":true,"valueName":"search_term_string"}}],"inLanguage":"es"},{"@type":["Person","Organization"],"@id":"https:\/\/tabernaculoprensadedios.com\/web\/#\/schema\/person\/bc0e069fef56b38e177db6f098ae0b6e","name":"tabernaculo","image":{"@type":"ImageObject","inLanguage":"es","@id":"https:\/\/tabernaculoprensadedios.com\/web\/#\/schema\/person\/image\/","url":"https:\/\/tabernaculoprensadedios.com\/web\/wp-content\/uploads\/2015\/06\/login-logo1.png","contentUrl":"https:\/\/tabernaculoprensadedios.com\/web\/wp-content\/uploads\/2015\/06\/login-logo1.png","width":300,"height":118,"caption":"tabernaculo"},"logo":{"@id":"https:\/\/tabernaculoprensadedios.com\/web\/#\/schema\/person\/image\/"},"url":"https:\/\/tabernaculoprensadedios.com\/web\/author\/tabernaculo\/"}]}},"_links":{"self":[{"href":"https:\/\/tabernaculoprensadedios.com\/web\/wp-json\/wp\/v2\/posts\/31040","targetHints":{"allow":["GET"]}}],"collection":[{"href":"https:\/\/tabernaculoprensadedios.com\/web\/wp-json\/wp\/v2\/posts"}],"about":[{"href":"https:\/\/tabernaculoprensadedios.com\/web\/wp-json\/wp\/v2\/types\/post"}],"author":[{"embeddable":true,"href":"https:\/\/tabernaculoprensadedios.com\/web\/wp-json\/wp\/v2\/users\/1"}],"replies":[{"embeddable":true,"href":"https:\/\/tabernaculoprensadedios.com\/web\/wp-json\/wp\/v2\/comments?post=31040"}],"version-history":[{"count":1,"href":"https:\/\/tabernaculoprensadedios.com\/web\/wp-json\/wp\/v2\/posts\/31040\/revisions"}],"predecessor-version":[{"id":31041,"href":"https:\/\/tabernaculoprensadedios.com\/web\/wp-json\/wp\/v2\/posts\/31040\/revisions\/31041"}],"wp:featuredmedia":[{"embeddable":true,"href":"https:\/\/tabernaculoprensadedios.com\/web\/wp-json\/wp\/v2\/media\/31025"}],"wp:attachment":[{"href":"https:\/\/tabernaculoprensadedios.com\/web\/wp-json\/wp\/v2\/media?parent=31040"}],"wp:term":[{"taxonomy":"category","embeddable":true,"href":"https:\/\/tabernaculoprensadedios.com\/web\/wp-json\/wp\/v2\/categories?post=31040"},{"taxonomy":"post_tag","embeddable":true,"href":"https:\/\/tabernaculoprensadedios.com\/web\/wp-json\/wp\/v2\/tags?post=31040"}],"curies":[{"name":"wp","href":"https:\/\/api.w.org\/{rel}","templated":true}]}}