{"id":31024,"date":"2024-04-30T13:21:59","date_gmt":"2024-04-30T13:21:59","guid":{"rendered":"https:\/\/tabernaculoprensadedios.com\/web\/?p=31024"},"modified":"2024-04-30T13:22:11","modified_gmt":"2024-04-30T13:22:11","slug":"miradas-de-mayo-un-mes-de-contemplacion-y-reflexion","status":"publish","type":"post","link":"https:\/\/tabernaculoprensadedios.com\/web\/miradas-de-mayo-un-mes-de-contemplacion-y-reflexion\/","title":{"rendered":"Miradas de Mayo. Un mes de contemplaci\u00f3n y reflexi\u00f3n"},"content":{"rendered":"<p><em><strong>Eliseo entonces or\u00f3, y dijo: Oh Se\u00f1or, te ruego que abras sus ojos para que vea. Y el Se\u00f1or abri\u00f3 los ojos del criado, y mir\u00f3, y he aqu\u00ed que el monte estaba lleno de caballos y carros de fuego alrededor de Eliseo. 2 Reyes 6<\/strong><strong>:<\/strong><strong>17<\/strong><\/em><\/p>\n<p>Mayo es un mes para observar y mirar. Sigo viendo esta visi\u00f3n de un terreno, un bloque vac\u00edo de terreno, un lienzo en blanco. Es un tiempo en el que el Se\u00f1or quiere que so\u00f1emos de nuevo. Es un tiempo en el que el Se\u00f1or quiere que tengamos Su visi\u00f3n. Nuevamente, es una temporada de extender las estacas de nuestra tienda, pero tambi\u00e9n es una temporada de visi\u00f3n donde el Se\u00f1or quiere que persigamos f\u00edsica, tangible y activamente la visi\u00f3n que nos ha dado, y que no nos detengamos. \u00c9l quiere que comencemos a planificar para los d\u00edas venideros. Hemos estado frenados en muchas \u00e1reas. Ha habido tantos retrasos en tantas \u00e1reas, pero por fe este mes comenzar\u00e1n a activar aquello que ha parecido imposible de alcanzar y comenzar a tener visi\u00f3n con el Se\u00f1or nuevamente.<\/p>\n<p>Siento que incluso esta visi\u00f3n habla espec\u00edficamente a aquellos que han estado buscando terrenos, aquellos que han estado buscando expandir sus ministerios y sus sue\u00f1os so\u00f1ando con ubicaciones y regiones, y el Se\u00f1or les est\u00e1 dando terreno. En esta temporada, ser\u00e1 un tiempo donde el Se\u00f1or dijo que hay un favor espec\u00edfico para las propiedades. Hay un favor estrat\u00e9gico del Se\u00f1or en asegurar parcelas de tierra para Su pueblo. Comiencen a so\u00f1ar con El, comiencen a tener visi\u00f3n con El y observen c\u00f3mo se cumple.<\/p>\n<p><strong>TERRITORIO ESPIRITUAL Y LEGADO<br \/>\n<\/strong>Mientras hablo de este tema, debo mencionar algo. Siento que el Se\u00f1or est\u00e1 equipando a Su pueblo para algo en los d\u00edas venideros, y eso es territorio. Veo coordenadas de misi\u00f3n siendo entregadas al Cuerpo de Cristo, para tomar dominio espiritual y control sobre lugares que han estado en manos del enemigo. Este es un tiempo en el que el Se\u00f1or est\u00e1 liberando a Su pueblo para asaltar las puertas y comenzar a recuperar lo que ha estado en manos del enemigo durante mucho tiempo. As\u00ed como estamos creyendo en la expansi\u00f3n de nuestro ministerio y visi\u00f3n, el Se\u00f1or quiere que asumamos la responsabilidad y ocupemos lo que no ha sido ocupado antes en nuestras ciudades y regiones. Este ser\u00e1 un tiempo en el que incluso el Se\u00f1or comenzar\u00e1 a resaltar nuevas regiones y territorios para que la gente los ocupe.<\/p>\n<p>Mi consejo y \u00e1nimo para ustedes, es que ocupen esas regiones, las tomen para el Reino de Dios y no se contengan. Tal vez hay montes espec\u00edficos de influencia y lugares en la cultura que sienten que son su lugar. Oc\u00fapese, tomenlos. Este es el momento en el que siento que mayo ser\u00e1 un mes significativo de sacudidas y cambios en los montes de los medios de comunicaci\u00f3n y el entretenimiento, donde comenzaremos a ver a aquellos que han estado ocultos detr\u00e1s de escena salir adelante. Es un tiempo en el que comenzaremos a ver a los movilizadores y agitadores, los reformadores que Dios ha estado plantando en esos lugares comenzar a ser revelados y veremos que aquellos que han estado manteniendo esos montes en cautiverio comienzan a ser desalojados de sus tronos elevados. Es un tiempo para que el pueblo de Dios asalte las puertas y tome esas regiones y lugares para el reino de Dios y no se contenga.<\/p>\n<p><strong>RECUPERACI\u00d3N FINANCIERA Y RESTAURACI\u00d3N<br \/>\n<\/strong>Creo que mayo ser\u00e1 un mes en el que comenzaremos a ver c\u00f3mo la riqueza de los imp\u00edos vuelve a los justos. He estado viendo en el Esp\u00edritu durante los \u00faltimos dos a\u00f1os c\u00f3mo el enemigo ha intentado robar al pueblo de Dios. Ha habido perturbaci\u00f3n, sacudidas en el mercado financiero, las tasas de inter\u00e9s han subido y es imposible comprar viviendas. El Se\u00f1or est\u00e1 cambiando esto para Su pueblo.<\/p>\n<p>Independientemente del mercado, independientemente de lo que est\u00e9 sucediendo en la bolsa de valores y en los mercados, el Se\u00f1or est\u00e1 liberando una ola de provisi\u00f3n al cuerpo de Cristo para un prop\u00f3sito significativo y estrat\u00e9gico. Es para financiar la cosecha que est\u00e1 por venir. Ahora estamos en un tiempo de construcci\u00f3n y de aumento, pero muchos han estado diciendo: \u201cSe\u00f1or, \u00bfc\u00f3mo puedo avanzar cuando no tengo la provisi\u00f3n? Se\u00f1or, \u00bfc\u00f3mo puedo avanzar cuando no tengo los medios para construir y hacer lo que me has mandado construir? De hecho, pareciera que las cosas han retrocedido. He estado en una temporada de robos. He estado en una temporada en la que parece que la langosta ha estado consumiendo lo que me has dado\u201d<\/p>\n<p>Ahora, observen en mayo c\u00f3mo se reponen sus cuentas de banco. Observen en mayo c\u00f3mo las cosas comienzan a cambiar a medida que llega una ola de provisi\u00f3n y aumento financiero. Este no es el tiempo de ser taca\u00f1os. Es tiempo de sembrar. Es tiempo de volver a usar su semilla de manera poderosa. Es por fe, porque el Se\u00f1or est\u00e1 liberando una ola de prosperidad para ustedes, para sacarlos del lugar de limitaci\u00f3n y llevarlos al lugar de su favor ilimitado, para que puedan construir y plantar las cosas que \u00c9l los llam\u00f3 a construir hace a\u00f1os.<\/p>\n<p><strong>CAMINANDO EN EL NUEVO CAMINO<br \/>\n<\/strong>Creo que el Se\u00f1or ha estado habl\u00e1ndome durante meses acerca de MAYO Y JUNIO como un per\u00edodo en el que \u00c9l est\u00e1 guiando a Su pueblo por el camino correcto, el nuevo camino que tiene para ellos. Desde enero, hemos estado en un tiempo en el que el Se\u00f1or ha estado tratando con muchas de las cosas que nos distraen y nos roban de caminar por el camino correcto. Pero creo que en mayo y junio habr\u00e1 una gracia significativa para comenzar a salir de decisiones y circunstancias ismaelitas y entrar en lugares de circunstancias fruct\u00edferas y beneficiosas, y los nuevos caminos ser\u00e1n revelados. El Se\u00f1or nos est\u00e1 animando a dejar ciertos m\u00e9todos y formas en las que hemos estado caminando, y comenzar a caminar en nuevos patrones y dise\u00f1os que est\u00e1n en su coraz\u00f3n para la hora que viene. Ser\u00e1 un tiempo en el que el Se\u00f1or traicionar\u00e1 r\u00e1pidamente a las personas a posiciones y vocaciones estrat\u00e9gicas.<\/p>\n<p><strong>EL LEVANTAMIENTO DE ISACAR<br \/>\n<\/strong>No te quedes callado en el mes de mayo, el Se\u00f1or est\u00e1 desatando a aquellos que llevan la unci\u00f3n de Isacar para guiar al Cuerpo de Cristo hacia adelante. Despu\u00e9s de estar en un lugar de silencio y aplastamiento, este es un tiempo en el que el Se\u00f1or est\u00e1 resaltando a aquellos que llevan el lenguaje y los dise\u00f1os en su coraz\u00f3n que guiar\u00e1n al Cuerpo de Cristo fuera de lugares de estancamiento y derrota, hacia el entendimiento de la misi\u00f3n en mano y la unci\u00f3n estrat\u00e9gica para saber c\u00f3mo avanzar pr\u00e1cticamente en \u00e1reas en las que la iglesia ha estado estancada. Veremos el surgimiento de personas que tienen sue\u00f1os y visiones sobre cosas que nunca hemos escuchado o visto antes. \u00c1reas que liberar\u00e1n a la iglesia de los lugares de esclavitud religiosa, pero tambi\u00e9n veremos el surgimiento de la unci\u00f3n de Isacar, especialmente en \u00e1reas del mercado donde la iglesia ha estado rezagada; veremos a estos Isacar surgir para liderar el avance.<\/p>\n<p><strong>TOROS EN LAS PUERTAS<br \/>\n<\/strong>Creo que mayo ser\u00e1 un tiempo en el que el Se\u00f1or desatar\u00e1 una unci\u00f3n de buey salvaje sobre la iglesia que despertar\u00e1 a verdaderos ap\u00f3stoles a sus posiciones. Creo que veremos el surgimiento y la reactivaci\u00f3n de una unci\u00f3n apost\u00f3lica que tomar\u00e1 el mando y comenzar\u00e1 a revelar se\u00f1ales y maravillas de nuevo a la iglesia. Creo que es un tiempo en el que el Se\u00f1or est\u00e1 levantando voces que no est\u00e1n comprometidas y que llevar\u00e1n r\u00e1pidamente una influencia para poder guiar a la iglesia fuera de lugares de mezcla y compromiso. Estos toros salvajes van a surgir r\u00e1pidamente y llevar\u00e1n consigo un movimiento de favor que comenzar\u00e1 a reorganizar el Cuerpo de Cristo y har\u00e1 que el ej\u00e9rcito de Dios, la iglesia, se levante y luche donde han estado escondidos en el campo de batalla. Se desatar\u00e1 una unci\u00f3n de resurrecci\u00f3n que traer\u00e1 de vuelta a muchos del borde de la muerte y la incredulidad.<\/p>\n<p><strong>DESMANTELADOS Y REVESTIDOS CON FUEGO<br \/>\n<\/strong>Hemos estado en un per\u00edodo de tiempo en el que el Se\u00f1or ha estado celoso de Su pueblo, quitando mantos incorrectos, asociaciones err\u00f3neas y todo lo que limitar\u00eda a Su pueblo. Muchos en el Cuerpo de Cristo han estado bajo la influencia jezabelica sin siquiera darse cuenta. Han estado viviendo usando la armadura de Sa\u00fal y ni siquiera se han dado cuenta. Hay redes y movimientos enteros que han sido silenciados porque han estado sutilmente bajo la represi\u00f3n del silencio y el compromiso de Jezabel. Pero ahora, el Se\u00f1or est\u00e1 liberando a la iglesia. Est\u00e1 quitando esos mantos incorrectos de la iglesia y est\u00e1 diciendo que el \u00fanico manto que necesitas es ISA\u00cdAS 61. Y siento que mientras liber\u00f3 esta palabra de mayo sobre ti, quiero liberar esto como un decreto prof\u00e9tico e impartici\u00f3n para que la unci\u00f3n de Isa\u00edas 61 de Jes\u00fas repose sobre ti y sea el \u00fanico manto que lleves de este momento en adelante. Mientras decreto esto, cada manto incorrecto y cada lazo err\u00f3neo que ha estado sobre tu vida, cada influencia demon\u00edaca, cada demonio tormentoso y cada distracci\u00f3n se romper\u00edan de ti y entrar\u00edas sin obst\u00e1culos y listo para la contienda. (Una palabra de Nate Johnston)<\/p>\n<p>Isa\u00edas 61:1-4 El Esp\u00edritu de Jehov\u00e1 el Se\u00f1or est\u00e1 sobre m\u00ed, porque me ungi\u00f3 Jehov\u00e1; me ha enviado a predicar buenas nuevas a los abatidos, a vendar a los quebrantados de coraz\u00f3n, a publicar libertad a los cautivos, y a los presos apertura de la c\u00e1rcel; a proclamar el a\u00f1o de la buena voluntad de Jehov\u00e1, y el d\u00eda de venganza del Dios nuestro; a consolar a todos los enlutados; a ordenar que a los afligidos de Sion se les d\u00e9 gloria en lugar de ceniza, \u00f3leo de gozo en lugar de luto, manto de alegr\u00eda en lugar del esp\u00edritu angustiado; y ser\u00e1n llamados \u00e1rboles de justicia, plant\u00edo de Jehov\u00e1, para gloria suya. Edificar\u00e1n las ruinas antiguas, y levantar\u00e1n los asolamientos primeros, y restaurar\u00e1n las ciudades arruinadas, los escombros de muchas generaciones.<\/p>\n<p>Con amor y oraciones,<\/p>\n","protected":false},"excerpt":{"rendered":"<p>Eliseo entonces or\u00f3, y dijo: Oh Se\u00f1or, te ruego que abras sus ojos para que vea. Y el Se\u00f1or abri\u00f3 los ojos del criado, y mir\u00f3, y he aqu\u00ed que el monte estaba lleno de caballos y carros de fuego alrededor de Eliseo. 2 Reyes 6:17 Mayo es un mes para observar y mirar. Sigo &hellip;<\/p>\n","protected":false},"author":1,"featured_media":31026,"comment_status":"open","ping_status":"open","sticky":false,"template":"","format":"standard","meta":{"footnotes":""},"categories":[34],"tags":[],"class_list":["post-31024","post","type-post","status-publish","format-standard","has-post-thumbnail","hentry","category-articulos"],"yoast_head":"<!-- This site is optimized with the Yoast SEO Premium plugin v24.2 (Yoast SEO v27.1.1) - https:\/\/yoast.com\/product\/yoast-seo-premium-wordpress\/ -->\n<title>Miradas de Mayo. Un mes de contemplaci\u00f3n y reflexi\u00f3n - Tabernaculo Prensa de Dios<\/title>\n<meta name=\"robots\" content=\"index, follow, max-snippet:-1, max-image-preview:large, max-video-preview:-1\" \/>\n<link rel=\"canonical\" href=\"https:\/\/tabernaculoprensadedios.com\/web\/miradas-de-mayo-un-mes-de-contemplacion-y-reflexion\/\" class=\"yoast-seo-meta-tag\" \/>\n<meta property=\"og:locale\" content=\"es_ES\" class=\"yoast-seo-meta-tag\" \/>\n<meta property=\"og:type\" content=\"article\" class=\"yoast-seo-meta-tag\" \/>\n<meta property=\"og:title\" content=\"Miradas de Mayo. Un mes de contemplaci\u00f3n y reflexi\u00f3n\" class=\"yoast-seo-meta-tag\" \/>\n<meta property=\"og:description\" content=\"Eliseo entonces or\u00f3, y dijo: Oh Se\u00f1or, te ruego que abras sus ojos para que vea. Y el Se\u00f1or abri\u00f3 los ojos del criado, y mir\u00f3, y he aqu\u00ed que el monte estaba lleno de caballos y carros de fuego alrededor de Eliseo. 2 Reyes 6:17 Mayo es un mes para observar y mirar. Sigo &hellip;\" class=\"yoast-seo-meta-tag\" \/>\n<meta property=\"og:url\" content=\"https:\/\/tabernaculoprensadedios.com\/web\/miradas-de-mayo-un-mes-de-contemplacion-y-reflexion\/\" class=\"yoast-seo-meta-tag\" \/>\n<meta property=\"og:site_name\" content=\"Tabernaculo Prensa de Dios\" class=\"yoast-seo-meta-tag\" \/>\n<meta property=\"article:published_time\" content=\"2024-04-30T13:21:59+00:00\" class=\"yoast-seo-meta-tag\" \/>\n<meta property=\"article:modified_time\" content=\"2024-04-30T13:22:11+00:00\" class=\"yoast-seo-meta-tag\" \/>\n<meta property=\"og:image\" content=\"https:\/\/tabernaculoprensadedios.com\/web\/wp-content\/uploads\/2024\/04\/Miradas-de-Mayo.Un-mes-de-contemplacion-y-reflexion.jpg\" class=\"yoast-seo-meta-tag\" \/>\n\t<meta property=\"og:image:width\" content=\"1280\" class=\"yoast-seo-meta-tag\" \/>\n\t<meta property=\"og:image:height\" content=\"853\" class=\"yoast-seo-meta-tag\" \/>\n\t<meta property=\"og:image:type\" content=\"image\/jpeg\" class=\"yoast-seo-meta-tag\" \/>\n<meta name=\"author\" content=\"tabernaculo\" class=\"yoast-seo-meta-tag\" \/>\n<meta name=\"twitter:card\" content=\"summary_large_image\" class=\"yoast-seo-meta-tag\" \/>\n<meta name=\"twitter:creator\" content=\"@PrensadeDios\" class=\"yoast-seo-meta-tag\" \/>\n<meta name=\"twitter:site\" content=\"@PrensadeDios\" class=\"yoast-seo-meta-tag\" \/>\n<meta name=\"twitter:label1\" content=\"Escrito por\" class=\"yoast-seo-meta-tag\" \/>\n\t<meta name=\"twitter:data1\" content=\"tabernaculo\" class=\"yoast-seo-meta-tag\" \/>\n\t<meta name=\"twitter:label2\" content=\"Tiempo de lectura\" class=\"yoast-seo-meta-tag\" \/>\n\t<meta name=\"twitter:data2\" content=\"9 minutos\" class=\"yoast-seo-meta-tag\" \/>\n<script type=\"application\/ld+json\" class=\"yoast-schema-graph\">{\"@context\":\"https:\/\/schema.org\",\"@graph\":[{\"@type\":\"Article\",\"@id\":\"https:\/\/tabernaculoprensadedios.com\/web\/miradas-de-mayo-un-mes-de-contemplacion-y-reflexion\/#article\",\"isPartOf\":{\"@id\":\"https:\/\/tabernaculoprensadedios.com\/web\/miradas-de-mayo-un-mes-de-contemplacion-y-reflexion\/\"},\"author\":{\"name\":\"tabernaculo\",\"@id\":\"https:\/\/tabernaculoprensadedios.com\/web\/#\/schema\/person\/bc0e069fef56b38e177db6f098ae0b6e\"},\"headline\":\"Miradas de Mayo. Un mes de contemplaci\u00f3n y reflexi\u00f3n\",\"datePublished\":\"2024-04-30T13:21:59+00:00\",\"dateModified\":\"2024-04-30T13:22:11+00:00\",\"mainEntityOfPage\":{\"@id\":\"https:\/\/tabernaculoprensadedios.com\/web\/miradas-de-mayo-un-mes-de-contemplacion-y-reflexion\/\"},\"wordCount\":1854,\"commentCount\":0,\"publisher\":{\"@id\":\"https:\/\/tabernaculoprensadedios.com\/web\/#\/schema\/person\/bc0e069fef56b38e177db6f098ae0b6e\"},\"image\":{\"@id\":\"https:\/\/tabernaculoprensadedios.com\/web\/miradas-de-mayo-un-mes-de-contemplacion-y-reflexion\/#primaryimage\"},\"thumbnailUrl\":\"https:\/\/tabernaculoprensadedios.com\/web\/wp-content\/uploads\/2024\/04\/Miradas-de-Mayo.Un-mes-de-contemplacion-y-reflexion.jpg\",\"articleSection\":[\"Articulos\"],\"inLanguage\":\"es\",\"potentialAction\":[{\"@type\":\"CommentAction\",\"name\":\"Comment\",\"target\":[\"https:\/\/tabernaculoprensadedios.com\/web\/miradas-de-mayo-un-mes-de-contemplacion-y-reflexion\/#respond\"]}]},{\"@type\":\"WebPage\",\"@id\":\"https:\/\/tabernaculoprensadedios.com\/web\/miradas-de-mayo-un-mes-de-contemplacion-y-reflexion\/\",\"url\":\"https:\/\/tabernaculoprensadedios.com\/web\/miradas-de-mayo-un-mes-de-contemplacion-y-reflexion\/\",\"name\":\"Miradas de Mayo. Un mes de contemplaci\u00f3n y reflexi\u00f3n - Tabernaculo Prensa de Dios\",\"isPartOf\":{\"@id\":\"https:\/\/tabernaculoprensadedios.com\/web\/#website\"},\"primaryImageOfPage\":{\"@id\":\"https:\/\/tabernaculoprensadedios.com\/web\/miradas-de-mayo-un-mes-de-contemplacion-y-reflexion\/#primaryimage\"},\"image\":{\"@id\":\"https:\/\/tabernaculoprensadedios.com\/web\/miradas-de-mayo-un-mes-de-contemplacion-y-reflexion\/#primaryimage\"},\"thumbnailUrl\":\"https:\/\/tabernaculoprensadedios.com\/web\/wp-content\/uploads\/2024\/04\/Miradas-de-Mayo.Un-mes-de-contemplacion-y-reflexion.jpg\",\"datePublished\":\"2024-04-30T13:21:59+00:00\",\"dateModified\":\"2024-04-30T13:22:11+00:00\",\"breadcrumb\":{\"@id\":\"https:\/\/tabernaculoprensadedios.com\/web\/miradas-de-mayo-un-mes-de-contemplacion-y-reflexion\/#breadcrumb\"},\"inLanguage\":\"es\",\"potentialAction\":[{\"@type\":\"ReadAction\",\"target\":[\"https:\/\/tabernaculoprensadedios.com\/web\/miradas-de-mayo-un-mes-de-contemplacion-y-reflexion\/\"]}]},{\"@type\":\"ImageObject\",\"inLanguage\":\"es\",\"@id\":\"https:\/\/tabernaculoprensadedios.com\/web\/miradas-de-mayo-un-mes-de-contemplacion-y-reflexion\/#primaryimage\",\"url\":\"https:\/\/tabernaculoprensadedios.com\/web\/wp-content\/uploads\/2024\/04\/Miradas-de-Mayo.Un-mes-de-contemplacion-y-reflexion.jpg\",\"contentUrl\":\"https:\/\/tabernaculoprensadedios.com\/web\/wp-content\/uploads\/2024\/04\/Miradas-de-Mayo.Un-mes-de-contemplacion-y-reflexion.jpg\",\"width\":1280,\"height\":853},{\"@type\":\"BreadcrumbList\",\"@id\":\"https:\/\/tabernaculoprensadedios.com\/web\/miradas-de-mayo-un-mes-de-contemplacion-y-reflexion\/#breadcrumb\",\"itemListElement\":[{\"@type\":\"ListItem\",\"position\":1,\"name\":\"Portada\",\"item\":\"https:\/\/tabernaculoprensadedios.com\/web\/\"},{\"@type\":\"ListItem\",\"position\":2,\"name\":\"Miradas de Mayo. Un mes de contemplaci\u00f3n y reflexi\u00f3n\"}]},{\"@type\":\"WebSite\",\"@id\":\"https:\/\/tabernaculoprensadedios.com\/web\/#website\",\"url\":\"https:\/\/tabernaculoprensadedios.com\/web\/\",\"name\":\"Tabernaculo Prensa de Dios\",\"description\":\"Un medio a la manera de Dios\",\"publisher\":{\"@id\":\"https:\/\/tabernaculoprensadedios.com\/web\/#\/schema\/person\/bc0e069fef56b38e177db6f098ae0b6e\"},\"potentialAction\":[{\"@type\":\"SearchAction\",\"target\":{\"@type\":\"EntryPoint\",\"urlTemplate\":\"https:\/\/tabernaculoprensadedios.com\/web\/?s={search_term_string}\"},\"query-input\":{\"@type\":\"PropertyValueSpecification\",\"valueRequired\":true,\"valueName\":\"search_term_string\"}}],\"inLanguage\":\"es\"},{\"@type\":[\"Person\",\"Organization\"],\"@id\":\"https:\/\/tabernaculoprensadedios.com\/web\/#\/schema\/person\/bc0e069fef56b38e177db6f098ae0b6e\",\"name\":\"tabernaculo\",\"image\":{\"@type\":\"ImageObject\",\"inLanguage\":\"es\",\"@id\":\"https:\/\/tabernaculoprensadedios.com\/web\/#\/schema\/person\/image\/\",\"url\":\"https:\/\/tabernaculoprensadedios.com\/web\/wp-content\/uploads\/2015\/06\/login-logo1.png\",\"contentUrl\":\"https:\/\/tabernaculoprensadedios.com\/web\/wp-content\/uploads\/2015\/06\/login-logo1.png\",\"width\":300,\"height\":118,\"caption\":\"tabernaculo\"},\"logo\":{\"@id\":\"https:\/\/tabernaculoprensadedios.com\/web\/#\/schema\/person\/image\/\"},\"url\":\"https:\/\/tabernaculoprensadedios.com\/web\/author\/tabernaculo\/\"}]}<\/script>\n<!-- \/ Yoast SEO Premium plugin. -->","yoast_head_json":{"title":"Miradas de Mayo. Un mes de contemplaci\u00f3n y reflexi\u00f3n - Tabernaculo Prensa de Dios","robots":{"index":"index","follow":"follow","max-snippet":"max-snippet:-1","max-image-preview":"max-image-preview:large","max-video-preview":"max-video-preview:-1"},"canonical":"https:\/\/tabernaculoprensadedios.com\/web\/miradas-de-mayo-un-mes-de-contemplacion-y-reflexion\/","og_locale":"es_ES","og_type":"article","og_title":"Miradas de Mayo. Un mes de contemplaci\u00f3n y reflexi\u00f3n","og_description":"Eliseo entonces or\u00f3, y dijo: Oh Se\u00f1or, te ruego que abras sus ojos para que vea. Y el Se\u00f1or abri\u00f3 los ojos del criado, y mir\u00f3, y he aqu\u00ed que el monte estaba lleno de caballos y carros de fuego alrededor de Eliseo. 2 Reyes 6:17 Mayo es un mes para observar y mirar. Sigo &hellip;","og_url":"https:\/\/tabernaculoprensadedios.com\/web\/miradas-de-mayo-un-mes-de-contemplacion-y-reflexion\/","og_site_name":"Tabernaculo Prensa de Dios","article_published_time":"2024-04-30T13:21:59+00:00","article_modified_time":"2024-04-30T13:22:11+00:00","og_image":[{"width":1280,"height":853,"url":"https:\/\/tabernaculoprensadedios.com\/web\/wp-content\/uploads\/2024\/04\/Miradas-de-Mayo.Un-mes-de-contemplacion-y-reflexion.jpg","type":"image\/jpeg"}],"author":"tabernaculo","twitter_card":"summary_large_image","twitter_creator":"@PrensadeDios","twitter_site":"@PrensadeDios","twitter_misc":{"Escrito por":"tabernaculo","Tiempo de lectura":"9 minutos"},"schema":{"@context":"https:\/\/schema.org","@graph":[{"@type":"Article","@id":"https:\/\/tabernaculoprensadedios.com\/web\/miradas-de-mayo-un-mes-de-contemplacion-y-reflexion\/#article","isPartOf":{"@id":"https:\/\/tabernaculoprensadedios.com\/web\/miradas-de-mayo-un-mes-de-contemplacion-y-reflexion\/"},"author":{"name":"tabernaculo","@id":"https:\/\/tabernaculoprensadedios.com\/web\/#\/schema\/person\/bc0e069fef56b38e177db6f098ae0b6e"},"headline":"Miradas de Mayo. Un mes de contemplaci\u00f3n y reflexi\u00f3n","datePublished":"2024-04-30T13:21:59+00:00","dateModified":"2024-04-30T13:22:11+00:00","mainEntityOfPage":{"@id":"https:\/\/tabernaculoprensadedios.com\/web\/miradas-de-mayo-un-mes-de-contemplacion-y-reflexion\/"},"wordCount":1854,"commentCount":0,"publisher":{"@id":"https:\/\/tabernaculoprensadedios.com\/web\/#\/schema\/person\/bc0e069fef56b38e177db6f098ae0b6e"},"image":{"@id":"https:\/\/tabernaculoprensadedios.com\/web\/miradas-de-mayo-un-mes-de-contemplacion-y-reflexion\/#primaryimage"},"thumbnailUrl":"https:\/\/tabernaculoprensadedios.com\/web\/wp-content\/uploads\/2024\/04\/Miradas-de-Mayo.Un-mes-de-contemplacion-y-reflexion.jpg","articleSection":["Articulos"],"inLanguage":"es","potentialAction":[{"@type":"CommentAction","name":"Comment","target":["https:\/\/tabernaculoprensadedios.com\/web\/miradas-de-mayo-un-mes-de-contemplacion-y-reflexion\/#respond"]}]},{"@type":"WebPage","@id":"https:\/\/tabernaculoprensadedios.com\/web\/miradas-de-mayo-un-mes-de-contemplacion-y-reflexion\/","url":"https:\/\/tabernaculoprensadedios.com\/web\/miradas-de-mayo-un-mes-de-contemplacion-y-reflexion\/","name":"Miradas de Mayo. Un mes de contemplaci\u00f3n y reflexi\u00f3n - Tabernaculo Prensa de Dios","isPartOf":{"@id":"https:\/\/tabernaculoprensadedios.com\/web\/#website"},"primaryImageOfPage":{"@id":"https:\/\/tabernaculoprensadedios.com\/web\/miradas-de-mayo-un-mes-de-contemplacion-y-reflexion\/#primaryimage"},"image":{"@id":"https:\/\/tabernaculoprensadedios.com\/web\/miradas-de-mayo-un-mes-de-contemplacion-y-reflexion\/#primaryimage"},"thumbnailUrl":"https:\/\/tabernaculoprensadedios.com\/web\/wp-content\/uploads\/2024\/04\/Miradas-de-Mayo.Un-mes-de-contemplacion-y-reflexion.jpg","datePublished":"2024-04-30T13:21:59+00:00","dateModified":"2024-04-30T13:22:11+00:00","breadcrumb":{"@id":"https:\/\/tabernaculoprensadedios.com\/web\/miradas-de-mayo-un-mes-de-contemplacion-y-reflexion\/#breadcrumb"},"inLanguage":"es","potentialAction":[{"@type":"ReadAction","target":["https:\/\/tabernaculoprensadedios.com\/web\/miradas-de-mayo-un-mes-de-contemplacion-y-reflexion\/"]}]},{"@type":"ImageObject","inLanguage":"es","@id":"https:\/\/tabernaculoprensadedios.com\/web\/miradas-de-mayo-un-mes-de-contemplacion-y-reflexion\/#primaryimage","url":"https:\/\/tabernaculoprensadedios.com\/web\/wp-content\/uploads\/2024\/04\/Miradas-de-Mayo.Un-mes-de-contemplacion-y-reflexion.jpg","contentUrl":"https:\/\/tabernaculoprensadedios.com\/web\/wp-content\/uploads\/2024\/04\/Miradas-de-Mayo.Un-mes-de-contemplacion-y-reflexion.jpg","width":1280,"height":853},{"@type":"BreadcrumbList","@id":"https:\/\/tabernaculoprensadedios.com\/web\/miradas-de-mayo-un-mes-de-contemplacion-y-reflexion\/#breadcrumb","itemListElement":[{"@type":"ListItem","position":1,"name":"Portada","item":"https:\/\/tabernaculoprensadedios.com\/web\/"},{"@type":"ListItem","position":2,"name":"Miradas de Mayo. Un mes de contemplaci\u00f3n y reflexi\u00f3n"}]},{"@type":"WebSite","@id":"https:\/\/tabernaculoprensadedios.com\/web\/#website","url":"https:\/\/tabernaculoprensadedios.com\/web\/","name":"Tabernaculo Prensa de Dios","description":"Un medio a la manera de Dios","publisher":{"@id":"https:\/\/tabernaculoprensadedios.com\/web\/#\/schema\/person\/bc0e069fef56b38e177db6f098ae0b6e"},"potentialAction":[{"@type":"SearchAction","target":{"@type":"EntryPoint","urlTemplate":"https:\/\/tabernaculoprensadedios.com\/web\/?s={search_term_string}"},"query-input":{"@type":"PropertyValueSpecification","valueRequired":true,"valueName":"search_term_string"}}],"inLanguage":"es"},{"@type":["Person","Organization"],"@id":"https:\/\/tabernaculoprensadedios.com\/web\/#\/schema\/person\/bc0e069fef56b38e177db6f098ae0b6e","name":"tabernaculo","image":{"@type":"ImageObject","inLanguage":"es","@id":"https:\/\/tabernaculoprensadedios.com\/web\/#\/schema\/person\/image\/","url":"https:\/\/tabernaculoprensadedios.com\/web\/wp-content\/uploads\/2015\/06\/login-logo1.png","contentUrl":"https:\/\/tabernaculoprensadedios.com\/web\/wp-content\/uploads\/2015\/06\/login-logo1.png","width":300,"height":118,"caption":"tabernaculo"},"logo":{"@id":"https:\/\/tabernaculoprensadedios.com\/web\/#\/schema\/person\/image\/"},"url":"https:\/\/tabernaculoprensadedios.com\/web\/author\/tabernaculo\/"}]}},"_links":{"self":[{"href":"https:\/\/tabernaculoprensadedios.com\/web\/wp-json\/wp\/v2\/posts\/31024","targetHints":{"allow":["GET"]}}],"collection":[{"href":"https:\/\/tabernaculoprensadedios.com\/web\/wp-json\/wp\/v2\/posts"}],"about":[{"href":"https:\/\/tabernaculoprensadedios.com\/web\/wp-json\/wp\/v2\/types\/post"}],"author":[{"embeddable":true,"href":"https:\/\/tabernaculoprensadedios.com\/web\/wp-json\/wp\/v2\/users\/1"}],"replies":[{"embeddable":true,"href":"https:\/\/tabernaculoprensadedios.com\/web\/wp-json\/wp\/v2\/comments?post=31024"}],"version-history":[{"count":2,"href":"https:\/\/tabernaculoprensadedios.com\/web\/wp-json\/wp\/v2\/posts\/31024\/revisions"}],"predecessor-version":[{"id":31028,"href":"https:\/\/tabernaculoprensadedios.com\/web\/wp-json\/wp\/v2\/posts\/31024\/revisions\/31028"}],"wp:featuredmedia":[{"embeddable":true,"href":"https:\/\/tabernaculoprensadedios.com\/web\/wp-json\/wp\/v2\/media\/31026"}],"wp:attachment":[{"href":"https:\/\/tabernaculoprensadedios.com\/web\/wp-json\/wp\/v2\/media?parent=31024"}],"wp:term":[{"taxonomy":"category","embeddable":true,"href":"https:\/\/tabernaculoprensadedios.com\/web\/wp-json\/wp\/v2\/categories?post=31024"},{"taxonomy":"post_tag","embeddable":true,"href":"https:\/\/tabernaculoprensadedios.com\/web\/wp-json\/wp\/v2\/tags?post=31024"}],"curies":[{"name":"wp","href":"https:\/\/api.w.org\/{rel}","templated":true}]}}