{"id":30995,"date":"2024-04-25T23:07:25","date_gmt":"2024-04-25T23:07:25","guid":{"rendered":"https:\/\/tabernaculoprensadedios.com\/web\/?p=30995"},"modified":"2024-04-25T23:07:25","modified_gmt":"2024-04-25T23:07:25","slug":"cultivando-salud-desde-la-infancia-destacando-la-conferencia-magistral-en-nutricion-infantil-de-la-unev","status":"publish","type":"post","link":"https:\/\/tabernaculoprensadedios.com\/web\/cultivando-salud-desde-la-infancia-destacando-la-conferencia-magistral-en-nutricion-infantil-de-la-unev\/","title":{"rendered":"Cultivando Salud desde la Infancia. Destacando la Conferencia Magistral en Nutrici\u00f3n Infantil de la UNEV"},"content":{"rendered":"<p>La Escuela de Nutrici\u00f3n de la Universidad Nacional Evang\u00e9lica (UNEV), recinto Santiago, se complace en anunciar el \u00e9xito de la magistral conferencia sobre Alimentaci\u00f3n Infantil, llevada a cabo de manera gratuita el pasado viernes en el auditorio del edificio \u201cP\u201d.<\/p>\n<p>El evento cont\u00f3 con la destacada presencia de la Dra. Armidis Yvomny Almonte, m\u00e9dico pediatra y mag\u00edster en alta gerencia hospitalaria.<\/p>\n<p>La conferencia se centr\u00f3 en la importancia de una alimentaci\u00f3n saludable para los ni\u00f1os, as\u00ed como en la responsabilidad de los adultos al compartir alimentos con sus hijos.<\/p>\n<p>La Dra. Almonte abord\u00f3 diversos aspectos relacionados con los tipos de alimentos recomendados para una dieta equilibrada y nutritiva, quien al final de la conferencia fue reconocida con un certificado de la Escuela de Nutrici\u00f3n del recinto por sus aportes y dedicaci\u00f3n a la salud, y muy en especial a la infantil.<\/p>\n<p>La iniciativa fue posible gracias al esfuerzo y coordinaci\u00f3n del Dr. Walner Alexander Mart\u00ednez G\u00f3mez, coordinador de la carrera de nutrici\u00f3n del recinto, quien trabaj\u00f3 arduamente para organizar este evento de gran relevancia para estudiantes y profesionales del \u00e1rea de la salud.<\/p>\n<p>Decenas de personas asistieron, incluyendo estudiantes, profesionales y colaboradores de diversas \u00e1reas afines.<\/p>\n<p>La Escuela de Nutrici\u00f3n de la UNEV agradece a todos los participantes por su asistencia y contribuci\u00f3n al \u00e9xito de esta importante actividad<\/p>\n<p>Esperamos seguir promoviendo la educaci\u00f3n y conciencia sobre la alimentaci\u00f3n infantil en futuros eventos.<\/p>\n","protected":false},"excerpt":{"rendered":"<p>La Escuela de Nutrici\u00f3n de la Universidad Nacional Evang\u00e9lica (UNEV), recinto Santiago, se complace en anunciar el \u00e9xito de la magistral conferencia sobre Alimentaci\u00f3n Infantil, llevada a cabo de manera gratuita el pasado viernes en el auditorio del edificio \u201cP\u201d. El evento cont\u00f3 con la destacada presencia de la Dra. Armidis Yvomny Almonte, m\u00e9dico pediatra &hellip;<\/p>\n","protected":false},"author":1,"featured_media":30996,"comment_status":"open","ping_status":"open","sticky":false,"template":"","format":"standard","meta":{"footnotes":""},"categories":[19],"tags":[],"class_list":["post-30995","post","type-post","status-publish","format-standard","has-post-thumbnail","hentry","category-educacion"],"yoast_head":"<!-- This site is optimized with the Yoast SEO Premium plugin v24.2 (Yoast SEO v27.1.1) - https:\/\/yoast.com\/product\/yoast-seo-premium-wordpress\/ -->\n<title>Cultivando Salud desde la Infancia. Destacando la Conferencia Magistral en Nutrici\u00f3n Infantil de la UNEV - Tabernaculo Prensa de Dios<\/title>\n<meta name=\"robots\" content=\"index, follow, max-snippet:-1, max-image-preview:large, max-video-preview:-1\" \/>\n<link rel=\"canonical\" href=\"https:\/\/tabernaculoprensadedios.com\/web\/cultivando-salud-desde-la-infancia-destacando-la-conferencia-magistral-en-nutricion-infantil-de-la-unev\/\" class=\"yoast-seo-meta-tag\" \/>\n<meta property=\"og:locale\" content=\"es_ES\" class=\"yoast-seo-meta-tag\" \/>\n<meta property=\"og:type\" content=\"article\" class=\"yoast-seo-meta-tag\" \/>\n<meta property=\"og:title\" content=\"Cultivando Salud desde la Infancia. Destacando la Conferencia Magistral en Nutrici\u00f3n Infantil de la UNEV\" class=\"yoast-seo-meta-tag\" \/>\n<meta property=\"og:description\" content=\"La Escuela de Nutrici\u00f3n de la Universidad Nacional Evang\u00e9lica (UNEV), recinto Santiago, se complace en anunciar el \u00e9xito de la magistral conferencia sobre Alimentaci\u00f3n Infantil, llevada a cabo de manera gratuita el pasado viernes en el auditorio del edificio \u201cP\u201d. El evento cont\u00f3 con la destacada presencia de la Dra. Armidis Yvomny Almonte, m\u00e9dico pediatra &hellip;\" class=\"yoast-seo-meta-tag\" \/>\n<meta property=\"og:url\" content=\"https:\/\/tabernaculoprensadedios.com\/web\/cultivando-salud-desde-la-infancia-destacando-la-conferencia-magistral-en-nutricion-infantil-de-la-unev\/\" class=\"yoast-seo-meta-tag\" \/>\n<meta property=\"og:site_name\" content=\"Tabernaculo Prensa de Dios\" class=\"yoast-seo-meta-tag\" \/>\n<meta property=\"article:published_time\" content=\"2024-04-25T23:07:25+00:00\" class=\"yoast-seo-meta-tag\" \/>\n<meta property=\"og:image\" content=\"https:\/\/tabernaculoprensadedios.com\/web\/wp-content\/uploads\/2024\/04\/Diseno-sin-titulo-e1714086399482.png\" class=\"yoast-seo-meta-tag\" \/>\n\t<meta property=\"og:image:width\" content=\"1300\" class=\"yoast-seo-meta-tag\" \/>\n\t<meta property=\"og:image:height\" content=\"1040\" class=\"yoast-seo-meta-tag\" \/>\n\t<meta property=\"og:image:type\" content=\"image\/png\" class=\"yoast-seo-meta-tag\" \/>\n<meta name=\"author\" content=\"tabernaculo\" class=\"yoast-seo-meta-tag\" \/>\n<meta name=\"twitter:card\" content=\"summary_large_image\" class=\"yoast-seo-meta-tag\" \/>\n<meta name=\"twitter:creator\" content=\"@PrensadeDios\" class=\"yoast-seo-meta-tag\" \/>\n<meta name=\"twitter:site\" content=\"@PrensadeDios\" class=\"yoast-seo-meta-tag\" \/>\n<meta name=\"twitter:label1\" content=\"Escrito por\" class=\"yoast-seo-meta-tag\" \/>\n\t<meta name=\"twitter:data1\" content=\"tabernaculo\" class=\"yoast-seo-meta-tag\" \/>\n\t<meta name=\"twitter:label2\" content=\"Tiempo de lectura\" class=\"yoast-seo-meta-tag\" \/>\n\t<meta name=\"twitter:data2\" content=\"2 minutos\" class=\"yoast-seo-meta-tag\" \/>\n<script type=\"application\/ld+json\" class=\"yoast-schema-graph\">{\"@context\":\"https:\/\/schema.org\",\"@graph\":[{\"@type\":\"Article\",\"@id\":\"https:\/\/tabernaculoprensadedios.com\/web\/cultivando-salud-desde-la-infancia-destacando-la-conferencia-magistral-en-nutricion-infantil-de-la-unev\/#article\",\"isPartOf\":{\"@id\":\"https:\/\/tabernaculoprensadedios.com\/web\/cultivando-salud-desde-la-infancia-destacando-la-conferencia-magistral-en-nutricion-infantil-de-la-unev\/\"},\"author\":{\"name\":\"tabernaculo\",\"@id\":\"https:\/\/tabernaculoprensadedios.com\/web\/#\/schema\/person\/bc0e069fef56b38e177db6f098ae0b6e\"},\"headline\":\"Cultivando Salud desde la Infancia. Destacando la Conferencia Magistral en Nutrici\u00f3n Infantil de la UNEV\",\"datePublished\":\"2024-04-25T23:07:25+00:00\",\"mainEntityOfPage\":{\"@id\":\"https:\/\/tabernaculoprensadedios.com\/web\/cultivando-salud-desde-la-infancia-destacando-la-conferencia-magistral-en-nutricion-infantil-de-la-unev\/\"},\"wordCount\":266,\"commentCount\":0,\"publisher\":{\"@id\":\"https:\/\/tabernaculoprensadedios.com\/web\/#\/schema\/person\/bc0e069fef56b38e177db6f098ae0b6e\"},\"image\":{\"@id\":\"https:\/\/tabernaculoprensadedios.com\/web\/cultivando-salud-desde-la-infancia-destacando-la-conferencia-magistral-en-nutricion-infantil-de-la-unev\/#primaryimage\"},\"thumbnailUrl\":\"https:\/\/tabernaculoprensadedios.com\/web\/wp-content\/uploads\/2024\/04\/Diseno-sin-titulo-e1714086399482.png\",\"articleSection\":[\"Educaci\u00f3n\"],\"inLanguage\":\"es\",\"potentialAction\":[{\"@type\":\"CommentAction\",\"name\":\"Comment\",\"target\":[\"https:\/\/tabernaculoprensadedios.com\/web\/cultivando-salud-desde-la-infancia-destacando-la-conferencia-magistral-en-nutricion-infantil-de-la-unev\/#respond\"]}]},{\"@type\":\"WebPage\",\"@id\":\"https:\/\/tabernaculoprensadedios.com\/web\/cultivando-salud-desde-la-infancia-destacando-la-conferencia-magistral-en-nutricion-infantil-de-la-unev\/\",\"url\":\"https:\/\/tabernaculoprensadedios.com\/web\/cultivando-salud-desde-la-infancia-destacando-la-conferencia-magistral-en-nutricion-infantil-de-la-unev\/\",\"name\":\"Cultivando Salud desde la Infancia. Destacando la Conferencia Magistral en Nutrici\u00f3n Infantil de la UNEV - Tabernaculo Prensa de Dios\",\"isPartOf\":{\"@id\":\"https:\/\/tabernaculoprensadedios.com\/web\/#website\"},\"primaryImageOfPage\":{\"@id\":\"https:\/\/tabernaculoprensadedios.com\/web\/cultivando-salud-desde-la-infancia-destacando-la-conferencia-magistral-en-nutricion-infantil-de-la-unev\/#primaryimage\"},\"image\":{\"@id\":\"https:\/\/tabernaculoprensadedios.com\/web\/cultivando-salud-desde-la-infancia-destacando-la-conferencia-magistral-en-nutricion-infantil-de-la-unev\/#primaryimage\"},\"thumbnailUrl\":\"https:\/\/tabernaculoprensadedios.com\/web\/wp-content\/uploads\/2024\/04\/Diseno-sin-titulo-e1714086399482.png\",\"datePublished\":\"2024-04-25T23:07:25+00:00\",\"breadcrumb\":{\"@id\":\"https:\/\/tabernaculoprensadedios.com\/web\/cultivando-salud-desde-la-infancia-destacando-la-conferencia-magistral-en-nutricion-infantil-de-la-unev\/#breadcrumb\"},\"inLanguage\":\"es\",\"potentialAction\":[{\"@type\":\"ReadAction\",\"target\":[\"https:\/\/tabernaculoprensadedios.com\/web\/cultivando-salud-desde-la-infancia-destacando-la-conferencia-magistral-en-nutricion-infantil-de-la-unev\/\"]}]},{\"@type\":\"ImageObject\",\"inLanguage\":\"es\",\"@id\":\"https:\/\/tabernaculoprensadedios.com\/web\/cultivando-salud-desde-la-infancia-destacando-la-conferencia-magistral-en-nutricion-infantil-de-la-unev\/#primaryimage\",\"url\":\"https:\/\/tabernaculoprensadedios.com\/web\/wp-content\/uploads\/2024\/04\/Diseno-sin-titulo-e1714086399482.png\",\"contentUrl\":\"https:\/\/tabernaculoprensadedios.com\/web\/wp-content\/uploads\/2024\/04\/Diseno-sin-titulo-e1714086399482.png\",\"width\":1300,\"height\":1040},{\"@type\":\"BreadcrumbList\",\"@id\":\"https:\/\/tabernaculoprensadedios.com\/web\/cultivando-salud-desde-la-infancia-destacando-la-conferencia-magistral-en-nutricion-infantil-de-la-unev\/#breadcrumb\",\"itemListElement\":[{\"@type\":\"ListItem\",\"position\":1,\"name\":\"Portada\",\"item\":\"https:\/\/tabernaculoprensadedios.com\/web\/\"},{\"@type\":\"ListItem\",\"position\":2,\"name\":\"Cultivando Salud desde la Infancia. Destacando la Conferencia Magistral en Nutrici\u00f3n Infantil de la UNEV\"}]},{\"@type\":\"WebSite\",\"@id\":\"https:\/\/tabernaculoprensadedios.com\/web\/#website\",\"url\":\"https:\/\/tabernaculoprensadedios.com\/web\/\",\"name\":\"Tabernaculo Prensa de Dios\",\"description\":\"Un medio a la manera de Dios\",\"publisher\":{\"@id\":\"https:\/\/tabernaculoprensadedios.com\/web\/#\/schema\/person\/bc0e069fef56b38e177db6f098ae0b6e\"},\"potentialAction\":[{\"@type\":\"SearchAction\",\"target\":{\"@type\":\"EntryPoint\",\"urlTemplate\":\"https:\/\/tabernaculoprensadedios.com\/web\/?s={search_term_string}\"},\"query-input\":{\"@type\":\"PropertyValueSpecification\",\"valueRequired\":true,\"valueName\":\"search_term_string\"}}],\"inLanguage\":\"es\"},{\"@type\":[\"Person\",\"Organization\"],\"@id\":\"https:\/\/tabernaculoprensadedios.com\/web\/#\/schema\/person\/bc0e069fef56b38e177db6f098ae0b6e\",\"name\":\"tabernaculo\",\"image\":{\"@type\":\"ImageObject\",\"inLanguage\":\"es\",\"@id\":\"https:\/\/tabernaculoprensadedios.com\/web\/#\/schema\/person\/image\/\",\"url\":\"https:\/\/tabernaculoprensadedios.com\/web\/wp-content\/uploads\/2015\/06\/login-logo1.png\",\"contentUrl\":\"https:\/\/tabernaculoprensadedios.com\/web\/wp-content\/uploads\/2015\/06\/login-logo1.png\",\"width\":300,\"height\":118,\"caption\":\"tabernaculo\"},\"logo\":{\"@id\":\"https:\/\/tabernaculoprensadedios.com\/web\/#\/schema\/person\/image\/\"},\"url\":\"https:\/\/tabernaculoprensadedios.com\/web\/author\/tabernaculo\/\"}]}<\/script>\n<!-- \/ Yoast SEO Premium plugin. -->","yoast_head_json":{"title":"Cultivando Salud desde la Infancia. Destacando la Conferencia Magistral en Nutrici\u00f3n Infantil de la UNEV - Tabernaculo Prensa de Dios","robots":{"index":"index","follow":"follow","max-snippet":"max-snippet:-1","max-image-preview":"max-image-preview:large","max-video-preview":"max-video-preview:-1"},"canonical":"https:\/\/tabernaculoprensadedios.com\/web\/cultivando-salud-desde-la-infancia-destacando-la-conferencia-magistral-en-nutricion-infantil-de-la-unev\/","og_locale":"es_ES","og_type":"article","og_title":"Cultivando Salud desde la Infancia. Destacando la Conferencia Magistral en Nutrici\u00f3n Infantil de la UNEV","og_description":"La Escuela de Nutrici\u00f3n de la Universidad Nacional Evang\u00e9lica (UNEV), recinto Santiago, se complace en anunciar el \u00e9xito de la magistral conferencia sobre Alimentaci\u00f3n Infantil, llevada a cabo de manera gratuita el pasado viernes en el auditorio del edificio \u201cP\u201d. El evento cont\u00f3 con la destacada presencia de la Dra. Armidis Yvomny Almonte, m\u00e9dico pediatra &hellip;","og_url":"https:\/\/tabernaculoprensadedios.com\/web\/cultivando-salud-desde-la-infancia-destacando-la-conferencia-magistral-en-nutricion-infantil-de-la-unev\/","og_site_name":"Tabernaculo Prensa de Dios","article_published_time":"2024-04-25T23:07:25+00:00","og_image":[{"url":"https:\/\/tabernaculoprensadedios.com\/web\/wp-content\/uploads\/2024\/04\/Diseno-sin-titulo-e1714086399482.png","width":1300,"height":1040,"type":"image\/png"}],"author":"tabernaculo","twitter_card":"summary_large_image","twitter_creator":"@PrensadeDios","twitter_site":"@PrensadeDios","twitter_misc":{"Escrito por":"tabernaculo","Tiempo de lectura":"2 minutos"},"schema":{"@context":"https:\/\/schema.org","@graph":[{"@type":"Article","@id":"https:\/\/tabernaculoprensadedios.com\/web\/cultivando-salud-desde-la-infancia-destacando-la-conferencia-magistral-en-nutricion-infantil-de-la-unev\/#article","isPartOf":{"@id":"https:\/\/tabernaculoprensadedios.com\/web\/cultivando-salud-desde-la-infancia-destacando-la-conferencia-magistral-en-nutricion-infantil-de-la-unev\/"},"author":{"name":"tabernaculo","@id":"https:\/\/tabernaculoprensadedios.com\/web\/#\/schema\/person\/bc0e069fef56b38e177db6f098ae0b6e"},"headline":"Cultivando Salud desde la Infancia. Destacando la Conferencia Magistral en Nutrici\u00f3n Infantil de la UNEV","datePublished":"2024-04-25T23:07:25+00:00","mainEntityOfPage":{"@id":"https:\/\/tabernaculoprensadedios.com\/web\/cultivando-salud-desde-la-infancia-destacando-la-conferencia-magistral-en-nutricion-infantil-de-la-unev\/"},"wordCount":266,"commentCount":0,"publisher":{"@id":"https:\/\/tabernaculoprensadedios.com\/web\/#\/schema\/person\/bc0e069fef56b38e177db6f098ae0b6e"},"image":{"@id":"https:\/\/tabernaculoprensadedios.com\/web\/cultivando-salud-desde-la-infancia-destacando-la-conferencia-magistral-en-nutricion-infantil-de-la-unev\/#primaryimage"},"thumbnailUrl":"https:\/\/tabernaculoprensadedios.com\/web\/wp-content\/uploads\/2024\/04\/Diseno-sin-titulo-e1714086399482.png","articleSection":["Educaci\u00f3n"],"inLanguage":"es","potentialAction":[{"@type":"CommentAction","name":"Comment","target":["https:\/\/tabernaculoprensadedios.com\/web\/cultivando-salud-desde-la-infancia-destacando-la-conferencia-magistral-en-nutricion-infantil-de-la-unev\/#respond"]}]},{"@type":"WebPage","@id":"https:\/\/tabernaculoprensadedios.com\/web\/cultivando-salud-desde-la-infancia-destacando-la-conferencia-magistral-en-nutricion-infantil-de-la-unev\/","url":"https:\/\/tabernaculoprensadedios.com\/web\/cultivando-salud-desde-la-infancia-destacando-la-conferencia-magistral-en-nutricion-infantil-de-la-unev\/","name":"Cultivando Salud desde la Infancia. Destacando la Conferencia Magistral en Nutrici\u00f3n Infantil de la UNEV - Tabernaculo Prensa de Dios","isPartOf":{"@id":"https:\/\/tabernaculoprensadedios.com\/web\/#website"},"primaryImageOfPage":{"@id":"https:\/\/tabernaculoprensadedios.com\/web\/cultivando-salud-desde-la-infancia-destacando-la-conferencia-magistral-en-nutricion-infantil-de-la-unev\/#primaryimage"},"image":{"@id":"https:\/\/tabernaculoprensadedios.com\/web\/cultivando-salud-desde-la-infancia-destacando-la-conferencia-magistral-en-nutricion-infantil-de-la-unev\/#primaryimage"},"thumbnailUrl":"https:\/\/tabernaculoprensadedios.com\/web\/wp-content\/uploads\/2024\/04\/Diseno-sin-titulo-e1714086399482.png","datePublished":"2024-04-25T23:07:25+00:00","breadcrumb":{"@id":"https:\/\/tabernaculoprensadedios.com\/web\/cultivando-salud-desde-la-infancia-destacando-la-conferencia-magistral-en-nutricion-infantil-de-la-unev\/#breadcrumb"},"inLanguage":"es","potentialAction":[{"@type":"ReadAction","target":["https:\/\/tabernaculoprensadedios.com\/web\/cultivando-salud-desde-la-infancia-destacando-la-conferencia-magistral-en-nutricion-infantil-de-la-unev\/"]}]},{"@type":"ImageObject","inLanguage":"es","@id":"https:\/\/tabernaculoprensadedios.com\/web\/cultivando-salud-desde-la-infancia-destacando-la-conferencia-magistral-en-nutricion-infantil-de-la-unev\/#primaryimage","url":"https:\/\/tabernaculoprensadedios.com\/web\/wp-content\/uploads\/2024\/04\/Diseno-sin-titulo-e1714086399482.png","contentUrl":"https:\/\/tabernaculoprensadedios.com\/web\/wp-content\/uploads\/2024\/04\/Diseno-sin-titulo-e1714086399482.png","width":1300,"height":1040},{"@type":"BreadcrumbList","@id":"https:\/\/tabernaculoprensadedios.com\/web\/cultivando-salud-desde-la-infancia-destacando-la-conferencia-magistral-en-nutricion-infantil-de-la-unev\/#breadcrumb","itemListElement":[{"@type":"ListItem","position":1,"name":"Portada","item":"https:\/\/tabernaculoprensadedios.com\/web\/"},{"@type":"ListItem","position":2,"name":"Cultivando Salud desde la Infancia. Destacando la Conferencia Magistral en Nutrici\u00f3n Infantil de la UNEV"}]},{"@type":"WebSite","@id":"https:\/\/tabernaculoprensadedios.com\/web\/#website","url":"https:\/\/tabernaculoprensadedios.com\/web\/","name":"Tabernaculo Prensa de Dios","description":"Un medio a la manera de Dios","publisher":{"@id":"https:\/\/tabernaculoprensadedios.com\/web\/#\/schema\/person\/bc0e069fef56b38e177db6f098ae0b6e"},"potentialAction":[{"@type":"SearchAction","target":{"@type":"EntryPoint","urlTemplate":"https:\/\/tabernaculoprensadedios.com\/web\/?s={search_term_string}"},"query-input":{"@type":"PropertyValueSpecification","valueRequired":true,"valueName":"search_term_string"}}],"inLanguage":"es"},{"@type":["Person","Organization"],"@id":"https:\/\/tabernaculoprensadedios.com\/web\/#\/schema\/person\/bc0e069fef56b38e177db6f098ae0b6e","name":"tabernaculo","image":{"@type":"ImageObject","inLanguage":"es","@id":"https:\/\/tabernaculoprensadedios.com\/web\/#\/schema\/person\/image\/","url":"https:\/\/tabernaculoprensadedios.com\/web\/wp-content\/uploads\/2015\/06\/login-logo1.png","contentUrl":"https:\/\/tabernaculoprensadedios.com\/web\/wp-content\/uploads\/2015\/06\/login-logo1.png","width":300,"height":118,"caption":"tabernaculo"},"logo":{"@id":"https:\/\/tabernaculoprensadedios.com\/web\/#\/schema\/person\/image\/"},"url":"https:\/\/tabernaculoprensadedios.com\/web\/author\/tabernaculo\/"}]}},"_links":{"self":[{"href":"https:\/\/tabernaculoprensadedios.com\/web\/wp-json\/wp\/v2\/posts\/30995","targetHints":{"allow":["GET"]}}],"collection":[{"href":"https:\/\/tabernaculoprensadedios.com\/web\/wp-json\/wp\/v2\/posts"}],"about":[{"href":"https:\/\/tabernaculoprensadedios.com\/web\/wp-json\/wp\/v2\/types\/post"}],"author":[{"embeddable":true,"href":"https:\/\/tabernaculoprensadedios.com\/web\/wp-json\/wp\/v2\/users\/1"}],"replies":[{"embeddable":true,"href":"https:\/\/tabernaculoprensadedios.com\/web\/wp-json\/wp\/v2\/comments?post=30995"}],"version-history":[{"count":1,"href":"https:\/\/tabernaculoprensadedios.com\/web\/wp-json\/wp\/v2\/posts\/30995\/revisions"}],"predecessor-version":[{"id":30997,"href":"https:\/\/tabernaculoprensadedios.com\/web\/wp-json\/wp\/v2\/posts\/30995\/revisions\/30997"}],"wp:featuredmedia":[{"embeddable":true,"href":"https:\/\/tabernaculoprensadedios.com\/web\/wp-json\/wp\/v2\/media\/30996"}],"wp:attachment":[{"href":"https:\/\/tabernaculoprensadedios.com\/web\/wp-json\/wp\/v2\/media?parent=30995"}],"wp:term":[{"taxonomy":"category","embeddable":true,"href":"https:\/\/tabernaculoprensadedios.com\/web\/wp-json\/wp\/v2\/categories?post=30995"},{"taxonomy":"post_tag","embeddable":true,"href":"https:\/\/tabernaculoprensadedios.com\/web\/wp-json\/wp\/v2\/tags?post=30995"}],"curies":[{"name":"wp","href":"https:\/\/api.w.org\/{rel}","templated":true}]}}