{"id":30862,"date":"2024-04-10T00:03:48","date_gmt":"2024-04-10T00:03:48","guid":{"rendered":"https:\/\/tabernaculoprensadedios.com\/web\/?p=30862"},"modified":"2024-04-10T00:03:48","modified_gmt":"2024-04-10T00:03:48","slug":"los-talibanes-buscan-restringir-el-acceso-a-facebook-en-afganistan-desafios-a-la-libertad-de-expresion-y-derechos-digitales","status":"publish","type":"post","link":"https:\/\/tabernaculoprensadedios.com\/web\/los-talibanes-buscan-restringir-el-acceso-a-facebook-en-afganistan-desafios-a-la-libertad-de-expresion-y-derechos-digitales\/","title":{"rendered":"Los talibanes buscan restringir el acceso a Facebook en Afganist\u00e1n. Desaf\u00edos a la libertad de expresi\u00f3n y derechos digitales"},"content":{"rendered":"<p>Los talibanes est\u00e1n trabajando en medidas para limitar el uso de Facebook en Afganist\u00e1n, argumentando que la red social contradice la pol\u00edtica de los Emiratos Isl\u00e1micos y promueve temas considerados \u00abpoco \u00e9ticos\u00bb por la sociedad afgana.<\/p>\n<p>Seg\u00fan un funcionario gubernamental, se ha desarrollado una metodolog\u00eda para restringir el acceso, aunque no se bloquear\u00e1 por completo. Estas restricciones incluyen el filtrado de contenido que viole la cultura y las creencias religiosas locales.<\/p>\n<p>El gobierno tambi\u00e9n est\u00e1 preocupado por el tiempo que los j\u00f3venes pasan en Facebook, consider\u00e1ndolo una barrera para su educaci\u00f3n y una exposici\u00f3n a contenido incompatible con las creencias culturales y religiosas.<\/p>\n<p>La vuelta al poder de los talibanes en 2021 ha generado preocupaciones sobre los derechos humanos y la libertad de expresi\u00f3n, especialmente para las mujeres y los profesionales de los medios.<\/p>\n<p>Algunos activistas afganos ven a Facebook como un canal vital para hacer o\u00edr sus voces en defensa de los derechos, mientras que critican los intentos de los talibanes de restringir el acceso a las redes sociales.<\/p>\n","protected":false},"excerpt":{"rendered":"<p>Los talibanes est\u00e1n trabajando en medidas para limitar el uso de Facebook en Afganist\u00e1n, argumentando que la red social contradice la pol\u00edtica de los Emiratos Isl\u00e1micos y promueve temas considerados \u00abpoco \u00e9ticos\u00bb por la sociedad afgana. Seg\u00fan un funcionario gubernamental, se ha desarrollado una metodolog\u00eda para restringir el acceso, aunque no se bloquear\u00e1 por completo. &hellip;<\/p>\n","protected":false},"author":1,"featured_media":30863,"comment_status":"open","ping_status":"open","sticky":false,"template":"","format":"standard","meta":{"footnotes":""},"categories":[18],"tags":[],"class_list":["post-30862","post","type-post","status-publish","format-standard","has-post-thumbnail","hentry","category-tecnologia"],"yoast_head":"<!-- This site is optimized with the Yoast SEO Premium plugin v24.2 (Yoast SEO v27.1.1) - https:\/\/yoast.com\/product\/yoast-seo-premium-wordpress\/ -->\n<title>Los talibanes buscan restringir el acceso a Facebook en Afganist\u00e1n. Desaf\u00edos a la libertad de expresi\u00f3n y derechos digitales - Tabernaculo Prensa de Dios<\/title>\n<meta name=\"robots\" content=\"index, follow, max-snippet:-1, max-image-preview:large, max-video-preview:-1\" \/>\n<link rel=\"canonical\" href=\"https:\/\/tabernaculoprensadedios.com\/web\/los-talibanes-buscan-restringir-el-acceso-a-facebook-en-afganistan-desafios-a-la-libertad-de-expresion-y-derechos-digitales\/\" class=\"yoast-seo-meta-tag\" \/>\n<meta property=\"og:locale\" content=\"es_ES\" class=\"yoast-seo-meta-tag\" \/>\n<meta property=\"og:type\" content=\"article\" class=\"yoast-seo-meta-tag\" \/>\n<meta property=\"og:title\" content=\"Los talibanes buscan restringir el acceso a Facebook en Afganist\u00e1n. Desaf\u00edos a la libertad de expresi\u00f3n y derechos digitales\" class=\"yoast-seo-meta-tag\" \/>\n<meta property=\"og:description\" content=\"Los talibanes est\u00e1n trabajando en medidas para limitar el uso de Facebook en Afganist\u00e1n, argumentando que la red social contradice la pol\u00edtica de los Emiratos Isl\u00e1micos y promueve temas considerados \u00abpoco \u00e9ticos\u00bb por la sociedad afgana. Seg\u00fan un funcionario gubernamental, se ha desarrollado una metodolog\u00eda para restringir el acceso, aunque no se bloquear\u00e1 por completo. &hellip;\" class=\"yoast-seo-meta-tag\" \/>\n<meta property=\"og:url\" content=\"https:\/\/tabernaculoprensadedios.com\/web\/los-talibanes-buscan-restringir-el-acceso-a-facebook-en-afganistan-desafios-a-la-libertad-de-expresion-y-derechos-digitales\/\" class=\"yoast-seo-meta-tag\" \/>\n<meta property=\"og:site_name\" content=\"Tabernaculo Prensa de Dios\" class=\"yoast-seo-meta-tag\" \/>\n<meta property=\"article:published_time\" content=\"2024-04-10T00:03:48+00:00\" class=\"yoast-seo-meta-tag\" \/>\n<meta property=\"og:image\" content=\"https:\/\/tabernaculoprensadedios.com\/web\/wp-content\/uploads\/2024\/04\/IMG_1669-e1712707385857.jpg\" class=\"yoast-seo-meta-tag\" \/>\n\t<meta property=\"og:image:width\" content=\"1300\" class=\"yoast-seo-meta-tag\" \/>\n\t<meta property=\"og:image:height\" content=\"975\" class=\"yoast-seo-meta-tag\" \/>\n\t<meta property=\"og:image:type\" content=\"image\/jpeg\" class=\"yoast-seo-meta-tag\" \/>\n<meta name=\"author\" content=\"tabernaculo\" class=\"yoast-seo-meta-tag\" \/>\n<meta name=\"twitter:card\" content=\"summary_large_image\" class=\"yoast-seo-meta-tag\" \/>\n<meta name=\"twitter:creator\" content=\"@PrensadeDios\" class=\"yoast-seo-meta-tag\" \/>\n<meta name=\"twitter:site\" content=\"@PrensadeDios\" class=\"yoast-seo-meta-tag\" \/>\n<meta name=\"twitter:label1\" content=\"Escrito por\" class=\"yoast-seo-meta-tag\" \/>\n\t<meta name=\"twitter:data1\" content=\"tabernaculo\" class=\"yoast-seo-meta-tag\" \/>\n\t<meta name=\"twitter:label2\" content=\"Tiempo de lectura\" class=\"yoast-seo-meta-tag\" \/>\n\t<meta name=\"twitter:data2\" content=\"1 minuto\" class=\"yoast-seo-meta-tag\" \/>\n<script type=\"application\/ld+json\" class=\"yoast-schema-graph\">{\"@context\":\"https:\/\/schema.org\",\"@graph\":[{\"@type\":\"Article\",\"@id\":\"https:\/\/tabernaculoprensadedios.com\/web\/los-talibanes-buscan-restringir-el-acceso-a-facebook-en-afganistan-desafios-a-la-libertad-de-expresion-y-derechos-digitales\/#article\",\"isPartOf\":{\"@id\":\"https:\/\/tabernaculoprensadedios.com\/web\/los-talibanes-buscan-restringir-el-acceso-a-facebook-en-afganistan-desafios-a-la-libertad-de-expresion-y-derechos-digitales\/\"},\"author\":{\"name\":\"tabernaculo\",\"@id\":\"https:\/\/tabernaculoprensadedios.com\/web\/#\/schema\/person\/bc0e069fef56b38e177db6f098ae0b6e\"},\"headline\":\"Los talibanes buscan restringir el acceso a Facebook en Afganist\u00e1n. Desaf\u00edos a la libertad de expresi\u00f3n y derechos digitales\",\"datePublished\":\"2024-04-10T00:03:48+00:00\",\"mainEntityOfPage\":{\"@id\":\"https:\/\/tabernaculoprensadedios.com\/web\/los-talibanes-buscan-restringir-el-acceso-a-facebook-en-afganistan-desafios-a-la-libertad-de-expresion-y-derechos-digitales\/\"},\"wordCount\":204,\"commentCount\":0,\"publisher\":{\"@id\":\"https:\/\/tabernaculoprensadedios.com\/web\/#\/schema\/person\/bc0e069fef56b38e177db6f098ae0b6e\"},\"image\":{\"@id\":\"https:\/\/tabernaculoprensadedios.com\/web\/los-talibanes-buscan-restringir-el-acceso-a-facebook-en-afganistan-desafios-a-la-libertad-de-expresion-y-derechos-digitales\/#primaryimage\"},\"thumbnailUrl\":\"https:\/\/tabernaculoprensadedios.com\/web\/wp-content\/uploads\/2024\/04\/IMG_1669-e1712707385857.jpg\",\"articleSection\":[\"Tecnolog\u00eda\"],\"inLanguage\":\"es\",\"potentialAction\":[{\"@type\":\"CommentAction\",\"name\":\"Comment\",\"target\":[\"https:\/\/tabernaculoprensadedios.com\/web\/los-talibanes-buscan-restringir-el-acceso-a-facebook-en-afganistan-desafios-a-la-libertad-de-expresion-y-derechos-digitales\/#respond\"]}]},{\"@type\":\"WebPage\",\"@id\":\"https:\/\/tabernaculoprensadedios.com\/web\/los-talibanes-buscan-restringir-el-acceso-a-facebook-en-afganistan-desafios-a-la-libertad-de-expresion-y-derechos-digitales\/\",\"url\":\"https:\/\/tabernaculoprensadedios.com\/web\/los-talibanes-buscan-restringir-el-acceso-a-facebook-en-afganistan-desafios-a-la-libertad-de-expresion-y-derechos-digitales\/\",\"name\":\"Los talibanes buscan restringir el acceso a Facebook en Afganist\u00e1n. Desaf\u00edos a la libertad de expresi\u00f3n y derechos digitales - Tabernaculo Prensa de Dios\",\"isPartOf\":{\"@id\":\"https:\/\/tabernaculoprensadedios.com\/web\/#website\"},\"primaryImageOfPage\":{\"@id\":\"https:\/\/tabernaculoprensadedios.com\/web\/los-talibanes-buscan-restringir-el-acceso-a-facebook-en-afganistan-desafios-a-la-libertad-de-expresion-y-derechos-digitales\/#primaryimage\"},\"image\":{\"@id\":\"https:\/\/tabernaculoprensadedios.com\/web\/los-talibanes-buscan-restringir-el-acceso-a-facebook-en-afganistan-desafios-a-la-libertad-de-expresion-y-derechos-digitales\/#primaryimage\"},\"thumbnailUrl\":\"https:\/\/tabernaculoprensadedios.com\/web\/wp-content\/uploads\/2024\/04\/IMG_1669-e1712707385857.jpg\",\"datePublished\":\"2024-04-10T00:03:48+00:00\",\"breadcrumb\":{\"@id\":\"https:\/\/tabernaculoprensadedios.com\/web\/los-talibanes-buscan-restringir-el-acceso-a-facebook-en-afganistan-desafios-a-la-libertad-de-expresion-y-derechos-digitales\/#breadcrumb\"},\"inLanguage\":\"es\",\"potentialAction\":[{\"@type\":\"ReadAction\",\"target\":[\"https:\/\/tabernaculoprensadedios.com\/web\/los-talibanes-buscan-restringir-el-acceso-a-facebook-en-afganistan-desafios-a-la-libertad-de-expresion-y-derechos-digitales\/\"]}]},{\"@type\":\"ImageObject\",\"inLanguage\":\"es\",\"@id\":\"https:\/\/tabernaculoprensadedios.com\/web\/los-talibanes-buscan-restringir-el-acceso-a-facebook-en-afganistan-desafios-a-la-libertad-de-expresion-y-derechos-digitales\/#primaryimage\",\"url\":\"https:\/\/tabernaculoprensadedios.com\/web\/wp-content\/uploads\/2024\/04\/IMG_1669-e1712707385857.jpg\",\"contentUrl\":\"https:\/\/tabernaculoprensadedios.com\/web\/wp-content\/uploads\/2024\/04\/IMG_1669-e1712707385857.jpg\",\"width\":1300,\"height\":975},{\"@type\":\"BreadcrumbList\",\"@id\":\"https:\/\/tabernaculoprensadedios.com\/web\/los-talibanes-buscan-restringir-el-acceso-a-facebook-en-afganistan-desafios-a-la-libertad-de-expresion-y-derechos-digitales\/#breadcrumb\",\"itemListElement\":[{\"@type\":\"ListItem\",\"position\":1,\"name\":\"Portada\",\"item\":\"https:\/\/tabernaculoprensadedios.com\/web\/\"},{\"@type\":\"ListItem\",\"position\":2,\"name\":\"Los talibanes buscan restringir el acceso a Facebook en Afganist\u00e1n. Desaf\u00edos a la libertad de expresi\u00f3n y derechos digitales\"}]},{\"@type\":\"WebSite\",\"@id\":\"https:\/\/tabernaculoprensadedios.com\/web\/#website\",\"url\":\"https:\/\/tabernaculoprensadedios.com\/web\/\",\"name\":\"Tabernaculo Prensa de Dios\",\"description\":\"Un medio a la manera de Dios\",\"publisher\":{\"@id\":\"https:\/\/tabernaculoprensadedios.com\/web\/#\/schema\/person\/bc0e069fef56b38e177db6f098ae0b6e\"},\"potentialAction\":[{\"@type\":\"SearchAction\",\"target\":{\"@type\":\"EntryPoint\",\"urlTemplate\":\"https:\/\/tabernaculoprensadedios.com\/web\/?s={search_term_string}\"},\"query-input\":{\"@type\":\"PropertyValueSpecification\",\"valueRequired\":true,\"valueName\":\"search_term_string\"}}],\"inLanguage\":\"es\"},{\"@type\":[\"Person\",\"Organization\"],\"@id\":\"https:\/\/tabernaculoprensadedios.com\/web\/#\/schema\/person\/bc0e069fef56b38e177db6f098ae0b6e\",\"name\":\"tabernaculo\",\"image\":{\"@type\":\"ImageObject\",\"inLanguage\":\"es\",\"@id\":\"https:\/\/tabernaculoprensadedios.com\/web\/#\/schema\/person\/image\/\",\"url\":\"https:\/\/tabernaculoprensadedios.com\/web\/wp-content\/uploads\/2015\/06\/login-logo1.png\",\"contentUrl\":\"https:\/\/tabernaculoprensadedios.com\/web\/wp-content\/uploads\/2015\/06\/login-logo1.png\",\"width\":300,\"height\":118,\"caption\":\"tabernaculo\"},\"logo\":{\"@id\":\"https:\/\/tabernaculoprensadedios.com\/web\/#\/schema\/person\/image\/\"},\"url\":\"https:\/\/tabernaculoprensadedios.com\/web\/author\/tabernaculo\/\"}]}<\/script>\n<!-- \/ Yoast SEO Premium plugin. -->","yoast_head_json":{"title":"Los talibanes buscan restringir el acceso a Facebook en Afganist\u00e1n. Desaf\u00edos a la libertad de expresi\u00f3n y derechos digitales - Tabernaculo Prensa de Dios","robots":{"index":"index","follow":"follow","max-snippet":"max-snippet:-1","max-image-preview":"max-image-preview:large","max-video-preview":"max-video-preview:-1"},"canonical":"https:\/\/tabernaculoprensadedios.com\/web\/los-talibanes-buscan-restringir-el-acceso-a-facebook-en-afganistan-desafios-a-la-libertad-de-expresion-y-derechos-digitales\/","og_locale":"es_ES","og_type":"article","og_title":"Los talibanes buscan restringir el acceso a Facebook en Afganist\u00e1n. Desaf\u00edos a la libertad de expresi\u00f3n y derechos digitales","og_description":"Los talibanes est\u00e1n trabajando en medidas para limitar el uso de Facebook en Afganist\u00e1n, argumentando que la red social contradice la pol\u00edtica de los Emiratos Isl\u00e1micos y promueve temas considerados \u00abpoco \u00e9ticos\u00bb por la sociedad afgana. Seg\u00fan un funcionario gubernamental, se ha desarrollado una metodolog\u00eda para restringir el acceso, aunque no se bloquear\u00e1 por completo. &hellip;","og_url":"https:\/\/tabernaculoprensadedios.com\/web\/los-talibanes-buscan-restringir-el-acceso-a-facebook-en-afganistan-desafios-a-la-libertad-de-expresion-y-derechos-digitales\/","og_site_name":"Tabernaculo Prensa de Dios","article_published_time":"2024-04-10T00:03:48+00:00","og_image":[{"width":1300,"height":975,"url":"https:\/\/tabernaculoprensadedios.com\/web\/wp-content\/uploads\/2024\/04\/IMG_1669-e1712707385857.jpg","type":"image\/jpeg"}],"author":"tabernaculo","twitter_card":"summary_large_image","twitter_creator":"@PrensadeDios","twitter_site":"@PrensadeDios","twitter_misc":{"Escrito por":"tabernaculo","Tiempo de lectura":"1 minuto"},"schema":{"@context":"https:\/\/schema.org","@graph":[{"@type":"Article","@id":"https:\/\/tabernaculoprensadedios.com\/web\/los-talibanes-buscan-restringir-el-acceso-a-facebook-en-afganistan-desafios-a-la-libertad-de-expresion-y-derechos-digitales\/#article","isPartOf":{"@id":"https:\/\/tabernaculoprensadedios.com\/web\/los-talibanes-buscan-restringir-el-acceso-a-facebook-en-afganistan-desafios-a-la-libertad-de-expresion-y-derechos-digitales\/"},"author":{"name":"tabernaculo","@id":"https:\/\/tabernaculoprensadedios.com\/web\/#\/schema\/person\/bc0e069fef56b38e177db6f098ae0b6e"},"headline":"Los talibanes buscan restringir el acceso a Facebook en Afganist\u00e1n. Desaf\u00edos a la libertad de expresi\u00f3n y derechos digitales","datePublished":"2024-04-10T00:03:48+00:00","mainEntityOfPage":{"@id":"https:\/\/tabernaculoprensadedios.com\/web\/los-talibanes-buscan-restringir-el-acceso-a-facebook-en-afganistan-desafios-a-la-libertad-de-expresion-y-derechos-digitales\/"},"wordCount":204,"commentCount":0,"publisher":{"@id":"https:\/\/tabernaculoprensadedios.com\/web\/#\/schema\/person\/bc0e069fef56b38e177db6f098ae0b6e"},"image":{"@id":"https:\/\/tabernaculoprensadedios.com\/web\/los-talibanes-buscan-restringir-el-acceso-a-facebook-en-afganistan-desafios-a-la-libertad-de-expresion-y-derechos-digitales\/#primaryimage"},"thumbnailUrl":"https:\/\/tabernaculoprensadedios.com\/web\/wp-content\/uploads\/2024\/04\/IMG_1669-e1712707385857.jpg","articleSection":["Tecnolog\u00eda"],"inLanguage":"es","potentialAction":[{"@type":"CommentAction","name":"Comment","target":["https:\/\/tabernaculoprensadedios.com\/web\/los-talibanes-buscan-restringir-el-acceso-a-facebook-en-afganistan-desafios-a-la-libertad-de-expresion-y-derechos-digitales\/#respond"]}]},{"@type":"WebPage","@id":"https:\/\/tabernaculoprensadedios.com\/web\/los-talibanes-buscan-restringir-el-acceso-a-facebook-en-afganistan-desafios-a-la-libertad-de-expresion-y-derechos-digitales\/","url":"https:\/\/tabernaculoprensadedios.com\/web\/los-talibanes-buscan-restringir-el-acceso-a-facebook-en-afganistan-desafios-a-la-libertad-de-expresion-y-derechos-digitales\/","name":"Los talibanes buscan restringir el acceso a Facebook en Afganist\u00e1n. Desaf\u00edos a la libertad de expresi\u00f3n y derechos digitales - Tabernaculo Prensa de Dios","isPartOf":{"@id":"https:\/\/tabernaculoprensadedios.com\/web\/#website"},"primaryImageOfPage":{"@id":"https:\/\/tabernaculoprensadedios.com\/web\/los-talibanes-buscan-restringir-el-acceso-a-facebook-en-afganistan-desafios-a-la-libertad-de-expresion-y-derechos-digitales\/#primaryimage"},"image":{"@id":"https:\/\/tabernaculoprensadedios.com\/web\/los-talibanes-buscan-restringir-el-acceso-a-facebook-en-afganistan-desafios-a-la-libertad-de-expresion-y-derechos-digitales\/#primaryimage"},"thumbnailUrl":"https:\/\/tabernaculoprensadedios.com\/web\/wp-content\/uploads\/2024\/04\/IMG_1669-e1712707385857.jpg","datePublished":"2024-04-10T00:03:48+00:00","breadcrumb":{"@id":"https:\/\/tabernaculoprensadedios.com\/web\/los-talibanes-buscan-restringir-el-acceso-a-facebook-en-afganistan-desafios-a-la-libertad-de-expresion-y-derechos-digitales\/#breadcrumb"},"inLanguage":"es","potentialAction":[{"@type":"ReadAction","target":["https:\/\/tabernaculoprensadedios.com\/web\/los-talibanes-buscan-restringir-el-acceso-a-facebook-en-afganistan-desafios-a-la-libertad-de-expresion-y-derechos-digitales\/"]}]},{"@type":"ImageObject","inLanguage":"es","@id":"https:\/\/tabernaculoprensadedios.com\/web\/los-talibanes-buscan-restringir-el-acceso-a-facebook-en-afganistan-desafios-a-la-libertad-de-expresion-y-derechos-digitales\/#primaryimage","url":"https:\/\/tabernaculoprensadedios.com\/web\/wp-content\/uploads\/2024\/04\/IMG_1669-e1712707385857.jpg","contentUrl":"https:\/\/tabernaculoprensadedios.com\/web\/wp-content\/uploads\/2024\/04\/IMG_1669-e1712707385857.jpg","width":1300,"height":975},{"@type":"BreadcrumbList","@id":"https:\/\/tabernaculoprensadedios.com\/web\/los-talibanes-buscan-restringir-el-acceso-a-facebook-en-afganistan-desafios-a-la-libertad-de-expresion-y-derechos-digitales\/#breadcrumb","itemListElement":[{"@type":"ListItem","position":1,"name":"Portada","item":"https:\/\/tabernaculoprensadedios.com\/web\/"},{"@type":"ListItem","position":2,"name":"Los talibanes buscan restringir el acceso a Facebook en Afganist\u00e1n. Desaf\u00edos a la libertad de expresi\u00f3n y derechos digitales"}]},{"@type":"WebSite","@id":"https:\/\/tabernaculoprensadedios.com\/web\/#website","url":"https:\/\/tabernaculoprensadedios.com\/web\/","name":"Tabernaculo Prensa de Dios","description":"Un medio a la manera de Dios","publisher":{"@id":"https:\/\/tabernaculoprensadedios.com\/web\/#\/schema\/person\/bc0e069fef56b38e177db6f098ae0b6e"},"potentialAction":[{"@type":"SearchAction","target":{"@type":"EntryPoint","urlTemplate":"https:\/\/tabernaculoprensadedios.com\/web\/?s={search_term_string}"},"query-input":{"@type":"PropertyValueSpecification","valueRequired":true,"valueName":"search_term_string"}}],"inLanguage":"es"},{"@type":["Person","Organization"],"@id":"https:\/\/tabernaculoprensadedios.com\/web\/#\/schema\/person\/bc0e069fef56b38e177db6f098ae0b6e","name":"tabernaculo","image":{"@type":"ImageObject","inLanguage":"es","@id":"https:\/\/tabernaculoprensadedios.com\/web\/#\/schema\/person\/image\/","url":"https:\/\/tabernaculoprensadedios.com\/web\/wp-content\/uploads\/2015\/06\/login-logo1.png","contentUrl":"https:\/\/tabernaculoprensadedios.com\/web\/wp-content\/uploads\/2015\/06\/login-logo1.png","width":300,"height":118,"caption":"tabernaculo"},"logo":{"@id":"https:\/\/tabernaculoprensadedios.com\/web\/#\/schema\/person\/image\/"},"url":"https:\/\/tabernaculoprensadedios.com\/web\/author\/tabernaculo\/"}]}},"_links":{"self":[{"href":"https:\/\/tabernaculoprensadedios.com\/web\/wp-json\/wp\/v2\/posts\/30862","targetHints":{"allow":["GET"]}}],"collection":[{"href":"https:\/\/tabernaculoprensadedios.com\/web\/wp-json\/wp\/v2\/posts"}],"about":[{"href":"https:\/\/tabernaculoprensadedios.com\/web\/wp-json\/wp\/v2\/types\/post"}],"author":[{"embeddable":true,"href":"https:\/\/tabernaculoprensadedios.com\/web\/wp-json\/wp\/v2\/users\/1"}],"replies":[{"embeddable":true,"href":"https:\/\/tabernaculoprensadedios.com\/web\/wp-json\/wp\/v2\/comments?post=30862"}],"version-history":[{"count":1,"href":"https:\/\/tabernaculoprensadedios.com\/web\/wp-json\/wp\/v2\/posts\/30862\/revisions"}],"predecessor-version":[{"id":30864,"href":"https:\/\/tabernaculoprensadedios.com\/web\/wp-json\/wp\/v2\/posts\/30862\/revisions\/30864"}],"wp:featuredmedia":[{"embeddable":true,"href":"https:\/\/tabernaculoprensadedios.com\/web\/wp-json\/wp\/v2\/media\/30863"}],"wp:attachment":[{"href":"https:\/\/tabernaculoprensadedios.com\/web\/wp-json\/wp\/v2\/media?parent=30862"}],"wp:term":[{"taxonomy":"category","embeddable":true,"href":"https:\/\/tabernaculoprensadedios.com\/web\/wp-json\/wp\/v2\/categories?post=30862"},{"taxonomy":"post_tag","embeddable":true,"href":"https:\/\/tabernaculoprensadedios.com\/web\/wp-json\/wp\/v2\/tags?post=30862"}],"curies":[{"name":"wp","href":"https:\/\/api.w.org\/{rel}","templated":true}]}}