{"id":30816,"date":"2024-04-07T20:52:25","date_gmt":"2024-04-07T20:52:25","guid":{"rendered":"https:\/\/tabernaculoprensadedios.com\/web\/?p=30816"},"modified":"2024-04-07T20:52:25","modified_gmt":"2024-04-07T20:52:25","slug":"ministerio-de-medio-ambiente-informa-que-incendio-en-el-parque-nacional-jose-del-carmen-ramirez-esta-controlado","status":"publish","type":"post","link":"https:\/\/tabernaculoprensadedios.com\/web\/ministerio-de-medio-ambiente-informa-que-incendio-en-el-parque-nacional-jose-del-carmen-ramirez-esta-controlado\/","title":{"rendered":"Ministerio de Medio Ambiente informa que incendio en el Parque Nacional Jos\u00e9 del Carmen Ram\u00edrez est\u00e1 controlado"},"content":{"rendered":"<p>El Ministerio de Medio Ambiente y Recursos Naturales (MMARN) inform\u00f3 que fue controlado el incendio en el Parque Nacional Jos\u00e9 del Carmen Ram\u00edrez, detectado a la 1: 00 p.m., del pasado martes 2 de abril.<\/p>\n<p>Las acciones de control y liquidaci\u00f3n del incendio estuvieron a cargo del equipo del Programa Nacional de Manejo del Fuego, del MMARN, contando con el apoyo de guardaparques y voluntarios de las comunidades.<\/p>\n<p>El encargado del Programa Nacional de Manejo del Fuego, Ger\u00f3nimo Abreu, explic\u00f3 que pese a haber logrado el control del incendio, el personal permanecer\u00e1 en la zona, en labores de liquidaci\u00f3n y monitoreo, para asegurar que no ocurra un evento que pueda reiniciar el fuego.<\/p>\n<p>\u201cEl incendio se ubicaba en una zona de dif\u00edcil acceso, espec\u00edficamente al norte del embalse de la presa de Palomino, entre los r\u00edos Blanco y Negro; esto provoc\u00f3 que nuestro personal fuera trasladado a la zona del incendio en dos helicopteros de la Fuerza A\u00e9rea Dominicana\u201d puntualiz\u00f3.<\/p>\n<p>Agreg\u00f3 que tras conocer el cuerpo del incendio, se aplic\u00f3 la estrategia que permiti\u00f3 controlarlo. De forma preliminar, agreg\u00f3 que el \u00e1rea afectada se estima en alrededor de 2,000 hect\u00e1reas y se desarrolla un proceso de investigaci\u00f3n de las causas del siniestro, pues sospechan que fue provocado por manos criminales, ya que en la zona no existen asentamientos agr\u00edcolas.<\/p>\n<p>Carolina Alba, Directora de \u00c1reas Protegidas del MMARN, inform\u00f3 la reapertura del Parque Nacional Armando Berm\u00fadez, el cual estuvo cerrado temporalmente debido a la trayector\u00eda que ten\u00eda el incendio.<\/p>\n<p>\u201cComo el incendio ocurrido en el PN Jos\u00e9 del Carmen Ram\u00edrez ha sido controlado, ya no representa un riesgo para el Parque Nacional Armando Berm\u00fadez, ni para sus visitantes, y su reapertura no obstaculiza las labores de liquidaci\u00f3n y monitoreo que a\u00fan desempe\u00f1an nuestros bomberos forestales, guardaparques y voluntarios, por lo que se considera oportuna la reapertura en el d\u00eda de hoy viernes 5 de abril 2024\u201d, indic\u00f3 Alba.<\/p>\n","protected":false},"excerpt":{"rendered":"<p>El Ministerio de Medio Ambiente y Recursos Naturales (MMARN) inform\u00f3 que fue controlado el incendio en el Parque Nacional Jos\u00e9 del Carmen Ram\u00edrez, detectado a la 1: 00 p.m., del pasado martes 2 de abril. Las acciones de control y liquidaci\u00f3n del incendio estuvieron a cargo del equipo del Programa Nacional de Manejo del Fuego, &hellip;<\/p>\n","protected":false},"author":1,"featured_media":30817,"comment_status":"open","ping_status":"open","sticky":false,"template":"","format":"standard","meta":{"footnotes":""},"categories":[39],"tags":[],"class_list":["post-30816","post","type-post","status-publish","format-standard","has-post-thumbnail","hentry","category-almomento"],"yoast_head":"<!-- This site is optimized with the Yoast SEO Premium plugin v24.2 (Yoast SEO v27.1.1) - https:\/\/yoast.com\/product\/yoast-seo-premium-wordpress\/ -->\n<title>Ministerio de Medio Ambiente informa que incendio en el Parque Nacional Jos\u00e9 del Carmen Ram\u00edrez est\u00e1 controlado - Tabernaculo Prensa de Dios<\/title>\n<meta name=\"robots\" content=\"index, follow, max-snippet:-1, max-image-preview:large, max-video-preview:-1\" \/>\n<link rel=\"canonical\" href=\"https:\/\/tabernaculoprensadedios.com\/web\/ministerio-de-medio-ambiente-informa-que-incendio-en-el-parque-nacional-jose-del-carmen-ramirez-esta-controlado\/\" class=\"yoast-seo-meta-tag\" \/>\n<meta property=\"og:locale\" content=\"es_ES\" class=\"yoast-seo-meta-tag\" \/>\n<meta property=\"og:type\" content=\"article\" class=\"yoast-seo-meta-tag\" \/>\n<meta property=\"og:title\" content=\"Ministerio de Medio Ambiente informa que incendio en el Parque Nacional Jos\u00e9 del Carmen Ram\u00edrez est\u00e1 controlado\" class=\"yoast-seo-meta-tag\" \/>\n<meta property=\"og:description\" content=\"El Ministerio de Medio Ambiente y Recursos Naturales (MMARN) inform\u00f3 que fue controlado el incendio en el Parque Nacional Jos\u00e9 del Carmen Ram\u00edrez, detectado a la 1: 00 p.m., del pasado martes 2 de abril. Las acciones de control y liquidaci\u00f3n del incendio estuvieron a cargo del equipo del Programa Nacional de Manejo del Fuego, &hellip;\" class=\"yoast-seo-meta-tag\" \/>\n<meta property=\"og:url\" content=\"https:\/\/tabernaculoprensadedios.com\/web\/ministerio-de-medio-ambiente-informa-que-incendio-en-el-parque-nacional-jose-del-carmen-ramirez-esta-controlado\/\" class=\"yoast-seo-meta-tag\" \/>\n<meta property=\"og:site_name\" content=\"Tabernaculo Prensa de Dios\" class=\"yoast-seo-meta-tag\" \/>\n<meta property=\"article:published_time\" content=\"2024-04-07T20:52:25+00:00\" class=\"yoast-seo-meta-tag\" \/>\n<meta property=\"og:image\" content=\"https:\/\/tabernaculoprensadedios.com\/web\/wp-content\/uploads\/2024\/04\/Photo.jpg\" class=\"yoast-seo-meta-tag\" \/>\n\t<meta property=\"og:image:width\" content=\"1300\" class=\"yoast-seo-meta-tag\" \/>\n\t<meta property=\"og:image:height\" content=\"731\" class=\"yoast-seo-meta-tag\" \/>\n\t<meta property=\"og:image:type\" content=\"image\/jpeg\" class=\"yoast-seo-meta-tag\" \/>\n<meta name=\"author\" content=\"tabernaculo\" class=\"yoast-seo-meta-tag\" \/>\n<meta name=\"twitter:card\" content=\"summary_large_image\" class=\"yoast-seo-meta-tag\" \/>\n<meta name=\"twitter:creator\" content=\"@PrensadeDios\" class=\"yoast-seo-meta-tag\" \/>\n<meta name=\"twitter:site\" content=\"@PrensadeDios\" class=\"yoast-seo-meta-tag\" \/>\n<meta name=\"twitter:label1\" content=\"Escrito por\" class=\"yoast-seo-meta-tag\" \/>\n\t<meta name=\"twitter:data1\" content=\"tabernaculo\" class=\"yoast-seo-meta-tag\" \/>\n\t<meta name=\"twitter:label2\" content=\"Tiempo de lectura\" class=\"yoast-seo-meta-tag\" \/>\n\t<meta name=\"twitter:data2\" content=\"2 minutos\" class=\"yoast-seo-meta-tag\" \/>\n<script type=\"application\/ld+json\" class=\"yoast-schema-graph\">{\"@context\":\"https:\/\/schema.org\",\"@graph\":[{\"@type\":\"Article\",\"@id\":\"https:\/\/tabernaculoprensadedios.com\/web\/ministerio-de-medio-ambiente-informa-que-incendio-en-el-parque-nacional-jose-del-carmen-ramirez-esta-controlado\/#article\",\"isPartOf\":{\"@id\":\"https:\/\/tabernaculoprensadedios.com\/web\/ministerio-de-medio-ambiente-informa-que-incendio-en-el-parque-nacional-jose-del-carmen-ramirez-esta-controlado\/\"},\"author\":{\"name\":\"tabernaculo\",\"@id\":\"https:\/\/tabernaculoprensadedios.com\/web\/#\/schema\/person\/bc0e069fef56b38e177db6f098ae0b6e\"},\"headline\":\"Ministerio de Medio Ambiente informa que incendio en el Parque Nacional Jos\u00e9 del Carmen Ram\u00edrez est\u00e1 controlado\",\"datePublished\":\"2024-04-07T20:52:25+00:00\",\"mainEntityOfPage\":{\"@id\":\"https:\/\/tabernaculoprensadedios.com\/web\/ministerio-de-medio-ambiente-informa-que-incendio-en-el-parque-nacional-jose-del-carmen-ramirez-esta-controlado\/\"},\"wordCount\":350,\"commentCount\":0,\"publisher\":{\"@id\":\"https:\/\/tabernaculoprensadedios.com\/web\/#\/schema\/person\/bc0e069fef56b38e177db6f098ae0b6e\"},\"image\":{\"@id\":\"https:\/\/tabernaculoprensadedios.com\/web\/ministerio-de-medio-ambiente-informa-que-incendio-en-el-parque-nacional-jose-del-carmen-ramirez-esta-controlado\/#primaryimage\"},\"thumbnailUrl\":\"https:\/\/tabernaculoprensadedios.com\/web\/wp-content\/uploads\/2024\/04\/Photo.jpg\",\"articleSection\":[\"almomento\"],\"inLanguage\":\"es\",\"potentialAction\":[{\"@type\":\"CommentAction\",\"name\":\"Comment\",\"target\":[\"https:\/\/tabernaculoprensadedios.com\/web\/ministerio-de-medio-ambiente-informa-que-incendio-en-el-parque-nacional-jose-del-carmen-ramirez-esta-controlado\/#respond\"]}]},{\"@type\":\"WebPage\",\"@id\":\"https:\/\/tabernaculoprensadedios.com\/web\/ministerio-de-medio-ambiente-informa-que-incendio-en-el-parque-nacional-jose-del-carmen-ramirez-esta-controlado\/\",\"url\":\"https:\/\/tabernaculoprensadedios.com\/web\/ministerio-de-medio-ambiente-informa-que-incendio-en-el-parque-nacional-jose-del-carmen-ramirez-esta-controlado\/\",\"name\":\"Ministerio de Medio Ambiente informa que incendio en el Parque Nacional Jos\u00e9 del Carmen Ram\u00edrez est\u00e1 controlado - Tabernaculo Prensa de Dios\",\"isPartOf\":{\"@id\":\"https:\/\/tabernaculoprensadedios.com\/web\/#website\"},\"primaryImageOfPage\":{\"@id\":\"https:\/\/tabernaculoprensadedios.com\/web\/ministerio-de-medio-ambiente-informa-que-incendio-en-el-parque-nacional-jose-del-carmen-ramirez-esta-controlado\/#primaryimage\"},\"image\":{\"@id\":\"https:\/\/tabernaculoprensadedios.com\/web\/ministerio-de-medio-ambiente-informa-que-incendio-en-el-parque-nacional-jose-del-carmen-ramirez-esta-controlado\/#primaryimage\"},\"thumbnailUrl\":\"https:\/\/tabernaculoprensadedios.com\/web\/wp-content\/uploads\/2024\/04\/Photo.jpg\",\"datePublished\":\"2024-04-07T20:52:25+00:00\",\"breadcrumb\":{\"@id\":\"https:\/\/tabernaculoprensadedios.com\/web\/ministerio-de-medio-ambiente-informa-que-incendio-en-el-parque-nacional-jose-del-carmen-ramirez-esta-controlado\/#breadcrumb\"},\"inLanguage\":\"es\",\"potentialAction\":[{\"@type\":\"ReadAction\",\"target\":[\"https:\/\/tabernaculoprensadedios.com\/web\/ministerio-de-medio-ambiente-informa-que-incendio-en-el-parque-nacional-jose-del-carmen-ramirez-esta-controlado\/\"]}]},{\"@type\":\"ImageObject\",\"inLanguage\":\"es\",\"@id\":\"https:\/\/tabernaculoprensadedios.com\/web\/ministerio-de-medio-ambiente-informa-que-incendio-en-el-parque-nacional-jose-del-carmen-ramirez-esta-controlado\/#primaryimage\",\"url\":\"https:\/\/tabernaculoprensadedios.com\/web\/wp-content\/uploads\/2024\/04\/Photo.jpg\",\"contentUrl\":\"https:\/\/tabernaculoprensadedios.com\/web\/wp-content\/uploads\/2024\/04\/Photo.jpg\",\"width\":1300,\"height\":731},{\"@type\":\"BreadcrumbList\",\"@id\":\"https:\/\/tabernaculoprensadedios.com\/web\/ministerio-de-medio-ambiente-informa-que-incendio-en-el-parque-nacional-jose-del-carmen-ramirez-esta-controlado\/#breadcrumb\",\"itemListElement\":[{\"@type\":\"ListItem\",\"position\":1,\"name\":\"Portada\",\"item\":\"https:\/\/tabernaculoprensadedios.com\/web\/\"},{\"@type\":\"ListItem\",\"position\":2,\"name\":\"Ministerio de Medio Ambiente informa que incendio en el Parque Nacional Jos\u00e9 del Carmen Ram\u00edrez est\u00e1 controlado\"}]},{\"@type\":\"WebSite\",\"@id\":\"https:\/\/tabernaculoprensadedios.com\/web\/#website\",\"url\":\"https:\/\/tabernaculoprensadedios.com\/web\/\",\"name\":\"Tabernaculo Prensa de Dios\",\"description\":\"Un medio a la manera de Dios\",\"publisher\":{\"@id\":\"https:\/\/tabernaculoprensadedios.com\/web\/#\/schema\/person\/bc0e069fef56b38e177db6f098ae0b6e\"},\"potentialAction\":[{\"@type\":\"SearchAction\",\"target\":{\"@type\":\"EntryPoint\",\"urlTemplate\":\"https:\/\/tabernaculoprensadedios.com\/web\/?s={search_term_string}\"},\"query-input\":{\"@type\":\"PropertyValueSpecification\",\"valueRequired\":true,\"valueName\":\"search_term_string\"}}],\"inLanguage\":\"es\"},{\"@type\":[\"Person\",\"Organization\"],\"@id\":\"https:\/\/tabernaculoprensadedios.com\/web\/#\/schema\/person\/bc0e069fef56b38e177db6f098ae0b6e\",\"name\":\"tabernaculo\",\"image\":{\"@type\":\"ImageObject\",\"inLanguage\":\"es\",\"@id\":\"https:\/\/tabernaculoprensadedios.com\/web\/#\/schema\/person\/image\/\",\"url\":\"https:\/\/tabernaculoprensadedios.com\/web\/wp-content\/uploads\/2015\/06\/login-logo1.png\",\"contentUrl\":\"https:\/\/tabernaculoprensadedios.com\/web\/wp-content\/uploads\/2015\/06\/login-logo1.png\",\"width\":300,\"height\":118,\"caption\":\"tabernaculo\"},\"logo\":{\"@id\":\"https:\/\/tabernaculoprensadedios.com\/web\/#\/schema\/person\/image\/\"},\"url\":\"https:\/\/tabernaculoprensadedios.com\/web\/author\/tabernaculo\/\"}]}<\/script>\n<!-- \/ Yoast SEO Premium plugin. -->","yoast_head_json":{"title":"Ministerio de Medio Ambiente informa que incendio en el Parque Nacional Jos\u00e9 del Carmen Ram\u00edrez est\u00e1 controlado - Tabernaculo Prensa de Dios","robots":{"index":"index","follow":"follow","max-snippet":"max-snippet:-1","max-image-preview":"max-image-preview:large","max-video-preview":"max-video-preview:-1"},"canonical":"https:\/\/tabernaculoprensadedios.com\/web\/ministerio-de-medio-ambiente-informa-que-incendio-en-el-parque-nacional-jose-del-carmen-ramirez-esta-controlado\/","og_locale":"es_ES","og_type":"article","og_title":"Ministerio de Medio Ambiente informa que incendio en el Parque Nacional Jos\u00e9 del Carmen Ram\u00edrez est\u00e1 controlado","og_description":"El Ministerio de Medio Ambiente y Recursos Naturales (MMARN) inform\u00f3 que fue controlado el incendio en el Parque Nacional Jos\u00e9 del Carmen Ram\u00edrez, detectado a la 1: 00 p.m., del pasado martes 2 de abril. Las acciones de control y liquidaci\u00f3n del incendio estuvieron a cargo del equipo del Programa Nacional de Manejo del Fuego, &hellip;","og_url":"https:\/\/tabernaculoprensadedios.com\/web\/ministerio-de-medio-ambiente-informa-que-incendio-en-el-parque-nacional-jose-del-carmen-ramirez-esta-controlado\/","og_site_name":"Tabernaculo Prensa de Dios","article_published_time":"2024-04-07T20:52:25+00:00","og_image":[{"width":1300,"height":731,"url":"https:\/\/tabernaculoprensadedios.com\/web\/wp-content\/uploads\/2024\/04\/Photo.jpg","type":"image\/jpeg"}],"author":"tabernaculo","twitter_card":"summary_large_image","twitter_creator":"@PrensadeDios","twitter_site":"@PrensadeDios","twitter_misc":{"Escrito por":"tabernaculo","Tiempo de lectura":"2 minutos"},"schema":{"@context":"https:\/\/schema.org","@graph":[{"@type":"Article","@id":"https:\/\/tabernaculoprensadedios.com\/web\/ministerio-de-medio-ambiente-informa-que-incendio-en-el-parque-nacional-jose-del-carmen-ramirez-esta-controlado\/#article","isPartOf":{"@id":"https:\/\/tabernaculoprensadedios.com\/web\/ministerio-de-medio-ambiente-informa-que-incendio-en-el-parque-nacional-jose-del-carmen-ramirez-esta-controlado\/"},"author":{"name":"tabernaculo","@id":"https:\/\/tabernaculoprensadedios.com\/web\/#\/schema\/person\/bc0e069fef56b38e177db6f098ae0b6e"},"headline":"Ministerio de Medio Ambiente informa que incendio en el Parque Nacional Jos\u00e9 del Carmen Ram\u00edrez est\u00e1 controlado","datePublished":"2024-04-07T20:52:25+00:00","mainEntityOfPage":{"@id":"https:\/\/tabernaculoprensadedios.com\/web\/ministerio-de-medio-ambiente-informa-que-incendio-en-el-parque-nacional-jose-del-carmen-ramirez-esta-controlado\/"},"wordCount":350,"commentCount":0,"publisher":{"@id":"https:\/\/tabernaculoprensadedios.com\/web\/#\/schema\/person\/bc0e069fef56b38e177db6f098ae0b6e"},"image":{"@id":"https:\/\/tabernaculoprensadedios.com\/web\/ministerio-de-medio-ambiente-informa-que-incendio-en-el-parque-nacional-jose-del-carmen-ramirez-esta-controlado\/#primaryimage"},"thumbnailUrl":"https:\/\/tabernaculoprensadedios.com\/web\/wp-content\/uploads\/2024\/04\/Photo.jpg","articleSection":["almomento"],"inLanguage":"es","potentialAction":[{"@type":"CommentAction","name":"Comment","target":["https:\/\/tabernaculoprensadedios.com\/web\/ministerio-de-medio-ambiente-informa-que-incendio-en-el-parque-nacional-jose-del-carmen-ramirez-esta-controlado\/#respond"]}]},{"@type":"WebPage","@id":"https:\/\/tabernaculoprensadedios.com\/web\/ministerio-de-medio-ambiente-informa-que-incendio-en-el-parque-nacional-jose-del-carmen-ramirez-esta-controlado\/","url":"https:\/\/tabernaculoprensadedios.com\/web\/ministerio-de-medio-ambiente-informa-que-incendio-en-el-parque-nacional-jose-del-carmen-ramirez-esta-controlado\/","name":"Ministerio de Medio Ambiente informa que incendio en el Parque Nacional Jos\u00e9 del Carmen Ram\u00edrez est\u00e1 controlado - Tabernaculo Prensa de Dios","isPartOf":{"@id":"https:\/\/tabernaculoprensadedios.com\/web\/#website"},"primaryImageOfPage":{"@id":"https:\/\/tabernaculoprensadedios.com\/web\/ministerio-de-medio-ambiente-informa-que-incendio-en-el-parque-nacional-jose-del-carmen-ramirez-esta-controlado\/#primaryimage"},"image":{"@id":"https:\/\/tabernaculoprensadedios.com\/web\/ministerio-de-medio-ambiente-informa-que-incendio-en-el-parque-nacional-jose-del-carmen-ramirez-esta-controlado\/#primaryimage"},"thumbnailUrl":"https:\/\/tabernaculoprensadedios.com\/web\/wp-content\/uploads\/2024\/04\/Photo.jpg","datePublished":"2024-04-07T20:52:25+00:00","breadcrumb":{"@id":"https:\/\/tabernaculoprensadedios.com\/web\/ministerio-de-medio-ambiente-informa-que-incendio-en-el-parque-nacional-jose-del-carmen-ramirez-esta-controlado\/#breadcrumb"},"inLanguage":"es","potentialAction":[{"@type":"ReadAction","target":["https:\/\/tabernaculoprensadedios.com\/web\/ministerio-de-medio-ambiente-informa-que-incendio-en-el-parque-nacional-jose-del-carmen-ramirez-esta-controlado\/"]}]},{"@type":"ImageObject","inLanguage":"es","@id":"https:\/\/tabernaculoprensadedios.com\/web\/ministerio-de-medio-ambiente-informa-que-incendio-en-el-parque-nacional-jose-del-carmen-ramirez-esta-controlado\/#primaryimage","url":"https:\/\/tabernaculoprensadedios.com\/web\/wp-content\/uploads\/2024\/04\/Photo.jpg","contentUrl":"https:\/\/tabernaculoprensadedios.com\/web\/wp-content\/uploads\/2024\/04\/Photo.jpg","width":1300,"height":731},{"@type":"BreadcrumbList","@id":"https:\/\/tabernaculoprensadedios.com\/web\/ministerio-de-medio-ambiente-informa-que-incendio-en-el-parque-nacional-jose-del-carmen-ramirez-esta-controlado\/#breadcrumb","itemListElement":[{"@type":"ListItem","position":1,"name":"Portada","item":"https:\/\/tabernaculoprensadedios.com\/web\/"},{"@type":"ListItem","position":2,"name":"Ministerio de Medio Ambiente informa que incendio en el Parque Nacional Jos\u00e9 del Carmen Ram\u00edrez est\u00e1 controlado"}]},{"@type":"WebSite","@id":"https:\/\/tabernaculoprensadedios.com\/web\/#website","url":"https:\/\/tabernaculoprensadedios.com\/web\/","name":"Tabernaculo Prensa de Dios","description":"Un medio a la manera de Dios","publisher":{"@id":"https:\/\/tabernaculoprensadedios.com\/web\/#\/schema\/person\/bc0e069fef56b38e177db6f098ae0b6e"},"potentialAction":[{"@type":"SearchAction","target":{"@type":"EntryPoint","urlTemplate":"https:\/\/tabernaculoprensadedios.com\/web\/?s={search_term_string}"},"query-input":{"@type":"PropertyValueSpecification","valueRequired":true,"valueName":"search_term_string"}}],"inLanguage":"es"},{"@type":["Person","Organization"],"@id":"https:\/\/tabernaculoprensadedios.com\/web\/#\/schema\/person\/bc0e069fef56b38e177db6f098ae0b6e","name":"tabernaculo","image":{"@type":"ImageObject","inLanguage":"es","@id":"https:\/\/tabernaculoprensadedios.com\/web\/#\/schema\/person\/image\/","url":"https:\/\/tabernaculoprensadedios.com\/web\/wp-content\/uploads\/2015\/06\/login-logo1.png","contentUrl":"https:\/\/tabernaculoprensadedios.com\/web\/wp-content\/uploads\/2015\/06\/login-logo1.png","width":300,"height":118,"caption":"tabernaculo"},"logo":{"@id":"https:\/\/tabernaculoprensadedios.com\/web\/#\/schema\/person\/image\/"},"url":"https:\/\/tabernaculoprensadedios.com\/web\/author\/tabernaculo\/"}]}},"_links":{"self":[{"href":"https:\/\/tabernaculoprensadedios.com\/web\/wp-json\/wp\/v2\/posts\/30816","targetHints":{"allow":["GET"]}}],"collection":[{"href":"https:\/\/tabernaculoprensadedios.com\/web\/wp-json\/wp\/v2\/posts"}],"about":[{"href":"https:\/\/tabernaculoprensadedios.com\/web\/wp-json\/wp\/v2\/types\/post"}],"author":[{"embeddable":true,"href":"https:\/\/tabernaculoprensadedios.com\/web\/wp-json\/wp\/v2\/users\/1"}],"replies":[{"embeddable":true,"href":"https:\/\/tabernaculoprensadedios.com\/web\/wp-json\/wp\/v2\/comments?post=30816"}],"version-history":[{"count":1,"href":"https:\/\/tabernaculoprensadedios.com\/web\/wp-json\/wp\/v2\/posts\/30816\/revisions"}],"predecessor-version":[{"id":30818,"href":"https:\/\/tabernaculoprensadedios.com\/web\/wp-json\/wp\/v2\/posts\/30816\/revisions\/30818"}],"wp:featuredmedia":[{"embeddable":true,"href":"https:\/\/tabernaculoprensadedios.com\/web\/wp-json\/wp\/v2\/media\/30817"}],"wp:attachment":[{"href":"https:\/\/tabernaculoprensadedios.com\/web\/wp-json\/wp\/v2\/media?parent=30816"}],"wp:term":[{"taxonomy":"category","embeddable":true,"href":"https:\/\/tabernaculoprensadedios.com\/web\/wp-json\/wp\/v2\/categories?post=30816"},{"taxonomy":"post_tag","embeddable":true,"href":"https:\/\/tabernaculoprensadedios.com\/web\/wp-json\/wp\/v2\/tags?post=30816"}],"curies":[{"name":"wp","href":"https:\/\/api.w.org\/{rel}","templated":true}]}}