{"id":30809,"date":"2024-04-07T20:39:53","date_gmt":"2024-04-07T20:39:53","guid":{"rendered":"https:\/\/tabernaculoprensadedios.com\/web\/?p=30809"},"modified":"2024-04-07T20:39:53","modified_gmt":"2024-04-07T20:39:53","slug":"tus-oraciones-deben-estar-a-la-escala-del-corazon-de-dios","status":"publish","type":"post","link":"https:\/\/tabernaculoprensadedios.com\/web\/tus-oraciones-deben-estar-a-la-escala-del-corazon-de-dios\/","title":{"rendered":"Tus oraciones deben estar a la escala del coraz\u00f3n de Dios"},"content":{"rendered":"<p>Cr\u00f3nicas 4:9 y 10 incluye dos de los vers\u00edculos m\u00e1s interesantes de toda la Biblia. Ah\u00ed se nos relata la oraci\u00f3n que hizo un joven llamado Jabes, cuyo destino en la vida parec\u00eda menos que prometedor.<\/p>\n<blockquote><p>\u201cY Jabes fue m\u00e1s ilustre que sus hermanos, al cual su madre llam\u00f3 Jabes, diciendo: \u2018Por cuanto lo di a luz en dolor\u2019. E invoc\u00f3 Jabes al Dios de Israel, diciendo: \u2018\u00a1Oh, si me dieras bendici\u00f3n, y ensancharas mi territorio, y si tu mano estuviera conmigo, y me libraras del mal, para que no me da\u00f1e!\u2019 Y le otorg\u00f3 Dios lo que pidi\u00f3\u201d.<\/p><\/blockquote>\n<p>Aparentemente, un parto doloroso al nacer Jabes motiv\u00f3 a su madre a ponerle desatinadamente ese nombre asociado en hebreo con el dolor. Una nube oscura se cern\u00eda sobre la vida de este joven debido al nombre que hab\u00eda recibido. Su destino parec\u00eda dirigirse hacia lo que su tr\u00e1gico nombre auguraba. Pero algo en el esp\u00edritu de Jabes, una cierta nobleza de coraz\u00f3n que lo distingu\u00eda de sus otros hermanos, quiz\u00e1s gestada en una ni\u00f1ez solitaria y tristona, lo impuls\u00f3 un d\u00eda a clamar a Dios. Visualiz\u00f3 una vida diferente. Se vio a s\u00ed mismo bendecido por Dios. Concibi\u00f3 una hermosa visi\u00f3n de grandeza, prosperidad e influencia. Se imagin\u00f3 acompa\u00f1ado por Dios a lo largo de una vida de abundancia, protegido del mal por la ben\u00e9fica presencia de su Padre celestial.<\/p>\n<p>Esa espl\u00e9ndida visi\u00f3n de grandeza personal estall\u00f3 dentro de Jabes por medio de una exclamaci\u00f3n evocativa: \u201c\u00a1Oh, si me dieras bendici\u00f3n, y ensancharas mi territorio!\u201d Jabes fue expansivo y espec\u00edfico a la vez. Su oraci\u00f3n fue sencilla pero abarcadora. Cubr\u00eda lo positivo y lo negativo. Ped\u00eda bendici\u00f3n y protecci\u00f3n, territorio expandido y la capacidad para preservarlo. Dios se complaci\u00f3 con la escala de la oraci\u00f3n de Jabes, y le concedi\u00f3 todo lo que ped\u00eda. Su vida fue dram\u00e1ticamente transformada porque se atrevi\u00f3 a so\u00f1ar mucho m\u00e1s all\u00e1 de su estrecho presente y pedirle a Dios en una manera que lo honrara\u2014con audacia y creatividad.<\/p>\n<p>A Dios le encantan las oraciones que lo desaf\u00edan y le proveen una oportunidad para desplegar su amor, poder y esplendidez. \u00bfCu\u00e1n ambiciosas son tus oraciones? Chequ\u00e9alas, y aseg\u00farate que est\u00e9n a la escala de su generosidad, y de los grandes prop\u00f3sitos que El tiene para tu vida.<\/p>\n","protected":false},"excerpt":{"rendered":"<p>Cr\u00f3nicas 4:9 y 10 incluye dos de los vers\u00edculos m\u00e1s interesantes de toda la Biblia. Ah\u00ed se nos relata la oraci\u00f3n que hizo un joven llamado Jabes, cuyo destino en la vida parec\u00eda menos que prometedor. \u201cY Jabes fue m\u00e1s ilustre que sus hermanos, al cual su madre llam\u00f3 Jabes, diciendo: \u2018Por cuanto lo di &hellip;<\/p>\n","protected":false},"author":1,"featured_media":30811,"comment_status":"open","ping_status":"open","sticky":false,"template":"","format":"standard","meta":{"footnotes":""},"categories":[34],"tags":[],"class_list":["post-30809","post","type-post","status-publish","format-standard","has-post-thumbnail","hentry","category-articulos"],"yoast_head":"<!-- This site is optimized with the Yoast SEO Premium plugin v24.2 (Yoast SEO v27.1.1) - https:\/\/yoast.com\/product\/yoast-seo-premium-wordpress\/ -->\n<title>Tus oraciones deben estar a la escala del coraz\u00f3n de Dios - Tabernaculo Prensa de Dios<\/title>\n<meta name=\"robots\" content=\"index, follow, max-snippet:-1, max-image-preview:large, max-video-preview:-1\" \/>\n<link rel=\"canonical\" href=\"https:\/\/tabernaculoprensadedios.com\/web\/tus-oraciones-deben-estar-a-la-escala-del-corazon-de-dios\/\" class=\"yoast-seo-meta-tag\" \/>\n<meta property=\"og:locale\" content=\"es_ES\" class=\"yoast-seo-meta-tag\" \/>\n<meta property=\"og:type\" content=\"article\" class=\"yoast-seo-meta-tag\" \/>\n<meta property=\"og:title\" content=\"Tus oraciones deben estar a la escala del coraz\u00f3n de Dios\" class=\"yoast-seo-meta-tag\" \/>\n<meta property=\"og:description\" content=\"Cr\u00f3nicas 4:9 y 10 incluye dos de los vers\u00edculos m\u00e1s interesantes de toda la Biblia. Ah\u00ed se nos relata la oraci\u00f3n que hizo un joven llamado Jabes, cuyo destino en la vida parec\u00eda menos que prometedor. \u201cY Jabes fue m\u00e1s ilustre que sus hermanos, al cual su madre llam\u00f3 Jabes, diciendo: \u2018Por cuanto lo di &hellip;\" class=\"yoast-seo-meta-tag\" \/>\n<meta property=\"og:url\" content=\"https:\/\/tabernaculoprensadedios.com\/web\/tus-oraciones-deben-estar-a-la-escala-del-corazon-de-dios\/\" class=\"yoast-seo-meta-tag\" \/>\n<meta property=\"og:site_name\" content=\"Tabernaculo Prensa de Dios\" class=\"yoast-seo-meta-tag\" \/>\n<meta property=\"article:published_time\" content=\"2024-04-07T20:39:53+00:00\" class=\"yoast-seo-meta-tag\" \/>\n<meta property=\"og:image\" content=\"https:\/\/tabernaculoprensadedios.com\/web\/wp-content\/uploads\/2024\/04\/oraciones-.jpg\" class=\"yoast-seo-meta-tag\" \/>\n\t<meta property=\"og:image:width\" content=\"1280\" class=\"yoast-seo-meta-tag\" \/>\n\t<meta property=\"og:image:height\" content=\"853\" class=\"yoast-seo-meta-tag\" \/>\n\t<meta property=\"og:image:type\" content=\"image\/jpeg\" class=\"yoast-seo-meta-tag\" \/>\n<meta name=\"author\" content=\"tabernaculo\" class=\"yoast-seo-meta-tag\" \/>\n<meta name=\"twitter:card\" content=\"summary_large_image\" class=\"yoast-seo-meta-tag\" \/>\n<meta name=\"twitter:creator\" content=\"@PrensadeDios\" class=\"yoast-seo-meta-tag\" \/>\n<meta name=\"twitter:site\" content=\"@PrensadeDios\" class=\"yoast-seo-meta-tag\" \/>\n<meta name=\"twitter:label1\" content=\"Escrito por\" class=\"yoast-seo-meta-tag\" \/>\n\t<meta name=\"twitter:data1\" content=\"tabernaculo\" class=\"yoast-seo-meta-tag\" \/>\n\t<meta name=\"twitter:label2\" content=\"Tiempo de lectura\" class=\"yoast-seo-meta-tag\" \/>\n\t<meta name=\"twitter:data2\" content=\"2 minutos\" class=\"yoast-seo-meta-tag\" \/>\n<script type=\"application\/ld+json\" class=\"yoast-schema-graph\">{\"@context\":\"https:\/\/schema.org\",\"@graph\":[{\"@type\":\"Article\",\"@id\":\"https:\/\/tabernaculoprensadedios.com\/web\/tus-oraciones-deben-estar-a-la-escala-del-corazon-de-dios\/#article\",\"isPartOf\":{\"@id\":\"https:\/\/tabernaculoprensadedios.com\/web\/tus-oraciones-deben-estar-a-la-escala-del-corazon-de-dios\/\"},\"author\":{\"name\":\"tabernaculo\",\"@id\":\"https:\/\/tabernaculoprensadedios.com\/web\/#\/schema\/person\/bc0e069fef56b38e177db6f098ae0b6e\"},\"headline\":\"Tus oraciones deben estar a la escala del coraz\u00f3n de Dios\",\"datePublished\":\"2024-04-07T20:39:53+00:00\",\"mainEntityOfPage\":{\"@id\":\"https:\/\/tabernaculoprensadedios.com\/web\/tus-oraciones-deben-estar-a-la-escala-del-corazon-de-dios\/\"},\"wordCount\":434,\"commentCount\":0,\"publisher\":{\"@id\":\"https:\/\/tabernaculoprensadedios.com\/web\/#\/schema\/person\/bc0e069fef56b38e177db6f098ae0b6e\"},\"image\":{\"@id\":\"https:\/\/tabernaculoprensadedios.com\/web\/tus-oraciones-deben-estar-a-la-escala-del-corazon-de-dios\/#primaryimage\"},\"thumbnailUrl\":\"https:\/\/tabernaculoprensadedios.com\/web\/wp-content\/uploads\/2024\/04\/oraciones-.jpg\",\"articleSection\":[\"Articulos\"],\"inLanguage\":\"es\",\"potentialAction\":[{\"@type\":\"CommentAction\",\"name\":\"Comment\",\"target\":[\"https:\/\/tabernaculoprensadedios.com\/web\/tus-oraciones-deben-estar-a-la-escala-del-corazon-de-dios\/#respond\"]}]},{\"@type\":\"WebPage\",\"@id\":\"https:\/\/tabernaculoprensadedios.com\/web\/tus-oraciones-deben-estar-a-la-escala-del-corazon-de-dios\/\",\"url\":\"https:\/\/tabernaculoprensadedios.com\/web\/tus-oraciones-deben-estar-a-la-escala-del-corazon-de-dios\/\",\"name\":\"Tus oraciones deben estar a la escala del coraz\u00f3n de Dios - Tabernaculo Prensa de Dios\",\"isPartOf\":{\"@id\":\"https:\/\/tabernaculoprensadedios.com\/web\/#website\"},\"primaryImageOfPage\":{\"@id\":\"https:\/\/tabernaculoprensadedios.com\/web\/tus-oraciones-deben-estar-a-la-escala-del-corazon-de-dios\/#primaryimage\"},\"image\":{\"@id\":\"https:\/\/tabernaculoprensadedios.com\/web\/tus-oraciones-deben-estar-a-la-escala-del-corazon-de-dios\/#primaryimage\"},\"thumbnailUrl\":\"https:\/\/tabernaculoprensadedios.com\/web\/wp-content\/uploads\/2024\/04\/oraciones-.jpg\",\"datePublished\":\"2024-04-07T20:39:53+00:00\",\"breadcrumb\":{\"@id\":\"https:\/\/tabernaculoprensadedios.com\/web\/tus-oraciones-deben-estar-a-la-escala-del-corazon-de-dios\/#breadcrumb\"},\"inLanguage\":\"es\",\"potentialAction\":[{\"@type\":\"ReadAction\",\"target\":[\"https:\/\/tabernaculoprensadedios.com\/web\/tus-oraciones-deben-estar-a-la-escala-del-corazon-de-dios\/\"]}]},{\"@type\":\"ImageObject\",\"inLanguage\":\"es\",\"@id\":\"https:\/\/tabernaculoprensadedios.com\/web\/tus-oraciones-deben-estar-a-la-escala-del-corazon-de-dios\/#primaryimage\",\"url\":\"https:\/\/tabernaculoprensadedios.com\/web\/wp-content\/uploads\/2024\/04\/oraciones-.jpg\",\"contentUrl\":\"https:\/\/tabernaculoprensadedios.com\/web\/wp-content\/uploads\/2024\/04\/oraciones-.jpg\",\"width\":1280,\"height\":853},{\"@type\":\"BreadcrumbList\",\"@id\":\"https:\/\/tabernaculoprensadedios.com\/web\/tus-oraciones-deben-estar-a-la-escala-del-corazon-de-dios\/#breadcrumb\",\"itemListElement\":[{\"@type\":\"ListItem\",\"position\":1,\"name\":\"Portada\",\"item\":\"https:\/\/tabernaculoprensadedios.com\/web\/\"},{\"@type\":\"ListItem\",\"position\":2,\"name\":\"Tus oraciones deben estar a la escala del coraz\u00f3n de Dios\"}]},{\"@type\":\"WebSite\",\"@id\":\"https:\/\/tabernaculoprensadedios.com\/web\/#website\",\"url\":\"https:\/\/tabernaculoprensadedios.com\/web\/\",\"name\":\"Tabernaculo Prensa de Dios\",\"description\":\"Un medio a la manera de Dios\",\"publisher\":{\"@id\":\"https:\/\/tabernaculoprensadedios.com\/web\/#\/schema\/person\/bc0e069fef56b38e177db6f098ae0b6e\"},\"potentialAction\":[{\"@type\":\"SearchAction\",\"target\":{\"@type\":\"EntryPoint\",\"urlTemplate\":\"https:\/\/tabernaculoprensadedios.com\/web\/?s={search_term_string}\"},\"query-input\":{\"@type\":\"PropertyValueSpecification\",\"valueRequired\":true,\"valueName\":\"search_term_string\"}}],\"inLanguage\":\"es\"},{\"@type\":[\"Person\",\"Organization\"],\"@id\":\"https:\/\/tabernaculoprensadedios.com\/web\/#\/schema\/person\/bc0e069fef56b38e177db6f098ae0b6e\",\"name\":\"tabernaculo\",\"image\":{\"@type\":\"ImageObject\",\"inLanguage\":\"es\",\"@id\":\"https:\/\/tabernaculoprensadedios.com\/web\/#\/schema\/person\/image\/\",\"url\":\"https:\/\/tabernaculoprensadedios.com\/web\/wp-content\/uploads\/2015\/06\/login-logo1.png\",\"contentUrl\":\"https:\/\/tabernaculoprensadedios.com\/web\/wp-content\/uploads\/2015\/06\/login-logo1.png\",\"width\":300,\"height\":118,\"caption\":\"tabernaculo\"},\"logo\":{\"@id\":\"https:\/\/tabernaculoprensadedios.com\/web\/#\/schema\/person\/image\/\"},\"url\":\"https:\/\/tabernaculoprensadedios.com\/web\/author\/tabernaculo\/\"}]}<\/script>\n<!-- \/ Yoast SEO Premium plugin. -->","yoast_head_json":{"title":"Tus oraciones deben estar a la escala del coraz\u00f3n de Dios - Tabernaculo Prensa de Dios","robots":{"index":"index","follow":"follow","max-snippet":"max-snippet:-1","max-image-preview":"max-image-preview:large","max-video-preview":"max-video-preview:-1"},"canonical":"https:\/\/tabernaculoprensadedios.com\/web\/tus-oraciones-deben-estar-a-la-escala-del-corazon-de-dios\/","og_locale":"es_ES","og_type":"article","og_title":"Tus oraciones deben estar a la escala del coraz\u00f3n de Dios","og_description":"Cr\u00f3nicas 4:9 y 10 incluye dos de los vers\u00edculos m\u00e1s interesantes de toda la Biblia. Ah\u00ed se nos relata la oraci\u00f3n que hizo un joven llamado Jabes, cuyo destino en la vida parec\u00eda menos que prometedor. \u201cY Jabes fue m\u00e1s ilustre que sus hermanos, al cual su madre llam\u00f3 Jabes, diciendo: \u2018Por cuanto lo di &hellip;","og_url":"https:\/\/tabernaculoprensadedios.com\/web\/tus-oraciones-deben-estar-a-la-escala-del-corazon-de-dios\/","og_site_name":"Tabernaculo Prensa de Dios","article_published_time":"2024-04-07T20:39:53+00:00","og_image":[{"width":1280,"height":853,"url":"https:\/\/tabernaculoprensadedios.com\/web\/wp-content\/uploads\/2024\/04\/oraciones-.jpg","type":"image\/jpeg"}],"author":"tabernaculo","twitter_card":"summary_large_image","twitter_creator":"@PrensadeDios","twitter_site":"@PrensadeDios","twitter_misc":{"Escrito por":"tabernaculo","Tiempo de lectura":"2 minutos"},"schema":{"@context":"https:\/\/schema.org","@graph":[{"@type":"Article","@id":"https:\/\/tabernaculoprensadedios.com\/web\/tus-oraciones-deben-estar-a-la-escala-del-corazon-de-dios\/#article","isPartOf":{"@id":"https:\/\/tabernaculoprensadedios.com\/web\/tus-oraciones-deben-estar-a-la-escala-del-corazon-de-dios\/"},"author":{"name":"tabernaculo","@id":"https:\/\/tabernaculoprensadedios.com\/web\/#\/schema\/person\/bc0e069fef56b38e177db6f098ae0b6e"},"headline":"Tus oraciones deben estar a la escala del coraz\u00f3n de Dios","datePublished":"2024-04-07T20:39:53+00:00","mainEntityOfPage":{"@id":"https:\/\/tabernaculoprensadedios.com\/web\/tus-oraciones-deben-estar-a-la-escala-del-corazon-de-dios\/"},"wordCount":434,"commentCount":0,"publisher":{"@id":"https:\/\/tabernaculoprensadedios.com\/web\/#\/schema\/person\/bc0e069fef56b38e177db6f098ae0b6e"},"image":{"@id":"https:\/\/tabernaculoprensadedios.com\/web\/tus-oraciones-deben-estar-a-la-escala-del-corazon-de-dios\/#primaryimage"},"thumbnailUrl":"https:\/\/tabernaculoprensadedios.com\/web\/wp-content\/uploads\/2024\/04\/oraciones-.jpg","articleSection":["Articulos"],"inLanguage":"es","potentialAction":[{"@type":"CommentAction","name":"Comment","target":["https:\/\/tabernaculoprensadedios.com\/web\/tus-oraciones-deben-estar-a-la-escala-del-corazon-de-dios\/#respond"]}]},{"@type":"WebPage","@id":"https:\/\/tabernaculoprensadedios.com\/web\/tus-oraciones-deben-estar-a-la-escala-del-corazon-de-dios\/","url":"https:\/\/tabernaculoprensadedios.com\/web\/tus-oraciones-deben-estar-a-la-escala-del-corazon-de-dios\/","name":"Tus oraciones deben estar a la escala del coraz\u00f3n de Dios - Tabernaculo Prensa de Dios","isPartOf":{"@id":"https:\/\/tabernaculoprensadedios.com\/web\/#website"},"primaryImageOfPage":{"@id":"https:\/\/tabernaculoprensadedios.com\/web\/tus-oraciones-deben-estar-a-la-escala-del-corazon-de-dios\/#primaryimage"},"image":{"@id":"https:\/\/tabernaculoprensadedios.com\/web\/tus-oraciones-deben-estar-a-la-escala-del-corazon-de-dios\/#primaryimage"},"thumbnailUrl":"https:\/\/tabernaculoprensadedios.com\/web\/wp-content\/uploads\/2024\/04\/oraciones-.jpg","datePublished":"2024-04-07T20:39:53+00:00","breadcrumb":{"@id":"https:\/\/tabernaculoprensadedios.com\/web\/tus-oraciones-deben-estar-a-la-escala-del-corazon-de-dios\/#breadcrumb"},"inLanguage":"es","potentialAction":[{"@type":"ReadAction","target":["https:\/\/tabernaculoprensadedios.com\/web\/tus-oraciones-deben-estar-a-la-escala-del-corazon-de-dios\/"]}]},{"@type":"ImageObject","inLanguage":"es","@id":"https:\/\/tabernaculoprensadedios.com\/web\/tus-oraciones-deben-estar-a-la-escala-del-corazon-de-dios\/#primaryimage","url":"https:\/\/tabernaculoprensadedios.com\/web\/wp-content\/uploads\/2024\/04\/oraciones-.jpg","contentUrl":"https:\/\/tabernaculoprensadedios.com\/web\/wp-content\/uploads\/2024\/04\/oraciones-.jpg","width":1280,"height":853},{"@type":"BreadcrumbList","@id":"https:\/\/tabernaculoprensadedios.com\/web\/tus-oraciones-deben-estar-a-la-escala-del-corazon-de-dios\/#breadcrumb","itemListElement":[{"@type":"ListItem","position":1,"name":"Portada","item":"https:\/\/tabernaculoprensadedios.com\/web\/"},{"@type":"ListItem","position":2,"name":"Tus oraciones deben estar a la escala del coraz\u00f3n de Dios"}]},{"@type":"WebSite","@id":"https:\/\/tabernaculoprensadedios.com\/web\/#website","url":"https:\/\/tabernaculoprensadedios.com\/web\/","name":"Tabernaculo Prensa de Dios","description":"Un medio a la manera de Dios","publisher":{"@id":"https:\/\/tabernaculoprensadedios.com\/web\/#\/schema\/person\/bc0e069fef56b38e177db6f098ae0b6e"},"potentialAction":[{"@type":"SearchAction","target":{"@type":"EntryPoint","urlTemplate":"https:\/\/tabernaculoprensadedios.com\/web\/?s={search_term_string}"},"query-input":{"@type":"PropertyValueSpecification","valueRequired":true,"valueName":"search_term_string"}}],"inLanguage":"es"},{"@type":["Person","Organization"],"@id":"https:\/\/tabernaculoprensadedios.com\/web\/#\/schema\/person\/bc0e069fef56b38e177db6f098ae0b6e","name":"tabernaculo","image":{"@type":"ImageObject","inLanguage":"es","@id":"https:\/\/tabernaculoprensadedios.com\/web\/#\/schema\/person\/image\/","url":"https:\/\/tabernaculoprensadedios.com\/web\/wp-content\/uploads\/2015\/06\/login-logo1.png","contentUrl":"https:\/\/tabernaculoprensadedios.com\/web\/wp-content\/uploads\/2015\/06\/login-logo1.png","width":300,"height":118,"caption":"tabernaculo"},"logo":{"@id":"https:\/\/tabernaculoprensadedios.com\/web\/#\/schema\/person\/image\/"},"url":"https:\/\/tabernaculoprensadedios.com\/web\/author\/tabernaculo\/"}]}},"_links":{"self":[{"href":"https:\/\/tabernaculoprensadedios.com\/web\/wp-json\/wp\/v2\/posts\/30809","targetHints":{"allow":["GET"]}}],"collection":[{"href":"https:\/\/tabernaculoprensadedios.com\/web\/wp-json\/wp\/v2\/posts"}],"about":[{"href":"https:\/\/tabernaculoprensadedios.com\/web\/wp-json\/wp\/v2\/types\/post"}],"author":[{"embeddable":true,"href":"https:\/\/tabernaculoprensadedios.com\/web\/wp-json\/wp\/v2\/users\/1"}],"replies":[{"embeddable":true,"href":"https:\/\/tabernaculoprensadedios.com\/web\/wp-json\/wp\/v2\/comments?post=30809"}],"version-history":[{"count":1,"href":"https:\/\/tabernaculoprensadedios.com\/web\/wp-json\/wp\/v2\/posts\/30809\/revisions"}],"predecessor-version":[{"id":30810,"href":"https:\/\/tabernaculoprensadedios.com\/web\/wp-json\/wp\/v2\/posts\/30809\/revisions\/30810"}],"wp:featuredmedia":[{"embeddable":true,"href":"https:\/\/tabernaculoprensadedios.com\/web\/wp-json\/wp\/v2\/media\/30811"}],"wp:attachment":[{"href":"https:\/\/tabernaculoprensadedios.com\/web\/wp-json\/wp\/v2\/media?parent=30809"}],"wp:term":[{"taxonomy":"category","embeddable":true,"href":"https:\/\/tabernaculoprensadedios.com\/web\/wp-json\/wp\/v2\/categories?post=30809"},{"taxonomy":"post_tag","embeddable":true,"href":"https:\/\/tabernaculoprensadedios.com\/web\/wp-json\/wp\/v2\/tags?post=30809"}],"curies":[{"name":"wp","href":"https:\/\/api.w.org\/{rel}","templated":true}]}}