{"id":30778,"date":"2024-04-05T12:38:00","date_gmt":"2024-04-05T12:38:00","guid":{"rendered":"https:\/\/tabernaculoprensadedios.com\/web\/?p=30778"},"modified":"2024-04-05T12:38:00","modified_gmt":"2024-04-05T12:38:00","slug":"guardianes-de-la-veracidad-reconociendo-la-labor-periodistica","status":"publish","type":"post","link":"https:\/\/tabernaculoprensadedios.com\/web\/guardianes-de-la-veracidad-reconociendo-la-labor-periodistica\/","title":{"rendered":"Guardianes de la Veracidad. Reconociendo la Labor Period\u00edstica"},"content":{"rendered":"<p><strong>El D\u00eda del Periodista, el 5 de abril,<\/strong> es una ocasi\u00f3n para reconocer la delicada labor de estos profesionales, quienes tienen la responsabilidad de transmitir informaci\u00f3n veraz y \u00e9tica a la audiencia. <strong>Los periodistas se enfrentan al reto de analizar<\/strong> y presentar los hechos con precisi\u00f3n en la era de la informaci\u00f3n constante. Su valent\u00eda y dedicaci\u00f3n son fundamentales, a menudo sacrificando incluso su integridad personal por la b\u00fasqueda de la verdad. En un mundo donde el acceso a la informaci\u00f3n es omnipresente, los periodistas se han convertido en<strong> parte integral de nuestra vida cotidiana,<\/strong> proporcionando conocimientos que influyen en nuestras decisiones en todos los \u00e1mbitos. En este d\u00eda, honramos a aquellos que ejercen esta noble profesi\u00f3n, exhort\u00e1ndoles a seguir informando con veracidad y precisi\u00f3n, y a ser ejemplos de constante superaci\u00f3n y dedicaci\u00f3n.<\/p>\n<p><strong>\u00a1Felicidades y que la cobertura de Dios bendiga a todos los periodistas en su d\u00eda!<\/strong><\/p>\n","protected":false},"excerpt":{"rendered":"<p>El D\u00eda del Periodista, el 5 de abril, es una ocasi\u00f3n para reconocer la delicada labor de estos profesionales, quienes tienen la responsabilidad de transmitir informaci\u00f3n veraz y \u00e9tica a la audiencia. Los periodistas se enfrentan al reto de analizar y presentar los hechos con precisi\u00f3n en la era de la informaci\u00f3n constante. Su valent\u00eda &hellip;<\/p>\n","protected":false},"author":1,"featured_media":30779,"comment_status":"open","ping_status":"open","sticky":false,"template":"","format":"standard","meta":{"footnotes":""},"categories":[34],"tags":[],"class_list":["post-30778","post","type-post","status-publish","format-standard","has-post-thumbnail","hentry","category-articulos"],"yoast_head":"<!-- This site is optimized with the Yoast SEO Premium plugin v24.2 (Yoast SEO v27.1.1) - https:\/\/yoast.com\/product\/yoast-seo-premium-wordpress\/ -->\n<title>Guardianes de la Veracidad. Reconociendo la Labor Period\u00edstica - Tabernaculo Prensa de Dios<\/title>\n<meta name=\"robots\" content=\"index, follow, max-snippet:-1, max-image-preview:large, max-video-preview:-1\" \/>\n<link rel=\"canonical\" href=\"https:\/\/tabernaculoprensadedios.com\/web\/guardianes-de-la-veracidad-reconociendo-la-labor-periodistica\/\" class=\"yoast-seo-meta-tag\" \/>\n<meta property=\"og:locale\" content=\"es_ES\" class=\"yoast-seo-meta-tag\" \/>\n<meta property=\"og:type\" content=\"article\" class=\"yoast-seo-meta-tag\" \/>\n<meta property=\"og:title\" content=\"Guardianes de la Veracidad. Reconociendo la Labor Period\u00edstica\" class=\"yoast-seo-meta-tag\" \/>\n<meta property=\"og:description\" content=\"El D\u00eda del Periodista, el 5 de abril, es una ocasi\u00f3n para reconocer la delicada labor de estos profesionales, quienes tienen la responsabilidad de transmitir informaci\u00f3n veraz y \u00e9tica a la audiencia. Los periodistas se enfrentan al reto de analizar y presentar los hechos con precisi\u00f3n en la era de la informaci\u00f3n constante. Su valent\u00eda &hellip;\" class=\"yoast-seo-meta-tag\" \/>\n<meta property=\"og:url\" content=\"https:\/\/tabernaculoprensadedios.com\/web\/guardianes-de-la-veracidad-reconociendo-la-labor-periodistica\/\" class=\"yoast-seo-meta-tag\" \/>\n<meta property=\"og:site_name\" content=\"Tabernaculo Prensa de Dios\" class=\"yoast-seo-meta-tag\" \/>\n<meta property=\"article:published_time\" content=\"2024-04-05T12:38:00+00:00\" class=\"yoast-seo-meta-tag\" \/>\n<meta property=\"og:image\" content=\"https:\/\/tabernaculoprensadedios.com\/web\/wp-content\/uploads\/2024\/04\/periodistas.jpg\" class=\"yoast-seo-meta-tag\" \/>\n\t<meta property=\"og:image:width\" content=\"1280\" class=\"yoast-seo-meta-tag\" \/>\n\t<meta property=\"og:image:height\" content=\"892\" class=\"yoast-seo-meta-tag\" \/>\n\t<meta property=\"og:image:type\" content=\"image\/jpeg\" class=\"yoast-seo-meta-tag\" \/>\n<meta name=\"author\" content=\"tabernaculo\" class=\"yoast-seo-meta-tag\" \/>\n<meta name=\"twitter:card\" content=\"summary_large_image\" class=\"yoast-seo-meta-tag\" \/>\n<meta name=\"twitter:creator\" content=\"@PrensadeDios\" class=\"yoast-seo-meta-tag\" \/>\n<meta name=\"twitter:site\" content=\"@PrensadeDios\" class=\"yoast-seo-meta-tag\" \/>\n<meta name=\"twitter:label1\" content=\"Escrito por\" class=\"yoast-seo-meta-tag\" \/>\n\t<meta name=\"twitter:data1\" content=\"tabernaculo\" class=\"yoast-seo-meta-tag\" \/>\n\t<meta name=\"twitter:label2\" content=\"Tiempo de lectura\" class=\"yoast-seo-meta-tag\" \/>\n\t<meta name=\"twitter:data2\" content=\"1 minuto\" class=\"yoast-seo-meta-tag\" \/>\n<script type=\"application\/ld+json\" class=\"yoast-schema-graph\">{\"@context\":\"https:\/\/schema.org\",\"@graph\":[{\"@type\":\"Article\",\"@id\":\"https:\/\/tabernaculoprensadedios.com\/web\/guardianes-de-la-veracidad-reconociendo-la-labor-periodistica\/#article\",\"isPartOf\":{\"@id\":\"https:\/\/tabernaculoprensadedios.com\/web\/guardianes-de-la-veracidad-reconociendo-la-labor-periodistica\/\"},\"author\":{\"name\":\"tabernaculo\",\"@id\":\"https:\/\/tabernaculoprensadedios.com\/web\/#\/schema\/person\/bc0e069fef56b38e177db6f098ae0b6e\"},\"headline\":\"Guardianes de la Veracidad. Reconociendo la Labor Period\u00edstica\",\"datePublished\":\"2024-04-05T12:38:00+00:00\",\"mainEntityOfPage\":{\"@id\":\"https:\/\/tabernaculoprensadedios.com\/web\/guardianes-de-la-veracidad-reconociendo-la-labor-periodistica\/\"},\"wordCount\":173,\"commentCount\":0,\"publisher\":{\"@id\":\"https:\/\/tabernaculoprensadedios.com\/web\/#\/schema\/person\/bc0e069fef56b38e177db6f098ae0b6e\"},\"image\":{\"@id\":\"https:\/\/tabernaculoprensadedios.com\/web\/guardianes-de-la-veracidad-reconociendo-la-labor-periodistica\/#primaryimage\"},\"thumbnailUrl\":\"https:\/\/tabernaculoprensadedios.com\/web\/wp-content\/uploads\/2024\/04\/periodistas.jpg\",\"articleSection\":[\"Articulos\"],\"inLanguage\":\"es\",\"potentialAction\":[{\"@type\":\"CommentAction\",\"name\":\"Comment\",\"target\":[\"https:\/\/tabernaculoprensadedios.com\/web\/guardianes-de-la-veracidad-reconociendo-la-labor-periodistica\/#respond\"]}]},{\"@type\":\"WebPage\",\"@id\":\"https:\/\/tabernaculoprensadedios.com\/web\/guardianes-de-la-veracidad-reconociendo-la-labor-periodistica\/\",\"url\":\"https:\/\/tabernaculoprensadedios.com\/web\/guardianes-de-la-veracidad-reconociendo-la-labor-periodistica\/\",\"name\":\"Guardianes de la Veracidad. Reconociendo la Labor Period\u00edstica - Tabernaculo Prensa de Dios\",\"isPartOf\":{\"@id\":\"https:\/\/tabernaculoprensadedios.com\/web\/#website\"},\"primaryImageOfPage\":{\"@id\":\"https:\/\/tabernaculoprensadedios.com\/web\/guardianes-de-la-veracidad-reconociendo-la-labor-periodistica\/#primaryimage\"},\"image\":{\"@id\":\"https:\/\/tabernaculoprensadedios.com\/web\/guardianes-de-la-veracidad-reconociendo-la-labor-periodistica\/#primaryimage\"},\"thumbnailUrl\":\"https:\/\/tabernaculoprensadedios.com\/web\/wp-content\/uploads\/2024\/04\/periodistas.jpg\",\"datePublished\":\"2024-04-05T12:38:00+00:00\",\"breadcrumb\":{\"@id\":\"https:\/\/tabernaculoprensadedios.com\/web\/guardianes-de-la-veracidad-reconociendo-la-labor-periodistica\/#breadcrumb\"},\"inLanguage\":\"es\",\"potentialAction\":[{\"@type\":\"ReadAction\",\"target\":[\"https:\/\/tabernaculoprensadedios.com\/web\/guardianes-de-la-veracidad-reconociendo-la-labor-periodistica\/\"]}]},{\"@type\":\"ImageObject\",\"inLanguage\":\"es\",\"@id\":\"https:\/\/tabernaculoprensadedios.com\/web\/guardianes-de-la-veracidad-reconociendo-la-labor-periodistica\/#primaryimage\",\"url\":\"https:\/\/tabernaculoprensadedios.com\/web\/wp-content\/uploads\/2024\/04\/periodistas.jpg\",\"contentUrl\":\"https:\/\/tabernaculoprensadedios.com\/web\/wp-content\/uploads\/2024\/04\/periodistas.jpg\",\"width\":1280,\"height\":892},{\"@type\":\"BreadcrumbList\",\"@id\":\"https:\/\/tabernaculoprensadedios.com\/web\/guardianes-de-la-veracidad-reconociendo-la-labor-periodistica\/#breadcrumb\",\"itemListElement\":[{\"@type\":\"ListItem\",\"position\":1,\"name\":\"Portada\",\"item\":\"https:\/\/tabernaculoprensadedios.com\/web\/\"},{\"@type\":\"ListItem\",\"position\":2,\"name\":\"Guardianes de la Veracidad. Reconociendo la Labor Period\u00edstica\"}]},{\"@type\":\"WebSite\",\"@id\":\"https:\/\/tabernaculoprensadedios.com\/web\/#website\",\"url\":\"https:\/\/tabernaculoprensadedios.com\/web\/\",\"name\":\"Tabernaculo Prensa de Dios\",\"description\":\"Un medio a la manera de Dios\",\"publisher\":{\"@id\":\"https:\/\/tabernaculoprensadedios.com\/web\/#\/schema\/person\/bc0e069fef56b38e177db6f098ae0b6e\"},\"potentialAction\":[{\"@type\":\"SearchAction\",\"target\":{\"@type\":\"EntryPoint\",\"urlTemplate\":\"https:\/\/tabernaculoprensadedios.com\/web\/?s={search_term_string}\"},\"query-input\":{\"@type\":\"PropertyValueSpecification\",\"valueRequired\":true,\"valueName\":\"search_term_string\"}}],\"inLanguage\":\"es\"},{\"@type\":[\"Person\",\"Organization\"],\"@id\":\"https:\/\/tabernaculoprensadedios.com\/web\/#\/schema\/person\/bc0e069fef56b38e177db6f098ae0b6e\",\"name\":\"tabernaculo\",\"image\":{\"@type\":\"ImageObject\",\"inLanguage\":\"es\",\"@id\":\"https:\/\/tabernaculoprensadedios.com\/web\/#\/schema\/person\/image\/\",\"url\":\"https:\/\/tabernaculoprensadedios.com\/web\/wp-content\/uploads\/2015\/06\/login-logo1.png\",\"contentUrl\":\"https:\/\/tabernaculoprensadedios.com\/web\/wp-content\/uploads\/2015\/06\/login-logo1.png\",\"width\":300,\"height\":118,\"caption\":\"tabernaculo\"},\"logo\":{\"@id\":\"https:\/\/tabernaculoprensadedios.com\/web\/#\/schema\/person\/image\/\"},\"url\":\"https:\/\/tabernaculoprensadedios.com\/web\/author\/tabernaculo\/\"}]}<\/script>\n<!-- \/ Yoast SEO Premium plugin. -->","yoast_head_json":{"title":"Guardianes de la Veracidad. Reconociendo la Labor Period\u00edstica - Tabernaculo Prensa de Dios","robots":{"index":"index","follow":"follow","max-snippet":"max-snippet:-1","max-image-preview":"max-image-preview:large","max-video-preview":"max-video-preview:-1"},"canonical":"https:\/\/tabernaculoprensadedios.com\/web\/guardianes-de-la-veracidad-reconociendo-la-labor-periodistica\/","og_locale":"es_ES","og_type":"article","og_title":"Guardianes de la Veracidad. Reconociendo la Labor Period\u00edstica","og_description":"El D\u00eda del Periodista, el 5 de abril, es una ocasi\u00f3n para reconocer la delicada labor de estos profesionales, quienes tienen la responsabilidad de transmitir informaci\u00f3n veraz y \u00e9tica a la audiencia. Los periodistas se enfrentan al reto de analizar y presentar los hechos con precisi\u00f3n en la era de la informaci\u00f3n constante. Su valent\u00eda &hellip;","og_url":"https:\/\/tabernaculoprensadedios.com\/web\/guardianes-de-la-veracidad-reconociendo-la-labor-periodistica\/","og_site_name":"Tabernaculo Prensa de Dios","article_published_time":"2024-04-05T12:38:00+00:00","og_image":[{"width":1280,"height":892,"url":"https:\/\/tabernaculoprensadedios.com\/web\/wp-content\/uploads\/2024\/04\/periodistas.jpg","type":"image\/jpeg"}],"author":"tabernaculo","twitter_card":"summary_large_image","twitter_creator":"@PrensadeDios","twitter_site":"@PrensadeDios","twitter_misc":{"Escrito por":"tabernaculo","Tiempo de lectura":"1 minuto"},"schema":{"@context":"https:\/\/schema.org","@graph":[{"@type":"Article","@id":"https:\/\/tabernaculoprensadedios.com\/web\/guardianes-de-la-veracidad-reconociendo-la-labor-periodistica\/#article","isPartOf":{"@id":"https:\/\/tabernaculoprensadedios.com\/web\/guardianes-de-la-veracidad-reconociendo-la-labor-periodistica\/"},"author":{"name":"tabernaculo","@id":"https:\/\/tabernaculoprensadedios.com\/web\/#\/schema\/person\/bc0e069fef56b38e177db6f098ae0b6e"},"headline":"Guardianes de la Veracidad. Reconociendo la Labor Period\u00edstica","datePublished":"2024-04-05T12:38:00+00:00","mainEntityOfPage":{"@id":"https:\/\/tabernaculoprensadedios.com\/web\/guardianes-de-la-veracidad-reconociendo-la-labor-periodistica\/"},"wordCount":173,"commentCount":0,"publisher":{"@id":"https:\/\/tabernaculoprensadedios.com\/web\/#\/schema\/person\/bc0e069fef56b38e177db6f098ae0b6e"},"image":{"@id":"https:\/\/tabernaculoprensadedios.com\/web\/guardianes-de-la-veracidad-reconociendo-la-labor-periodistica\/#primaryimage"},"thumbnailUrl":"https:\/\/tabernaculoprensadedios.com\/web\/wp-content\/uploads\/2024\/04\/periodistas.jpg","articleSection":["Articulos"],"inLanguage":"es","potentialAction":[{"@type":"CommentAction","name":"Comment","target":["https:\/\/tabernaculoprensadedios.com\/web\/guardianes-de-la-veracidad-reconociendo-la-labor-periodistica\/#respond"]}]},{"@type":"WebPage","@id":"https:\/\/tabernaculoprensadedios.com\/web\/guardianes-de-la-veracidad-reconociendo-la-labor-periodistica\/","url":"https:\/\/tabernaculoprensadedios.com\/web\/guardianes-de-la-veracidad-reconociendo-la-labor-periodistica\/","name":"Guardianes de la Veracidad. Reconociendo la Labor Period\u00edstica - Tabernaculo Prensa de Dios","isPartOf":{"@id":"https:\/\/tabernaculoprensadedios.com\/web\/#website"},"primaryImageOfPage":{"@id":"https:\/\/tabernaculoprensadedios.com\/web\/guardianes-de-la-veracidad-reconociendo-la-labor-periodistica\/#primaryimage"},"image":{"@id":"https:\/\/tabernaculoprensadedios.com\/web\/guardianes-de-la-veracidad-reconociendo-la-labor-periodistica\/#primaryimage"},"thumbnailUrl":"https:\/\/tabernaculoprensadedios.com\/web\/wp-content\/uploads\/2024\/04\/periodistas.jpg","datePublished":"2024-04-05T12:38:00+00:00","breadcrumb":{"@id":"https:\/\/tabernaculoprensadedios.com\/web\/guardianes-de-la-veracidad-reconociendo-la-labor-periodistica\/#breadcrumb"},"inLanguage":"es","potentialAction":[{"@type":"ReadAction","target":["https:\/\/tabernaculoprensadedios.com\/web\/guardianes-de-la-veracidad-reconociendo-la-labor-periodistica\/"]}]},{"@type":"ImageObject","inLanguage":"es","@id":"https:\/\/tabernaculoprensadedios.com\/web\/guardianes-de-la-veracidad-reconociendo-la-labor-periodistica\/#primaryimage","url":"https:\/\/tabernaculoprensadedios.com\/web\/wp-content\/uploads\/2024\/04\/periodistas.jpg","contentUrl":"https:\/\/tabernaculoprensadedios.com\/web\/wp-content\/uploads\/2024\/04\/periodistas.jpg","width":1280,"height":892},{"@type":"BreadcrumbList","@id":"https:\/\/tabernaculoprensadedios.com\/web\/guardianes-de-la-veracidad-reconociendo-la-labor-periodistica\/#breadcrumb","itemListElement":[{"@type":"ListItem","position":1,"name":"Portada","item":"https:\/\/tabernaculoprensadedios.com\/web\/"},{"@type":"ListItem","position":2,"name":"Guardianes de la Veracidad. Reconociendo la Labor Period\u00edstica"}]},{"@type":"WebSite","@id":"https:\/\/tabernaculoprensadedios.com\/web\/#website","url":"https:\/\/tabernaculoprensadedios.com\/web\/","name":"Tabernaculo Prensa de Dios","description":"Un medio a la manera de Dios","publisher":{"@id":"https:\/\/tabernaculoprensadedios.com\/web\/#\/schema\/person\/bc0e069fef56b38e177db6f098ae0b6e"},"potentialAction":[{"@type":"SearchAction","target":{"@type":"EntryPoint","urlTemplate":"https:\/\/tabernaculoprensadedios.com\/web\/?s={search_term_string}"},"query-input":{"@type":"PropertyValueSpecification","valueRequired":true,"valueName":"search_term_string"}}],"inLanguage":"es"},{"@type":["Person","Organization"],"@id":"https:\/\/tabernaculoprensadedios.com\/web\/#\/schema\/person\/bc0e069fef56b38e177db6f098ae0b6e","name":"tabernaculo","image":{"@type":"ImageObject","inLanguage":"es","@id":"https:\/\/tabernaculoprensadedios.com\/web\/#\/schema\/person\/image\/","url":"https:\/\/tabernaculoprensadedios.com\/web\/wp-content\/uploads\/2015\/06\/login-logo1.png","contentUrl":"https:\/\/tabernaculoprensadedios.com\/web\/wp-content\/uploads\/2015\/06\/login-logo1.png","width":300,"height":118,"caption":"tabernaculo"},"logo":{"@id":"https:\/\/tabernaculoprensadedios.com\/web\/#\/schema\/person\/image\/"},"url":"https:\/\/tabernaculoprensadedios.com\/web\/author\/tabernaculo\/"}]}},"_links":{"self":[{"href":"https:\/\/tabernaculoprensadedios.com\/web\/wp-json\/wp\/v2\/posts\/30778","targetHints":{"allow":["GET"]}}],"collection":[{"href":"https:\/\/tabernaculoprensadedios.com\/web\/wp-json\/wp\/v2\/posts"}],"about":[{"href":"https:\/\/tabernaculoprensadedios.com\/web\/wp-json\/wp\/v2\/types\/post"}],"author":[{"embeddable":true,"href":"https:\/\/tabernaculoprensadedios.com\/web\/wp-json\/wp\/v2\/users\/1"}],"replies":[{"embeddable":true,"href":"https:\/\/tabernaculoprensadedios.com\/web\/wp-json\/wp\/v2\/comments?post=30778"}],"version-history":[{"count":1,"href":"https:\/\/tabernaculoprensadedios.com\/web\/wp-json\/wp\/v2\/posts\/30778\/revisions"}],"predecessor-version":[{"id":30780,"href":"https:\/\/tabernaculoprensadedios.com\/web\/wp-json\/wp\/v2\/posts\/30778\/revisions\/30780"}],"wp:featuredmedia":[{"embeddable":true,"href":"https:\/\/tabernaculoprensadedios.com\/web\/wp-json\/wp\/v2\/media\/30779"}],"wp:attachment":[{"href":"https:\/\/tabernaculoprensadedios.com\/web\/wp-json\/wp\/v2\/media?parent=30778"}],"wp:term":[{"taxonomy":"category","embeddable":true,"href":"https:\/\/tabernaculoprensadedios.com\/web\/wp-json\/wp\/v2\/categories?post=30778"},{"taxonomy":"post_tag","embeddable":true,"href":"https:\/\/tabernaculoprensadedios.com\/web\/wp-json\/wp\/v2\/tags?post=30778"}],"curies":[{"name":"wp","href":"https:\/\/api.w.org\/{rel}","templated":true}]}}