{"id":30478,"date":"2024-03-18T14:37:12","date_gmt":"2024-03-18T14:37:12","guid":{"rendered":"https:\/\/tabernaculoprensadedios.com\/web\/?p=30478"},"modified":"2024-03-18T14:37:12","modified_gmt":"2024-03-18T14:37:12","slug":"la-palabra-de-jesus-sanidad-y-vida-eterna","status":"publish","type":"post","link":"https:\/\/tabernaculoprensadedios.com\/web\/la-palabra-de-jesus-sanidad-y-vida-eterna\/","title":{"rendered":"La Palabra de Jes\u00fas. Sanidad y Vida Eterna"},"content":{"rendered":"<p>El hombre que Jes\u00fas hace esta pregunta llevaba 38 a\u00f1os enfermo, imposibilitado para llegar por s\u00ed mismo al agua de sanidad. Este hombre reconoc\u00eda su incapacidad, su estado de soledad e impotencia. Pero Alguien, un desconocido para \u00e9l, le pregunta: \u00bfquieres ser sano? Este paral\u00edtico no pensaba en el deseo de ser sano, sino en la muy dif\u00edcil posibilidad de llegar a conseguirlo. Por eso le da a conocer a Jes\u00fas su lamen\u00adtable situaci\u00f3n para alcanzar esa sanidad, que corroboraron 38 a\u00f1os de espera. Lo que menos pensaba este hombre es que se encontraba ante el autor de la vida, porque \u201ctodo fue creado por medio de \u00c9l y para \u00c9l\u2026y todas las cosas en \u00c9l subsisten\u201d (Colosenses 1:16). As\u00ed no es extra\u00f1o que Jes\u00fas le diga:<\/p>\n<p><strong><em>\u201cLev\u00e1ntate, toma tu lecho, y anda\u201d (v. 8).<\/em><\/strong><\/p>\n<p>A veces el hombre se pasa a\u00f1os y a\u00f1os buscando sanidad de sus males (o dicho en t\u00e9r\u00adminos b\u00edblicos salvaci\u00f3n), y d\u00eda tras d\u00eda sigue en el mismo quebrantamiento de siem\u00adpre. Hasta que un d\u00eda, alguien pasa a su lado, y le dice:<\/p>\n<p>\u00bfQuieres ser sano? Cree en el Se\u00f1or Jes\u00fas. Y la vida de esa persona, harta de buscar remedios en todas partes, de pronto, se siente llena de paz, de luz y de vida. Tiene la sensaci\u00f3n de haber nacido de nuevo. Un nuevo amanecer hay en su turbada existencia. As\u00ed tambi\u00e9n este paral\u00edtico a la palabra de Jes\u00fas, \u201cfue sanado, y tom\u00f3 su lecho, y anduvo\u201d (v. 9).<\/p>\n<p>No pensemos que la Palabra de Jes\u00fas tiene menos poder en nosotros hoy, que en el paral\u00edtico de Betesda; ya que:<\/p>\n<p>\u201cel cielo y la tierra pasar\u00e1n, pero mis palabras no pasa\u00adr\u00e1n\u201d (Mateo 24:35).<\/p>\n<p>Jes\u00fas hoy te dice: Cree en M\u00ed, toma tu cruz, y s\u00edgueme. Porque creer en Jes\u00fas es sanidad de vida eterna para nosotros.<\/p>\n<p>El paral\u00edtico una vez sanado, tom\u00f3 su lecho, por mandato de Jes\u00fas, para que no se le olvidase que sobre ese lecho hab\u00eda estado 38 a\u00f1os. Jes\u00fas despu\u00e9s de darnos vida nos manda que llevemos la cruz de cada d\u00eda, para que jam\u00e1s olvidemos que el mismo Jes\u00fas estuvo en esa cruz por nosotros hasta la muerte.<\/p>\n<p>No vamos a merecer nada con la cruz de cada d\u00eda, como el paral\u00edtico no merec\u00eda la sanidad por llevar el lecho, pues ya hab\u00eda sido sanado por Jes\u00fas. As\u00ed nosotros somos sanados (salvados) por la muerte de Cristo en Su Cruz.<\/p>\n<p><strong><em>\u201cEl castigo de nuestra paz fue sobre \u00c9l, y por su llaga fuimos nosotros curados\u201d (Isa\u00edas 53:5).<\/em><\/strong><\/p>\n<p>Por lo cual las tribulaciones de cada d\u00eda (la cruz) no tienen para nosotros otro signifi\u00adcado que purificar nuestra fe, al recordar los sufrimientos salv\u00edficos de Cristo en su muerte de Cruz por nosotros.<\/p>\n<p>Cuando los fariseos vieron a ese hombre llevando su lecho, le reprochan tal actitud, porque era d\u00eda de reposo. M\u00e1s este hombre se apoya por completo en Aquel, que le hab\u00eda dicho:<\/p>\n<p><strong><em>Lev\u00e1ntate, toma tu lecho y anda\u201d (v. 11). Y as\u00ed responde, \u201cel que me san\u00f3, \u00c9l mismo me dijo: Toma tu lecho y anda\u201d (v. 11).<\/em><\/strong><\/p>\n<p>Para este hombre la Palabra de su Sanador estaba por encima de cualquier apreciaci\u00f3n personal o religiosa de otras personas. Jam\u00e1s pueden estas personas, desde su anqui\u00adlosada religiosidad, anular el poder salv\u00edfico de la Palabra de Dios, confirmada por Su Hijo Jesucristo en todos aquellos a los que \u00c9l quiere darles vida eterna, depositando en sus corazones la fe necesaria, para que le acepten como su \u00fanico y perfecto Salvador.<\/p>\n<p>Si uno no quiere creer en Cristo, aun la misma Palabra de Dios, le vale como excusa para afianzar su est\u00fapida incredulidad. Estos jud\u00edos formados en las Escrituras no entend\u00edan el profundo significado del d\u00eda de reposo, s\u00f3lo conoc\u00edan la letra de esa Palabra, pero \u201cla letra mata, mas el esp\u00edritu vivifica\u201d (2 Corintios 3:6). Estas palabras salieron de la boca de uno de los fariseos m\u00e1s preclaros de todos los tiempos, el ap\u00f3s\u00adtol Pablo. Pero a pesar de esta contundente sentencia sigue habiendo muchos, que s\u00f3lo se acercan a Dios por la letra de Su Palabra, la cual manipulan a su antojo, en pro de su propia muerte, y de aquellos que se deleitan en sus manipulaciones.<\/p>\n<p>Jes\u00fas a este hombre le dice:<\/p>\n<p><strong><em>\u201cMira has sido sanado; no peques m\u00e1s, para que no te venga alguna cosa peor\u201d (v. 14).<\/em><\/strong><\/p>\n<p>Aquellos que hemos tenido la gran dicha de haber sido sanados por creer la Palabra de Dios; y hemos visto en nosotros mismos esos efectos maravillosos de su poder, debemos permanecer fieles a esta Palabra, dejando a un lado de una vez por todas a los manipuladores de esa Palabra, porque cuando les hicimos caso, ning\u00fan bien nos han tra\u00eddo, sino muerte. Si hemos sido sanados, no pequemos m\u00e1s, dudando del poder salv\u00edfico de Su Palabra en la fe de Jesucristo.<\/p>\n<p><em><strong>\u201cMi Padre hasta ahora trabaja, y Yo trabajo\u201d (v. 17).<\/strong><\/em><br \/>\nEsta es la raz\u00f3n del \u00e9xito de su Palabra, el mismo Padre y Su Hijo Jesucristo obran por medio de Su Palabra. Esto es algo que deja fuera de juego, a los que simplemen\u00adte se quedan con la letra de la Palabra, como les pasaba a los fariseos, que \u201cprocura\u00adban matar a Jes\u00fas\u201d (v. 16), porque no conoc\u00edan de la Palabra m\u00e1s que la letra.<\/p>\n<p>Pero Jes\u00fas les mostraba el verdadero poder de Dios en Su Palabra, y esto era inacep\u00adtable para ellos, porque eso significaba que Dios era \u201cSu propio Padre, y \u00c9l era igual a Dios\u201d (v. 18).<\/p>\n<p>Hoy han aparecido grupos que niegan que Jesucristo es el Hijo de Dios, y Jes\u00fas dice:<\/p>\n<p><em><strong>\u201cEl que no honra al Hijo, no honra al Padre\u201d (v. 23).<\/strong><\/em><\/p>\n<p>\u00bfPor qu\u00e9, pues, se llaman testi\u00adgos de Jehov\u00e1, si niegan a Dios en Su Hijo Jesucristo? Son testigos de mentira, no de la verdad, que es Cristo. Si no honran al Hijo, no pueden honrar al Padre.<\/p>\n<p>Otros a\u00f1aden una nueva revelaci\u00f3n, haciendo del nombre de Jesucristo un simple camuflaje para vender su s\u00f3rdido error.<\/p>\n<p>\u00bfPor qu\u00e9 se llaman iglesia de Jesucristo de los santos de los \u00faltimos d\u00edas, si niegan lo que Jesucristo nos revel\u00f3 del Padre, sustituy\u00e9ndolo por una falsa revelaci\u00f3n nacida del hombre de mentira? No son de Jesucristo, porque \u201cno perseveran en la doctrina de Cristo, no tienen a Dios\u201d (2 Juan :9v); por tanto no son santos, est\u00e1n puestos para jui\u00adcio en el \u00faltimo d\u00eda.<\/p>\n<p>Otros de antiguo dan m\u00e1s importancia a sus definiciones papales o de iglesia, que a la Palabra de Dios y de Su Hijo Jesucristo. \u00bfPor qu\u00e9, pues, se llama una, santa, cat\u00f3\u00adlica, apost\u00f3lica y romana, si no permanece en la Palabra del \u00fanico Santo, ni es fiel a la doctrina de los ap\u00f3stoles? Roma no permanece fiel a la Palabra de Dios, su nom\u00adbre aut\u00e9ntico es infidelidad, Madre de las rameras, la ciudad que se asienta sobre siete montes (Apocalipsis 17).<\/p>\n<p>Todos estos trabajan para su humana organizaci\u00f3n, pero no admiten, hoy y ahora, el obrar del Padre y del Hijo.<\/p>\n<p>Todos estos no se pueden maravillar de las obras que el Padre muestra por medio de la fe en Su Hijo, porque han sustituido la obra del Padre en Su Hijo, por m\u00e9todos de religi\u00f3n humana.<\/p>\n<p>Qu\u00e9 tremendo error dejar la obra de Dios, en la que Dios muestra su amor al Hijo (v. 20), obrando el Padre en aquellos que creen en Su Hijo. As\u00ed vemos que el Padre obra y el Hijo obra igualmente, en los que creen.<\/p>\n<p><em><strong>\u201cViene la hora, y ahora es, cuando los muertos oir\u00e1n la voz del Hijo de Dios; y los que la oyeren vivir\u00e1n\u201d (v. 25).<\/strong><\/em><br \/>\nEsta es la gran obra de Dios por medio de Su Hijo Jesucristo, ahora es:<\/p>\n<p>\u201ccuando a los que est\u00e1bamos muertos en delitos y pecados nos dio vida juntamente con Cristo\u2026 por medio de la fe\u201d (Efesios 2).<\/p>\n<p>Este, ahora es, se actualiza para todo hombre o mujer que quiera ser sanado por Jesucristo, y ver as\u00ed como el Padre y el Hijo obran en el creyente, hoy y ahora. Los jud\u00edos, que nos muestra este cap\u00edtulo cinco, no se pudieron maravillar de estas obras de Dios, porque no oyeron la Palabra de Jes\u00fas, y no creyeron al Padre que hablaba en el Hijo, por eso siguieron en su condenaci\u00f3n, no pasaron de la muerte a la vida. Estos hombres perdieron su \u201cahora\u201d, no seas tan insensato que desprecies tu oportunidad de \u201cahora\u201d; porque a\u00fan es tiempo de que los muertos (en delitos y pecados) oigan la voz del Hijo de Dios. M\u00e1s ese o\u00edr es para vida, como fue para el paral\u00edtico sanidad, el o\u00edr la voz de Jes\u00fas.<\/p>\n<p>Con toda contundencia Jes\u00fas dice:<\/p>\n<p><strong><em>\u201cEl que oye mi Palabra, y cree al que me envi\u00f3, tiene vida eterna; y no vendr\u00e1 a condenaci\u00f3n, mas ha pasado de muerte a vida\u201d (v. 24).<\/em><\/strong><\/p>\n<p>\u00bfC\u00f3mo van a creer en Dios y en Su Hijo, cuando no se le presenta la verdadera Palabra de Jesucristo, y lo que oyen son f\u00f3rmulas o consideraciones de hombres, que ocultan la Palabra de Dios?<\/p>\n<p>Pero los que hacen est\u00e1n privando a los oyentes de la vida eterna. Tan gran\u00adde responsabilidad nos tiene que hacer firmemente fieles a la Palabra de Dios; y a la vez contundentes en refutar con amor a los que tergiversan la sana doctrina de Jesucristo.<\/p>\n<p>Si ponemos tanto empe\u00f1o en mantener esta vida f\u00edsica perecedera, \u00bfcu\u00e1l no debe ser nuestro empe\u00f1o en guardarnos para vida eterna? \u00bfy si tanto esfuerzo parece hacer la humanidad, para tratar de conservar vidas humanas, cu\u00e1l no debe ser nuestro celo por llevar la pura Palabra de Dios; para que oigan la voz del Hijo de Dios, y creyendo ten\u00adgan vida eterna?<\/p>\n<p>El Se\u00f1or Jes\u00fas nos dice que, este \u201cahora\u201d, es el tiempo de pasar de muerte a vida por la fe en El. Pero tambi\u00e9n nos habla de otra \u201chora\u201d.<\/p>\n<p><em><strong>\u201cNo os maravill\u00e9is de esto; porque vendr\u00e1 \u201chora\u201d cuando todos los que est\u00e1n en los sepulcros oir\u00e1n su voz\u201d (v. 28).<\/strong><\/em><br \/>\nJes\u00fas anuncia cosas maravillosas que pasar\u00e1n al final de los tiempos, la \u201chora\u201d que el Padre tiene se\u00f1alada. Los muertos de los sepulcros o de cualquier lugar que se encuentren (o nos encontremos) oir\u00e1n su voz. Si ya era maravilloso, lo que Jes\u00fas dec\u00eda a las gentes, de que el que creyese en \u00c9l tendr\u00eda vida eterna, cu\u00e1nto m\u00e1s, si los mis\u00admos que est\u00e1n en los sepulcros han de resucitar.<\/p>\n<p>Esta es una de las verdades que, tal vez, los llamados creyentes tengan m\u00e1s diluida en su modernismo consumista. Pero no por eso deja de ser menos cierta, y a la vez maravillosa, capaz de eclipsar todo lo alucinante de nuestro mundo actual. En el rostro de los hijos de Dios se nota esa certeza de resurrecci\u00f3n de vida, capaz de suscitar en los otros el interrogante, \u00bfqu\u00e9 saben \u00e9stos, para que sus rostros reflejan esa seguridad?<\/p>\n<p>S\u00ed, esa es la seguridad de las promesas de Jesucristo, \u201cel cual transformar\u00e1 el cuerpo de la humillaci\u00f3n nuestra, para que sea semejante al cuerpo de la gloria suya, por el poder con el cual puede tambi\u00e9n sujetar a S\u00ed mismo todas las cosas\u201d (Filipenses 3:21). Pero s\u00f3lo alcanzar\u00e1n esta resurrecci\u00f3n de vida, aquellos que ahora vivan por el Esp\u00edritu y en el Esp\u00edritu mediante la fe.<\/p>\n<p>La garant\u00eda de esta resurrecci\u00f3n es Cristo mismo. Porque \u00e9l mismo muri\u00f3 y resucit\u00f3 para que todos aquellos, que creen en \u00c9l vivan por \u00c9l, y un d\u00eda sean manifestados con \u00c9l; cuando \u00c9l se manifieste en gloria como el Juez de vivos y muertos.<\/p>\n<p>\u00bfQui\u00e9n, pues, acusar\u00e1 a los que creen en Cristo, si Cristo mismo los justific\u00f3 con su muerte de Cruz?<\/p>\n<p>\u00bfQui\u00e9n les va a condenar, si Cristo los da por inocentes llev\u00e1ndolos en Su propia san\u00adgre?<\/p>\n<p>Los que vivimos \u201cAHORA\u201d en Cristo, seremos en aquella \u201cHORA\u201d manifestados con \u00c9l en gloria.<\/p>\n<p>&nbsp;<\/p>\n","protected":false},"excerpt":{"rendered":"<p>El hombre que Jes\u00fas hace esta pregunta llevaba 38 a\u00f1os enfermo, imposibilitado para llegar por s\u00ed mismo al agua de sanidad. Este hombre reconoc\u00eda su incapacidad, su estado de soledad e impotencia. Pero Alguien, un desconocido para \u00e9l, le pregunta: \u00bfquieres ser sano? Este paral\u00edtico no pensaba en el deseo de ser sano, sino en &hellip;<\/p>\n","protected":false},"author":1,"featured_media":30479,"comment_status":"open","ping_status":"open","sticky":false,"template":"","format":"standard","meta":{"footnotes":""},"categories":[34],"tags":[],"class_list":["post-30478","post","type-post","status-publish","format-standard","has-post-thumbnail","hentry","category-articulos"],"yoast_head":"<!-- This site is optimized with the Yoast SEO Premium plugin v24.2 (Yoast SEO v27.1.1) - https:\/\/yoast.com\/product\/yoast-seo-premium-wordpress\/ -->\n<title>La Palabra de Jes\u00fas. Sanidad y Vida Eterna - Tabernaculo Prensa de Dios<\/title>\n<meta name=\"robots\" content=\"index, follow, max-snippet:-1, max-image-preview:large, max-video-preview:-1\" \/>\n<link rel=\"canonical\" href=\"https:\/\/tabernaculoprensadedios.com\/web\/la-palabra-de-jesus-sanidad-y-vida-eterna\/\" class=\"yoast-seo-meta-tag\" \/>\n<meta property=\"og:locale\" content=\"es_ES\" class=\"yoast-seo-meta-tag\" \/>\n<meta property=\"og:type\" content=\"article\" class=\"yoast-seo-meta-tag\" \/>\n<meta property=\"og:title\" content=\"La Palabra de Jes\u00fas. Sanidad y Vida Eterna\" class=\"yoast-seo-meta-tag\" \/>\n<meta property=\"og:description\" content=\"El hombre que Jes\u00fas hace esta pregunta llevaba 38 a\u00f1os enfermo, imposibilitado para llegar por s\u00ed mismo al agua de sanidad. Este hombre reconoc\u00eda su incapacidad, su estado de soledad e impotencia. Pero Alguien, un desconocido para \u00e9l, le pregunta: \u00bfquieres ser sano? Este paral\u00edtico no pensaba en el deseo de ser sano, sino en &hellip;\" class=\"yoast-seo-meta-tag\" \/>\n<meta property=\"og:url\" content=\"https:\/\/tabernaculoprensadedios.com\/web\/la-palabra-de-jesus-sanidad-y-vida-eterna\/\" class=\"yoast-seo-meta-tag\" \/>\n<meta property=\"og:site_name\" content=\"Tabernaculo Prensa de Dios\" class=\"yoast-seo-meta-tag\" \/>\n<meta property=\"article:published_time\" content=\"2024-03-18T14:37:12+00:00\" class=\"yoast-seo-meta-tag\" \/>\n<meta property=\"og:image\" content=\"https:\/\/tabernaculoprensadedios.com\/web\/wp-content\/uploads\/2024\/03\/tourism-2765094_1280.jpg\" class=\"yoast-seo-meta-tag\" \/>\n\t<meta property=\"og:image:width\" content=\"1280\" class=\"yoast-seo-meta-tag\" \/>\n\t<meta property=\"og:image:height\" content=\"689\" class=\"yoast-seo-meta-tag\" \/>\n\t<meta property=\"og:image:type\" content=\"image\/jpeg\" class=\"yoast-seo-meta-tag\" \/>\n<meta name=\"author\" content=\"tabernaculo\" class=\"yoast-seo-meta-tag\" \/>\n<meta name=\"twitter:card\" content=\"summary_large_image\" class=\"yoast-seo-meta-tag\" \/>\n<meta name=\"twitter:creator\" content=\"@PrensadeDios\" class=\"yoast-seo-meta-tag\" \/>\n<meta name=\"twitter:site\" content=\"@PrensadeDios\" class=\"yoast-seo-meta-tag\" \/>\n<meta name=\"twitter:label1\" content=\"Escrito por\" class=\"yoast-seo-meta-tag\" \/>\n\t<meta name=\"twitter:data1\" content=\"tabernaculo\" class=\"yoast-seo-meta-tag\" \/>\n\t<meta name=\"twitter:label2\" content=\"Tiempo de lectura\" class=\"yoast-seo-meta-tag\" \/>\n\t<meta name=\"twitter:data2\" content=\"10 minutos\" class=\"yoast-seo-meta-tag\" \/>\n<script type=\"application\/ld+json\" class=\"yoast-schema-graph\">{\"@context\":\"https:\/\/schema.org\",\"@graph\":[{\"@type\":\"Article\",\"@id\":\"https:\/\/tabernaculoprensadedios.com\/web\/la-palabra-de-jesus-sanidad-y-vida-eterna\/#article\",\"isPartOf\":{\"@id\":\"https:\/\/tabernaculoprensadedios.com\/web\/la-palabra-de-jesus-sanidad-y-vida-eterna\/\"},\"author\":{\"name\":\"tabernaculo\",\"@id\":\"https:\/\/tabernaculoprensadedios.com\/web\/#\/schema\/person\/bc0e069fef56b38e177db6f098ae0b6e\"},\"headline\":\"La Palabra de Jes\u00fas. Sanidad y Vida Eterna\",\"datePublished\":\"2024-03-18T14:37:12+00:00\",\"mainEntityOfPage\":{\"@id\":\"https:\/\/tabernaculoprensadedios.com\/web\/la-palabra-de-jesus-sanidad-y-vida-eterna\/\"},\"wordCount\":2122,\"commentCount\":0,\"publisher\":{\"@id\":\"https:\/\/tabernaculoprensadedios.com\/web\/#\/schema\/person\/bc0e069fef56b38e177db6f098ae0b6e\"},\"image\":{\"@id\":\"https:\/\/tabernaculoprensadedios.com\/web\/la-palabra-de-jesus-sanidad-y-vida-eterna\/#primaryimage\"},\"thumbnailUrl\":\"https:\/\/tabernaculoprensadedios.com\/web\/wp-content\/uploads\/2024\/03\/tourism-2765094_1280.jpg\",\"articleSection\":[\"Articulos\"],\"inLanguage\":\"es\",\"potentialAction\":[{\"@type\":\"CommentAction\",\"name\":\"Comment\",\"target\":[\"https:\/\/tabernaculoprensadedios.com\/web\/la-palabra-de-jesus-sanidad-y-vida-eterna\/#respond\"]}]},{\"@type\":\"WebPage\",\"@id\":\"https:\/\/tabernaculoprensadedios.com\/web\/la-palabra-de-jesus-sanidad-y-vida-eterna\/\",\"url\":\"https:\/\/tabernaculoprensadedios.com\/web\/la-palabra-de-jesus-sanidad-y-vida-eterna\/\",\"name\":\"La Palabra de Jes\u00fas. Sanidad y Vida Eterna - Tabernaculo Prensa de Dios\",\"isPartOf\":{\"@id\":\"https:\/\/tabernaculoprensadedios.com\/web\/#website\"},\"primaryImageOfPage\":{\"@id\":\"https:\/\/tabernaculoprensadedios.com\/web\/la-palabra-de-jesus-sanidad-y-vida-eterna\/#primaryimage\"},\"image\":{\"@id\":\"https:\/\/tabernaculoprensadedios.com\/web\/la-palabra-de-jesus-sanidad-y-vida-eterna\/#primaryimage\"},\"thumbnailUrl\":\"https:\/\/tabernaculoprensadedios.com\/web\/wp-content\/uploads\/2024\/03\/tourism-2765094_1280.jpg\",\"datePublished\":\"2024-03-18T14:37:12+00:00\",\"breadcrumb\":{\"@id\":\"https:\/\/tabernaculoprensadedios.com\/web\/la-palabra-de-jesus-sanidad-y-vida-eterna\/#breadcrumb\"},\"inLanguage\":\"es\",\"potentialAction\":[{\"@type\":\"ReadAction\",\"target\":[\"https:\/\/tabernaculoprensadedios.com\/web\/la-palabra-de-jesus-sanidad-y-vida-eterna\/\"]}]},{\"@type\":\"ImageObject\",\"inLanguage\":\"es\",\"@id\":\"https:\/\/tabernaculoprensadedios.com\/web\/la-palabra-de-jesus-sanidad-y-vida-eterna\/#primaryimage\",\"url\":\"https:\/\/tabernaculoprensadedios.com\/web\/wp-content\/uploads\/2024\/03\/tourism-2765094_1280.jpg\",\"contentUrl\":\"https:\/\/tabernaculoprensadedios.com\/web\/wp-content\/uploads\/2024\/03\/tourism-2765094_1280.jpg\",\"width\":1280,\"height\":689},{\"@type\":\"BreadcrumbList\",\"@id\":\"https:\/\/tabernaculoprensadedios.com\/web\/la-palabra-de-jesus-sanidad-y-vida-eterna\/#breadcrumb\",\"itemListElement\":[{\"@type\":\"ListItem\",\"position\":1,\"name\":\"Portada\",\"item\":\"https:\/\/tabernaculoprensadedios.com\/web\/\"},{\"@type\":\"ListItem\",\"position\":2,\"name\":\"La Palabra de Jes\u00fas. Sanidad y Vida Eterna\"}]},{\"@type\":\"WebSite\",\"@id\":\"https:\/\/tabernaculoprensadedios.com\/web\/#website\",\"url\":\"https:\/\/tabernaculoprensadedios.com\/web\/\",\"name\":\"Tabernaculo Prensa de Dios\",\"description\":\"Un medio a la manera de Dios\",\"publisher\":{\"@id\":\"https:\/\/tabernaculoprensadedios.com\/web\/#\/schema\/person\/bc0e069fef56b38e177db6f098ae0b6e\"},\"potentialAction\":[{\"@type\":\"SearchAction\",\"target\":{\"@type\":\"EntryPoint\",\"urlTemplate\":\"https:\/\/tabernaculoprensadedios.com\/web\/?s={search_term_string}\"},\"query-input\":{\"@type\":\"PropertyValueSpecification\",\"valueRequired\":true,\"valueName\":\"search_term_string\"}}],\"inLanguage\":\"es\"},{\"@type\":[\"Person\",\"Organization\"],\"@id\":\"https:\/\/tabernaculoprensadedios.com\/web\/#\/schema\/person\/bc0e069fef56b38e177db6f098ae0b6e\",\"name\":\"tabernaculo\",\"image\":{\"@type\":\"ImageObject\",\"inLanguage\":\"es\",\"@id\":\"https:\/\/tabernaculoprensadedios.com\/web\/#\/schema\/person\/image\/\",\"url\":\"https:\/\/tabernaculoprensadedios.com\/web\/wp-content\/uploads\/2015\/06\/login-logo1.png\",\"contentUrl\":\"https:\/\/tabernaculoprensadedios.com\/web\/wp-content\/uploads\/2015\/06\/login-logo1.png\",\"width\":300,\"height\":118,\"caption\":\"tabernaculo\"},\"logo\":{\"@id\":\"https:\/\/tabernaculoprensadedios.com\/web\/#\/schema\/person\/image\/\"},\"url\":\"https:\/\/tabernaculoprensadedios.com\/web\/author\/tabernaculo\/\"}]}<\/script>\n<!-- \/ Yoast SEO Premium plugin. -->","yoast_head_json":{"title":"La Palabra de Jes\u00fas. Sanidad y Vida Eterna - Tabernaculo Prensa de Dios","robots":{"index":"index","follow":"follow","max-snippet":"max-snippet:-1","max-image-preview":"max-image-preview:large","max-video-preview":"max-video-preview:-1"},"canonical":"https:\/\/tabernaculoprensadedios.com\/web\/la-palabra-de-jesus-sanidad-y-vida-eterna\/","og_locale":"es_ES","og_type":"article","og_title":"La Palabra de Jes\u00fas. Sanidad y Vida Eterna","og_description":"El hombre que Jes\u00fas hace esta pregunta llevaba 38 a\u00f1os enfermo, imposibilitado para llegar por s\u00ed mismo al agua de sanidad. Este hombre reconoc\u00eda su incapacidad, su estado de soledad e impotencia. Pero Alguien, un desconocido para \u00e9l, le pregunta: \u00bfquieres ser sano? Este paral\u00edtico no pensaba en el deseo de ser sano, sino en &hellip;","og_url":"https:\/\/tabernaculoprensadedios.com\/web\/la-palabra-de-jesus-sanidad-y-vida-eterna\/","og_site_name":"Tabernaculo Prensa de Dios","article_published_time":"2024-03-18T14:37:12+00:00","og_image":[{"width":1280,"height":689,"url":"https:\/\/tabernaculoprensadedios.com\/web\/wp-content\/uploads\/2024\/03\/tourism-2765094_1280.jpg","type":"image\/jpeg"}],"author":"tabernaculo","twitter_card":"summary_large_image","twitter_creator":"@PrensadeDios","twitter_site":"@PrensadeDios","twitter_misc":{"Escrito por":"tabernaculo","Tiempo de lectura":"10 minutos"},"schema":{"@context":"https:\/\/schema.org","@graph":[{"@type":"Article","@id":"https:\/\/tabernaculoprensadedios.com\/web\/la-palabra-de-jesus-sanidad-y-vida-eterna\/#article","isPartOf":{"@id":"https:\/\/tabernaculoprensadedios.com\/web\/la-palabra-de-jesus-sanidad-y-vida-eterna\/"},"author":{"name":"tabernaculo","@id":"https:\/\/tabernaculoprensadedios.com\/web\/#\/schema\/person\/bc0e069fef56b38e177db6f098ae0b6e"},"headline":"La Palabra de Jes\u00fas. Sanidad y Vida Eterna","datePublished":"2024-03-18T14:37:12+00:00","mainEntityOfPage":{"@id":"https:\/\/tabernaculoprensadedios.com\/web\/la-palabra-de-jesus-sanidad-y-vida-eterna\/"},"wordCount":2122,"commentCount":0,"publisher":{"@id":"https:\/\/tabernaculoprensadedios.com\/web\/#\/schema\/person\/bc0e069fef56b38e177db6f098ae0b6e"},"image":{"@id":"https:\/\/tabernaculoprensadedios.com\/web\/la-palabra-de-jesus-sanidad-y-vida-eterna\/#primaryimage"},"thumbnailUrl":"https:\/\/tabernaculoprensadedios.com\/web\/wp-content\/uploads\/2024\/03\/tourism-2765094_1280.jpg","articleSection":["Articulos"],"inLanguage":"es","potentialAction":[{"@type":"CommentAction","name":"Comment","target":["https:\/\/tabernaculoprensadedios.com\/web\/la-palabra-de-jesus-sanidad-y-vida-eterna\/#respond"]}]},{"@type":"WebPage","@id":"https:\/\/tabernaculoprensadedios.com\/web\/la-palabra-de-jesus-sanidad-y-vida-eterna\/","url":"https:\/\/tabernaculoprensadedios.com\/web\/la-palabra-de-jesus-sanidad-y-vida-eterna\/","name":"La Palabra de Jes\u00fas. Sanidad y Vida Eterna - Tabernaculo Prensa de Dios","isPartOf":{"@id":"https:\/\/tabernaculoprensadedios.com\/web\/#website"},"primaryImageOfPage":{"@id":"https:\/\/tabernaculoprensadedios.com\/web\/la-palabra-de-jesus-sanidad-y-vida-eterna\/#primaryimage"},"image":{"@id":"https:\/\/tabernaculoprensadedios.com\/web\/la-palabra-de-jesus-sanidad-y-vida-eterna\/#primaryimage"},"thumbnailUrl":"https:\/\/tabernaculoprensadedios.com\/web\/wp-content\/uploads\/2024\/03\/tourism-2765094_1280.jpg","datePublished":"2024-03-18T14:37:12+00:00","breadcrumb":{"@id":"https:\/\/tabernaculoprensadedios.com\/web\/la-palabra-de-jesus-sanidad-y-vida-eterna\/#breadcrumb"},"inLanguage":"es","potentialAction":[{"@type":"ReadAction","target":["https:\/\/tabernaculoprensadedios.com\/web\/la-palabra-de-jesus-sanidad-y-vida-eterna\/"]}]},{"@type":"ImageObject","inLanguage":"es","@id":"https:\/\/tabernaculoprensadedios.com\/web\/la-palabra-de-jesus-sanidad-y-vida-eterna\/#primaryimage","url":"https:\/\/tabernaculoprensadedios.com\/web\/wp-content\/uploads\/2024\/03\/tourism-2765094_1280.jpg","contentUrl":"https:\/\/tabernaculoprensadedios.com\/web\/wp-content\/uploads\/2024\/03\/tourism-2765094_1280.jpg","width":1280,"height":689},{"@type":"BreadcrumbList","@id":"https:\/\/tabernaculoprensadedios.com\/web\/la-palabra-de-jesus-sanidad-y-vida-eterna\/#breadcrumb","itemListElement":[{"@type":"ListItem","position":1,"name":"Portada","item":"https:\/\/tabernaculoprensadedios.com\/web\/"},{"@type":"ListItem","position":2,"name":"La Palabra de Jes\u00fas. Sanidad y Vida Eterna"}]},{"@type":"WebSite","@id":"https:\/\/tabernaculoprensadedios.com\/web\/#website","url":"https:\/\/tabernaculoprensadedios.com\/web\/","name":"Tabernaculo Prensa de Dios","description":"Un medio a la manera de Dios","publisher":{"@id":"https:\/\/tabernaculoprensadedios.com\/web\/#\/schema\/person\/bc0e069fef56b38e177db6f098ae0b6e"},"potentialAction":[{"@type":"SearchAction","target":{"@type":"EntryPoint","urlTemplate":"https:\/\/tabernaculoprensadedios.com\/web\/?s={search_term_string}"},"query-input":{"@type":"PropertyValueSpecification","valueRequired":true,"valueName":"search_term_string"}}],"inLanguage":"es"},{"@type":["Person","Organization"],"@id":"https:\/\/tabernaculoprensadedios.com\/web\/#\/schema\/person\/bc0e069fef56b38e177db6f098ae0b6e","name":"tabernaculo","image":{"@type":"ImageObject","inLanguage":"es","@id":"https:\/\/tabernaculoprensadedios.com\/web\/#\/schema\/person\/image\/","url":"https:\/\/tabernaculoprensadedios.com\/web\/wp-content\/uploads\/2015\/06\/login-logo1.png","contentUrl":"https:\/\/tabernaculoprensadedios.com\/web\/wp-content\/uploads\/2015\/06\/login-logo1.png","width":300,"height":118,"caption":"tabernaculo"},"logo":{"@id":"https:\/\/tabernaculoprensadedios.com\/web\/#\/schema\/person\/image\/"},"url":"https:\/\/tabernaculoprensadedios.com\/web\/author\/tabernaculo\/"}]}},"_links":{"self":[{"href":"https:\/\/tabernaculoprensadedios.com\/web\/wp-json\/wp\/v2\/posts\/30478","targetHints":{"allow":["GET"]}}],"collection":[{"href":"https:\/\/tabernaculoprensadedios.com\/web\/wp-json\/wp\/v2\/posts"}],"about":[{"href":"https:\/\/tabernaculoprensadedios.com\/web\/wp-json\/wp\/v2\/types\/post"}],"author":[{"embeddable":true,"href":"https:\/\/tabernaculoprensadedios.com\/web\/wp-json\/wp\/v2\/users\/1"}],"replies":[{"embeddable":true,"href":"https:\/\/tabernaculoprensadedios.com\/web\/wp-json\/wp\/v2\/comments?post=30478"}],"version-history":[{"count":1,"href":"https:\/\/tabernaculoprensadedios.com\/web\/wp-json\/wp\/v2\/posts\/30478\/revisions"}],"predecessor-version":[{"id":30480,"href":"https:\/\/tabernaculoprensadedios.com\/web\/wp-json\/wp\/v2\/posts\/30478\/revisions\/30480"}],"wp:featuredmedia":[{"embeddable":true,"href":"https:\/\/tabernaculoprensadedios.com\/web\/wp-json\/wp\/v2\/media\/30479"}],"wp:attachment":[{"href":"https:\/\/tabernaculoprensadedios.com\/web\/wp-json\/wp\/v2\/media?parent=30478"}],"wp:term":[{"taxonomy":"category","embeddable":true,"href":"https:\/\/tabernaculoprensadedios.com\/web\/wp-json\/wp\/v2\/categories?post=30478"},{"taxonomy":"post_tag","embeddable":true,"href":"https:\/\/tabernaculoprensadedios.com\/web\/wp-json\/wp\/v2\/tags?post=30478"}],"curies":[{"name":"wp","href":"https:\/\/api.w.org\/{rel}","templated":true}]}}