{"id":30475,"date":"2024-03-18T14:33:09","date_gmt":"2024-03-18T14:33:09","guid":{"rendered":"https:\/\/tabernaculoprensadedios.com\/web\/?p=30475"},"modified":"2024-03-18T14:33:09","modified_gmt":"2024-03-18T14:33:09","slug":"el-poder-de-dios-en-la-oracion-de-jabes","status":"publish","type":"post","link":"https:\/\/tabernaculoprensadedios.com\/web\/el-poder-de-dios-en-la-oracion-de-jabes\/","title":{"rendered":"El Poder de Dios en la Oraci\u00f3n de Jabes"},"content":{"rendered":"<p><em>Una vez ha hablado Dios; Dos veces he o\u00eddo esto: Que de Dios es el poder.<\/em><br \/>\n<strong><em>Salmos 62:11<\/em><\/strong><\/p>\n<p><em>Pero recibir\u00e1n poder cuando el Esp\u00edritu Santo venga sobre ustedes; y ser\u00e1n mis testigos en Jerusal\u00e9n, en toda Judea y Samaria, y hasta los confines de la tierra.<\/em><br \/>\n<em><strong>Hechos 1:8<\/strong><\/em><\/p>\n<p>Jabes le pidi\u00f3 al Se\u00f1or que ensanchara su territorio, y esto implicaba pedir bendici\u00f3n y la mano de Dios sobre su vida. La mano de Dios se refiere al poder y la protecci\u00f3n divina en nuestra vida. En la vida cristiana necesitamos cultivar el poder de Dios a trav\u00e9s de la oraci\u00f3n, los dones del Esp\u00edritu Santo, la autoridad y la fe para tener \u00e9xito en la vida. Debemos tener una mentalidad de poder y de intervenciones poderosa963s de Dios en nuestras vidas.<\/p>\n<p>Jabes le pidi\u00f3 al Se\u00f1or que ensanchara su territorio. Dios quiere que ocupamos m\u00e1s espacio, que emprendamos cosas nuevas, que no nos contentemos con una vida mediocre y limitada sino que nos atrevemos a hacer cosas y a sembrar, a invertir y a vivir una vida empresarial porque Dios bendice.<\/p>\n<p>Recuerde lo que le dijo tambi\u00e9n a Josu\u00e9: \u00abMira que te mando que te esfuerces y seas valiente porque Yo estar\u00e9 contigo donde quiera que t\u00fa vayas.\u00bb Ah\u00ed est\u00e1 encerrada tambi\u00e9n esa Palabra de bendici\u00f3n que Jabes le pide al Se\u00f1or \u00bfno? \u00absi me dieras bendici\u00f3n\u00bb y como la bendici\u00f3n de Dios est\u00e1 sobre \u00e9l entonces se puede atrever a ensanchar su territorio, estas dos cosas est\u00e1n unidas como podemos ver.<\/p>\n<p>La tercera cosa que Jabes le pide al Se\u00f1or: \u00abY si Tu mano estuviera conmigo.\u00bb Cuando yo pienso en esa expresi\u00f3n \u00aby si Tu mano estuviera conmigo\u00bb ah\u00ed la palabra clave que viene a mi mente es \u00abmano\u00bb \u00bfno? porque la Mano de Dios se refiere al Poder de Dios sobre su vida, la Mano de Dios se refiere a protecci\u00f3n.<\/p>\n<p>Por ejemplo cuando la Biblia dice que: \u00abDios sac\u00f3 a los israelitas de Egipto con mano fuerte y con brazo extendido.\u00bb La Mano del Se\u00f1or, Su Brazo se refiere a las intervenciones de Poder d Dios que pueden ser intervenciones defensivas para defender a sus escogidos o pueden ser intervenciones activas para derrotar a los enemigos, para abrirles camino, para quitar obst\u00e1culos delante de ellos y para asegurarse de que tengan en su marcha en la vida.<\/p>\n<p>Entonces cuando Jabes le pide al Se\u00f1or: \u00abSi Tu mano estuviera conmigo\u00bb le est\u00e1 pidiendo \u00absi Tu Poder estuviera sobre mi vida, si Tu unci\u00f3n\u00bb, esa unci\u00f3n que se requiere para emprender cosas grandes con el respaldo y la autoridad divinos.<\/p>\n<p>Necesitamos que la autoridad de Dios nos respalda en nuestras empresas y proyectos, que Su Poder y que Su Mano est\u00e9n con nosotros en todo. Por eso el Se\u00f1or Jesucristo le dijo a los disc\u00edpulos antes de ascender al cielo que se quedaran en Jerusal\u00e9n hasta recibir poder de lo alto, porque en la vida cristiana, en la vida de este mundo que vivimos los hijos de Dios necesitamos el Poder de Dios, esa fuerza que caracteriza el Reino de Dios cuando la Palabra que el Reino de Dios se mueve con violencia, se mueve con dinamismo.<\/p>\n<p>Solamente la gente que tiene esa afinidad con el Reino de Dios, gente atrevida, gente diligente, gente din\u00e1mica, emprendedora puede agarrar los atributos del Reino de Dios y beneficiarse de ellos.<\/p>\n<p>Yo creo que todo eso est\u00e1 implicado en la expresi\u00f3n de Jabes \u00absi tu mano estuviera conmigo.\u00bb Est\u00e1 diciendo que la vida cristiana, la vida de los hijos de Dios es una vida de poder, una vida din\u00e1mica, una vida que requiere intervenciones poderosas de Dios. Tenemos que cultivar el poder de Dios por medio de la oraci\u00f3n, tenemos que cultivar los dones del Esp\u00edritu Santo, tenemos que cultivar autoridad y denuedo. La mentalidad de los hijos de Dios debe ser una mentalidad de poder, una mentalidad que sabe que se requieren intervenciones para sacar las cosas adelante y esa orientaci\u00f3n de poder en la vida cristiana, no de simplemente conocimiento o de mera teor\u00eda sino de intervenciones poderosas y de la fe que se necesita, es muy importante para tener \u00e9xito en la vida y yo deseo que todos cultivemos esa mentalidad agresiva, esa mentalidad de poder a la cual nos invita esa expresi\u00f3n de Jabes \u00absi Tu mano estuviera conmigo.\u00bb<\/p>\n<p>Dios te bendiga.<\/p>\n","protected":false},"excerpt":{"rendered":"<p>Una vez ha hablado Dios; Dos veces he o\u00eddo esto: Que de Dios es el poder. Salmos 62:11 Pero recibir\u00e1n poder cuando el Esp\u00edritu Santo venga sobre ustedes; y ser\u00e1n mis testigos en Jerusal\u00e9n, en toda Judea y Samaria, y hasta los confines de la tierra. Hechos 1:8 Jabes le pidi\u00f3 al Se\u00f1or que ensanchara &hellip;<\/p>\n","protected":false},"author":1,"featured_media":30476,"comment_status":"open","ping_status":"open","sticky":false,"template":"","format":"standard","meta":{"footnotes":""},"categories":[34],"tags":[],"class_list":["post-30475","post","type-post","status-publish","format-standard","has-post-thumbnail","hentry","category-articulos"],"yoast_head":"<!-- This site is optimized with the Yoast SEO Premium plugin v24.2 (Yoast SEO v27.1.1) - https:\/\/yoast.com\/product\/yoast-seo-premium-wordpress\/ -->\n<title>El Poder de Dios en la Oraci\u00f3n de Jabes - Tabernaculo Prensa de Dios<\/title>\n<meta name=\"robots\" content=\"index, follow, max-snippet:-1, max-image-preview:large, max-video-preview:-1\" \/>\n<link rel=\"canonical\" href=\"https:\/\/tabernaculoprensadedios.com\/web\/el-poder-de-dios-en-la-oracion-de-jabes\/\" class=\"yoast-seo-meta-tag\" \/>\n<meta property=\"og:locale\" content=\"es_ES\" class=\"yoast-seo-meta-tag\" \/>\n<meta property=\"og:type\" content=\"article\" class=\"yoast-seo-meta-tag\" \/>\n<meta property=\"og:title\" content=\"El Poder de Dios en la Oraci\u00f3n de Jabes\" class=\"yoast-seo-meta-tag\" \/>\n<meta property=\"og:description\" content=\"Una vez ha hablado Dios; Dos veces he o\u00eddo esto: Que de Dios es el poder. Salmos 62:11 Pero recibir\u00e1n poder cuando el Esp\u00edritu Santo venga sobre ustedes; y ser\u00e1n mis testigos en Jerusal\u00e9n, en toda Judea y Samaria, y hasta los confines de la tierra. Hechos 1:8 Jabes le pidi\u00f3 al Se\u00f1or que ensanchara &hellip;\" class=\"yoast-seo-meta-tag\" \/>\n<meta property=\"og:url\" content=\"https:\/\/tabernaculoprensadedios.com\/web\/el-poder-de-dios-en-la-oracion-de-jabes\/\" class=\"yoast-seo-meta-tag\" \/>\n<meta property=\"og:site_name\" content=\"Tabernaculo Prensa de Dios\" class=\"yoast-seo-meta-tag\" \/>\n<meta property=\"article:published_time\" content=\"2024-03-18T14:33:09+00:00\" class=\"yoast-seo-meta-tag\" \/>\n<meta property=\"og:image\" content=\"https:\/\/tabernaculoprensadedios.com\/web\/wp-content\/uploads\/2024\/03\/Oracion-.jpg\" class=\"yoast-seo-meta-tag\" \/>\n\t<meta property=\"og:image:width\" content=\"1280\" class=\"yoast-seo-meta-tag\" \/>\n\t<meta property=\"og:image:height\" content=\"853\" class=\"yoast-seo-meta-tag\" \/>\n\t<meta property=\"og:image:type\" content=\"image\/jpeg\" class=\"yoast-seo-meta-tag\" \/>\n<meta name=\"author\" content=\"tabernaculo\" class=\"yoast-seo-meta-tag\" \/>\n<meta name=\"twitter:card\" content=\"summary_large_image\" class=\"yoast-seo-meta-tag\" \/>\n<meta name=\"twitter:creator\" content=\"@PrensadeDios\" class=\"yoast-seo-meta-tag\" \/>\n<meta name=\"twitter:site\" content=\"@PrensadeDios\" class=\"yoast-seo-meta-tag\" \/>\n<meta name=\"twitter:label1\" content=\"Escrito por\" class=\"yoast-seo-meta-tag\" \/>\n\t<meta name=\"twitter:data1\" content=\"tabernaculo\" class=\"yoast-seo-meta-tag\" \/>\n\t<meta name=\"twitter:label2\" content=\"Tiempo de lectura\" class=\"yoast-seo-meta-tag\" \/>\n\t<meta name=\"twitter:data2\" content=\"4 minutos\" class=\"yoast-seo-meta-tag\" \/>\n<script type=\"application\/ld+json\" class=\"yoast-schema-graph\">{\"@context\":\"https:\/\/schema.org\",\"@graph\":[{\"@type\":\"Article\",\"@id\":\"https:\/\/tabernaculoprensadedios.com\/web\/el-poder-de-dios-en-la-oracion-de-jabes\/#article\",\"isPartOf\":{\"@id\":\"https:\/\/tabernaculoprensadedios.com\/web\/el-poder-de-dios-en-la-oracion-de-jabes\/\"},\"author\":{\"name\":\"tabernaculo\",\"@id\":\"https:\/\/tabernaculoprensadedios.com\/web\/#\/schema\/person\/bc0e069fef56b38e177db6f098ae0b6e\"},\"headline\":\"El Poder de Dios en la Oraci\u00f3n de Jabes\",\"datePublished\":\"2024-03-18T14:33:09+00:00\",\"mainEntityOfPage\":{\"@id\":\"https:\/\/tabernaculoprensadedios.com\/web\/el-poder-de-dios-en-la-oracion-de-jabes\/\"},\"wordCount\":773,\"commentCount\":0,\"publisher\":{\"@id\":\"https:\/\/tabernaculoprensadedios.com\/web\/#\/schema\/person\/bc0e069fef56b38e177db6f098ae0b6e\"},\"image\":{\"@id\":\"https:\/\/tabernaculoprensadedios.com\/web\/el-poder-de-dios-en-la-oracion-de-jabes\/#primaryimage\"},\"thumbnailUrl\":\"https:\/\/tabernaculoprensadedios.com\/web\/wp-content\/uploads\/2024\/03\/Oracion-.jpg\",\"articleSection\":[\"Articulos\"],\"inLanguage\":\"es\",\"potentialAction\":[{\"@type\":\"CommentAction\",\"name\":\"Comment\",\"target\":[\"https:\/\/tabernaculoprensadedios.com\/web\/el-poder-de-dios-en-la-oracion-de-jabes\/#respond\"]}]},{\"@type\":\"WebPage\",\"@id\":\"https:\/\/tabernaculoprensadedios.com\/web\/el-poder-de-dios-en-la-oracion-de-jabes\/\",\"url\":\"https:\/\/tabernaculoprensadedios.com\/web\/el-poder-de-dios-en-la-oracion-de-jabes\/\",\"name\":\"El Poder de Dios en la Oraci\u00f3n de Jabes - Tabernaculo Prensa de Dios\",\"isPartOf\":{\"@id\":\"https:\/\/tabernaculoprensadedios.com\/web\/#website\"},\"primaryImageOfPage\":{\"@id\":\"https:\/\/tabernaculoprensadedios.com\/web\/el-poder-de-dios-en-la-oracion-de-jabes\/#primaryimage\"},\"image\":{\"@id\":\"https:\/\/tabernaculoprensadedios.com\/web\/el-poder-de-dios-en-la-oracion-de-jabes\/#primaryimage\"},\"thumbnailUrl\":\"https:\/\/tabernaculoprensadedios.com\/web\/wp-content\/uploads\/2024\/03\/Oracion-.jpg\",\"datePublished\":\"2024-03-18T14:33:09+00:00\",\"breadcrumb\":{\"@id\":\"https:\/\/tabernaculoprensadedios.com\/web\/el-poder-de-dios-en-la-oracion-de-jabes\/#breadcrumb\"},\"inLanguage\":\"es\",\"potentialAction\":[{\"@type\":\"ReadAction\",\"target\":[\"https:\/\/tabernaculoprensadedios.com\/web\/el-poder-de-dios-en-la-oracion-de-jabes\/\"]}]},{\"@type\":\"ImageObject\",\"inLanguage\":\"es\",\"@id\":\"https:\/\/tabernaculoprensadedios.com\/web\/el-poder-de-dios-en-la-oracion-de-jabes\/#primaryimage\",\"url\":\"https:\/\/tabernaculoprensadedios.com\/web\/wp-content\/uploads\/2024\/03\/Oracion-.jpg\",\"contentUrl\":\"https:\/\/tabernaculoprensadedios.com\/web\/wp-content\/uploads\/2024\/03\/Oracion-.jpg\",\"width\":1280,\"height\":853},{\"@type\":\"BreadcrumbList\",\"@id\":\"https:\/\/tabernaculoprensadedios.com\/web\/el-poder-de-dios-en-la-oracion-de-jabes\/#breadcrumb\",\"itemListElement\":[{\"@type\":\"ListItem\",\"position\":1,\"name\":\"Portada\",\"item\":\"https:\/\/tabernaculoprensadedios.com\/web\/\"},{\"@type\":\"ListItem\",\"position\":2,\"name\":\"El Poder de Dios en la Oraci\u00f3n de Jabes\"}]},{\"@type\":\"WebSite\",\"@id\":\"https:\/\/tabernaculoprensadedios.com\/web\/#website\",\"url\":\"https:\/\/tabernaculoprensadedios.com\/web\/\",\"name\":\"Tabernaculo Prensa de Dios\",\"description\":\"Un medio a la manera de Dios\",\"publisher\":{\"@id\":\"https:\/\/tabernaculoprensadedios.com\/web\/#\/schema\/person\/bc0e069fef56b38e177db6f098ae0b6e\"},\"potentialAction\":[{\"@type\":\"SearchAction\",\"target\":{\"@type\":\"EntryPoint\",\"urlTemplate\":\"https:\/\/tabernaculoprensadedios.com\/web\/?s={search_term_string}\"},\"query-input\":{\"@type\":\"PropertyValueSpecification\",\"valueRequired\":true,\"valueName\":\"search_term_string\"}}],\"inLanguage\":\"es\"},{\"@type\":[\"Person\",\"Organization\"],\"@id\":\"https:\/\/tabernaculoprensadedios.com\/web\/#\/schema\/person\/bc0e069fef56b38e177db6f098ae0b6e\",\"name\":\"tabernaculo\",\"image\":{\"@type\":\"ImageObject\",\"inLanguage\":\"es\",\"@id\":\"https:\/\/tabernaculoprensadedios.com\/web\/#\/schema\/person\/image\/\",\"url\":\"https:\/\/tabernaculoprensadedios.com\/web\/wp-content\/uploads\/2015\/06\/login-logo1.png\",\"contentUrl\":\"https:\/\/tabernaculoprensadedios.com\/web\/wp-content\/uploads\/2015\/06\/login-logo1.png\",\"width\":300,\"height\":118,\"caption\":\"tabernaculo\"},\"logo\":{\"@id\":\"https:\/\/tabernaculoprensadedios.com\/web\/#\/schema\/person\/image\/\"},\"url\":\"https:\/\/tabernaculoprensadedios.com\/web\/author\/tabernaculo\/\"}]}<\/script>\n<!-- \/ Yoast SEO Premium plugin. -->","yoast_head_json":{"title":"El Poder de Dios en la Oraci\u00f3n de Jabes - Tabernaculo Prensa de Dios","robots":{"index":"index","follow":"follow","max-snippet":"max-snippet:-1","max-image-preview":"max-image-preview:large","max-video-preview":"max-video-preview:-1"},"canonical":"https:\/\/tabernaculoprensadedios.com\/web\/el-poder-de-dios-en-la-oracion-de-jabes\/","og_locale":"es_ES","og_type":"article","og_title":"El Poder de Dios en la Oraci\u00f3n de Jabes","og_description":"Una vez ha hablado Dios; Dos veces he o\u00eddo esto: Que de Dios es el poder. Salmos 62:11 Pero recibir\u00e1n poder cuando el Esp\u00edritu Santo venga sobre ustedes; y ser\u00e1n mis testigos en Jerusal\u00e9n, en toda Judea y Samaria, y hasta los confines de la tierra. Hechos 1:8 Jabes le pidi\u00f3 al Se\u00f1or que ensanchara &hellip;","og_url":"https:\/\/tabernaculoprensadedios.com\/web\/el-poder-de-dios-en-la-oracion-de-jabes\/","og_site_name":"Tabernaculo Prensa de Dios","article_published_time":"2024-03-18T14:33:09+00:00","og_image":[{"width":1280,"height":853,"url":"https:\/\/tabernaculoprensadedios.com\/web\/wp-content\/uploads\/2024\/03\/Oracion-.jpg","type":"image\/jpeg"}],"author":"tabernaculo","twitter_card":"summary_large_image","twitter_creator":"@PrensadeDios","twitter_site":"@PrensadeDios","twitter_misc":{"Escrito por":"tabernaculo","Tiempo de lectura":"4 minutos"},"schema":{"@context":"https:\/\/schema.org","@graph":[{"@type":"Article","@id":"https:\/\/tabernaculoprensadedios.com\/web\/el-poder-de-dios-en-la-oracion-de-jabes\/#article","isPartOf":{"@id":"https:\/\/tabernaculoprensadedios.com\/web\/el-poder-de-dios-en-la-oracion-de-jabes\/"},"author":{"name":"tabernaculo","@id":"https:\/\/tabernaculoprensadedios.com\/web\/#\/schema\/person\/bc0e069fef56b38e177db6f098ae0b6e"},"headline":"El Poder de Dios en la Oraci\u00f3n de Jabes","datePublished":"2024-03-18T14:33:09+00:00","mainEntityOfPage":{"@id":"https:\/\/tabernaculoprensadedios.com\/web\/el-poder-de-dios-en-la-oracion-de-jabes\/"},"wordCount":773,"commentCount":0,"publisher":{"@id":"https:\/\/tabernaculoprensadedios.com\/web\/#\/schema\/person\/bc0e069fef56b38e177db6f098ae0b6e"},"image":{"@id":"https:\/\/tabernaculoprensadedios.com\/web\/el-poder-de-dios-en-la-oracion-de-jabes\/#primaryimage"},"thumbnailUrl":"https:\/\/tabernaculoprensadedios.com\/web\/wp-content\/uploads\/2024\/03\/Oracion-.jpg","articleSection":["Articulos"],"inLanguage":"es","potentialAction":[{"@type":"CommentAction","name":"Comment","target":["https:\/\/tabernaculoprensadedios.com\/web\/el-poder-de-dios-en-la-oracion-de-jabes\/#respond"]}]},{"@type":"WebPage","@id":"https:\/\/tabernaculoprensadedios.com\/web\/el-poder-de-dios-en-la-oracion-de-jabes\/","url":"https:\/\/tabernaculoprensadedios.com\/web\/el-poder-de-dios-en-la-oracion-de-jabes\/","name":"El Poder de Dios en la Oraci\u00f3n de Jabes - Tabernaculo Prensa de Dios","isPartOf":{"@id":"https:\/\/tabernaculoprensadedios.com\/web\/#website"},"primaryImageOfPage":{"@id":"https:\/\/tabernaculoprensadedios.com\/web\/el-poder-de-dios-en-la-oracion-de-jabes\/#primaryimage"},"image":{"@id":"https:\/\/tabernaculoprensadedios.com\/web\/el-poder-de-dios-en-la-oracion-de-jabes\/#primaryimage"},"thumbnailUrl":"https:\/\/tabernaculoprensadedios.com\/web\/wp-content\/uploads\/2024\/03\/Oracion-.jpg","datePublished":"2024-03-18T14:33:09+00:00","breadcrumb":{"@id":"https:\/\/tabernaculoprensadedios.com\/web\/el-poder-de-dios-en-la-oracion-de-jabes\/#breadcrumb"},"inLanguage":"es","potentialAction":[{"@type":"ReadAction","target":["https:\/\/tabernaculoprensadedios.com\/web\/el-poder-de-dios-en-la-oracion-de-jabes\/"]}]},{"@type":"ImageObject","inLanguage":"es","@id":"https:\/\/tabernaculoprensadedios.com\/web\/el-poder-de-dios-en-la-oracion-de-jabes\/#primaryimage","url":"https:\/\/tabernaculoprensadedios.com\/web\/wp-content\/uploads\/2024\/03\/Oracion-.jpg","contentUrl":"https:\/\/tabernaculoprensadedios.com\/web\/wp-content\/uploads\/2024\/03\/Oracion-.jpg","width":1280,"height":853},{"@type":"BreadcrumbList","@id":"https:\/\/tabernaculoprensadedios.com\/web\/el-poder-de-dios-en-la-oracion-de-jabes\/#breadcrumb","itemListElement":[{"@type":"ListItem","position":1,"name":"Portada","item":"https:\/\/tabernaculoprensadedios.com\/web\/"},{"@type":"ListItem","position":2,"name":"El Poder de Dios en la Oraci\u00f3n de Jabes"}]},{"@type":"WebSite","@id":"https:\/\/tabernaculoprensadedios.com\/web\/#website","url":"https:\/\/tabernaculoprensadedios.com\/web\/","name":"Tabernaculo Prensa de Dios","description":"Un medio a la manera de Dios","publisher":{"@id":"https:\/\/tabernaculoprensadedios.com\/web\/#\/schema\/person\/bc0e069fef56b38e177db6f098ae0b6e"},"potentialAction":[{"@type":"SearchAction","target":{"@type":"EntryPoint","urlTemplate":"https:\/\/tabernaculoprensadedios.com\/web\/?s={search_term_string}"},"query-input":{"@type":"PropertyValueSpecification","valueRequired":true,"valueName":"search_term_string"}}],"inLanguage":"es"},{"@type":["Person","Organization"],"@id":"https:\/\/tabernaculoprensadedios.com\/web\/#\/schema\/person\/bc0e069fef56b38e177db6f098ae0b6e","name":"tabernaculo","image":{"@type":"ImageObject","inLanguage":"es","@id":"https:\/\/tabernaculoprensadedios.com\/web\/#\/schema\/person\/image\/","url":"https:\/\/tabernaculoprensadedios.com\/web\/wp-content\/uploads\/2015\/06\/login-logo1.png","contentUrl":"https:\/\/tabernaculoprensadedios.com\/web\/wp-content\/uploads\/2015\/06\/login-logo1.png","width":300,"height":118,"caption":"tabernaculo"},"logo":{"@id":"https:\/\/tabernaculoprensadedios.com\/web\/#\/schema\/person\/image\/"},"url":"https:\/\/tabernaculoprensadedios.com\/web\/author\/tabernaculo\/"}]}},"_links":{"self":[{"href":"https:\/\/tabernaculoprensadedios.com\/web\/wp-json\/wp\/v2\/posts\/30475","targetHints":{"allow":["GET"]}}],"collection":[{"href":"https:\/\/tabernaculoprensadedios.com\/web\/wp-json\/wp\/v2\/posts"}],"about":[{"href":"https:\/\/tabernaculoprensadedios.com\/web\/wp-json\/wp\/v2\/types\/post"}],"author":[{"embeddable":true,"href":"https:\/\/tabernaculoprensadedios.com\/web\/wp-json\/wp\/v2\/users\/1"}],"replies":[{"embeddable":true,"href":"https:\/\/tabernaculoprensadedios.com\/web\/wp-json\/wp\/v2\/comments?post=30475"}],"version-history":[{"count":1,"href":"https:\/\/tabernaculoprensadedios.com\/web\/wp-json\/wp\/v2\/posts\/30475\/revisions"}],"predecessor-version":[{"id":30477,"href":"https:\/\/tabernaculoprensadedios.com\/web\/wp-json\/wp\/v2\/posts\/30475\/revisions\/30477"}],"wp:featuredmedia":[{"embeddable":true,"href":"https:\/\/tabernaculoprensadedios.com\/web\/wp-json\/wp\/v2\/media\/30476"}],"wp:attachment":[{"href":"https:\/\/tabernaculoprensadedios.com\/web\/wp-json\/wp\/v2\/media?parent=30475"}],"wp:term":[{"taxonomy":"category","embeddable":true,"href":"https:\/\/tabernaculoprensadedios.com\/web\/wp-json\/wp\/v2\/categories?post=30475"},{"taxonomy":"post_tag","embeddable":true,"href":"https:\/\/tabernaculoprensadedios.com\/web\/wp-json\/wp\/v2\/tags?post=30475"}],"curies":[{"name":"wp","href":"https:\/\/api.w.org\/{rel}","templated":true}]}}